{"id":6416,"date":"2014-04-03T22:28:58","date_gmt":"2014-04-04T01:28:58","guid":{"rendered":"http:\/\/www.isletasnoticias.com.ar\/?p=6416"},"modified":"2014-04-03T22:44:48","modified_gmt":"2014-04-04T01:44:48","slug":"tribunal-de-cuentas-la-designacion-del-presidente-sin-previo-concurso-viola-la-constitucion","status":"publish","type":"post","link":"https:\/\/informelitoral.com.ar\/tribunal-de-cuentas-la-designacion-del-presidente-sin-previo-concurso-viola-la-constitucion\/","title":{"rendered":"Sobre el Tribunal de Cuentas: \u201cla designaci\u00f3n del presidente sin previo concurso viola la Constituci\u00f3n\u00bb"},"content":{"rendered":"<p style=\"text-align: left;\"><b>As\u00ed lo manifest\u00f3 el diputado provincial <em>Jorge Monge<\/em> en relaci\u00f3n al anuncio del gobernador <em>Sergio Urribarri<\/em> \u00a0respecto de que el ministro de Trabajo,<em> Guillermo Smaldone<\/em>, es su candidato para presidente del Tribunal de Cuentas. Advirti\u00f3 que esa decisi\u00f3n, sin previo concurso, es claramente inconstitucional.<a href=\"http:\/\/www.isletasnoticias.com.ar\/%77%70%2d%63%6f%6e%74%65%6e%74\/uploads\/2013\/07\/monje.jpg\"><img loading=\"lazy\" decoding=\"async\" class=\"aligncenter  wp-image-2359\" alt=\"monje\" src=\"http:\/\/www.isletasnoticias.com.ar\/%77%70%2d%63%6f%6e%74%65%6e%74\/uploads\/2013\/07\/monje-300x262.jpg\" width=\"500\" height=\"300\" \/><\/a> <\/b><\/p>\n<p>\u201cAnte la vacancia en la presidencia del Tribunal de Cuentas, el gobernador debe abstenerse de enviar el pliego para la designaci\u00f3n de un reemplazante, dado que los miembros permanentes de este organismo de control deben ser designados previo concurso como claramente lo estable el art\u00edculo 217 de la Constituci\u00f3n provincial\u201d sostuvo el diputado provincial y ex convencional constituyente <strong>Jorge Monge.\u00a0\u00a0\u00a0<\/strong><\/p>\n<p>Si bien el pliego a\u00fan no ingres\u00f3 formalmente al Senado, se confirm\u00f3 que el Ministerio de Gobierno ya trabaja en la elaboraci\u00f3n de ese documento. Smaldone fue propuesto por Urribarri tras la\u00a0 jubilaci\u00f3n del presidente de ese organismo de control, Hugo Molina.<\/p>\n<p>La mec\u00e1nica para la designaci\u00f3n del presidente del Tribunal como el alcance de este \u00f3rgano est\u00e1 claramente definido en la Constituci\u00f3n reformada en 2008 en la que los organismos de control tienen\u00a0 un cap\u00edtulo espec\u00edfico.<\/p>\n<p>\u00abEl nombramiento sin concurso p\u00fablico constituye una evidente y flagrante violaci\u00f3n a la Constituci\u00f3n, dado que los constituyentes\u00a0 &#8211; de todos los sectores \u2013\u00a0 decidieron dar las mayores garant\u00edas de autonom\u00eda e independencia al Tribunal de Cuentas, atento a que es el\u00a0 organismo que tiene a su cargo el control del manejo de todas las cuentas provinciales, municipales y comunales y la vigilancia sobre el gasto p\u00fablico en Entre R\u00edos, y en esa inteligencia \u2013 continu\u00f3 Monge \u2013 en la Convenci\u00f3n Constituyente todos los bloques que la integraron y todos los proyectos de texto sobre el Tribunal de Cuentas,\u00a0 de los muchos que se presentaron sobre este organismo, previeron que\u00a0 la designaci\u00f3n\u00a0 de sus miembros permanentes estuviera alejada de la influencia del poder pol\u00edtico, a fin de evitar que los controlados condicionen o influyan sobre los controlantes.\u00a0 En ning\u00fan caso el texto magno entrerriano prev\u00e9 que este cargo \u2013 pr\u00e1cticamente vitalicio \u2013 sea nombrado por la sola voluntad discrecional del Poder Ejecutivo\u00bb, record\u00f3 el legislador, acotando finalmente que \u00abla demora en la cobertura de la vacante no provocar\u00e1 ning\u00fan inconveniente atento a la propia ley contempla la subrogancia o reemplazo en la presidencia del Tribunal de Cuentas\u00bb, puntualiz\u00f3 Monge.<\/p>\n","protected":false},"excerpt":{"rendered":"<p>As&iacute; lo manifest&oacute; el diputado provincial Jorge Monge en relaci&oacute;n al anuncio del gobernador Sergio Urribarri &nbsp;respecto de que el ministro de Trabajo, Guillermo Smaldone, es su candidato para presidente del Tribunal de Cuentas. Advirti&oacute; que esa decisi&oacute;n, sin previo concurso, es claramente inconstitucional. &ldquo;Ante la vacancia en la presidencia del Tribunal de Cuentas, el [&hellip;]<\/p>\n","protected":false},"author":2,"featured_media":0,"comment_status":"open","ping_status":"open","sticky":false,"template":"","format":"standard","meta":{"fifu_image_url":"","fifu_image_alt":"","footnotes":""},"categories":[16],"tags":[],"class_list":{"0":"post-6416","1":"post","2":"type-post","3":"status-publish","4":"format-standard","6":"category-politi"},"yoast_head":"<title>Sobre el Tribunal de Cuentas: \u201cla designaci\u00f3n del presidente sin previo concurso viola la Constituci\u00f3n&quot; - Informe Litoral<\/title>\n<meta name=\"robots\" content=\"index, follow, max-snippet:-1, max-image-preview:large, max-video-preview:-1\" \/>\n<link rel=\"canonical\" href=\"https:\/\/informelitoral.com.ar\/tribunal-de-cuentas-la-designacion-del-presidente-sin-previo-concurso-viola-la-constitucion\/\" \/>\n<meta property=\"og:locale\" content=\"es_ES\" \/>\n<meta property=\"og:type\" content=\"article\" \/>\n<meta property=\"og:title\" content=\"Sobre el Tribunal de Cuentas: \u201cla designaci\u00f3n del presidente sin previo concurso viola la Constituci\u00f3n&quot; - Informe Litoral\" \/>\n<meta property=\"og:description\" content=\"As&iacute; lo manifest&oacute; el diputado provincial Jorge Monge en relaci&oacute;n al anuncio del gobernador Sergio Urribarri &nbsp;respecto de que el ministro de Trabajo, Guillermo Smaldone, es su candidato para presidente del Tribunal de Cuentas. Advirti&oacute; que esa decisi&oacute;n, sin previo concurso, es claramente inconstitucional. &ldquo;Ante la vacancia en la presidencia del Tribunal de Cuentas, el [&hellip;]\" \/>\n<meta property=\"og:url\" content=\"https:\/\/informelitoral.com.ar\/tribunal-de-cuentas-la-designacion-del-presidente-sin-previo-concurso-viola-la-constitucion\/\" \/>\n<meta property=\"og:site_name\" content=\"Informe Litoral\" \/>\n<meta property=\"article:publisher\" content=\"https:\/\/www.facebook.com\/informelitoral\/\" \/>\n<meta property=\"article:published_time\" content=\"2014-04-04T01:28:58+00:00\" \/>\n<meta property=\"article:modified_time\" content=\"2014-04-04T01:44:48+00:00\" \/>\n<meta property=\"og:image\" content=\"https:\/\/informelitoral.com.ar\/%77%70%2d%63%6f%6e%74%65%6e%74\/uploads\/2013\/07\/monje.jpg\" \/>\n\t<meta property=\"og:image:width\" content=\"549\" \/>\n\t<meta property=\"og:image:height\" content=\"480\" \/>\n\t<meta property=\"og:image:type\" content=\"image\/jpeg\" \/>\n<meta name=\"author\" content=\"Gonzalo Schmidt\" \/>\n<meta name=\"twitter:card\" content=\"summary_large_image\" \/>\n<meta name=\"twitter:creator\" content=\"@InformeLitoral\" \/>\n<meta name=\"twitter:site\" content=\"@InformeLitoral\" \/>\n<meta name=\"twitter:label1\" content=\"Escrito por\" \/>\n\t<meta name=\"twitter:data1\" content=\"Gonzalo Schmidt\" \/>\n\t<meta name=\"twitter:label2\" content=\"Tiempo de lectura\" \/>\n\t<meta name=\"twitter:data2\" content=\"2 minutos\" \/>\n<script type=\"application\/ld+json\" class=\"yoast-schema-graph\">{\"@context\":\"https:\\\/\\\/schema.org\",\"@graph\":[{\"@type\":\"Article\",\"@id\":\"https:\\\/\\\/informelitoral.com.ar\\\/tribunal-de-cuentas-la-designacion-del-presidente-sin-previo-concurso-viola-la-constitucion\\\/#article\",\"isPartOf\":{\"@id\":\"https:\\\/\\\/informelitoral.com.ar\\\/tribunal-de-cuentas-la-designacion-del-presidente-sin-previo-concurso-viola-la-constitucion\\\/\"},\"author\":{\"name\":\"Gonzalo Schmidt\",\"@id\":\"https:\\\/\\\/informelitoral.com.ar\\\/#\\\/schema\\\/person\\\/b9d00407c836482871ef1d57bf8e3180\"},\"headline\":\"Sobre el Tribunal de Cuentas: \u201cla designaci\u00f3n del presidente sin previo concurso viola la Constituci\u00f3n\u00bb\",\"datePublished\":\"2014-04-04T01:28:58+00:00\",\"dateModified\":\"2014-04-04T01:44:48+00:00\",\"mainEntityOfPage\":{\"@id\":\"https:\\\/\\\/informelitoral.com.ar\\\/tribunal-de-cuentas-la-designacion-del-presidente-sin-previo-concurso-viola-la-constitucion\\\/\"},\"wordCount\":416,\"commentCount\":0,\"publisher\":{\"@id\":\"https:\\\/\\\/informelitoral.com.ar\\\/#organization\"},\"image\":{\"@id\":\"https:\\\/\\\/informelitoral.com.ar\\\/tribunal-de-cuentas-la-designacion-del-presidente-sin-previo-concurso-viola-la-constitucion\\\/#primaryimage\"},\"thumbnailUrl\":\"http:\\\/\\\/www.isletasnoticias.com.ar\\\/%77%70%2d%63%6f%6e%74%65%6e%74\\\/uploads\\\/2013\\\/07\\\/monje-300x262.jpg\",\"articleSection\":[\"Politica\"],\"inLanguage\":\"es\",\"potentialAction\":[{\"@type\":\"CommentAction\",\"name\":\"Comment\",\"target\":[\"https:\\\/\\\/informelitoral.com.ar\\\/tribunal-de-cuentas-la-designacion-del-presidente-sin-previo-concurso-viola-la-constitucion\\\/#respond\"]}]},{\"@type\":\"WebPage\",\"@id\":\"https:\\\/\\\/informelitoral.com.ar\\\/tribunal-de-cuentas-la-designacion-del-presidente-sin-previo-concurso-viola-la-constitucion\\\/\",\"url\":\"https:\\\/\\\/informelitoral.com.ar\\\/tribunal-de-cuentas-la-designacion-del-presidente-sin-previo-concurso-viola-la-constitucion\\\/\",\"name\":\"Sobre el Tribunal de Cuentas: \u201cla designaci\u00f3n del presidente sin previo concurso viola la Constituci\u00f3n\\\" - Informe Litoral\",\"isPartOf\":{\"@id\":\"https:\\\/\\\/informelitoral.com.ar\\\/#website\"},\"primaryImageOfPage\":{\"@id\":\"https:\\\/\\\/informelitoral.com.ar\\\/tribunal-de-cuentas-la-designacion-del-presidente-sin-previo-concurso-viola-la-constitucion\\\/#primaryimage\"},\"image\":{\"@id\":\"https:\\\/\\\/informelitoral.com.ar\\\/tribunal-de-cuentas-la-designacion-del-presidente-sin-previo-concurso-viola-la-constitucion\\\/#primaryimage\"},\"thumbnailUrl\":\"http:\\\/\\\/www.isletasnoticias.com.ar\\\/%77%70%2d%63%6f%6e%74%65%6e%74\\\/uploads\\\/2013\\\/07\\\/monje-300x262.jpg\",\"datePublished\":\"2014-04-04T01:28:58+00:00\",\"dateModified\":\"2014-04-04T01:44:48+00:00\",\"breadcrumb\":{\"@id\":\"https:\\\/\\\/informelitoral.com.ar\\\/tribunal-de-cuentas-la-designacion-del-presidente-sin-previo-concurso-viola-la-constitucion\\\/#breadcrumb\"},\"inLanguage\":\"es\",\"potentialAction\":[{\"@type\":\"ReadAction\",\"target\":[\"https:\\\/\\\/informelitoral.com.ar\\\/tribunal-de-cuentas-la-designacion-del-presidente-sin-previo-concurso-viola-la-constitucion\\\/\"]}]},{\"@type\":\"ImageObject\",\"inLanguage\":\"es\",\"@id\":\"https:\\\/\\\/informelitoral.com.ar\\\/tribunal-de-cuentas-la-designacion-del-presidente-sin-previo-concurso-viola-la-constitucion\\\/#primaryimage\",\"url\":\"http:\\\/\\\/www.isletasnoticias.com.ar\\\/%77%70%2d%63%6f%6e%74%65%6e%74\\\/uploads\\\/2013\\\/07\\\/monje-300x262.jpg\",\"contentUrl\":\"http:\\\/\\\/www.isletasnoticias.com.ar\\\/%77%70%2d%63%6f%6e%74%65%6e%74\\\/uploads\\\/2013\\\/07\\\/monje-300x262.jpg\"},{\"@type\":\"BreadcrumbList\",\"@id\":\"https:\\\/\\\/informelitoral.com.ar\\\/tribunal-de-cuentas-la-designacion-del-presidente-sin-previo-concurso-viola-la-constitucion\\\/#breadcrumb\",\"itemListElement\":[{\"@type\":\"ListItem\",\"position\":1,\"name\":\"Portada\",\"item\":\"https:\\\/\\\/informelitoral.com.ar\\\/\"},{\"@type\":\"ListItem\",\"position\":2,\"name\":\"Sobre el Tribunal de Cuentas: \u201cla designaci\u00f3n del presidente sin previo concurso viola la Constituci\u00f3n\u00bb\"}]},{\"@type\":\"WebSite\",\"@id\":\"https:\\\/\\\/informelitoral.com.ar\\\/#website\",\"url\":\"https:\\\/\\\/informelitoral.com.ar\\\/\",\"name\":\"Informe Litoral\",\"description\":\"&quot;Nos informamos&quot; \",\"publisher\":{\"@id\":\"https:\\\/\\\/informelitoral.com.ar\\\/#organization\"},\"potentialAction\":[{\"@type\":\"SearchAction\",\"target\":{\"@type\":\"EntryPoint\",\"urlTemplate\":\"https:\\\/\\\/informelitoral.com.ar\\\/?s={search_term_string}\"},\"query-input\":{\"@type\":\"PropertyValueSpecification\",\"valueRequired\":true,\"valueName\":\"search_term_string\"}}],\"inLanguage\":\"es\"},{\"@type\":\"Organization\",\"@id\":\"https:\\\/\\\/informelitoral.com.ar\\\/#organization\",\"name\":\"Informe Litoral\",\"url\":\"https:\\\/\\\/informelitoral.com.ar\\\/\",\"logo\":{\"@type\":\"ImageObject\",\"inLanguage\":\"es\",\"@id\":\"https:\\\/\\\/informelitoral.com.ar\\\/#\\\/schema\\\/logo\\\/image\\\/\",\"url\":\"https:\\\/\\\/informelitoral.com.ar\\\/%77%70%2d%63%6f%6e%74%65%6e%74\\\/uploads\\\/2021\\\/01\\\/circulo.png\",\"contentUrl\":\"https:\\\/\\\/informelitoral.com.ar\\\/%77%70%2d%63%6f%6e%74%65%6e%74\\\/uploads\\\/2021\\\/01\\\/circulo.png\",\"width\":723,\"height\":731,\"caption\":\"Informe Litoral\"},\"image\":{\"@id\":\"https:\\\/\\\/informelitoral.com.ar\\\/#\\\/schema\\\/logo\\\/image\\\/\"},\"sameAs\":[\"https:\\\/\\\/www.facebook.com\\\/informelitoral\\\/\",\"https:\\\/\\\/x.com\\\/InformeLitoral\",\"https:\\\/\\\/www.instagram.com\\\/informelitoral\\\/\",\"https:\\\/\\\/www.youtube.com\\\/channel\\\/UCua4Qvz8Icb6MYqhoq9xLXw\"]},{\"@type\":\"Person\",\"@id\":\"https:\\\/\\\/informelitoral.com.ar\\\/#\\\/schema\\\/person\\\/b9d00407c836482871ef1d57bf8e3180\",\"name\":\"Gonzalo Schmidt\",\"image\":{\"@type\":\"ImageObject\",\"inLanguage\":\"es\",\"@id\":\"https:\\\/\\\/secure.gravatar.com\\\/avatar\\\/31a1a7b66ff2de83bd0e9fd79d026630d2d99e55e8bfe501287647b4fd9743de?s=96&d=mm&r=g\",\"url\":\"https:\\\/\\\/secure.gravatar.com\\\/avatar\\\/31a1a7b66ff2de83bd0e9fd79d026630d2d99e55e8bfe501287647b4fd9743de?s=96&d=mm&r=g\",\"contentUrl\":\"https:\\\/\\\/secure.gravatar.com\\\/avatar\\\/31a1a7b66ff2de83bd0e9fd79d026630d2d99e55e8bfe501287647b4fd9743de?s=96&d=mm&r=g\",\"caption\":\"Gonzalo Schmidt\"},\"description\":\"Sitio web de noticias de la provincia de Entre R\u00edos, Argentina. Informaci\u00f3n y entretenimiento. Informe Litoral, nos informamos.\",\"sameAs\":[\"http:\\\/\\\/www.isletasnoticias.com.ar\"],\"url\":\"https:\\\/\\\/informelitoral.com.ar\\\/author\\\/gonzalo\\\/\"}]}<\/script>","yoast_head_json":{"title":"Sobre el Tribunal de Cuentas: \u201cla designaci\u00f3n del presidente sin previo concurso viola la Constituci\u00f3n\" - Informe Litoral","robots":{"index":"index","follow":"follow","max-snippet":"max-snippet:-1","max-image-preview":"max-image-preview:large","max-video-preview":"max-video-preview:-1"},"canonical":"https:\/\/informelitoral.com.ar\/tribunal-de-cuentas-la-designacion-del-presidente-sin-previo-concurso-viola-la-constitucion\/","og_locale":"es_ES","og_type":"article","og_title":"Sobre el Tribunal de Cuentas: \u201cla designaci\u00f3n del presidente sin previo concurso viola la Constituci\u00f3n\" - Informe Litoral","og_description":"As&iacute; lo manifest&oacute; el diputado provincial Jorge Monge en relaci&oacute;n al anuncio del gobernador Sergio Urribarri &nbsp;respecto de que el ministro de Trabajo, Guillermo Smaldone, es su candidato para presidente del Tribunal de Cuentas. Advirti&oacute; que esa decisi&oacute;n, sin previo concurso, es claramente inconstitucional. &ldquo;Ante la vacancia en la presidencia del Tribunal de Cuentas, el [&hellip;]","og_url":"https:\/\/informelitoral.com.ar\/tribunal-de-cuentas-la-designacion-del-presidente-sin-previo-concurso-viola-la-constitucion\/","og_site_name":"Informe Litoral","article_publisher":"https:\/\/www.facebook.com\/informelitoral\/","article_published_time":"2014-04-04T01:28:58+00:00","article_modified_time":"2014-04-04T01:44:48+00:00","og_image":[{"width":549,"height":480,"url":"https:\/\/informelitoral.com.ar\/%77%70%2d%63%6f%6e%74%65%6e%74\/uploads\/2013\/07\/monje.jpg","type":"image\/jpeg"}],"author":"Gonzalo Schmidt","twitter_card":"summary_large_image","twitter_creator":"@InformeLitoral","twitter_site":"@InformeLitoral","twitter_misc":{"Escrito por":"Gonzalo Schmidt","Tiempo de lectura":"2 minutos"},"schema":{"@context":"https:\/\/schema.org","@graph":[{"@type":"Article","@id":"https:\/\/informelitoral.com.ar\/tribunal-de-cuentas-la-designacion-del-presidente-sin-previo-concurso-viola-la-constitucion\/#article","isPartOf":{"@id":"https:\/\/informelitoral.com.ar\/tribunal-de-cuentas-la-designacion-del-presidente-sin-previo-concurso-viola-la-constitucion\/"},"author":{"name":"Gonzalo Schmidt","@id":"https:\/\/informelitoral.com.ar\/#\/schema\/person\/b9d00407c836482871ef1d57bf8e3180"},"headline":"Sobre el Tribunal de Cuentas: \u201cla designaci\u00f3n del presidente sin previo concurso viola la Constituci\u00f3n\u00bb","datePublished":"2014-04-04T01:28:58+00:00","dateModified":"2014-04-04T01:44:48+00:00","mainEntityOfPage":{"@id":"https:\/\/informelitoral.com.ar\/tribunal-de-cuentas-la-designacion-del-presidente-sin-previo-concurso-viola-la-constitucion\/"},"wordCount":416,"commentCount":0,"publisher":{"@id":"https:\/\/informelitoral.com.ar\/#organization"},"image":{"@id":"https:\/\/informelitoral.com.ar\/tribunal-de-cuentas-la-designacion-del-presidente-sin-previo-concurso-viola-la-constitucion\/#primaryimage"},"thumbnailUrl":"http:\/\/www.isletasnoticias.com.ar\/%77%70%2d%63%6f%6e%74%65%6e%74\/uploads\/2013\/07\/monje-300x262.jpg","articleSection":["Politica"],"inLanguage":"es","potentialAction":[{"@type":"CommentAction","name":"Comment","target":["https:\/\/informelitoral.com.ar\/tribunal-de-cuentas-la-designacion-del-presidente-sin-previo-concurso-viola-la-constitucion\/#respond"]}]},{"@type":"WebPage","@id":"https:\/\/informelitoral.com.ar\/tribunal-de-cuentas-la-designacion-del-presidente-sin-previo-concurso-viola-la-constitucion\/","url":"https:\/\/informelitoral.com.ar\/tribunal-de-cuentas-la-designacion-del-presidente-sin-previo-concurso-viola-la-constitucion\/","name":"Sobre el Tribunal de Cuentas: \u201cla designaci\u00f3n del presidente sin previo concurso viola la Constituci\u00f3n\" - Informe Litoral","isPartOf":{"@id":"https:\/\/informelitoral.com.ar\/#website"},"primaryImageOfPage":{"@id":"https:\/\/informelitoral.com.ar\/tribunal-de-cuentas-la-designacion-del-presidente-sin-previo-concurso-viola-la-constitucion\/#primaryimage"},"image":{"@id":"https:\/\/informelitoral.com.ar\/tribunal-de-cuentas-la-designacion-del-presidente-sin-previo-concurso-viola-la-constitucion\/#primaryimage"},"thumbnailUrl":"http:\/\/www.isletasnoticias.com.ar\/%77%70%2d%63%6f%6e%74%65%6e%74\/uploads\/2013\/07\/monje-300x262.jpg","datePublished":"2014-04-04T01:28:58+00:00","dateModified":"2014-04-04T01:44:48+00:00","breadcrumb":{"@id":"https:\/\/informelitoral.com.ar\/tribunal-de-cuentas-la-designacion-del-presidente-sin-previo-concurso-viola-la-constitucion\/#breadcrumb"},"inLanguage":"es","potentialAction":[{"@type":"ReadAction","target":["https:\/\/informelitoral.com.ar\/tribunal-de-cuentas-la-designacion-del-presidente-sin-previo-concurso-viola-la-constitucion\/"]}]},{"@type":"ImageObject","inLanguage":"es","@id":"https:\/\/informelitoral.com.ar\/tribunal-de-cuentas-la-designacion-del-presidente-sin-previo-concurso-viola-la-constitucion\/#primaryimage","url":"http:\/\/www.isletasnoticias.com.ar\/%77%70%2d%63%6f%6e%74%65%6e%74\/uploads\/2013\/07\/monje-300x262.jpg","contentUrl":"http:\/\/www.isletasnoticias.com.ar\/%77%70%2d%63%6f%6e%74%65%6e%74\/uploads\/2013\/07\/monje-300x262.jpg"},{"@type":"BreadcrumbList","@id":"https:\/\/informelitoral.com.ar\/tribunal-de-cuentas-la-designacion-del-presidente-sin-previo-concurso-viola-la-constitucion\/#breadcrumb","itemListElement":[{"@type":"ListItem","position":1,"name":"Portada","item":"https:\/\/informelitoral.com.ar\/"},{"@type":"ListItem","position":2,"name":"Sobre el Tribunal de Cuentas: \u201cla designaci\u00f3n del presidente sin previo concurso viola la Constituci\u00f3n\u00bb"}]},{"@type":"WebSite","@id":"https:\/\/informelitoral.com.ar\/#website","url":"https:\/\/informelitoral.com.ar\/","name":"Informe Litoral","description":"&quot;Nos informamos&quot; ","publisher":{"@id":"https:\/\/informelitoral.com.ar\/#organization"},"potentialAction":[{"@type":"SearchAction","target":{"@type":"EntryPoint","urlTemplate":"https:\/\/informelitoral.com.ar\/?s={search_term_string}"},"query-input":{"@type":"PropertyValueSpecification","valueRequired":true,"valueName":"search_term_string"}}],"inLanguage":"es"},{"@type":"Organization","@id":"https:\/\/informelitoral.com.ar\/#organization","name":"Informe Litoral","url":"https:\/\/informelitoral.com.ar\/","logo":{"@type":"ImageObject","inLanguage":"es","@id":"https:\/\/informelitoral.com.ar\/#\/schema\/logo\/image\/","url":"https:\/\/informelitoral.com.ar\/%77%70%2d%63%6f%6e%74%65%6e%74\/uploads\/2021\/01\/circulo.png","contentUrl":"https:\/\/informelitoral.com.ar\/%77%70%2d%63%6f%6e%74%65%6e%74\/uploads\/2021\/01\/circulo.png","width":723,"height":731,"caption":"Informe Litoral"},"image":{"@id":"https:\/\/informelitoral.com.ar\/#\/schema\/logo\/image\/"},"sameAs":["https:\/\/www.facebook.com\/informelitoral\/","https:\/\/x.com\/InformeLitoral","https:\/\/www.instagram.com\/informelitoral\/","https:\/\/www.youtube.com\/channel\/UCua4Qvz8Icb6MYqhoq9xLXw"]},{"@type":"Person","@id":"https:\/\/informelitoral.com.ar\/#\/schema\/person\/b9d00407c836482871ef1d57bf8e3180","name":"Gonzalo Schmidt","image":{"@type":"ImageObject","inLanguage":"es","@id":"https:\/\/secure.gravatar.com\/avatar\/31a1a7b66ff2de83bd0e9fd79d026630d2d99e55e8bfe501287647b4fd9743de?s=96&d=mm&r=g","url":"https:\/\/secure.gravatar.com\/avatar\/31a1a7b66ff2de83bd0e9fd79d026630d2d99e55e8bfe501287647b4fd9743de?s=96&d=mm&r=g","contentUrl":"https:\/\/secure.gravatar.com\/avatar\/31a1a7b66ff2de83bd0e9fd79d026630d2d99e55e8bfe501287647b4fd9743de?s=96&d=mm&r=g","caption":"Gonzalo Schmidt"},"description":"Sitio web de noticias de la provincia de Entre R\u00edos, Argentina. Informaci\u00f3n y entretenimiento. Informe Litoral, nos informamos.","sameAs":["http:\/\/www.isletasnoticias.com.ar"],"url":"https:\/\/informelitoral.com.ar\/author\/gonzalo\/"}]}},"_links":{"self":[{"href":"https:\/\/informelitoral.com.ar\/%77%70%2d%6a%73%6f%6e\/wp\/v2\/posts\/6416","targetHints":{"allow":["GET"]}}],"collection":[{"href":"https:\/\/informelitoral.com.ar\/%77%70%2d%6a%73%6f%6e\/wp\/v2\/posts"}],"about":[{"href":"https:\/\/informelitoral.com.ar\/%77%70%2d%6a%73%6f%6e\/wp\/v2\/types\/post"}],"author":[{"embeddable":true,"href":"https:\/\/informelitoral.com.ar\/%77%70%2d%6a%73%6f%6e\/wp\/v2\/users\/2"}],"replies":[{"embeddable":true,"href":"https:\/\/informelitoral.com.ar\/%77%70%2d%6a%73%6f%6e\/wp\/v2\/comments?post=6416"}],"version-history":[{"count":0,"href":"https:\/\/informelitoral.com.ar\/%77%70%2d%6a%73%6f%6e\/wp\/v2\/posts\/6416\/revisions"}],"wp:attachment":[{"href":"https:\/\/informelitoral.com.ar\/%77%70%2d%6a%73%6f%6e\/wp\/v2\/media?parent=6416"}],"wp:term":[{"taxonomy":"category","embeddable":true,"href":"https:\/\/informelitoral.com.ar\/%77%70%2d%6a%73%6f%6e\/wp\/v2\/categories?post=6416"},{"taxonomy":"post_tag","embeddable":true,"href":"https:\/\/informelitoral.com.ar\/%77%70%2d%6a%73%6f%6e\/wp\/v2\/tags?post=6416"}],"curies":[{"name":"wp","href":"https:\/\/api.w.org\/{rel}","templated":true}]}}