{"id":63786,"date":"2021-08-17T15:32:04","date_gmt":"2021-08-17T18:32:04","guid":{"rendered":"https:\/\/www.informelitoral.com.ar\/?p=63786"},"modified":"2021-08-17T15:32:04","modified_gmt":"2021-08-17T18:32:04","slug":"jovenes-de-parana-campana-se-sumaron-para-apoyar-a-entre-rios-cambia","status":"publish","type":"post","link":"https:\/\/informelitoral.com.ar\/jovenes-de-parana-campana-se-sumaron-para-apoyar-a-entre-rios-cambia\/","title":{"rendered":"J\u00f3venes de Paran\u00e1 Campa\u00f1a se sumaron para apoyar a Entre R\u00edos Cambia"},"content":{"rendered":"<p>El viernes 16 de agosto en Tabossi se realiz\u00f3 un encuentro de j\u00f3venes de todo Paran\u00e1 Campa\u00f1a, representantes de la Juventud Radical y de Juntos por el Cambio, con presencia de m\u00e1s de 80 referentes de las diferentes localidades del Departamento.<\/p>\n<p>Se sumaron a la propuesta los intendentes de Crespo, <strong>Dar\u00edo Schneider<\/strong>; Hernandarias, <strong>Carlos Lencina<\/strong>; Mar\u00eda Grande, <strong>H\u00e9ctor Solari<\/strong>; Hasenkamp, <strong>Hern\u00e1n Kisser<\/strong>; y Viale, <strong>Carlos Weiss<\/strong> y otros funcionarios de las diversas municipalidades, comunas y juntas de gobierno.<\/p>\n<p>Dentro de las actividades y propuestas, de cara a las elecciones PASO que se vienen para el 12 de septiembre, se entregaron las boletas a las diversas localidades para empezar a repartirlas en cada lugar, desarrollando una actividad de militancia y acordando estrategias para la participaci\u00f3n de la juventud en los diferentes espacios. Todos los presentes brindaron su apoyo a la lista de Entre R\u00edos Cambia, que encabeza el intendente Chajar\u00ed, Pedro Galimberti.<\/p>\n<p>El candidato a diputado nacional e intendente de Crespo, <strong>Dar\u00edo Schneider,<\/strong> manifest\u00f3 que \u201cLa energ\u00eda de los j\u00f3venes nos motiva m\u00e1s que nunca en este camino para cambiar a esta Entre R\u00edos, buscando un presente y un futuro mejor, para nosotros pero tambi\u00e9n para ellos, que son los que merecen una provincia con m\u00e1s oportunidades y menos estancamiento. Buscamos una Entre R\u00edos con chances concretas para producir y trabajar y por eso incansablemente seguiremos este camino, del que estamos seguros, porque nos fortalecemos a cada paso, sumando voluntades en todo el territorio provincial\u201d, indic\u00f3.<\/p>\n","protected":false},"excerpt":{"rendered":"<p>En Tabossi m\u00e1s de 80 representantes de las diferentes localidades acompa\u00f1aron una jornada de militancia y desarrollo de estrategias de participaci\u00f3n juvenil de cara a las elecciones PASO del 12 de septiembre.<\/p>\n","protected":false},"author":2,"featured_media":63787,"comment_status":"open","ping_status":"open","sticky":false,"template":"","format":"standard","meta":{"fifu_image_url":"","fifu_image_alt":"","footnotes":""},"categories":[16],"tags":[1521,2254,287,2313],"class_list":{"0":"post-63786","1":"post","2":"type-post","3":"status-publish","4":"format-standard","5":"has-post-thumbnail","7":"category-politi","8":"tag-dario-schneider","9":"tag-elecciones-2021","10":"tag-legislativas","11":"tag-pedro-galimberti"},"yoast_head":"<title>J\u00f3venes de Paran\u00e1 Campa\u00f1a se sumaron para apoyar a Entre R\u00edos Cambia - Informe Litoral<\/title>\n<meta name=\"robots\" content=\"index, follow, max-snippet:-1, max-image-preview:large, max-video-preview:-1\" \/>\n<link rel=\"canonical\" href=\"https:\/\/informelitoral.com.ar\/jovenes-de-parana-campana-se-sumaron-para-apoyar-a-entre-rios-cambia\/\" \/>\n<meta property=\"og:locale\" content=\"es_ES\" \/>\n<meta property=\"og:type\" content=\"article\" \/>\n<meta property=\"og:title\" content=\"J\u00f3venes de Paran\u00e1 Campa\u00f1a se sumaron para apoyar a Entre R\u00edos Cambia - Informe Litoral\" \/>\n<meta property=\"og:description\" content=\"En Tabossi m\u00e1s de 80 representantes de las diferentes localidades acompa\u00f1aron una jornada de militancia y desarrollo de estrategias de participaci\u00f3n juvenil de cara a las elecciones PASO del 12 de septiembre.\" \/>\n<meta property=\"og:url\" content=\"https:\/\/informelitoral.com.ar\/jovenes-de-parana-campana-se-sumaron-para-apoyar-a-entre-rios-cambia\/\" \/>\n<meta property=\"og:site_name\" content=\"Informe Litoral\" \/>\n<meta property=\"article:publisher\" content=\"https:\/\/www.facebook.com\/informelitoral\/\" \/>\n<meta property=\"article:published_time\" content=\"2021-08-17T18:32:04+00:00\" \/>\n<meta property=\"og:image\" content=\"https:\/\/informelitoral.com.ar\/%77%70%2d%63%6f%6e%74%65%6e%74\/uploads\/2021\/08\/TABOSSI-Militancia.jpg\" \/>\n\t<meta property=\"og:image:width\" content=\"1080\" \/>\n\t<meta property=\"og:image:height\" content=\"540\" \/>\n\t<meta property=\"og:image:type\" content=\"image\/jpeg\" \/>\n<meta name=\"author\" content=\"Gonzalo Schmidt\" \/>\n<meta name=\"twitter:card\" content=\"summary_large_image\" \/>\n<meta name=\"twitter:creator\" content=\"@InformeLitoral\" \/>\n<meta name=\"twitter:site\" content=\"@InformeLitoral\" \/>\n<meta name=\"twitter:label1\" content=\"Escrito por\" \/>\n\t<meta name=\"twitter:data1\" content=\"Gonzalo Schmidt\" \/>\n\t<meta name=\"twitter:label2\" content=\"Tiempo de lectura\" \/>\n\t<meta name=\"twitter:data2\" content=\"1 minuto\" \/>\n<script type=\"application\/ld+json\" class=\"yoast-schema-graph\">{\"@context\":\"https:\\\/\\\/schema.org\",\"@graph\":[{\"@type\":\"Article\",\"@id\":\"https:\\\/\\\/informelitoral.com.ar\\\/jovenes-de-parana-campana-se-sumaron-para-apoyar-a-entre-rios-cambia\\\/#article\",\"isPartOf\":{\"@id\":\"https:\\\/\\\/informelitoral.com.ar\\\/jovenes-de-parana-campana-se-sumaron-para-apoyar-a-entre-rios-cambia\\\/\"},\"author\":{\"name\":\"Gonzalo Schmidt\",\"@id\":\"https:\\\/\\\/informelitoral.com.ar\\\/#\\\/schema\\\/person\\\/b9d00407c836482871ef1d57bf8e3180\"},\"headline\":\"J\u00f3venes de Paran\u00e1 Campa\u00f1a se sumaron para apoyar a Entre R\u00edos Cambia\",\"datePublished\":\"2021-08-17T18:32:04+00:00\",\"mainEntityOfPage\":{\"@id\":\"https:\\\/\\\/informelitoral.com.ar\\\/jovenes-de-parana-campana-se-sumaron-para-apoyar-a-entre-rios-cambia\\\/\"},\"wordCount\":274,\"commentCount\":0,\"publisher\":{\"@id\":\"https:\\\/\\\/informelitoral.com.ar\\\/#organization\"},\"image\":{\"@id\":\"https:\\\/\\\/informelitoral.com.ar\\\/jovenes-de-parana-campana-se-sumaron-para-apoyar-a-entre-rios-cambia\\\/#primaryimage\"},\"thumbnailUrl\":\"https:\\\/\\\/informelitoral.com.ar\\\/%77%70%2d%63%6f%6e%74%65%6e%74\\\/uploads\\\/2021\\\/08\\\/TABOSSI-Militancia.jpg\",\"keywords\":[\"Dar\u00edo Schneider\",\"Elecciones 2021\",\"Legislativas\",\"Pedro Galimberti\"],\"articleSection\":[\"Politica\"],\"inLanguage\":\"es\",\"potentialAction\":[{\"@type\":\"CommentAction\",\"name\":\"Comment\",\"target\":[\"https:\\\/\\\/informelitoral.com.ar\\\/jovenes-de-parana-campana-se-sumaron-para-apoyar-a-entre-rios-cambia\\\/#respond\"]}]},{\"@type\":\"WebPage\",\"@id\":\"https:\\\/\\\/informelitoral.com.ar\\\/jovenes-de-parana-campana-se-sumaron-para-apoyar-a-entre-rios-cambia\\\/\",\"url\":\"https:\\\/\\\/informelitoral.com.ar\\\/jovenes-de-parana-campana-se-sumaron-para-apoyar-a-entre-rios-cambia\\\/\",\"name\":\"J\u00f3venes de Paran\u00e1 Campa\u00f1a se sumaron para apoyar a Entre R\u00edos Cambia - Informe Litoral\",\"isPartOf\":{\"@id\":\"https:\\\/\\\/informelitoral.com.ar\\\/#website\"},\"primaryImageOfPage\":{\"@id\":\"https:\\\/\\\/informelitoral.com.ar\\\/jovenes-de-parana-campana-se-sumaron-para-apoyar-a-entre-rios-cambia\\\/#primaryimage\"},\"image\":{\"@id\":\"https:\\\/\\\/informelitoral.com.ar\\\/jovenes-de-parana-campana-se-sumaron-para-apoyar-a-entre-rios-cambia\\\/#primaryimage\"},\"thumbnailUrl\":\"https:\\\/\\\/informelitoral.com.ar\\\/%77%70%2d%63%6f%6e%74%65%6e%74\\\/uploads\\\/2021\\\/08\\\/TABOSSI-Militancia.jpg\",\"datePublished\":\"2021-08-17T18:32:04+00:00\",\"breadcrumb\":{\"@id\":\"https:\\\/\\\/informelitoral.com.ar\\\/jovenes-de-parana-campana-se-sumaron-para-apoyar-a-entre-rios-cambia\\\/#breadcrumb\"},\"inLanguage\":\"es\",\"potentialAction\":[{\"@type\":\"ReadAction\",\"target\":[\"https:\\\/\\\/informelitoral.com.ar\\\/jovenes-de-parana-campana-se-sumaron-para-apoyar-a-entre-rios-cambia\\\/\"]}]},{\"@type\":\"ImageObject\",\"inLanguage\":\"es\",\"@id\":\"https:\\\/\\\/informelitoral.com.ar\\\/jovenes-de-parana-campana-se-sumaron-para-apoyar-a-entre-rios-cambia\\\/#primaryimage\",\"url\":\"https:\\\/\\\/informelitoral.com.ar\\\/%77%70%2d%63%6f%6e%74%65%6e%74\\\/uploads\\\/2021\\\/08\\\/TABOSSI-Militancia.jpg\",\"contentUrl\":\"https:\\\/\\\/informelitoral.com.ar\\\/%77%70%2d%63%6f%6e%74%65%6e%74\\\/uploads\\\/2021\\\/08\\\/TABOSSI-Militancia.jpg\",\"width\":1080,\"height\":540},{\"@type\":\"BreadcrumbList\",\"@id\":\"https:\\\/\\\/informelitoral.com.ar\\\/jovenes-de-parana-campana-se-sumaron-para-apoyar-a-entre-rios-cambia\\\/#breadcrumb\",\"itemListElement\":[{\"@type\":\"ListItem\",\"position\":1,\"name\":\"Portada\",\"item\":\"https:\\\/\\\/informelitoral.com.ar\\\/\"},{\"@type\":\"ListItem\",\"position\":2,\"name\":\"J\u00f3venes de Paran\u00e1 Campa\u00f1a se sumaron para apoyar a Entre R\u00edos Cambia\"}]},{\"@type\":\"WebSite\",\"@id\":\"https:\\\/\\\/informelitoral.com.ar\\\/#website\",\"url\":\"https:\\\/\\\/informelitoral.com.ar\\\/\",\"name\":\"Informe Litoral\",\"description\":\"&quot;Nos informamos&quot; \",\"publisher\":{\"@id\":\"https:\\\/\\\/informelitoral.com.ar\\\/#organization\"},\"potentialAction\":[{\"@type\":\"SearchAction\",\"target\":{\"@type\":\"EntryPoint\",\"urlTemplate\":\"https:\\\/\\\/informelitoral.com.ar\\\/?s={search_term_string}\"},\"query-input\":{\"@type\":\"PropertyValueSpecification\",\"valueRequired\":true,\"valueName\":\"search_term_string\"}}],\"inLanguage\":\"es\"},{\"@type\":\"Organization\",\"@id\":\"https:\\\/\\\/informelitoral.com.ar\\\/#organization\",\"name\":\"Informe Litoral\",\"url\":\"https:\\\/\\\/informelitoral.com.ar\\\/\",\"logo\":{\"@type\":\"ImageObject\",\"inLanguage\":\"es\",\"@id\":\"https:\\\/\\\/informelitoral.com.ar\\\/#\\\/schema\\\/logo\\\/image\\\/\",\"url\":\"https:\\\/\\\/informelitoral.com.ar\\\/%77%70%2d%63%6f%6e%74%65%6e%74\\\/uploads\\\/2021\\\/01\\\/circulo.png\",\"contentUrl\":\"https:\\\/\\\/informelitoral.com.ar\\\/%77%70%2d%63%6f%6e%74%65%6e%74\\\/uploads\\\/2021\\\/01\\\/circulo.png\",\"width\":723,\"height\":731,\"caption\":\"Informe Litoral\"},\"image\":{\"@id\":\"https:\\\/\\\/informelitoral.com.ar\\\/#\\\/schema\\\/logo\\\/image\\\/\"},\"sameAs\":[\"https:\\\/\\\/www.facebook.com\\\/informelitoral\\\/\",\"https:\\\/\\\/x.com\\\/InformeLitoral\",\"https:\\\/\\\/www.instagram.com\\\/informelitoral\\\/\",\"https:\\\/\\\/www.youtube.com\\\/channel\\\/UCua4Qvz8Icb6MYqhoq9xLXw\"]},{\"@type\":\"Person\",\"@id\":\"https:\\\/\\\/informelitoral.com.ar\\\/#\\\/schema\\\/person\\\/b9d00407c836482871ef1d57bf8e3180\",\"name\":\"Gonzalo Schmidt\",\"image\":{\"@type\":\"ImageObject\",\"inLanguage\":\"es\",\"@id\":\"https:\\\/\\\/secure.gravatar.com\\\/avatar\\\/31a1a7b66ff2de83bd0e9fd79d026630d2d99e55e8bfe501287647b4fd9743de?s=96&d=mm&r=g\",\"url\":\"https:\\\/\\\/secure.gravatar.com\\\/avatar\\\/31a1a7b66ff2de83bd0e9fd79d026630d2d99e55e8bfe501287647b4fd9743de?s=96&d=mm&r=g\",\"contentUrl\":\"https:\\\/\\\/secure.gravatar.com\\\/avatar\\\/31a1a7b66ff2de83bd0e9fd79d026630d2d99e55e8bfe501287647b4fd9743de?s=96&d=mm&r=g\",\"caption\":\"Gonzalo Schmidt\"},\"description\":\"Sitio web de noticias de la provincia de Entre R\u00edos, Argentina. Informaci\u00f3n y entretenimiento. Informe Litoral, nos informamos.\",\"sameAs\":[\"http:\\\/\\\/www.isletasnoticias.com.ar\"],\"url\":\"https:\\\/\\\/informelitoral.com.ar\\\/author\\\/gonzalo\\\/\"}]}<\/script>","yoast_head_json":{"title":"J\u00f3venes de Paran\u00e1 Campa\u00f1a se sumaron para apoyar a Entre R\u00edos Cambia - Informe Litoral","robots":{"index":"index","follow":"follow","max-snippet":"max-snippet:-1","max-image-preview":"max-image-preview:large","max-video-preview":"max-video-preview:-1"},"canonical":"https:\/\/informelitoral.com.ar\/jovenes-de-parana-campana-se-sumaron-para-apoyar-a-entre-rios-cambia\/","og_locale":"es_ES","og_type":"article","og_title":"J\u00f3venes de Paran\u00e1 Campa\u00f1a se sumaron para apoyar a Entre R\u00edos Cambia - Informe Litoral","og_description":"En Tabossi m\u00e1s de 80 representantes de las diferentes localidades acompa\u00f1aron una jornada de militancia y desarrollo de estrategias de participaci\u00f3n juvenil de cara a las elecciones PASO del 12 de septiembre.","og_url":"https:\/\/informelitoral.com.ar\/jovenes-de-parana-campana-se-sumaron-para-apoyar-a-entre-rios-cambia\/","og_site_name":"Informe Litoral","article_publisher":"https:\/\/www.facebook.com\/informelitoral\/","article_published_time":"2021-08-17T18:32:04+00:00","og_image":[{"width":1080,"height":540,"url":"https:\/\/informelitoral.com.ar\/%77%70%2d%63%6f%6e%74%65%6e%74\/uploads\/2021\/08\/TABOSSI-Militancia.jpg","type":"image\/jpeg"}],"author":"Gonzalo Schmidt","twitter_card":"summary_large_image","twitter_creator":"@InformeLitoral","twitter_site":"@InformeLitoral","twitter_misc":{"Escrito por":"Gonzalo Schmidt","Tiempo de lectura":"1 minuto"},"schema":{"@context":"https:\/\/schema.org","@graph":[{"@type":"Article","@id":"https:\/\/informelitoral.com.ar\/jovenes-de-parana-campana-se-sumaron-para-apoyar-a-entre-rios-cambia\/#article","isPartOf":{"@id":"https:\/\/informelitoral.com.ar\/jovenes-de-parana-campana-se-sumaron-para-apoyar-a-entre-rios-cambia\/"},"author":{"name":"Gonzalo Schmidt","@id":"https:\/\/informelitoral.com.ar\/#\/schema\/person\/b9d00407c836482871ef1d57bf8e3180"},"headline":"J\u00f3venes de Paran\u00e1 Campa\u00f1a se sumaron para apoyar a Entre R\u00edos Cambia","datePublished":"2021-08-17T18:32:04+00:00","mainEntityOfPage":{"@id":"https:\/\/informelitoral.com.ar\/jovenes-de-parana-campana-se-sumaron-para-apoyar-a-entre-rios-cambia\/"},"wordCount":274,"commentCount":0,"publisher":{"@id":"https:\/\/informelitoral.com.ar\/#organization"},"image":{"@id":"https:\/\/informelitoral.com.ar\/jovenes-de-parana-campana-se-sumaron-para-apoyar-a-entre-rios-cambia\/#primaryimage"},"thumbnailUrl":"https:\/\/informelitoral.com.ar\/%77%70%2d%63%6f%6e%74%65%6e%74\/uploads\/2021\/08\/TABOSSI-Militancia.jpg","keywords":["Dar\u00edo Schneider","Elecciones 2021","Legislativas","Pedro Galimberti"],"articleSection":["Politica"],"inLanguage":"es","potentialAction":[{"@type":"CommentAction","name":"Comment","target":["https:\/\/informelitoral.com.ar\/jovenes-de-parana-campana-se-sumaron-para-apoyar-a-entre-rios-cambia\/#respond"]}]},{"@type":"WebPage","@id":"https:\/\/informelitoral.com.ar\/jovenes-de-parana-campana-se-sumaron-para-apoyar-a-entre-rios-cambia\/","url":"https:\/\/informelitoral.com.ar\/jovenes-de-parana-campana-se-sumaron-para-apoyar-a-entre-rios-cambia\/","name":"J\u00f3venes de Paran\u00e1 Campa\u00f1a se sumaron para apoyar a Entre R\u00edos Cambia - Informe Litoral","isPartOf":{"@id":"https:\/\/informelitoral.com.ar\/#website"},"primaryImageOfPage":{"@id":"https:\/\/informelitoral.com.ar\/jovenes-de-parana-campana-se-sumaron-para-apoyar-a-entre-rios-cambia\/#primaryimage"},"image":{"@id":"https:\/\/informelitoral.com.ar\/jovenes-de-parana-campana-se-sumaron-para-apoyar-a-entre-rios-cambia\/#primaryimage"},"thumbnailUrl":"https:\/\/informelitoral.com.ar\/%77%70%2d%63%6f%6e%74%65%6e%74\/uploads\/2021\/08\/TABOSSI-Militancia.jpg","datePublished":"2021-08-17T18:32:04+00:00","breadcrumb":{"@id":"https:\/\/informelitoral.com.ar\/jovenes-de-parana-campana-se-sumaron-para-apoyar-a-entre-rios-cambia\/#breadcrumb"},"inLanguage":"es","potentialAction":[{"@type":"ReadAction","target":["https:\/\/informelitoral.com.ar\/jovenes-de-parana-campana-se-sumaron-para-apoyar-a-entre-rios-cambia\/"]}]},{"@type":"ImageObject","inLanguage":"es","@id":"https:\/\/informelitoral.com.ar\/jovenes-de-parana-campana-se-sumaron-para-apoyar-a-entre-rios-cambia\/#primaryimage","url":"https:\/\/informelitoral.com.ar\/%77%70%2d%63%6f%6e%74%65%6e%74\/uploads\/2021\/08\/TABOSSI-Militancia.jpg","contentUrl":"https:\/\/informelitoral.com.ar\/%77%70%2d%63%6f%6e%74%65%6e%74\/uploads\/2021\/08\/TABOSSI-Militancia.jpg","width":1080,"height":540},{"@type":"BreadcrumbList","@id":"https:\/\/informelitoral.com.ar\/jovenes-de-parana-campana-se-sumaron-para-apoyar-a-entre-rios-cambia\/#breadcrumb","itemListElement":[{"@type":"ListItem","position":1,"name":"Portada","item":"https:\/\/informelitoral.com.ar\/"},{"@type":"ListItem","position":2,"name":"J\u00f3venes de Paran\u00e1 Campa\u00f1a se sumaron para apoyar a Entre R\u00edos Cambia"}]},{"@type":"WebSite","@id":"https:\/\/informelitoral.com.ar\/#website","url":"https:\/\/informelitoral.com.ar\/","name":"Informe Litoral","description":"&quot;Nos informamos&quot; ","publisher":{"@id":"https:\/\/informelitoral.com.ar\/#organization"},"potentialAction":[{"@type":"SearchAction","target":{"@type":"EntryPoint","urlTemplate":"https:\/\/informelitoral.com.ar\/?s={search_term_string}"},"query-input":{"@type":"PropertyValueSpecification","valueRequired":true,"valueName":"search_term_string"}}],"inLanguage":"es"},{"@type":"Organization","@id":"https:\/\/informelitoral.com.ar\/#organization","name":"Informe Litoral","url":"https:\/\/informelitoral.com.ar\/","logo":{"@type":"ImageObject","inLanguage":"es","@id":"https:\/\/informelitoral.com.ar\/#\/schema\/logo\/image\/","url":"https:\/\/informelitoral.com.ar\/%77%70%2d%63%6f%6e%74%65%6e%74\/uploads\/2021\/01\/circulo.png","contentUrl":"https:\/\/informelitoral.com.ar\/%77%70%2d%63%6f%6e%74%65%6e%74\/uploads\/2021\/01\/circulo.png","width":723,"height":731,"caption":"Informe Litoral"},"image":{"@id":"https:\/\/informelitoral.com.ar\/#\/schema\/logo\/image\/"},"sameAs":["https:\/\/www.facebook.com\/informelitoral\/","https:\/\/x.com\/InformeLitoral","https:\/\/www.instagram.com\/informelitoral\/","https:\/\/www.youtube.com\/channel\/UCua4Qvz8Icb6MYqhoq9xLXw"]},{"@type":"Person","@id":"https:\/\/informelitoral.com.ar\/#\/schema\/person\/b9d00407c836482871ef1d57bf8e3180","name":"Gonzalo Schmidt","image":{"@type":"ImageObject","inLanguage":"es","@id":"https:\/\/secure.gravatar.com\/avatar\/31a1a7b66ff2de83bd0e9fd79d026630d2d99e55e8bfe501287647b4fd9743de?s=96&d=mm&r=g","url":"https:\/\/secure.gravatar.com\/avatar\/31a1a7b66ff2de83bd0e9fd79d026630d2d99e55e8bfe501287647b4fd9743de?s=96&d=mm&r=g","contentUrl":"https:\/\/secure.gravatar.com\/avatar\/31a1a7b66ff2de83bd0e9fd79d026630d2d99e55e8bfe501287647b4fd9743de?s=96&d=mm&r=g","caption":"Gonzalo Schmidt"},"description":"Sitio web de noticias de la provincia de Entre R\u00edos, Argentina. Informaci\u00f3n y entretenimiento. Informe Litoral, nos informamos.","sameAs":["http:\/\/www.isletasnoticias.com.ar"],"url":"https:\/\/informelitoral.com.ar\/author\/gonzalo\/"}]}},"_links":{"self":[{"href":"https:\/\/informelitoral.com.ar\/%77%70%2d%6a%73%6f%6e\/wp\/v2\/posts\/63786","targetHints":{"allow":["GET"]}}],"collection":[{"href":"https:\/\/informelitoral.com.ar\/%77%70%2d%6a%73%6f%6e\/wp\/v2\/posts"}],"about":[{"href":"https:\/\/informelitoral.com.ar\/%77%70%2d%6a%73%6f%6e\/wp\/v2\/types\/post"}],"author":[{"embeddable":true,"href":"https:\/\/informelitoral.com.ar\/%77%70%2d%6a%73%6f%6e\/wp\/v2\/users\/2"}],"replies":[{"embeddable":true,"href":"https:\/\/informelitoral.com.ar\/%77%70%2d%6a%73%6f%6e\/wp\/v2\/comments?post=63786"}],"version-history":[{"count":0,"href":"https:\/\/informelitoral.com.ar\/%77%70%2d%6a%73%6f%6e\/wp\/v2\/posts\/63786\/revisions"}],"wp:featuredmedia":[{"embeddable":true,"href":"https:\/\/informelitoral.com.ar\/%77%70%2d%6a%73%6f%6e\/wp\/v2\/media\/63787"}],"wp:attachment":[{"href":"https:\/\/informelitoral.com.ar\/%77%70%2d%6a%73%6f%6e\/wp\/v2\/media?parent=63786"}],"wp:term":[{"taxonomy":"category","embeddable":true,"href":"https:\/\/informelitoral.com.ar\/%77%70%2d%6a%73%6f%6e\/wp\/v2\/categories?post=63786"},{"taxonomy":"post_tag","embeddable":true,"href":"https:\/\/informelitoral.com.ar\/%77%70%2d%6a%73%6f%6e\/wp\/v2\/tags?post=63786"}],"curies":[{"name":"wp","href":"https:\/\/api.w.org\/{rel}","templated":true}]}}