{"id":6373,"date":"2014-03-31T22:16:04","date_gmt":"2014-04-01T01:16:04","guid":{"rendered":"http:\/\/www.isletasnoticias.com.ar\/?p=6373"},"modified":"2014-03-31T22:21:32","modified_gmt":"2014-04-01T01:21:32","slug":"cristina-kirchner-no-necesitamos-voces-que-traigan-deseos-de-venganza","status":"publish","type":"post","link":"https:\/\/informelitoral.com.ar\/cristina-kirchner-no-necesitamos-voces-que-traigan-deseos-de-venganza\/","title":{"rendered":"Cristina Kirchner: \u00abno necesitamos voces que traigan deseos de venganza\u00bb"},"content":{"rendered":"<p style=\"text-align: left;\"><strong>Tras el episodio de violencia social que se vivi\u00f3 en Palermo (Bs. As.), la presidente consider\u00f3: \u00abcuando alguien siente que su vida no vale m\u00e1s de dos pesos para el resto; tampoco le podemos reclamar que la vida de los dem\u00e1s valga para \u00e9l m\u00e1s de dos pesos\u00bb.<a href=\"http:\/\/www.isletasnoticias.com.ar\/%77%70%2d%63%6f%6e%74%65%6e%74\/uploads\/2013\/05\/cris.jpg\"><img loading=\"lazy\" decoding=\"async\" class=\"aligncenter  wp-image-1926\" title=\"(Imagen ilustrativa).\" alt=\"(Imagen ilustrativa).\" src=\"http:\/\/www.isletasnoticias.com.ar\/%77%70%2d%63%6f%6e%74%65%6e%74\/uploads\/2013\/05\/cris-300x116.jpg\" width=\"500\" height=\"300\" \/><\/a><\/strong><\/p>\n<p>La presidente<strong>\u00a0Cristina Kirchner\u00a0<\/strong>se refiri\u00f3 este lunes el\u00edpticamente al\u00a0<a href=\"http:\/\/www.lanacion.com.ar\/1676677\" target=\"_blank\">episodio de violencia que se vivi\u00f3 en Palermo<\/a>\u00a0(Bs. As.)\u00a0cuando un grupo de vecinos le peg\u00f3 patadas a un joven que hab\u00eda robado una cartera. La mandataria conden\u00f3 a las \u00abvoces que traen deseos de venganza\u00bb y defendi\u00f3 a la \u00abinclusi\u00f3n social\u00bb.<\/p>\n<p>\u00abCuando alguien siente que su vida no vale m\u00e1s de dos pesos para el resto de la sociedad, no le podemos reclamar que la vida de los dem\u00e1s valga para \u00e9l m\u00e1s de dos pesos\u00bb, dijo<strong> Cristina Kirchner<\/strong> en cadena nacional al referirse a \u00ablo que pas\u00f3\u00bb, pero sin aludir directamente al episodio, seg\u00fan consign\u00f3 <em>La Naci\u00f3n.<\/em><\/p>\n<p>\u00abLas cosas son as\u00ed, entonces tenemos que entender que necesitamos miradas y voces que traigan tranquilidad. No necesitamos voces que traigan deseos de venganza, de enfrentamiento o de odio. Eso es malo\u00bb, manifest\u00f3 la mandataria.<\/p>\n<p><strong>\u00abLa violencia se espiraliza\u00bb<\/strong><\/p>\n<p>La presidente aludi\u00f3 entonces a la Noche de los Cristales Rotos, uno de los episodios que dio inicio a la persecuci\u00f3n y al exterminio de millones de jud\u00edos en Europa durante el nazismo. \u00abDejemos de lado todas las voces que convoquen a la Noche de los Cristales. Que cada uno desde su lugar llame a la paz, a la concordia\u00bb, reclam\u00f3.<\/p>\n<p>Y pidi\u00f3, en una cr\u00edtica a quienes defendieron el ataque al carterista: \u00abSi hay alguien que se equivoc\u00f3, por favor, traten de tomarlo y traerlo hacia adelante\u00bb.<\/p>\n<p>\u00abTodo lo que genere violencia, trae m\u00e1s violencia, se espiraliza. Una cosa son las ambiciones pol\u00edticas y otra la falta de escr\u00fapulos. Tenemos que tratar de entendernos y mejorar las cosas por las buenas\u00bb, insisti\u00f3.<\/p>\n","protected":false},"excerpt":{"rendered":"<p>Tras el episodio de violencia social que se vivi&oacute; en Palermo (Bs. As.), la presidente consider&oacute;: &laquo;cuando alguien siente que su vida no vale m&aacute;s de dos pesos para el resto; tampoco le podemos reclamar que la vida de los dem&aacute;s valga para &eacute;l m&aacute;s de dos pesos&raquo;. La presidente&nbsp;Cristina Kirchner&nbsp;se refiri&oacute; este lunes el&iacute;pticamente [&hellip;]<\/p>\n","protected":false},"author":2,"featured_media":0,"comment_status":"open","ping_status":"open","sticky":false,"template":"","format":"standard","meta":{"fifu_image_url":"","fifu_image_alt":"","footnotes":""},"categories":[7,16],"tags":[],"class_list":{"0":"post-6373","1":"post","2":"type-post","3":"status-publish","4":"format-standard","6":"category-nacionales","7":"category-politi"},"yoast_head":"<title>Cristina Kirchner: &quot;no necesitamos voces que traigan deseos de venganza&quot; - Informe Litoral<\/title>\n<meta name=\"robots\" content=\"index, follow, max-snippet:-1, max-image-preview:large, max-video-preview:-1\" \/>\n<link rel=\"canonical\" href=\"https:\/\/informelitoral.com.ar\/cristina-kirchner-no-necesitamos-voces-que-traigan-deseos-de-venganza\/\" \/>\n<meta property=\"og:locale\" content=\"es_ES\" \/>\n<meta property=\"og:type\" content=\"article\" \/>\n<meta property=\"og:title\" content=\"Cristina Kirchner: &quot;no necesitamos voces que traigan deseos de venganza&quot; - Informe Litoral\" \/>\n<meta property=\"og:description\" content=\"Tras el episodio de violencia social que se vivi&oacute; en Palermo (Bs. As.), la presidente consider&oacute;: &laquo;cuando alguien siente que su vida no vale m&aacute;s de dos pesos para el resto; tampoco le podemos reclamar que la vida de los dem&aacute;s valga para &eacute;l m&aacute;s de dos pesos&raquo;. La presidente&nbsp;Cristina Kirchner&nbsp;se refiri&oacute; este lunes el&iacute;pticamente [&hellip;]\" \/>\n<meta property=\"og:url\" content=\"https:\/\/informelitoral.com.ar\/cristina-kirchner-no-necesitamos-voces-que-traigan-deseos-de-venganza\/\" \/>\n<meta property=\"og:site_name\" content=\"Informe Litoral\" \/>\n<meta property=\"article:publisher\" content=\"https:\/\/www.facebook.com\/informelitoral\/\" \/>\n<meta property=\"article:published_time\" content=\"2014-04-01T01:16:04+00:00\" \/>\n<meta property=\"article:modified_time\" content=\"2014-04-01T01:21:32+00:00\" \/>\n<meta property=\"og:image\" content=\"https:\/\/informelitoral.com.ar\/%77%70%2d%63%6f%6e%74%65%6e%74\/uploads\/2013\/05\/cris.jpg\" \/>\n\t<meta property=\"og:image:width\" content=\"600\" \/>\n\t<meta property=\"og:image:height\" content=\"233\" \/>\n\t<meta property=\"og:image:type\" content=\"image\/jpeg\" \/>\n<meta name=\"author\" content=\"Gonzalo Schmidt\" \/>\n<meta name=\"twitter:card\" content=\"summary_large_image\" \/>\n<meta name=\"twitter:creator\" content=\"@InformeLitoral\" \/>\n<meta name=\"twitter:site\" content=\"@InformeLitoral\" \/>\n<meta name=\"twitter:label1\" content=\"Escrito por\" \/>\n\t<meta name=\"twitter:data1\" content=\"Gonzalo Schmidt\" \/>\n\t<meta name=\"twitter:label2\" content=\"Tiempo de lectura\" \/>\n\t<meta name=\"twitter:data2\" content=\"2 minutos\" \/>\n<script type=\"application\/ld+json\" class=\"yoast-schema-graph\">{\"@context\":\"https:\\\/\\\/schema.org\",\"@graph\":[{\"@type\":\"Article\",\"@id\":\"https:\\\/\\\/informelitoral.com.ar\\\/cristina-kirchner-no-necesitamos-voces-que-traigan-deseos-de-venganza\\\/#article\",\"isPartOf\":{\"@id\":\"https:\\\/\\\/informelitoral.com.ar\\\/cristina-kirchner-no-necesitamos-voces-que-traigan-deseos-de-venganza\\\/\"},\"author\":{\"name\":\"Gonzalo Schmidt\",\"@id\":\"https:\\\/\\\/informelitoral.com.ar\\\/#\\\/schema\\\/person\\\/b9d00407c836482871ef1d57bf8e3180\"},\"headline\":\"Cristina Kirchner: \u00abno necesitamos voces que traigan deseos de venganza\u00bb\",\"datePublished\":\"2014-04-01T01:16:04+00:00\",\"dateModified\":\"2014-04-01T01:21:32+00:00\",\"mainEntityOfPage\":{\"@id\":\"https:\\\/\\\/informelitoral.com.ar\\\/cristina-kirchner-no-necesitamos-voces-que-traigan-deseos-de-venganza\\\/\"},\"wordCount\":347,\"commentCount\":0,\"publisher\":{\"@id\":\"https:\\\/\\\/informelitoral.com.ar\\\/#organization\"},\"image\":{\"@id\":\"https:\\\/\\\/informelitoral.com.ar\\\/cristina-kirchner-no-necesitamos-voces-que-traigan-deseos-de-venganza\\\/#primaryimage\"},\"thumbnailUrl\":\"http:\\\/\\\/www.isletasnoticias.com.ar\\\/%77%70%2d%63%6f%6e%74%65%6e%74\\\/uploads\\\/2013\\\/05\\\/cris-300x116.jpg\",\"articleSection\":[\"Nacionales\",\"Politica\"],\"inLanguage\":\"es\",\"potentialAction\":[{\"@type\":\"CommentAction\",\"name\":\"Comment\",\"target\":[\"https:\\\/\\\/informelitoral.com.ar\\\/cristina-kirchner-no-necesitamos-voces-que-traigan-deseos-de-venganza\\\/#respond\"]}]},{\"@type\":\"WebPage\",\"@id\":\"https:\\\/\\\/informelitoral.com.ar\\\/cristina-kirchner-no-necesitamos-voces-que-traigan-deseos-de-venganza\\\/\",\"url\":\"https:\\\/\\\/informelitoral.com.ar\\\/cristina-kirchner-no-necesitamos-voces-que-traigan-deseos-de-venganza\\\/\",\"name\":\"Cristina Kirchner: \\\"no necesitamos voces que traigan deseos de venganza\\\" - Informe Litoral\",\"isPartOf\":{\"@id\":\"https:\\\/\\\/informelitoral.com.ar\\\/#website\"},\"primaryImageOfPage\":{\"@id\":\"https:\\\/\\\/informelitoral.com.ar\\\/cristina-kirchner-no-necesitamos-voces-que-traigan-deseos-de-venganza\\\/#primaryimage\"},\"image\":{\"@id\":\"https:\\\/\\\/informelitoral.com.ar\\\/cristina-kirchner-no-necesitamos-voces-que-traigan-deseos-de-venganza\\\/#primaryimage\"},\"thumbnailUrl\":\"http:\\\/\\\/www.isletasnoticias.com.ar\\\/%77%70%2d%63%6f%6e%74%65%6e%74\\\/uploads\\\/2013\\\/05\\\/cris-300x116.jpg\",\"datePublished\":\"2014-04-01T01:16:04+00:00\",\"dateModified\":\"2014-04-01T01:21:32+00:00\",\"breadcrumb\":{\"@id\":\"https:\\\/\\\/informelitoral.com.ar\\\/cristina-kirchner-no-necesitamos-voces-que-traigan-deseos-de-venganza\\\/#breadcrumb\"},\"inLanguage\":\"es\",\"potentialAction\":[{\"@type\":\"ReadAction\",\"target\":[\"https:\\\/\\\/informelitoral.com.ar\\\/cristina-kirchner-no-necesitamos-voces-que-traigan-deseos-de-venganza\\\/\"]}]},{\"@type\":\"ImageObject\",\"inLanguage\":\"es\",\"@id\":\"https:\\\/\\\/informelitoral.com.ar\\\/cristina-kirchner-no-necesitamos-voces-que-traigan-deseos-de-venganza\\\/#primaryimage\",\"url\":\"http:\\\/\\\/www.isletasnoticias.com.ar\\\/%77%70%2d%63%6f%6e%74%65%6e%74\\\/uploads\\\/2013\\\/05\\\/cris-300x116.jpg\",\"contentUrl\":\"http:\\\/\\\/www.isletasnoticias.com.ar\\\/%77%70%2d%63%6f%6e%74%65%6e%74\\\/uploads\\\/2013\\\/05\\\/cris-300x116.jpg\"},{\"@type\":\"BreadcrumbList\",\"@id\":\"https:\\\/\\\/informelitoral.com.ar\\\/cristina-kirchner-no-necesitamos-voces-que-traigan-deseos-de-venganza\\\/#breadcrumb\",\"itemListElement\":[{\"@type\":\"ListItem\",\"position\":1,\"name\":\"Portada\",\"item\":\"https:\\\/\\\/informelitoral.com.ar\\\/\"},{\"@type\":\"ListItem\",\"position\":2,\"name\":\"Cristina Kirchner: \u00abno necesitamos voces que traigan deseos de venganza\u00bb\"}]},{\"@type\":\"WebSite\",\"@id\":\"https:\\\/\\\/informelitoral.com.ar\\\/#website\",\"url\":\"https:\\\/\\\/informelitoral.com.ar\\\/\",\"name\":\"Informe Litoral\",\"description\":\"&quot;Nos informamos&quot; \",\"publisher\":{\"@id\":\"https:\\\/\\\/informelitoral.com.ar\\\/#organization\"},\"potentialAction\":[{\"@type\":\"SearchAction\",\"target\":{\"@type\":\"EntryPoint\",\"urlTemplate\":\"https:\\\/\\\/informelitoral.com.ar\\\/?s={search_term_string}\"},\"query-input\":{\"@type\":\"PropertyValueSpecification\",\"valueRequired\":true,\"valueName\":\"search_term_string\"}}],\"inLanguage\":\"es\"},{\"@type\":\"Organization\",\"@id\":\"https:\\\/\\\/informelitoral.com.ar\\\/#organization\",\"name\":\"Informe Litoral\",\"url\":\"https:\\\/\\\/informelitoral.com.ar\\\/\",\"logo\":{\"@type\":\"ImageObject\",\"inLanguage\":\"es\",\"@id\":\"https:\\\/\\\/informelitoral.com.ar\\\/#\\\/schema\\\/logo\\\/image\\\/\",\"url\":\"https:\\\/\\\/informelitoral.com.ar\\\/%77%70%2d%63%6f%6e%74%65%6e%74\\\/uploads\\\/2021\\\/01\\\/circulo.png\",\"contentUrl\":\"https:\\\/\\\/informelitoral.com.ar\\\/%77%70%2d%63%6f%6e%74%65%6e%74\\\/uploads\\\/2021\\\/01\\\/circulo.png\",\"width\":723,\"height\":731,\"caption\":\"Informe Litoral\"},\"image\":{\"@id\":\"https:\\\/\\\/informelitoral.com.ar\\\/#\\\/schema\\\/logo\\\/image\\\/\"},\"sameAs\":[\"https:\\\/\\\/www.facebook.com\\\/informelitoral\\\/\",\"https:\\\/\\\/x.com\\\/InformeLitoral\",\"https:\\\/\\\/www.instagram.com\\\/informelitoral\\\/\",\"https:\\\/\\\/www.youtube.com\\\/channel\\\/UCua4Qvz8Icb6MYqhoq9xLXw\"]},{\"@type\":\"Person\",\"@id\":\"https:\\\/\\\/informelitoral.com.ar\\\/#\\\/schema\\\/person\\\/b9d00407c836482871ef1d57bf8e3180\",\"name\":\"Gonzalo Schmidt\",\"image\":{\"@type\":\"ImageObject\",\"inLanguage\":\"es\",\"@id\":\"https:\\\/\\\/secure.gravatar.com\\\/avatar\\\/31a1a7b66ff2de83bd0e9fd79d026630d2d99e55e8bfe501287647b4fd9743de?s=96&d=mm&r=g\",\"url\":\"https:\\\/\\\/secure.gravatar.com\\\/avatar\\\/31a1a7b66ff2de83bd0e9fd79d026630d2d99e55e8bfe501287647b4fd9743de?s=96&d=mm&r=g\",\"contentUrl\":\"https:\\\/\\\/secure.gravatar.com\\\/avatar\\\/31a1a7b66ff2de83bd0e9fd79d026630d2d99e55e8bfe501287647b4fd9743de?s=96&d=mm&r=g\",\"caption\":\"Gonzalo Schmidt\"},\"description\":\"Sitio web de noticias de la provincia de Entre R\u00edos, Argentina. Informaci\u00f3n y entretenimiento. Informe Litoral, nos informamos.\",\"sameAs\":[\"http:\\\/\\\/www.isletasnoticias.com.ar\"],\"url\":\"https:\\\/\\\/informelitoral.com.ar\\\/author\\\/gonzalo\\\/\"}]}<\/script>","yoast_head_json":{"title":"Cristina Kirchner: \"no necesitamos voces que traigan deseos de venganza\" - Informe Litoral","robots":{"index":"index","follow":"follow","max-snippet":"max-snippet:-1","max-image-preview":"max-image-preview:large","max-video-preview":"max-video-preview:-1"},"canonical":"https:\/\/informelitoral.com.ar\/cristina-kirchner-no-necesitamos-voces-que-traigan-deseos-de-venganza\/","og_locale":"es_ES","og_type":"article","og_title":"Cristina Kirchner: \"no necesitamos voces que traigan deseos de venganza\" - Informe Litoral","og_description":"Tras el episodio de violencia social que se vivi&oacute; en Palermo (Bs. As.), la presidente consider&oacute;: &laquo;cuando alguien siente que su vida no vale m&aacute;s de dos pesos para el resto; tampoco le podemos reclamar que la vida de los dem&aacute;s valga para &eacute;l m&aacute;s de dos pesos&raquo;. La presidente&nbsp;Cristina Kirchner&nbsp;se refiri&oacute; este lunes el&iacute;pticamente [&hellip;]","og_url":"https:\/\/informelitoral.com.ar\/cristina-kirchner-no-necesitamos-voces-que-traigan-deseos-de-venganza\/","og_site_name":"Informe Litoral","article_publisher":"https:\/\/www.facebook.com\/informelitoral\/","article_published_time":"2014-04-01T01:16:04+00:00","article_modified_time":"2014-04-01T01:21:32+00:00","og_image":[{"width":600,"height":233,"url":"https:\/\/informelitoral.com.ar\/%77%70%2d%63%6f%6e%74%65%6e%74\/uploads\/2013\/05\/cris.jpg","type":"image\/jpeg"}],"author":"Gonzalo Schmidt","twitter_card":"summary_large_image","twitter_creator":"@InformeLitoral","twitter_site":"@InformeLitoral","twitter_misc":{"Escrito por":"Gonzalo Schmidt","Tiempo de lectura":"2 minutos"},"schema":{"@context":"https:\/\/schema.org","@graph":[{"@type":"Article","@id":"https:\/\/informelitoral.com.ar\/cristina-kirchner-no-necesitamos-voces-que-traigan-deseos-de-venganza\/#article","isPartOf":{"@id":"https:\/\/informelitoral.com.ar\/cristina-kirchner-no-necesitamos-voces-que-traigan-deseos-de-venganza\/"},"author":{"name":"Gonzalo Schmidt","@id":"https:\/\/informelitoral.com.ar\/#\/schema\/person\/b9d00407c836482871ef1d57bf8e3180"},"headline":"Cristina Kirchner: \u00abno necesitamos voces que traigan deseos de venganza\u00bb","datePublished":"2014-04-01T01:16:04+00:00","dateModified":"2014-04-01T01:21:32+00:00","mainEntityOfPage":{"@id":"https:\/\/informelitoral.com.ar\/cristina-kirchner-no-necesitamos-voces-que-traigan-deseos-de-venganza\/"},"wordCount":347,"commentCount":0,"publisher":{"@id":"https:\/\/informelitoral.com.ar\/#organization"},"image":{"@id":"https:\/\/informelitoral.com.ar\/cristina-kirchner-no-necesitamos-voces-que-traigan-deseos-de-venganza\/#primaryimage"},"thumbnailUrl":"http:\/\/www.isletasnoticias.com.ar\/%77%70%2d%63%6f%6e%74%65%6e%74\/uploads\/2013\/05\/cris-300x116.jpg","articleSection":["Nacionales","Politica"],"inLanguage":"es","potentialAction":[{"@type":"CommentAction","name":"Comment","target":["https:\/\/informelitoral.com.ar\/cristina-kirchner-no-necesitamos-voces-que-traigan-deseos-de-venganza\/#respond"]}]},{"@type":"WebPage","@id":"https:\/\/informelitoral.com.ar\/cristina-kirchner-no-necesitamos-voces-que-traigan-deseos-de-venganza\/","url":"https:\/\/informelitoral.com.ar\/cristina-kirchner-no-necesitamos-voces-que-traigan-deseos-de-venganza\/","name":"Cristina Kirchner: \"no necesitamos voces que traigan deseos de venganza\" - Informe Litoral","isPartOf":{"@id":"https:\/\/informelitoral.com.ar\/#website"},"primaryImageOfPage":{"@id":"https:\/\/informelitoral.com.ar\/cristina-kirchner-no-necesitamos-voces-que-traigan-deseos-de-venganza\/#primaryimage"},"image":{"@id":"https:\/\/informelitoral.com.ar\/cristina-kirchner-no-necesitamos-voces-que-traigan-deseos-de-venganza\/#primaryimage"},"thumbnailUrl":"http:\/\/www.isletasnoticias.com.ar\/%77%70%2d%63%6f%6e%74%65%6e%74\/uploads\/2013\/05\/cris-300x116.jpg","datePublished":"2014-04-01T01:16:04+00:00","dateModified":"2014-04-01T01:21:32+00:00","breadcrumb":{"@id":"https:\/\/informelitoral.com.ar\/cristina-kirchner-no-necesitamos-voces-que-traigan-deseos-de-venganza\/#breadcrumb"},"inLanguage":"es","potentialAction":[{"@type":"ReadAction","target":["https:\/\/informelitoral.com.ar\/cristina-kirchner-no-necesitamos-voces-que-traigan-deseos-de-venganza\/"]}]},{"@type":"ImageObject","inLanguage":"es","@id":"https:\/\/informelitoral.com.ar\/cristina-kirchner-no-necesitamos-voces-que-traigan-deseos-de-venganza\/#primaryimage","url":"http:\/\/www.isletasnoticias.com.ar\/%77%70%2d%63%6f%6e%74%65%6e%74\/uploads\/2013\/05\/cris-300x116.jpg","contentUrl":"http:\/\/www.isletasnoticias.com.ar\/%77%70%2d%63%6f%6e%74%65%6e%74\/uploads\/2013\/05\/cris-300x116.jpg"},{"@type":"BreadcrumbList","@id":"https:\/\/informelitoral.com.ar\/cristina-kirchner-no-necesitamos-voces-que-traigan-deseos-de-venganza\/#breadcrumb","itemListElement":[{"@type":"ListItem","position":1,"name":"Portada","item":"https:\/\/informelitoral.com.ar\/"},{"@type":"ListItem","position":2,"name":"Cristina Kirchner: \u00abno necesitamos voces que traigan deseos de venganza\u00bb"}]},{"@type":"WebSite","@id":"https:\/\/informelitoral.com.ar\/#website","url":"https:\/\/informelitoral.com.ar\/","name":"Informe Litoral","description":"&quot;Nos informamos&quot; ","publisher":{"@id":"https:\/\/informelitoral.com.ar\/#organization"},"potentialAction":[{"@type":"SearchAction","target":{"@type":"EntryPoint","urlTemplate":"https:\/\/informelitoral.com.ar\/?s={search_term_string}"},"query-input":{"@type":"PropertyValueSpecification","valueRequired":true,"valueName":"search_term_string"}}],"inLanguage":"es"},{"@type":"Organization","@id":"https:\/\/informelitoral.com.ar\/#organization","name":"Informe Litoral","url":"https:\/\/informelitoral.com.ar\/","logo":{"@type":"ImageObject","inLanguage":"es","@id":"https:\/\/informelitoral.com.ar\/#\/schema\/logo\/image\/","url":"https:\/\/informelitoral.com.ar\/%77%70%2d%63%6f%6e%74%65%6e%74\/uploads\/2021\/01\/circulo.png","contentUrl":"https:\/\/informelitoral.com.ar\/%77%70%2d%63%6f%6e%74%65%6e%74\/uploads\/2021\/01\/circulo.png","width":723,"height":731,"caption":"Informe Litoral"},"image":{"@id":"https:\/\/informelitoral.com.ar\/#\/schema\/logo\/image\/"},"sameAs":["https:\/\/www.facebook.com\/informelitoral\/","https:\/\/x.com\/InformeLitoral","https:\/\/www.instagram.com\/informelitoral\/","https:\/\/www.youtube.com\/channel\/UCua4Qvz8Icb6MYqhoq9xLXw"]},{"@type":"Person","@id":"https:\/\/informelitoral.com.ar\/#\/schema\/person\/b9d00407c836482871ef1d57bf8e3180","name":"Gonzalo Schmidt","image":{"@type":"ImageObject","inLanguage":"es","@id":"https:\/\/secure.gravatar.com\/avatar\/31a1a7b66ff2de83bd0e9fd79d026630d2d99e55e8bfe501287647b4fd9743de?s=96&d=mm&r=g","url":"https:\/\/secure.gravatar.com\/avatar\/31a1a7b66ff2de83bd0e9fd79d026630d2d99e55e8bfe501287647b4fd9743de?s=96&d=mm&r=g","contentUrl":"https:\/\/secure.gravatar.com\/avatar\/31a1a7b66ff2de83bd0e9fd79d026630d2d99e55e8bfe501287647b4fd9743de?s=96&d=mm&r=g","caption":"Gonzalo Schmidt"},"description":"Sitio web de noticias de la provincia de Entre R\u00edos, Argentina. Informaci\u00f3n y entretenimiento. Informe Litoral, nos informamos.","sameAs":["http:\/\/www.isletasnoticias.com.ar"],"url":"https:\/\/informelitoral.com.ar\/author\/gonzalo\/"}]}},"_links":{"self":[{"href":"https:\/\/informelitoral.com.ar\/%77%70%2d%6a%73%6f%6e\/wp\/v2\/posts\/6373","targetHints":{"allow":["GET"]}}],"collection":[{"href":"https:\/\/informelitoral.com.ar\/%77%70%2d%6a%73%6f%6e\/wp\/v2\/posts"}],"about":[{"href":"https:\/\/informelitoral.com.ar\/%77%70%2d%6a%73%6f%6e\/wp\/v2\/types\/post"}],"author":[{"embeddable":true,"href":"https:\/\/informelitoral.com.ar\/%77%70%2d%6a%73%6f%6e\/wp\/v2\/users\/2"}],"replies":[{"embeddable":true,"href":"https:\/\/informelitoral.com.ar\/%77%70%2d%6a%73%6f%6e\/wp\/v2\/comments?post=6373"}],"version-history":[{"count":0,"href":"https:\/\/informelitoral.com.ar\/%77%70%2d%6a%73%6f%6e\/wp\/v2\/posts\/6373\/revisions"}],"wp:attachment":[{"href":"https:\/\/informelitoral.com.ar\/%77%70%2d%6a%73%6f%6e\/wp\/v2\/media?parent=6373"}],"wp:term":[{"taxonomy":"category","embeddable":true,"href":"https:\/\/informelitoral.com.ar\/%77%70%2d%6a%73%6f%6e\/wp\/v2\/categories?post=6373"},{"taxonomy":"post_tag","embeddable":true,"href":"https:\/\/informelitoral.com.ar\/%77%70%2d%6a%73%6f%6e\/wp\/v2\/tags?post=6373"}],"curies":[{"name":"wp","href":"https:\/\/api.w.org\/{rel}","templated":true}]}}