{"id":63559,"date":"2021-08-11T09:37:19","date_gmt":"2021-08-11T12:37:19","guid":{"rendered":"https:\/\/www.informelitoral.com.ar\/?p=63559"},"modified":"2021-08-11T09:39:53","modified_gmt":"2021-08-11T12:39:53","slug":"condenaron-a-un-policia-entrerriano-por-golpear-y-humillar-a-jovenes-cazadores","status":"publish","type":"post","link":"https:\/\/informelitoral.com.ar\/condenaron-a-un-policia-entrerriano-por-golpear-y-humillar-a-jovenes-cazadores\/","title":{"rendered":"Condenaron a un polic\u00eda entrerriano por golpear y humillar a j\u00f3venes cazadores"},"content":{"rendered":"<div class=\"news-body-main\">\n<div id=\"note-body\" data-twitter-link=\"https:\/\/twitter.com\/intent\/tweet?url=https:\/\/www.unoentrerios.com.ar\/c2679918&amp;via=&amp;related=Uno Entre Rios&amp;text=\">\n<p>\u201cMetimos la pata\u201d, dijo el\u00a0polic\u00eda\u00a0que le peg\u00f3 a chicos en un\u00a0campo\u00a0cuando supo que eran menores. As\u00ed de naturalizada estaba la violencia ejercida por polic\u00edas de Abigeato de Santa Elena que interven\u00edan en casos de cuatrerismo. Hace seis a\u00f1os, el polic\u00eda Guillermo Furtado intercept\u00f3, golpe\u00f3, amenaz\u00f3 de muerte y humill\u00f3 a cuatro j\u00f3venes (dos de ellos mellizos de 16 a\u00f1os) que cazaban en un campo con autorizaci\u00f3n del due\u00f1o, para alimentarse. Tras el juicio, fue condenado a un a\u00f1o y medio de\u00a0prisi\u00f3n\u00a0condicional y tres a\u00f1os de inhabilitaci\u00f3n para vestir el uniforme de la fuerza. Su compa\u00f1ero que tambi\u00e9n estaba imputado, falleci\u00f3 en 2018 asesinado de un disparo por un cazador furtivo en una persecuci\u00f3n en otro campo.<\/p>\n<\/div>\n<\/div>\n<div class=\"news-body-main\">\n<div id=\"note-body\" data-twitter-link=\"https:\/\/twitter.com\/intent\/tweet?url=https:\/\/www.unoentrerios.com.ar\/c2679918&amp;via=&amp;related=Uno Entre Rios&amp;text=\">\n<p>En el debate el fiscal Oscar Sobko hab\u00eda solicitado dos a\u00f1os de prisi\u00f3n condicional por el delito de Vejaciones, y el defensor Roberto Alsina la absoluci\u00f3n o una pena menor.<\/p>\n<\/div>\n<\/div>\n<div class=\"news-body-main\">\n<div id=\"note-body\" data-twitter-link=\"https:\/\/twitter.com\/intent\/tweet?url=https:\/\/www.unoentrerios.com.ar\/c2679918&amp;via=&amp;related=Uno Entre Rios&amp;text=\">\n<p>El hecho sucedi\u00f3 en horas de la madrugada del 11 de agosto de 2015, cuando cuatro j\u00f3venes estaban cazando en campos ubicados en el paraje El Colorado de Santa Elena (Departamento La Paz), y fueron abordados por los uniformados.<\/p>\n<p>En la sentencia, el juez Elvio Garz\u00f3n consider\u00f3 \u201ccateg\u00f3rico\u201d el testimonio de una de las v\u00edctimas, quien en la audiencia dijo que \u201cse acuerda de todo\u201d. Relat\u00f3 que ese d\u00eda hab\u00edan planeado ir a cazar, hab\u00eda llovido, hab\u00eda barro y decidieron ir a cazar porque son personas de muy bajos recursos, no tienen trabajo, hacen ladrillos y cuando llueve no pueden trabajar. Decidieron ir al campo del se\u00f1or Princich, que siempre les daba permiso. Planearon ir a caballo porque era bastante lejos y se iban a cansar. Hab\u00edan llevado dos perros a cazar y el arma de su hermano. Anduvieron otro rato y se ven\u00eda la madrugada, hac\u00eda mucho fr\u00edo y decidieron volverse porque, como eran chicos, ya estaban cansados.<\/p>\n<p>Cuando iban por la calle y ya hab\u00edan salido del campo, les dio la voz de alto la Polic\u00eda y le dicen a uno de ellos: \u201cB\u00e1jate del caballo porque si no te vuelo la cabeza de un tiro\u201d. El chico estaba muy asustado porque son personas pac\u00edficas, nunca tuvo un problema ni con la Polic\u00eda ni con nadie, no pod\u00eda hablar, no pod\u00eda explicarles, estaba muy mal y los empezaron a amenazar.<\/p>\n<p>El joven cont\u00f3 que su hermano les pregunt\u00f3 a los polic\u00edas por qu\u00e9 les hac\u00edan eso si ellos ten\u00edan permiso en el campo y les dijeron: \u201cNo, ac\u00e1 no hay ning\u00fan permiso, si yo quiero los mato a ustedes porque ac\u00e1 en el campo no hay de testigo nadie, los testigos somos nosotros\u201d.<\/p>\n<p>Indic\u00f3 que Furtado los quer\u00eda llevar a la Ruta \u201cT\u201d, a la 12 y L\u00f3pez le dijo \u201cNo, vamos a llevarlos a la 48 que les queda m\u00e1s cerca a ellos porque no van a llegar, es muy lejos\u201d. Empezaron a caminar, el chico estaba muy cansado y le ped\u00eda ir en el caballo, pero no alcanzaba ni a marchar diez pasos el caballo que ya le dec\u00eda \u201cB\u00e1jate, ya descansaste\u201d. Despu\u00e9s le dijo dos veces a Furtado que quer\u00eda orinar y le contest\u00f3 que no, que se aguantara hasta que llegara y ah\u00ed les empez\u00f3 a dar patadas porque ellos no quer\u00edan caminar.<\/p>\n<p>El testigo record\u00f3 que en ese momento pensaba lo peor, que cuando estuvieran los otros oficiales los iban a volver a golpear, que los iban a matar, que no sab\u00eda si iban a terminar muertos todos porque nunca hab\u00eda pasado una cosa as\u00ed. Cuando llegaron, record\u00f3 que estaba Duarte, el jefe de la brigada, que les tom\u00f3 los datos y les pregunt\u00f3 dos veces \u201c\u00bfC\u00f3mo est\u00e1n muchachos?\u201d. Cuando le dijo la edad que \u00e9l ten\u00eda, que era menor, Furtado se acerc\u00f3, le levant\u00f3 la ropa para ver las marcas de los golpes en el pecho y de las patadas en las piernas y le dijo a L\u00f3pez: \u201cMetimos la pata\u201d. Les tomaron los datos y les dijeron que se vayan.<\/p>\n<p>A la ma\u00f1ana fueron con sus padres a hacer la denuncia a la ciudad de La Paz, en la Fiscal\u00eda, donde los revis\u00f3 un m\u00e9dico que constat\u00f3 las lesiones. \u201c\u00bfQui\u00e9n te peg\u00f3 a vos? \u00bfFue un animal?\u201d, recuerda el joven que le dijo el doctor. El testigo tambi\u00e9n record\u00f3 los d\u00edas posteriores que no pod\u00eda dormir por las pesadillas y el terror que le provoc\u00f3 el episodio de violencia policial. El trauma qued\u00f3 acreditado en informes de especialistas que lo atendieron.<\/p>\n<p>Tambi\u00e9n se mencion\u00f3 en el debate que dos polic\u00edas de Abigeato fueron hasta la casa de los hermanos y les dijeron a sus padres que levanten la denuncia, que den vuelta la hoja, que les conven\u00eda no seguir m\u00e1s con este caso. La mam\u00e1 les contest\u00f3 que no, porque \u201cellos fueron v\u00edctimas, que no son gente de andar robando ni nada\u201d. \u201cEllos iban a agarrar un bichito para sobrevivir nom\u00e1s\u201d, asegur\u00f3 la mujer.<\/p>\n<p>Otro de los j\u00f3venes cont\u00f3 que al otro d\u00eda de radicar la denuncia, encontr\u00f3 a Furtado en la parada de colectivos de la Terminal de La Paz, quien le dijo \u201cEso les pasa a los malos y ahora cuando yo entre a la guardia vamos a ver lo que le pasa a los malos\u201d.<\/p>\n<p>El juez consider\u00f3 que estaba probado tanto lo sucedido, como las lesiones sufridas por las v\u00edctimas y el delito que imput\u00f3 el fiscal: \u201cLa acci\u00f3n t\u00edpica de vejar consiste en un tratamiento humillante para la dignidad del ser humano y que afecta su decoro como persona. Los procedimientos pueden consistir en malos tratos de contenido f\u00edsico o ps\u00edquico\u201d, defini\u00f3. Y agreg\u00f3: \u201cEsto es lo que ha ocurrido en el presente caso (\u2026) El incurso es funcionario policial y que en la ocasi\u00f3n estaba desempe\u00f1ando un acto de servicio\u201d.<\/p>\n<p>Al analizar qu\u00e9 pena imponerle a Furtado, consider\u00f3 como atenuante (entre otros) \u201cel excesivo transcurso del tiempo: hace seis a\u00f1os que ocurrieron estos hechos y, por ende, se inci\u00f3 la Investigaci\u00f3n Penal Preparatoria, y reci\u00e9n ahora se esta juzgando, lo cual no tiene raz\u00f3n de ser, es verdaderamente una verg\u00fcenza, debiendo destacar que el tr\u00e1mite de la misma estuvo totalmente paralizado durante m\u00e1s de dos a\u00f1os conforme surge del legajo de evidencia de la Fiscal\u00eda que tengo a la vista, situaci\u00f3n que conspira contra la garant\u00eda constitucional del juzgamiento del imputado en un plazo razonable\u201d.<\/p>\n<p>En tanto, como agravantes valor\u00f3 \u201cla edad de las v\u00edctimas: eran menores de edad al momento del hecho, lo que los torna m\u00e1s vulnerables\u201d y la \u201cextensi\u00f3n del da\u00f1o causado: ha quedado acreditado el da\u00f1o psic\u00f3logico producido, que ha perdurado en el tiempo\u201d.<\/p>\n<p>Por esto, impuso la pena de un a\u00f1o y seis meses de prisi\u00f3n condicional, y el doble de tiempo de inhabilitaci\u00f3n especial para el polic\u00eda.<em> (Fuente: UNO Entre R\u00edos)<\/em><\/p>\n<\/div>\n<\/div>\n","protected":false},"excerpt":{"rendered":"<p>El polic\u00eda de Abigeato Guillermo Furtado recibi\u00f3 prisi\u00f3n condicional. Las v\u00edctimas (dos de ellas menores) ten\u00edan permiso del due\u00f1o del campo de Santa Elena. El uniformado los intercept\u00f3, golpe\u00f3, amenaz\u00f3 de muerte y humill\u00f3 a los cuatro j\u00f3venes.<\/p>\n","protected":false},"author":2,"featured_media":63560,"comment_status":"open","ping_status":"open","sticky":false,"template":"","format":"standard","meta":{"fifu_image_url":"","fifu_image_alt":"","footnotes":""},"categories":[14],"tags":[2381,2230,1363],"class_list":{"0":"post-63559","1":"post","2":"type-post","3":"status-publish","4":"format-standard","5":"has-post-thumbnail","7":"category-policiales","8":"tag-abuso-de-autoridad","9":"tag-policia-de-entre-rios","10":"tag-santa-elena"},"yoast_head":"<title>Condenaron a un polic\u00eda entrerriano por golpear y humillar a j\u00f3venes cazadores - Informe Litoral<\/title>\n<meta name=\"robots\" content=\"index, follow, max-snippet:-1, max-image-preview:large, max-video-preview:-1\" \/>\n<link rel=\"canonical\" href=\"https:\/\/informelitoral.com.ar\/condenaron-a-un-policia-entrerriano-por-golpear-y-humillar-a-jovenes-cazadores\/\" \/>\n<meta property=\"og:locale\" content=\"es_ES\" \/>\n<meta property=\"og:type\" content=\"article\" \/>\n<meta property=\"og:title\" content=\"Condenaron a un polic\u00eda entrerriano por golpear y humillar a j\u00f3venes cazadores - Informe Litoral\" \/>\n<meta property=\"og:description\" content=\"El polic\u00eda de Abigeato Guillermo Furtado recibi\u00f3 prisi\u00f3n condicional. Las v\u00edctimas (dos de ellas menores) ten\u00edan permiso del due\u00f1o del campo de Santa Elena. El uniformado los intercept\u00f3, golpe\u00f3, amenaz\u00f3 de muerte y humill\u00f3 a los cuatro j\u00f3venes.\" \/>\n<meta property=\"og:url\" content=\"https:\/\/informelitoral.com.ar\/condenaron-a-un-policia-entrerriano-por-golpear-y-humillar-a-jovenes-cazadores\/\" \/>\n<meta property=\"og:site_name\" content=\"Informe Litoral\" \/>\n<meta property=\"article:publisher\" content=\"https:\/\/www.facebook.com\/informelitoral\/\" \/>\n<meta property=\"article:published_time\" content=\"2021-08-11T12:37:19+00:00\" \/>\n<meta property=\"article:modified_time\" content=\"2021-08-11T12:39:53+00:00\" \/>\n<meta property=\"og:image\" content=\"https:\/\/informelitoral.com.ar\/%77%70%2d%63%6f%6e%74%65%6e%74\/uploads\/2021\/08\/comisaria-santa-elenajpg.jpg\" \/>\n\t<meta property=\"og:image:width\" content=\"642\" \/>\n\t<meta property=\"og:image:height\" content=\"361\" \/>\n\t<meta property=\"og:image:type\" content=\"image\/jpeg\" \/>\n<meta name=\"author\" content=\"Gonzalo Schmidt\" \/>\n<meta name=\"twitter:card\" content=\"summary_large_image\" \/>\n<meta name=\"twitter:creator\" content=\"@InformeLitoral\" \/>\n<meta name=\"twitter:site\" content=\"@InformeLitoral\" \/>\n<meta name=\"twitter:label1\" content=\"Escrito por\" \/>\n\t<meta name=\"twitter:data1\" content=\"Gonzalo Schmidt\" \/>\n\t<meta name=\"twitter:label2\" content=\"Tiempo de lectura\" \/>\n\t<meta name=\"twitter:data2\" content=\"6 minutos\" \/>\n<script type=\"application\/ld+json\" class=\"yoast-schema-graph\">{\"@context\":\"https:\\\/\\\/schema.org\",\"@graph\":[{\"@type\":\"Article\",\"@id\":\"https:\\\/\\\/informelitoral.com.ar\\\/condenaron-a-un-policia-entrerriano-por-golpear-y-humillar-a-jovenes-cazadores\\\/#article\",\"isPartOf\":{\"@id\":\"https:\\\/\\\/informelitoral.com.ar\\\/condenaron-a-un-policia-entrerriano-por-golpear-y-humillar-a-jovenes-cazadores\\\/\"},\"author\":{\"name\":\"Gonzalo Schmidt\",\"@id\":\"https:\\\/\\\/informelitoral.com.ar\\\/#\\\/schema\\\/person\\\/b9d00407c836482871ef1d57bf8e3180\"},\"headline\":\"Condenaron a un polic\u00eda entrerriano por golpear y humillar a j\u00f3venes cazadores\",\"datePublished\":\"2021-08-11T12:37:19+00:00\",\"dateModified\":\"2021-08-11T12:39:53+00:00\",\"mainEntityOfPage\":{\"@id\":\"https:\\\/\\\/informelitoral.com.ar\\\/condenaron-a-un-policia-entrerriano-por-golpear-y-humillar-a-jovenes-cazadores\\\/\"},\"wordCount\":1234,\"commentCount\":0,\"publisher\":{\"@id\":\"https:\\\/\\\/informelitoral.com.ar\\\/#organization\"},\"image\":{\"@id\":\"https:\\\/\\\/informelitoral.com.ar\\\/condenaron-a-un-policia-entrerriano-por-golpear-y-humillar-a-jovenes-cazadores\\\/#primaryimage\"},\"thumbnailUrl\":\"https:\\\/\\\/informelitoral.com.ar\\\/%77%70%2d%63%6f%6e%74%65%6e%74\\\/uploads\\\/2021\\\/08\\\/comisaria-santa-elenajpg.jpg\",\"keywords\":[\"Abuso de autoridad\",\"Polic\u00eda de Entre R\u00edos\",\"Santa Elena\"],\"articleSection\":[\"Policiales\"],\"inLanguage\":\"es\",\"potentialAction\":[{\"@type\":\"CommentAction\",\"name\":\"Comment\",\"target\":[\"https:\\\/\\\/informelitoral.com.ar\\\/condenaron-a-un-policia-entrerriano-por-golpear-y-humillar-a-jovenes-cazadores\\\/#respond\"]}]},{\"@type\":\"WebPage\",\"@id\":\"https:\\\/\\\/informelitoral.com.ar\\\/condenaron-a-un-policia-entrerriano-por-golpear-y-humillar-a-jovenes-cazadores\\\/\",\"url\":\"https:\\\/\\\/informelitoral.com.ar\\\/condenaron-a-un-policia-entrerriano-por-golpear-y-humillar-a-jovenes-cazadores\\\/\",\"name\":\"Condenaron a un polic\u00eda entrerriano por golpear y humillar a j\u00f3venes cazadores - Informe Litoral\",\"isPartOf\":{\"@id\":\"https:\\\/\\\/informelitoral.com.ar\\\/#website\"},\"primaryImageOfPage\":{\"@id\":\"https:\\\/\\\/informelitoral.com.ar\\\/condenaron-a-un-policia-entrerriano-por-golpear-y-humillar-a-jovenes-cazadores\\\/#primaryimage\"},\"image\":{\"@id\":\"https:\\\/\\\/informelitoral.com.ar\\\/condenaron-a-un-policia-entrerriano-por-golpear-y-humillar-a-jovenes-cazadores\\\/#primaryimage\"},\"thumbnailUrl\":\"https:\\\/\\\/informelitoral.com.ar\\\/%77%70%2d%63%6f%6e%74%65%6e%74\\\/uploads\\\/2021\\\/08\\\/comisaria-santa-elenajpg.jpg\",\"datePublished\":\"2021-08-11T12:37:19+00:00\",\"dateModified\":\"2021-08-11T12:39:53+00:00\",\"breadcrumb\":{\"@id\":\"https:\\\/\\\/informelitoral.com.ar\\\/condenaron-a-un-policia-entrerriano-por-golpear-y-humillar-a-jovenes-cazadores\\\/#breadcrumb\"},\"inLanguage\":\"es\",\"potentialAction\":[{\"@type\":\"ReadAction\",\"target\":[\"https:\\\/\\\/informelitoral.com.ar\\\/condenaron-a-un-policia-entrerriano-por-golpear-y-humillar-a-jovenes-cazadores\\\/\"]}]},{\"@type\":\"ImageObject\",\"inLanguage\":\"es\",\"@id\":\"https:\\\/\\\/informelitoral.com.ar\\\/condenaron-a-un-policia-entrerriano-por-golpear-y-humillar-a-jovenes-cazadores\\\/#primaryimage\",\"url\":\"https:\\\/\\\/informelitoral.com.ar\\\/%77%70%2d%63%6f%6e%74%65%6e%74\\\/uploads\\\/2021\\\/08\\\/comisaria-santa-elenajpg.jpg\",\"contentUrl\":\"https:\\\/\\\/informelitoral.com.ar\\\/%77%70%2d%63%6f%6e%74%65%6e%74\\\/uploads\\\/2021\\\/08\\\/comisaria-santa-elenajpg.jpg\",\"width\":642,\"height\":361},{\"@type\":\"BreadcrumbList\",\"@id\":\"https:\\\/\\\/informelitoral.com.ar\\\/condenaron-a-un-policia-entrerriano-por-golpear-y-humillar-a-jovenes-cazadores\\\/#breadcrumb\",\"itemListElement\":[{\"@type\":\"ListItem\",\"position\":1,\"name\":\"Portada\",\"item\":\"https:\\\/\\\/informelitoral.com.ar\\\/\"},{\"@type\":\"ListItem\",\"position\":2,\"name\":\"Condenaron a un polic\u00eda entrerriano por golpear y humillar a j\u00f3venes cazadores\"}]},{\"@type\":\"WebSite\",\"@id\":\"https:\\\/\\\/informelitoral.com.ar\\\/#website\",\"url\":\"https:\\\/\\\/informelitoral.com.ar\\\/\",\"name\":\"Informe Litoral\",\"description\":\"&quot;Nos informamos&quot; \",\"publisher\":{\"@id\":\"https:\\\/\\\/informelitoral.com.ar\\\/#organization\"},\"potentialAction\":[{\"@type\":\"SearchAction\",\"target\":{\"@type\":\"EntryPoint\",\"urlTemplate\":\"https:\\\/\\\/informelitoral.com.ar\\\/?s={search_term_string}\"},\"query-input\":{\"@type\":\"PropertyValueSpecification\",\"valueRequired\":true,\"valueName\":\"search_term_string\"}}],\"inLanguage\":\"es\"},{\"@type\":\"Organization\",\"@id\":\"https:\\\/\\\/informelitoral.com.ar\\\/#organization\",\"name\":\"Informe Litoral\",\"url\":\"https:\\\/\\\/informelitoral.com.ar\\\/\",\"logo\":{\"@type\":\"ImageObject\",\"inLanguage\":\"es\",\"@id\":\"https:\\\/\\\/informelitoral.com.ar\\\/#\\\/schema\\\/logo\\\/image\\\/\",\"url\":\"https:\\\/\\\/informelitoral.com.ar\\\/%77%70%2d%63%6f%6e%74%65%6e%74\\\/uploads\\\/2021\\\/01\\\/circulo.png\",\"contentUrl\":\"https:\\\/\\\/informelitoral.com.ar\\\/%77%70%2d%63%6f%6e%74%65%6e%74\\\/uploads\\\/2021\\\/01\\\/circulo.png\",\"width\":723,\"height\":731,\"caption\":\"Informe Litoral\"},\"image\":{\"@id\":\"https:\\\/\\\/informelitoral.com.ar\\\/#\\\/schema\\\/logo\\\/image\\\/\"},\"sameAs\":[\"https:\\\/\\\/www.facebook.com\\\/informelitoral\\\/\",\"https:\\\/\\\/x.com\\\/InformeLitoral\",\"https:\\\/\\\/www.instagram.com\\\/informelitoral\\\/\",\"https:\\\/\\\/www.youtube.com\\\/channel\\\/UCua4Qvz8Icb6MYqhoq9xLXw\"]},{\"@type\":\"Person\",\"@id\":\"https:\\\/\\\/informelitoral.com.ar\\\/#\\\/schema\\\/person\\\/b9d00407c836482871ef1d57bf8e3180\",\"name\":\"Gonzalo Schmidt\",\"image\":{\"@type\":\"ImageObject\",\"inLanguage\":\"es\",\"@id\":\"https:\\\/\\\/secure.gravatar.com\\\/avatar\\\/31a1a7b66ff2de83bd0e9fd79d026630d2d99e55e8bfe501287647b4fd9743de?s=96&d=mm&r=g\",\"url\":\"https:\\\/\\\/secure.gravatar.com\\\/avatar\\\/31a1a7b66ff2de83bd0e9fd79d026630d2d99e55e8bfe501287647b4fd9743de?s=96&d=mm&r=g\",\"contentUrl\":\"https:\\\/\\\/secure.gravatar.com\\\/avatar\\\/31a1a7b66ff2de83bd0e9fd79d026630d2d99e55e8bfe501287647b4fd9743de?s=96&d=mm&r=g\",\"caption\":\"Gonzalo Schmidt\"},\"description\":\"Sitio web de noticias de la provincia de Entre R\u00edos, Argentina. Informaci\u00f3n y entretenimiento. Informe Litoral, nos informamos.\",\"sameAs\":[\"http:\\\/\\\/www.isletasnoticias.com.ar\"],\"url\":\"https:\\\/\\\/informelitoral.com.ar\\\/author\\\/gonzalo\\\/\"}]}<\/script>","yoast_head_json":{"title":"Condenaron a un polic\u00eda entrerriano por golpear y humillar a j\u00f3venes cazadores - Informe Litoral","robots":{"index":"index","follow":"follow","max-snippet":"max-snippet:-1","max-image-preview":"max-image-preview:large","max-video-preview":"max-video-preview:-1"},"canonical":"https:\/\/informelitoral.com.ar\/condenaron-a-un-policia-entrerriano-por-golpear-y-humillar-a-jovenes-cazadores\/","og_locale":"es_ES","og_type":"article","og_title":"Condenaron a un polic\u00eda entrerriano por golpear y humillar a j\u00f3venes cazadores - Informe Litoral","og_description":"El polic\u00eda de Abigeato Guillermo Furtado recibi\u00f3 prisi\u00f3n condicional. Las v\u00edctimas (dos de ellas menores) ten\u00edan permiso del due\u00f1o del campo de Santa Elena. El uniformado los intercept\u00f3, golpe\u00f3, amenaz\u00f3 de muerte y humill\u00f3 a los cuatro j\u00f3venes.","og_url":"https:\/\/informelitoral.com.ar\/condenaron-a-un-policia-entrerriano-por-golpear-y-humillar-a-jovenes-cazadores\/","og_site_name":"Informe Litoral","article_publisher":"https:\/\/www.facebook.com\/informelitoral\/","article_published_time":"2021-08-11T12:37:19+00:00","article_modified_time":"2021-08-11T12:39:53+00:00","og_image":[{"width":642,"height":361,"url":"https:\/\/informelitoral.com.ar\/%77%70%2d%63%6f%6e%74%65%6e%74\/uploads\/2021\/08\/comisaria-santa-elenajpg.jpg","type":"image\/jpeg"}],"author":"Gonzalo Schmidt","twitter_card":"summary_large_image","twitter_creator":"@InformeLitoral","twitter_site":"@InformeLitoral","twitter_misc":{"Escrito por":"Gonzalo Schmidt","Tiempo de lectura":"6 minutos"},"schema":{"@context":"https:\/\/schema.org","@graph":[{"@type":"Article","@id":"https:\/\/informelitoral.com.ar\/condenaron-a-un-policia-entrerriano-por-golpear-y-humillar-a-jovenes-cazadores\/#article","isPartOf":{"@id":"https:\/\/informelitoral.com.ar\/condenaron-a-un-policia-entrerriano-por-golpear-y-humillar-a-jovenes-cazadores\/"},"author":{"name":"Gonzalo Schmidt","@id":"https:\/\/informelitoral.com.ar\/#\/schema\/person\/b9d00407c836482871ef1d57bf8e3180"},"headline":"Condenaron a un polic\u00eda entrerriano por golpear y humillar a j\u00f3venes cazadores","datePublished":"2021-08-11T12:37:19+00:00","dateModified":"2021-08-11T12:39:53+00:00","mainEntityOfPage":{"@id":"https:\/\/informelitoral.com.ar\/condenaron-a-un-policia-entrerriano-por-golpear-y-humillar-a-jovenes-cazadores\/"},"wordCount":1234,"commentCount":0,"publisher":{"@id":"https:\/\/informelitoral.com.ar\/#organization"},"image":{"@id":"https:\/\/informelitoral.com.ar\/condenaron-a-un-policia-entrerriano-por-golpear-y-humillar-a-jovenes-cazadores\/#primaryimage"},"thumbnailUrl":"https:\/\/informelitoral.com.ar\/%77%70%2d%63%6f%6e%74%65%6e%74\/uploads\/2021\/08\/comisaria-santa-elenajpg.jpg","keywords":["Abuso de autoridad","Polic\u00eda de Entre R\u00edos","Santa Elena"],"articleSection":["Policiales"],"inLanguage":"es","potentialAction":[{"@type":"CommentAction","name":"Comment","target":["https:\/\/informelitoral.com.ar\/condenaron-a-un-policia-entrerriano-por-golpear-y-humillar-a-jovenes-cazadores\/#respond"]}]},{"@type":"WebPage","@id":"https:\/\/informelitoral.com.ar\/condenaron-a-un-policia-entrerriano-por-golpear-y-humillar-a-jovenes-cazadores\/","url":"https:\/\/informelitoral.com.ar\/condenaron-a-un-policia-entrerriano-por-golpear-y-humillar-a-jovenes-cazadores\/","name":"Condenaron a un polic\u00eda entrerriano por golpear y humillar a j\u00f3venes cazadores - Informe Litoral","isPartOf":{"@id":"https:\/\/informelitoral.com.ar\/#website"},"primaryImageOfPage":{"@id":"https:\/\/informelitoral.com.ar\/condenaron-a-un-policia-entrerriano-por-golpear-y-humillar-a-jovenes-cazadores\/#primaryimage"},"image":{"@id":"https:\/\/informelitoral.com.ar\/condenaron-a-un-policia-entrerriano-por-golpear-y-humillar-a-jovenes-cazadores\/#primaryimage"},"thumbnailUrl":"https:\/\/informelitoral.com.ar\/%77%70%2d%63%6f%6e%74%65%6e%74\/uploads\/2021\/08\/comisaria-santa-elenajpg.jpg","datePublished":"2021-08-11T12:37:19+00:00","dateModified":"2021-08-11T12:39:53+00:00","breadcrumb":{"@id":"https:\/\/informelitoral.com.ar\/condenaron-a-un-policia-entrerriano-por-golpear-y-humillar-a-jovenes-cazadores\/#breadcrumb"},"inLanguage":"es","potentialAction":[{"@type":"ReadAction","target":["https:\/\/informelitoral.com.ar\/condenaron-a-un-policia-entrerriano-por-golpear-y-humillar-a-jovenes-cazadores\/"]}]},{"@type":"ImageObject","inLanguage":"es","@id":"https:\/\/informelitoral.com.ar\/condenaron-a-un-policia-entrerriano-por-golpear-y-humillar-a-jovenes-cazadores\/#primaryimage","url":"https:\/\/informelitoral.com.ar\/%77%70%2d%63%6f%6e%74%65%6e%74\/uploads\/2021\/08\/comisaria-santa-elenajpg.jpg","contentUrl":"https:\/\/informelitoral.com.ar\/%77%70%2d%63%6f%6e%74%65%6e%74\/uploads\/2021\/08\/comisaria-santa-elenajpg.jpg","width":642,"height":361},{"@type":"BreadcrumbList","@id":"https:\/\/informelitoral.com.ar\/condenaron-a-un-policia-entrerriano-por-golpear-y-humillar-a-jovenes-cazadores\/#breadcrumb","itemListElement":[{"@type":"ListItem","position":1,"name":"Portada","item":"https:\/\/informelitoral.com.ar\/"},{"@type":"ListItem","position":2,"name":"Condenaron a un polic\u00eda entrerriano por golpear y humillar a j\u00f3venes cazadores"}]},{"@type":"WebSite","@id":"https:\/\/informelitoral.com.ar\/#website","url":"https:\/\/informelitoral.com.ar\/","name":"Informe Litoral","description":"&quot;Nos informamos&quot; ","publisher":{"@id":"https:\/\/informelitoral.com.ar\/#organization"},"potentialAction":[{"@type":"SearchAction","target":{"@type":"EntryPoint","urlTemplate":"https:\/\/informelitoral.com.ar\/?s={search_term_string}"},"query-input":{"@type":"PropertyValueSpecification","valueRequired":true,"valueName":"search_term_string"}}],"inLanguage":"es"},{"@type":"Organization","@id":"https:\/\/informelitoral.com.ar\/#organization","name":"Informe Litoral","url":"https:\/\/informelitoral.com.ar\/","logo":{"@type":"ImageObject","inLanguage":"es","@id":"https:\/\/informelitoral.com.ar\/#\/schema\/logo\/image\/","url":"https:\/\/informelitoral.com.ar\/%77%70%2d%63%6f%6e%74%65%6e%74\/uploads\/2021\/01\/circulo.png","contentUrl":"https:\/\/informelitoral.com.ar\/%77%70%2d%63%6f%6e%74%65%6e%74\/uploads\/2021\/01\/circulo.png","width":723,"height":731,"caption":"Informe Litoral"},"image":{"@id":"https:\/\/informelitoral.com.ar\/#\/schema\/logo\/image\/"},"sameAs":["https:\/\/www.facebook.com\/informelitoral\/","https:\/\/x.com\/InformeLitoral","https:\/\/www.instagram.com\/informelitoral\/","https:\/\/www.youtube.com\/channel\/UCua4Qvz8Icb6MYqhoq9xLXw"]},{"@type":"Person","@id":"https:\/\/informelitoral.com.ar\/#\/schema\/person\/b9d00407c836482871ef1d57bf8e3180","name":"Gonzalo Schmidt","image":{"@type":"ImageObject","inLanguage":"es","@id":"https:\/\/secure.gravatar.com\/avatar\/31a1a7b66ff2de83bd0e9fd79d026630d2d99e55e8bfe501287647b4fd9743de?s=96&d=mm&r=g","url":"https:\/\/secure.gravatar.com\/avatar\/31a1a7b66ff2de83bd0e9fd79d026630d2d99e55e8bfe501287647b4fd9743de?s=96&d=mm&r=g","contentUrl":"https:\/\/secure.gravatar.com\/avatar\/31a1a7b66ff2de83bd0e9fd79d026630d2d99e55e8bfe501287647b4fd9743de?s=96&d=mm&r=g","caption":"Gonzalo Schmidt"},"description":"Sitio web de noticias de la provincia de Entre R\u00edos, Argentina. Informaci\u00f3n y entretenimiento. Informe Litoral, nos informamos.","sameAs":["http:\/\/www.isletasnoticias.com.ar"],"url":"https:\/\/informelitoral.com.ar\/author\/gonzalo\/"}]}},"_links":{"self":[{"href":"https:\/\/informelitoral.com.ar\/%77%70%2d%6a%73%6f%6e\/wp\/v2\/posts\/63559","targetHints":{"allow":["GET"]}}],"collection":[{"href":"https:\/\/informelitoral.com.ar\/%77%70%2d%6a%73%6f%6e\/wp\/v2\/posts"}],"about":[{"href":"https:\/\/informelitoral.com.ar\/%77%70%2d%6a%73%6f%6e\/wp\/v2\/types\/post"}],"author":[{"embeddable":true,"href":"https:\/\/informelitoral.com.ar\/%77%70%2d%6a%73%6f%6e\/wp\/v2\/users\/2"}],"replies":[{"embeddable":true,"href":"https:\/\/informelitoral.com.ar\/%77%70%2d%6a%73%6f%6e\/wp\/v2\/comments?post=63559"}],"version-history":[{"count":0,"href":"https:\/\/informelitoral.com.ar\/%77%70%2d%6a%73%6f%6e\/wp\/v2\/posts\/63559\/revisions"}],"wp:featuredmedia":[{"embeddable":true,"href":"https:\/\/informelitoral.com.ar\/%77%70%2d%6a%73%6f%6e\/wp\/v2\/media\/63560"}],"wp:attachment":[{"href":"https:\/\/informelitoral.com.ar\/%77%70%2d%6a%73%6f%6e\/wp\/v2\/media?parent=63559"}],"wp:term":[{"taxonomy":"category","embeddable":true,"href":"https:\/\/informelitoral.com.ar\/%77%70%2d%6a%73%6f%6e\/wp\/v2\/categories?post=63559"},{"taxonomy":"post_tag","embeddable":true,"href":"https:\/\/informelitoral.com.ar\/%77%70%2d%6a%73%6f%6e\/wp\/v2\/tags?post=63559"}],"curies":[{"name":"wp","href":"https:\/\/api.w.org\/{rel}","templated":true}]}}