{"id":6354,"date":"2014-03-28T19:25:03","date_gmt":"2014-03-28T22:25:03","guid":{"rendered":"http:\/\/www.isletasnoticias.com.ar\/?p=6354"},"modified":"2014-03-28T19:25:47","modified_gmt":"2014-03-28T22:25:47","slug":"urribarri-recibio-a-legisladores-e-intendentes-del-departamento-diamante","status":"publish","type":"post","link":"https:\/\/informelitoral.com.ar\/urribarri-recibio-a-legisladores-e-intendentes-del-departamento-diamante\/","title":{"rendered":"Urribarri recibi\u00f3 a legisladores e intendentes del departamento Diamante"},"content":{"rendered":"<p style=\"text-align: left;\"><strong>Durante el encuentro con el mandatario provincial, los presidentes municipales habr\u00edan realizado un repaso de sus respectivas gestiones. Tambi\u00e9n aprovecharon para realizar gestiones y expresar el apoyo a la candidatura presidencial del gobernador.<a href=\"http:\/\/www.isletasnoticias.com.ar\/%77%70%2d%63%6f%6e%74%65%6e%74\/uploads\/2014\/03\/urribarri1.jpg\"><img loading=\"lazy\" decoding=\"async\" class=\"aligncenter  wp-image-6356\" title=\"Urribarri recibi\u00f3 a los referentes peronistas del departamento. \" alt=\"urribarri\" src=\"http:\/\/www.isletasnoticias.com.ar\/%77%70%2d%63%6f%6e%74%65%6e%74\/uploads\/2014\/03\/urribarri1-300x199.jpg\" width=\"500\" height=\"300\" \/><\/a><\/strong><\/p>\n<p>El gobernador <strong>Sergio Urribarri<\/strong>, en horas de la ma\u00f1ana de este viernes, recibi\u00f3 a los intendentes<span style=\"font-size: 14px;\"><strong>\u00a0Claudia Gieco<\/strong> (Diamante),<strong> Edelmiro Kramer<\/strong> (Ram\u00edrez),<strong> Arsenio Ortman<\/strong> (Valle Mar\u00eda) y <strong>Ruben Ordo\u00f1ez<\/strong> (Libertador San Mart\u00edn).<\/span><\/p>\n<p><span style=\"font-size: 14px;\">Del encuentro tambi\u00e9n participaron el diputado <strong>Juan Carlos Darrich\u00f3n<\/strong> y el senador <strong>Daniel Kramer<\/strong>. Este \u00faltimo, a trav\u00e9s de Facebook coment\u00f3: \u00abcada uno de ellos hicieron un repaso de la gestiones realizadas hasta ahora y se coincidi\u00f3 en seguir trabajando fuertemente en cada lugar y fortalecer mas que nunca este proyecto pol\u00edtico que le cambio la vida a todos los entrerrianos\u00bb, expres\u00f3 el legislador.<\/span><\/p>\n<p>Los jefes municipales tambi\u00e9n aprovecharon para realizar gestiones ante el mandatario provincial y obras pendientes, como \u00abla construcci\u00f3n del Centro C\u00edvico, el traslado de las lagunas cloacales, la pavimentaci\u00f3n de ciertas calles como Islas Malvinas, Mitre y Rivadavia, y los desag\u00fces pluviales\u00bb, en el caso de General Ram\u00edrez.<\/p>\n<p><span style=\"font-size: 14px;\">\u00abAdem\u00e1s le hicimos entrega del documento que firm\u00f3 toda la dirigencia pol\u00edtica departamental en pos de su candidatura a Presidente de la Rep\u00fablica\u00bb, remarc\u00f3 el ex intendente de Ram\u00edrez, quien seg\u00fan versiones, espera el visto bueno de Urribarri para ser candidato a legislador nacional. <em>(Isletas Noticias)<\/em><\/span><\/p>\n","protected":false},"excerpt":{"rendered":"<p>Durante el encuentro con el mandatario provincial, los presidentes municipales habr&iacute;an realizado un repaso de sus respectivas gestiones. Tambi&eacute;n aprovecharon para realizar gestiones y expresar el apoyo a la candidatura presidencial del gobernador. El gobernador Sergio Urribarri, en horas de la ma&ntilde;ana de este viernes, recibi&oacute; a los intendentes&nbsp;Claudia Gieco (Diamante), Edelmiro Kramer (Ram&iacute;rez), Arsenio [&hellip;]<\/p>\n","protected":false},"author":2,"featured_media":0,"comment_status":"open","ping_status":"open","sticky":false,"template":"","format":"standard","meta":{"fifu_image_url":"","fifu_image_alt":"","footnotes":""},"categories":[5,16],"tags":[],"class_list":{"0":"post-6354","1":"post","2":"type-post","3":"status-publish","4":"format-standard","6":"category-zonales","7":"category-politi"},"yoast_head":"<title>Urribarri recibi\u00f3 a legisladores e intendentes del departamento Diamante - Informe Litoral<\/title>\n<meta name=\"robots\" content=\"index, follow, max-snippet:-1, max-image-preview:large, max-video-preview:-1\" \/>\n<link rel=\"canonical\" href=\"https:\/\/informelitoral.com.ar\/urribarri-recibio-a-legisladores-e-intendentes-del-departamento-diamante\/\" \/>\n<meta property=\"og:locale\" content=\"es_ES\" \/>\n<meta property=\"og:type\" content=\"article\" \/>\n<meta property=\"og:title\" content=\"Urribarri recibi\u00f3 a legisladores e intendentes del departamento Diamante - Informe Litoral\" \/>\n<meta property=\"og:description\" content=\"Durante el encuentro con el mandatario provincial, los presidentes municipales habr&iacute;an realizado un repaso de sus respectivas gestiones. Tambi&eacute;n aprovecharon para realizar gestiones y expresar el apoyo a la candidatura presidencial del gobernador. El gobernador Sergio Urribarri, en horas de la ma&ntilde;ana de este viernes, recibi&oacute; a los intendentes&nbsp;Claudia Gieco (Diamante), Edelmiro Kramer (Ram&iacute;rez), Arsenio [&hellip;]\" \/>\n<meta property=\"og:url\" content=\"https:\/\/informelitoral.com.ar\/urribarri-recibio-a-legisladores-e-intendentes-del-departamento-diamante\/\" \/>\n<meta property=\"og:site_name\" content=\"Informe Litoral\" \/>\n<meta property=\"article:publisher\" content=\"https:\/\/www.facebook.com\/informelitoral\/\" \/>\n<meta property=\"article:published_time\" content=\"2014-03-28T22:25:03+00:00\" \/>\n<meta property=\"article:modified_time\" content=\"2014-03-28T22:25:47+00:00\" \/>\n<meta property=\"og:image\" content=\"https:\/\/informelitoral.com.ar\/%77%70%2d%63%6f%6e%74%65%6e%74\/uploads\/2014\/03\/urribarri1.jpg\" \/>\n\t<meta property=\"og:image:width\" content=\"960\" \/>\n\t<meta property=\"og:image:height\" content=\"639\" \/>\n\t<meta property=\"og:image:type\" content=\"image\/jpeg\" \/>\n<meta name=\"author\" content=\"Gonzalo Schmidt\" \/>\n<meta name=\"twitter:card\" content=\"summary_large_image\" \/>\n<meta name=\"twitter:creator\" content=\"@InformeLitoral\" \/>\n<meta name=\"twitter:site\" content=\"@InformeLitoral\" \/>\n<meta name=\"twitter:label1\" content=\"Escrito por\" \/>\n\t<meta name=\"twitter:data1\" content=\"Gonzalo Schmidt\" \/>\n\t<meta name=\"twitter:label2\" content=\"Tiempo de lectura\" \/>\n\t<meta name=\"twitter:data2\" content=\"1 minuto\" \/>\n<script type=\"application\/ld+json\" class=\"yoast-schema-graph\">{\"@context\":\"https:\\\/\\\/schema.org\",\"@graph\":[{\"@type\":\"Article\",\"@id\":\"https:\\\/\\\/informelitoral.com.ar\\\/urribarri-recibio-a-legisladores-e-intendentes-del-departamento-diamante\\\/#article\",\"isPartOf\":{\"@id\":\"https:\\\/\\\/informelitoral.com.ar\\\/urribarri-recibio-a-legisladores-e-intendentes-del-departamento-diamante\\\/\"},\"author\":{\"name\":\"Gonzalo Schmidt\",\"@id\":\"https:\\\/\\\/informelitoral.com.ar\\\/#\\\/schema\\\/person\\\/b9d00407c836482871ef1d57bf8e3180\"},\"headline\":\"Urribarri recibi\u00f3 a legisladores e intendentes del departamento Diamante\",\"datePublished\":\"2014-03-28T22:25:03+00:00\",\"dateModified\":\"2014-03-28T22:25:47+00:00\",\"mainEntityOfPage\":{\"@id\":\"https:\\\/\\\/informelitoral.com.ar\\\/urribarri-recibio-a-legisladores-e-intendentes-del-departamento-diamante\\\/\"},\"wordCount\":254,\"commentCount\":0,\"publisher\":{\"@id\":\"https:\\\/\\\/informelitoral.com.ar\\\/#organization\"},\"image\":{\"@id\":\"https:\\\/\\\/informelitoral.com.ar\\\/urribarri-recibio-a-legisladores-e-intendentes-del-departamento-diamante\\\/#primaryimage\"},\"thumbnailUrl\":\"http:\\\/\\\/www.isletasnoticias.com.ar\\\/%77%70%2d%63%6f%6e%74%65%6e%74\\\/uploads\\\/2014\\\/03\\\/urribarri1-300x199.jpg\",\"articleSection\":[\"Departamento Diamante\",\"Politica\"],\"inLanguage\":\"es\",\"potentialAction\":[{\"@type\":\"CommentAction\",\"name\":\"Comment\",\"target\":[\"https:\\\/\\\/informelitoral.com.ar\\\/urribarri-recibio-a-legisladores-e-intendentes-del-departamento-diamante\\\/#respond\"]}]},{\"@type\":\"WebPage\",\"@id\":\"https:\\\/\\\/informelitoral.com.ar\\\/urribarri-recibio-a-legisladores-e-intendentes-del-departamento-diamante\\\/\",\"url\":\"https:\\\/\\\/informelitoral.com.ar\\\/urribarri-recibio-a-legisladores-e-intendentes-del-departamento-diamante\\\/\",\"name\":\"Urribarri recibi\u00f3 a legisladores e intendentes del departamento Diamante - Informe Litoral\",\"isPartOf\":{\"@id\":\"https:\\\/\\\/informelitoral.com.ar\\\/#website\"},\"primaryImageOfPage\":{\"@id\":\"https:\\\/\\\/informelitoral.com.ar\\\/urribarri-recibio-a-legisladores-e-intendentes-del-departamento-diamante\\\/#primaryimage\"},\"image\":{\"@id\":\"https:\\\/\\\/informelitoral.com.ar\\\/urribarri-recibio-a-legisladores-e-intendentes-del-departamento-diamante\\\/#primaryimage\"},\"thumbnailUrl\":\"http:\\\/\\\/www.isletasnoticias.com.ar\\\/%77%70%2d%63%6f%6e%74%65%6e%74\\\/uploads\\\/2014\\\/03\\\/urribarri1-300x199.jpg\",\"datePublished\":\"2014-03-28T22:25:03+00:00\",\"dateModified\":\"2014-03-28T22:25:47+00:00\",\"breadcrumb\":{\"@id\":\"https:\\\/\\\/informelitoral.com.ar\\\/urribarri-recibio-a-legisladores-e-intendentes-del-departamento-diamante\\\/#breadcrumb\"},\"inLanguage\":\"es\",\"potentialAction\":[{\"@type\":\"ReadAction\",\"target\":[\"https:\\\/\\\/informelitoral.com.ar\\\/urribarri-recibio-a-legisladores-e-intendentes-del-departamento-diamante\\\/\"]}]},{\"@type\":\"ImageObject\",\"inLanguage\":\"es\",\"@id\":\"https:\\\/\\\/informelitoral.com.ar\\\/urribarri-recibio-a-legisladores-e-intendentes-del-departamento-diamante\\\/#primaryimage\",\"url\":\"http:\\\/\\\/www.isletasnoticias.com.ar\\\/%77%70%2d%63%6f%6e%74%65%6e%74\\\/uploads\\\/2014\\\/03\\\/urribarri1-300x199.jpg\",\"contentUrl\":\"http:\\\/\\\/www.isletasnoticias.com.ar\\\/%77%70%2d%63%6f%6e%74%65%6e%74\\\/uploads\\\/2014\\\/03\\\/urribarri1-300x199.jpg\"},{\"@type\":\"BreadcrumbList\",\"@id\":\"https:\\\/\\\/informelitoral.com.ar\\\/urribarri-recibio-a-legisladores-e-intendentes-del-departamento-diamante\\\/#breadcrumb\",\"itemListElement\":[{\"@type\":\"ListItem\",\"position\":1,\"name\":\"Portada\",\"item\":\"https:\\\/\\\/informelitoral.com.ar\\\/\"},{\"@type\":\"ListItem\",\"position\":2,\"name\":\"Urribarri recibi\u00f3 a legisladores e intendentes del departamento Diamante\"}]},{\"@type\":\"WebSite\",\"@id\":\"https:\\\/\\\/informelitoral.com.ar\\\/#website\",\"url\":\"https:\\\/\\\/informelitoral.com.ar\\\/\",\"name\":\"Informe Litoral\",\"description\":\"&quot;Nos informamos&quot; \",\"publisher\":{\"@id\":\"https:\\\/\\\/informelitoral.com.ar\\\/#organization\"},\"potentialAction\":[{\"@type\":\"SearchAction\",\"target\":{\"@type\":\"EntryPoint\",\"urlTemplate\":\"https:\\\/\\\/informelitoral.com.ar\\\/?s={search_term_string}\"},\"query-input\":{\"@type\":\"PropertyValueSpecification\",\"valueRequired\":true,\"valueName\":\"search_term_string\"}}],\"inLanguage\":\"es\"},{\"@type\":\"Organization\",\"@id\":\"https:\\\/\\\/informelitoral.com.ar\\\/#organization\",\"name\":\"Informe Litoral\",\"url\":\"https:\\\/\\\/informelitoral.com.ar\\\/\",\"logo\":{\"@type\":\"ImageObject\",\"inLanguage\":\"es\",\"@id\":\"https:\\\/\\\/informelitoral.com.ar\\\/#\\\/schema\\\/logo\\\/image\\\/\",\"url\":\"https:\\\/\\\/informelitoral.com.ar\\\/%77%70%2d%63%6f%6e%74%65%6e%74\\\/uploads\\\/2021\\\/01\\\/circulo.png\",\"contentUrl\":\"https:\\\/\\\/informelitoral.com.ar\\\/%77%70%2d%63%6f%6e%74%65%6e%74\\\/uploads\\\/2021\\\/01\\\/circulo.png\",\"width\":723,\"height\":731,\"caption\":\"Informe Litoral\"},\"image\":{\"@id\":\"https:\\\/\\\/informelitoral.com.ar\\\/#\\\/schema\\\/logo\\\/image\\\/\"},\"sameAs\":[\"https:\\\/\\\/www.facebook.com\\\/informelitoral\\\/\",\"https:\\\/\\\/x.com\\\/InformeLitoral\",\"https:\\\/\\\/www.instagram.com\\\/informelitoral\\\/\",\"https:\\\/\\\/www.youtube.com\\\/channel\\\/UCua4Qvz8Icb6MYqhoq9xLXw\"]},{\"@type\":\"Person\",\"@id\":\"https:\\\/\\\/informelitoral.com.ar\\\/#\\\/schema\\\/person\\\/b9d00407c836482871ef1d57bf8e3180\",\"name\":\"Gonzalo Schmidt\",\"image\":{\"@type\":\"ImageObject\",\"inLanguage\":\"es\",\"@id\":\"https:\\\/\\\/secure.gravatar.com\\\/avatar\\\/31a1a7b66ff2de83bd0e9fd79d026630d2d99e55e8bfe501287647b4fd9743de?s=96&d=mm&r=g\",\"url\":\"https:\\\/\\\/secure.gravatar.com\\\/avatar\\\/31a1a7b66ff2de83bd0e9fd79d026630d2d99e55e8bfe501287647b4fd9743de?s=96&d=mm&r=g\",\"contentUrl\":\"https:\\\/\\\/secure.gravatar.com\\\/avatar\\\/31a1a7b66ff2de83bd0e9fd79d026630d2d99e55e8bfe501287647b4fd9743de?s=96&d=mm&r=g\",\"caption\":\"Gonzalo Schmidt\"},\"description\":\"Sitio web de noticias de la provincia de Entre R\u00edos, Argentina. Informaci\u00f3n y entretenimiento. Informe Litoral, nos informamos.\",\"sameAs\":[\"http:\\\/\\\/www.isletasnoticias.com.ar\"],\"url\":\"https:\\\/\\\/informelitoral.com.ar\\\/author\\\/gonzalo\\\/\"}]}<\/script>","yoast_head_json":{"title":"Urribarri recibi\u00f3 a legisladores e intendentes del departamento Diamante - Informe Litoral","robots":{"index":"index","follow":"follow","max-snippet":"max-snippet:-1","max-image-preview":"max-image-preview:large","max-video-preview":"max-video-preview:-1"},"canonical":"https:\/\/informelitoral.com.ar\/urribarri-recibio-a-legisladores-e-intendentes-del-departamento-diamante\/","og_locale":"es_ES","og_type":"article","og_title":"Urribarri recibi\u00f3 a legisladores e intendentes del departamento Diamante - Informe Litoral","og_description":"Durante el encuentro con el mandatario provincial, los presidentes municipales habr&iacute;an realizado un repaso de sus respectivas gestiones. Tambi&eacute;n aprovecharon para realizar gestiones y expresar el apoyo a la candidatura presidencial del gobernador. El gobernador Sergio Urribarri, en horas de la ma&ntilde;ana de este viernes, recibi&oacute; a los intendentes&nbsp;Claudia Gieco (Diamante), Edelmiro Kramer (Ram&iacute;rez), Arsenio [&hellip;]","og_url":"https:\/\/informelitoral.com.ar\/urribarri-recibio-a-legisladores-e-intendentes-del-departamento-diamante\/","og_site_name":"Informe Litoral","article_publisher":"https:\/\/www.facebook.com\/informelitoral\/","article_published_time":"2014-03-28T22:25:03+00:00","article_modified_time":"2014-03-28T22:25:47+00:00","og_image":[{"width":960,"height":639,"url":"https:\/\/informelitoral.com.ar\/%77%70%2d%63%6f%6e%74%65%6e%74\/uploads\/2014\/03\/urribarri1.jpg","type":"image\/jpeg"}],"author":"Gonzalo Schmidt","twitter_card":"summary_large_image","twitter_creator":"@InformeLitoral","twitter_site":"@InformeLitoral","twitter_misc":{"Escrito por":"Gonzalo Schmidt","Tiempo de lectura":"1 minuto"},"schema":{"@context":"https:\/\/schema.org","@graph":[{"@type":"Article","@id":"https:\/\/informelitoral.com.ar\/urribarri-recibio-a-legisladores-e-intendentes-del-departamento-diamante\/#article","isPartOf":{"@id":"https:\/\/informelitoral.com.ar\/urribarri-recibio-a-legisladores-e-intendentes-del-departamento-diamante\/"},"author":{"name":"Gonzalo Schmidt","@id":"https:\/\/informelitoral.com.ar\/#\/schema\/person\/b9d00407c836482871ef1d57bf8e3180"},"headline":"Urribarri recibi\u00f3 a legisladores e intendentes del departamento Diamante","datePublished":"2014-03-28T22:25:03+00:00","dateModified":"2014-03-28T22:25:47+00:00","mainEntityOfPage":{"@id":"https:\/\/informelitoral.com.ar\/urribarri-recibio-a-legisladores-e-intendentes-del-departamento-diamante\/"},"wordCount":254,"commentCount":0,"publisher":{"@id":"https:\/\/informelitoral.com.ar\/#organization"},"image":{"@id":"https:\/\/informelitoral.com.ar\/urribarri-recibio-a-legisladores-e-intendentes-del-departamento-diamante\/#primaryimage"},"thumbnailUrl":"http:\/\/www.isletasnoticias.com.ar\/%77%70%2d%63%6f%6e%74%65%6e%74\/uploads\/2014\/03\/urribarri1-300x199.jpg","articleSection":["Departamento Diamante","Politica"],"inLanguage":"es","potentialAction":[{"@type":"CommentAction","name":"Comment","target":["https:\/\/informelitoral.com.ar\/urribarri-recibio-a-legisladores-e-intendentes-del-departamento-diamante\/#respond"]}]},{"@type":"WebPage","@id":"https:\/\/informelitoral.com.ar\/urribarri-recibio-a-legisladores-e-intendentes-del-departamento-diamante\/","url":"https:\/\/informelitoral.com.ar\/urribarri-recibio-a-legisladores-e-intendentes-del-departamento-diamante\/","name":"Urribarri recibi\u00f3 a legisladores e intendentes del departamento Diamante - Informe Litoral","isPartOf":{"@id":"https:\/\/informelitoral.com.ar\/#website"},"primaryImageOfPage":{"@id":"https:\/\/informelitoral.com.ar\/urribarri-recibio-a-legisladores-e-intendentes-del-departamento-diamante\/#primaryimage"},"image":{"@id":"https:\/\/informelitoral.com.ar\/urribarri-recibio-a-legisladores-e-intendentes-del-departamento-diamante\/#primaryimage"},"thumbnailUrl":"http:\/\/www.isletasnoticias.com.ar\/%77%70%2d%63%6f%6e%74%65%6e%74\/uploads\/2014\/03\/urribarri1-300x199.jpg","datePublished":"2014-03-28T22:25:03+00:00","dateModified":"2014-03-28T22:25:47+00:00","breadcrumb":{"@id":"https:\/\/informelitoral.com.ar\/urribarri-recibio-a-legisladores-e-intendentes-del-departamento-diamante\/#breadcrumb"},"inLanguage":"es","potentialAction":[{"@type":"ReadAction","target":["https:\/\/informelitoral.com.ar\/urribarri-recibio-a-legisladores-e-intendentes-del-departamento-diamante\/"]}]},{"@type":"ImageObject","inLanguage":"es","@id":"https:\/\/informelitoral.com.ar\/urribarri-recibio-a-legisladores-e-intendentes-del-departamento-diamante\/#primaryimage","url":"http:\/\/www.isletasnoticias.com.ar\/%77%70%2d%63%6f%6e%74%65%6e%74\/uploads\/2014\/03\/urribarri1-300x199.jpg","contentUrl":"http:\/\/www.isletasnoticias.com.ar\/%77%70%2d%63%6f%6e%74%65%6e%74\/uploads\/2014\/03\/urribarri1-300x199.jpg"},{"@type":"BreadcrumbList","@id":"https:\/\/informelitoral.com.ar\/urribarri-recibio-a-legisladores-e-intendentes-del-departamento-diamante\/#breadcrumb","itemListElement":[{"@type":"ListItem","position":1,"name":"Portada","item":"https:\/\/informelitoral.com.ar\/"},{"@type":"ListItem","position":2,"name":"Urribarri recibi\u00f3 a legisladores e intendentes del departamento Diamante"}]},{"@type":"WebSite","@id":"https:\/\/informelitoral.com.ar\/#website","url":"https:\/\/informelitoral.com.ar\/","name":"Informe Litoral","description":"&quot;Nos informamos&quot; ","publisher":{"@id":"https:\/\/informelitoral.com.ar\/#organization"},"potentialAction":[{"@type":"SearchAction","target":{"@type":"EntryPoint","urlTemplate":"https:\/\/informelitoral.com.ar\/?s={search_term_string}"},"query-input":{"@type":"PropertyValueSpecification","valueRequired":true,"valueName":"search_term_string"}}],"inLanguage":"es"},{"@type":"Organization","@id":"https:\/\/informelitoral.com.ar\/#organization","name":"Informe Litoral","url":"https:\/\/informelitoral.com.ar\/","logo":{"@type":"ImageObject","inLanguage":"es","@id":"https:\/\/informelitoral.com.ar\/#\/schema\/logo\/image\/","url":"https:\/\/informelitoral.com.ar\/%77%70%2d%63%6f%6e%74%65%6e%74\/uploads\/2021\/01\/circulo.png","contentUrl":"https:\/\/informelitoral.com.ar\/%77%70%2d%63%6f%6e%74%65%6e%74\/uploads\/2021\/01\/circulo.png","width":723,"height":731,"caption":"Informe Litoral"},"image":{"@id":"https:\/\/informelitoral.com.ar\/#\/schema\/logo\/image\/"},"sameAs":["https:\/\/www.facebook.com\/informelitoral\/","https:\/\/x.com\/InformeLitoral","https:\/\/www.instagram.com\/informelitoral\/","https:\/\/www.youtube.com\/channel\/UCua4Qvz8Icb6MYqhoq9xLXw"]},{"@type":"Person","@id":"https:\/\/informelitoral.com.ar\/#\/schema\/person\/b9d00407c836482871ef1d57bf8e3180","name":"Gonzalo Schmidt","image":{"@type":"ImageObject","inLanguage":"es","@id":"https:\/\/secure.gravatar.com\/avatar\/31a1a7b66ff2de83bd0e9fd79d026630d2d99e55e8bfe501287647b4fd9743de?s=96&d=mm&r=g","url":"https:\/\/secure.gravatar.com\/avatar\/31a1a7b66ff2de83bd0e9fd79d026630d2d99e55e8bfe501287647b4fd9743de?s=96&d=mm&r=g","contentUrl":"https:\/\/secure.gravatar.com\/avatar\/31a1a7b66ff2de83bd0e9fd79d026630d2d99e55e8bfe501287647b4fd9743de?s=96&d=mm&r=g","caption":"Gonzalo Schmidt"},"description":"Sitio web de noticias de la provincia de Entre R\u00edos, Argentina. Informaci\u00f3n y entretenimiento. Informe Litoral, nos informamos.","sameAs":["http:\/\/www.isletasnoticias.com.ar"],"url":"https:\/\/informelitoral.com.ar\/author\/gonzalo\/"}]}},"_links":{"self":[{"href":"https:\/\/informelitoral.com.ar\/%77%70%2d%6a%73%6f%6e\/wp\/v2\/posts\/6354","targetHints":{"allow":["GET"]}}],"collection":[{"href":"https:\/\/informelitoral.com.ar\/%77%70%2d%6a%73%6f%6e\/wp\/v2\/posts"}],"about":[{"href":"https:\/\/informelitoral.com.ar\/%77%70%2d%6a%73%6f%6e\/wp\/v2\/types\/post"}],"author":[{"embeddable":true,"href":"https:\/\/informelitoral.com.ar\/%77%70%2d%6a%73%6f%6e\/wp\/v2\/users\/2"}],"replies":[{"embeddable":true,"href":"https:\/\/informelitoral.com.ar\/%77%70%2d%6a%73%6f%6e\/wp\/v2\/comments?post=6354"}],"version-history":[{"count":0,"href":"https:\/\/informelitoral.com.ar\/%77%70%2d%6a%73%6f%6e\/wp\/v2\/posts\/6354\/revisions"}],"wp:attachment":[{"href":"https:\/\/informelitoral.com.ar\/%77%70%2d%6a%73%6f%6e\/wp\/v2\/media?parent=6354"}],"wp:term":[{"taxonomy":"category","embeddable":true,"href":"https:\/\/informelitoral.com.ar\/%77%70%2d%6a%73%6f%6e\/wp\/v2\/categories?post=6354"},{"taxonomy":"post_tag","embeddable":true,"href":"https:\/\/informelitoral.com.ar\/%77%70%2d%6a%73%6f%6e\/wp\/v2\/tags?post=6354"}],"curies":[{"name":"wp","href":"https:\/\/api.w.org\/{rel}","templated":true}]}}