{"id":63456,"date":"2021-08-10T10:18:39","date_gmt":"2021-08-10T13:18:39","guid":{"rendered":"https:\/\/www.informelitoral.com.ar\/?p=63456"},"modified":"2021-08-10T10:23:17","modified_gmt":"2021-08-10T13:23:17","slug":"presentaron-una-nueva-linea-de-creditos-para-el-sector-lacteo-entrerriano","status":"publish","type":"post","link":"https:\/\/informelitoral.com.ar\/presentaron-una-nueva-linea-de-creditos-para-el-sector-lacteo-entrerriano\/","title":{"rendered":"Presentaron una nueva l\u00ednea de cr\u00e9ditos para el sector l\u00e1cteo entrerriano"},"content":{"rendered":"<p>El ministro de Producci\u00f3n, <strong>Juan Jos\u00e9 Bahillo<\/strong>, precis\u00f3 que la propuesta est\u00e1 <strong>orientada a peque\u00f1os productores que vendan su materia prima diaria a usinas l\u00e1cteas y que est\u00e1 destinada a financiar capital de trabajo hasta 24 meses de plazo, con amortizaci\u00f3n de frecuencia mensual. La propuesta parte de una tasa fija en pesos al 35 por ciento y, con el aporte del Estado provincial de 6 puntos, la misma tendr\u00e1 un inter\u00e9s anual de 29 por ciento para el productor tambero.<\/strong><\/p>\n<p><a href=\"https:\/\/www.informelitoral.com.ar\/%77%70%2d%63%6f%6e%74%65%6e%74\/uploads\/2021\/08\/1628599872jpg.jpg\"><img loading=\"lazy\" decoding=\"async\" class=\"aligncenter wp-image-63459 size-full\" src=\"https:\/\/www.informelitoral.com.ar\/%77%70%2d%63%6f%6e%74%65%6e%74\/uploads\/2021\/08\/1628599872jpg.jpg\" alt=\"\" width=\"1920\" height=\"1280\" srcset=\"https:\/\/informelitoral.com.ar\/%77%70%2d%63%6f%6e%74%65%6e%74\/uploads\/2021\/08\/1628599872jpg.jpg 1920w, https:\/\/informelitoral.com.ar\/%77%70%2d%63%6f%6e%74%65%6e%74\/uploads\/2021\/08\/1628599872jpg-300x200.jpg 300w, https:\/\/informelitoral.com.ar\/%77%70%2d%63%6f%6e%74%65%6e%74\/uploads\/2021\/08\/1628599872jpg-1024x683.jpg 1024w, https:\/\/informelitoral.com.ar\/%77%70%2d%63%6f%6e%74%65%6e%74\/uploads\/2021\/08\/1628599872jpg-768x512.jpg 768w, https:\/\/informelitoral.com.ar\/%77%70%2d%63%6f%6e%74%65%6e%74\/uploads\/2021\/08\/1628599872jpg-1536x1024.jpg 1536w, https:\/\/informelitoral.com.ar\/%77%70%2d%63%6f%6e%74%65%6e%74\/uploads\/2021\/08\/1628599872jpg-696x464.jpg 696w, https:\/\/informelitoral.com.ar\/%77%70%2d%63%6f%6e%74%65%6e%74\/uploads\/2021\/08\/1628599872jpg-1068x712.jpg 1068w, https:\/\/informelitoral.com.ar\/%77%70%2d%63%6f%6e%74%65%6e%74\/uploads\/2021\/08\/1628599872jpg-630x420.jpg 630w\" sizes=\"auto, (max-width: 1920px) 100vw, 1920px\" \/><\/a>El jefe de la cartera productiva determin\u00f3 que el objetivo es que una mayor cantidad de tamberos accedan al financiamiento que posibilite <strong>mejorar volumen y calidad de producci\u00f3n; aumentar la inversi\u00f3n en equipamientos; y acceder a la automatizaci\u00f3n de salas de orde\u00f1e.<\/strong> <strong>Sum\u00f3 inversiones al plan de manejo nutricional de los planteles y su reposici\u00f3n.<\/strong> Resumi\u00f3 que \u201ctodo lo que se haga para elevar la calidad favorece el tambero y beneficia a las usinas l\u00e1cteas\u201d.<\/p>\n<p>En relaci\u00f3n al dise\u00f1o de la propuesta, destac\u00f3 \u201cla buena voluntad de trabajar en conjunto que presentaron en todo momento las usinas l\u00e1cteas entrerrianas como el Banco de Entre R\u00edos, entendiendo que productor e industria forman parte de una misma cadena y deben tener una visi\u00f3n compartida de c\u00f3mo tiene que ir creciendo y desarroll\u00e1ndose la misma\u201d.<\/p>\n<p>\u201cSabemos que el financiamiento es sumamente importante para el crecimiento de los productores, y en este sentido trabajamos con el banco para generar l\u00edneas que realmente se adapten a las necesidades de nuestros tamberos\u201d, dijo.<\/p>\n<p><a href=\"https:\/\/www.informelitoral.com.ar\/%77%70%2d%63%6f%6e%74%65%6e%74\/uploads\/2021\/08\/1628599831jpg.jpg\"><img loading=\"lazy\" decoding=\"async\" class=\"aligncenter wp-image-63457 size-full\" src=\"https:\/\/www.informelitoral.com.ar\/%77%70%2d%63%6f%6e%74%65%6e%74\/uploads\/2021\/08\/1628599831jpg.jpg\" alt=\"\" width=\"1920\" height=\"1280\" srcset=\"https:\/\/informelitoral.com.ar\/%77%70%2d%63%6f%6e%74%65%6e%74\/uploads\/2021\/08\/1628599831jpg.jpg 1920w, https:\/\/informelitoral.com.ar\/%77%70%2d%63%6f%6e%74%65%6e%74\/uploads\/2021\/08\/1628599831jpg-300x200.jpg 300w, https:\/\/informelitoral.com.ar\/%77%70%2d%63%6f%6e%74%65%6e%74\/uploads\/2021\/08\/1628599831jpg-1024x683.jpg 1024w, https:\/\/informelitoral.com.ar\/%77%70%2d%63%6f%6e%74%65%6e%74\/uploads\/2021\/08\/1628599831jpg-768x512.jpg 768w, https:\/\/informelitoral.com.ar\/%77%70%2d%63%6f%6e%74%65%6e%74\/uploads\/2021\/08\/1628599831jpg-1536x1024.jpg 1536w, https:\/\/informelitoral.com.ar\/%77%70%2d%63%6f%6e%74%65%6e%74\/uploads\/2021\/08\/1628599831jpg-696x464.jpg 696w, https:\/\/informelitoral.com.ar\/%77%70%2d%63%6f%6e%74%65%6e%74\/uploads\/2021\/08\/1628599831jpg-1068x712.jpg 1068w, https:\/\/informelitoral.com.ar\/%77%70%2d%63%6f%6e%74%65%6e%74\/uploads\/2021\/08\/1628599831jpg-630x420.jpg 630w\" sizes=\"auto, (max-width: 1920px) 100vw, 1920px\" \/><\/a>El ministro present\u00f3 la herramienta financiera junto a <strong>Lucio Amavet<\/strong>, secretario de Agricultura y Ganader\u00eda; su par de Desarrollo Econ\u00f3mico y Emprendedor, <strong>Pedro Gebhart<\/strong>; y el coordinador de Lecher\u00eda, <strong>Horacio Jaureguiberry<\/strong>; en conjunto con el gerente de Banca de Empresas del Banco de Entre R\u00edos,<strong> Miguel Pacher.<\/strong><\/p>\n<p>Participaron tambi\u00e9n <strong>Pablo Benetti,<\/strong> t\u00e9cnico de la Secretar\u00eda de Agricultura Familiar, Campesina e Ind\u00edgena de la Naci\u00f3n; <strong>Eduardo Tonutti<\/strong>, de la firma L\u00e1cteos Tonutti; y <strong>Beltr\u00e1n Dosba<\/strong>, por La Sibila, entre otros.<\/p>\n","protected":false},"excerpt":{"rendered":"<p>El gobierno provincial lanz\u00f3 una l\u00ednea de cr\u00e9ditos destinada al sector tambero que se concret\u00f3 junto a industriales de la actividad y el Banco de Entre R\u00edos.<\/p>\n","protected":false},"author":2,"featured_media":63458,"comment_status":"open","ping_status":"open","sticky":false,"template":"","format":"standard","meta":{"fifu_image_url":"","fifu_image_alt":"","footnotes":""},"categories":[6],"tags":[81,1872,933,213,135,120],"class_list":{"0":"post-63456","1":"post","2":"type-post","3":"status-publish","4":"format-standard","5":"has-post-thumbnail","7":"category-entre-rios","8":"tag-entre-rios","9":"tag-gobierno-de-entre-rios","10":"tag-industria","11":"tag-lacteos","12":"tag-lecheria","13":"tag-produccion"},"yoast_head":"<title>Presentaron una nueva l\u00ednea de cr\u00e9ditos para el sector l\u00e1cteo entrerriano - Informe Litoral<\/title>\n<meta name=\"robots\" content=\"index, follow, max-snippet:-1, max-image-preview:large, max-video-preview:-1\" \/>\n<link rel=\"canonical\" href=\"https:\/\/informelitoral.com.ar\/presentaron-una-nueva-linea-de-creditos-para-el-sector-lacteo-entrerriano\/\" \/>\n<meta property=\"og:locale\" content=\"es_ES\" \/>\n<meta property=\"og:type\" content=\"article\" \/>\n<meta property=\"og:title\" content=\"Presentaron una nueva l\u00ednea de cr\u00e9ditos para el sector l\u00e1cteo entrerriano - Informe Litoral\" \/>\n<meta property=\"og:description\" content=\"El gobierno provincial lanz\u00f3 una l\u00ednea de cr\u00e9ditos destinada al sector tambero que se concret\u00f3 junto a industriales de la actividad y el Banco de Entre R\u00edos.\" \/>\n<meta property=\"og:url\" content=\"https:\/\/informelitoral.com.ar\/presentaron-una-nueva-linea-de-creditos-para-el-sector-lacteo-entrerriano\/\" \/>\n<meta property=\"og:site_name\" content=\"Informe Litoral\" \/>\n<meta property=\"article:publisher\" content=\"https:\/\/www.facebook.com\/informelitoral\/\" \/>\n<meta property=\"article:published_time\" content=\"2021-08-10T13:18:39+00:00\" \/>\n<meta property=\"article:modified_time\" content=\"2021-08-10T13:23:17+00:00\" \/>\n<meta property=\"og:image\" content=\"https:\/\/informelitoral.com.ar\/%77%70%2d%63%6f%6e%74%65%6e%74\/uploads\/2021\/08\/1628599852jpg.jpg\" \/>\n\t<meta property=\"og:image:width\" content=\"1920\" \/>\n\t<meta property=\"og:image:height\" content=\"1280\" \/>\n\t<meta property=\"og:image:type\" content=\"image\/jpeg\" \/>\n<meta name=\"author\" content=\"Gonzalo Schmidt\" \/>\n<meta name=\"twitter:card\" content=\"summary_large_image\" \/>\n<meta name=\"twitter:creator\" content=\"@InformeLitoral\" \/>\n<meta name=\"twitter:site\" content=\"@InformeLitoral\" \/>\n<meta name=\"twitter:label1\" content=\"Escrito por\" \/>\n\t<meta name=\"twitter:data1\" content=\"Gonzalo Schmidt\" \/>\n\t<meta name=\"twitter:label2\" content=\"Tiempo de lectura\" \/>\n\t<meta name=\"twitter:data2\" content=\"2 minutos\" \/>\n<script type=\"application\/ld+json\" class=\"yoast-schema-graph\">{\"@context\":\"https:\\\/\\\/schema.org\",\"@graph\":[{\"@type\":\"Article\",\"@id\":\"https:\\\/\\\/informelitoral.com.ar\\\/presentaron-una-nueva-linea-de-creditos-para-el-sector-lacteo-entrerriano\\\/#article\",\"isPartOf\":{\"@id\":\"https:\\\/\\\/informelitoral.com.ar\\\/presentaron-una-nueva-linea-de-creditos-para-el-sector-lacteo-entrerriano\\\/\"},\"author\":{\"name\":\"Gonzalo Schmidt\",\"@id\":\"https:\\\/\\\/informelitoral.com.ar\\\/#\\\/schema\\\/person\\\/b9d00407c836482871ef1d57bf8e3180\"},\"headline\":\"Presentaron una nueva l\u00ednea de cr\u00e9ditos para el sector l\u00e1cteo entrerriano\",\"datePublished\":\"2021-08-10T13:18:39+00:00\",\"dateModified\":\"2021-08-10T13:23:17+00:00\",\"mainEntityOfPage\":{\"@id\":\"https:\\\/\\\/informelitoral.com.ar\\\/presentaron-una-nueva-linea-de-creditos-para-el-sector-lacteo-entrerriano\\\/\"},\"wordCount\":367,\"commentCount\":0,\"publisher\":{\"@id\":\"https:\\\/\\\/informelitoral.com.ar\\\/#organization\"},\"image\":{\"@id\":\"https:\\\/\\\/informelitoral.com.ar\\\/presentaron-una-nueva-linea-de-creditos-para-el-sector-lacteo-entrerriano\\\/#primaryimage\"},\"thumbnailUrl\":\"https:\\\/\\\/informelitoral.com.ar\\\/%77%70%2d%63%6f%6e%74%65%6e%74\\\/uploads\\\/2021\\\/08\\\/1628599852jpg.jpg\",\"keywords\":[\"Entre R\u00edos\",\"Gobierno de Entre R\u00edos\",\"Industria\",\"L\u00e1cteos\",\"Lecher\u00eda\",\"Producci\u00f3n\"],\"articleSection\":[\"Entre R\u00edos\"],\"inLanguage\":\"es\",\"potentialAction\":[{\"@type\":\"CommentAction\",\"name\":\"Comment\",\"target\":[\"https:\\\/\\\/informelitoral.com.ar\\\/presentaron-una-nueva-linea-de-creditos-para-el-sector-lacteo-entrerriano\\\/#respond\"]}]},{\"@type\":\"WebPage\",\"@id\":\"https:\\\/\\\/informelitoral.com.ar\\\/presentaron-una-nueva-linea-de-creditos-para-el-sector-lacteo-entrerriano\\\/\",\"url\":\"https:\\\/\\\/informelitoral.com.ar\\\/presentaron-una-nueva-linea-de-creditos-para-el-sector-lacteo-entrerriano\\\/\",\"name\":\"Presentaron una nueva l\u00ednea de cr\u00e9ditos para el sector l\u00e1cteo entrerriano - Informe Litoral\",\"isPartOf\":{\"@id\":\"https:\\\/\\\/informelitoral.com.ar\\\/#website\"},\"primaryImageOfPage\":{\"@id\":\"https:\\\/\\\/informelitoral.com.ar\\\/presentaron-una-nueva-linea-de-creditos-para-el-sector-lacteo-entrerriano\\\/#primaryimage\"},\"image\":{\"@id\":\"https:\\\/\\\/informelitoral.com.ar\\\/presentaron-una-nueva-linea-de-creditos-para-el-sector-lacteo-entrerriano\\\/#primaryimage\"},\"thumbnailUrl\":\"https:\\\/\\\/informelitoral.com.ar\\\/%77%70%2d%63%6f%6e%74%65%6e%74\\\/uploads\\\/2021\\\/08\\\/1628599852jpg.jpg\",\"datePublished\":\"2021-08-10T13:18:39+00:00\",\"dateModified\":\"2021-08-10T13:23:17+00:00\",\"breadcrumb\":{\"@id\":\"https:\\\/\\\/informelitoral.com.ar\\\/presentaron-una-nueva-linea-de-creditos-para-el-sector-lacteo-entrerriano\\\/#breadcrumb\"},\"inLanguage\":\"es\",\"potentialAction\":[{\"@type\":\"ReadAction\",\"target\":[\"https:\\\/\\\/informelitoral.com.ar\\\/presentaron-una-nueva-linea-de-creditos-para-el-sector-lacteo-entrerriano\\\/\"]}]},{\"@type\":\"ImageObject\",\"inLanguage\":\"es\",\"@id\":\"https:\\\/\\\/informelitoral.com.ar\\\/presentaron-una-nueva-linea-de-creditos-para-el-sector-lacteo-entrerriano\\\/#primaryimage\",\"url\":\"https:\\\/\\\/informelitoral.com.ar\\\/%77%70%2d%63%6f%6e%74%65%6e%74\\\/uploads\\\/2021\\\/08\\\/1628599852jpg.jpg\",\"contentUrl\":\"https:\\\/\\\/informelitoral.com.ar\\\/%77%70%2d%63%6f%6e%74%65%6e%74\\\/uploads\\\/2021\\\/08\\\/1628599852jpg.jpg\",\"width\":1920,\"height\":1280},{\"@type\":\"BreadcrumbList\",\"@id\":\"https:\\\/\\\/informelitoral.com.ar\\\/presentaron-una-nueva-linea-de-creditos-para-el-sector-lacteo-entrerriano\\\/#breadcrumb\",\"itemListElement\":[{\"@type\":\"ListItem\",\"position\":1,\"name\":\"Portada\",\"item\":\"https:\\\/\\\/informelitoral.com.ar\\\/\"},{\"@type\":\"ListItem\",\"position\":2,\"name\":\"Presentaron una nueva l\u00ednea de cr\u00e9ditos para el sector l\u00e1cteo entrerriano\"}]},{\"@type\":\"WebSite\",\"@id\":\"https:\\\/\\\/informelitoral.com.ar\\\/#website\",\"url\":\"https:\\\/\\\/informelitoral.com.ar\\\/\",\"name\":\"Informe Litoral\",\"description\":\"&quot;Nos informamos&quot; \",\"publisher\":{\"@id\":\"https:\\\/\\\/informelitoral.com.ar\\\/#organization\"},\"potentialAction\":[{\"@type\":\"SearchAction\",\"target\":{\"@type\":\"EntryPoint\",\"urlTemplate\":\"https:\\\/\\\/informelitoral.com.ar\\\/?s={search_term_string}\"},\"query-input\":{\"@type\":\"PropertyValueSpecification\",\"valueRequired\":true,\"valueName\":\"search_term_string\"}}],\"inLanguage\":\"es\"},{\"@type\":\"Organization\",\"@id\":\"https:\\\/\\\/informelitoral.com.ar\\\/#organization\",\"name\":\"Informe Litoral\",\"url\":\"https:\\\/\\\/informelitoral.com.ar\\\/\",\"logo\":{\"@type\":\"ImageObject\",\"inLanguage\":\"es\",\"@id\":\"https:\\\/\\\/informelitoral.com.ar\\\/#\\\/schema\\\/logo\\\/image\\\/\",\"url\":\"https:\\\/\\\/informelitoral.com.ar\\\/%77%70%2d%63%6f%6e%74%65%6e%74\\\/uploads\\\/2021\\\/01\\\/circulo.png\",\"contentUrl\":\"https:\\\/\\\/informelitoral.com.ar\\\/%77%70%2d%63%6f%6e%74%65%6e%74\\\/uploads\\\/2021\\\/01\\\/circulo.png\",\"width\":723,\"height\":731,\"caption\":\"Informe Litoral\"},\"image\":{\"@id\":\"https:\\\/\\\/informelitoral.com.ar\\\/#\\\/schema\\\/logo\\\/image\\\/\"},\"sameAs\":[\"https:\\\/\\\/www.facebook.com\\\/informelitoral\\\/\",\"https:\\\/\\\/x.com\\\/InformeLitoral\",\"https:\\\/\\\/www.instagram.com\\\/informelitoral\\\/\",\"https:\\\/\\\/www.youtube.com\\\/channel\\\/UCua4Qvz8Icb6MYqhoq9xLXw\"]},{\"@type\":\"Person\",\"@id\":\"https:\\\/\\\/informelitoral.com.ar\\\/#\\\/schema\\\/person\\\/b9d00407c836482871ef1d57bf8e3180\",\"name\":\"Gonzalo Schmidt\",\"image\":{\"@type\":\"ImageObject\",\"inLanguage\":\"es\",\"@id\":\"https:\\\/\\\/secure.gravatar.com\\\/avatar\\\/31a1a7b66ff2de83bd0e9fd79d026630d2d99e55e8bfe501287647b4fd9743de?s=96&d=mm&r=g\",\"url\":\"https:\\\/\\\/secure.gravatar.com\\\/avatar\\\/31a1a7b66ff2de83bd0e9fd79d026630d2d99e55e8bfe501287647b4fd9743de?s=96&d=mm&r=g\",\"contentUrl\":\"https:\\\/\\\/secure.gravatar.com\\\/avatar\\\/31a1a7b66ff2de83bd0e9fd79d026630d2d99e55e8bfe501287647b4fd9743de?s=96&d=mm&r=g\",\"caption\":\"Gonzalo Schmidt\"},\"description\":\"Sitio web de noticias de la provincia de Entre R\u00edos, Argentina. Informaci\u00f3n y entretenimiento. Informe Litoral, nos informamos.\",\"sameAs\":[\"http:\\\/\\\/www.isletasnoticias.com.ar\"],\"url\":\"https:\\\/\\\/informelitoral.com.ar\\\/author\\\/gonzalo\\\/\"}]}<\/script>","yoast_head_json":{"title":"Presentaron una nueva l\u00ednea de cr\u00e9ditos para el sector l\u00e1cteo entrerriano - Informe Litoral","robots":{"index":"index","follow":"follow","max-snippet":"max-snippet:-1","max-image-preview":"max-image-preview:large","max-video-preview":"max-video-preview:-1"},"canonical":"https:\/\/informelitoral.com.ar\/presentaron-una-nueva-linea-de-creditos-para-el-sector-lacteo-entrerriano\/","og_locale":"es_ES","og_type":"article","og_title":"Presentaron una nueva l\u00ednea de cr\u00e9ditos para el sector l\u00e1cteo entrerriano - Informe Litoral","og_description":"El gobierno provincial lanz\u00f3 una l\u00ednea de cr\u00e9ditos destinada al sector tambero que se concret\u00f3 junto a industriales de la actividad y el Banco de Entre R\u00edos.","og_url":"https:\/\/informelitoral.com.ar\/presentaron-una-nueva-linea-de-creditos-para-el-sector-lacteo-entrerriano\/","og_site_name":"Informe Litoral","article_publisher":"https:\/\/www.facebook.com\/informelitoral\/","article_published_time":"2021-08-10T13:18:39+00:00","article_modified_time":"2021-08-10T13:23:17+00:00","og_image":[{"width":1920,"height":1280,"url":"https:\/\/informelitoral.com.ar\/%77%70%2d%63%6f%6e%74%65%6e%74\/uploads\/2021\/08\/1628599852jpg.jpg","type":"image\/jpeg"}],"author":"Gonzalo Schmidt","twitter_card":"summary_large_image","twitter_creator":"@InformeLitoral","twitter_site":"@InformeLitoral","twitter_misc":{"Escrito por":"Gonzalo Schmidt","Tiempo de lectura":"2 minutos"},"schema":{"@context":"https:\/\/schema.org","@graph":[{"@type":"Article","@id":"https:\/\/informelitoral.com.ar\/presentaron-una-nueva-linea-de-creditos-para-el-sector-lacteo-entrerriano\/#article","isPartOf":{"@id":"https:\/\/informelitoral.com.ar\/presentaron-una-nueva-linea-de-creditos-para-el-sector-lacteo-entrerriano\/"},"author":{"name":"Gonzalo Schmidt","@id":"https:\/\/informelitoral.com.ar\/#\/schema\/person\/b9d00407c836482871ef1d57bf8e3180"},"headline":"Presentaron una nueva l\u00ednea de cr\u00e9ditos para el sector l\u00e1cteo entrerriano","datePublished":"2021-08-10T13:18:39+00:00","dateModified":"2021-08-10T13:23:17+00:00","mainEntityOfPage":{"@id":"https:\/\/informelitoral.com.ar\/presentaron-una-nueva-linea-de-creditos-para-el-sector-lacteo-entrerriano\/"},"wordCount":367,"commentCount":0,"publisher":{"@id":"https:\/\/informelitoral.com.ar\/#organization"},"image":{"@id":"https:\/\/informelitoral.com.ar\/presentaron-una-nueva-linea-de-creditos-para-el-sector-lacteo-entrerriano\/#primaryimage"},"thumbnailUrl":"https:\/\/informelitoral.com.ar\/%77%70%2d%63%6f%6e%74%65%6e%74\/uploads\/2021\/08\/1628599852jpg.jpg","keywords":["Entre R\u00edos","Gobierno de Entre R\u00edos","Industria","L\u00e1cteos","Lecher\u00eda","Producci\u00f3n"],"articleSection":["Entre R\u00edos"],"inLanguage":"es","potentialAction":[{"@type":"CommentAction","name":"Comment","target":["https:\/\/informelitoral.com.ar\/presentaron-una-nueva-linea-de-creditos-para-el-sector-lacteo-entrerriano\/#respond"]}]},{"@type":"WebPage","@id":"https:\/\/informelitoral.com.ar\/presentaron-una-nueva-linea-de-creditos-para-el-sector-lacteo-entrerriano\/","url":"https:\/\/informelitoral.com.ar\/presentaron-una-nueva-linea-de-creditos-para-el-sector-lacteo-entrerriano\/","name":"Presentaron una nueva l\u00ednea de cr\u00e9ditos para el sector l\u00e1cteo entrerriano - Informe Litoral","isPartOf":{"@id":"https:\/\/informelitoral.com.ar\/#website"},"primaryImageOfPage":{"@id":"https:\/\/informelitoral.com.ar\/presentaron-una-nueva-linea-de-creditos-para-el-sector-lacteo-entrerriano\/#primaryimage"},"image":{"@id":"https:\/\/informelitoral.com.ar\/presentaron-una-nueva-linea-de-creditos-para-el-sector-lacteo-entrerriano\/#primaryimage"},"thumbnailUrl":"https:\/\/informelitoral.com.ar\/%77%70%2d%63%6f%6e%74%65%6e%74\/uploads\/2021\/08\/1628599852jpg.jpg","datePublished":"2021-08-10T13:18:39+00:00","dateModified":"2021-08-10T13:23:17+00:00","breadcrumb":{"@id":"https:\/\/informelitoral.com.ar\/presentaron-una-nueva-linea-de-creditos-para-el-sector-lacteo-entrerriano\/#breadcrumb"},"inLanguage":"es","potentialAction":[{"@type":"ReadAction","target":["https:\/\/informelitoral.com.ar\/presentaron-una-nueva-linea-de-creditos-para-el-sector-lacteo-entrerriano\/"]}]},{"@type":"ImageObject","inLanguage":"es","@id":"https:\/\/informelitoral.com.ar\/presentaron-una-nueva-linea-de-creditos-para-el-sector-lacteo-entrerriano\/#primaryimage","url":"https:\/\/informelitoral.com.ar\/%77%70%2d%63%6f%6e%74%65%6e%74\/uploads\/2021\/08\/1628599852jpg.jpg","contentUrl":"https:\/\/informelitoral.com.ar\/%77%70%2d%63%6f%6e%74%65%6e%74\/uploads\/2021\/08\/1628599852jpg.jpg","width":1920,"height":1280},{"@type":"BreadcrumbList","@id":"https:\/\/informelitoral.com.ar\/presentaron-una-nueva-linea-de-creditos-para-el-sector-lacteo-entrerriano\/#breadcrumb","itemListElement":[{"@type":"ListItem","position":1,"name":"Portada","item":"https:\/\/informelitoral.com.ar\/"},{"@type":"ListItem","position":2,"name":"Presentaron una nueva l\u00ednea de cr\u00e9ditos para el sector l\u00e1cteo entrerriano"}]},{"@type":"WebSite","@id":"https:\/\/informelitoral.com.ar\/#website","url":"https:\/\/informelitoral.com.ar\/","name":"Informe Litoral","description":"&quot;Nos informamos&quot; ","publisher":{"@id":"https:\/\/informelitoral.com.ar\/#organization"},"potentialAction":[{"@type":"SearchAction","target":{"@type":"EntryPoint","urlTemplate":"https:\/\/informelitoral.com.ar\/?s={search_term_string}"},"query-input":{"@type":"PropertyValueSpecification","valueRequired":true,"valueName":"search_term_string"}}],"inLanguage":"es"},{"@type":"Organization","@id":"https:\/\/informelitoral.com.ar\/#organization","name":"Informe Litoral","url":"https:\/\/informelitoral.com.ar\/","logo":{"@type":"ImageObject","inLanguage":"es","@id":"https:\/\/informelitoral.com.ar\/#\/schema\/logo\/image\/","url":"https:\/\/informelitoral.com.ar\/%77%70%2d%63%6f%6e%74%65%6e%74\/uploads\/2021\/01\/circulo.png","contentUrl":"https:\/\/informelitoral.com.ar\/%77%70%2d%63%6f%6e%74%65%6e%74\/uploads\/2021\/01\/circulo.png","width":723,"height":731,"caption":"Informe Litoral"},"image":{"@id":"https:\/\/informelitoral.com.ar\/#\/schema\/logo\/image\/"},"sameAs":["https:\/\/www.facebook.com\/informelitoral\/","https:\/\/x.com\/InformeLitoral","https:\/\/www.instagram.com\/informelitoral\/","https:\/\/www.youtube.com\/channel\/UCua4Qvz8Icb6MYqhoq9xLXw"]},{"@type":"Person","@id":"https:\/\/informelitoral.com.ar\/#\/schema\/person\/b9d00407c836482871ef1d57bf8e3180","name":"Gonzalo Schmidt","image":{"@type":"ImageObject","inLanguage":"es","@id":"https:\/\/secure.gravatar.com\/avatar\/31a1a7b66ff2de83bd0e9fd79d026630d2d99e55e8bfe501287647b4fd9743de?s=96&d=mm&r=g","url":"https:\/\/secure.gravatar.com\/avatar\/31a1a7b66ff2de83bd0e9fd79d026630d2d99e55e8bfe501287647b4fd9743de?s=96&d=mm&r=g","contentUrl":"https:\/\/secure.gravatar.com\/avatar\/31a1a7b66ff2de83bd0e9fd79d026630d2d99e55e8bfe501287647b4fd9743de?s=96&d=mm&r=g","caption":"Gonzalo Schmidt"},"description":"Sitio web de noticias de la provincia de Entre R\u00edos, Argentina. Informaci\u00f3n y entretenimiento. Informe Litoral, nos informamos.","sameAs":["http:\/\/www.isletasnoticias.com.ar"],"url":"https:\/\/informelitoral.com.ar\/author\/gonzalo\/"}]}},"_links":{"self":[{"href":"https:\/\/informelitoral.com.ar\/%77%70%2d%6a%73%6f%6e\/wp\/v2\/posts\/63456","targetHints":{"allow":["GET"]}}],"collection":[{"href":"https:\/\/informelitoral.com.ar\/%77%70%2d%6a%73%6f%6e\/wp\/v2\/posts"}],"about":[{"href":"https:\/\/informelitoral.com.ar\/%77%70%2d%6a%73%6f%6e\/wp\/v2\/types\/post"}],"author":[{"embeddable":true,"href":"https:\/\/informelitoral.com.ar\/%77%70%2d%6a%73%6f%6e\/wp\/v2\/users\/2"}],"replies":[{"embeddable":true,"href":"https:\/\/informelitoral.com.ar\/%77%70%2d%6a%73%6f%6e\/wp\/v2\/comments?post=63456"}],"version-history":[{"count":0,"href":"https:\/\/informelitoral.com.ar\/%77%70%2d%6a%73%6f%6e\/wp\/v2\/posts\/63456\/revisions"}],"wp:featuredmedia":[{"embeddable":true,"href":"https:\/\/informelitoral.com.ar\/%77%70%2d%6a%73%6f%6e\/wp\/v2\/media\/63458"}],"wp:attachment":[{"href":"https:\/\/informelitoral.com.ar\/%77%70%2d%6a%73%6f%6e\/wp\/v2\/media?parent=63456"}],"wp:term":[{"taxonomy":"category","embeddable":true,"href":"https:\/\/informelitoral.com.ar\/%77%70%2d%6a%73%6f%6e\/wp\/v2\/categories?post=63456"},{"taxonomy":"post_tag","embeddable":true,"href":"https:\/\/informelitoral.com.ar\/%77%70%2d%6a%73%6f%6e\/wp\/v2\/tags?post=63456"}],"curies":[{"name":"wp","href":"https:\/\/api.w.org\/{rel}","templated":true}]}}