{"id":63452,"date":"2021-08-10T08:55:26","date_gmt":"2021-08-10T11:55:26","guid":{"rendered":"https:\/\/www.informelitoral.com.ar\/?p=63452"},"modified":"2021-08-10T08:55:40","modified_gmt":"2021-08-10T11:55:40","slug":"elecciones-2021-entre-rios-tendra-diez-boletas-en-el-cuarto-oscuro","status":"publish","type":"post","link":"https:\/\/informelitoral.com.ar\/elecciones-2021-entre-rios-tendra-diez-boletas-en-el-cuarto-oscuro\/","title":{"rendered":"Elecciones 2021: Entre R\u00edos tendr\u00e1 diez boletas en el cuarto oscuro"},"content":{"rendered":"<article id=\"article-post\" class=\"first\">\n<div class=\"cuerpo\" data-twitter-link=\"https:\/\/twitter.com\/intent\/tweet?url=https:\/\/ahora.com.ar\/c4242757&amp;via=PlataformaAhora&amp;related=Ahora&amp;text=\">\n<p><strong>Un total de 10 boletas estar\u00e1n presentes en el cuarto oscuro de las escuelas entrerrianas<\/strong>\u00a0en las Elecciones Primarias Abiertas, Simult\u00e1neas y Obligatorias\u00a0<strong>-PASO-<\/strong>\u00a0de Entre R\u00edos, donde\u00a0<strong>se renovar\u00e1n cinco bancas<\/strong>\u00a0de la C\u00e1mara de Diputados de la Naci\u00f3n.<\/p>\n<\/div>\n<\/article>\n<article id=\"article-post\">\n<div class=\"cuerpo\" data-twitter-link=\"https:\/\/twitter.com\/intent\/tweet?url=https:\/\/ahora.com.ar\/c4242757&amp;via=PlataformaAhora&amp;related=Ahora&amp;text=\">\n<p>Las boletas corresponden a <strong>siete propuestas<\/strong>, dado que dos espacios ir\u00e1n a internas: Juntos por Entre R\u00edos, con tres listas; y el Partido Socialista, con dos.<\/p>\n<p>A continuaci\u00f3n\u00a0<strong>las 10 boletas que participar\u00e1n de las PASO el 12 de septiembre<\/strong>.<\/p>\n<p><strong>1-FRENTE DE TODOS<\/strong><\/p>\n<div id=\"6165442-Libre-2043908337_wrap\" class=\"embed_cont type_imagen\">\n<div id=\"6165442-Libre-2043908337_content\" class=\"embed_content\"><img decoding=\"async\" id=\"6165442-Libre-2043908337_embed\" src=\"https:\/\/media.ahora.com.ar\/adjuntos\/226\/imagenes\/003\/370\/0003370304.jpg?0000-00-00-00-00-00\" alt=\"\" longdesc=\"https:\/\/media.ahora.com.ar\/adjuntos\/226\/imagenes\/003\/370\/0003370304.jpg?0000-00-00-00-00-00\" \/><\/div>\n<\/div>\n<p><strong>2-JUNTOS POR ENTRE R\u00cdOS<\/strong><\/p>\n<div id=\"6165443-Libre-1577427161_wrap\" class=\"embed_cont type_imagen\">\n<div id=\"6165443-Libre-1577427161_content\" class=\"embed_content\"><img decoding=\"async\" id=\"6165443-Libre-1577427161_embed\" src=\"https:\/\/media.ahora.com.ar\/adjuntos\/226\/imagenes\/003\/370\/0003370306.jpg?0000-00-00-00-00-00\" alt=\"\" longdesc=\"https:\/\/media.ahora.com.ar\/adjuntos\/226\/imagenes\/003\/370\/0003370306.jpg?0000-00-00-00-00-00\" \/><\/div>\n<\/div>\n<div id=\"6165444-Libre-1019322773_wrap\" class=\"embed_cont type_imagen\">\n<div id=\"6165444-Libre-1019322773_content\" class=\"embed_content\"><\/div>\n<div><a href=\"https:\/\/www.informelitoral.com.ar\/%77%70%2d%63%6f%6e%74%65%6e%74\/uploads\/2021\/08\/0003370308.jpg\"><img loading=\"lazy\" decoding=\"async\" class=\"wp-image-63453 alignleft\" src=\"https:\/\/www.informelitoral.com.ar\/%77%70%2d%63%6f%6e%74%65%6e%74\/uploads\/2021\/08\/0003370308.jpg\" alt=\"\" width=\"384\" height=\"610\" srcset=\"https:\/\/informelitoral.com.ar\/%77%70%2d%63%6f%6e%74%65%6e%74\/uploads\/2021\/08\/0003370308.jpg 275w, https:\/\/informelitoral.com.ar\/%77%70%2d%63%6f%6e%74%65%6e%74\/uploads\/2021\/08\/0003370308-189x300.jpg 189w, https:\/\/informelitoral.com.ar\/%77%70%2d%63%6f%6e%74%65%6e%74\/uploads\/2021\/08\/0003370308-264x420.jpg 264w\" sizes=\"auto, (max-width: 384px) 100vw, 384px\" \/><\/a><\/div>\n<\/div>\n<div id=\"6165445-Libre-816152873_wrap\" class=\"embed_cont type_imagen\">\n<div id=\"6165445-Libre-816152873_content\" class=\"embed_content\"><img decoding=\"async\" id=\"6165445-Libre-816152873_embed\" src=\"https:\/\/media.ahora.com.ar\/adjuntos\/226\/imagenes\/003\/370\/0003370310.jpg?0000-00-00-00-00-00\" alt=\"\" longdesc=\"https:\/\/media.ahora.com.ar\/adjuntos\/226\/imagenes\/003\/370\/0003370310.jpg?0000-00-00-00-00-00\" \/><\/div>\n<\/div>\n<p><strong>3-PARTIDO SOCIALISTA<\/strong><\/p>\n<div id=\"6165446-Libre-859530618_wrap\" class=\"embed_cont type_imagen\">\n<div id=\"6165446-Libre-859530618_content\" class=\"embed_content\"><img decoding=\"async\" id=\"6165446-Libre-859530618_embed\" src=\"https:\/\/media.ahora.com.ar\/adjuntos\/226\/imagenes\/003\/370\/0003370312.jpg?0000-00-00-00-00-00\" alt=\"\" longdesc=\"https:\/\/media.ahora.com.ar\/adjuntos\/226\/imagenes\/003\/370\/0003370312.jpg?0000-00-00-00-00-00\" \/><\/div>\n<\/div>\n<div id=\"6165447-Libre-1519499613_wrap\" class=\"embed_cont type_imagen\">\n<div id=\"6165447-Libre-1519499613_content\" class=\"embed_content\"><img decoding=\"async\" id=\"6165447-Libre-1519499613_embed\" src=\"https:\/\/media.ahora.com.ar\/adjuntos\/226\/imagenes\/003\/370\/0003370314.jpg?0000-00-00-00-00-00\" alt=\"\" longdesc=\"https:\/\/media.ahora.com.ar\/adjuntos\/226\/imagenes\/003\/370\/0003370314.jpg?0000-00-00-00-00-00\" \/><\/div>\n<\/div>\n<p><strong>4-NUEVA IZQUIERDA<\/strong><\/p>\n<div id=\"6165448-Libre-1592887268_wrap\" class=\"embed_cont type_imagen\">\n<div id=\"6165448-Libre-1592887268_content\" class=\"embed_content\"><img decoding=\"async\" id=\"6165448-Libre-1592887268_embed\" src=\"https:\/\/media.ahora.com.ar\/adjuntos\/226\/imagenes\/003\/370\/0003370316.jpg?0000-00-00-00-00-00\" alt=\"\" longdesc=\"https:\/\/media.ahora.com.ar\/adjuntos\/226\/imagenes\/003\/370\/0003370316.jpg?0000-00-00-00-00-00\" \/><\/div>\n<\/div>\n<p><strong>5-NUEVO MAS<\/strong><\/p>\n<div id=\"6165450-Libre-196214301_wrap\" class=\"embed_cont type_imagen\">\n<div id=\"6165450-Libre-196214301_content\" class=\"embed_content\"><img decoding=\"async\" id=\"6165450-Libre-196214301_embed\" src=\"https:\/\/media.ahora.com.ar\/adjuntos\/226\/imagenes\/003\/370\/0003370320.jpg?0000-00-00-00-00-00\" alt=\"\" longdesc=\"https:\/\/media.ahora.com.ar\/adjuntos\/226\/imagenes\/003\/370\/0003370320.jpg?0000-00-00-00-00-00\" \/><\/div>\n<\/div>\n<p>6-NOS<\/p>\n<div id=\"6165449-Libre-1417934260_wrap\" class=\"embed_cont type_imagen\">\n<div id=\"6165449-Libre-1417934260_content\" class=\"embed_content\"><img decoding=\"async\" id=\"6165449-Libre-1417934260_embed\" src=\"https:\/\/media.ahora.com.ar\/adjuntos\/226\/imagenes\/003\/370\/0003370318.jpg?0000-00-00-00-00-00\" alt=\"\" longdesc=\"https:\/\/media.ahora.com.ar\/adjuntos\/226\/imagenes\/003\/370\/0003370318.jpg?0000-00-00-00-00-00\" \/><\/div>\n<\/div>\n<p>7-PARTIDO FE<\/p>\n<div id=\"6165451-Libre-798089247_wrap\" class=\"embed_cont type_imagen\">\n<div id=\"6165451-Libre-798089247_content\" class=\"embed_content\"><img decoding=\"async\" id=\"6165451-Libre-798089247_embed\" src=\"https:\/\/media.ahora.com.ar\/adjuntos\/226\/imagenes\/003\/370\/0003370322.jpg?0000-00-00-00-00-00\" alt=\"\" longdesc=\"https:\/\/media.ahora.com.ar\/adjuntos\/226\/imagenes\/003\/370\/0003370322.jpg?0000-00-00-00-00-00\" \/><\/div>\n<\/div>\n<\/div>\n<\/article>\n","protected":false},"excerpt":{"rendered":"<p>Ser\u00e1 durante las PASO que se desarrollar\u00e1n el domingo 12 de septiembre. Solo dos espacios pol\u00edticos ir\u00e1n a internas. <\/p>\n","protected":false},"author":2,"featured_media":22071,"comment_status":"open","ping_status":"open","sticky":false,"template":"","format":"standard","meta":{"fifu_image_url":"","fifu_image_alt":"","footnotes":""},"categories":[16],"tags":[2254,81,287,2293],"class_list":{"0":"post-63452","1":"post","2":"type-post","3":"status-publish","4":"format-standard","5":"has-post-thumbnail","7":"category-politi","8":"tag-elecciones-2021","9":"tag-entre-rios","10":"tag-legislativas","11":"tag-paso"},"yoast_head":"<title>Elecciones 2021: Entre R\u00edos tendr\u00e1 diez boletas en el cuarto oscuro - Informe Litoral<\/title>\n<meta name=\"robots\" content=\"index, follow, max-snippet:-1, max-image-preview:large, max-video-preview:-1\" \/>\n<link rel=\"canonical\" href=\"https:\/\/informelitoral.com.ar\/elecciones-2021-entre-rios-tendra-diez-boletas-en-el-cuarto-oscuro\/\" \/>\n<meta property=\"og:locale\" content=\"es_ES\" \/>\n<meta property=\"og:type\" content=\"article\" \/>\n<meta property=\"og:title\" content=\"Elecciones 2021: Entre R\u00edos tendr\u00e1 diez boletas en el cuarto oscuro - Informe Litoral\" \/>\n<meta property=\"og:description\" content=\"Ser\u00e1 durante las PASO que se desarrollar\u00e1n el domingo 12 de septiembre. Solo dos espacios pol\u00edticos ir\u00e1n a internas.\" \/>\n<meta property=\"og:url\" content=\"https:\/\/informelitoral.com.ar\/elecciones-2021-entre-rios-tendra-diez-boletas-en-el-cuarto-oscuro\/\" \/>\n<meta property=\"og:site_name\" content=\"Informe Litoral\" \/>\n<meta property=\"article:publisher\" content=\"https:\/\/www.facebook.com\/informelitoral\/\" \/>\n<meta property=\"article:published_time\" content=\"2021-08-10T11:55:26+00:00\" \/>\n<meta property=\"article:modified_time\" content=\"2021-08-10T11:55:40+00:00\" \/>\n<meta property=\"og:image\" content=\"https:\/\/informelitoral.com.ar\/%77%70%2d%63%6f%6e%74%65%6e%74\/uploads\/2017\/06\/elecciones-2017.jpg\" \/>\n\t<meta property=\"og:image:width\" content=\"829\" \/>\n\t<meta property=\"og:image:height\" content=\"466\" \/>\n\t<meta property=\"og:image:type\" content=\"image\/jpeg\" \/>\n<meta name=\"author\" content=\"Gonzalo Schmidt\" \/>\n<meta name=\"twitter:card\" content=\"summary_large_image\" \/>\n<meta name=\"twitter:creator\" content=\"@InformeLitoral\" \/>\n<meta name=\"twitter:site\" content=\"@InformeLitoral\" \/>\n<meta name=\"twitter:label1\" content=\"Escrito por\" \/>\n\t<meta name=\"twitter:data1\" content=\"Gonzalo Schmidt\" \/>\n\t<meta name=\"twitter:label2\" content=\"Tiempo de lectura\" \/>\n\t<meta name=\"twitter:data2\" content=\"1 minuto\" \/>\n<script type=\"application\/ld+json\" class=\"yoast-schema-graph\">{\"@context\":\"https:\\\/\\\/schema.org\",\"@graph\":[{\"@type\":\"Article\",\"@id\":\"https:\\\/\\\/informelitoral.com.ar\\\/elecciones-2021-entre-rios-tendra-diez-boletas-en-el-cuarto-oscuro\\\/#article\",\"isPartOf\":{\"@id\":\"https:\\\/\\\/informelitoral.com.ar\\\/elecciones-2021-entre-rios-tendra-diez-boletas-en-el-cuarto-oscuro\\\/\"},\"author\":{\"name\":\"Gonzalo Schmidt\",\"@id\":\"https:\\\/\\\/informelitoral.com.ar\\\/#\\\/schema\\\/person\\\/b9d00407c836482871ef1d57bf8e3180\"},\"headline\":\"Elecciones 2021: Entre R\u00edos tendr\u00e1 diez boletas en el cuarto oscuro\",\"datePublished\":\"2021-08-10T11:55:26+00:00\",\"dateModified\":\"2021-08-10T11:55:40+00:00\",\"mainEntityOfPage\":{\"@id\":\"https:\\\/\\\/informelitoral.com.ar\\\/elecciones-2021-entre-rios-tendra-diez-boletas-en-el-cuarto-oscuro\\\/\"},\"wordCount\":115,\"commentCount\":0,\"publisher\":{\"@id\":\"https:\\\/\\\/informelitoral.com.ar\\\/#organization\"},\"image\":{\"@id\":\"https:\\\/\\\/informelitoral.com.ar\\\/elecciones-2021-entre-rios-tendra-diez-boletas-en-el-cuarto-oscuro\\\/#primaryimage\"},\"thumbnailUrl\":\"https:\\\/\\\/informelitoral.com.ar\\\/%77%70%2d%63%6f%6e%74%65%6e%74\\\/uploads\\\/2017\\\/06\\\/elecciones-2017.jpg\",\"keywords\":[\"Elecciones 2021\",\"Entre R\u00edos\",\"Legislativas\",\"PASO\"],\"articleSection\":[\"Politica\"],\"inLanguage\":\"es\",\"potentialAction\":[{\"@type\":\"CommentAction\",\"name\":\"Comment\",\"target\":[\"https:\\\/\\\/informelitoral.com.ar\\\/elecciones-2021-entre-rios-tendra-diez-boletas-en-el-cuarto-oscuro\\\/#respond\"]}]},{\"@type\":\"WebPage\",\"@id\":\"https:\\\/\\\/informelitoral.com.ar\\\/elecciones-2021-entre-rios-tendra-diez-boletas-en-el-cuarto-oscuro\\\/\",\"url\":\"https:\\\/\\\/informelitoral.com.ar\\\/elecciones-2021-entre-rios-tendra-diez-boletas-en-el-cuarto-oscuro\\\/\",\"name\":\"Elecciones 2021: Entre R\u00edos tendr\u00e1 diez boletas en el cuarto oscuro - Informe Litoral\",\"isPartOf\":{\"@id\":\"https:\\\/\\\/informelitoral.com.ar\\\/#website\"},\"primaryImageOfPage\":{\"@id\":\"https:\\\/\\\/informelitoral.com.ar\\\/elecciones-2021-entre-rios-tendra-diez-boletas-en-el-cuarto-oscuro\\\/#primaryimage\"},\"image\":{\"@id\":\"https:\\\/\\\/informelitoral.com.ar\\\/elecciones-2021-entre-rios-tendra-diez-boletas-en-el-cuarto-oscuro\\\/#primaryimage\"},\"thumbnailUrl\":\"https:\\\/\\\/informelitoral.com.ar\\\/%77%70%2d%63%6f%6e%74%65%6e%74\\\/uploads\\\/2017\\\/06\\\/elecciones-2017.jpg\",\"datePublished\":\"2021-08-10T11:55:26+00:00\",\"dateModified\":\"2021-08-10T11:55:40+00:00\",\"breadcrumb\":{\"@id\":\"https:\\\/\\\/informelitoral.com.ar\\\/elecciones-2021-entre-rios-tendra-diez-boletas-en-el-cuarto-oscuro\\\/#breadcrumb\"},\"inLanguage\":\"es\",\"potentialAction\":[{\"@type\":\"ReadAction\",\"target\":[\"https:\\\/\\\/informelitoral.com.ar\\\/elecciones-2021-entre-rios-tendra-diez-boletas-en-el-cuarto-oscuro\\\/\"]}]},{\"@type\":\"ImageObject\",\"inLanguage\":\"es\",\"@id\":\"https:\\\/\\\/informelitoral.com.ar\\\/elecciones-2021-entre-rios-tendra-diez-boletas-en-el-cuarto-oscuro\\\/#primaryimage\",\"url\":\"https:\\\/\\\/informelitoral.com.ar\\\/%77%70%2d%63%6f%6e%74%65%6e%74\\\/uploads\\\/2017\\\/06\\\/elecciones-2017.jpg\",\"contentUrl\":\"https:\\\/\\\/informelitoral.com.ar\\\/%77%70%2d%63%6f%6e%74%65%6e%74\\\/uploads\\\/2017\\\/06\\\/elecciones-2017.jpg\",\"width\":829,\"height\":466},{\"@type\":\"BreadcrumbList\",\"@id\":\"https:\\\/\\\/informelitoral.com.ar\\\/elecciones-2021-entre-rios-tendra-diez-boletas-en-el-cuarto-oscuro\\\/#breadcrumb\",\"itemListElement\":[{\"@type\":\"ListItem\",\"position\":1,\"name\":\"Portada\",\"item\":\"https:\\\/\\\/informelitoral.com.ar\\\/\"},{\"@type\":\"ListItem\",\"position\":2,\"name\":\"Elecciones 2021: Entre R\u00edos tendr\u00e1 diez boletas en el cuarto oscuro\"}]},{\"@type\":\"WebSite\",\"@id\":\"https:\\\/\\\/informelitoral.com.ar\\\/#website\",\"url\":\"https:\\\/\\\/informelitoral.com.ar\\\/\",\"name\":\"Informe Litoral\",\"description\":\"&quot;Nos informamos&quot; \",\"publisher\":{\"@id\":\"https:\\\/\\\/informelitoral.com.ar\\\/#organization\"},\"potentialAction\":[{\"@type\":\"SearchAction\",\"target\":{\"@type\":\"EntryPoint\",\"urlTemplate\":\"https:\\\/\\\/informelitoral.com.ar\\\/?s={search_term_string}\"},\"query-input\":{\"@type\":\"PropertyValueSpecification\",\"valueRequired\":true,\"valueName\":\"search_term_string\"}}],\"inLanguage\":\"es\"},{\"@type\":\"Organization\",\"@id\":\"https:\\\/\\\/informelitoral.com.ar\\\/#organization\",\"name\":\"Informe Litoral\",\"url\":\"https:\\\/\\\/informelitoral.com.ar\\\/\",\"logo\":{\"@type\":\"ImageObject\",\"inLanguage\":\"es\",\"@id\":\"https:\\\/\\\/informelitoral.com.ar\\\/#\\\/schema\\\/logo\\\/image\\\/\",\"url\":\"https:\\\/\\\/informelitoral.com.ar\\\/%77%70%2d%63%6f%6e%74%65%6e%74\\\/uploads\\\/2021\\\/01\\\/circulo.png\",\"contentUrl\":\"https:\\\/\\\/informelitoral.com.ar\\\/%77%70%2d%63%6f%6e%74%65%6e%74\\\/uploads\\\/2021\\\/01\\\/circulo.png\",\"width\":723,\"height\":731,\"caption\":\"Informe Litoral\"},\"image\":{\"@id\":\"https:\\\/\\\/informelitoral.com.ar\\\/#\\\/schema\\\/logo\\\/image\\\/\"},\"sameAs\":[\"https:\\\/\\\/www.facebook.com\\\/informelitoral\\\/\",\"https:\\\/\\\/x.com\\\/InformeLitoral\",\"https:\\\/\\\/www.instagram.com\\\/informelitoral\\\/\",\"https:\\\/\\\/www.youtube.com\\\/channel\\\/UCua4Qvz8Icb6MYqhoq9xLXw\"]},{\"@type\":\"Person\",\"@id\":\"https:\\\/\\\/informelitoral.com.ar\\\/#\\\/schema\\\/person\\\/b9d00407c836482871ef1d57bf8e3180\",\"name\":\"Gonzalo Schmidt\",\"image\":{\"@type\":\"ImageObject\",\"inLanguage\":\"es\",\"@id\":\"https:\\\/\\\/secure.gravatar.com\\\/avatar\\\/31a1a7b66ff2de83bd0e9fd79d026630d2d99e55e8bfe501287647b4fd9743de?s=96&d=mm&r=g\",\"url\":\"https:\\\/\\\/secure.gravatar.com\\\/avatar\\\/31a1a7b66ff2de83bd0e9fd79d026630d2d99e55e8bfe501287647b4fd9743de?s=96&d=mm&r=g\",\"contentUrl\":\"https:\\\/\\\/secure.gravatar.com\\\/avatar\\\/31a1a7b66ff2de83bd0e9fd79d026630d2d99e55e8bfe501287647b4fd9743de?s=96&d=mm&r=g\",\"caption\":\"Gonzalo Schmidt\"},\"description\":\"Sitio web de noticias de la provincia de Entre R\u00edos, Argentina. Informaci\u00f3n y entretenimiento. Informe Litoral, nos informamos.\",\"sameAs\":[\"http:\\\/\\\/www.isletasnoticias.com.ar\"],\"url\":\"https:\\\/\\\/informelitoral.com.ar\\\/author\\\/gonzalo\\\/\"}]}<\/script>","yoast_head_json":{"title":"Elecciones 2021: Entre R\u00edos tendr\u00e1 diez boletas en el cuarto oscuro - Informe Litoral","robots":{"index":"index","follow":"follow","max-snippet":"max-snippet:-1","max-image-preview":"max-image-preview:large","max-video-preview":"max-video-preview:-1"},"canonical":"https:\/\/informelitoral.com.ar\/elecciones-2021-entre-rios-tendra-diez-boletas-en-el-cuarto-oscuro\/","og_locale":"es_ES","og_type":"article","og_title":"Elecciones 2021: Entre R\u00edos tendr\u00e1 diez boletas en el cuarto oscuro - Informe Litoral","og_description":"Ser\u00e1 durante las PASO que se desarrollar\u00e1n el domingo 12 de septiembre. Solo dos espacios pol\u00edticos ir\u00e1n a internas.","og_url":"https:\/\/informelitoral.com.ar\/elecciones-2021-entre-rios-tendra-diez-boletas-en-el-cuarto-oscuro\/","og_site_name":"Informe Litoral","article_publisher":"https:\/\/www.facebook.com\/informelitoral\/","article_published_time":"2021-08-10T11:55:26+00:00","article_modified_time":"2021-08-10T11:55:40+00:00","og_image":[{"width":829,"height":466,"url":"https:\/\/informelitoral.com.ar\/%77%70%2d%63%6f%6e%74%65%6e%74\/uploads\/2017\/06\/elecciones-2017.jpg","type":"image\/jpeg"}],"author":"Gonzalo Schmidt","twitter_card":"summary_large_image","twitter_creator":"@InformeLitoral","twitter_site":"@InformeLitoral","twitter_misc":{"Escrito por":"Gonzalo Schmidt","Tiempo de lectura":"1 minuto"},"schema":{"@context":"https:\/\/schema.org","@graph":[{"@type":"Article","@id":"https:\/\/informelitoral.com.ar\/elecciones-2021-entre-rios-tendra-diez-boletas-en-el-cuarto-oscuro\/#article","isPartOf":{"@id":"https:\/\/informelitoral.com.ar\/elecciones-2021-entre-rios-tendra-diez-boletas-en-el-cuarto-oscuro\/"},"author":{"name":"Gonzalo Schmidt","@id":"https:\/\/informelitoral.com.ar\/#\/schema\/person\/b9d00407c836482871ef1d57bf8e3180"},"headline":"Elecciones 2021: Entre R\u00edos tendr\u00e1 diez boletas en el cuarto oscuro","datePublished":"2021-08-10T11:55:26+00:00","dateModified":"2021-08-10T11:55:40+00:00","mainEntityOfPage":{"@id":"https:\/\/informelitoral.com.ar\/elecciones-2021-entre-rios-tendra-diez-boletas-en-el-cuarto-oscuro\/"},"wordCount":115,"commentCount":0,"publisher":{"@id":"https:\/\/informelitoral.com.ar\/#organization"},"image":{"@id":"https:\/\/informelitoral.com.ar\/elecciones-2021-entre-rios-tendra-diez-boletas-en-el-cuarto-oscuro\/#primaryimage"},"thumbnailUrl":"https:\/\/informelitoral.com.ar\/%77%70%2d%63%6f%6e%74%65%6e%74\/uploads\/2017\/06\/elecciones-2017.jpg","keywords":["Elecciones 2021","Entre R\u00edos","Legislativas","PASO"],"articleSection":["Politica"],"inLanguage":"es","potentialAction":[{"@type":"CommentAction","name":"Comment","target":["https:\/\/informelitoral.com.ar\/elecciones-2021-entre-rios-tendra-diez-boletas-en-el-cuarto-oscuro\/#respond"]}]},{"@type":"WebPage","@id":"https:\/\/informelitoral.com.ar\/elecciones-2021-entre-rios-tendra-diez-boletas-en-el-cuarto-oscuro\/","url":"https:\/\/informelitoral.com.ar\/elecciones-2021-entre-rios-tendra-diez-boletas-en-el-cuarto-oscuro\/","name":"Elecciones 2021: Entre R\u00edos tendr\u00e1 diez boletas en el cuarto oscuro - Informe Litoral","isPartOf":{"@id":"https:\/\/informelitoral.com.ar\/#website"},"primaryImageOfPage":{"@id":"https:\/\/informelitoral.com.ar\/elecciones-2021-entre-rios-tendra-diez-boletas-en-el-cuarto-oscuro\/#primaryimage"},"image":{"@id":"https:\/\/informelitoral.com.ar\/elecciones-2021-entre-rios-tendra-diez-boletas-en-el-cuarto-oscuro\/#primaryimage"},"thumbnailUrl":"https:\/\/informelitoral.com.ar\/%77%70%2d%63%6f%6e%74%65%6e%74\/uploads\/2017\/06\/elecciones-2017.jpg","datePublished":"2021-08-10T11:55:26+00:00","dateModified":"2021-08-10T11:55:40+00:00","breadcrumb":{"@id":"https:\/\/informelitoral.com.ar\/elecciones-2021-entre-rios-tendra-diez-boletas-en-el-cuarto-oscuro\/#breadcrumb"},"inLanguage":"es","potentialAction":[{"@type":"ReadAction","target":["https:\/\/informelitoral.com.ar\/elecciones-2021-entre-rios-tendra-diez-boletas-en-el-cuarto-oscuro\/"]}]},{"@type":"ImageObject","inLanguage":"es","@id":"https:\/\/informelitoral.com.ar\/elecciones-2021-entre-rios-tendra-diez-boletas-en-el-cuarto-oscuro\/#primaryimage","url":"https:\/\/informelitoral.com.ar\/%77%70%2d%63%6f%6e%74%65%6e%74\/uploads\/2017\/06\/elecciones-2017.jpg","contentUrl":"https:\/\/informelitoral.com.ar\/%77%70%2d%63%6f%6e%74%65%6e%74\/uploads\/2017\/06\/elecciones-2017.jpg","width":829,"height":466},{"@type":"BreadcrumbList","@id":"https:\/\/informelitoral.com.ar\/elecciones-2021-entre-rios-tendra-diez-boletas-en-el-cuarto-oscuro\/#breadcrumb","itemListElement":[{"@type":"ListItem","position":1,"name":"Portada","item":"https:\/\/informelitoral.com.ar\/"},{"@type":"ListItem","position":2,"name":"Elecciones 2021: Entre R\u00edos tendr\u00e1 diez boletas en el cuarto oscuro"}]},{"@type":"WebSite","@id":"https:\/\/informelitoral.com.ar\/#website","url":"https:\/\/informelitoral.com.ar\/","name":"Informe Litoral","description":"&quot;Nos informamos&quot; ","publisher":{"@id":"https:\/\/informelitoral.com.ar\/#organization"},"potentialAction":[{"@type":"SearchAction","target":{"@type":"EntryPoint","urlTemplate":"https:\/\/informelitoral.com.ar\/?s={search_term_string}"},"query-input":{"@type":"PropertyValueSpecification","valueRequired":true,"valueName":"search_term_string"}}],"inLanguage":"es"},{"@type":"Organization","@id":"https:\/\/informelitoral.com.ar\/#organization","name":"Informe Litoral","url":"https:\/\/informelitoral.com.ar\/","logo":{"@type":"ImageObject","inLanguage":"es","@id":"https:\/\/informelitoral.com.ar\/#\/schema\/logo\/image\/","url":"https:\/\/informelitoral.com.ar\/%77%70%2d%63%6f%6e%74%65%6e%74\/uploads\/2021\/01\/circulo.png","contentUrl":"https:\/\/informelitoral.com.ar\/%77%70%2d%63%6f%6e%74%65%6e%74\/uploads\/2021\/01\/circulo.png","width":723,"height":731,"caption":"Informe Litoral"},"image":{"@id":"https:\/\/informelitoral.com.ar\/#\/schema\/logo\/image\/"},"sameAs":["https:\/\/www.facebook.com\/informelitoral\/","https:\/\/x.com\/InformeLitoral","https:\/\/www.instagram.com\/informelitoral\/","https:\/\/www.youtube.com\/channel\/UCua4Qvz8Icb6MYqhoq9xLXw"]},{"@type":"Person","@id":"https:\/\/informelitoral.com.ar\/#\/schema\/person\/b9d00407c836482871ef1d57bf8e3180","name":"Gonzalo Schmidt","image":{"@type":"ImageObject","inLanguage":"es","@id":"https:\/\/secure.gravatar.com\/avatar\/31a1a7b66ff2de83bd0e9fd79d026630d2d99e55e8bfe501287647b4fd9743de?s=96&d=mm&r=g","url":"https:\/\/secure.gravatar.com\/avatar\/31a1a7b66ff2de83bd0e9fd79d026630d2d99e55e8bfe501287647b4fd9743de?s=96&d=mm&r=g","contentUrl":"https:\/\/secure.gravatar.com\/avatar\/31a1a7b66ff2de83bd0e9fd79d026630d2d99e55e8bfe501287647b4fd9743de?s=96&d=mm&r=g","caption":"Gonzalo Schmidt"},"description":"Sitio web de noticias de la provincia de Entre R\u00edos, Argentina. Informaci\u00f3n y entretenimiento. Informe Litoral, nos informamos.","sameAs":["http:\/\/www.isletasnoticias.com.ar"],"url":"https:\/\/informelitoral.com.ar\/author\/gonzalo\/"}]}},"_links":{"self":[{"href":"https:\/\/informelitoral.com.ar\/%77%70%2d%6a%73%6f%6e\/wp\/v2\/posts\/63452","targetHints":{"allow":["GET"]}}],"collection":[{"href":"https:\/\/informelitoral.com.ar\/%77%70%2d%6a%73%6f%6e\/wp\/v2\/posts"}],"about":[{"href":"https:\/\/informelitoral.com.ar\/%77%70%2d%6a%73%6f%6e\/wp\/v2\/types\/post"}],"author":[{"embeddable":true,"href":"https:\/\/informelitoral.com.ar\/%77%70%2d%6a%73%6f%6e\/wp\/v2\/users\/2"}],"replies":[{"embeddable":true,"href":"https:\/\/informelitoral.com.ar\/%77%70%2d%6a%73%6f%6e\/wp\/v2\/comments?post=63452"}],"version-history":[{"count":0,"href":"https:\/\/informelitoral.com.ar\/%77%70%2d%6a%73%6f%6e\/wp\/v2\/posts\/63452\/revisions"}],"wp:featuredmedia":[{"embeddable":true,"href":"https:\/\/informelitoral.com.ar\/%77%70%2d%6a%73%6f%6e\/wp\/v2\/media\/22071"}],"wp:attachment":[{"href":"https:\/\/informelitoral.com.ar\/%77%70%2d%6a%73%6f%6e\/wp\/v2\/media?parent=63452"}],"wp:term":[{"taxonomy":"category","embeddable":true,"href":"https:\/\/informelitoral.com.ar\/%77%70%2d%6a%73%6f%6e\/wp\/v2\/categories?post=63452"},{"taxonomy":"post_tag","embeddable":true,"href":"https:\/\/informelitoral.com.ar\/%77%70%2d%6a%73%6f%6e\/wp\/v2\/tags?post=63452"}],"curies":[{"name":"wp","href":"https:\/\/api.w.org\/{rel}","templated":true}]}}