{"id":63435,"date":"2021-08-09T19:30:49","date_gmt":"2021-08-09T22:30:49","guid":{"rendered":"https:\/\/www.informelitoral.com.ar\/?p=63435"},"modified":"2021-08-09T19:30:49","modified_gmt":"2021-08-09T22:30:49","slug":"galimberti-schneider-y-salinas-con-agenda-en-chajari-tala-parana-y-concordia","status":"publish","type":"post","link":"https:\/\/informelitoral.com.ar\/galimberti-schneider-y-salinas-con-agenda-en-chajari-tala-parana-y-concordia\/","title":{"rendered":"Galimberti, Schneider y Salinas con agenda en Chajar\u00ed, Tala, Paran\u00e1 y Concordia"},"content":{"rendered":"<p>Los precandidatos a diputados nacionales por la lista Entre R\u00edos Cambia, Pedro Galimberti, Mariana Salinas y Dar\u00edo Schneider, contin\u00faan esta semana su campa\u00f1a de cara a las PASO del pr\u00f3ximo 12 de septiembre.<\/p>\n<p>Desde este lunes 9 y hasta el domingo 15 de agosto desarrollan, nuevamente, algunas actividades de forma conjunta y otras de manera individual, de forma de garantizar presencia en distintos lugares del territorio entrerriano y mantener reuniones con dirigentes, instituciones, militantes, atendiendo adem\u00e1s a los medios de comunicaci\u00f3n de los diversos lugares.<\/p>\n<p>La semana comenz\u00f3 en la ma\u00f1ana del lunes con algunas entrevistas programadas por Galimberti en medios de comunicaci\u00f3n, continuando en la tarde noche con una reuni\u00f3n con el Centro de Actividades Econ\u00f3micas de Chajar\u00ed y la presentaci\u00f3n de la lista Entre R\u00edos Cambia en el Comit\u00e9 UCR Chajar\u00ed.<\/p>\n<p><strong>As\u00ed sigue<\/strong><\/p>\n<p>Este martes 10 Galimberti y Salinas, a las 20:00, mantendr\u00e1n una reuni\u00f3n con la Sociedad Rural de Concordia. Previamente, por la tarde, Schneider desarrollar\u00e1 su agenda en el Departamento Tala, incluyendo a las 15.00 una visita a una empresa del Parque Industrial; reuniones institucionales y contactos con la prensa de la zona.<\/p>\n<p>El jueves 12 desde las 10 y hasta las 21:30 Galimberti y Salinas desarrollan agenda en Concordia. El viernes 13 habr\u00e1 agenda de jornada completa en el Departamento Concepci\u00f3n del Uruguay, con la presencia de Galimberti, Salinas, Schneider y Ram\u00f3n Cornejo.<\/p>\n<p>El s\u00e1bado 14 y domingo 15, por la ma\u00f1ana y la tarde, los candidatos desarrollar\u00e1n agenda en Paran\u00e1. El s\u00e1bado a las 20.00, adem\u00e1s, Pedro Galimberti participar\u00e1 de un Zoom con productores agropecuarios.<\/p>\n","protected":false},"excerpt":{"rendered":"<p>Los precandidatos mantendr\u00e1n diferentes actividades, lo que incluye reuniones con referentes pol\u00edticos y de instituciones de cara a las PASO del 12 de septiembre.<\/p>\n","protected":false},"author":2,"featured_media":63436,"comment_status":"open","ping_status":"open","sticky":false,"template":"","format":"standard","meta":{"fifu_image_url":"","fifu_image_alt":"","footnotes":""},"categories":[16],"tags":[1521,2254,2313],"class_list":{"0":"post-63435","1":"post","2":"type-post","3":"status-publish","4":"format-standard","5":"has-post-thumbnail","7":"category-politi","8":"tag-dario-schneider","9":"tag-elecciones-2021","10":"tag-pedro-galimberti"},"yoast_head":"<title>Galimberti, Schneider y Salinas con agenda en Chajar\u00ed, Tala, Paran\u00e1 y Concordia - Informe Litoral<\/title>\n<meta name=\"robots\" content=\"index, follow, max-snippet:-1, max-image-preview:large, max-video-preview:-1\" \/>\n<link rel=\"canonical\" href=\"https:\/\/informelitoral.com.ar\/galimberti-schneider-y-salinas-con-agenda-en-chajari-tala-parana-y-concordia\/\" \/>\n<meta property=\"og:locale\" content=\"es_ES\" \/>\n<meta property=\"og:type\" content=\"article\" \/>\n<meta property=\"og:title\" content=\"Galimberti, Schneider y Salinas con agenda en Chajar\u00ed, Tala, Paran\u00e1 y Concordia - Informe Litoral\" \/>\n<meta property=\"og:description\" content=\"Los precandidatos mantendr\u00e1n diferentes actividades, lo que incluye reuniones con referentes pol\u00edticos y de instituciones de cara a las PASO del 12 de septiembre.\" \/>\n<meta property=\"og:url\" content=\"https:\/\/informelitoral.com.ar\/galimberti-schneider-y-salinas-con-agenda-en-chajari-tala-parana-y-concordia\/\" \/>\n<meta property=\"og:site_name\" content=\"Informe Litoral\" \/>\n<meta property=\"article:publisher\" content=\"https:\/\/www.facebook.com\/informelitoral\/\" \/>\n<meta property=\"article:published_time\" content=\"2021-08-09T22:30:49+00:00\" \/>\n<meta property=\"og:image\" content=\"https:\/\/informelitoral.com.ar\/%77%70%2d%63%6f%6e%74%65%6e%74\/uploads\/2021\/08\/Schneider-Galimberti-Salinas.jpg\" \/>\n\t<meta property=\"og:image:width\" content=\"1280\" \/>\n\t<meta property=\"og:image:height\" content=\"853\" \/>\n\t<meta property=\"og:image:type\" content=\"image\/jpeg\" \/>\n<meta name=\"author\" content=\"Gonzalo Schmidt\" \/>\n<meta name=\"twitter:card\" content=\"summary_large_image\" \/>\n<meta name=\"twitter:creator\" content=\"@InformeLitoral\" \/>\n<meta name=\"twitter:site\" content=\"@InformeLitoral\" \/>\n<meta name=\"twitter:label1\" content=\"Escrito por\" \/>\n\t<meta name=\"twitter:data1\" content=\"Gonzalo Schmidt\" \/>\n\t<meta name=\"twitter:label2\" content=\"Tiempo de lectura\" \/>\n\t<meta name=\"twitter:data2\" content=\"1 minuto\" \/>\n<script type=\"application\/ld+json\" class=\"yoast-schema-graph\">{\"@context\":\"https:\\\/\\\/schema.org\",\"@graph\":[{\"@type\":\"Article\",\"@id\":\"https:\\\/\\\/informelitoral.com.ar\\\/galimberti-schneider-y-salinas-con-agenda-en-chajari-tala-parana-y-concordia\\\/#article\",\"isPartOf\":{\"@id\":\"https:\\\/\\\/informelitoral.com.ar\\\/galimberti-schneider-y-salinas-con-agenda-en-chajari-tala-parana-y-concordia\\\/\"},\"author\":{\"name\":\"Gonzalo Schmidt\",\"@id\":\"https:\\\/\\\/informelitoral.com.ar\\\/#\\\/schema\\\/person\\\/b9d00407c836482871ef1d57bf8e3180\"},\"headline\":\"Galimberti, Schneider y Salinas con agenda en Chajar\u00ed, Tala, Paran\u00e1 y Concordia\",\"datePublished\":\"2021-08-09T22:30:49+00:00\",\"mainEntityOfPage\":{\"@id\":\"https:\\\/\\\/informelitoral.com.ar\\\/galimberti-schneider-y-salinas-con-agenda-en-chajari-tala-parana-y-concordia\\\/\"},\"wordCount\":282,\"commentCount\":0,\"publisher\":{\"@id\":\"https:\\\/\\\/informelitoral.com.ar\\\/#organization\"},\"image\":{\"@id\":\"https:\\\/\\\/informelitoral.com.ar\\\/galimberti-schneider-y-salinas-con-agenda-en-chajari-tala-parana-y-concordia\\\/#primaryimage\"},\"thumbnailUrl\":\"https:\\\/\\\/informelitoral.com.ar\\\/%77%70%2d%63%6f%6e%74%65%6e%74\\\/uploads\\\/2021\\\/08\\\/Schneider-Galimberti-Salinas.jpg\",\"keywords\":[\"Dar\u00edo Schneider\",\"Elecciones 2021\",\"Pedro Galimberti\"],\"articleSection\":[\"Politica\"],\"inLanguage\":\"es\",\"potentialAction\":[{\"@type\":\"CommentAction\",\"name\":\"Comment\",\"target\":[\"https:\\\/\\\/informelitoral.com.ar\\\/galimberti-schneider-y-salinas-con-agenda-en-chajari-tala-parana-y-concordia\\\/#respond\"]}]},{\"@type\":\"WebPage\",\"@id\":\"https:\\\/\\\/informelitoral.com.ar\\\/galimberti-schneider-y-salinas-con-agenda-en-chajari-tala-parana-y-concordia\\\/\",\"url\":\"https:\\\/\\\/informelitoral.com.ar\\\/galimberti-schneider-y-salinas-con-agenda-en-chajari-tala-parana-y-concordia\\\/\",\"name\":\"Galimberti, Schneider y Salinas con agenda en Chajar\u00ed, Tala, Paran\u00e1 y Concordia - Informe Litoral\",\"isPartOf\":{\"@id\":\"https:\\\/\\\/informelitoral.com.ar\\\/#website\"},\"primaryImageOfPage\":{\"@id\":\"https:\\\/\\\/informelitoral.com.ar\\\/galimberti-schneider-y-salinas-con-agenda-en-chajari-tala-parana-y-concordia\\\/#primaryimage\"},\"image\":{\"@id\":\"https:\\\/\\\/informelitoral.com.ar\\\/galimberti-schneider-y-salinas-con-agenda-en-chajari-tala-parana-y-concordia\\\/#primaryimage\"},\"thumbnailUrl\":\"https:\\\/\\\/informelitoral.com.ar\\\/%77%70%2d%63%6f%6e%74%65%6e%74\\\/uploads\\\/2021\\\/08\\\/Schneider-Galimberti-Salinas.jpg\",\"datePublished\":\"2021-08-09T22:30:49+00:00\",\"breadcrumb\":{\"@id\":\"https:\\\/\\\/informelitoral.com.ar\\\/galimberti-schneider-y-salinas-con-agenda-en-chajari-tala-parana-y-concordia\\\/#breadcrumb\"},\"inLanguage\":\"es\",\"potentialAction\":[{\"@type\":\"ReadAction\",\"target\":[\"https:\\\/\\\/informelitoral.com.ar\\\/galimberti-schneider-y-salinas-con-agenda-en-chajari-tala-parana-y-concordia\\\/\"]}]},{\"@type\":\"ImageObject\",\"inLanguage\":\"es\",\"@id\":\"https:\\\/\\\/informelitoral.com.ar\\\/galimberti-schneider-y-salinas-con-agenda-en-chajari-tala-parana-y-concordia\\\/#primaryimage\",\"url\":\"https:\\\/\\\/informelitoral.com.ar\\\/%77%70%2d%63%6f%6e%74%65%6e%74\\\/uploads\\\/2021\\\/08\\\/Schneider-Galimberti-Salinas.jpg\",\"contentUrl\":\"https:\\\/\\\/informelitoral.com.ar\\\/%77%70%2d%63%6f%6e%74%65%6e%74\\\/uploads\\\/2021\\\/08\\\/Schneider-Galimberti-Salinas.jpg\",\"width\":1280,\"height\":853},{\"@type\":\"BreadcrumbList\",\"@id\":\"https:\\\/\\\/informelitoral.com.ar\\\/galimberti-schneider-y-salinas-con-agenda-en-chajari-tala-parana-y-concordia\\\/#breadcrumb\",\"itemListElement\":[{\"@type\":\"ListItem\",\"position\":1,\"name\":\"Portada\",\"item\":\"https:\\\/\\\/informelitoral.com.ar\\\/\"},{\"@type\":\"ListItem\",\"position\":2,\"name\":\"Galimberti, Schneider y Salinas con agenda en Chajar\u00ed, Tala, Paran\u00e1 y Concordia\"}]},{\"@type\":\"WebSite\",\"@id\":\"https:\\\/\\\/informelitoral.com.ar\\\/#website\",\"url\":\"https:\\\/\\\/informelitoral.com.ar\\\/\",\"name\":\"Informe Litoral\",\"description\":\"&quot;Nos informamos&quot; \",\"publisher\":{\"@id\":\"https:\\\/\\\/informelitoral.com.ar\\\/#organization\"},\"potentialAction\":[{\"@type\":\"SearchAction\",\"target\":{\"@type\":\"EntryPoint\",\"urlTemplate\":\"https:\\\/\\\/informelitoral.com.ar\\\/?s={search_term_string}\"},\"query-input\":{\"@type\":\"PropertyValueSpecification\",\"valueRequired\":true,\"valueName\":\"search_term_string\"}}],\"inLanguage\":\"es\"},{\"@type\":\"Organization\",\"@id\":\"https:\\\/\\\/informelitoral.com.ar\\\/#organization\",\"name\":\"Informe Litoral\",\"url\":\"https:\\\/\\\/informelitoral.com.ar\\\/\",\"logo\":{\"@type\":\"ImageObject\",\"inLanguage\":\"es\",\"@id\":\"https:\\\/\\\/informelitoral.com.ar\\\/#\\\/schema\\\/logo\\\/image\\\/\",\"url\":\"https:\\\/\\\/informelitoral.com.ar\\\/%77%70%2d%63%6f%6e%74%65%6e%74\\\/uploads\\\/2021\\\/01\\\/circulo.png\",\"contentUrl\":\"https:\\\/\\\/informelitoral.com.ar\\\/%77%70%2d%63%6f%6e%74%65%6e%74\\\/uploads\\\/2021\\\/01\\\/circulo.png\",\"width\":723,\"height\":731,\"caption\":\"Informe Litoral\"},\"image\":{\"@id\":\"https:\\\/\\\/informelitoral.com.ar\\\/#\\\/schema\\\/logo\\\/image\\\/\"},\"sameAs\":[\"https:\\\/\\\/www.facebook.com\\\/informelitoral\\\/\",\"https:\\\/\\\/x.com\\\/InformeLitoral\",\"https:\\\/\\\/www.instagram.com\\\/informelitoral\\\/\",\"https:\\\/\\\/www.youtube.com\\\/channel\\\/UCua4Qvz8Icb6MYqhoq9xLXw\"]},{\"@type\":\"Person\",\"@id\":\"https:\\\/\\\/informelitoral.com.ar\\\/#\\\/schema\\\/person\\\/b9d00407c836482871ef1d57bf8e3180\",\"name\":\"Gonzalo Schmidt\",\"image\":{\"@type\":\"ImageObject\",\"inLanguage\":\"es\",\"@id\":\"https:\\\/\\\/secure.gravatar.com\\\/avatar\\\/31a1a7b66ff2de83bd0e9fd79d026630d2d99e55e8bfe501287647b4fd9743de?s=96&d=mm&r=g\",\"url\":\"https:\\\/\\\/secure.gravatar.com\\\/avatar\\\/31a1a7b66ff2de83bd0e9fd79d026630d2d99e55e8bfe501287647b4fd9743de?s=96&d=mm&r=g\",\"contentUrl\":\"https:\\\/\\\/secure.gravatar.com\\\/avatar\\\/31a1a7b66ff2de83bd0e9fd79d026630d2d99e55e8bfe501287647b4fd9743de?s=96&d=mm&r=g\",\"caption\":\"Gonzalo Schmidt\"},\"description\":\"Sitio web de noticias de la provincia de Entre R\u00edos, Argentina. Informaci\u00f3n y entretenimiento. Informe Litoral, nos informamos.\",\"sameAs\":[\"http:\\\/\\\/www.isletasnoticias.com.ar\"],\"url\":\"https:\\\/\\\/informelitoral.com.ar\\\/author\\\/gonzalo\\\/\"}]}<\/script>","yoast_head_json":{"title":"Galimberti, Schneider y Salinas con agenda en Chajar\u00ed, Tala, Paran\u00e1 y Concordia - Informe Litoral","robots":{"index":"index","follow":"follow","max-snippet":"max-snippet:-1","max-image-preview":"max-image-preview:large","max-video-preview":"max-video-preview:-1"},"canonical":"https:\/\/informelitoral.com.ar\/galimberti-schneider-y-salinas-con-agenda-en-chajari-tala-parana-y-concordia\/","og_locale":"es_ES","og_type":"article","og_title":"Galimberti, Schneider y Salinas con agenda en Chajar\u00ed, Tala, Paran\u00e1 y Concordia - Informe Litoral","og_description":"Los precandidatos mantendr\u00e1n diferentes actividades, lo que incluye reuniones con referentes pol\u00edticos y de instituciones de cara a las PASO del 12 de septiembre.","og_url":"https:\/\/informelitoral.com.ar\/galimberti-schneider-y-salinas-con-agenda-en-chajari-tala-parana-y-concordia\/","og_site_name":"Informe Litoral","article_publisher":"https:\/\/www.facebook.com\/informelitoral\/","article_published_time":"2021-08-09T22:30:49+00:00","og_image":[{"width":1280,"height":853,"url":"https:\/\/informelitoral.com.ar\/%77%70%2d%63%6f%6e%74%65%6e%74\/uploads\/2021\/08\/Schneider-Galimberti-Salinas.jpg","type":"image\/jpeg"}],"author":"Gonzalo Schmidt","twitter_card":"summary_large_image","twitter_creator":"@InformeLitoral","twitter_site":"@InformeLitoral","twitter_misc":{"Escrito por":"Gonzalo Schmidt","Tiempo de lectura":"1 minuto"},"schema":{"@context":"https:\/\/schema.org","@graph":[{"@type":"Article","@id":"https:\/\/informelitoral.com.ar\/galimberti-schneider-y-salinas-con-agenda-en-chajari-tala-parana-y-concordia\/#article","isPartOf":{"@id":"https:\/\/informelitoral.com.ar\/galimberti-schneider-y-salinas-con-agenda-en-chajari-tala-parana-y-concordia\/"},"author":{"name":"Gonzalo Schmidt","@id":"https:\/\/informelitoral.com.ar\/#\/schema\/person\/b9d00407c836482871ef1d57bf8e3180"},"headline":"Galimberti, Schneider y Salinas con agenda en Chajar\u00ed, Tala, Paran\u00e1 y Concordia","datePublished":"2021-08-09T22:30:49+00:00","mainEntityOfPage":{"@id":"https:\/\/informelitoral.com.ar\/galimberti-schneider-y-salinas-con-agenda-en-chajari-tala-parana-y-concordia\/"},"wordCount":282,"commentCount":0,"publisher":{"@id":"https:\/\/informelitoral.com.ar\/#organization"},"image":{"@id":"https:\/\/informelitoral.com.ar\/galimberti-schneider-y-salinas-con-agenda-en-chajari-tala-parana-y-concordia\/#primaryimage"},"thumbnailUrl":"https:\/\/informelitoral.com.ar\/%77%70%2d%63%6f%6e%74%65%6e%74\/uploads\/2021\/08\/Schneider-Galimberti-Salinas.jpg","keywords":["Dar\u00edo Schneider","Elecciones 2021","Pedro Galimberti"],"articleSection":["Politica"],"inLanguage":"es","potentialAction":[{"@type":"CommentAction","name":"Comment","target":["https:\/\/informelitoral.com.ar\/galimberti-schneider-y-salinas-con-agenda-en-chajari-tala-parana-y-concordia\/#respond"]}]},{"@type":"WebPage","@id":"https:\/\/informelitoral.com.ar\/galimberti-schneider-y-salinas-con-agenda-en-chajari-tala-parana-y-concordia\/","url":"https:\/\/informelitoral.com.ar\/galimberti-schneider-y-salinas-con-agenda-en-chajari-tala-parana-y-concordia\/","name":"Galimberti, Schneider y Salinas con agenda en Chajar\u00ed, Tala, Paran\u00e1 y Concordia - Informe Litoral","isPartOf":{"@id":"https:\/\/informelitoral.com.ar\/#website"},"primaryImageOfPage":{"@id":"https:\/\/informelitoral.com.ar\/galimberti-schneider-y-salinas-con-agenda-en-chajari-tala-parana-y-concordia\/#primaryimage"},"image":{"@id":"https:\/\/informelitoral.com.ar\/galimberti-schneider-y-salinas-con-agenda-en-chajari-tala-parana-y-concordia\/#primaryimage"},"thumbnailUrl":"https:\/\/informelitoral.com.ar\/%77%70%2d%63%6f%6e%74%65%6e%74\/uploads\/2021\/08\/Schneider-Galimberti-Salinas.jpg","datePublished":"2021-08-09T22:30:49+00:00","breadcrumb":{"@id":"https:\/\/informelitoral.com.ar\/galimberti-schneider-y-salinas-con-agenda-en-chajari-tala-parana-y-concordia\/#breadcrumb"},"inLanguage":"es","potentialAction":[{"@type":"ReadAction","target":["https:\/\/informelitoral.com.ar\/galimberti-schneider-y-salinas-con-agenda-en-chajari-tala-parana-y-concordia\/"]}]},{"@type":"ImageObject","inLanguage":"es","@id":"https:\/\/informelitoral.com.ar\/galimberti-schneider-y-salinas-con-agenda-en-chajari-tala-parana-y-concordia\/#primaryimage","url":"https:\/\/informelitoral.com.ar\/%77%70%2d%63%6f%6e%74%65%6e%74\/uploads\/2021\/08\/Schneider-Galimberti-Salinas.jpg","contentUrl":"https:\/\/informelitoral.com.ar\/%77%70%2d%63%6f%6e%74%65%6e%74\/uploads\/2021\/08\/Schneider-Galimberti-Salinas.jpg","width":1280,"height":853},{"@type":"BreadcrumbList","@id":"https:\/\/informelitoral.com.ar\/galimberti-schneider-y-salinas-con-agenda-en-chajari-tala-parana-y-concordia\/#breadcrumb","itemListElement":[{"@type":"ListItem","position":1,"name":"Portada","item":"https:\/\/informelitoral.com.ar\/"},{"@type":"ListItem","position":2,"name":"Galimberti, Schneider y Salinas con agenda en Chajar\u00ed, Tala, Paran\u00e1 y Concordia"}]},{"@type":"WebSite","@id":"https:\/\/informelitoral.com.ar\/#website","url":"https:\/\/informelitoral.com.ar\/","name":"Informe Litoral","description":"&quot;Nos informamos&quot; ","publisher":{"@id":"https:\/\/informelitoral.com.ar\/#organization"},"potentialAction":[{"@type":"SearchAction","target":{"@type":"EntryPoint","urlTemplate":"https:\/\/informelitoral.com.ar\/?s={search_term_string}"},"query-input":{"@type":"PropertyValueSpecification","valueRequired":true,"valueName":"search_term_string"}}],"inLanguage":"es"},{"@type":"Organization","@id":"https:\/\/informelitoral.com.ar\/#organization","name":"Informe Litoral","url":"https:\/\/informelitoral.com.ar\/","logo":{"@type":"ImageObject","inLanguage":"es","@id":"https:\/\/informelitoral.com.ar\/#\/schema\/logo\/image\/","url":"https:\/\/informelitoral.com.ar\/%77%70%2d%63%6f%6e%74%65%6e%74\/uploads\/2021\/01\/circulo.png","contentUrl":"https:\/\/informelitoral.com.ar\/%77%70%2d%63%6f%6e%74%65%6e%74\/uploads\/2021\/01\/circulo.png","width":723,"height":731,"caption":"Informe Litoral"},"image":{"@id":"https:\/\/informelitoral.com.ar\/#\/schema\/logo\/image\/"},"sameAs":["https:\/\/www.facebook.com\/informelitoral\/","https:\/\/x.com\/InformeLitoral","https:\/\/www.instagram.com\/informelitoral\/","https:\/\/www.youtube.com\/channel\/UCua4Qvz8Icb6MYqhoq9xLXw"]},{"@type":"Person","@id":"https:\/\/informelitoral.com.ar\/#\/schema\/person\/b9d00407c836482871ef1d57bf8e3180","name":"Gonzalo Schmidt","image":{"@type":"ImageObject","inLanguage":"es","@id":"https:\/\/secure.gravatar.com\/avatar\/31a1a7b66ff2de83bd0e9fd79d026630d2d99e55e8bfe501287647b4fd9743de?s=96&d=mm&r=g","url":"https:\/\/secure.gravatar.com\/avatar\/31a1a7b66ff2de83bd0e9fd79d026630d2d99e55e8bfe501287647b4fd9743de?s=96&d=mm&r=g","contentUrl":"https:\/\/secure.gravatar.com\/avatar\/31a1a7b66ff2de83bd0e9fd79d026630d2d99e55e8bfe501287647b4fd9743de?s=96&d=mm&r=g","caption":"Gonzalo Schmidt"},"description":"Sitio web de noticias de la provincia de Entre R\u00edos, Argentina. Informaci\u00f3n y entretenimiento. Informe Litoral, nos informamos.","sameAs":["http:\/\/www.isletasnoticias.com.ar"],"url":"https:\/\/informelitoral.com.ar\/author\/gonzalo\/"}]}},"_links":{"self":[{"href":"https:\/\/informelitoral.com.ar\/%77%70%2d%6a%73%6f%6e\/wp\/v2\/posts\/63435","targetHints":{"allow":["GET"]}}],"collection":[{"href":"https:\/\/informelitoral.com.ar\/%77%70%2d%6a%73%6f%6e\/wp\/v2\/posts"}],"about":[{"href":"https:\/\/informelitoral.com.ar\/%77%70%2d%6a%73%6f%6e\/wp\/v2\/types\/post"}],"author":[{"embeddable":true,"href":"https:\/\/informelitoral.com.ar\/%77%70%2d%6a%73%6f%6e\/wp\/v2\/users\/2"}],"replies":[{"embeddable":true,"href":"https:\/\/informelitoral.com.ar\/%77%70%2d%6a%73%6f%6e\/wp\/v2\/comments?post=63435"}],"version-history":[{"count":0,"href":"https:\/\/informelitoral.com.ar\/%77%70%2d%6a%73%6f%6e\/wp\/v2\/posts\/63435\/revisions"}],"wp:featuredmedia":[{"embeddable":true,"href":"https:\/\/informelitoral.com.ar\/%77%70%2d%6a%73%6f%6e\/wp\/v2\/media\/63436"}],"wp:attachment":[{"href":"https:\/\/informelitoral.com.ar\/%77%70%2d%6a%73%6f%6e\/wp\/v2\/media?parent=63435"}],"wp:term":[{"taxonomy":"category","embeddable":true,"href":"https:\/\/informelitoral.com.ar\/%77%70%2d%6a%73%6f%6e\/wp\/v2\/categories?post=63435"},{"taxonomy":"post_tag","embeddable":true,"href":"https:\/\/informelitoral.com.ar\/%77%70%2d%6a%73%6f%6e\/wp\/v2\/tags?post=63435"}],"curies":[{"name":"wp","href":"https:\/\/api.w.org\/{rel}","templated":true}]}}