{"id":63407,"date":"2021-08-09T10:28:58","date_gmt":"2021-08-09T13:28:58","guid":{"rendered":"https:\/\/www.informelitoral.com.ar\/?p=63407"},"modified":"2021-08-09T10:28:58","modified_gmt":"2021-08-09T13:28:58","slug":"fin-de-semana-largo-diamante-presenta-sus-opciones-turisticas","status":"publish","type":"post","link":"https:\/\/informelitoral.com.ar\/fin-de-semana-largo-diamante-presenta-sus-opciones-turisticas\/","title":{"rendered":"Fin de semana largo: Diamante presenta sus opciones tur\u00edsticas"},"content":{"rendered":"<p>Ante el fin de semana largo que se avecina del 17 de agosto, en conmemoraci\u00f3n por la muerte del General San Mart\u00edn, y que se traslada al d\u00eda lunes, la Municipalidad de Diamante en su agenda de actividades plantea diversas opciones para disfrutar de estas mini vacaciones.<\/p>\n<p>\u201cTeniendo en cuenta la gran recepci\u00f3n que tuvo la grilla de vacaciones de invierno en su oferta, creemos que posibilitar actividades al aire libre, donde la naturaleza favorece a la hora de compartir en familia d\u00edas de relax y esparcimiento, es una elecci\u00f3n acertada seguir por ese camino\u201d, apunt\u00f3 Javier Robledo, responsable de Turismo y Cultura municipal.<\/p>\n<p>En un fin de semana que genera muchas expectativas en el Sector Tur\u00edstico, la ciudad de Diamante ofrece todo lo que el turista busca y necesita en estos tiempos de pandemia. Se promueven encuentros en espacios abiertos, recorridos guiados, bicicleteada, ferias, m\u00fasica y visitas a establecimientos rurales y ecol\u00f3gicos, entre otras.<\/p>\n<p>El Circuito Huellas de Costa Grande, Tierra Chan\u00e1 y el Parque Nacional Pre Delta, siguen siendo los pilares fundamentales, a la hora de elegir Diamante como destino.<\/p>\n<p>\u201cEn el marco del escenario sanitario que se vive, todas las actividades organizadas prev\u00e9n protocolos y los cuidados incorporados en cada lugar. Trabajamos conjuntamente con distintas \u00e1reas de la Municipalidad para lograr una propuesta integradora\u201d resalt\u00f3 el funcionario.<\/p>\n<h3><strong>Agenda diaria<\/strong><\/h3>\n<p><strong>Viernes 13<\/strong><br \/>\n20 Hs. | Guiada interpretativa nocturna &#8211; Parque Nacional Pre Delta &#8211; Reservas: 343 4985019<br \/>\nCupo limitado<br \/>\nSe realizar\u00e1 en el Parque Nacional un senderismo por el \u00e1rea protegida, a fin de observar la fauna de h\u00e1bitos nocturno.<\/p>\n<p><strong>S\u00e1bado 14<\/strong><br \/>\n14 Hs. | Feria de Emprendedores de la Econom\u00eda Social &#8211; Trabajadores de la Tierra y Artesanos. \u00abPaseo ferial puesta del sol\u00bb | Mirador \u00abHern\u00e1n Pujato\u00bb<\/p>\n<p>14 Hs. | Cicloturismo en Huellas de Costa Grande &#8211; Reserva 343 154 385770<\/p>\n<p>La concentraci\u00f3n ser\u00e1 a las 13 horas, en el almac\u00e9n Ecclesia para salir a las 14. La traves\u00eda tendr\u00e1 26 kil\u00f3metros aproximados y contar\u00e1 con Trafic de apoyo.<\/p>\n<p>Recorrido: El trazado del circuito por Huellas de Costa Grande, contempla caminos rurales, pasaje por dos capillas y almacenes centenarios.<\/p>\n<p>La salida ser\u00e1 desde el almac\u00e9n Ecclesia y desde all\u00ed, comenzar\u00e1 la pedaleada para pasar por la capilla Virgen del Rosario y seguir hasta la capilla Virgen de Luj\u00e1n. Luego, se llegar\u00e1 al Almac\u00e9n Capellino, culminando nuevamente en su punto de partida.<\/p>\n<p>Organizan: Municipalidad de Diamante &#8211; Secretaria de Turismo y Cultura y Direcci\u00f3n de Deportes, junto a integrantes del Grupo DIAMANTE MTB.<\/p>\n<p>15 Hs. | Vuelos en avioneta y planeador en Aeroclub Diamante &#8211; Ruta 11 Km. 33\/5 &#8211; Reserva: 343 154 510779<\/p>\n<p>A tan solo 2 km. de la salida de Diamante, sobre RP 11, km 33.5, el Aeroclub Diamante, brinda vuelos de paseos, sobrevolando la zona costera y lateral al puerto de Diamante, Arroyo la Ensenada y Strobel, para terminar con un retorno al aer\u00f3dromo. Adem\u00e1s, ofrece<\/p>\n<p>vuelos en planeadores.<\/p>\n<p><strong>Domingo 15<\/strong><\/p>\n<p>10:30 a 15 Hs. | Encuentro con la naturaleza &#8211; La Creciente Espacio agroecol\u00f3gico | Calle Ensenada sin n\u00famero (entre 25 de mayo y San Lorenzo).<\/p>\n<p>Habr\u00e1 caminata de aprendizaje e intercambio entre frutales y lotes de hierbas medicinales, infusiones, galletas y almuerzo saludable, m\u00fasica con Enzo Gadea. Adem\u00e1s se trabajar\u00e1 en el invernadero y te llevas un plantin.<\/p>\n<p>Reservas hasta el viernes 13: Al tel\u00e9fono 343 154 802764<\/p>\n<p>(Actividades con protocolo Covid\/solo con reservas\/cupos limitados)<\/p>\n<p>14 Hs. | Feria de Emprendedores de la Econom\u00eda Social &#8211; Trabajadores de la Tierra y Artesanos. \u00abPaseo ferial puesta del sol\u00bb | Mirador \u00abHern\u00e1n Pujato\u00bb<\/p>\n<p>16:30 Hs. | Conexi\u00f3n ancestral &#8211; Tierra Chan\u00e1<\/p>\n<p>Caminata por senderos de Tierra Chan\u00e1 con el naturista; Juli\u00e1n Alonso, reconociendo la flora y fauna del lugar. Para el cierre se prev\u00e9 una fogata a la luz de la luna.<\/p>\n<p><strong>Lunes 16<\/strong><\/p>\n<p>14 Hs. | Feria de Emprendedores de la Econom\u00eda Social &#8211; Trabajadores de la Tierra y Artesanos. \u00abPaseo ferial puesta del sol\u00bb | Mirador \u00abHern\u00e1n Pujato\u00bb<\/p>\n<p>15 Hs. | \u201cGustosamente nuestro\u201d- M\u00fasica con Valent\u00edn Fern\u00e1ndez &#8211; Ballet folcl\u00f3rico &#8211; Cocina en vivo con el Chef Eduardo Panozzo &#8211; C\u00edrculo N\u00e1utico Diamante<\/p>\n<p><strong>Todos los d\u00edas<\/strong><\/p>\n<p>Recorridos en Tierra Chan\u00e1 &#8211; Reserva: 343 154 638487<br \/>\nParque Nacional Pre Delta &#8211; De 8 a 19 hs. &#8211; Reserva con 24 horas de anticipaci\u00f3n &#8211; 343 4985019<\/p>\n<p>Huellas de Costa Grande<br \/>\nMuseo Rural de Costa Grande: de 9 a 18 hs. &#8211; Reserva: 343 155 093534<br \/>\nAlmac\u00e9n Capellino: Picadas tradicionales, pizzas y empanadas &#8211; Reserva: 343 155 432143<br \/>\nAlmac\u00e9n Ecclesia: Exposici\u00f3n de cuadros de Milagros Waigandt &#8211; Reserva: 343 154 682757<br \/>\nEstablecimiento El Timbosal: Cabalgata y senderismo &#8211; Reserva: 343 156 215986<br \/>\nEstablecimiento San Antonio: Mesa de t\u00e9 con pan casero y mermelada o dulce leche casero, tortas rusas, bizcochuelo, muffins o facturas caseras. Reserva: 343 154 479025.<\/p>\n","protected":false},"excerpt":{"rendered":"<p>Prepararon una grilla de actividades para toda la familia. El Circuito Huellas de Costa Grande, Tierra Chan\u00e1 y el Parque Nacional Pre Delta, siguen siendo los pilares fundamentales de la ciudad. <\/p>\n","protected":false},"author":2,"featured_media":63408,"comment_status":"open","ping_status":"open","sticky":false,"template":"","format":"standard","meta":{"fifu_image_url":"","fifu_image_alt":"","footnotes":""},"categories":[5,1378],"tags":[34,351,1503,104],"class_list":{"0":"post-63407","1":"post","2":"type-post","3":"status-publish","4":"format-standard","5":"has-post-thumbnail","7":"category-zonales","8":"category-turismo","9":"tag-diamante","10":"tag-fin-de-semana-largo","11":"tag-municipalidad-de-diamante","12":"tag-turismo"},"yoast_head":"<title>Fin de semana largo: Diamante presenta sus opciones tur\u00edsticas - Informe Litoral<\/title>\n<meta name=\"robots\" content=\"index, follow, max-snippet:-1, max-image-preview:large, max-video-preview:-1\" \/>\n<link rel=\"canonical\" href=\"https:\/\/informelitoral.com.ar\/fin-de-semana-largo-diamante-presenta-sus-opciones-turisticas\/\" \/>\n<meta property=\"og:locale\" content=\"es_ES\" \/>\n<meta property=\"og:type\" content=\"article\" \/>\n<meta property=\"og:title\" content=\"Fin de semana largo: Diamante presenta sus opciones tur\u00edsticas - Informe Litoral\" \/>\n<meta property=\"og:description\" content=\"Prepararon una grilla de actividades para toda la familia. El Circuito Huellas de Costa Grande, Tierra Chan\u00e1 y el Parque Nacional Pre Delta, siguen siendo los pilares fundamentales de la ciudad.\" \/>\n<meta property=\"og:url\" content=\"https:\/\/informelitoral.com.ar\/fin-de-semana-largo-diamante-presenta-sus-opciones-turisticas\/\" \/>\n<meta property=\"og:site_name\" content=\"Informe Litoral\" \/>\n<meta property=\"article:publisher\" content=\"https:\/\/www.facebook.com\/informelitoral\/\" \/>\n<meta property=\"article:published_time\" content=\"2021-08-09T13:28:58+00:00\" \/>\n<meta property=\"og:image\" content=\"https:\/\/informelitoral.com.ar\/%77%70%2d%63%6f%6e%74%65%6e%74\/uploads\/2021\/08\/Finde-largo-Agosto.jpeg\" \/>\n\t<meta property=\"og:image:width\" content=\"1279\" \/>\n\t<meta property=\"og:image:height\" content=\"1280\" \/>\n\t<meta property=\"og:image:type\" content=\"image\/jpeg\" \/>\n<meta name=\"author\" content=\"Gonzalo Schmidt\" \/>\n<meta name=\"twitter:card\" content=\"summary_large_image\" \/>\n<meta name=\"twitter:creator\" content=\"@InformeLitoral\" \/>\n<meta name=\"twitter:site\" content=\"@InformeLitoral\" \/>\n<meta name=\"twitter:label1\" content=\"Escrito por\" \/>\n\t<meta name=\"twitter:data1\" content=\"Gonzalo Schmidt\" \/>\n\t<meta name=\"twitter:label2\" content=\"Tiempo de lectura\" \/>\n\t<meta name=\"twitter:data2\" content=\"4 minutos\" \/>\n<script type=\"application\/ld+json\" class=\"yoast-schema-graph\">{\"@context\":\"https:\\\/\\\/schema.org\",\"@graph\":[{\"@type\":\"Article\",\"@id\":\"https:\\\/\\\/informelitoral.com.ar\\\/fin-de-semana-largo-diamante-presenta-sus-opciones-turisticas\\\/#article\",\"isPartOf\":{\"@id\":\"https:\\\/\\\/informelitoral.com.ar\\\/fin-de-semana-largo-diamante-presenta-sus-opciones-turisticas\\\/\"},\"author\":{\"name\":\"Gonzalo Schmidt\",\"@id\":\"https:\\\/\\\/informelitoral.com.ar\\\/#\\\/schema\\\/person\\\/b9d00407c836482871ef1d57bf8e3180\"},\"headline\":\"Fin de semana largo: Diamante presenta sus opciones tur\u00edsticas\",\"datePublished\":\"2021-08-09T13:28:58+00:00\",\"mainEntityOfPage\":{\"@id\":\"https:\\\/\\\/informelitoral.com.ar\\\/fin-de-semana-largo-diamante-presenta-sus-opciones-turisticas\\\/\"},\"wordCount\":779,\"commentCount\":0,\"publisher\":{\"@id\":\"https:\\\/\\\/informelitoral.com.ar\\\/#organization\"},\"image\":{\"@id\":\"https:\\\/\\\/informelitoral.com.ar\\\/fin-de-semana-largo-diamante-presenta-sus-opciones-turisticas\\\/#primaryimage\"},\"thumbnailUrl\":\"https:\\\/\\\/informelitoral.com.ar\\\/%77%70%2d%63%6f%6e%74%65%6e%74\\\/uploads\\\/2021\\\/08\\\/Finde-largo-Agosto.jpeg\",\"keywords\":[\"Diamante\",\"Fin de semana largo\",\"Municipalidad de Diamante\",\"Turismo\"],\"articleSection\":[\"Departamento Diamante\",\"Turismo\"],\"inLanguage\":\"es\",\"potentialAction\":[{\"@type\":\"CommentAction\",\"name\":\"Comment\",\"target\":[\"https:\\\/\\\/informelitoral.com.ar\\\/fin-de-semana-largo-diamante-presenta-sus-opciones-turisticas\\\/#respond\"]}]},{\"@type\":\"WebPage\",\"@id\":\"https:\\\/\\\/informelitoral.com.ar\\\/fin-de-semana-largo-diamante-presenta-sus-opciones-turisticas\\\/\",\"url\":\"https:\\\/\\\/informelitoral.com.ar\\\/fin-de-semana-largo-diamante-presenta-sus-opciones-turisticas\\\/\",\"name\":\"Fin de semana largo: Diamante presenta sus opciones tur\u00edsticas - Informe Litoral\",\"isPartOf\":{\"@id\":\"https:\\\/\\\/informelitoral.com.ar\\\/#website\"},\"primaryImageOfPage\":{\"@id\":\"https:\\\/\\\/informelitoral.com.ar\\\/fin-de-semana-largo-diamante-presenta-sus-opciones-turisticas\\\/#primaryimage\"},\"image\":{\"@id\":\"https:\\\/\\\/informelitoral.com.ar\\\/fin-de-semana-largo-diamante-presenta-sus-opciones-turisticas\\\/#primaryimage\"},\"thumbnailUrl\":\"https:\\\/\\\/informelitoral.com.ar\\\/%77%70%2d%63%6f%6e%74%65%6e%74\\\/uploads\\\/2021\\\/08\\\/Finde-largo-Agosto.jpeg\",\"datePublished\":\"2021-08-09T13:28:58+00:00\",\"breadcrumb\":{\"@id\":\"https:\\\/\\\/informelitoral.com.ar\\\/fin-de-semana-largo-diamante-presenta-sus-opciones-turisticas\\\/#breadcrumb\"},\"inLanguage\":\"es\",\"potentialAction\":[{\"@type\":\"ReadAction\",\"target\":[\"https:\\\/\\\/informelitoral.com.ar\\\/fin-de-semana-largo-diamante-presenta-sus-opciones-turisticas\\\/\"]}]},{\"@type\":\"ImageObject\",\"inLanguage\":\"es\",\"@id\":\"https:\\\/\\\/informelitoral.com.ar\\\/fin-de-semana-largo-diamante-presenta-sus-opciones-turisticas\\\/#primaryimage\",\"url\":\"https:\\\/\\\/informelitoral.com.ar\\\/%77%70%2d%63%6f%6e%74%65%6e%74\\\/uploads\\\/2021\\\/08\\\/Finde-largo-Agosto.jpeg\",\"contentUrl\":\"https:\\\/\\\/informelitoral.com.ar\\\/%77%70%2d%63%6f%6e%74%65%6e%74\\\/uploads\\\/2021\\\/08\\\/Finde-largo-Agosto.jpeg\",\"width\":1279,\"height\":1280},{\"@type\":\"BreadcrumbList\",\"@id\":\"https:\\\/\\\/informelitoral.com.ar\\\/fin-de-semana-largo-diamante-presenta-sus-opciones-turisticas\\\/#breadcrumb\",\"itemListElement\":[{\"@type\":\"ListItem\",\"position\":1,\"name\":\"Portada\",\"item\":\"https:\\\/\\\/informelitoral.com.ar\\\/\"},{\"@type\":\"ListItem\",\"position\":2,\"name\":\"Fin de semana largo: Diamante presenta sus opciones tur\u00edsticas\"}]},{\"@type\":\"WebSite\",\"@id\":\"https:\\\/\\\/informelitoral.com.ar\\\/#website\",\"url\":\"https:\\\/\\\/informelitoral.com.ar\\\/\",\"name\":\"Informe Litoral\",\"description\":\"&quot;Nos informamos&quot; \",\"publisher\":{\"@id\":\"https:\\\/\\\/informelitoral.com.ar\\\/#organization\"},\"potentialAction\":[{\"@type\":\"SearchAction\",\"target\":{\"@type\":\"EntryPoint\",\"urlTemplate\":\"https:\\\/\\\/informelitoral.com.ar\\\/?s={search_term_string}\"},\"query-input\":{\"@type\":\"PropertyValueSpecification\",\"valueRequired\":true,\"valueName\":\"search_term_string\"}}],\"inLanguage\":\"es\"},{\"@type\":\"Organization\",\"@id\":\"https:\\\/\\\/informelitoral.com.ar\\\/#organization\",\"name\":\"Informe Litoral\",\"url\":\"https:\\\/\\\/informelitoral.com.ar\\\/\",\"logo\":{\"@type\":\"ImageObject\",\"inLanguage\":\"es\",\"@id\":\"https:\\\/\\\/informelitoral.com.ar\\\/#\\\/schema\\\/logo\\\/image\\\/\",\"url\":\"https:\\\/\\\/informelitoral.com.ar\\\/%77%70%2d%63%6f%6e%74%65%6e%74\\\/uploads\\\/2021\\\/01\\\/circulo.png\",\"contentUrl\":\"https:\\\/\\\/informelitoral.com.ar\\\/%77%70%2d%63%6f%6e%74%65%6e%74\\\/uploads\\\/2021\\\/01\\\/circulo.png\",\"width\":723,\"height\":731,\"caption\":\"Informe Litoral\"},\"image\":{\"@id\":\"https:\\\/\\\/informelitoral.com.ar\\\/#\\\/schema\\\/logo\\\/image\\\/\"},\"sameAs\":[\"https:\\\/\\\/www.facebook.com\\\/informelitoral\\\/\",\"https:\\\/\\\/x.com\\\/InformeLitoral\",\"https:\\\/\\\/www.instagram.com\\\/informelitoral\\\/\",\"https:\\\/\\\/www.youtube.com\\\/channel\\\/UCua4Qvz8Icb6MYqhoq9xLXw\"]},{\"@type\":\"Person\",\"@id\":\"https:\\\/\\\/informelitoral.com.ar\\\/#\\\/schema\\\/person\\\/b9d00407c836482871ef1d57bf8e3180\",\"name\":\"Gonzalo Schmidt\",\"image\":{\"@type\":\"ImageObject\",\"inLanguage\":\"es\",\"@id\":\"https:\\\/\\\/secure.gravatar.com\\\/avatar\\\/31a1a7b66ff2de83bd0e9fd79d026630d2d99e55e8bfe501287647b4fd9743de?s=96&d=mm&r=g\",\"url\":\"https:\\\/\\\/secure.gravatar.com\\\/avatar\\\/31a1a7b66ff2de83bd0e9fd79d026630d2d99e55e8bfe501287647b4fd9743de?s=96&d=mm&r=g\",\"contentUrl\":\"https:\\\/\\\/secure.gravatar.com\\\/avatar\\\/31a1a7b66ff2de83bd0e9fd79d026630d2d99e55e8bfe501287647b4fd9743de?s=96&d=mm&r=g\",\"caption\":\"Gonzalo Schmidt\"},\"description\":\"Sitio web de noticias de la provincia de Entre R\u00edos, Argentina. Informaci\u00f3n y entretenimiento. Informe Litoral, nos informamos.\",\"sameAs\":[\"http:\\\/\\\/www.isletasnoticias.com.ar\"],\"url\":\"https:\\\/\\\/informelitoral.com.ar\\\/author\\\/gonzalo\\\/\"}]}<\/script>","yoast_head_json":{"title":"Fin de semana largo: Diamante presenta sus opciones tur\u00edsticas - Informe Litoral","robots":{"index":"index","follow":"follow","max-snippet":"max-snippet:-1","max-image-preview":"max-image-preview:large","max-video-preview":"max-video-preview:-1"},"canonical":"https:\/\/informelitoral.com.ar\/fin-de-semana-largo-diamante-presenta-sus-opciones-turisticas\/","og_locale":"es_ES","og_type":"article","og_title":"Fin de semana largo: Diamante presenta sus opciones tur\u00edsticas - Informe Litoral","og_description":"Prepararon una grilla de actividades para toda la familia. El Circuito Huellas de Costa Grande, Tierra Chan\u00e1 y el Parque Nacional Pre Delta, siguen siendo los pilares fundamentales de la ciudad.","og_url":"https:\/\/informelitoral.com.ar\/fin-de-semana-largo-diamante-presenta-sus-opciones-turisticas\/","og_site_name":"Informe Litoral","article_publisher":"https:\/\/www.facebook.com\/informelitoral\/","article_published_time":"2021-08-09T13:28:58+00:00","og_image":[{"width":1279,"height":1280,"url":"https:\/\/informelitoral.com.ar\/%77%70%2d%63%6f%6e%74%65%6e%74\/uploads\/2021\/08\/Finde-largo-Agosto.jpeg","type":"image\/jpeg"}],"author":"Gonzalo Schmidt","twitter_card":"summary_large_image","twitter_creator":"@InformeLitoral","twitter_site":"@InformeLitoral","twitter_misc":{"Escrito por":"Gonzalo Schmidt","Tiempo de lectura":"4 minutos"},"schema":{"@context":"https:\/\/schema.org","@graph":[{"@type":"Article","@id":"https:\/\/informelitoral.com.ar\/fin-de-semana-largo-diamante-presenta-sus-opciones-turisticas\/#article","isPartOf":{"@id":"https:\/\/informelitoral.com.ar\/fin-de-semana-largo-diamante-presenta-sus-opciones-turisticas\/"},"author":{"name":"Gonzalo Schmidt","@id":"https:\/\/informelitoral.com.ar\/#\/schema\/person\/b9d00407c836482871ef1d57bf8e3180"},"headline":"Fin de semana largo: Diamante presenta sus opciones tur\u00edsticas","datePublished":"2021-08-09T13:28:58+00:00","mainEntityOfPage":{"@id":"https:\/\/informelitoral.com.ar\/fin-de-semana-largo-diamante-presenta-sus-opciones-turisticas\/"},"wordCount":779,"commentCount":0,"publisher":{"@id":"https:\/\/informelitoral.com.ar\/#organization"},"image":{"@id":"https:\/\/informelitoral.com.ar\/fin-de-semana-largo-diamante-presenta-sus-opciones-turisticas\/#primaryimage"},"thumbnailUrl":"https:\/\/informelitoral.com.ar\/%77%70%2d%63%6f%6e%74%65%6e%74\/uploads\/2021\/08\/Finde-largo-Agosto.jpeg","keywords":["Diamante","Fin de semana largo","Municipalidad de Diamante","Turismo"],"articleSection":["Departamento Diamante","Turismo"],"inLanguage":"es","potentialAction":[{"@type":"CommentAction","name":"Comment","target":["https:\/\/informelitoral.com.ar\/fin-de-semana-largo-diamante-presenta-sus-opciones-turisticas\/#respond"]}]},{"@type":"WebPage","@id":"https:\/\/informelitoral.com.ar\/fin-de-semana-largo-diamante-presenta-sus-opciones-turisticas\/","url":"https:\/\/informelitoral.com.ar\/fin-de-semana-largo-diamante-presenta-sus-opciones-turisticas\/","name":"Fin de semana largo: Diamante presenta sus opciones tur\u00edsticas - Informe Litoral","isPartOf":{"@id":"https:\/\/informelitoral.com.ar\/#website"},"primaryImageOfPage":{"@id":"https:\/\/informelitoral.com.ar\/fin-de-semana-largo-diamante-presenta-sus-opciones-turisticas\/#primaryimage"},"image":{"@id":"https:\/\/informelitoral.com.ar\/fin-de-semana-largo-diamante-presenta-sus-opciones-turisticas\/#primaryimage"},"thumbnailUrl":"https:\/\/informelitoral.com.ar\/%77%70%2d%63%6f%6e%74%65%6e%74\/uploads\/2021\/08\/Finde-largo-Agosto.jpeg","datePublished":"2021-08-09T13:28:58+00:00","breadcrumb":{"@id":"https:\/\/informelitoral.com.ar\/fin-de-semana-largo-diamante-presenta-sus-opciones-turisticas\/#breadcrumb"},"inLanguage":"es","potentialAction":[{"@type":"ReadAction","target":["https:\/\/informelitoral.com.ar\/fin-de-semana-largo-diamante-presenta-sus-opciones-turisticas\/"]}]},{"@type":"ImageObject","inLanguage":"es","@id":"https:\/\/informelitoral.com.ar\/fin-de-semana-largo-diamante-presenta-sus-opciones-turisticas\/#primaryimage","url":"https:\/\/informelitoral.com.ar\/%77%70%2d%63%6f%6e%74%65%6e%74\/uploads\/2021\/08\/Finde-largo-Agosto.jpeg","contentUrl":"https:\/\/informelitoral.com.ar\/%77%70%2d%63%6f%6e%74%65%6e%74\/uploads\/2021\/08\/Finde-largo-Agosto.jpeg","width":1279,"height":1280},{"@type":"BreadcrumbList","@id":"https:\/\/informelitoral.com.ar\/fin-de-semana-largo-diamante-presenta-sus-opciones-turisticas\/#breadcrumb","itemListElement":[{"@type":"ListItem","position":1,"name":"Portada","item":"https:\/\/informelitoral.com.ar\/"},{"@type":"ListItem","position":2,"name":"Fin de semana largo: Diamante presenta sus opciones tur\u00edsticas"}]},{"@type":"WebSite","@id":"https:\/\/informelitoral.com.ar\/#website","url":"https:\/\/informelitoral.com.ar\/","name":"Informe Litoral","description":"&quot;Nos informamos&quot; ","publisher":{"@id":"https:\/\/informelitoral.com.ar\/#organization"},"potentialAction":[{"@type":"SearchAction","target":{"@type":"EntryPoint","urlTemplate":"https:\/\/informelitoral.com.ar\/?s={search_term_string}"},"query-input":{"@type":"PropertyValueSpecification","valueRequired":true,"valueName":"search_term_string"}}],"inLanguage":"es"},{"@type":"Organization","@id":"https:\/\/informelitoral.com.ar\/#organization","name":"Informe Litoral","url":"https:\/\/informelitoral.com.ar\/","logo":{"@type":"ImageObject","inLanguage":"es","@id":"https:\/\/informelitoral.com.ar\/#\/schema\/logo\/image\/","url":"https:\/\/informelitoral.com.ar\/%77%70%2d%63%6f%6e%74%65%6e%74\/uploads\/2021\/01\/circulo.png","contentUrl":"https:\/\/informelitoral.com.ar\/%77%70%2d%63%6f%6e%74%65%6e%74\/uploads\/2021\/01\/circulo.png","width":723,"height":731,"caption":"Informe Litoral"},"image":{"@id":"https:\/\/informelitoral.com.ar\/#\/schema\/logo\/image\/"},"sameAs":["https:\/\/www.facebook.com\/informelitoral\/","https:\/\/x.com\/InformeLitoral","https:\/\/www.instagram.com\/informelitoral\/","https:\/\/www.youtube.com\/channel\/UCua4Qvz8Icb6MYqhoq9xLXw"]},{"@type":"Person","@id":"https:\/\/informelitoral.com.ar\/#\/schema\/person\/b9d00407c836482871ef1d57bf8e3180","name":"Gonzalo Schmidt","image":{"@type":"ImageObject","inLanguage":"es","@id":"https:\/\/secure.gravatar.com\/avatar\/31a1a7b66ff2de83bd0e9fd79d026630d2d99e55e8bfe501287647b4fd9743de?s=96&d=mm&r=g","url":"https:\/\/secure.gravatar.com\/avatar\/31a1a7b66ff2de83bd0e9fd79d026630d2d99e55e8bfe501287647b4fd9743de?s=96&d=mm&r=g","contentUrl":"https:\/\/secure.gravatar.com\/avatar\/31a1a7b66ff2de83bd0e9fd79d026630d2d99e55e8bfe501287647b4fd9743de?s=96&d=mm&r=g","caption":"Gonzalo Schmidt"},"description":"Sitio web de noticias de la provincia de Entre R\u00edos, Argentina. Informaci\u00f3n y entretenimiento. Informe Litoral, nos informamos.","sameAs":["http:\/\/www.isletasnoticias.com.ar"],"url":"https:\/\/informelitoral.com.ar\/author\/gonzalo\/"}]}},"_links":{"self":[{"href":"https:\/\/informelitoral.com.ar\/%77%70%2d%6a%73%6f%6e\/wp\/v2\/posts\/63407","targetHints":{"allow":["GET"]}}],"collection":[{"href":"https:\/\/informelitoral.com.ar\/%77%70%2d%6a%73%6f%6e\/wp\/v2\/posts"}],"about":[{"href":"https:\/\/informelitoral.com.ar\/%77%70%2d%6a%73%6f%6e\/wp\/v2\/types\/post"}],"author":[{"embeddable":true,"href":"https:\/\/informelitoral.com.ar\/%77%70%2d%6a%73%6f%6e\/wp\/v2\/users\/2"}],"replies":[{"embeddable":true,"href":"https:\/\/informelitoral.com.ar\/%77%70%2d%6a%73%6f%6e\/wp\/v2\/comments?post=63407"}],"version-history":[{"count":0,"href":"https:\/\/informelitoral.com.ar\/%77%70%2d%6a%73%6f%6e\/wp\/v2\/posts\/63407\/revisions"}],"wp:featuredmedia":[{"embeddable":true,"href":"https:\/\/informelitoral.com.ar\/%77%70%2d%6a%73%6f%6e\/wp\/v2\/media\/63408"}],"wp:attachment":[{"href":"https:\/\/informelitoral.com.ar\/%77%70%2d%6a%73%6f%6e\/wp\/v2\/media?parent=63407"}],"wp:term":[{"taxonomy":"category","embeddable":true,"href":"https:\/\/informelitoral.com.ar\/%77%70%2d%6a%73%6f%6e\/wp\/v2\/categories?post=63407"},{"taxonomy":"post_tag","embeddable":true,"href":"https:\/\/informelitoral.com.ar\/%77%70%2d%6a%73%6f%6e\/wp\/v2\/tags?post=63407"}],"curies":[{"name":"wp","href":"https:\/\/api.w.org\/{rel}","templated":true}]}}