{"id":63400,"date":"2021-08-09T10:02:06","date_gmt":"2021-08-09T13:02:06","guid":{"rendered":"https:\/\/www.informelitoral.com.ar\/?p=63400"},"modified":"2021-08-09T10:02:06","modified_gmt":"2021-08-09T13:02:06","slug":"encontraron-un-toro-mutilado-en-un-campo-entrerriano","status":"publish","type":"post","link":"https:\/\/informelitoral.com.ar\/encontraron-un-toro-mutilado-en-un-campo-entrerriano\/","title":{"rendered":"Encontraron un toro mutilado en un campo entrerriano"},"content":{"rendered":"<p><a href=\"https:\/\/www.informelitoral.com.ar\/una-vez-mas-aparecio-una-vaca-mutilada-en-un-campo-entrerriano\/\">Hace poco m\u00e1s de 15 d\u00edas, un hecho de estas caracter\u00edsticas sorprendi\u00f3 a un productor de la zona de Hasenkamp<\/a>. Ahora, un hallazgo en cercan\u00edas al acceso de Lucas Gonz\u00e1lez, vuelve a hacer resurgir el debate entre las explicaciones cient\u00edficas o las atribuciones sobrenaturales que se le pueden adjudicar. Mientras tanto, desde la Fiscal\u00eda en Turno se dispusieron las acciones y pericias de rigor.<\/p>\n<p>El llamativo hallazgo se produjo en el mediod\u00eda del s\u00e1bado, tomando conocimiento e intervenci\u00f3n la Brigada de Abigeato Nogoy\u00e1 y efectivos de Comisar\u00eda Lucas Gonz\u00e1lez, por cuestiones de jurisdicci\u00f3n.<\/p>\n<p>Concluidas las medidas dispuestas por la justicia, acerca del intrigante suceso, el Subjefe de la Departamental Nogoy\u00e1, <strong>comisario mayor, Osvaldo Franco<\/strong>, precis\u00f3 a <em>FM Estaci\u00f3n Plus Crespo:<\/em> \u00abSe recepcion\u00f3 un pedido de presencia de los efectivos, en un campo ubicado en la zona de Colonia la Llave. Al mismo se accede a trav\u00e9s de un camino vecinal, cuya traza est\u00e1 a unos 8 km. del acceso a Lucas Gonz\u00e1lez, desde Ruta Nacional N\u00ba 12. Una dotaci\u00f3n acudi\u00f3 hasta ese establecimiento rural, que es de propiedad de un vecino de Lucas Gonz\u00e1lez, de 59 a\u00f1os de edad. Al mantenerse una entrevista con \u00e9l, manifest\u00f3 que momentos antes, en circunstancias en que estaba realizando una recorrida por el campo, se encontr\u00f3 con un animal vacuno sin vida, presentando extra\u00f1as caracter\u00edsticas\u00bb.<\/p>\n<p>Los rasgos at\u00edpicos referenciados por el productor fueron corroborados por los brigadistas y el m\u00e9dico veterinario, que acudieron al lugar. En tal sentido, el Subjefe del departamento indic\u00f3: \u00abSe trataba de un toro, de pelaje negro picaso, de aproximadamente 300 kilos. El animal -de 18 meses de edad-, presentaba signos de mutilaci\u00f3n, tales como cortes en la zona de la quijada, extirpaci\u00f3n de la lengua y un ojo, como as\u00ed tambi\u00e9n los genitales y el ano\u00bb.<\/p>\n<p>El funcionario dio cuenta de \u00abintervenciones precisas, contundentes, bajo metodolog\u00eda no usual\u00bb. Ello ser\u00e1 materia de investigaci\u00f3n por estos d\u00edas, en los que se intentar\u00e1 reconstruir los movimientos que hayan podido darse en ese campo. \u00abLa \u00faltima ocasi\u00f3n en la que el denunciante hab\u00eda recorrido ese lugar, hab\u00eda sido el lunes pasado, en horas de la tarde, encontrando todo sin anomal\u00edas\u00bb, dijo Franco, estableciendo as\u00ed la ventana de tiempo para los pesquisas.<\/p>\n<p>La Fiscal\u00eda de Nogoy\u00e1 recibir\u00e1 el informe de la evaluaci\u00f3n practicada por el profesional convocado, tras lo cual se determinar\u00e1n las diligencias a seguir.<\/p>\n","protected":false},"excerpt":{"rendered":"<p>Los hechos se repiten y por el momento no hay una explicaci\u00f3n. El cuerpo de un animal de unos 300 kilos qued\u00f3 pr\u00e1cticamente intacto, lo que evidencia que no se trata de un abigeato.<\/p>\n","protected":false},"author":2,"featured_media":63401,"comment_status":"open","ping_status":"open","sticky":false,"template":"","format":"standard","meta":{"fifu_image_url":"","fifu_image_alt":"","footnotes":""},"categories":[14],"tags":[539,826,1091,2348],"class_list":{"0":"post-63400","1":"post","2":"type-post","3":"status-publish","4":"format-standard","5":"has-post-thumbnail","7":"category-policiales","8":"tag-lucas-gonzalez","9":"tag-mutilacion","10":"tag-mutilaciones","11":"tag-vaca-mutilada"},"yoast_head":"<title>Encontraron un toro mutilado en un campo entrerriano - Informe Litoral<\/title>\n<meta name=\"robots\" content=\"index, follow, max-snippet:-1, max-image-preview:large, max-video-preview:-1\" \/>\n<link rel=\"canonical\" href=\"https:\/\/informelitoral.com.ar\/encontraron-un-toro-mutilado-en-un-campo-entrerriano\/\" \/>\n<meta property=\"og:locale\" content=\"es_ES\" \/>\n<meta property=\"og:type\" content=\"article\" \/>\n<meta property=\"og:title\" content=\"Encontraron un toro mutilado en un campo entrerriano - Informe Litoral\" \/>\n<meta property=\"og:description\" content=\"Los hechos se repiten y por el momento no hay una explicaci\u00f3n. El cuerpo de un animal de unos 300 kilos qued\u00f3 pr\u00e1cticamente intacto, lo que evidencia que no se trata de un abigeato.\" \/>\n<meta property=\"og:url\" content=\"https:\/\/informelitoral.com.ar\/encontraron-un-toro-mutilado-en-un-campo-entrerriano\/\" \/>\n<meta property=\"og:site_name\" content=\"Informe Litoral\" \/>\n<meta property=\"article:publisher\" content=\"https:\/\/www.facebook.com\/informelitoral\/\" \/>\n<meta property=\"article:published_time\" content=\"2021-08-09T13:02:06+00:00\" \/>\n<meta property=\"og:image\" content=\"https:\/\/informelitoral.com.ar\/%77%70%2d%63%6f%6e%74%65%6e%74\/uploads\/2021\/08\/WhatsApp-Image-2021-08-08-at-11.25.18-720x499-1.jpg\" \/>\n\t<meta property=\"og:image:width\" content=\"720\" \/>\n\t<meta property=\"og:image:height\" content=\"499\" \/>\n\t<meta property=\"og:image:type\" content=\"image\/jpeg\" \/>\n<meta name=\"author\" content=\"Gonzalo Schmidt\" \/>\n<meta name=\"twitter:card\" content=\"summary_large_image\" \/>\n<meta name=\"twitter:creator\" content=\"@InformeLitoral\" \/>\n<meta name=\"twitter:site\" content=\"@InformeLitoral\" \/>\n<meta name=\"twitter:label1\" content=\"Escrito por\" \/>\n\t<meta name=\"twitter:data1\" content=\"Gonzalo Schmidt\" \/>\n\t<meta name=\"twitter:label2\" content=\"Tiempo de lectura\" \/>\n\t<meta name=\"twitter:data2\" content=\"2 minutos\" \/>\n<script type=\"application\/ld+json\" class=\"yoast-schema-graph\">{\"@context\":\"https:\\\/\\\/schema.org\",\"@graph\":[{\"@type\":\"Article\",\"@id\":\"https:\\\/\\\/informelitoral.com.ar\\\/encontraron-un-toro-mutilado-en-un-campo-entrerriano\\\/#article\",\"isPartOf\":{\"@id\":\"https:\\\/\\\/informelitoral.com.ar\\\/encontraron-un-toro-mutilado-en-un-campo-entrerriano\\\/\"},\"author\":{\"name\":\"Gonzalo Schmidt\",\"@id\":\"https:\\\/\\\/informelitoral.com.ar\\\/#\\\/schema\\\/person\\\/b9d00407c836482871ef1d57bf8e3180\"},\"headline\":\"Encontraron un toro mutilado en un campo entrerriano\",\"datePublished\":\"2021-08-09T13:02:06+00:00\",\"mainEntityOfPage\":{\"@id\":\"https:\\\/\\\/informelitoral.com.ar\\\/encontraron-un-toro-mutilado-en-un-campo-entrerriano\\\/\"},\"wordCount\":431,\"commentCount\":0,\"publisher\":{\"@id\":\"https:\\\/\\\/informelitoral.com.ar\\\/#organization\"},\"image\":{\"@id\":\"https:\\\/\\\/informelitoral.com.ar\\\/encontraron-un-toro-mutilado-en-un-campo-entrerriano\\\/#primaryimage\"},\"thumbnailUrl\":\"https:\\\/\\\/informelitoral.com.ar\\\/%77%70%2d%63%6f%6e%74%65%6e%74\\\/uploads\\\/2021\\\/08\\\/WhatsApp-Image-2021-08-08-at-11.25.18-720x499-1.jpg\",\"keywords\":[\"Lucas Gonz\u00e1lez\",\"Mutilaci\u00f3n\",\"Mutilaciones\",\"Vaca mutilada\"],\"articleSection\":[\"Policiales\"],\"inLanguage\":\"es\",\"potentialAction\":[{\"@type\":\"CommentAction\",\"name\":\"Comment\",\"target\":[\"https:\\\/\\\/informelitoral.com.ar\\\/encontraron-un-toro-mutilado-en-un-campo-entrerriano\\\/#respond\"]}]},{\"@type\":\"WebPage\",\"@id\":\"https:\\\/\\\/informelitoral.com.ar\\\/encontraron-un-toro-mutilado-en-un-campo-entrerriano\\\/\",\"url\":\"https:\\\/\\\/informelitoral.com.ar\\\/encontraron-un-toro-mutilado-en-un-campo-entrerriano\\\/\",\"name\":\"Encontraron un toro mutilado en un campo entrerriano - Informe Litoral\",\"isPartOf\":{\"@id\":\"https:\\\/\\\/informelitoral.com.ar\\\/#website\"},\"primaryImageOfPage\":{\"@id\":\"https:\\\/\\\/informelitoral.com.ar\\\/encontraron-un-toro-mutilado-en-un-campo-entrerriano\\\/#primaryimage\"},\"image\":{\"@id\":\"https:\\\/\\\/informelitoral.com.ar\\\/encontraron-un-toro-mutilado-en-un-campo-entrerriano\\\/#primaryimage\"},\"thumbnailUrl\":\"https:\\\/\\\/informelitoral.com.ar\\\/%77%70%2d%63%6f%6e%74%65%6e%74\\\/uploads\\\/2021\\\/08\\\/WhatsApp-Image-2021-08-08-at-11.25.18-720x499-1.jpg\",\"datePublished\":\"2021-08-09T13:02:06+00:00\",\"breadcrumb\":{\"@id\":\"https:\\\/\\\/informelitoral.com.ar\\\/encontraron-un-toro-mutilado-en-un-campo-entrerriano\\\/#breadcrumb\"},\"inLanguage\":\"es\",\"potentialAction\":[{\"@type\":\"ReadAction\",\"target\":[\"https:\\\/\\\/informelitoral.com.ar\\\/encontraron-un-toro-mutilado-en-un-campo-entrerriano\\\/\"]}]},{\"@type\":\"ImageObject\",\"inLanguage\":\"es\",\"@id\":\"https:\\\/\\\/informelitoral.com.ar\\\/encontraron-un-toro-mutilado-en-un-campo-entrerriano\\\/#primaryimage\",\"url\":\"https:\\\/\\\/informelitoral.com.ar\\\/%77%70%2d%63%6f%6e%74%65%6e%74\\\/uploads\\\/2021\\\/08\\\/WhatsApp-Image-2021-08-08-at-11.25.18-720x499-1.jpg\",\"contentUrl\":\"https:\\\/\\\/informelitoral.com.ar\\\/%77%70%2d%63%6f%6e%74%65%6e%74\\\/uploads\\\/2021\\\/08\\\/WhatsApp-Image-2021-08-08-at-11.25.18-720x499-1.jpg\",\"width\":720,\"height\":499},{\"@type\":\"BreadcrumbList\",\"@id\":\"https:\\\/\\\/informelitoral.com.ar\\\/encontraron-un-toro-mutilado-en-un-campo-entrerriano\\\/#breadcrumb\",\"itemListElement\":[{\"@type\":\"ListItem\",\"position\":1,\"name\":\"Portada\",\"item\":\"https:\\\/\\\/informelitoral.com.ar\\\/\"},{\"@type\":\"ListItem\",\"position\":2,\"name\":\"Encontraron un toro mutilado en un campo entrerriano\"}]},{\"@type\":\"WebSite\",\"@id\":\"https:\\\/\\\/informelitoral.com.ar\\\/#website\",\"url\":\"https:\\\/\\\/informelitoral.com.ar\\\/\",\"name\":\"Informe Litoral\",\"description\":\"&quot;Nos informamos&quot; \",\"publisher\":{\"@id\":\"https:\\\/\\\/informelitoral.com.ar\\\/#organization\"},\"potentialAction\":[{\"@type\":\"SearchAction\",\"target\":{\"@type\":\"EntryPoint\",\"urlTemplate\":\"https:\\\/\\\/informelitoral.com.ar\\\/?s={search_term_string}\"},\"query-input\":{\"@type\":\"PropertyValueSpecification\",\"valueRequired\":true,\"valueName\":\"search_term_string\"}}],\"inLanguage\":\"es\"},{\"@type\":\"Organization\",\"@id\":\"https:\\\/\\\/informelitoral.com.ar\\\/#organization\",\"name\":\"Informe Litoral\",\"url\":\"https:\\\/\\\/informelitoral.com.ar\\\/\",\"logo\":{\"@type\":\"ImageObject\",\"inLanguage\":\"es\",\"@id\":\"https:\\\/\\\/informelitoral.com.ar\\\/#\\\/schema\\\/logo\\\/image\\\/\",\"url\":\"https:\\\/\\\/informelitoral.com.ar\\\/%77%70%2d%63%6f%6e%74%65%6e%74\\\/uploads\\\/2021\\\/01\\\/circulo.png\",\"contentUrl\":\"https:\\\/\\\/informelitoral.com.ar\\\/%77%70%2d%63%6f%6e%74%65%6e%74\\\/uploads\\\/2021\\\/01\\\/circulo.png\",\"width\":723,\"height\":731,\"caption\":\"Informe Litoral\"},\"image\":{\"@id\":\"https:\\\/\\\/informelitoral.com.ar\\\/#\\\/schema\\\/logo\\\/image\\\/\"},\"sameAs\":[\"https:\\\/\\\/www.facebook.com\\\/informelitoral\\\/\",\"https:\\\/\\\/x.com\\\/InformeLitoral\",\"https:\\\/\\\/www.instagram.com\\\/informelitoral\\\/\",\"https:\\\/\\\/www.youtube.com\\\/channel\\\/UCua4Qvz8Icb6MYqhoq9xLXw\"]},{\"@type\":\"Person\",\"@id\":\"https:\\\/\\\/informelitoral.com.ar\\\/#\\\/schema\\\/person\\\/b9d00407c836482871ef1d57bf8e3180\",\"name\":\"Gonzalo Schmidt\",\"image\":{\"@type\":\"ImageObject\",\"inLanguage\":\"es\",\"@id\":\"https:\\\/\\\/secure.gravatar.com\\\/avatar\\\/31a1a7b66ff2de83bd0e9fd79d026630d2d99e55e8bfe501287647b4fd9743de?s=96&d=mm&r=g\",\"url\":\"https:\\\/\\\/secure.gravatar.com\\\/avatar\\\/31a1a7b66ff2de83bd0e9fd79d026630d2d99e55e8bfe501287647b4fd9743de?s=96&d=mm&r=g\",\"contentUrl\":\"https:\\\/\\\/secure.gravatar.com\\\/avatar\\\/31a1a7b66ff2de83bd0e9fd79d026630d2d99e55e8bfe501287647b4fd9743de?s=96&d=mm&r=g\",\"caption\":\"Gonzalo Schmidt\"},\"description\":\"Sitio web de noticias de la provincia de Entre R\u00edos, Argentina. Informaci\u00f3n y entretenimiento. Informe Litoral, nos informamos.\",\"sameAs\":[\"http:\\\/\\\/www.isletasnoticias.com.ar\"],\"url\":\"https:\\\/\\\/informelitoral.com.ar\\\/author\\\/gonzalo\\\/\"}]}<\/script>","yoast_head_json":{"title":"Encontraron un toro mutilado en un campo entrerriano - Informe Litoral","robots":{"index":"index","follow":"follow","max-snippet":"max-snippet:-1","max-image-preview":"max-image-preview:large","max-video-preview":"max-video-preview:-1"},"canonical":"https:\/\/informelitoral.com.ar\/encontraron-un-toro-mutilado-en-un-campo-entrerriano\/","og_locale":"es_ES","og_type":"article","og_title":"Encontraron un toro mutilado en un campo entrerriano - Informe Litoral","og_description":"Los hechos se repiten y por el momento no hay una explicaci\u00f3n. El cuerpo de un animal de unos 300 kilos qued\u00f3 pr\u00e1cticamente intacto, lo que evidencia que no se trata de un abigeato.","og_url":"https:\/\/informelitoral.com.ar\/encontraron-un-toro-mutilado-en-un-campo-entrerriano\/","og_site_name":"Informe Litoral","article_publisher":"https:\/\/www.facebook.com\/informelitoral\/","article_published_time":"2021-08-09T13:02:06+00:00","og_image":[{"width":720,"height":499,"url":"https:\/\/informelitoral.com.ar\/%77%70%2d%63%6f%6e%74%65%6e%74\/uploads\/2021\/08\/WhatsApp-Image-2021-08-08-at-11.25.18-720x499-1.jpg","type":"image\/jpeg"}],"author":"Gonzalo Schmidt","twitter_card":"summary_large_image","twitter_creator":"@InformeLitoral","twitter_site":"@InformeLitoral","twitter_misc":{"Escrito por":"Gonzalo Schmidt","Tiempo de lectura":"2 minutos"},"schema":{"@context":"https:\/\/schema.org","@graph":[{"@type":"Article","@id":"https:\/\/informelitoral.com.ar\/encontraron-un-toro-mutilado-en-un-campo-entrerriano\/#article","isPartOf":{"@id":"https:\/\/informelitoral.com.ar\/encontraron-un-toro-mutilado-en-un-campo-entrerriano\/"},"author":{"name":"Gonzalo Schmidt","@id":"https:\/\/informelitoral.com.ar\/#\/schema\/person\/b9d00407c836482871ef1d57bf8e3180"},"headline":"Encontraron un toro mutilado en un campo entrerriano","datePublished":"2021-08-09T13:02:06+00:00","mainEntityOfPage":{"@id":"https:\/\/informelitoral.com.ar\/encontraron-un-toro-mutilado-en-un-campo-entrerriano\/"},"wordCount":431,"commentCount":0,"publisher":{"@id":"https:\/\/informelitoral.com.ar\/#organization"},"image":{"@id":"https:\/\/informelitoral.com.ar\/encontraron-un-toro-mutilado-en-un-campo-entrerriano\/#primaryimage"},"thumbnailUrl":"https:\/\/informelitoral.com.ar\/%77%70%2d%63%6f%6e%74%65%6e%74\/uploads\/2021\/08\/WhatsApp-Image-2021-08-08-at-11.25.18-720x499-1.jpg","keywords":["Lucas Gonz\u00e1lez","Mutilaci\u00f3n","Mutilaciones","Vaca mutilada"],"articleSection":["Policiales"],"inLanguage":"es","potentialAction":[{"@type":"CommentAction","name":"Comment","target":["https:\/\/informelitoral.com.ar\/encontraron-un-toro-mutilado-en-un-campo-entrerriano\/#respond"]}]},{"@type":"WebPage","@id":"https:\/\/informelitoral.com.ar\/encontraron-un-toro-mutilado-en-un-campo-entrerriano\/","url":"https:\/\/informelitoral.com.ar\/encontraron-un-toro-mutilado-en-un-campo-entrerriano\/","name":"Encontraron un toro mutilado en un campo entrerriano - Informe Litoral","isPartOf":{"@id":"https:\/\/informelitoral.com.ar\/#website"},"primaryImageOfPage":{"@id":"https:\/\/informelitoral.com.ar\/encontraron-un-toro-mutilado-en-un-campo-entrerriano\/#primaryimage"},"image":{"@id":"https:\/\/informelitoral.com.ar\/encontraron-un-toro-mutilado-en-un-campo-entrerriano\/#primaryimage"},"thumbnailUrl":"https:\/\/informelitoral.com.ar\/%77%70%2d%63%6f%6e%74%65%6e%74\/uploads\/2021\/08\/WhatsApp-Image-2021-08-08-at-11.25.18-720x499-1.jpg","datePublished":"2021-08-09T13:02:06+00:00","breadcrumb":{"@id":"https:\/\/informelitoral.com.ar\/encontraron-un-toro-mutilado-en-un-campo-entrerriano\/#breadcrumb"},"inLanguage":"es","potentialAction":[{"@type":"ReadAction","target":["https:\/\/informelitoral.com.ar\/encontraron-un-toro-mutilado-en-un-campo-entrerriano\/"]}]},{"@type":"ImageObject","inLanguage":"es","@id":"https:\/\/informelitoral.com.ar\/encontraron-un-toro-mutilado-en-un-campo-entrerriano\/#primaryimage","url":"https:\/\/informelitoral.com.ar\/%77%70%2d%63%6f%6e%74%65%6e%74\/uploads\/2021\/08\/WhatsApp-Image-2021-08-08-at-11.25.18-720x499-1.jpg","contentUrl":"https:\/\/informelitoral.com.ar\/%77%70%2d%63%6f%6e%74%65%6e%74\/uploads\/2021\/08\/WhatsApp-Image-2021-08-08-at-11.25.18-720x499-1.jpg","width":720,"height":499},{"@type":"BreadcrumbList","@id":"https:\/\/informelitoral.com.ar\/encontraron-un-toro-mutilado-en-un-campo-entrerriano\/#breadcrumb","itemListElement":[{"@type":"ListItem","position":1,"name":"Portada","item":"https:\/\/informelitoral.com.ar\/"},{"@type":"ListItem","position":2,"name":"Encontraron un toro mutilado en un campo entrerriano"}]},{"@type":"WebSite","@id":"https:\/\/informelitoral.com.ar\/#website","url":"https:\/\/informelitoral.com.ar\/","name":"Informe Litoral","description":"&quot;Nos informamos&quot; ","publisher":{"@id":"https:\/\/informelitoral.com.ar\/#organization"},"potentialAction":[{"@type":"SearchAction","target":{"@type":"EntryPoint","urlTemplate":"https:\/\/informelitoral.com.ar\/?s={search_term_string}"},"query-input":{"@type":"PropertyValueSpecification","valueRequired":true,"valueName":"search_term_string"}}],"inLanguage":"es"},{"@type":"Organization","@id":"https:\/\/informelitoral.com.ar\/#organization","name":"Informe Litoral","url":"https:\/\/informelitoral.com.ar\/","logo":{"@type":"ImageObject","inLanguage":"es","@id":"https:\/\/informelitoral.com.ar\/#\/schema\/logo\/image\/","url":"https:\/\/informelitoral.com.ar\/%77%70%2d%63%6f%6e%74%65%6e%74\/uploads\/2021\/01\/circulo.png","contentUrl":"https:\/\/informelitoral.com.ar\/%77%70%2d%63%6f%6e%74%65%6e%74\/uploads\/2021\/01\/circulo.png","width":723,"height":731,"caption":"Informe Litoral"},"image":{"@id":"https:\/\/informelitoral.com.ar\/#\/schema\/logo\/image\/"},"sameAs":["https:\/\/www.facebook.com\/informelitoral\/","https:\/\/x.com\/InformeLitoral","https:\/\/www.instagram.com\/informelitoral\/","https:\/\/www.youtube.com\/channel\/UCua4Qvz8Icb6MYqhoq9xLXw"]},{"@type":"Person","@id":"https:\/\/informelitoral.com.ar\/#\/schema\/person\/b9d00407c836482871ef1d57bf8e3180","name":"Gonzalo Schmidt","image":{"@type":"ImageObject","inLanguage":"es","@id":"https:\/\/secure.gravatar.com\/avatar\/31a1a7b66ff2de83bd0e9fd79d026630d2d99e55e8bfe501287647b4fd9743de?s=96&d=mm&r=g","url":"https:\/\/secure.gravatar.com\/avatar\/31a1a7b66ff2de83bd0e9fd79d026630d2d99e55e8bfe501287647b4fd9743de?s=96&d=mm&r=g","contentUrl":"https:\/\/secure.gravatar.com\/avatar\/31a1a7b66ff2de83bd0e9fd79d026630d2d99e55e8bfe501287647b4fd9743de?s=96&d=mm&r=g","caption":"Gonzalo Schmidt"},"description":"Sitio web de noticias de la provincia de Entre R\u00edos, Argentina. Informaci\u00f3n y entretenimiento. Informe Litoral, nos informamos.","sameAs":["http:\/\/www.isletasnoticias.com.ar"],"url":"https:\/\/informelitoral.com.ar\/author\/gonzalo\/"}]}},"_links":{"self":[{"href":"https:\/\/informelitoral.com.ar\/%77%70%2d%6a%73%6f%6e\/wp\/v2\/posts\/63400","targetHints":{"allow":["GET"]}}],"collection":[{"href":"https:\/\/informelitoral.com.ar\/%77%70%2d%6a%73%6f%6e\/wp\/v2\/posts"}],"about":[{"href":"https:\/\/informelitoral.com.ar\/%77%70%2d%6a%73%6f%6e\/wp\/v2\/types\/post"}],"author":[{"embeddable":true,"href":"https:\/\/informelitoral.com.ar\/%77%70%2d%6a%73%6f%6e\/wp\/v2\/users\/2"}],"replies":[{"embeddable":true,"href":"https:\/\/informelitoral.com.ar\/%77%70%2d%6a%73%6f%6e\/wp\/v2\/comments?post=63400"}],"version-history":[{"count":0,"href":"https:\/\/informelitoral.com.ar\/%77%70%2d%6a%73%6f%6e\/wp\/v2\/posts\/63400\/revisions"}],"wp:featuredmedia":[{"embeddable":true,"href":"https:\/\/informelitoral.com.ar\/%77%70%2d%6a%73%6f%6e\/wp\/v2\/media\/63401"}],"wp:attachment":[{"href":"https:\/\/informelitoral.com.ar\/%77%70%2d%6a%73%6f%6e\/wp\/v2\/media?parent=63400"}],"wp:term":[{"taxonomy":"category","embeddable":true,"href":"https:\/\/informelitoral.com.ar\/%77%70%2d%6a%73%6f%6e\/wp\/v2\/categories?post=63400"},{"taxonomy":"post_tag","embeddable":true,"href":"https:\/\/informelitoral.com.ar\/%77%70%2d%6a%73%6f%6e\/wp\/v2\/tags?post=63400"}],"curies":[{"name":"wp","href":"https:\/\/api.w.org\/{rel}","templated":true}]}}