{"id":63384,"date":"2021-08-08T15:11:28","date_gmt":"2021-08-08T18:11:28","guid":{"rendered":"https:\/\/www.informelitoral.com.ar\/?p=63384"},"modified":"2021-08-08T15:11:28","modified_gmt":"2021-08-08T18:11:28","slug":"para-galimberti-el-gobierno-no-alienta-la-cultura-del-trabajo-y-se-ha-convertido-en-una-maquina-de-impedir","status":"publish","type":"post","link":"https:\/\/informelitoral.com.ar\/para-galimberti-el-gobierno-no-alienta-la-cultura-del-trabajo-y-se-ha-convertido-en-una-maquina-de-impedir\/","title":{"rendered":"Para Galimberti \u201cel gobierno no alienta la cultura del trabajo y se ha convertido en una m\u00e1quina de impedir\u201d"},"content":{"rendered":"<p class=\"x_MsoNormal\"><span lang=\"ES\">Entre este jueves y el domingo los precandidatos a diputados nacionales por la lista 502 B Entre R\u00edos Cambia, Pedro Galimberti, Mariana Salinas y Dar\u00edo Schneider, contin\u00faan su campa\u00f1a en los departamentos Paran\u00e1, Gualeguaych\u00fa y Gualeguay, de cara a las PASO del pr\u00f3ximo 12 de septiembre.<\/span><\/p>\n<p class=\"x_MsoNormal\"><span lang=\"ES\">Este jueves Galimberti y Schneider visitaron Villa Urquiza, conducida por el intendente radical Manuel Tennen. All\u00ed se reunieron con funcionarios, dirigentes y militantes de esta localidad costera, y visitaron adem\u00e1s la f\u00e1brica de chacinados Meucci, donde fueron recibidos por Fabiana Meucci, una de sus titulares. Dialogaron con ella sobre las vicisitudes que encuentra la iniciativa privada de parte de los gobiernos nacional y provincial.<\/span><\/p>\n<p class=\"x_MsoNormal\"><span lang=\"ES\">Esta empresa produce entre 50 y 60 toneladas mensuales y hacen un tratamiento integral del cerdo, sin faenar, contando actualmente con 17 empleados. En la charla, Fabiana cont\u00f3 los escollos que tienen en el orden impositivo y jur\u00eddico tanto a nivel nacional como provincial, siendo esta una problem\u00e1tica que plantean todos los emprendedores con quienes los precandidatos se van entrevistando.<\/span><\/p>\n<p class=\"x_MsoNormal\"><span lang=\"ES\">Meucci se\u00f1al\u00f3 que hay problemas que necesitan modificaci\u00f3n en el \u00e1mbito legislativo, como la adecuaci\u00f3n de la normativa que regula el tipo de actividad que ellos desarrollan; adem\u00e1s de indicar que se debe dejar de cultivar el aliento de la cultura del subsidio y trabajar desde Naci\u00f3n y Provincia en simplificar las cuestiones impositivas para quienes emprendemos y generamos trabajo.<\/span><\/p>\n<p class=\"x_MsoNormal\"><span lang=\"ES\">Dijo que hay que apostar por la cultura del trabajo y record\u00f3 que se aplican muchos impuestos de emergencia que despu\u00e9s no se quitan m\u00e1s. Tambi\u00e9n habl\u00f3 de los elevados costos bancarios que tienen empresarios y emprendedores, opinando que hay que revisar las retenciones establecidas, expresando que no se puede trabajar para el Estado.<\/span><\/p>\n<p class=\"x_MsoNormal\"><b><span lang=\"ES\">Alentar la producci\u00f3n y el trabajo<\/span><\/b><\/p>\n<p class=\"x_MsoNormal\"><span lang=\"ES\">\u201cHay que generar pol\u00edticas p\u00fablicas claras para alentar la producci\u00f3n y el trabajo\u201d, dijo Pedro Galimberti, poniendo \u00e9nfasis en que \u201cTenemos potencial productivo en la provincia, al que el Estado a trav\u00e9s de sus dirigentes tiene la obligaci\u00f3n de acompa\u00f1ar y generarle las condiciones necesarias para invertir y crecer, con pol\u00edticas p\u00fablicas claras para alentar la producci\u00f3n y el trabajo. El escenario pol\u00edtico no s\u00f3lo se dirime en las urnas sino tambi\u00e9n en las ideas, los valores y las propuestas. Hoy lamentablemente el gobierno no alienta la cultura del trabajo y se ha convertido en una m\u00e1quina de impedir\u201d.<\/span><\/p>\n<p class=\"x_MsoNormal\"><span lang=\"ES\">Schneider agreg\u00f3 \u00abHay muchos lugares y sectores que est\u00e1n olvidados por nuestros funcionarios provinciales, hay demasiados entrerrianos necesitados de respuestas verdaderas y promesas que se cumplan\u00bb.<\/span><\/p>\n<p class=\"x_MsoNormal\"><span lang=\"ES\">El actual intendente de Crespo valor\u00f3 que \u00abEsta territorialidad nos lleva a conocer los problemas y lo que los entrerrianos piden para cambiar a una provincia que necesita generar oportunidades y condiciones necesarias para quienes quieren trabajar y emprender\u00bb.<\/span><\/p>\n<p class=\"x_MsoNormal\"><b><span lang=\"ES\">Otras actividades desarrolladas<\/span><\/b><\/p>\n<p class=\"x_MsoNormal\"><span lang=\"ES\">Luego los precandidatos se trasladaron a Colonia Avellaneda, donde charlaron con dirigentes locales y de San Benito, organizando el trabajo de campa\u00f1a de estos lugares, que son parte del Gran Paran\u00e1. Adem\u00e1s, mantuvieron una reuni\u00f3n de trabajo con Alejandro Javier Milocco, presidente del partido Ser Distrito Entre R\u00edos, que tiene representantes en diferentes localidades y estructura en toda la provincia.<\/span><\/p>\n","protected":false},"excerpt":{"rendered":"<p>Los precandidatos a diputados nacionales por la lista 502 B Entre R\u00edos Cambia, Pedro Galimberti y Dar\u00edo Schneider, pasaron por Villa Urquiza y Colonia Avellaneda, manteniendo encuentros y reuniones con funcionarios, dirigentes, militantes y sectores productivos.<\/p>\n","protected":false},"author":2,"featured_media":63385,"comment_status":"open","ping_status":"open","sticky":false,"template":"","format":"standard","meta":{"fifu_image_url":"","fifu_image_alt":"","footnotes":""},"categories":[16],"tags":[1521,2254,2313],"class_list":{"0":"post-63384","1":"post","2":"type-post","3":"status-publish","4":"format-standard","5":"has-post-thumbnail","7":"category-politi","8":"tag-dario-schneider","9":"tag-elecciones-2021","10":"tag-pedro-galimberti"},"yoast_head":"<title>Para Galimberti \u201cel gobierno no alienta la cultura del trabajo y se ha convertido en una m\u00e1quina de impedir\u201d - Informe Litoral<\/title>\n<meta name=\"robots\" content=\"index, follow, max-snippet:-1, max-image-preview:large, max-video-preview:-1\" \/>\n<link rel=\"canonical\" href=\"https:\/\/informelitoral.com.ar\/para-galimberti-el-gobierno-no-alienta-la-cultura-del-trabajo-y-se-ha-convertido-en-una-maquina-de-impedir\/\" \/>\n<meta property=\"og:locale\" content=\"es_ES\" \/>\n<meta property=\"og:type\" content=\"article\" \/>\n<meta property=\"og:title\" content=\"Para Galimberti \u201cel gobierno no alienta la cultura del trabajo y se ha convertido en una m\u00e1quina de impedir\u201d - Informe Litoral\" \/>\n<meta property=\"og:description\" content=\"Los precandidatos a diputados nacionales por la lista 502 B Entre R\u00edos Cambia, Pedro Galimberti y Dar\u00edo Schneider, pasaron por Villa Urquiza y Colonia Avellaneda, manteniendo encuentros y reuniones con funcionarios, dirigentes, militantes y sectores productivos.\" \/>\n<meta property=\"og:url\" content=\"https:\/\/informelitoral.com.ar\/para-galimberti-el-gobierno-no-alienta-la-cultura-del-trabajo-y-se-ha-convertido-en-una-maquina-de-impedir\/\" \/>\n<meta property=\"og:site_name\" content=\"Informe Litoral\" \/>\n<meta property=\"article:publisher\" content=\"https:\/\/www.facebook.com\/informelitoral\/\" \/>\n<meta property=\"article:published_time\" content=\"2021-08-08T18:11:28+00:00\" \/>\n<meta property=\"og:image\" content=\"https:\/\/informelitoral.com.ar\/%77%70%2d%63%6f%6e%74%65%6e%74\/uploads\/2021\/08\/0be6cc4c-d59f-47a5-964d-4334f42d4d1c.jpg\" \/>\n\t<meta property=\"og:image:width\" content=\"1600\" \/>\n\t<meta property=\"og:image:height\" content=\"1115\" \/>\n\t<meta property=\"og:image:type\" content=\"image\/jpeg\" \/>\n<meta name=\"author\" content=\"Gonzalo Schmidt\" \/>\n<meta name=\"twitter:card\" content=\"summary_large_image\" \/>\n<meta name=\"twitter:creator\" content=\"@InformeLitoral\" \/>\n<meta name=\"twitter:site\" content=\"@InformeLitoral\" \/>\n<meta name=\"twitter:label1\" content=\"Escrito por\" \/>\n\t<meta name=\"twitter:data1\" content=\"Gonzalo Schmidt\" \/>\n\t<meta name=\"twitter:label2\" content=\"Tiempo de lectura\" \/>\n\t<meta name=\"twitter:data2\" content=\"3 minutos\" \/>\n<script type=\"application\/ld+json\" class=\"yoast-schema-graph\">{\"@context\":\"https:\\\/\\\/schema.org\",\"@graph\":[{\"@type\":\"Article\",\"@id\":\"https:\\\/\\\/informelitoral.com.ar\\\/para-galimberti-el-gobierno-no-alienta-la-cultura-del-trabajo-y-se-ha-convertido-en-una-maquina-de-impedir\\\/#article\",\"isPartOf\":{\"@id\":\"https:\\\/\\\/informelitoral.com.ar\\\/para-galimberti-el-gobierno-no-alienta-la-cultura-del-trabajo-y-se-ha-convertido-en-una-maquina-de-impedir\\\/\"},\"author\":{\"name\":\"Gonzalo Schmidt\",\"@id\":\"https:\\\/\\\/informelitoral.com.ar\\\/#\\\/schema\\\/person\\\/b9d00407c836482871ef1d57bf8e3180\"},\"headline\":\"Para Galimberti \u201cel gobierno no alienta la cultura del trabajo y se ha convertido en una m\u00e1quina de impedir\u201d\",\"datePublished\":\"2021-08-08T18:11:28+00:00\",\"mainEntityOfPage\":{\"@id\":\"https:\\\/\\\/informelitoral.com.ar\\\/para-galimberti-el-gobierno-no-alienta-la-cultura-del-trabajo-y-se-ha-convertido-en-una-maquina-de-impedir\\\/\"},\"wordCount\":568,\"commentCount\":0,\"publisher\":{\"@id\":\"https:\\\/\\\/informelitoral.com.ar\\\/#organization\"},\"image\":{\"@id\":\"https:\\\/\\\/informelitoral.com.ar\\\/para-galimberti-el-gobierno-no-alienta-la-cultura-del-trabajo-y-se-ha-convertido-en-una-maquina-de-impedir\\\/#primaryimage\"},\"thumbnailUrl\":\"https:\\\/\\\/informelitoral.com.ar\\\/%77%70%2d%63%6f%6e%74%65%6e%74\\\/uploads\\\/2021\\\/08\\\/0be6cc4c-d59f-47a5-964d-4334f42d4d1c.jpg\",\"keywords\":[\"Dar\u00edo Schneider\",\"Elecciones 2021\",\"Pedro Galimberti\"],\"articleSection\":[\"Politica\"],\"inLanguage\":\"es\",\"potentialAction\":[{\"@type\":\"CommentAction\",\"name\":\"Comment\",\"target\":[\"https:\\\/\\\/informelitoral.com.ar\\\/para-galimberti-el-gobierno-no-alienta-la-cultura-del-trabajo-y-se-ha-convertido-en-una-maquina-de-impedir\\\/#respond\"]}]},{\"@type\":\"WebPage\",\"@id\":\"https:\\\/\\\/informelitoral.com.ar\\\/para-galimberti-el-gobierno-no-alienta-la-cultura-del-trabajo-y-se-ha-convertido-en-una-maquina-de-impedir\\\/\",\"url\":\"https:\\\/\\\/informelitoral.com.ar\\\/para-galimberti-el-gobierno-no-alienta-la-cultura-del-trabajo-y-se-ha-convertido-en-una-maquina-de-impedir\\\/\",\"name\":\"Para Galimberti \u201cel gobierno no alienta la cultura del trabajo y se ha convertido en una m\u00e1quina de impedir\u201d - Informe Litoral\",\"isPartOf\":{\"@id\":\"https:\\\/\\\/informelitoral.com.ar\\\/#website\"},\"primaryImageOfPage\":{\"@id\":\"https:\\\/\\\/informelitoral.com.ar\\\/para-galimberti-el-gobierno-no-alienta-la-cultura-del-trabajo-y-se-ha-convertido-en-una-maquina-de-impedir\\\/#primaryimage\"},\"image\":{\"@id\":\"https:\\\/\\\/informelitoral.com.ar\\\/para-galimberti-el-gobierno-no-alienta-la-cultura-del-trabajo-y-se-ha-convertido-en-una-maquina-de-impedir\\\/#primaryimage\"},\"thumbnailUrl\":\"https:\\\/\\\/informelitoral.com.ar\\\/%77%70%2d%63%6f%6e%74%65%6e%74\\\/uploads\\\/2021\\\/08\\\/0be6cc4c-d59f-47a5-964d-4334f42d4d1c.jpg\",\"datePublished\":\"2021-08-08T18:11:28+00:00\",\"breadcrumb\":{\"@id\":\"https:\\\/\\\/informelitoral.com.ar\\\/para-galimberti-el-gobierno-no-alienta-la-cultura-del-trabajo-y-se-ha-convertido-en-una-maquina-de-impedir\\\/#breadcrumb\"},\"inLanguage\":\"es\",\"potentialAction\":[{\"@type\":\"ReadAction\",\"target\":[\"https:\\\/\\\/informelitoral.com.ar\\\/para-galimberti-el-gobierno-no-alienta-la-cultura-del-trabajo-y-se-ha-convertido-en-una-maquina-de-impedir\\\/\"]}]},{\"@type\":\"ImageObject\",\"inLanguage\":\"es\",\"@id\":\"https:\\\/\\\/informelitoral.com.ar\\\/para-galimberti-el-gobierno-no-alienta-la-cultura-del-trabajo-y-se-ha-convertido-en-una-maquina-de-impedir\\\/#primaryimage\",\"url\":\"https:\\\/\\\/informelitoral.com.ar\\\/%77%70%2d%63%6f%6e%74%65%6e%74\\\/uploads\\\/2021\\\/08\\\/0be6cc4c-d59f-47a5-964d-4334f42d4d1c.jpg\",\"contentUrl\":\"https:\\\/\\\/informelitoral.com.ar\\\/%77%70%2d%63%6f%6e%74%65%6e%74\\\/uploads\\\/2021\\\/08\\\/0be6cc4c-d59f-47a5-964d-4334f42d4d1c.jpg\",\"width\":1600,\"height\":1115},{\"@type\":\"BreadcrumbList\",\"@id\":\"https:\\\/\\\/informelitoral.com.ar\\\/para-galimberti-el-gobierno-no-alienta-la-cultura-del-trabajo-y-se-ha-convertido-en-una-maquina-de-impedir\\\/#breadcrumb\",\"itemListElement\":[{\"@type\":\"ListItem\",\"position\":1,\"name\":\"Portada\",\"item\":\"https:\\\/\\\/informelitoral.com.ar\\\/\"},{\"@type\":\"ListItem\",\"position\":2,\"name\":\"Para Galimberti \u201cel gobierno no alienta la cultura del trabajo y se ha convertido en una m\u00e1quina de impedir\u201d\"}]},{\"@type\":\"WebSite\",\"@id\":\"https:\\\/\\\/informelitoral.com.ar\\\/#website\",\"url\":\"https:\\\/\\\/informelitoral.com.ar\\\/\",\"name\":\"Informe Litoral\",\"description\":\"&quot;Nos informamos&quot; \",\"publisher\":{\"@id\":\"https:\\\/\\\/informelitoral.com.ar\\\/#organization\"},\"potentialAction\":[{\"@type\":\"SearchAction\",\"target\":{\"@type\":\"EntryPoint\",\"urlTemplate\":\"https:\\\/\\\/informelitoral.com.ar\\\/?s={search_term_string}\"},\"query-input\":{\"@type\":\"PropertyValueSpecification\",\"valueRequired\":true,\"valueName\":\"search_term_string\"}}],\"inLanguage\":\"es\"},{\"@type\":\"Organization\",\"@id\":\"https:\\\/\\\/informelitoral.com.ar\\\/#organization\",\"name\":\"Informe Litoral\",\"url\":\"https:\\\/\\\/informelitoral.com.ar\\\/\",\"logo\":{\"@type\":\"ImageObject\",\"inLanguage\":\"es\",\"@id\":\"https:\\\/\\\/informelitoral.com.ar\\\/#\\\/schema\\\/logo\\\/image\\\/\",\"url\":\"https:\\\/\\\/informelitoral.com.ar\\\/%77%70%2d%63%6f%6e%74%65%6e%74\\\/uploads\\\/2021\\\/01\\\/circulo.png\",\"contentUrl\":\"https:\\\/\\\/informelitoral.com.ar\\\/%77%70%2d%63%6f%6e%74%65%6e%74\\\/uploads\\\/2021\\\/01\\\/circulo.png\",\"width\":723,\"height\":731,\"caption\":\"Informe Litoral\"},\"image\":{\"@id\":\"https:\\\/\\\/informelitoral.com.ar\\\/#\\\/schema\\\/logo\\\/image\\\/\"},\"sameAs\":[\"https:\\\/\\\/www.facebook.com\\\/informelitoral\\\/\",\"https:\\\/\\\/x.com\\\/InformeLitoral\",\"https:\\\/\\\/www.instagram.com\\\/informelitoral\\\/\",\"https:\\\/\\\/www.youtube.com\\\/channel\\\/UCua4Qvz8Icb6MYqhoq9xLXw\"]},{\"@type\":\"Person\",\"@id\":\"https:\\\/\\\/informelitoral.com.ar\\\/#\\\/schema\\\/person\\\/b9d00407c836482871ef1d57bf8e3180\",\"name\":\"Gonzalo Schmidt\",\"image\":{\"@type\":\"ImageObject\",\"inLanguage\":\"es\",\"@id\":\"https:\\\/\\\/secure.gravatar.com\\\/avatar\\\/31a1a7b66ff2de83bd0e9fd79d026630d2d99e55e8bfe501287647b4fd9743de?s=96&d=mm&r=g\",\"url\":\"https:\\\/\\\/secure.gravatar.com\\\/avatar\\\/31a1a7b66ff2de83bd0e9fd79d026630d2d99e55e8bfe501287647b4fd9743de?s=96&d=mm&r=g\",\"contentUrl\":\"https:\\\/\\\/secure.gravatar.com\\\/avatar\\\/31a1a7b66ff2de83bd0e9fd79d026630d2d99e55e8bfe501287647b4fd9743de?s=96&d=mm&r=g\",\"caption\":\"Gonzalo Schmidt\"},\"description\":\"Sitio web de noticias de la provincia de Entre R\u00edos, Argentina. Informaci\u00f3n y entretenimiento. Informe Litoral, nos informamos.\",\"sameAs\":[\"http:\\\/\\\/www.isletasnoticias.com.ar\"],\"url\":\"https:\\\/\\\/informelitoral.com.ar\\\/author\\\/gonzalo\\\/\"}]}<\/script>","yoast_head_json":{"title":"Para Galimberti \u201cel gobierno no alienta la cultura del trabajo y se ha convertido en una m\u00e1quina de impedir\u201d - Informe Litoral","robots":{"index":"index","follow":"follow","max-snippet":"max-snippet:-1","max-image-preview":"max-image-preview:large","max-video-preview":"max-video-preview:-1"},"canonical":"https:\/\/informelitoral.com.ar\/para-galimberti-el-gobierno-no-alienta-la-cultura-del-trabajo-y-se-ha-convertido-en-una-maquina-de-impedir\/","og_locale":"es_ES","og_type":"article","og_title":"Para Galimberti \u201cel gobierno no alienta la cultura del trabajo y se ha convertido en una m\u00e1quina de impedir\u201d - Informe Litoral","og_description":"Los precandidatos a diputados nacionales por la lista 502 B Entre R\u00edos Cambia, Pedro Galimberti y Dar\u00edo Schneider, pasaron por Villa Urquiza y Colonia Avellaneda, manteniendo encuentros y reuniones con funcionarios, dirigentes, militantes y sectores productivos.","og_url":"https:\/\/informelitoral.com.ar\/para-galimberti-el-gobierno-no-alienta-la-cultura-del-trabajo-y-se-ha-convertido-en-una-maquina-de-impedir\/","og_site_name":"Informe Litoral","article_publisher":"https:\/\/www.facebook.com\/informelitoral\/","article_published_time":"2021-08-08T18:11:28+00:00","og_image":[{"width":1600,"height":1115,"url":"https:\/\/informelitoral.com.ar\/%77%70%2d%63%6f%6e%74%65%6e%74\/uploads\/2021\/08\/0be6cc4c-d59f-47a5-964d-4334f42d4d1c.jpg","type":"image\/jpeg"}],"author":"Gonzalo Schmidt","twitter_card":"summary_large_image","twitter_creator":"@InformeLitoral","twitter_site":"@InformeLitoral","twitter_misc":{"Escrito por":"Gonzalo Schmidt","Tiempo de lectura":"3 minutos"},"schema":{"@context":"https:\/\/schema.org","@graph":[{"@type":"Article","@id":"https:\/\/informelitoral.com.ar\/para-galimberti-el-gobierno-no-alienta-la-cultura-del-trabajo-y-se-ha-convertido-en-una-maquina-de-impedir\/#article","isPartOf":{"@id":"https:\/\/informelitoral.com.ar\/para-galimberti-el-gobierno-no-alienta-la-cultura-del-trabajo-y-se-ha-convertido-en-una-maquina-de-impedir\/"},"author":{"name":"Gonzalo Schmidt","@id":"https:\/\/informelitoral.com.ar\/#\/schema\/person\/b9d00407c836482871ef1d57bf8e3180"},"headline":"Para Galimberti \u201cel gobierno no alienta la cultura del trabajo y se ha convertido en una m\u00e1quina de impedir\u201d","datePublished":"2021-08-08T18:11:28+00:00","mainEntityOfPage":{"@id":"https:\/\/informelitoral.com.ar\/para-galimberti-el-gobierno-no-alienta-la-cultura-del-trabajo-y-se-ha-convertido-en-una-maquina-de-impedir\/"},"wordCount":568,"commentCount":0,"publisher":{"@id":"https:\/\/informelitoral.com.ar\/#organization"},"image":{"@id":"https:\/\/informelitoral.com.ar\/para-galimberti-el-gobierno-no-alienta-la-cultura-del-trabajo-y-se-ha-convertido-en-una-maquina-de-impedir\/#primaryimage"},"thumbnailUrl":"https:\/\/informelitoral.com.ar\/%77%70%2d%63%6f%6e%74%65%6e%74\/uploads\/2021\/08\/0be6cc4c-d59f-47a5-964d-4334f42d4d1c.jpg","keywords":["Dar\u00edo Schneider","Elecciones 2021","Pedro Galimberti"],"articleSection":["Politica"],"inLanguage":"es","potentialAction":[{"@type":"CommentAction","name":"Comment","target":["https:\/\/informelitoral.com.ar\/para-galimberti-el-gobierno-no-alienta-la-cultura-del-trabajo-y-se-ha-convertido-en-una-maquina-de-impedir\/#respond"]}]},{"@type":"WebPage","@id":"https:\/\/informelitoral.com.ar\/para-galimberti-el-gobierno-no-alienta-la-cultura-del-trabajo-y-se-ha-convertido-en-una-maquina-de-impedir\/","url":"https:\/\/informelitoral.com.ar\/para-galimberti-el-gobierno-no-alienta-la-cultura-del-trabajo-y-se-ha-convertido-en-una-maquina-de-impedir\/","name":"Para Galimberti \u201cel gobierno no alienta la cultura del trabajo y se ha convertido en una m\u00e1quina de impedir\u201d - Informe Litoral","isPartOf":{"@id":"https:\/\/informelitoral.com.ar\/#website"},"primaryImageOfPage":{"@id":"https:\/\/informelitoral.com.ar\/para-galimberti-el-gobierno-no-alienta-la-cultura-del-trabajo-y-se-ha-convertido-en-una-maquina-de-impedir\/#primaryimage"},"image":{"@id":"https:\/\/informelitoral.com.ar\/para-galimberti-el-gobierno-no-alienta-la-cultura-del-trabajo-y-se-ha-convertido-en-una-maquina-de-impedir\/#primaryimage"},"thumbnailUrl":"https:\/\/informelitoral.com.ar\/%77%70%2d%63%6f%6e%74%65%6e%74\/uploads\/2021\/08\/0be6cc4c-d59f-47a5-964d-4334f42d4d1c.jpg","datePublished":"2021-08-08T18:11:28+00:00","breadcrumb":{"@id":"https:\/\/informelitoral.com.ar\/para-galimberti-el-gobierno-no-alienta-la-cultura-del-trabajo-y-se-ha-convertido-en-una-maquina-de-impedir\/#breadcrumb"},"inLanguage":"es","potentialAction":[{"@type":"ReadAction","target":["https:\/\/informelitoral.com.ar\/para-galimberti-el-gobierno-no-alienta-la-cultura-del-trabajo-y-se-ha-convertido-en-una-maquina-de-impedir\/"]}]},{"@type":"ImageObject","inLanguage":"es","@id":"https:\/\/informelitoral.com.ar\/para-galimberti-el-gobierno-no-alienta-la-cultura-del-trabajo-y-se-ha-convertido-en-una-maquina-de-impedir\/#primaryimage","url":"https:\/\/informelitoral.com.ar\/%77%70%2d%63%6f%6e%74%65%6e%74\/uploads\/2021\/08\/0be6cc4c-d59f-47a5-964d-4334f42d4d1c.jpg","contentUrl":"https:\/\/informelitoral.com.ar\/%77%70%2d%63%6f%6e%74%65%6e%74\/uploads\/2021\/08\/0be6cc4c-d59f-47a5-964d-4334f42d4d1c.jpg","width":1600,"height":1115},{"@type":"BreadcrumbList","@id":"https:\/\/informelitoral.com.ar\/para-galimberti-el-gobierno-no-alienta-la-cultura-del-trabajo-y-se-ha-convertido-en-una-maquina-de-impedir\/#breadcrumb","itemListElement":[{"@type":"ListItem","position":1,"name":"Portada","item":"https:\/\/informelitoral.com.ar\/"},{"@type":"ListItem","position":2,"name":"Para Galimberti \u201cel gobierno no alienta la cultura del trabajo y se ha convertido en una m\u00e1quina de impedir\u201d"}]},{"@type":"WebSite","@id":"https:\/\/informelitoral.com.ar\/#website","url":"https:\/\/informelitoral.com.ar\/","name":"Informe Litoral","description":"&quot;Nos informamos&quot; ","publisher":{"@id":"https:\/\/informelitoral.com.ar\/#organization"},"potentialAction":[{"@type":"SearchAction","target":{"@type":"EntryPoint","urlTemplate":"https:\/\/informelitoral.com.ar\/?s={search_term_string}"},"query-input":{"@type":"PropertyValueSpecification","valueRequired":true,"valueName":"search_term_string"}}],"inLanguage":"es"},{"@type":"Organization","@id":"https:\/\/informelitoral.com.ar\/#organization","name":"Informe Litoral","url":"https:\/\/informelitoral.com.ar\/","logo":{"@type":"ImageObject","inLanguage":"es","@id":"https:\/\/informelitoral.com.ar\/#\/schema\/logo\/image\/","url":"https:\/\/informelitoral.com.ar\/%77%70%2d%63%6f%6e%74%65%6e%74\/uploads\/2021\/01\/circulo.png","contentUrl":"https:\/\/informelitoral.com.ar\/%77%70%2d%63%6f%6e%74%65%6e%74\/uploads\/2021\/01\/circulo.png","width":723,"height":731,"caption":"Informe Litoral"},"image":{"@id":"https:\/\/informelitoral.com.ar\/#\/schema\/logo\/image\/"},"sameAs":["https:\/\/www.facebook.com\/informelitoral\/","https:\/\/x.com\/InformeLitoral","https:\/\/www.instagram.com\/informelitoral\/","https:\/\/www.youtube.com\/channel\/UCua4Qvz8Icb6MYqhoq9xLXw"]},{"@type":"Person","@id":"https:\/\/informelitoral.com.ar\/#\/schema\/person\/b9d00407c836482871ef1d57bf8e3180","name":"Gonzalo Schmidt","image":{"@type":"ImageObject","inLanguage":"es","@id":"https:\/\/secure.gravatar.com\/avatar\/31a1a7b66ff2de83bd0e9fd79d026630d2d99e55e8bfe501287647b4fd9743de?s=96&d=mm&r=g","url":"https:\/\/secure.gravatar.com\/avatar\/31a1a7b66ff2de83bd0e9fd79d026630d2d99e55e8bfe501287647b4fd9743de?s=96&d=mm&r=g","contentUrl":"https:\/\/secure.gravatar.com\/avatar\/31a1a7b66ff2de83bd0e9fd79d026630d2d99e55e8bfe501287647b4fd9743de?s=96&d=mm&r=g","caption":"Gonzalo Schmidt"},"description":"Sitio web de noticias de la provincia de Entre R\u00edos, Argentina. Informaci\u00f3n y entretenimiento. Informe Litoral, nos informamos.","sameAs":["http:\/\/www.isletasnoticias.com.ar"],"url":"https:\/\/informelitoral.com.ar\/author\/gonzalo\/"}]}},"_links":{"self":[{"href":"https:\/\/informelitoral.com.ar\/%77%70%2d%6a%73%6f%6e\/wp\/v2\/posts\/63384","targetHints":{"allow":["GET"]}}],"collection":[{"href":"https:\/\/informelitoral.com.ar\/%77%70%2d%6a%73%6f%6e\/wp\/v2\/posts"}],"about":[{"href":"https:\/\/informelitoral.com.ar\/%77%70%2d%6a%73%6f%6e\/wp\/v2\/types\/post"}],"author":[{"embeddable":true,"href":"https:\/\/informelitoral.com.ar\/%77%70%2d%6a%73%6f%6e\/wp\/v2\/users\/2"}],"replies":[{"embeddable":true,"href":"https:\/\/informelitoral.com.ar\/%77%70%2d%6a%73%6f%6e\/wp\/v2\/comments?post=63384"}],"version-history":[{"count":0,"href":"https:\/\/informelitoral.com.ar\/%77%70%2d%6a%73%6f%6e\/wp\/v2\/posts\/63384\/revisions"}],"wp:featuredmedia":[{"embeddable":true,"href":"https:\/\/informelitoral.com.ar\/%77%70%2d%6a%73%6f%6e\/wp\/v2\/media\/63385"}],"wp:attachment":[{"href":"https:\/\/informelitoral.com.ar\/%77%70%2d%6a%73%6f%6e\/wp\/v2\/media?parent=63384"}],"wp:term":[{"taxonomy":"category","embeddable":true,"href":"https:\/\/informelitoral.com.ar\/%77%70%2d%6a%73%6f%6e\/wp\/v2\/categories?post=63384"},{"taxonomy":"post_tag","embeddable":true,"href":"https:\/\/informelitoral.com.ar\/%77%70%2d%6a%73%6f%6e\/wp\/v2\/tags?post=63384"}],"curies":[{"name":"wp","href":"https:\/\/api.w.org\/{rel}","templated":true}]}}