{"id":63380,"date":"2021-08-08T15:04:47","date_gmt":"2021-08-08T18:04:47","guid":{"rendered":"https:\/\/www.informelitoral.com.ar\/?p=63380"},"modified":"2021-08-08T15:06:53","modified_gmt":"2021-08-08T18:06:53","slug":"el-senado-entrerriano-trabajara-esta-semana-en-comisiones-y-en-audiencias-publicas","status":"publish","type":"post","link":"https:\/\/informelitoral.com.ar\/el-senado-entrerriano-trabajara-esta-semana-en-comisiones-y-en-audiencias-publicas\/","title":{"rendered":"El Senado entrerriano trabajar\u00e1 esta semana en comisiones y en audiencias p\u00fablicas"},"content":{"rendered":"<p><strong>Comisi\u00f3n de Legislaci\u00f3n General<\/strong><br \/>\nA partir de a las 08:30, la comisi\u00f3n presidida por la senadora Claudia Gieco (Diamante- Frente Justicialista) tratar\u00e1n el proyecto de ley por el que la provincia de Entre R\u00edos adhiere a las disposiciones de la Ley Nacional N\u00b0 26.687 de \u201cRegulaci\u00f3n de la publicidad, promoci\u00f3n y consumo de los productos elaborados con tabaco\u201d (Expediente N\u00b0 12.723).<\/p>\n<p>Luego, las y los senadores trataran la iniciativa por la cual se autoriza al Superior Gobierno de la Provincia a trasferir y escritura a t\u00edtulo de donaci\u00f3n a favor de la Comuna de Rocamora, Departamento Uruguay, un inmueble con destino a un proyecto de construcci\u00f3n (Expediente N\u00ba 14.071).<\/p>\n<p>A continuaci\u00f3n, se abordar\u00e1n el proyecto de ley por el que se modifican diversos art\u00edculos de la Ley N\u00b0 8.801 de \u201cReglamentaci\u00f3n del Ejercicio de las Ciencias Agropecuarias y Creaci\u00f3n del Colegio de Profesionales de la Agronom\u00eda (Expediente N\u00b0 14.027). Participar\u00e1n como invitados el ingeniero Jos\u00e9 Basald\u00faa y la ingeniera agr\u00f3noma Sandra Carina Galleros.<br \/>\nPor \u00faltimo, tratar\u00e1n el proyecto por el que se crea el R\u00e9gimen de Fomento y Promoci\u00f3n de la Equidad de G\u00e9nero en los Medios Masivos de Comunicaci\u00f3n, cualquiera sea su plataforma utilizada (Expediente N\u00b0 14.068).<\/p>\n<p><strong>Comisi\u00f3n de Producci\u00f3n<\/strong><br \/>\nEl cuerpo que preside el senador Francisco Morchio (Gualeguay \u2013 Cambiemos) se reunir\u00e1 a partir de las 10.<\/p>\n<p>En primer lugar, las y los senadores tratar\u00e1n el proyecto de ley por el que se modifican art\u00edculos de la Ley N\u00ba 8250 de \u201cInspecci\u00f3n Veterinaria\u201d (Expediente N\u00b0 14043).<\/p>\n<p>Luego, abordar\u00e1n la iniciativa por el que se modifican art\u00edculos de la Ley N\u00ba 7292 de \u201cFaenamiento, abastecimiento, industrializaci\u00f3n, transporte y comercializaci\u00f3n de carne para el consumo interno\u201d (Expediente N\u00b0 14044).<\/p>\n<p><strong>Comisi\u00f3n de Asuntos Constitucionales<\/strong><br \/>\nLa comisi\u00f3n que preside el senador Horacio Amavet (Uruguay &#8211; Frente Justicialista) se reunir\u00e1 este mi\u00e9rcoles 11 de agosto a partir de las 11.<\/p>\n<p>Las y los senadores tratar\u00e1n, en primer lugar, el proyecto de ley por el que se crea la Comisi\u00f3n de Sugerencias Ciudadanas, cuya funci\u00f3n ser\u00e1 la recepci\u00f3n de sugerencias de car\u00e1cter legislativas que sean remitidas a la C\u00e1mara de Senadores por ciudadanos y ciudadanas o personas jur\u00eddicas (Expediente N\u00b0 13839).<\/p>\n<p>Luego, abordar\u00e1n la iniciativa que modifica el texto del art\u00edculo 35 del Reglamento de la C\u00e1mara de Senadores -T\u00edtulo V de la Presidencia- (Expediente N\u00b0 13.7934).<\/p>\n<p>Por \u00faltimo, este cuerpo tratar\u00e1 el proyecto de ley por el que se modifica el art\u00edculo 30\u00ba del Reglamento de la Honorable C\u00e1mara de Senadores ,T\u00edtulo IV de los Senadores (Expediente N\u00b0 13.681).<\/p>\n<p><strong>Audiencias p\u00fablicas<\/strong><br \/>\nA su vez, de acuerdo a lo previsto en el Art\u00edculo 19\u00ba del Reglamento de la Honorable C\u00e1mara de Senadores, la comisi\u00f3n estableci\u00f3 que este mi\u00e9rcoles 11 de agosto, a partir de las 11, en el recinto de la C\u00e1mara alta se lleve a cabo una audiencia p\u00fablica con la Dra. Susana Griselda Irurzun para aspirante a Agente Fiscal de la ciudad de Federal (Expediente N\u00b0 13.928)<\/p>\n<p>Debido a la pandemia de Covid-19, la misma ser\u00e1 transmitida desde la p\u00e1gina web de la C\u00e1mara de Senadores:\u00a0<a href=\"https:\/\/gmail.us4.list-manage.com\/track\/click?u=a7c0b679790824652097654fd&amp;id=1a97817b91&amp;e=c40a692e11\" target=\"_blank\" rel=\"noreferrer noopener\" data-auth=\"NotApplicable\" data-linkindex=\"0\">www.senadoer.gob.ar<\/a>\u00a0a los efectos de garantizar el acceso p\u00fablico.<\/p>\n","protected":false},"excerpt":{"rendered":"<p>El martes 10 de agosto se reunir\u00e1n los integrantes de las comisiones de Legislaci\u00f3n General y de Producci\u00f3n y el mi\u00e9rcoles 11, la de Asuntos Constitucionales. A su vez, se establecieron audiencias p\u00fablicas.<\/p>\n","protected":false},"author":2,"featured_media":63218,"comment_status":"open","ping_status":"open","sticky":false,"template":"","format":"standard","meta":{"fifu_image_url":"","fifu_image_alt":"","footnotes":""},"categories":[16],"tags":[287,464],"class_list":{"0":"post-63380","1":"post","2":"type-post","3":"status-publish","4":"format-standard","5":"has-post-thumbnail","7":"category-politi","8":"tag-legislativas","9":"tag-senado"},"yoast_head":"<title>El Senado entrerriano trabajar\u00e1 esta semana en comisiones y en audiencias p\u00fablicas - Informe Litoral<\/title>\n<meta name=\"robots\" content=\"index, follow, max-snippet:-1, max-image-preview:large, max-video-preview:-1\" \/>\n<link rel=\"canonical\" href=\"https:\/\/informelitoral.com.ar\/el-senado-entrerriano-trabajara-esta-semana-en-comisiones-y-en-audiencias-publicas\/\" \/>\n<meta property=\"og:locale\" content=\"es_ES\" \/>\n<meta property=\"og:type\" content=\"article\" \/>\n<meta property=\"og:title\" content=\"El Senado entrerriano trabajar\u00e1 esta semana en comisiones y en audiencias p\u00fablicas - Informe Litoral\" \/>\n<meta property=\"og:description\" content=\"El martes 10 de agosto se reunir\u00e1n los integrantes de las comisiones de Legislaci\u00f3n General y de Producci\u00f3n y el mi\u00e9rcoles 11, la de Asuntos Constitucionales. A su vez, se establecieron audiencias p\u00fablicas.\" \/>\n<meta property=\"og:url\" content=\"https:\/\/informelitoral.com.ar\/el-senado-entrerriano-trabajara-esta-semana-en-comisiones-y-en-audiencias-publicas\/\" \/>\n<meta property=\"og:site_name\" content=\"Informe Litoral\" \/>\n<meta property=\"article:publisher\" content=\"https:\/\/www.facebook.com\/informelitoral\/\" \/>\n<meta property=\"article:published_time\" content=\"2021-08-08T18:04:47+00:00\" \/>\n<meta property=\"article:modified_time\" content=\"2021-08-08T18:06:53+00:00\" \/>\n<meta property=\"og:image\" content=\"https:\/\/informelitoral.com.ar\/%77%70%2d%63%6f%6e%74%65%6e%74\/uploads\/2021\/08\/senado-entrerriano.jpg\" \/>\n\t<meta property=\"og:image:width\" content=\"1280\" \/>\n\t<meta property=\"og:image:height\" content=\"853\" \/>\n\t<meta property=\"og:image:type\" content=\"image\/jpeg\" \/>\n<meta name=\"author\" content=\"Gonzalo Schmidt\" \/>\n<meta name=\"twitter:card\" content=\"summary_large_image\" \/>\n<meta name=\"twitter:creator\" content=\"@InformeLitoral\" \/>\n<meta name=\"twitter:site\" content=\"@InformeLitoral\" \/>\n<meta name=\"twitter:label1\" content=\"Escrito por\" \/>\n\t<meta name=\"twitter:data1\" content=\"Gonzalo Schmidt\" \/>\n\t<meta name=\"twitter:label2\" content=\"Tiempo de lectura\" \/>\n\t<meta name=\"twitter:data2\" content=\"3 minutos\" \/>\n<script type=\"application\/ld+json\" class=\"yoast-schema-graph\">{\"@context\":\"https:\\\/\\\/schema.org\",\"@graph\":[{\"@type\":\"Article\",\"@id\":\"https:\\\/\\\/informelitoral.com.ar\\\/el-senado-entrerriano-trabajara-esta-semana-en-comisiones-y-en-audiencias-publicas\\\/#article\",\"isPartOf\":{\"@id\":\"https:\\\/\\\/informelitoral.com.ar\\\/el-senado-entrerriano-trabajara-esta-semana-en-comisiones-y-en-audiencias-publicas\\\/\"},\"author\":{\"name\":\"Gonzalo Schmidt\",\"@id\":\"https:\\\/\\\/informelitoral.com.ar\\\/#\\\/schema\\\/person\\\/b9d00407c836482871ef1d57bf8e3180\"},\"headline\":\"El Senado entrerriano trabajar\u00e1 esta semana en comisiones y en audiencias p\u00fablicas\",\"datePublished\":\"2021-08-08T18:04:47+00:00\",\"dateModified\":\"2021-08-08T18:06:53+00:00\",\"mainEntityOfPage\":{\"@id\":\"https:\\\/\\\/informelitoral.com.ar\\\/el-senado-entrerriano-trabajara-esta-semana-en-comisiones-y-en-audiencias-publicas\\\/\"},\"wordCount\":565,\"commentCount\":0,\"publisher\":{\"@id\":\"https:\\\/\\\/informelitoral.com.ar\\\/#organization\"},\"image\":{\"@id\":\"https:\\\/\\\/informelitoral.com.ar\\\/el-senado-entrerriano-trabajara-esta-semana-en-comisiones-y-en-audiencias-publicas\\\/#primaryimage\"},\"thumbnailUrl\":\"https:\\\/\\\/informelitoral.com.ar\\\/%77%70%2d%63%6f%6e%74%65%6e%74\\\/uploads\\\/2021\\\/08\\\/senado-entrerriano.jpg\",\"keywords\":[\"Legislativas\",\"Senado\"],\"articleSection\":[\"Politica\"],\"inLanguage\":\"es\",\"potentialAction\":[{\"@type\":\"CommentAction\",\"name\":\"Comment\",\"target\":[\"https:\\\/\\\/informelitoral.com.ar\\\/el-senado-entrerriano-trabajara-esta-semana-en-comisiones-y-en-audiencias-publicas\\\/#respond\"]}]},{\"@type\":\"WebPage\",\"@id\":\"https:\\\/\\\/informelitoral.com.ar\\\/el-senado-entrerriano-trabajara-esta-semana-en-comisiones-y-en-audiencias-publicas\\\/\",\"url\":\"https:\\\/\\\/informelitoral.com.ar\\\/el-senado-entrerriano-trabajara-esta-semana-en-comisiones-y-en-audiencias-publicas\\\/\",\"name\":\"El Senado entrerriano trabajar\u00e1 esta semana en comisiones y en audiencias p\u00fablicas - Informe Litoral\",\"isPartOf\":{\"@id\":\"https:\\\/\\\/informelitoral.com.ar\\\/#website\"},\"primaryImageOfPage\":{\"@id\":\"https:\\\/\\\/informelitoral.com.ar\\\/el-senado-entrerriano-trabajara-esta-semana-en-comisiones-y-en-audiencias-publicas\\\/#primaryimage\"},\"image\":{\"@id\":\"https:\\\/\\\/informelitoral.com.ar\\\/el-senado-entrerriano-trabajara-esta-semana-en-comisiones-y-en-audiencias-publicas\\\/#primaryimage\"},\"thumbnailUrl\":\"https:\\\/\\\/informelitoral.com.ar\\\/%77%70%2d%63%6f%6e%74%65%6e%74\\\/uploads\\\/2021\\\/08\\\/senado-entrerriano.jpg\",\"datePublished\":\"2021-08-08T18:04:47+00:00\",\"dateModified\":\"2021-08-08T18:06:53+00:00\",\"breadcrumb\":{\"@id\":\"https:\\\/\\\/informelitoral.com.ar\\\/el-senado-entrerriano-trabajara-esta-semana-en-comisiones-y-en-audiencias-publicas\\\/#breadcrumb\"},\"inLanguage\":\"es\",\"potentialAction\":[{\"@type\":\"ReadAction\",\"target\":[\"https:\\\/\\\/informelitoral.com.ar\\\/el-senado-entrerriano-trabajara-esta-semana-en-comisiones-y-en-audiencias-publicas\\\/\"]}]},{\"@type\":\"ImageObject\",\"inLanguage\":\"es\",\"@id\":\"https:\\\/\\\/informelitoral.com.ar\\\/el-senado-entrerriano-trabajara-esta-semana-en-comisiones-y-en-audiencias-publicas\\\/#primaryimage\",\"url\":\"https:\\\/\\\/informelitoral.com.ar\\\/%77%70%2d%63%6f%6e%74%65%6e%74\\\/uploads\\\/2021\\\/08\\\/senado-entrerriano.jpg\",\"contentUrl\":\"https:\\\/\\\/informelitoral.com.ar\\\/%77%70%2d%63%6f%6e%74%65%6e%74\\\/uploads\\\/2021\\\/08\\\/senado-entrerriano.jpg\",\"width\":1280,\"height\":853},{\"@type\":\"BreadcrumbList\",\"@id\":\"https:\\\/\\\/informelitoral.com.ar\\\/el-senado-entrerriano-trabajara-esta-semana-en-comisiones-y-en-audiencias-publicas\\\/#breadcrumb\",\"itemListElement\":[{\"@type\":\"ListItem\",\"position\":1,\"name\":\"Portada\",\"item\":\"https:\\\/\\\/informelitoral.com.ar\\\/\"},{\"@type\":\"ListItem\",\"position\":2,\"name\":\"El Senado entrerriano trabajar\u00e1 esta semana en comisiones y en audiencias p\u00fablicas\"}]},{\"@type\":\"WebSite\",\"@id\":\"https:\\\/\\\/informelitoral.com.ar\\\/#website\",\"url\":\"https:\\\/\\\/informelitoral.com.ar\\\/\",\"name\":\"Informe Litoral\",\"description\":\"&quot;Nos informamos&quot; \",\"publisher\":{\"@id\":\"https:\\\/\\\/informelitoral.com.ar\\\/#organization\"},\"potentialAction\":[{\"@type\":\"SearchAction\",\"target\":{\"@type\":\"EntryPoint\",\"urlTemplate\":\"https:\\\/\\\/informelitoral.com.ar\\\/?s={search_term_string}\"},\"query-input\":{\"@type\":\"PropertyValueSpecification\",\"valueRequired\":true,\"valueName\":\"search_term_string\"}}],\"inLanguage\":\"es\"},{\"@type\":\"Organization\",\"@id\":\"https:\\\/\\\/informelitoral.com.ar\\\/#organization\",\"name\":\"Informe Litoral\",\"url\":\"https:\\\/\\\/informelitoral.com.ar\\\/\",\"logo\":{\"@type\":\"ImageObject\",\"inLanguage\":\"es\",\"@id\":\"https:\\\/\\\/informelitoral.com.ar\\\/#\\\/schema\\\/logo\\\/image\\\/\",\"url\":\"https:\\\/\\\/informelitoral.com.ar\\\/%77%70%2d%63%6f%6e%74%65%6e%74\\\/uploads\\\/2021\\\/01\\\/circulo.png\",\"contentUrl\":\"https:\\\/\\\/informelitoral.com.ar\\\/%77%70%2d%63%6f%6e%74%65%6e%74\\\/uploads\\\/2021\\\/01\\\/circulo.png\",\"width\":723,\"height\":731,\"caption\":\"Informe Litoral\"},\"image\":{\"@id\":\"https:\\\/\\\/informelitoral.com.ar\\\/#\\\/schema\\\/logo\\\/image\\\/\"},\"sameAs\":[\"https:\\\/\\\/www.facebook.com\\\/informelitoral\\\/\",\"https:\\\/\\\/x.com\\\/InformeLitoral\",\"https:\\\/\\\/www.instagram.com\\\/informelitoral\\\/\",\"https:\\\/\\\/www.youtube.com\\\/channel\\\/UCua4Qvz8Icb6MYqhoq9xLXw\"]},{\"@type\":\"Person\",\"@id\":\"https:\\\/\\\/informelitoral.com.ar\\\/#\\\/schema\\\/person\\\/b9d00407c836482871ef1d57bf8e3180\",\"name\":\"Gonzalo Schmidt\",\"image\":{\"@type\":\"ImageObject\",\"inLanguage\":\"es\",\"@id\":\"https:\\\/\\\/secure.gravatar.com\\\/avatar\\\/31a1a7b66ff2de83bd0e9fd79d026630d2d99e55e8bfe501287647b4fd9743de?s=96&d=mm&r=g\",\"url\":\"https:\\\/\\\/secure.gravatar.com\\\/avatar\\\/31a1a7b66ff2de83bd0e9fd79d026630d2d99e55e8bfe501287647b4fd9743de?s=96&d=mm&r=g\",\"contentUrl\":\"https:\\\/\\\/secure.gravatar.com\\\/avatar\\\/31a1a7b66ff2de83bd0e9fd79d026630d2d99e55e8bfe501287647b4fd9743de?s=96&d=mm&r=g\",\"caption\":\"Gonzalo Schmidt\"},\"description\":\"Sitio web de noticias de la provincia de Entre R\u00edos, Argentina. Informaci\u00f3n y entretenimiento. Informe Litoral, nos informamos.\",\"sameAs\":[\"http:\\\/\\\/www.isletasnoticias.com.ar\"],\"url\":\"https:\\\/\\\/informelitoral.com.ar\\\/author\\\/gonzalo\\\/\"}]}<\/script>","yoast_head_json":{"title":"El Senado entrerriano trabajar\u00e1 esta semana en comisiones y en audiencias p\u00fablicas - Informe Litoral","robots":{"index":"index","follow":"follow","max-snippet":"max-snippet:-1","max-image-preview":"max-image-preview:large","max-video-preview":"max-video-preview:-1"},"canonical":"https:\/\/informelitoral.com.ar\/el-senado-entrerriano-trabajara-esta-semana-en-comisiones-y-en-audiencias-publicas\/","og_locale":"es_ES","og_type":"article","og_title":"El Senado entrerriano trabajar\u00e1 esta semana en comisiones y en audiencias p\u00fablicas - Informe Litoral","og_description":"El martes 10 de agosto se reunir\u00e1n los integrantes de las comisiones de Legislaci\u00f3n General y de Producci\u00f3n y el mi\u00e9rcoles 11, la de Asuntos Constitucionales. A su vez, se establecieron audiencias p\u00fablicas.","og_url":"https:\/\/informelitoral.com.ar\/el-senado-entrerriano-trabajara-esta-semana-en-comisiones-y-en-audiencias-publicas\/","og_site_name":"Informe Litoral","article_publisher":"https:\/\/www.facebook.com\/informelitoral\/","article_published_time":"2021-08-08T18:04:47+00:00","article_modified_time":"2021-08-08T18:06:53+00:00","og_image":[{"width":1280,"height":853,"url":"https:\/\/informelitoral.com.ar\/%77%70%2d%63%6f%6e%74%65%6e%74\/uploads\/2021\/08\/senado-entrerriano.jpg","type":"image\/jpeg"}],"author":"Gonzalo Schmidt","twitter_card":"summary_large_image","twitter_creator":"@InformeLitoral","twitter_site":"@InformeLitoral","twitter_misc":{"Escrito por":"Gonzalo Schmidt","Tiempo de lectura":"3 minutos"},"schema":{"@context":"https:\/\/schema.org","@graph":[{"@type":"Article","@id":"https:\/\/informelitoral.com.ar\/el-senado-entrerriano-trabajara-esta-semana-en-comisiones-y-en-audiencias-publicas\/#article","isPartOf":{"@id":"https:\/\/informelitoral.com.ar\/el-senado-entrerriano-trabajara-esta-semana-en-comisiones-y-en-audiencias-publicas\/"},"author":{"name":"Gonzalo Schmidt","@id":"https:\/\/informelitoral.com.ar\/#\/schema\/person\/b9d00407c836482871ef1d57bf8e3180"},"headline":"El Senado entrerriano trabajar\u00e1 esta semana en comisiones y en audiencias p\u00fablicas","datePublished":"2021-08-08T18:04:47+00:00","dateModified":"2021-08-08T18:06:53+00:00","mainEntityOfPage":{"@id":"https:\/\/informelitoral.com.ar\/el-senado-entrerriano-trabajara-esta-semana-en-comisiones-y-en-audiencias-publicas\/"},"wordCount":565,"commentCount":0,"publisher":{"@id":"https:\/\/informelitoral.com.ar\/#organization"},"image":{"@id":"https:\/\/informelitoral.com.ar\/el-senado-entrerriano-trabajara-esta-semana-en-comisiones-y-en-audiencias-publicas\/#primaryimage"},"thumbnailUrl":"https:\/\/informelitoral.com.ar\/%77%70%2d%63%6f%6e%74%65%6e%74\/uploads\/2021\/08\/senado-entrerriano.jpg","keywords":["Legislativas","Senado"],"articleSection":["Politica"],"inLanguage":"es","potentialAction":[{"@type":"CommentAction","name":"Comment","target":["https:\/\/informelitoral.com.ar\/el-senado-entrerriano-trabajara-esta-semana-en-comisiones-y-en-audiencias-publicas\/#respond"]}]},{"@type":"WebPage","@id":"https:\/\/informelitoral.com.ar\/el-senado-entrerriano-trabajara-esta-semana-en-comisiones-y-en-audiencias-publicas\/","url":"https:\/\/informelitoral.com.ar\/el-senado-entrerriano-trabajara-esta-semana-en-comisiones-y-en-audiencias-publicas\/","name":"El Senado entrerriano trabajar\u00e1 esta semana en comisiones y en audiencias p\u00fablicas - Informe Litoral","isPartOf":{"@id":"https:\/\/informelitoral.com.ar\/#website"},"primaryImageOfPage":{"@id":"https:\/\/informelitoral.com.ar\/el-senado-entrerriano-trabajara-esta-semana-en-comisiones-y-en-audiencias-publicas\/#primaryimage"},"image":{"@id":"https:\/\/informelitoral.com.ar\/el-senado-entrerriano-trabajara-esta-semana-en-comisiones-y-en-audiencias-publicas\/#primaryimage"},"thumbnailUrl":"https:\/\/informelitoral.com.ar\/%77%70%2d%63%6f%6e%74%65%6e%74\/uploads\/2021\/08\/senado-entrerriano.jpg","datePublished":"2021-08-08T18:04:47+00:00","dateModified":"2021-08-08T18:06:53+00:00","breadcrumb":{"@id":"https:\/\/informelitoral.com.ar\/el-senado-entrerriano-trabajara-esta-semana-en-comisiones-y-en-audiencias-publicas\/#breadcrumb"},"inLanguage":"es","potentialAction":[{"@type":"ReadAction","target":["https:\/\/informelitoral.com.ar\/el-senado-entrerriano-trabajara-esta-semana-en-comisiones-y-en-audiencias-publicas\/"]}]},{"@type":"ImageObject","inLanguage":"es","@id":"https:\/\/informelitoral.com.ar\/el-senado-entrerriano-trabajara-esta-semana-en-comisiones-y-en-audiencias-publicas\/#primaryimage","url":"https:\/\/informelitoral.com.ar\/%77%70%2d%63%6f%6e%74%65%6e%74\/uploads\/2021\/08\/senado-entrerriano.jpg","contentUrl":"https:\/\/informelitoral.com.ar\/%77%70%2d%63%6f%6e%74%65%6e%74\/uploads\/2021\/08\/senado-entrerriano.jpg","width":1280,"height":853},{"@type":"BreadcrumbList","@id":"https:\/\/informelitoral.com.ar\/el-senado-entrerriano-trabajara-esta-semana-en-comisiones-y-en-audiencias-publicas\/#breadcrumb","itemListElement":[{"@type":"ListItem","position":1,"name":"Portada","item":"https:\/\/informelitoral.com.ar\/"},{"@type":"ListItem","position":2,"name":"El Senado entrerriano trabajar\u00e1 esta semana en comisiones y en audiencias p\u00fablicas"}]},{"@type":"WebSite","@id":"https:\/\/informelitoral.com.ar\/#website","url":"https:\/\/informelitoral.com.ar\/","name":"Informe Litoral","description":"&quot;Nos informamos&quot; ","publisher":{"@id":"https:\/\/informelitoral.com.ar\/#organization"},"potentialAction":[{"@type":"SearchAction","target":{"@type":"EntryPoint","urlTemplate":"https:\/\/informelitoral.com.ar\/?s={search_term_string}"},"query-input":{"@type":"PropertyValueSpecification","valueRequired":true,"valueName":"search_term_string"}}],"inLanguage":"es"},{"@type":"Organization","@id":"https:\/\/informelitoral.com.ar\/#organization","name":"Informe Litoral","url":"https:\/\/informelitoral.com.ar\/","logo":{"@type":"ImageObject","inLanguage":"es","@id":"https:\/\/informelitoral.com.ar\/#\/schema\/logo\/image\/","url":"https:\/\/informelitoral.com.ar\/%77%70%2d%63%6f%6e%74%65%6e%74\/uploads\/2021\/01\/circulo.png","contentUrl":"https:\/\/informelitoral.com.ar\/%77%70%2d%63%6f%6e%74%65%6e%74\/uploads\/2021\/01\/circulo.png","width":723,"height":731,"caption":"Informe Litoral"},"image":{"@id":"https:\/\/informelitoral.com.ar\/#\/schema\/logo\/image\/"},"sameAs":["https:\/\/www.facebook.com\/informelitoral\/","https:\/\/x.com\/InformeLitoral","https:\/\/www.instagram.com\/informelitoral\/","https:\/\/www.youtube.com\/channel\/UCua4Qvz8Icb6MYqhoq9xLXw"]},{"@type":"Person","@id":"https:\/\/informelitoral.com.ar\/#\/schema\/person\/b9d00407c836482871ef1d57bf8e3180","name":"Gonzalo Schmidt","image":{"@type":"ImageObject","inLanguage":"es","@id":"https:\/\/secure.gravatar.com\/avatar\/31a1a7b66ff2de83bd0e9fd79d026630d2d99e55e8bfe501287647b4fd9743de?s=96&d=mm&r=g","url":"https:\/\/secure.gravatar.com\/avatar\/31a1a7b66ff2de83bd0e9fd79d026630d2d99e55e8bfe501287647b4fd9743de?s=96&d=mm&r=g","contentUrl":"https:\/\/secure.gravatar.com\/avatar\/31a1a7b66ff2de83bd0e9fd79d026630d2d99e55e8bfe501287647b4fd9743de?s=96&d=mm&r=g","caption":"Gonzalo Schmidt"},"description":"Sitio web de noticias de la provincia de Entre R\u00edos, Argentina. Informaci\u00f3n y entretenimiento. Informe Litoral, nos informamos.","sameAs":["http:\/\/www.isletasnoticias.com.ar"],"url":"https:\/\/informelitoral.com.ar\/author\/gonzalo\/"}]}},"_links":{"self":[{"href":"https:\/\/informelitoral.com.ar\/%77%70%2d%6a%73%6f%6e\/wp\/v2\/posts\/63380","targetHints":{"allow":["GET"]}}],"collection":[{"href":"https:\/\/informelitoral.com.ar\/%77%70%2d%6a%73%6f%6e\/wp\/v2\/posts"}],"about":[{"href":"https:\/\/informelitoral.com.ar\/%77%70%2d%6a%73%6f%6e\/wp\/v2\/types\/post"}],"author":[{"embeddable":true,"href":"https:\/\/informelitoral.com.ar\/%77%70%2d%6a%73%6f%6e\/wp\/v2\/users\/2"}],"replies":[{"embeddable":true,"href":"https:\/\/informelitoral.com.ar\/%77%70%2d%6a%73%6f%6e\/wp\/v2\/comments?post=63380"}],"version-history":[{"count":0,"href":"https:\/\/informelitoral.com.ar\/%77%70%2d%6a%73%6f%6e\/wp\/v2\/posts\/63380\/revisions"}],"wp:featuredmedia":[{"embeddable":true,"href":"https:\/\/informelitoral.com.ar\/%77%70%2d%6a%73%6f%6e\/wp\/v2\/media\/63218"}],"wp:attachment":[{"href":"https:\/\/informelitoral.com.ar\/%77%70%2d%6a%73%6f%6e\/wp\/v2\/media?parent=63380"}],"wp:term":[{"taxonomy":"category","embeddable":true,"href":"https:\/\/informelitoral.com.ar\/%77%70%2d%6a%73%6f%6e\/wp\/v2\/categories?post=63380"},{"taxonomy":"post_tag","embeddable":true,"href":"https:\/\/informelitoral.com.ar\/%77%70%2d%6a%73%6f%6e\/wp\/v2\/tags?post=63380"}],"curies":[{"name":"wp","href":"https:\/\/api.w.org\/{rel}","templated":true}]}}