{"id":6325,"date":"2014-03-28T15:50:45","date_gmt":"2014-03-28T18:50:45","guid":{"rendered":"http:\/\/www.isletasnoticias.com.ar\/?p=6325"},"modified":"2014-03-28T15:56:23","modified_gmt":"2014-03-28T18:56:23","slug":"diamante-dagostino-se-reunio-con-dirigentes-y-militantes","status":"publish","type":"post","link":"https:\/\/informelitoral.com.ar\/diamante-dagostino-se-reunio-con-dirigentes-y-militantes\/","title":{"rendered":"Diamante: D\u00b4Agostino se reuni\u00f3 con dirigentes y militantes"},"content":{"rendered":"<p style=\"text-align: left;\"><strong>El presidente del Comit\u00e9 Provincial de la Uni\u00f3n C\u00edvica Radical, \u00a0<em>Jorge D\u2019Agostino,\u00a0<\/em>en el marco de las recorridas regulares a todos los departamentos de la provincia, estuvo en Diamante. La visita fue coordinada por el Comit\u00e9 Departamental y municipal.<a href=\"http:\/\/www.isletasnoticias.com.ar\/%77%70%2d%63%6f%6e%74%65%6e%74\/uploads\/2013\/07\/dagostinooo.jpg\"><img loading=\"lazy\" decoding=\"async\" class=\"aligncenter  wp-image-2551\" alt=\"dagostinooo\" src=\"http:\/\/www.isletasnoticias.com.ar\/%77%70%2d%63%6f%6e%74%65%6e%74\/uploads\/2013\/07\/dagostinooo.jpg\" width=\"500\" height=\"300\" \/><\/a><\/strong><\/p>\n<p><strong><\/strong>\u00abLa idea de la visita que se di\u00f3 d\u00edas atr\u00e1s, es mantener el contacto con la sociedad del departamento, estrechar v\u00ednculos con las entidades intermedias, visitar medios de prensa del departamento diamante e informar tambi\u00e9n sobre la tarea legislativa.<\/p>\n<p>El diputado Nacional <strong>Jorge D\u00b4agostino<\/strong> fue acompa\u00f1ado en su recorrida por el diputado Provincial <strong>Jorge Monge<\/strong> y autoridades del Comit\u00e9 Departamental y de Municipio de Diamante.<\/p>\n<p>La agenda fue cumplimentada conforme lo programado, visitando a la entidad La Barranca, luego se hizo presente en los medios de prensa, como ser televisivo, radios y medios gr\u00e1ficos locales en la cual analizo en detalle la realidad\u00a0pol\u00edtica nacional y provincial.<\/p>\n<p>M\u00e1s tarde, se reuni\u00f3 con la asociaci\u00f3n Diamante en Pie, registrada en fotos que acompa\u00f1a este parte;\u00a0 para \u00a0tratar el proyecto del enlace vial entre la provincia de Entre R\u00edos y Santa F\u00e9, las distintas iniciativas como as\u00ed la impulsada por esta entidad junta a otros actores sociales, donde Diamante resultar\u00eda ser el lugar m\u00e1s conveniente para esa obra por su ubicaci\u00f3n estrat\u00e9gica con un resultado adicional importante para Diamante y zona de influencia, ya que potenciar\u00eda la actividad del Puerto local; no solo igualando la actividad que otrora supo tener sino constituy\u00e9ndose un punto de referencia necesario y\u00a0 poni\u00e9ndolo a la vanguardia en el embarque de los productos agropecuarios.<\/p>\n<p>En referencia a ello, <strong>Jorge D\u2019agostino<\/strong> se mostr\u00f3 comprometido con la iniciativa diamantina,\u00a0 apoyar lo m\u00e1s l\u00f3gico y beneficioso para la provincia y a seguir recabando toda los antecedentes posibles.<\/p>\n<p>La Jornada de trabajo cerr\u00f3 con una charla en el Comit\u00e9 Departamental, desde las 20.30 del viernes pasado donde se congregaron otros medios de comunicaci\u00f3n, afiliados, simpatizantes; donde hizo amplio an\u00e1lisis de la situaci\u00f3n nacional, los proyectos presentados y dem\u00e1s actividad en estos primeros cuatro meses como Legislador Nacional. Asimismo se analiz\u00f3 la situaci\u00f3n del Radicalismo en el pa\u00eds, el frente pol\u00edtico que se est\u00e1 consolidando y su paralelo con el Radicalismo de Entre R\u00edos y las distintas alternativas para ser gobierno en la provincia a partir del 2015.<\/p>\n<p>Luego de \u00a0las 22:00, culmin\u00f3 la actividad y atento la duraci\u00f3n de la charla, el nivel de preguntas efectuadas y el compromiso manifiesto de los asistentes de seguir trabajando, hacen calificar a la jornada como altamente satisfactoria\u00bb, culmina un comunicado enviado a <em><strong>ISLETAS NOTICIAS.<\/strong><\/em><\/p>\n","protected":false},"excerpt":{"rendered":"<p>El presidente del Comit&eacute; Provincial de la Uni&oacute;n C&iacute;vica Radical, &nbsp;Jorge D&rsquo;Agostino,&nbsp;en el marco de las recorridas regulares a todos los departamentos de la provincia, estuvo en Diamante. La visita fue coordinada por el Comit&eacute; Departamental y municipal. &laquo;La idea de la visita que se di&oacute; d&iacute;as atr&aacute;s, es mantener el contacto con la sociedad [&hellip;]<\/p>\n","protected":false},"author":2,"featured_media":0,"comment_status":"open","ping_status":"open","sticky":false,"template":"","format":"standard","meta":{"fifu_image_url":"","fifu_image_alt":"","footnotes":""},"categories":[5,16],"tags":[],"class_list":{"0":"post-6325","1":"post","2":"type-post","3":"status-publish","4":"format-standard","6":"category-zonales","7":"category-politi"},"yoast_head":"<title>Diamante: D\u00b4Agostino se reuni\u00f3 con dirigentes y militantes - Informe Litoral<\/title>\n<meta name=\"robots\" content=\"index, follow, max-snippet:-1, max-image-preview:large, max-video-preview:-1\" \/>\n<link rel=\"canonical\" href=\"https:\/\/informelitoral.com.ar\/diamante-dagostino-se-reunio-con-dirigentes-y-militantes\/\" \/>\n<meta property=\"og:locale\" content=\"es_ES\" \/>\n<meta property=\"og:type\" content=\"article\" \/>\n<meta property=\"og:title\" content=\"Diamante: D\u00b4Agostino se reuni\u00f3 con dirigentes y militantes - Informe Litoral\" \/>\n<meta property=\"og:description\" content=\"El presidente del Comit&eacute; Provincial de la Uni&oacute;n C&iacute;vica Radical, &nbsp;Jorge D&rsquo;Agostino,&nbsp;en el marco de las recorridas regulares a todos los departamentos de la provincia, estuvo en Diamante. La visita fue coordinada por el Comit&eacute; Departamental y municipal. &laquo;La idea de la visita que se di&oacute; d&iacute;as atr&aacute;s, es mantener el contacto con la sociedad [&hellip;]\" \/>\n<meta property=\"og:url\" content=\"https:\/\/informelitoral.com.ar\/diamante-dagostino-se-reunio-con-dirigentes-y-militantes\/\" \/>\n<meta property=\"og:site_name\" content=\"Informe Litoral\" \/>\n<meta property=\"article:publisher\" content=\"https:\/\/www.facebook.com\/informelitoral\/\" \/>\n<meta property=\"article:published_time\" content=\"2014-03-28T18:50:45+00:00\" \/>\n<meta property=\"article:modified_time\" content=\"2014-03-28T18:56:23+00:00\" \/>\n<meta property=\"og:image\" content=\"https:\/\/informelitoral.com.ar\/%77%70%2d%63%6f%6e%74%65%6e%74\/uploads\/2013\/07\/dagostinooo.jpg\" \/>\n\t<meta property=\"og:image:width\" content=\"259\" \/>\n\t<meta property=\"og:image:height\" content=\"194\" \/>\n\t<meta property=\"og:image:type\" content=\"image\/jpeg\" \/>\n<meta name=\"author\" content=\"Gonzalo Schmidt\" \/>\n<meta name=\"twitter:card\" content=\"summary_large_image\" \/>\n<meta name=\"twitter:creator\" content=\"@InformeLitoral\" \/>\n<meta name=\"twitter:site\" content=\"@InformeLitoral\" \/>\n<meta name=\"twitter:label1\" content=\"Escrito por\" \/>\n\t<meta name=\"twitter:data1\" content=\"Gonzalo Schmidt\" \/>\n\t<meta name=\"twitter:label2\" content=\"Tiempo de lectura\" \/>\n\t<meta name=\"twitter:data2\" content=\"2 minutos\" \/>\n<script type=\"application\/ld+json\" class=\"yoast-schema-graph\">{\"@context\":\"https:\\\/\\\/schema.org\",\"@graph\":[{\"@type\":\"Article\",\"@id\":\"https:\\\/\\\/informelitoral.com.ar\\\/diamante-dagostino-se-reunio-con-dirigentes-y-militantes\\\/#article\",\"isPartOf\":{\"@id\":\"https:\\\/\\\/informelitoral.com.ar\\\/diamante-dagostino-se-reunio-con-dirigentes-y-militantes\\\/\"},\"author\":{\"name\":\"Gonzalo Schmidt\",\"@id\":\"https:\\\/\\\/informelitoral.com.ar\\\/#\\\/schema\\\/person\\\/b9d00407c836482871ef1d57bf8e3180\"},\"headline\":\"Diamante: D\u00b4Agostino se reuni\u00f3 con dirigentes y militantes\",\"datePublished\":\"2014-03-28T18:50:45+00:00\",\"dateModified\":\"2014-03-28T18:56:23+00:00\",\"mainEntityOfPage\":{\"@id\":\"https:\\\/\\\/informelitoral.com.ar\\\/diamante-dagostino-se-reunio-con-dirigentes-y-militantes\\\/\"},\"wordCount\":459,\"commentCount\":0,\"publisher\":{\"@id\":\"https:\\\/\\\/informelitoral.com.ar\\\/#organization\"},\"image\":{\"@id\":\"https:\\\/\\\/informelitoral.com.ar\\\/diamante-dagostino-se-reunio-con-dirigentes-y-militantes\\\/#primaryimage\"},\"thumbnailUrl\":\"http:\\\/\\\/www.isletasnoticias.com.ar\\\/%77%70%2d%63%6f%6e%74%65%6e%74\\\/uploads\\\/2013\\\/07\\\/dagostinooo.jpg\",\"articleSection\":[\"Departamento Diamante\",\"Politica\"],\"inLanguage\":\"es\",\"potentialAction\":[{\"@type\":\"CommentAction\",\"name\":\"Comment\",\"target\":[\"https:\\\/\\\/informelitoral.com.ar\\\/diamante-dagostino-se-reunio-con-dirigentes-y-militantes\\\/#respond\"]}]},{\"@type\":\"WebPage\",\"@id\":\"https:\\\/\\\/informelitoral.com.ar\\\/diamante-dagostino-se-reunio-con-dirigentes-y-militantes\\\/\",\"url\":\"https:\\\/\\\/informelitoral.com.ar\\\/diamante-dagostino-se-reunio-con-dirigentes-y-militantes\\\/\",\"name\":\"Diamante: D\u00b4Agostino se reuni\u00f3 con dirigentes y militantes - Informe Litoral\",\"isPartOf\":{\"@id\":\"https:\\\/\\\/informelitoral.com.ar\\\/#website\"},\"primaryImageOfPage\":{\"@id\":\"https:\\\/\\\/informelitoral.com.ar\\\/diamante-dagostino-se-reunio-con-dirigentes-y-militantes\\\/#primaryimage\"},\"image\":{\"@id\":\"https:\\\/\\\/informelitoral.com.ar\\\/diamante-dagostino-se-reunio-con-dirigentes-y-militantes\\\/#primaryimage\"},\"thumbnailUrl\":\"http:\\\/\\\/www.isletasnoticias.com.ar\\\/%77%70%2d%63%6f%6e%74%65%6e%74\\\/uploads\\\/2013\\\/07\\\/dagostinooo.jpg\",\"datePublished\":\"2014-03-28T18:50:45+00:00\",\"dateModified\":\"2014-03-28T18:56:23+00:00\",\"breadcrumb\":{\"@id\":\"https:\\\/\\\/informelitoral.com.ar\\\/diamante-dagostino-se-reunio-con-dirigentes-y-militantes\\\/#breadcrumb\"},\"inLanguage\":\"es\",\"potentialAction\":[{\"@type\":\"ReadAction\",\"target\":[\"https:\\\/\\\/informelitoral.com.ar\\\/diamante-dagostino-se-reunio-con-dirigentes-y-militantes\\\/\"]}]},{\"@type\":\"ImageObject\",\"inLanguage\":\"es\",\"@id\":\"https:\\\/\\\/informelitoral.com.ar\\\/diamante-dagostino-se-reunio-con-dirigentes-y-militantes\\\/#primaryimage\",\"url\":\"http:\\\/\\\/www.isletasnoticias.com.ar\\\/%77%70%2d%63%6f%6e%74%65%6e%74\\\/uploads\\\/2013\\\/07\\\/dagostinooo.jpg\",\"contentUrl\":\"http:\\\/\\\/www.isletasnoticias.com.ar\\\/%77%70%2d%63%6f%6e%74%65%6e%74\\\/uploads\\\/2013\\\/07\\\/dagostinooo.jpg\"},{\"@type\":\"BreadcrumbList\",\"@id\":\"https:\\\/\\\/informelitoral.com.ar\\\/diamante-dagostino-se-reunio-con-dirigentes-y-militantes\\\/#breadcrumb\",\"itemListElement\":[{\"@type\":\"ListItem\",\"position\":1,\"name\":\"Portada\",\"item\":\"https:\\\/\\\/informelitoral.com.ar\\\/\"},{\"@type\":\"ListItem\",\"position\":2,\"name\":\"Diamante: D\u00b4Agostino se reuni\u00f3 con dirigentes y militantes\"}]},{\"@type\":\"WebSite\",\"@id\":\"https:\\\/\\\/informelitoral.com.ar\\\/#website\",\"url\":\"https:\\\/\\\/informelitoral.com.ar\\\/\",\"name\":\"Informe Litoral\",\"description\":\"&quot;Nos informamos&quot; \",\"publisher\":{\"@id\":\"https:\\\/\\\/informelitoral.com.ar\\\/#organization\"},\"potentialAction\":[{\"@type\":\"SearchAction\",\"target\":{\"@type\":\"EntryPoint\",\"urlTemplate\":\"https:\\\/\\\/informelitoral.com.ar\\\/?s={search_term_string}\"},\"query-input\":{\"@type\":\"PropertyValueSpecification\",\"valueRequired\":true,\"valueName\":\"search_term_string\"}}],\"inLanguage\":\"es\"},{\"@type\":\"Organization\",\"@id\":\"https:\\\/\\\/informelitoral.com.ar\\\/#organization\",\"name\":\"Informe Litoral\",\"url\":\"https:\\\/\\\/informelitoral.com.ar\\\/\",\"logo\":{\"@type\":\"ImageObject\",\"inLanguage\":\"es\",\"@id\":\"https:\\\/\\\/informelitoral.com.ar\\\/#\\\/schema\\\/logo\\\/image\\\/\",\"url\":\"https:\\\/\\\/informelitoral.com.ar\\\/%77%70%2d%63%6f%6e%74%65%6e%74\\\/uploads\\\/2021\\\/01\\\/circulo.png\",\"contentUrl\":\"https:\\\/\\\/informelitoral.com.ar\\\/%77%70%2d%63%6f%6e%74%65%6e%74\\\/uploads\\\/2021\\\/01\\\/circulo.png\",\"width\":723,\"height\":731,\"caption\":\"Informe Litoral\"},\"image\":{\"@id\":\"https:\\\/\\\/informelitoral.com.ar\\\/#\\\/schema\\\/logo\\\/image\\\/\"},\"sameAs\":[\"https:\\\/\\\/www.facebook.com\\\/informelitoral\\\/\",\"https:\\\/\\\/x.com\\\/InformeLitoral\",\"https:\\\/\\\/www.instagram.com\\\/informelitoral\\\/\",\"https:\\\/\\\/www.youtube.com\\\/channel\\\/UCua4Qvz8Icb6MYqhoq9xLXw\"]},{\"@type\":\"Person\",\"@id\":\"https:\\\/\\\/informelitoral.com.ar\\\/#\\\/schema\\\/person\\\/b9d00407c836482871ef1d57bf8e3180\",\"name\":\"Gonzalo Schmidt\",\"image\":{\"@type\":\"ImageObject\",\"inLanguage\":\"es\",\"@id\":\"https:\\\/\\\/secure.gravatar.com\\\/avatar\\\/31a1a7b66ff2de83bd0e9fd79d026630d2d99e55e8bfe501287647b4fd9743de?s=96&d=mm&r=g\",\"url\":\"https:\\\/\\\/secure.gravatar.com\\\/avatar\\\/31a1a7b66ff2de83bd0e9fd79d026630d2d99e55e8bfe501287647b4fd9743de?s=96&d=mm&r=g\",\"contentUrl\":\"https:\\\/\\\/secure.gravatar.com\\\/avatar\\\/31a1a7b66ff2de83bd0e9fd79d026630d2d99e55e8bfe501287647b4fd9743de?s=96&d=mm&r=g\",\"caption\":\"Gonzalo Schmidt\"},\"description\":\"Sitio web de noticias de la provincia de Entre R\u00edos, Argentina. Informaci\u00f3n y entretenimiento. Informe Litoral, nos informamos.\",\"sameAs\":[\"http:\\\/\\\/www.isletasnoticias.com.ar\"],\"url\":\"https:\\\/\\\/informelitoral.com.ar\\\/author\\\/gonzalo\\\/\"}]}<\/script>","yoast_head_json":{"title":"Diamante: D\u00b4Agostino se reuni\u00f3 con dirigentes y militantes - Informe Litoral","robots":{"index":"index","follow":"follow","max-snippet":"max-snippet:-1","max-image-preview":"max-image-preview:large","max-video-preview":"max-video-preview:-1"},"canonical":"https:\/\/informelitoral.com.ar\/diamante-dagostino-se-reunio-con-dirigentes-y-militantes\/","og_locale":"es_ES","og_type":"article","og_title":"Diamante: D\u00b4Agostino se reuni\u00f3 con dirigentes y militantes - Informe Litoral","og_description":"El presidente del Comit&eacute; Provincial de la Uni&oacute;n C&iacute;vica Radical, &nbsp;Jorge D&rsquo;Agostino,&nbsp;en el marco de las recorridas regulares a todos los departamentos de la provincia, estuvo en Diamante. La visita fue coordinada por el Comit&eacute; Departamental y municipal. &laquo;La idea de la visita que se di&oacute; d&iacute;as atr&aacute;s, es mantener el contacto con la sociedad [&hellip;]","og_url":"https:\/\/informelitoral.com.ar\/diamante-dagostino-se-reunio-con-dirigentes-y-militantes\/","og_site_name":"Informe Litoral","article_publisher":"https:\/\/www.facebook.com\/informelitoral\/","article_published_time":"2014-03-28T18:50:45+00:00","article_modified_time":"2014-03-28T18:56:23+00:00","og_image":[{"width":259,"height":194,"url":"https:\/\/informelitoral.com.ar\/%77%70%2d%63%6f%6e%74%65%6e%74\/uploads\/2013\/07\/dagostinooo.jpg","type":"image\/jpeg"}],"author":"Gonzalo Schmidt","twitter_card":"summary_large_image","twitter_creator":"@InformeLitoral","twitter_site":"@InformeLitoral","twitter_misc":{"Escrito por":"Gonzalo Schmidt","Tiempo de lectura":"2 minutos"},"schema":{"@context":"https:\/\/schema.org","@graph":[{"@type":"Article","@id":"https:\/\/informelitoral.com.ar\/diamante-dagostino-se-reunio-con-dirigentes-y-militantes\/#article","isPartOf":{"@id":"https:\/\/informelitoral.com.ar\/diamante-dagostino-se-reunio-con-dirigentes-y-militantes\/"},"author":{"name":"Gonzalo Schmidt","@id":"https:\/\/informelitoral.com.ar\/#\/schema\/person\/b9d00407c836482871ef1d57bf8e3180"},"headline":"Diamante: D\u00b4Agostino se reuni\u00f3 con dirigentes y militantes","datePublished":"2014-03-28T18:50:45+00:00","dateModified":"2014-03-28T18:56:23+00:00","mainEntityOfPage":{"@id":"https:\/\/informelitoral.com.ar\/diamante-dagostino-se-reunio-con-dirigentes-y-militantes\/"},"wordCount":459,"commentCount":0,"publisher":{"@id":"https:\/\/informelitoral.com.ar\/#organization"},"image":{"@id":"https:\/\/informelitoral.com.ar\/diamante-dagostino-se-reunio-con-dirigentes-y-militantes\/#primaryimage"},"thumbnailUrl":"http:\/\/www.isletasnoticias.com.ar\/%77%70%2d%63%6f%6e%74%65%6e%74\/uploads\/2013\/07\/dagostinooo.jpg","articleSection":["Departamento Diamante","Politica"],"inLanguage":"es","potentialAction":[{"@type":"CommentAction","name":"Comment","target":["https:\/\/informelitoral.com.ar\/diamante-dagostino-se-reunio-con-dirigentes-y-militantes\/#respond"]}]},{"@type":"WebPage","@id":"https:\/\/informelitoral.com.ar\/diamante-dagostino-se-reunio-con-dirigentes-y-militantes\/","url":"https:\/\/informelitoral.com.ar\/diamante-dagostino-se-reunio-con-dirigentes-y-militantes\/","name":"Diamante: D\u00b4Agostino se reuni\u00f3 con dirigentes y militantes - Informe Litoral","isPartOf":{"@id":"https:\/\/informelitoral.com.ar\/#website"},"primaryImageOfPage":{"@id":"https:\/\/informelitoral.com.ar\/diamante-dagostino-se-reunio-con-dirigentes-y-militantes\/#primaryimage"},"image":{"@id":"https:\/\/informelitoral.com.ar\/diamante-dagostino-se-reunio-con-dirigentes-y-militantes\/#primaryimage"},"thumbnailUrl":"http:\/\/www.isletasnoticias.com.ar\/%77%70%2d%63%6f%6e%74%65%6e%74\/uploads\/2013\/07\/dagostinooo.jpg","datePublished":"2014-03-28T18:50:45+00:00","dateModified":"2014-03-28T18:56:23+00:00","breadcrumb":{"@id":"https:\/\/informelitoral.com.ar\/diamante-dagostino-se-reunio-con-dirigentes-y-militantes\/#breadcrumb"},"inLanguage":"es","potentialAction":[{"@type":"ReadAction","target":["https:\/\/informelitoral.com.ar\/diamante-dagostino-se-reunio-con-dirigentes-y-militantes\/"]}]},{"@type":"ImageObject","inLanguage":"es","@id":"https:\/\/informelitoral.com.ar\/diamante-dagostino-se-reunio-con-dirigentes-y-militantes\/#primaryimage","url":"http:\/\/www.isletasnoticias.com.ar\/%77%70%2d%63%6f%6e%74%65%6e%74\/uploads\/2013\/07\/dagostinooo.jpg","contentUrl":"http:\/\/www.isletasnoticias.com.ar\/%77%70%2d%63%6f%6e%74%65%6e%74\/uploads\/2013\/07\/dagostinooo.jpg"},{"@type":"BreadcrumbList","@id":"https:\/\/informelitoral.com.ar\/diamante-dagostino-se-reunio-con-dirigentes-y-militantes\/#breadcrumb","itemListElement":[{"@type":"ListItem","position":1,"name":"Portada","item":"https:\/\/informelitoral.com.ar\/"},{"@type":"ListItem","position":2,"name":"Diamante: D\u00b4Agostino se reuni\u00f3 con dirigentes y militantes"}]},{"@type":"WebSite","@id":"https:\/\/informelitoral.com.ar\/#website","url":"https:\/\/informelitoral.com.ar\/","name":"Informe Litoral","description":"&quot;Nos informamos&quot; ","publisher":{"@id":"https:\/\/informelitoral.com.ar\/#organization"},"potentialAction":[{"@type":"SearchAction","target":{"@type":"EntryPoint","urlTemplate":"https:\/\/informelitoral.com.ar\/?s={search_term_string}"},"query-input":{"@type":"PropertyValueSpecification","valueRequired":true,"valueName":"search_term_string"}}],"inLanguage":"es"},{"@type":"Organization","@id":"https:\/\/informelitoral.com.ar\/#organization","name":"Informe Litoral","url":"https:\/\/informelitoral.com.ar\/","logo":{"@type":"ImageObject","inLanguage":"es","@id":"https:\/\/informelitoral.com.ar\/#\/schema\/logo\/image\/","url":"https:\/\/informelitoral.com.ar\/%77%70%2d%63%6f%6e%74%65%6e%74\/uploads\/2021\/01\/circulo.png","contentUrl":"https:\/\/informelitoral.com.ar\/%77%70%2d%63%6f%6e%74%65%6e%74\/uploads\/2021\/01\/circulo.png","width":723,"height":731,"caption":"Informe Litoral"},"image":{"@id":"https:\/\/informelitoral.com.ar\/#\/schema\/logo\/image\/"},"sameAs":["https:\/\/www.facebook.com\/informelitoral\/","https:\/\/x.com\/InformeLitoral","https:\/\/www.instagram.com\/informelitoral\/","https:\/\/www.youtube.com\/channel\/UCua4Qvz8Icb6MYqhoq9xLXw"]},{"@type":"Person","@id":"https:\/\/informelitoral.com.ar\/#\/schema\/person\/b9d00407c836482871ef1d57bf8e3180","name":"Gonzalo Schmidt","image":{"@type":"ImageObject","inLanguage":"es","@id":"https:\/\/secure.gravatar.com\/avatar\/31a1a7b66ff2de83bd0e9fd79d026630d2d99e55e8bfe501287647b4fd9743de?s=96&d=mm&r=g","url":"https:\/\/secure.gravatar.com\/avatar\/31a1a7b66ff2de83bd0e9fd79d026630d2d99e55e8bfe501287647b4fd9743de?s=96&d=mm&r=g","contentUrl":"https:\/\/secure.gravatar.com\/avatar\/31a1a7b66ff2de83bd0e9fd79d026630d2d99e55e8bfe501287647b4fd9743de?s=96&d=mm&r=g","caption":"Gonzalo Schmidt"},"description":"Sitio web de noticias de la provincia de Entre R\u00edos, Argentina. Informaci\u00f3n y entretenimiento. Informe Litoral, nos informamos.","sameAs":["http:\/\/www.isletasnoticias.com.ar"],"url":"https:\/\/informelitoral.com.ar\/author\/gonzalo\/"}]}},"_links":{"self":[{"href":"https:\/\/informelitoral.com.ar\/%77%70%2d%6a%73%6f%6e\/wp\/v2\/posts\/6325","targetHints":{"allow":["GET"]}}],"collection":[{"href":"https:\/\/informelitoral.com.ar\/%77%70%2d%6a%73%6f%6e\/wp\/v2\/posts"}],"about":[{"href":"https:\/\/informelitoral.com.ar\/%77%70%2d%6a%73%6f%6e\/wp\/v2\/types\/post"}],"author":[{"embeddable":true,"href":"https:\/\/informelitoral.com.ar\/%77%70%2d%6a%73%6f%6e\/wp\/v2\/users\/2"}],"replies":[{"embeddable":true,"href":"https:\/\/informelitoral.com.ar\/%77%70%2d%6a%73%6f%6e\/wp\/v2\/comments?post=6325"}],"version-history":[{"count":0,"href":"https:\/\/informelitoral.com.ar\/%77%70%2d%6a%73%6f%6e\/wp\/v2\/posts\/6325\/revisions"}],"wp:attachment":[{"href":"https:\/\/informelitoral.com.ar\/%77%70%2d%6a%73%6f%6e\/wp\/v2\/media?parent=6325"}],"wp:term":[{"taxonomy":"category","embeddable":true,"href":"https:\/\/informelitoral.com.ar\/%77%70%2d%6a%73%6f%6e\/wp\/v2\/categories?post=6325"},{"taxonomy":"post_tag","embeddable":true,"href":"https:\/\/informelitoral.com.ar\/%77%70%2d%6a%73%6f%6e\/wp\/v2\/tags?post=6325"}],"curies":[{"name":"wp","href":"https:\/\/api.w.org\/{rel}","templated":true}]}}