{"id":63117,"date":"2021-07-30T18:10:11","date_gmt":"2021-07-30T21:10:11","guid":{"rendered":"https:\/\/www.informelitoral.com.ar\/?p=63117"},"modified":"2021-07-30T18:10:11","modified_gmt":"2021-07-30T21:10:11","slug":"hay-que-sacarle-el-pie-de-encima-a-la-produccion-y-el-campo-dijo-galimberti-en-nogoya","status":"publish","type":"post","link":"https:\/\/informelitoral.com.ar\/hay-que-sacarle-el-pie-de-encima-a-la-produccion-y-el-campo-dijo-galimberti-en-nogoya\/","title":{"rendered":"\u00abHay que sacarle el pie de encima a la producci\u00f3n y el campo\u00bb, dijo Galimberti en Nogoy\u00e1"},"content":{"rendered":"<p class=\"x_MsoNormal\">En el marco de la campa\u00f1a provincial de cara a las elecciones legislativas primarias del 12 de septiembre, los precandidatos de Entre R\u00edos Cambia, Pedro Galimberti (Chajar\u00ed), Dar\u00edo Schneider (Crespo) y Mariana Salinas (Concordia), estuvieron este jueves 29 de julio en Nogoy\u00e1, una de las cuencas lecheras m\u00e1s importantes de la provincia. Fueron acompa\u00f1ados a lo largo de la extensa jornada por el intendente Rafael Cavagna, la viceintendenta Sandra Facello; el diputado provincial y presidente del Interbloque de Cambiemos Gustavo Cusinato y el presidente del Comit\u00e9 local de la UCR Bernardo Schneider.<\/p>\n<p class=\"x_MsoNormal\">En primera instancia tomaron contacto con Ricardo Lencina, productor tambero que vive a 20 kil\u00f3metros de Nogoy\u00e1. Lo visitaron y pudieron conocer el trabajo que realiza, que se destaca por la incorporaci\u00f3n de valor agregado a la producci\u00f3n lechera con el objetivo de cerrar toda la cadena de producci\u00f3n y sus derivados.<\/p>\n<p class=\"x_MsoNormal\">\u201cLencina tiene un establecimiento de 300 vacas de orde\u00f1e. Es un emprendimiento familiar que adem\u00e1s genera trabajo y viene desarrollando un importante proceso de tecnificaci\u00f3n, incorporando tecnolog\u00eda para la producci\u00f3n de la leche y la gesti\u00f3n integral del ganado vacuno que orde\u00f1an diariamente\u201d, explic\u00f3 Pedro Galimberti.<\/p>\n<p class=\"x_MsoNormal\">El productor nogoyaense les hizo conocer la realidad del sector lechero y de aquellos que, como \u00e9l, enfrentan dificultades para trabajar en otra escala. \u201cHizo referencia a la imposibilidad de disponer de energ\u00eda trif\u00e1sica, que est\u00e1 a 8 kil\u00f3metros de su establecimiento, siendo inalcanzable su valor para un productor medio como \u00e9l. Eso limita su producci\u00f3n y la obtenci\u00f3n de un producto estable\u201d, indic\u00f3 Schneider.<\/p>\n<p class=\"x_MsoNormal\">Salinas, por su parte, valor\u00f3 que \u201ces un proceso de innovaci\u00f3n tecnol\u00f3gica que lleva adelante pero hay adem\u00e1s innovaci\u00f3n en la gesti\u00f3n, le agrega valor a su producci\u00f3n trabajando por ejemplo con la leche en polvo, con perspectiva integral, siendo todo el ciclo de producci\u00f3n resuelto en su propio establecimiento\u201d.<\/p>\n<h3 class=\"x_MsoNormal\"><b>Acompa\u00f1ar, no confrontar<\/b><\/h3>\n<p class=\"x_MsoNormal\">Lencina es uno m\u00e1s de los miles de productores que cada d\u00eda ven m\u00e1s complicado su desarrollo econ\u00f3mico, con un Estado ausente y teniendo solo en su propia voluntad la herramienta para seguir adelante pese a las dificultares y el abandono del gobierno provincial.<\/p>\n<p class=\"x_MsoNormal\">\u201cHay que sacarle el pie de encima a\u00a0 la producci\u00f3n y el campo. Entre R\u00edos cambia con el campo y los sectores productivos, con los que generan trabajo. El modelo de sociedad al que aspiramos es uno que estimule a los sectores productivos, sin actitudes confrontativas, trabajando con ellos y no contra ellos. Hoy los productores entrerrianos hacen todo el esfuerzo en soledad sin apoyo del gobierno\u201d, dijo Galimberti.<\/p>\n<p class=\"x_MsoNormal\">\u201cLa clave es reactivar, acompa\u00f1ar a los que emprenden para generar inversiones y de esa forma generar empleo, que es lo que necesitan tantos entrerrianos. Creemos en una provincia diferente, que deje de poner parches y ataque a los problemas en serio, que deje de atacar al campo y lo entienda como un aliado para el crecimiento de todos\u201d, plante\u00f3 Schneider.<\/p>\n<p class=\"x_MsoNormal\">\u00abEstamos en un situaci\u00f3n de notable atraso sin poder desarrollar las potencialidades de Entre R\u00edos. Se suman cargas impositivas para la gente pero de ese dinero poco y nada vuelve, al menos en buenos caminos y herramientas para crecer. No apostar al desarrollo econ\u00f3mico y la producci\u00f3n es un grave error\u00bb, aport\u00f3 Salinas.<\/p>\n<h3 class=\"x_MsoNormal\"><b>Otras actividades<\/b><\/h3>\n<p class=\"x_MsoNormal\">Durante la siesta del jueves, en la zona del Paseo de los Puentes, los precandidatos de Entre R\u00edos Cambia mantuvieron una reuni\u00f3n con j\u00f3venes independientes, intercambiando ideas y conociendo sus inquietudes y preocupaciones.<\/p>\n<p class=\"x_MsoNormal\">Luego realizaron entrevistas con medios de comunicaci\u00f3n locales, cerrando la jornada con una reuni\u00f3n con militantes en el Comit\u00e9 local de Nogoy\u00e1.<\/p>\n","protected":false},"excerpt":{"rendered":"<p>Los precandidatos de Entre R\u00edos Cambia Pedro Galimberti, Mariana Salinas y Dar\u00edo Schneider estuvieron en Nogoy\u00e1. Encuentros con j\u00f3venes, militantes y sectores productivos.<\/p>\n<p>\u00a0<\/p>\n","protected":false},"author":2,"featured_media":63118,"comment_status":"open","ping_status":"open","sticky":false,"template":"","format":"standard","meta":{"fifu_image_url":"","fifu_image_alt":"","footnotes":""},"categories":[16],"tags":[1521,2254,2358,74,2313],"class_list":{"0":"post-63117","1":"post","2":"type-post","3":"status-publish","4":"format-standard","5":"has-post-thumbnail","7":"category-politi","8":"tag-dario-schneider","9":"tag-elecciones-2021","10":"tag-entre-rios-cambia","11":"tag-nogoya","12":"tag-pedro-galimberti"},"yoast_head":"<title>&quot;Hay que sacarle el pie de encima a la producci\u00f3n y el campo&quot;, dijo Galimberti en Nogoy\u00e1 - Informe Litoral<\/title>\n<meta name=\"robots\" content=\"index, follow, max-snippet:-1, max-image-preview:large, max-video-preview:-1\" \/>\n<link rel=\"canonical\" href=\"https:\/\/informelitoral.com.ar\/hay-que-sacarle-el-pie-de-encima-a-la-produccion-y-el-campo-dijo-galimberti-en-nogoya\/\" \/>\n<meta property=\"og:locale\" content=\"es_ES\" \/>\n<meta property=\"og:type\" content=\"article\" \/>\n<meta property=\"og:title\" content=\"&quot;Hay que sacarle el pie de encima a la producci\u00f3n y el campo&quot;, dijo Galimberti en Nogoy\u00e1 - Informe Litoral\" \/>\n<meta property=\"og:description\" content=\"Los precandidatos de Entre R\u00edos Cambia Pedro Galimberti, Mariana Salinas y Dar\u00edo Schneider estuvieron en Nogoy\u00e1. Encuentros con j\u00f3venes, militantes y sectores productivos.  \u00a0\" \/>\n<meta property=\"og:url\" content=\"https:\/\/informelitoral.com.ar\/hay-que-sacarle-el-pie-de-encima-a-la-produccion-y-el-campo-dijo-galimberti-en-nogoya\/\" \/>\n<meta property=\"og:site_name\" content=\"Informe Litoral\" \/>\n<meta property=\"article:publisher\" content=\"https:\/\/www.facebook.com\/informelitoral\/\" \/>\n<meta property=\"article:published_time\" content=\"2021-07-30T21:10:11+00:00\" \/>\n<meta property=\"og:image\" content=\"https:\/\/informelitoral.com.ar\/%77%70%2d%63%6f%6e%74%65%6e%74\/uploads\/2021\/07\/Entre-Rios-Cambia-en-Nogoya.jpg\" \/>\n\t<meta property=\"og:image:width\" content=\"1600\" \/>\n\t<meta property=\"og:image:height\" content=\"1115\" \/>\n\t<meta property=\"og:image:type\" content=\"image\/jpeg\" \/>\n<meta name=\"author\" content=\"Gonzalo Schmidt\" \/>\n<meta name=\"twitter:card\" content=\"summary_large_image\" \/>\n<meta name=\"twitter:creator\" content=\"@InformeLitoral\" \/>\n<meta name=\"twitter:site\" content=\"@InformeLitoral\" \/>\n<meta name=\"twitter:label1\" content=\"Escrito por\" \/>\n\t<meta name=\"twitter:data1\" content=\"Gonzalo Schmidt\" \/>\n\t<meta name=\"twitter:label2\" content=\"Tiempo de lectura\" \/>\n\t<meta name=\"twitter:data2\" content=\"3 minutos\" \/>\n<script type=\"application\/ld+json\" class=\"yoast-schema-graph\">{\"@context\":\"https:\\\/\\\/schema.org\",\"@graph\":[{\"@type\":\"Article\",\"@id\":\"https:\\\/\\\/informelitoral.com.ar\\\/hay-que-sacarle-el-pie-de-encima-a-la-produccion-y-el-campo-dijo-galimberti-en-nogoya\\\/#article\",\"isPartOf\":{\"@id\":\"https:\\\/\\\/informelitoral.com.ar\\\/hay-que-sacarle-el-pie-de-encima-a-la-produccion-y-el-campo-dijo-galimberti-en-nogoya\\\/\"},\"author\":{\"name\":\"Gonzalo Schmidt\",\"@id\":\"https:\\\/\\\/informelitoral.com.ar\\\/#\\\/schema\\\/person\\\/b9d00407c836482871ef1d57bf8e3180\"},\"headline\":\"\u00abHay que sacarle el pie de encima a la producci\u00f3n y el campo\u00bb, dijo Galimberti en Nogoy\u00e1\",\"datePublished\":\"2021-07-30T21:10:11+00:00\",\"mainEntityOfPage\":{\"@id\":\"https:\\\/\\\/informelitoral.com.ar\\\/hay-que-sacarle-el-pie-de-encima-a-la-produccion-y-el-campo-dijo-galimberti-en-nogoya\\\/\"},\"wordCount\":650,\"commentCount\":0,\"publisher\":{\"@id\":\"https:\\\/\\\/informelitoral.com.ar\\\/#organization\"},\"image\":{\"@id\":\"https:\\\/\\\/informelitoral.com.ar\\\/hay-que-sacarle-el-pie-de-encima-a-la-produccion-y-el-campo-dijo-galimberti-en-nogoya\\\/#primaryimage\"},\"thumbnailUrl\":\"https:\\\/\\\/informelitoral.com.ar\\\/%77%70%2d%63%6f%6e%74%65%6e%74\\\/uploads\\\/2021\\\/07\\\/Entre-Rios-Cambia-en-Nogoya.jpg\",\"keywords\":[\"Dar\u00edo Schneider\",\"Elecciones 2021\",\"Entre R\u00edos Cambia\",\"Nogoy\u00e1\",\"Pedro Galimberti\"],\"articleSection\":[\"Politica\"],\"inLanguage\":\"es\",\"potentialAction\":[{\"@type\":\"CommentAction\",\"name\":\"Comment\",\"target\":[\"https:\\\/\\\/informelitoral.com.ar\\\/hay-que-sacarle-el-pie-de-encima-a-la-produccion-y-el-campo-dijo-galimberti-en-nogoya\\\/#respond\"]}]},{\"@type\":\"WebPage\",\"@id\":\"https:\\\/\\\/informelitoral.com.ar\\\/hay-que-sacarle-el-pie-de-encima-a-la-produccion-y-el-campo-dijo-galimberti-en-nogoya\\\/\",\"url\":\"https:\\\/\\\/informelitoral.com.ar\\\/hay-que-sacarle-el-pie-de-encima-a-la-produccion-y-el-campo-dijo-galimberti-en-nogoya\\\/\",\"name\":\"\\\"Hay que sacarle el pie de encima a la producci\u00f3n y el campo\\\", dijo Galimberti en Nogoy\u00e1 - Informe Litoral\",\"isPartOf\":{\"@id\":\"https:\\\/\\\/informelitoral.com.ar\\\/#website\"},\"primaryImageOfPage\":{\"@id\":\"https:\\\/\\\/informelitoral.com.ar\\\/hay-que-sacarle-el-pie-de-encima-a-la-produccion-y-el-campo-dijo-galimberti-en-nogoya\\\/#primaryimage\"},\"image\":{\"@id\":\"https:\\\/\\\/informelitoral.com.ar\\\/hay-que-sacarle-el-pie-de-encima-a-la-produccion-y-el-campo-dijo-galimberti-en-nogoya\\\/#primaryimage\"},\"thumbnailUrl\":\"https:\\\/\\\/informelitoral.com.ar\\\/%77%70%2d%63%6f%6e%74%65%6e%74\\\/uploads\\\/2021\\\/07\\\/Entre-Rios-Cambia-en-Nogoya.jpg\",\"datePublished\":\"2021-07-30T21:10:11+00:00\",\"breadcrumb\":{\"@id\":\"https:\\\/\\\/informelitoral.com.ar\\\/hay-que-sacarle-el-pie-de-encima-a-la-produccion-y-el-campo-dijo-galimberti-en-nogoya\\\/#breadcrumb\"},\"inLanguage\":\"es\",\"potentialAction\":[{\"@type\":\"ReadAction\",\"target\":[\"https:\\\/\\\/informelitoral.com.ar\\\/hay-que-sacarle-el-pie-de-encima-a-la-produccion-y-el-campo-dijo-galimberti-en-nogoya\\\/\"]}]},{\"@type\":\"ImageObject\",\"inLanguage\":\"es\",\"@id\":\"https:\\\/\\\/informelitoral.com.ar\\\/hay-que-sacarle-el-pie-de-encima-a-la-produccion-y-el-campo-dijo-galimberti-en-nogoya\\\/#primaryimage\",\"url\":\"https:\\\/\\\/informelitoral.com.ar\\\/%77%70%2d%63%6f%6e%74%65%6e%74\\\/uploads\\\/2021\\\/07\\\/Entre-Rios-Cambia-en-Nogoya.jpg\",\"contentUrl\":\"https:\\\/\\\/informelitoral.com.ar\\\/%77%70%2d%63%6f%6e%74%65%6e%74\\\/uploads\\\/2021\\\/07\\\/Entre-Rios-Cambia-en-Nogoya.jpg\",\"width\":1600,\"height\":1115},{\"@type\":\"BreadcrumbList\",\"@id\":\"https:\\\/\\\/informelitoral.com.ar\\\/hay-que-sacarle-el-pie-de-encima-a-la-produccion-y-el-campo-dijo-galimberti-en-nogoya\\\/#breadcrumb\",\"itemListElement\":[{\"@type\":\"ListItem\",\"position\":1,\"name\":\"Portada\",\"item\":\"https:\\\/\\\/informelitoral.com.ar\\\/\"},{\"@type\":\"ListItem\",\"position\":2,\"name\":\"\u00abHay que sacarle el pie de encima a la producci\u00f3n y el campo\u00bb, dijo Galimberti en Nogoy\u00e1\"}]},{\"@type\":\"WebSite\",\"@id\":\"https:\\\/\\\/informelitoral.com.ar\\\/#website\",\"url\":\"https:\\\/\\\/informelitoral.com.ar\\\/\",\"name\":\"Informe Litoral\",\"description\":\"&quot;Nos informamos&quot; \",\"publisher\":{\"@id\":\"https:\\\/\\\/informelitoral.com.ar\\\/#organization\"},\"potentialAction\":[{\"@type\":\"SearchAction\",\"target\":{\"@type\":\"EntryPoint\",\"urlTemplate\":\"https:\\\/\\\/informelitoral.com.ar\\\/?s={search_term_string}\"},\"query-input\":{\"@type\":\"PropertyValueSpecification\",\"valueRequired\":true,\"valueName\":\"search_term_string\"}}],\"inLanguage\":\"es\"},{\"@type\":\"Organization\",\"@id\":\"https:\\\/\\\/informelitoral.com.ar\\\/#organization\",\"name\":\"Informe Litoral\",\"url\":\"https:\\\/\\\/informelitoral.com.ar\\\/\",\"logo\":{\"@type\":\"ImageObject\",\"inLanguage\":\"es\",\"@id\":\"https:\\\/\\\/informelitoral.com.ar\\\/#\\\/schema\\\/logo\\\/image\\\/\",\"url\":\"https:\\\/\\\/informelitoral.com.ar\\\/%77%70%2d%63%6f%6e%74%65%6e%74\\\/uploads\\\/2021\\\/01\\\/circulo.png\",\"contentUrl\":\"https:\\\/\\\/informelitoral.com.ar\\\/%77%70%2d%63%6f%6e%74%65%6e%74\\\/uploads\\\/2021\\\/01\\\/circulo.png\",\"width\":723,\"height\":731,\"caption\":\"Informe Litoral\"},\"image\":{\"@id\":\"https:\\\/\\\/informelitoral.com.ar\\\/#\\\/schema\\\/logo\\\/image\\\/\"},\"sameAs\":[\"https:\\\/\\\/www.facebook.com\\\/informelitoral\\\/\",\"https:\\\/\\\/x.com\\\/InformeLitoral\",\"https:\\\/\\\/www.instagram.com\\\/informelitoral\\\/\",\"https:\\\/\\\/www.youtube.com\\\/channel\\\/UCua4Qvz8Icb6MYqhoq9xLXw\"]},{\"@type\":\"Person\",\"@id\":\"https:\\\/\\\/informelitoral.com.ar\\\/#\\\/schema\\\/person\\\/b9d00407c836482871ef1d57bf8e3180\",\"name\":\"Gonzalo Schmidt\",\"image\":{\"@type\":\"ImageObject\",\"inLanguage\":\"es\",\"@id\":\"https:\\\/\\\/secure.gravatar.com\\\/avatar\\\/31a1a7b66ff2de83bd0e9fd79d026630d2d99e55e8bfe501287647b4fd9743de?s=96&d=mm&r=g\",\"url\":\"https:\\\/\\\/secure.gravatar.com\\\/avatar\\\/31a1a7b66ff2de83bd0e9fd79d026630d2d99e55e8bfe501287647b4fd9743de?s=96&d=mm&r=g\",\"contentUrl\":\"https:\\\/\\\/secure.gravatar.com\\\/avatar\\\/31a1a7b66ff2de83bd0e9fd79d026630d2d99e55e8bfe501287647b4fd9743de?s=96&d=mm&r=g\",\"caption\":\"Gonzalo Schmidt\"},\"description\":\"Sitio web de noticias de la provincia de Entre R\u00edos, Argentina. Informaci\u00f3n y entretenimiento. Informe Litoral, nos informamos.\",\"sameAs\":[\"http:\\\/\\\/www.isletasnoticias.com.ar\"],\"url\":\"https:\\\/\\\/informelitoral.com.ar\\\/author\\\/gonzalo\\\/\"}]}<\/script>","yoast_head_json":{"title":"\"Hay que sacarle el pie de encima a la producci\u00f3n y el campo\", dijo Galimberti en Nogoy\u00e1 - Informe Litoral","robots":{"index":"index","follow":"follow","max-snippet":"max-snippet:-1","max-image-preview":"max-image-preview:large","max-video-preview":"max-video-preview:-1"},"canonical":"https:\/\/informelitoral.com.ar\/hay-que-sacarle-el-pie-de-encima-a-la-produccion-y-el-campo-dijo-galimberti-en-nogoya\/","og_locale":"es_ES","og_type":"article","og_title":"\"Hay que sacarle el pie de encima a la producci\u00f3n y el campo\", dijo Galimberti en Nogoy\u00e1 - Informe Litoral","og_description":"Los precandidatos de Entre R\u00edos Cambia Pedro Galimberti, Mariana Salinas y Dar\u00edo Schneider estuvieron en Nogoy\u00e1. Encuentros con j\u00f3venes, militantes y sectores productivos.  \u00a0","og_url":"https:\/\/informelitoral.com.ar\/hay-que-sacarle-el-pie-de-encima-a-la-produccion-y-el-campo-dijo-galimberti-en-nogoya\/","og_site_name":"Informe Litoral","article_publisher":"https:\/\/www.facebook.com\/informelitoral\/","article_published_time":"2021-07-30T21:10:11+00:00","og_image":[{"width":1600,"height":1115,"url":"https:\/\/informelitoral.com.ar\/%77%70%2d%63%6f%6e%74%65%6e%74\/uploads\/2021\/07\/Entre-Rios-Cambia-en-Nogoya.jpg","type":"image\/jpeg"}],"author":"Gonzalo Schmidt","twitter_card":"summary_large_image","twitter_creator":"@InformeLitoral","twitter_site":"@InformeLitoral","twitter_misc":{"Escrito por":"Gonzalo Schmidt","Tiempo de lectura":"3 minutos"},"schema":{"@context":"https:\/\/schema.org","@graph":[{"@type":"Article","@id":"https:\/\/informelitoral.com.ar\/hay-que-sacarle-el-pie-de-encima-a-la-produccion-y-el-campo-dijo-galimberti-en-nogoya\/#article","isPartOf":{"@id":"https:\/\/informelitoral.com.ar\/hay-que-sacarle-el-pie-de-encima-a-la-produccion-y-el-campo-dijo-galimberti-en-nogoya\/"},"author":{"name":"Gonzalo Schmidt","@id":"https:\/\/informelitoral.com.ar\/#\/schema\/person\/b9d00407c836482871ef1d57bf8e3180"},"headline":"\u00abHay que sacarle el pie de encima a la producci\u00f3n y el campo\u00bb, dijo Galimberti en Nogoy\u00e1","datePublished":"2021-07-30T21:10:11+00:00","mainEntityOfPage":{"@id":"https:\/\/informelitoral.com.ar\/hay-que-sacarle-el-pie-de-encima-a-la-produccion-y-el-campo-dijo-galimberti-en-nogoya\/"},"wordCount":650,"commentCount":0,"publisher":{"@id":"https:\/\/informelitoral.com.ar\/#organization"},"image":{"@id":"https:\/\/informelitoral.com.ar\/hay-que-sacarle-el-pie-de-encima-a-la-produccion-y-el-campo-dijo-galimberti-en-nogoya\/#primaryimage"},"thumbnailUrl":"https:\/\/informelitoral.com.ar\/%77%70%2d%63%6f%6e%74%65%6e%74\/uploads\/2021\/07\/Entre-Rios-Cambia-en-Nogoya.jpg","keywords":["Dar\u00edo Schneider","Elecciones 2021","Entre R\u00edos Cambia","Nogoy\u00e1","Pedro Galimberti"],"articleSection":["Politica"],"inLanguage":"es","potentialAction":[{"@type":"CommentAction","name":"Comment","target":["https:\/\/informelitoral.com.ar\/hay-que-sacarle-el-pie-de-encima-a-la-produccion-y-el-campo-dijo-galimberti-en-nogoya\/#respond"]}]},{"@type":"WebPage","@id":"https:\/\/informelitoral.com.ar\/hay-que-sacarle-el-pie-de-encima-a-la-produccion-y-el-campo-dijo-galimberti-en-nogoya\/","url":"https:\/\/informelitoral.com.ar\/hay-que-sacarle-el-pie-de-encima-a-la-produccion-y-el-campo-dijo-galimberti-en-nogoya\/","name":"\"Hay que sacarle el pie de encima a la producci\u00f3n y el campo\", dijo Galimberti en Nogoy\u00e1 - Informe Litoral","isPartOf":{"@id":"https:\/\/informelitoral.com.ar\/#website"},"primaryImageOfPage":{"@id":"https:\/\/informelitoral.com.ar\/hay-que-sacarle-el-pie-de-encima-a-la-produccion-y-el-campo-dijo-galimberti-en-nogoya\/#primaryimage"},"image":{"@id":"https:\/\/informelitoral.com.ar\/hay-que-sacarle-el-pie-de-encima-a-la-produccion-y-el-campo-dijo-galimberti-en-nogoya\/#primaryimage"},"thumbnailUrl":"https:\/\/informelitoral.com.ar\/%77%70%2d%63%6f%6e%74%65%6e%74\/uploads\/2021\/07\/Entre-Rios-Cambia-en-Nogoya.jpg","datePublished":"2021-07-30T21:10:11+00:00","breadcrumb":{"@id":"https:\/\/informelitoral.com.ar\/hay-que-sacarle-el-pie-de-encima-a-la-produccion-y-el-campo-dijo-galimberti-en-nogoya\/#breadcrumb"},"inLanguage":"es","potentialAction":[{"@type":"ReadAction","target":["https:\/\/informelitoral.com.ar\/hay-que-sacarle-el-pie-de-encima-a-la-produccion-y-el-campo-dijo-galimberti-en-nogoya\/"]}]},{"@type":"ImageObject","inLanguage":"es","@id":"https:\/\/informelitoral.com.ar\/hay-que-sacarle-el-pie-de-encima-a-la-produccion-y-el-campo-dijo-galimberti-en-nogoya\/#primaryimage","url":"https:\/\/informelitoral.com.ar\/%77%70%2d%63%6f%6e%74%65%6e%74\/uploads\/2021\/07\/Entre-Rios-Cambia-en-Nogoya.jpg","contentUrl":"https:\/\/informelitoral.com.ar\/%77%70%2d%63%6f%6e%74%65%6e%74\/uploads\/2021\/07\/Entre-Rios-Cambia-en-Nogoya.jpg","width":1600,"height":1115},{"@type":"BreadcrumbList","@id":"https:\/\/informelitoral.com.ar\/hay-que-sacarle-el-pie-de-encima-a-la-produccion-y-el-campo-dijo-galimberti-en-nogoya\/#breadcrumb","itemListElement":[{"@type":"ListItem","position":1,"name":"Portada","item":"https:\/\/informelitoral.com.ar\/"},{"@type":"ListItem","position":2,"name":"\u00abHay que sacarle el pie de encima a la producci\u00f3n y el campo\u00bb, dijo Galimberti en Nogoy\u00e1"}]},{"@type":"WebSite","@id":"https:\/\/informelitoral.com.ar\/#website","url":"https:\/\/informelitoral.com.ar\/","name":"Informe Litoral","description":"&quot;Nos informamos&quot; ","publisher":{"@id":"https:\/\/informelitoral.com.ar\/#organization"},"potentialAction":[{"@type":"SearchAction","target":{"@type":"EntryPoint","urlTemplate":"https:\/\/informelitoral.com.ar\/?s={search_term_string}"},"query-input":{"@type":"PropertyValueSpecification","valueRequired":true,"valueName":"search_term_string"}}],"inLanguage":"es"},{"@type":"Organization","@id":"https:\/\/informelitoral.com.ar\/#organization","name":"Informe Litoral","url":"https:\/\/informelitoral.com.ar\/","logo":{"@type":"ImageObject","inLanguage":"es","@id":"https:\/\/informelitoral.com.ar\/#\/schema\/logo\/image\/","url":"https:\/\/informelitoral.com.ar\/%77%70%2d%63%6f%6e%74%65%6e%74\/uploads\/2021\/01\/circulo.png","contentUrl":"https:\/\/informelitoral.com.ar\/%77%70%2d%63%6f%6e%74%65%6e%74\/uploads\/2021\/01\/circulo.png","width":723,"height":731,"caption":"Informe Litoral"},"image":{"@id":"https:\/\/informelitoral.com.ar\/#\/schema\/logo\/image\/"},"sameAs":["https:\/\/www.facebook.com\/informelitoral\/","https:\/\/x.com\/InformeLitoral","https:\/\/www.instagram.com\/informelitoral\/","https:\/\/www.youtube.com\/channel\/UCua4Qvz8Icb6MYqhoq9xLXw"]},{"@type":"Person","@id":"https:\/\/informelitoral.com.ar\/#\/schema\/person\/b9d00407c836482871ef1d57bf8e3180","name":"Gonzalo Schmidt","image":{"@type":"ImageObject","inLanguage":"es","@id":"https:\/\/secure.gravatar.com\/avatar\/31a1a7b66ff2de83bd0e9fd79d026630d2d99e55e8bfe501287647b4fd9743de?s=96&d=mm&r=g","url":"https:\/\/secure.gravatar.com\/avatar\/31a1a7b66ff2de83bd0e9fd79d026630d2d99e55e8bfe501287647b4fd9743de?s=96&d=mm&r=g","contentUrl":"https:\/\/secure.gravatar.com\/avatar\/31a1a7b66ff2de83bd0e9fd79d026630d2d99e55e8bfe501287647b4fd9743de?s=96&d=mm&r=g","caption":"Gonzalo Schmidt"},"description":"Sitio web de noticias de la provincia de Entre R\u00edos, Argentina. Informaci\u00f3n y entretenimiento. Informe Litoral, nos informamos.","sameAs":["http:\/\/www.isletasnoticias.com.ar"],"url":"https:\/\/informelitoral.com.ar\/author\/gonzalo\/"}]}},"_links":{"self":[{"href":"https:\/\/informelitoral.com.ar\/%77%70%2d%6a%73%6f%6e\/wp\/v2\/posts\/63117","targetHints":{"allow":["GET"]}}],"collection":[{"href":"https:\/\/informelitoral.com.ar\/%77%70%2d%6a%73%6f%6e\/wp\/v2\/posts"}],"about":[{"href":"https:\/\/informelitoral.com.ar\/%77%70%2d%6a%73%6f%6e\/wp\/v2\/types\/post"}],"author":[{"embeddable":true,"href":"https:\/\/informelitoral.com.ar\/%77%70%2d%6a%73%6f%6e\/wp\/v2\/users\/2"}],"replies":[{"embeddable":true,"href":"https:\/\/informelitoral.com.ar\/%77%70%2d%6a%73%6f%6e\/wp\/v2\/comments?post=63117"}],"version-history":[{"count":0,"href":"https:\/\/informelitoral.com.ar\/%77%70%2d%6a%73%6f%6e\/wp\/v2\/posts\/63117\/revisions"}],"wp:featuredmedia":[{"embeddable":true,"href":"https:\/\/informelitoral.com.ar\/%77%70%2d%6a%73%6f%6e\/wp\/v2\/media\/63118"}],"wp:attachment":[{"href":"https:\/\/informelitoral.com.ar\/%77%70%2d%6a%73%6f%6e\/wp\/v2\/media?parent=63117"}],"wp:term":[{"taxonomy":"category","embeddable":true,"href":"https:\/\/informelitoral.com.ar\/%77%70%2d%6a%73%6f%6e\/wp\/v2\/categories?post=63117"},{"taxonomy":"post_tag","embeddable":true,"href":"https:\/\/informelitoral.com.ar\/%77%70%2d%6a%73%6f%6e\/wp\/v2\/tags?post=63117"}],"curies":[{"name":"wp","href":"https:\/\/api.w.org\/{rel}","templated":true}]}}