{"id":62964,"date":"2021-07-27T19:10:52","date_gmt":"2021-07-27T22:10:52","guid":{"rendered":"https:\/\/www.informelitoral.com.ar\/?p=62964"},"modified":"2021-07-27T19:10:52","modified_gmt":"2021-07-27T22:10:52","slug":"la-salud-de-chano-charpentier-evoluciona-favorablemente-y-le-retiraron-el-respirador","status":"publish","type":"post","link":"https:\/\/informelitoral.com.ar\/la-salud-de-chano-charpentier-evoluciona-favorablemente-y-le-retiraron-el-respirador\/","title":{"rendered":"La salud de Chano Charpentier: evoluciona favorablemente y le retiraron el respirador"},"content":{"rendered":"<p class=\"com-paragraph  --capital --s\">Dos d\u00edas despu\u00e9s de haber sido internado tras recibir un disparo en el abdomen\u00a0por parte de un polic\u00eda,\u00a0<strong>Santiago \u201cChano\u201d Moreno Carpentier<\/strong>\u00a0estar\u00eda comenzando a mejorar. Seg\u00fan trascendi\u00f3 en las \u00faltimas horas, al m\u00fasico le\u00a0<strong>retiraron el respirador<\/strong>\u00a0y actualmente respira por sus propios medios.<\/p>\n<p class=\"com-paragraph   --s\">En el d\u00eda de ayer fue operado de urgencia y le extirparon parte del p\u00e1ncreas, el bazo y el ri\u00f1\u00f3n izquierdo, adem\u00e1s de que le suturaron una perforaci\u00f3n del colon.<\/p>\n<p class=\"com-paragraph   --s\">El periodista de <em>TN<\/em> Guillermo Lobo anunci\u00f3 este avance a trav\u00e9s de su cuenta de Twitter. \u201cLa salud de Chano:\u00a0<strong>Le retiraron el respirador. Hay que manejar la excitaci\u00f3n psicomotriz<\/strong>\u201d, escribi\u00f3. El cantante sigue internado en terapia intensiva en el hospital Otamendi y por el momento no puede recibir visitas.<\/p>\n<p class=\"com-paragraph   --s\"><span style=\"text-align: center;\">\u201cMi hijo no tuvo un brote psic\u00f3tico\u201d, aclar\u00f3 <\/span><strong style=\"font-style: italic; text-align: center;\">Marina Charpentier, madre del exl\u00edder de Tan Bi\u00f3nica,\u00a0<\/strong><span style=\"text-align: center;\">en di\u00e1logo con la periodista de TN, Sandra Borghi. \u201cTuvo un cuadro de excitaci\u00f3n psicomotriz, solo es un enfermo en consumo y nosotros\u00a0<\/span><strong style=\"font-style: italic; text-align: center;\">somos una familia desesperada pidiendo que lo internen\u201d,<\/strong><span style=\"text-align: center;\">\u00a0asegur\u00f3 la madre de Chano, quien luego\u00a0<\/span><strong style=\"font-style: italic; text-align: center;\">desminti\u00f3 las versiones que indican que su hijo se comport\u00f3 de manera violenta.<\/strong><\/p>\n<h2 class=\"com-title --l\"><strong>Qu\u00e9 sucedi\u00f3 en el confuso episodio<\/strong><\/h2>\n<p class=\"com-paragraph   --s\">El domingo a la noche, en la madrugada ya del lunes, el m\u00fasico se encontraba en su casa de un barrio cerrado cuando su madre se alarm\u00f3 por su estado de salud. La mujer decidi\u00f3 llamar a\u00a0<strong>los m\u00e9dicos, quienes quisieron llevarlo en ambulancia para internarlo, pero Charpentier se neg\u00f3 y comenz\u00f3 a mostrar signos de comportamiento agresivo.<\/strong>\u00a0Como consecuencia de esto debi\u00f3 intervenir la polic\u00eda (el mismo Chano llam\u00f3 al 911) y al intentar atacar a un efectivo abalanz\u00e1ndose contra \u00e9l con un cuchillo, el m\u00fasico recibi\u00f3 un disparado en el abdomen y fue trasladado de urgencia al sanatorio Otamendi, donde fue intervenido.<\/p>\n<p class=\"com-paragraph   --s\">El primer parte policial que se conoci\u00f3 indicaba que<strong>\u00a0Charpentier \u201cse encontraba con brote psic\u00f3tico como consecuencia de consumo de estupefacientes\u201d.\u00a0<\/strong>Cuando la polic\u00eda lleg\u00f3 a su residencia de Capilla del Se\u00f1or, en el noreste de la provincia de Buenos Aires, estaba en el patio trasero, con el cuchillo en la mano.<\/p>\n<p class=\"com-paragraph   --s\">\u201cHace dos a\u00f1os que estoy muy bien. Siempre tuve la vocaci\u00f3n de internarme cuando estuve mal, cuando consum\u00eda, cuando me pas\u00f3 todo lo que me pas\u00f3. Hace dos a\u00f1os que estoy muy bien\u201d, le contaba a\u00a0<em>LA NACION\u00a0<\/em>hace algunas semanas. En esa charla alud\u00eda a las razones que lo llevaron a instalarse en Exaltaci\u00f3n de la Cruz: \u201cVivo cerca del campo, a diez kil\u00f3metros del pueblo. Si me quedo sin cigarrillos, olv\u00eddate. Est\u00e1 bueno.<strong> No vivo en una casa tipo Nordelta, sino un lugar de familias de clase media, retirado, tranquilo\u201d,<\/strong> expresaba.<\/p>\n<p class=\"com-paragraph   --s\"><strong>El cantante estuvo internado en tres ocasiones\u00a0<\/strong>y\u00a0protagoniz\u00f3 episodios pol\u00e9micos, como el choque m\u00faltiple por el que da\u00f1\u00f3 a varios autos estacionados en la calle, hecho acontecido en 2015. En cuanto al consumo de sustancias, en 2019 declaraba: \u201cEstoy en un momento en el que decid\u00ed dejar todas las cosas que me hac\u00edan mal, como la adicci\u00f3n a las drogas. Dej\u00e9 todo, pero es una lucha de todos los d\u00edas. No es que uno corta y se acaban los problemas. Es muy importante dejar de frecuentar a las personas t\u00f3xicas\u201d. <em>(La Naci\u00f3n)<\/em><\/p>\n","protected":false},"excerpt":{"rendered":"<p>El m\u00fasico sigue internado en la terapia intensiva del sanatorio Otamendi. No se ha suministrado un nuevo parte m\u00e9dico oficial sobre su estado de salud.<\/p>\n","protected":false},"author":2,"featured_media":62970,"comment_status":"open","ping_status":"open","sticky":false,"template":"","format":"standard","meta":{"fifu_image_url":"","fifu_image_alt":"","footnotes":""},"categories":[12],"tags":[2361],"class_list":{"0":"post-62964","1":"post","2":"type-post","3":"status-publish","4":"format-standard","5":"has-post-thumbnail","7":"category-espectaculos","8":"tag-chano-charpentier"},"yoast_head":"<title>La salud de Chano Charpentier: evoluciona favorablemente y le retiraron el respirador - Informe Litoral<\/title>\n<meta name=\"robots\" content=\"index, follow, max-snippet:-1, max-image-preview:large, max-video-preview:-1\" \/>\n<link rel=\"canonical\" href=\"https:\/\/informelitoral.com.ar\/la-salud-de-chano-charpentier-evoluciona-favorablemente-y-le-retiraron-el-respirador\/\" \/>\n<meta property=\"og:locale\" content=\"es_ES\" \/>\n<meta property=\"og:type\" content=\"article\" \/>\n<meta property=\"og:title\" content=\"La salud de Chano Charpentier: evoluciona favorablemente y le retiraron el respirador - Informe Litoral\" \/>\n<meta property=\"og:description\" content=\"El m\u00fasico sigue internado en la terapia intensiva del sanatorio Otamendi. No se ha suministrado un nuevo parte m\u00e9dico oficial sobre su estado de salud.\" \/>\n<meta property=\"og:url\" content=\"https:\/\/informelitoral.com.ar\/la-salud-de-chano-charpentier-evoluciona-favorablemente-y-le-retiraron-el-respirador\/\" \/>\n<meta property=\"og:site_name\" content=\"Informe Litoral\" \/>\n<meta property=\"article:publisher\" content=\"https:\/\/www.facebook.com\/informelitoral\/\" \/>\n<meta property=\"article:published_time\" content=\"2021-07-27T22:10:52+00:00\" \/>\n<meta property=\"og:image\" content=\"https:\/\/informelitoral.com.ar\/%77%70%2d%63%6f%6e%74%65%6e%74\/uploads\/2021\/07\/FLGEOHIKIZCDHNKMWOVIECNZPY.jpg\" \/>\n\t<meta property=\"og:image:width\" content=\"879\" \/>\n\t<meta property=\"og:image:height\" content=\"586\" \/>\n\t<meta property=\"og:image:type\" content=\"image\/jpeg\" \/>\n<meta name=\"author\" content=\"Gonzalo Schmidt\" \/>\n<meta name=\"twitter:card\" content=\"summary_large_image\" \/>\n<meta name=\"twitter:creator\" content=\"@InformeLitoral\" \/>\n<meta name=\"twitter:site\" content=\"@InformeLitoral\" \/>\n<meta name=\"twitter:label1\" content=\"Escrito por\" \/>\n\t<meta name=\"twitter:data1\" content=\"Gonzalo Schmidt\" \/>\n\t<meta name=\"twitter:label2\" content=\"Tiempo de lectura\" \/>\n\t<meta name=\"twitter:data2\" content=\"3 minutos\" \/>\n<script type=\"application\/ld+json\" class=\"yoast-schema-graph\">{\"@context\":\"https:\\\/\\\/schema.org\",\"@graph\":[{\"@type\":\"Article\",\"@id\":\"https:\\\/\\\/informelitoral.com.ar\\\/la-salud-de-chano-charpentier-evoluciona-favorablemente-y-le-retiraron-el-respirador\\\/#article\",\"isPartOf\":{\"@id\":\"https:\\\/\\\/informelitoral.com.ar\\\/la-salud-de-chano-charpentier-evoluciona-favorablemente-y-le-retiraron-el-respirador\\\/\"},\"author\":{\"name\":\"Gonzalo Schmidt\",\"@id\":\"https:\\\/\\\/informelitoral.com.ar\\\/#\\\/schema\\\/person\\\/b9d00407c836482871ef1d57bf8e3180\"},\"headline\":\"La salud de Chano Charpentier: evoluciona favorablemente y le retiraron el respirador\",\"datePublished\":\"2021-07-27T22:10:52+00:00\",\"mainEntityOfPage\":{\"@id\":\"https:\\\/\\\/informelitoral.com.ar\\\/la-salud-de-chano-charpentier-evoluciona-favorablemente-y-le-retiraron-el-respirador\\\/\"},\"wordCount\":591,\"commentCount\":0,\"publisher\":{\"@id\":\"https:\\\/\\\/informelitoral.com.ar\\\/#organization\"},\"image\":{\"@id\":\"https:\\\/\\\/informelitoral.com.ar\\\/la-salud-de-chano-charpentier-evoluciona-favorablemente-y-le-retiraron-el-respirador\\\/#primaryimage\"},\"thumbnailUrl\":\"https:\\\/\\\/informelitoral.com.ar\\\/%77%70%2d%63%6f%6e%74%65%6e%74\\\/uploads\\\/2021\\\/07\\\/FLGEOHIKIZCDHNKMWOVIECNZPY.jpg\",\"keywords\":[\"Chano Charpentier\"],\"articleSection\":[\"Espect\u00e1culos\"],\"inLanguage\":\"es\",\"potentialAction\":[{\"@type\":\"CommentAction\",\"name\":\"Comment\",\"target\":[\"https:\\\/\\\/informelitoral.com.ar\\\/la-salud-de-chano-charpentier-evoluciona-favorablemente-y-le-retiraron-el-respirador\\\/#respond\"]}]},{\"@type\":\"WebPage\",\"@id\":\"https:\\\/\\\/informelitoral.com.ar\\\/la-salud-de-chano-charpentier-evoluciona-favorablemente-y-le-retiraron-el-respirador\\\/\",\"url\":\"https:\\\/\\\/informelitoral.com.ar\\\/la-salud-de-chano-charpentier-evoluciona-favorablemente-y-le-retiraron-el-respirador\\\/\",\"name\":\"La salud de Chano Charpentier: evoluciona favorablemente y le retiraron el respirador - Informe Litoral\",\"isPartOf\":{\"@id\":\"https:\\\/\\\/informelitoral.com.ar\\\/#website\"},\"primaryImageOfPage\":{\"@id\":\"https:\\\/\\\/informelitoral.com.ar\\\/la-salud-de-chano-charpentier-evoluciona-favorablemente-y-le-retiraron-el-respirador\\\/#primaryimage\"},\"image\":{\"@id\":\"https:\\\/\\\/informelitoral.com.ar\\\/la-salud-de-chano-charpentier-evoluciona-favorablemente-y-le-retiraron-el-respirador\\\/#primaryimage\"},\"thumbnailUrl\":\"https:\\\/\\\/informelitoral.com.ar\\\/%77%70%2d%63%6f%6e%74%65%6e%74\\\/uploads\\\/2021\\\/07\\\/FLGEOHIKIZCDHNKMWOVIECNZPY.jpg\",\"datePublished\":\"2021-07-27T22:10:52+00:00\",\"breadcrumb\":{\"@id\":\"https:\\\/\\\/informelitoral.com.ar\\\/la-salud-de-chano-charpentier-evoluciona-favorablemente-y-le-retiraron-el-respirador\\\/#breadcrumb\"},\"inLanguage\":\"es\",\"potentialAction\":[{\"@type\":\"ReadAction\",\"target\":[\"https:\\\/\\\/informelitoral.com.ar\\\/la-salud-de-chano-charpentier-evoluciona-favorablemente-y-le-retiraron-el-respirador\\\/\"]}]},{\"@type\":\"ImageObject\",\"inLanguage\":\"es\",\"@id\":\"https:\\\/\\\/informelitoral.com.ar\\\/la-salud-de-chano-charpentier-evoluciona-favorablemente-y-le-retiraron-el-respirador\\\/#primaryimage\",\"url\":\"https:\\\/\\\/informelitoral.com.ar\\\/%77%70%2d%63%6f%6e%74%65%6e%74\\\/uploads\\\/2021\\\/07\\\/FLGEOHIKIZCDHNKMWOVIECNZPY.jpg\",\"contentUrl\":\"https:\\\/\\\/informelitoral.com.ar\\\/%77%70%2d%63%6f%6e%74%65%6e%74\\\/uploads\\\/2021\\\/07\\\/FLGEOHIKIZCDHNKMWOVIECNZPY.jpg\",\"width\":879,\"height\":586},{\"@type\":\"BreadcrumbList\",\"@id\":\"https:\\\/\\\/informelitoral.com.ar\\\/la-salud-de-chano-charpentier-evoluciona-favorablemente-y-le-retiraron-el-respirador\\\/#breadcrumb\",\"itemListElement\":[{\"@type\":\"ListItem\",\"position\":1,\"name\":\"Portada\",\"item\":\"https:\\\/\\\/informelitoral.com.ar\\\/\"},{\"@type\":\"ListItem\",\"position\":2,\"name\":\"La salud de Chano Charpentier: evoluciona favorablemente y le retiraron el respirador\"}]},{\"@type\":\"WebSite\",\"@id\":\"https:\\\/\\\/informelitoral.com.ar\\\/#website\",\"url\":\"https:\\\/\\\/informelitoral.com.ar\\\/\",\"name\":\"Informe Litoral\",\"description\":\"&quot;Nos informamos&quot; \",\"publisher\":{\"@id\":\"https:\\\/\\\/informelitoral.com.ar\\\/#organization\"},\"potentialAction\":[{\"@type\":\"SearchAction\",\"target\":{\"@type\":\"EntryPoint\",\"urlTemplate\":\"https:\\\/\\\/informelitoral.com.ar\\\/?s={search_term_string}\"},\"query-input\":{\"@type\":\"PropertyValueSpecification\",\"valueRequired\":true,\"valueName\":\"search_term_string\"}}],\"inLanguage\":\"es\"},{\"@type\":\"Organization\",\"@id\":\"https:\\\/\\\/informelitoral.com.ar\\\/#organization\",\"name\":\"Informe Litoral\",\"url\":\"https:\\\/\\\/informelitoral.com.ar\\\/\",\"logo\":{\"@type\":\"ImageObject\",\"inLanguage\":\"es\",\"@id\":\"https:\\\/\\\/informelitoral.com.ar\\\/#\\\/schema\\\/logo\\\/image\\\/\",\"url\":\"https:\\\/\\\/informelitoral.com.ar\\\/%77%70%2d%63%6f%6e%74%65%6e%74\\\/uploads\\\/2021\\\/01\\\/circulo.png\",\"contentUrl\":\"https:\\\/\\\/informelitoral.com.ar\\\/%77%70%2d%63%6f%6e%74%65%6e%74\\\/uploads\\\/2021\\\/01\\\/circulo.png\",\"width\":723,\"height\":731,\"caption\":\"Informe Litoral\"},\"image\":{\"@id\":\"https:\\\/\\\/informelitoral.com.ar\\\/#\\\/schema\\\/logo\\\/image\\\/\"},\"sameAs\":[\"https:\\\/\\\/www.facebook.com\\\/informelitoral\\\/\",\"https:\\\/\\\/x.com\\\/InformeLitoral\",\"https:\\\/\\\/www.instagram.com\\\/informelitoral\\\/\",\"https:\\\/\\\/www.youtube.com\\\/channel\\\/UCua4Qvz8Icb6MYqhoq9xLXw\"]},{\"@type\":\"Person\",\"@id\":\"https:\\\/\\\/informelitoral.com.ar\\\/#\\\/schema\\\/person\\\/b9d00407c836482871ef1d57bf8e3180\",\"name\":\"Gonzalo Schmidt\",\"image\":{\"@type\":\"ImageObject\",\"inLanguage\":\"es\",\"@id\":\"https:\\\/\\\/secure.gravatar.com\\\/avatar\\\/31a1a7b66ff2de83bd0e9fd79d026630d2d99e55e8bfe501287647b4fd9743de?s=96&d=mm&r=g\",\"url\":\"https:\\\/\\\/secure.gravatar.com\\\/avatar\\\/31a1a7b66ff2de83bd0e9fd79d026630d2d99e55e8bfe501287647b4fd9743de?s=96&d=mm&r=g\",\"contentUrl\":\"https:\\\/\\\/secure.gravatar.com\\\/avatar\\\/31a1a7b66ff2de83bd0e9fd79d026630d2d99e55e8bfe501287647b4fd9743de?s=96&d=mm&r=g\",\"caption\":\"Gonzalo Schmidt\"},\"description\":\"Sitio web de noticias de la provincia de Entre R\u00edos, Argentina. Informaci\u00f3n y entretenimiento. Informe Litoral, nos informamos.\",\"sameAs\":[\"http:\\\/\\\/www.isletasnoticias.com.ar\"],\"url\":\"https:\\\/\\\/informelitoral.com.ar\\\/author\\\/gonzalo\\\/\"}]}<\/script>","yoast_head_json":{"title":"La salud de Chano Charpentier: evoluciona favorablemente y le retiraron el respirador - Informe Litoral","robots":{"index":"index","follow":"follow","max-snippet":"max-snippet:-1","max-image-preview":"max-image-preview:large","max-video-preview":"max-video-preview:-1"},"canonical":"https:\/\/informelitoral.com.ar\/la-salud-de-chano-charpentier-evoluciona-favorablemente-y-le-retiraron-el-respirador\/","og_locale":"es_ES","og_type":"article","og_title":"La salud de Chano Charpentier: evoluciona favorablemente y le retiraron el respirador - Informe Litoral","og_description":"El m\u00fasico sigue internado en la terapia intensiva del sanatorio Otamendi. No se ha suministrado un nuevo parte m\u00e9dico oficial sobre su estado de salud.","og_url":"https:\/\/informelitoral.com.ar\/la-salud-de-chano-charpentier-evoluciona-favorablemente-y-le-retiraron-el-respirador\/","og_site_name":"Informe Litoral","article_publisher":"https:\/\/www.facebook.com\/informelitoral\/","article_published_time":"2021-07-27T22:10:52+00:00","og_image":[{"width":879,"height":586,"url":"https:\/\/informelitoral.com.ar\/%77%70%2d%63%6f%6e%74%65%6e%74\/uploads\/2021\/07\/FLGEOHIKIZCDHNKMWOVIECNZPY.jpg","type":"image\/jpeg"}],"author":"Gonzalo Schmidt","twitter_card":"summary_large_image","twitter_creator":"@InformeLitoral","twitter_site":"@InformeLitoral","twitter_misc":{"Escrito por":"Gonzalo Schmidt","Tiempo de lectura":"3 minutos"},"schema":{"@context":"https:\/\/schema.org","@graph":[{"@type":"Article","@id":"https:\/\/informelitoral.com.ar\/la-salud-de-chano-charpentier-evoluciona-favorablemente-y-le-retiraron-el-respirador\/#article","isPartOf":{"@id":"https:\/\/informelitoral.com.ar\/la-salud-de-chano-charpentier-evoluciona-favorablemente-y-le-retiraron-el-respirador\/"},"author":{"name":"Gonzalo Schmidt","@id":"https:\/\/informelitoral.com.ar\/#\/schema\/person\/b9d00407c836482871ef1d57bf8e3180"},"headline":"La salud de Chano Charpentier: evoluciona favorablemente y le retiraron el respirador","datePublished":"2021-07-27T22:10:52+00:00","mainEntityOfPage":{"@id":"https:\/\/informelitoral.com.ar\/la-salud-de-chano-charpentier-evoluciona-favorablemente-y-le-retiraron-el-respirador\/"},"wordCount":591,"commentCount":0,"publisher":{"@id":"https:\/\/informelitoral.com.ar\/#organization"},"image":{"@id":"https:\/\/informelitoral.com.ar\/la-salud-de-chano-charpentier-evoluciona-favorablemente-y-le-retiraron-el-respirador\/#primaryimage"},"thumbnailUrl":"https:\/\/informelitoral.com.ar\/%77%70%2d%63%6f%6e%74%65%6e%74\/uploads\/2021\/07\/FLGEOHIKIZCDHNKMWOVIECNZPY.jpg","keywords":["Chano Charpentier"],"articleSection":["Espect\u00e1culos"],"inLanguage":"es","potentialAction":[{"@type":"CommentAction","name":"Comment","target":["https:\/\/informelitoral.com.ar\/la-salud-de-chano-charpentier-evoluciona-favorablemente-y-le-retiraron-el-respirador\/#respond"]}]},{"@type":"WebPage","@id":"https:\/\/informelitoral.com.ar\/la-salud-de-chano-charpentier-evoluciona-favorablemente-y-le-retiraron-el-respirador\/","url":"https:\/\/informelitoral.com.ar\/la-salud-de-chano-charpentier-evoluciona-favorablemente-y-le-retiraron-el-respirador\/","name":"La salud de Chano Charpentier: evoluciona favorablemente y le retiraron el respirador - Informe Litoral","isPartOf":{"@id":"https:\/\/informelitoral.com.ar\/#website"},"primaryImageOfPage":{"@id":"https:\/\/informelitoral.com.ar\/la-salud-de-chano-charpentier-evoluciona-favorablemente-y-le-retiraron-el-respirador\/#primaryimage"},"image":{"@id":"https:\/\/informelitoral.com.ar\/la-salud-de-chano-charpentier-evoluciona-favorablemente-y-le-retiraron-el-respirador\/#primaryimage"},"thumbnailUrl":"https:\/\/informelitoral.com.ar\/%77%70%2d%63%6f%6e%74%65%6e%74\/uploads\/2021\/07\/FLGEOHIKIZCDHNKMWOVIECNZPY.jpg","datePublished":"2021-07-27T22:10:52+00:00","breadcrumb":{"@id":"https:\/\/informelitoral.com.ar\/la-salud-de-chano-charpentier-evoluciona-favorablemente-y-le-retiraron-el-respirador\/#breadcrumb"},"inLanguage":"es","potentialAction":[{"@type":"ReadAction","target":["https:\/\/informelitoral.com.ar\/la-salud-de-chano-charpentier-evoluciona-favorablemente-y-le-retiraron-el-respirador\/"]}]},{"@type":"ImageObject","inLanguage":"es","@id":"https:\/\/informelitoral.com.ar\/la-salud-de-chano-charpentier-evoluciona-favorablemente-y-le-retiraron-el-respirador\/#primaryimage","url":"https:\/\/informelitoral.com.ar\/%77%70%2d%63%6f%6e%74%65%6e%74\/uploads\/2021\/07\/FLGEOHIKIZCDHNKMWOVIECNZPY.jpg","contentUrl":"https:\/\/informelitoral.com.ar\/%77%70%2d%63%6f%6e%74%65%6e%74\/uploads\/2021\/07\/FLGEOHIKIZCDHNKMWOVIECNZPY.jpg","width":879,"height":586},{"@type":"BreadcrumbList","@id":"https:\/\/informelitoral.com.ar\/la-salud-de-chano-charpentier-evoluciona-favorablemente-y-le-retiraron-el-respirador\/#breadcrumb","itemListElement":[{"@type":"ListItem","position":1,"name":"Portada","item":"https:\/\/informelitoral.com.ar\/"},{"@type":"ListItem","position":2,"name":"La salud de Chano Charpentier: evoluciona favorablemente y le retiraron el respirador"}]},{"@type":"WebSite","@id":"https:\/\/informelitoral.com.ar\/#website","url":"https:\/\/informelitoral.com.ar\/","name":"Informe Litoral","description":"&quot;Nos informamos&quot; ","publisher":{"@id":"https:\/\/informelitoral.com.ar\/#organization"},"potentialAction":[{"@type":"SearchAction","target":{"@type":"EntryPoint","urlTemplate":"https:\/\/informelitoral.com.ar\/?s={search_term_string}"},"query-input":{"@type":"PropertyValueSpecification","valueRequired":true,"valueName":"search_term_string"}}],"inLanguage":"es"},{"@type":"Organization","@id":"https:\/\/informelitoral.com.ar\/#organization","name":"Informe Litoral","url":"https:\/\/informelitoral.com.ar\/","logo":{"@type":"ImageObject","inLanguage":"es","@id":"https:\/\/informelitoral.com.ar\/#\/schema\/logo\/image\/","url":"https:\/\/informelitoral.com.ar\/%77%70%2d%63%6f%6e%74%65%6e%74\/uploads\/2021\/01\/circulo.png","contentUrl":"https:\/\/informelitoral.com.ar\/%77%70%2d%63%6f%6e%74%65%6e%74\/uploads\/2021\/01\/circulo.png","width":723,"height":731,"caption":"Informe Litoral"},"image":{"@id":"https:\/\/informelitoral.com.ar\/#\/schema\/logo\/image\/"},"sameAs":["https:\/\/www.facebook.com\/informelitoral\/","https:\/\/x.com\/InformeLitoral","https:\/\/www.instagram.com\/informelitoral\/","https:\/\/www.youtube.com\/channel\/UCua4Qvz8Icb6MYqhoq9xLXw"]},{"@type":"Person","@id":"https:\/\/informelitoral.com.ar\/#\/schema\/person\/b9d00407c836482871ef1d57bf8e3180","name":"Gonzalo Schmidt","image":{"@type":"ImageObject","inLanguage":"es","@id":"https:\/\/secure.gravatar.com\/avatar\/31a1a7b66ff2de83bd0e9fd79d026630d2d99e55e8bfe501287647b4fd9743de?s=96&d=mm&r=g","url":"https:\/\/secure.gravatar.com\/avatar\/31a1a7b66ff2de83bd0e9fd79d026630d2d99e55e8bfe501287647b4fd9743de?s=96&d=mm&r=g","contentUrl":"https:\/\/secure.gravatar.com\/avatar\/31a1a7b66ff2de83bd0e9fd79d026630d2d99e55e8bfe501287647b4fd9743de?s=96&d=mm&r=g","caption":"Gonzalo Schmidt"},"description":"Sitio web de noticias de la provincia de Entre R\u00edos, Argentina. Informaci\u00f3n y entretenimiento. Informe Litoral, nos informamos.","sameAs":["http:\/\/www.isletasnoticias.com.ar"],"url":"https:\/\/informelitoral.com.ar\/author\/gonzalo\/"}]}},"_links":{"self":[{"href":"https:\/\/informelitoral.com.ar\/%77%70%2d%6a%73%6f%6e\/wp\/v2\/posts\/62964","targetHints":{"allow":["GET"]}}],"collection":[{"href":"https:\/\/informelitoral.com.ar\/%77%70%2d%6a%73%6f%6e\/wp\/v2\/posts"}],"about":[{"href":"https:\/\/informelitoral.com.ar\/%77%70%2d%6a%73%6f%6e\/wp\/v2\/types\/post"}],"author":[{"embeddable":true,"href":"https:\/\/informelitoral.com.ar\/%77%70%2d%6a%73%6f%6e\/wp\/v2\/users\/2"}],"replies":[{"embeddable":true,"href":"https:\/\/informelitoral.com.ar\/%77%70%2d%6a%73%6f%6e\/wp\/v2\/comments?post=62964"}],"version-history":[{"count":0,"href":"https:\/\/informelitoral.com.ar\/%77%70%2d%6a%73%6f%6e\/wp\/v2\/posts\/62964\/revisions"}],"wp:featuredmedia":[{"embeddable":true,"href":"https:\/\/informelitoral.com.ar\/%77%70%2d%6a%73%6f%6e\/wp\/v2\/media\/62970"}],"wp:attachment":[{"href":"https:\/\/informelitoral.com.ar\/%77%70%2d%6a%73%6f%6e\/wp\/v2\/media?parent=62964"}],"wp:term":[{"taxonomy":"category","embeddable":true,"href":"https:\/\/informelitoral.com.ar\/%77%70%2d%6a%73%6f%6e\/wp\/v2\/categories?post=62964"},{"taxonomy":"post_tag","embeddable":true,"href":"https:\/\/informelitoral.com.ar\/%77%70%2d%6a%73%6f%6e\/wp\/v2\/tags?post=62964"}],"curies":[{"name":"wp","href":"https:\/\/api.w.org\/{rel}","templated":true}]}}