{"id":62951,"date":"2021-07-27T13:12:08","date_gmt":"2021-07-27T16:12:08","guid":{"rendered":"https:\/\/www.informelitoral.com.ar\/?p=62951"},"modified":"2021-07-27T16:08:56","modified_gmt":"2021-07-27T19:08:56","slug":"durante-agosto-aplicaran-segundas-dosis-de-astrazeneca-en-entre-rios","status":"publish","type":"post","link":"https:\/\/informelitoral.com.ar\/durante-agosto-aplicaran-segundas-dosis-de-astrazeneca-en-entre-rios\/","title":{"rendered":"Durante agosto aplicar\u00e1n segundas dosis de AstraZeneca en Entre R\u00edos"},"content":{"rendered":"<p>El subsecretario de Redes Integradas de Salud de Entre R\u00edos,\u00a0<strong>Marcos Bachetti<\/strong>\u00a0confirm\u00f3 que,\u00a0<strong>en los primeros d\u00edas de agosto, comenzar\u00e1n a aplicarse las segundas dosis de\u00a0vacunas AstraZeneca<\/strong><\/p>\n<p>En cuanto a la segunda dosis de<strong>\u00a0la vacuna china Sinopharm se\u00f1al\u00f3 que tiene un periodo de 21 y 28 d\u00edas. \u201cDespu\u00e9s de la tercera semana ya se puede aplicar la segunda dosis.<\/strong> Es una vacuna que no tiene dificultades en cuanto a cantidades. Es una muy buena vacuna cuyo esquema se completa en un mes, con una plataforma de virus activado con buenos resultados y una de las m\u00e1s inocua en cuanto a efectos secundarios\u201d, explic\u00f3 y agreg\u00f3 que se vacuna con esta marca principalmente a adultos j\u00f3venes.<\/p>\n<p>En tanto, sobre el reciente<strong>\u00a0anuncio de la ministra de Salud, Carla Vizotti, sobre el\u00a0convenio con Pfizer<\/strong>\u00a0y la llegada de 20 millones de dosis expres\u00f3 que es otro de los contratos y convenios que el Ministerio de Salud de Naci\u00f3n viene trabajando y que se suma a la donaci\u00f3n de vacunas Moderna.<\/p>\n<p>\u201cTodas las vacunas que podamos recibir son positivas\u201d, declar\u00f3 y acot\u00f3: \u201cNo hay que desconocer que el tema de las vacunas sigue siendo un tema de geopol\u00edtica a nivel mundial, pero, desde el punto de vista sanitario, es positivo contar con todas las vacunas posibles. Todas las alternativas son buenas para seguir con la campa\u00f1a en los distintos grupos etarios\u201d.<\/p>\n<p>En este punto indic\u00f3 que\u00a0<strong>esta semana puede haber novedades de los convenios con Rusia para las segundas dosis con Sputnik V.<\/strong><\/p>\n<p>Sobre las<strong>\u00a0dosis para menores de 12 a 17 a\u00f1os con comorbilidades<\/strong>\u00a0dijo que ya se est\u00e1 trabajando ese tema: \u201cEst\u00e1bamos esperando certezas sobre disponibilidad de dosis, tipos de vacunas y habilitaci\u00f3n. A nivel mundial los laboratorios que empezaron a trabajar para esta franja etaria presentaron los primeros resultados y son buenos. Queremos ser cautos con el n\u00famero pero tenemos un universo de unos 25.000 chicos. Tenemos esperar el listado final porque este n\u00famero puede variar\u201d, complet\u00f3.<\/p>\n","protected":false},"excerpt":{"rendered":"<p>Lo confirm\u00f3 el subsecretario de Redes Integradas de Salud de Entre R\u00edos, Marcos Bachetti. En cuanto a la segunda dosis de la vacuna china Sinopharm se\u00f1al\u00f3 que se est\u00e1 cumpliendo con el periodo de 21 y 28 d\u00edas entre ambas aplicaciones.<\/p>\n","protected":false},"author":2,"featured_media":61160,"comment_status":"open","ping_status":"open","sticky":false,"template":"","format":"standard","meta":{"fifu_image_url":"","fifu_image_alt":"","footnotes":""},"categories":[7],"tags":[2365,2364,2256],"class_list":{"0":"post-62951","1":"post","2":"type-post","3":"status-publish","4":"format-standard","5":"has-post-thumbnail","7":"category-nacionales","8":"tag-astrazeneca","9":"tag-segunda-dosis","10":"tag-vacunacion-coronavirus"},"yoast_head":"<title>Durante agosto aplicar\u00e1n segundas dosis de AstraZeneca en Entre R\u00edos - Informe Litoral<\/title>\n<meta name=\"robots\" content=\"index, follow, max-snippet:-1, max-image-preview:large, max-video-preview:-1\" \/>\n<link rel=\"canonical\" href=\"https:\/\/informelitoral.com.ar\/durante-agosto-aplicaran-segundas-dosis-de-astrazeneca-en-entre-rios\/\" \/>\n<meta property=\"og:locale\" content=\"es_ES\" \/>\n<meta property=\"og:type\" content=\"article\" \/>\n<meta property=\"og:title\" content=\"Durante agosto aplicar\u00e1n segundas dosis de AstraZeneca en Entre R\u00edos - Informe Litoral\" \/>\n<meta property=\"og:description\" content=\"Lo confirm\u00f3 el subsecretario de Redes Integradas de Salud de Entre R\u00edos, Marcos Bachetti. En cuanto a la segunda dosis de la vacuna china Sinopharm se\u00f1al\u00f3 que se est\u00e1 cumpliendo con el periodo de 21 y 28 d\u00edas entre ambas aplicaciones.\" \/>\n<meta property=\"og:url\" content=\"https:\/\/informelitoral.com.ar\/durante-agosto-aplicaran-segundas-dosis-de-astrazeneca-en-entre-rios\/\" \/>\n<meta property=\"og:site_name\" content=\"Informe Litoral\" \/>\n<meta property=\"article:publisher\" content=\"https:\/\/www.facebook.com\/informelitoral\/\" \/>\n<meta property=\"article:published_time\" content=\"2021-07-27T16:12:08+00:00\" \/>\n<meta property=\"article:modified_time\" content=\"2021-07-27T19:08:56+00:00\" \/>\n<meta property=\"og:image\" content=\"https:\/\/informelitoral.com.ar\/%77%70%2d%63%6f%6e%74%65%6e%74\/uploads\/2021\/06\/astrazeneca.jpg\" \/>\n\t<meta property=\"og:image:width\" content=\"1960\" \/>\n\t<meta property=\"og:image:height\" content=\"1049\" \/>\n\t<meta property=\"og:image:type\" content=\"image\/jpeg\" \/>\n<meta name=\"author\" content=\"Gonzalo Schmidt\" \/>\n<meta name=\"twitter:card\" content=\"summary_large_image\" \/>\n<meta name=\"twitter:creator\" content=\"@InformeLitoral\" \/>\n<meta name=\"twitter:site\" content=\"@InformeLitoral\" \/>\n<meta name=\"twitter:label1\" content=\"Escrito por\" \/>\n\t<meta name=\"twitter:data1\" content=\"Gonzalo Schmidt\" \/>\n\t<meta name=\"twitter:label2\" content=\"Tiempo de lectura\" \/>\n\t<meta name=\"twitter:data2\" content=\"2 minutos\" \/>\n<script type=\"application\/ld+json\" class=\"yoast-schema-graph\">{\"@context\":\"https:\\\/\\\/schema.org\",\"@graph\":[{\"@type\":\"Article\",\"@id\":\"https:\\\/\\\/informelitoral.com.ar\\\/durante-agosto-aplicaran-segundas-dosis-de-astrazeneca-en-entre-rios\\\/#article\",\"isPartOf\":{\"@id\":\"https:\\\/\\\/informelitoral.com.ar\\\/durante-agosto-aplicaran-segundas-dosis-de-astrazeneca-en-entre-rios\\\/\"},\"author\":{\"name\":\"Gonzalo Schmidt\",\"@id\":\"https:\\\/\\\/informelitoral.com.ar\\\/#\\\/schema\\\/person\\\/b9d00407c836482871ef1d57bf8e3180\"},\"headline\":\"Durante agosto aplicar\u00e1n segundas dosis de AstraZeneca en Entre R\u00edos\",\"datePublished\":\"2021-07-27T16:12:08+00:00\",\"dateModified\":\"2021-07-27T19:08:56+00:00\",\"mainEntityOfPage\":{\"@id\":\"https:\\\/\\\/informelitoral.com.ar\\\/durante-agosto-aplicaran-segundas-dosis-de-astrazeneca-en-entre-rios\\\/\"},\"wordCount\":354,\"commentCount\":0,\"publisher\":{\"@id\":\"https:\\\/\\\/informelitoral.com.ar\\\/#organization\"},\"image\":{\"@id\":\"https:\\\/\\\/informelitoral.com.ar\\\/durante-agosto-aplicaran-segundas-dosis-de-astrazeneca-en-entre-rios\\\/#primaryimage\"},\"thumbnailUrl\":\"https:\\\/\\\/informelitoral.com.ar\\\/%77%70%2d%63%6f%6e%74%65%6e%74\\\/uploads\\\/2021\\\/06\\\/astrazeneca.jpg\",\"keywords\":[\"AstraZeneca\",\"Segunda dosis\",\"Vacunaci\u00f3n coronavirus\"],\"articleSection\":[\"Nacionales\"],\"inLanguage\":\"es\",\"potentialAction\":[{\"@type\":\"CommentAction\",\"name\":\"Comment\",\"target\":[\"https:\\\/\\\/informelitoral.com.ar\\\/durante-agosto-aplicaran-segundas-dosis-de-astrazeneca-en-entre-rios\\\/#respond\"]}]},{\"@type\":\"WebPage\",\"@id\":\"https:\\\/\\\/informelitoral.com.ar\\\/durante-agosto-aplicaran-segundas-dosis-de-astrazeneca-en-entre-rios\\\/\",\"url\":\"https:\\\/\\\/informelitoral.com.ar\\\/durante-agosto-aplicaran-segundas-dosis-de-astrazeneca-en-entre-rios\\\/\",\"name\":\"Durante agosto aplicar\u00e1n segundas dosis de AstraZeneca en Entre R\u00edos - Informe Litoral\",\"isPartOf\":{\"@id\":\"https:\\\/\\\/informelitoral.com.ar\\\/#website\"},\"primaryImageOfPage\":{\"@id\":\"https:\\\/\\\/informelitoral.com.ar\\\/durante-agosto-aplicaran-segundas-dosis-de-astrazeneca-en-entre-rios\\\/#primaryimage\"},\"image\":{\"@id\":\"https:\\\/\\\/informelitoral.com.ar\\\/durante-agosto-aplicaran-segundas-dosis-de-astrazeneca-en-entre-rios\\\/#primaryimage\"},\"thumbnailUrl\":\"https:\\\/\\\/informelitoral.com.ar\\\/%77%70%2d%63%6f%6e%74%65%6e%74\\\/uploads\\\/2021\\\/06\\\/astrazeneca.jpg\",\"datePublished\":\"2021-07-27T16:12:08+00:00\",\"dateModified\":\"2021-07-27T19:08:56+00:00\",\"breadcrumb\":{\"@id\":\"https:\\\/\\\/informelitoral.com.ar\\\/durante-agosto-aplicaran-segundas-dosis-de-astrazeneca-en-entre-rios\\\/#breadcrumb\"},\"inLanguage\":\"es\",\"potentialAction\":[{\"@type\":\"ReadAction\",\"target\":[\"https:\\\/\\\/informelitoral.com.ar\\\/durante-agosto-aplicaran-segundas-dosis-de-astrazeneca-en-entre-rios\\\/\"]}]},{\"@type\":\"ImageObject\",\"inLanguage\":\"es\",\"@id\":\"https:\\\/\\\/informelitoral.com.ar\\\/durante-agosto-aplicaran-segundas-dosis-de-astrazeneca-en-entre-rios\\\/#primaryimage\",\"url\":\"https:\\\/\\\/informelitoral.com.ar\\\/%77%70%2d%63%6f%6e%74%65%6e%74\\\/uploads\\\/2021\\\/06\\\/astrazeneca.jpg\",\"contentUrl\":\"https:\\\/\\\/informelitoral.com.ar\\\/%77%70%2d%63%6f%6e%74%65%6e%74\\\/uploads\\\/2021\\\/06\\\/astrazeneca.jpg\",\"width\":1960,\"height\":1049},{\"@type\":\"BreadcrumbList\",\"@id\":\"https:\\\/\\\/informelitoral.com.ar\\\/durante-agosto-aplicaran-segundas-dosis-de-astrazeneca-en-entre-rios\\\/#breadcrumb\",\"itemListElement\":[{\"@type\":\"ListItem\",\"position\":1,\"name\":\"Portada\",\"item\":\"https:\\\/\\\/informelitoral.com.ar\\\/\"},{\"@type\":\"ListItem\",\"position\":2,\"name\":\"Durante agosto aplicar\u00e1n segundas dosis de AstraZeneca en Entre R\u00edos\"}]},{\"@type\":\"WebSite\",\"@id\":\"https:\\\/\\\/informelitoral.com.ar\\\/#website\",\"url\":\"https:\\\/\\\/informelitoral.com.ar\\\/\",\"name\":\"Informe Litoral\",\"description\":\"&quot;Nos informamos&quot; \",\"publisher\":{\"@id\":\"https:\\\/\\\/informelitoral.com.ar\\\/#organization\"},\"potentialAction\":[{\"@type\":\"SearchAction\",\"target\":{\"@type\":\"EntryPoint\",\"urlTemplate\":\"https:\\\/\\\/informelitoral.com.ar\\\/?s={search_term_string}\"},\"query-input\":{\"@type\":\"PropertyValueSpecification\",\"valueRequired\":true,\"valueName\":\"search_term_string\"}}],\"inLanguage\":\"es\"},{\"@type\":\"Organization\",\"@id\":\"https:\\\/\\\/informelitoral.com.ar\\\/#organization\",\"name\":\"Informe Litoral\",\"url\":\"https:\\\/\\\/informelitoral.com.ar\\\/\",\"logo\":{\"@type\":\"ImageObject\",\"inLanguage\":\"es\",\"@id\":\"https:\\\/\\\/informelitoral.com.ar\\\/#\\\/schema\\\/logo\\\/image\\\/\",\"url\":\"https:\\\/\\\/informelitoral.com.ar\\\/%77%70%2d%63%6f%6e%74%65%6e%74\\\/uploads\\\/2021\\\/01\\\/circulo.png\",\"contentUrl\":\"https:\\\/\\\/informelitoral.com.ar\\\/%77%70%2d%63%6f%6e%74%65%6e%74\\\/uploads\\\/2021\\\/01\\\/circulo.png\",\"width\":723,\"height\":731,\"caption\":\"Informe Litoral\"},\"image\":{\"@id\":\"https:\\\/\\\/informelitoral.com.ar\\\/#\\\/schema\\\/logo\\\/image\\\/\"},\"sameAs\":[\"https:\\\/\\\/www.facebook.com\\\/informelitoral\\\/\",\"https:\\\/\\\/x.com\\\/InformeLitoral\",\"https:\\\/\\\/www.instagram.com\\\/informelitoral\\\/\",\"https:\\\/\\\/www.youtube.com\\\/channel\\\/UCua4Qvz8Icb6MYqhoq9xLXw\"]},{\"@type\":\"Person\",\"@id\":\"https:\\\/\\\/informelitoral.com.ar\\\/#\\\/schema\\\/person\\\/b9d00407c836482871ef1d57bf8e3180\",\"name\":\"Gonzalo Schmidt\",\"image\":{\"@type\":\"ImageObject\",\"inLanguage\":\"es\",\"@id\":\"https:\\\/\\\/secure.gravatar.com\\\/avatar\\\/31a1a7b66ff2de83bd0e9fd79d026630d2d99e55e8bfe501287647b4fd9743de?s=96&d=mm&r=g\",\"url\":\"https:\\\/\\\/secure.gravatar.com\\\/avatar\\\/31a1a7b66ff2de83bd0e9fd79d026630d2d99e55e8bfe501287647b4fd9743de?s=96&d=mm&r=g\",\"contentUrl\":\"https:\\\/\\\/secure.gravatar.com\\\/avatar\\\/31a1a7b66ff2de83bd0e9fd79d026630d2d99e55e8bfe501287647b4fd9743de?s=96&d=mm&r=g\",\"caption\":\"Gonzalo Schmidt\"},\"description\":\"Sitio web de noticias de la provincia de Entre R\u00edos, Argentina. Informaci\u00f3n y entretenimiento. Informe Litoral, nos informamos.\",\"sameAs\":[\"http:\\\/\\\/www.isletasnoticias.com.ar\"],\"url\":\"https:\\\/\\\/informelitoral.com.ar\\\/author\\\/gonzalo\\\/\"}]}<\/script>","yoast_head_json":{"title":"Durante agosto aplicar\u00e1n segundas dosis de AstraZeneca en Entre R\u00edos - Informe Litoral","robots":{"index":"index","follow":"follow","max-snippet":"max-snippet:-1","max-image-preview":"max-image-preview:large","max-video-preview":"max-video-preview:-1"},"canonical":"https:\/\/informelitoral.com.ar\/durante-agosto-aplicaran-segundas-dosis-de-astrazeneca-en-entre-rios\/","og_locale":"es_ES","og_type":"article","og_title":"Durante agosto aplicar\u00e1n segundas dosis de AstraZeneca en Entre R\u00edos - Informe Litoral","og_description":"Lo confirm\u00f3 el subsecretario de Redes Integradas de Salud de Entre R\u00edos, Marcos Bachetti. En cuanto a la segunda dosis de la vacuna china Sinopharm se\u00f1al\u00f3 que se est\u00e1 cumpliendo con el periodo de 21 y 28 d\u00edas entre ambas aplicaciones.","og_url":"https:\/\/informelitoral.com.ar\/durante-agosto-aplicaran-segundas-dosis-de-astrazeneca-en-entre-rios\/","og_site_name":"Informe Litoral","article_publisher":"https:\/\/www.facebook.com\/informelitoral\/","article_published_time":"2021-07-27T16:12:08+00:00","article_modified_time":"2021-07-27T19:08:56+00:00","og_image":[{"width":1960,"height":1049,"url":"https:\/\/informelitoral.com.ar\/%77%70%2d%63%6f%6e%74%65%6e%74\/uploads\/2021\/06\/astrazeneca.jpg","type":"image\/jpeg"}],"author":"Gonzalo Schmidt","twitter_card":"summary_large_image","twitter_creator":"@InformeLitoral","twitter_site":"@InformeLitoral","twitter_misc":{"Escrito por":"Gonzalo Schmidt","Tiempo de lectura":"2 minutos"},"schema":{"@context":"https:\/\/schema.org","@graph":[{"@type":"Article","@id":"https:\/\/informelitoral.com.ar\/durante-agosto-aplicaran-segundas-dosis-de-astrazeneca-en-entre-rios\/#article","isPartOf":{"@id":"https:\/\/informelitoral.com.ar\/durante-agosto-aplicaran-segundas-dosis-de-astrazeneca-en-entre-rios\/"},"author":{"name":"Gonzalo Schmidt","@id":"https:\/\/informelitoral.com.ar\/#\/schema\/person\/b9d00407c836482871ef1d57bf8e3180"},"headline":"Durante agosto aplicar\u00e1n segundas dosis de AstraZeneca en Entre R\u00edos","datePublished":"2021-07-27T16:12:08+00:00","dateModified":"2021-07-27T19:08:56+00:00","mainEntityOfPage":{"@id":"https:\/\/informelitoral.com.ar\/durante-agosto-aplicaran-segundas-dosis-de-astrazeneca-en-entre-rios\/"},"wordCount":354,"commentCount":0,"publisher":{"@id":"https:\/\/informelitoral.com.ar\/#organization"},"image":{"@id":"https:\/\/informelitoral.com.ar\/durante-agosto-aplicaran-segundas-dosis-de-astrazeneca-en-entre-rios\/#primaryimage"},"thumbnailUrl":"https:\/\/informelitoral.com.ar\/%77%70%2d%63%6f%6e%74%65%6e%74\/uploads\/2021\/06\/astrazeneca.jpg","keywords":["AstraZeneca","Segunda dosis","Vacunaci\u00f3n coronavirus"],"articleSection":["Nacionales"],"inLanguage":"es","potentialAction":[{"@type":"CommentAction","name":"Comment","target":["https:\/\/informelitoral.com.ar\/durante-agosto-aplicaran-segundas-dosis-de-astrazeneca-en-entre-rios\/#respond"]}]},{"@type":"WebPage","@id":"https:\/\/informelitoral.com.ar\/durante-agosto-aplicaran-segundas-dosis-de-astrazeneca-en-entre-rios\/","url":"https:\/\/informelitoral.com.ar\/durante-agosto-aplicaran-segundas-dosis-de-astrazeneca-en-entre-rios\/","name":"Durante agosto aplicar\u00e1n segundas dosis de AstraZeneca en Entre R\u00edos - Informe Litoral","isPartOf":{"@id":"https:\/\/informelitoral.com.ar\/#website"},"primaryImageOfPage":{"@id":"https:\/\/informelitoral.com.ar\/durante-agosto-aplicaran-segundas-dosis-de-astrazeneca-en-entre-rios\/#primaryimage"},"image":{"@id":"https:\/\/informelitoral.com.ar\/durante-agosto-aplicaran-segundas-dosis-de-astrazeneca-en-entre-rios\/#primaryimage"},"thumbnailUrl":"https:\/\/informelitoral.com.ar\/%77%70%2d%63%6f%6e%74%65%6e%74\/uploads\/2021\/06\/astrazeneca.jpg","datePublished":"2021-07-27T16:12:08+00:00","dateModified":"2021-07-27T19:08:56+00:00","breadcrumb":{"@id":"https:\/\/informelitoral.com.ar\/durante-agosto-aplicaran-segundas-dosis-de-astrazeneca-en-entre-rios\/#breadcrumb"},"inLanguage":"es","potentialAction":[{"@type":"ReadAction","target":["https:\/\/informelitoral.com.ar\/durante-agosto-aplicaran-segundas-dosis-de-astrazeneca-en-entre-rios\/"]}]},{"@type":"ImageObject","inLanguage":"es","@id":"https:\/\/informelitoral.com.ar\/durante-agosto-aplicaran-segundas-dosis-de-astrazeneca-en-entre-rios\/#primaryimage","url":"https:\/\/informelitoral.com.ar\/%77%70%2d%63%6f%6e%74%65%6e%74\/uploads\/2021\/06\/astrazeneca.jpg","contentUrl":"https:\/\/informelitoral.com.ar\/%77%70%2d%63%6f%6e%74%65%6e%74\/uploads\/2021\/06\/astrazeneca.jpg","width":1960,"height":1049},{"@type":"BreadcrumbList","@id":"https:\/\/informelitoral.com.ar\/durante-agosto-aplicaran-segundas-dosis-de-astrazeneca-en-entre-rios\/#breadcrumb","itemListElement":[{"@type":"ListItem","position":1,"name":"Portada","item":"https:\/\/informelitoral.com.ar\/"},{"@type":"ListItem","position":2,"name":"Durante agosto aplicar\u00e1n segundas dosis de AstraZeneca en Entre R\u00edos"}]},{"@type":"WebSite","@id":"https:\/\/informelitoral.com.ar\/#website","url":"https:\/\/informelitoral.com.ar\/","name":"Informe Litoral","description":"&quot;Nos informamos&quot; ","publisher":{"@id":"https:\/\/informelitoral.com.ar\/#organization"},"potentialAction":[{"@type":"SearchAction","target":{"@type":"EntryPoint","urlTemplate":"https:\/\/informelitoral.com.ar\/?s={search_term_string}"},"query-input":{"@type":"PropertyValueSpecification","valueRequired":true,"valueName":"search_term_string"}}],"inLanguage":"es"},{"@type":"Organization","@id":"https:\/\/informelitoral.com.ar\/#organization","name":"Informe Litoral","url":"https:\/\/informelitoral.com.ar\/","logo":{"@type":"ImageObject","inLanguage":"es","@id":"https:\/\/informelitoral.com.ar\/#\/schema\/logo\/image\/","url":"https:\/\/informelitoral.com.ar\/%77%70%2d%63%6f%6e%74%65%6e%74\/uploads\/2021\/01\/circulo.png","contentUrl":"https:\/\/informelitoral.com.ar\/%77%70%2d%63%6f%6e%74%65%6e%74\/uploads\/2021\/01\/circulo.png","width":723,"height":731,"caption":"Informe Litoral"},"image":{"@id":"https:\/\/informelitoral.com.ar\/#\/schema\/logo\/image\/"},"sameAs":["https:\/\/www.facebook.com\/informelitoral\/","https:\/\/x.com\/InformeLitoral","https:\/\/www.instagram.com\/informelitoral\/","https:\/\/www.youtube.com\/channel\/UCua4Qvz8Icb6MYqhoq9xLXw"]},{"@type":"Person","@id":"https:\/\/informelitoral.com.ar\/#\/schema\/person\/b9d00407c836482871ef1d57bf8e3180","name":"Gonzalo Schmidt","image":{"@type":"ImageObject","inLanguage":"es","@id":"https:\/\/secure.gravatar.com\/avatar\/31a1a7b66ff2de83bd0e9fd79d026630d2d99e55e8bfe501287647b4fd9743de?s=96&d=mm&r=g","url":"https:\/\/secure.gravatar.com\/avatar\/31a1a7b66ff2de83bd0e9fd79d026630d2d99e55e8bfe501287647b4fd9743de?s=96&d=mm&r=g","contentUrl":"https:\/\/secure.gravatar.com\/avatar\/31a1a7b66ff2de83bd0e9fd79d026630d2d99e55e8bfe501287647b4fd9743de?s=96&d=mm&r=g","caption":"Gonzalo Schmidt"},"description":"Sitio web de noticias de la provincia de Entre R\u00edos, Argentina. Informaci\u00f3n y entretenimiento. Informe Litoral, nos informamos.","sameAs":["http:\/\/www.isletasnoticias.com.ar"],"url":"https:\/\/informelitoral.com.ar\/author\/gonzalo\/"}]}},"_links":{"self":[{"href":"https:\/\/informelitoral.com.ar\/%77%70%2d%6a%73%6f%6e\/wp\/v2\/posts\/62951","targetHints":{"allow":["GET"]}}],"collection":[{"href":"https:\/\/informelitoral.com.ar\/%77%70%2d%6a%73%6f%6e\/wp\/v2\/posts"}],"about":[{"href":"https:\/\/informelitoral.com.ar\/%77%70%2d%6a%73%6f%6e\/wp\/v2\/types\/post"}],"author":[{"embeddable":true,"href":"https:\/\/informelitoral.com.ar\/%77%70%2d%6a%73%6f%6e\/wp\/v2\/users\/2"}],"replies":[{"embeddable":true,"href":"https:\/\/informelitoral.com.ar\/%77%70%2d%6a%73%6f%6e\/wp\/v2\/comments?post=62951"}],"version-history":[{"count":0,"href":"https:\/\/informelitoral.com.ar\/%77%70%2d%6a%73%6f%6e\/wp\/v2\/posts\/62951\/revisions"}],"wp:featuredmedia":[{"embeddable":true,"href":"https:\/\/informelitoral.com.ar\/%77%70%2d%6a%73%6f%6e\/wp\/v2\/media\/61160"}],"wp:attachment":[{"href":"https:\/\/informelitoral.com.ar\/%77%70%2d%6a%73%6f%6e\/wp\/v2\/media?parent=62951"}],"wp:term":[{"taxonomy":"category","embeddable":true,"href":"https:\/\/informelitoral.com.ar\/%77%70%2d%6a%73%6f%6e\/wp\/v2\/categories?post=62951"},{"taxonomy":"post_tag","embeddable":true,"href":"https:\/\/informelitoral.com.ar\/%77%70%2d%6a%73%6f%6e\/wp\/v2\/tags?post=62951"}],"curies":[{"name":"wp","href":"https:\/\/api.w.org\/{rel}","templated":true}]}}