{"id":62942,"date":"2021-07-27T10:31:04","date_gmt":"2021-07-27T13:31:04","guid":{"rendered":"https:\/\/www.informelitoral.com.ar\/?p=62942"},"modified":"2021-07-27T10:31:04","modified_gmt":"2021-07-27T13:31:04","slug":"licencia-de-conducir-en-parana-exigiran-hacer-cursos-sobre-genero-y-estrellas-amarillas","status":"publish","type":"post","link":"https:\/\/informelitoral.com.ar\/licencia-de-conducir-en-parana-exigiran-hacer-cursos-sobre-genero-y-estrellas-amarillas\/","title":{"rendered":"Licencia de Conducir en Paran\u00e1: exigir\u00e1n hacer cursos sobre G\u00e9nero y Estrellas Amarillas"},"content":{"rendered":"<p>A partir del 1\u00b0 de agosto se exigir\u00e1, junto a la documentaci\u00f3n solicitada, la realizaci\u00f3n de cursos sobre G\u00e9nero y Estrellas Amarillas a las nuevas licencias y renovaciones de mayores de 65 a\u00f1os. Esto se suma al requisito de aprobaci\u00f3n del Curso Nacional de Seguridad Vial Digital.<br \/>\nSe recuerda a los usuarios que en el apartado \u2018Licencia de Conducir\u2019 de la Gu\u00eda de Tr\u00e1mites dentro del portal Mi.Paran\u00e1 (a trav\u00e9s de\u00a0<a href=\"http:\/\/www.parana.gob.ar\/\" target=\"_blank\" rel=\"noopener\">www.parana.gob.ar<\/a>), podr\u00e1n encontrar toda la informaci\u00f3n necesaria sobre el tr\u00e1mite, requisitos, costos, descripci\u00f3n del procedimiento y enlaces.<\/p>\n<p>Disponer de esta informaci\u00f3n y la agilizaci\u00f3n del tr\u00e1mite del Registro de Conducir, es parte del proceso de modernizaci\u00f3n de la Municipalidad.<br \/>\nEn este marco, los tres cursos se realizan de manera online desde el apartado de Seguridad Vial en la p\u00e1gina oficial de la Naci\u00f3n, o a trav\u00e9s de\u00a0<a href=\"https:\/\/curso.seguridadvial.gob.ar\/ansv\/index.php\/\" target=\"_blank\" rel=\"noopener\">https:\/\/curso.seguridadvial.gob.ar\/ansv\/index.php\/<\/a><\/p>\n<figure class=\"embed\"><img decoding=\"async\" title=\"\" src=\"https:\/\/elonce-media2.elonce.com.ar\/fotos-nuevo\/2020\/10\/21\/o_1603293485.jpg\" alt=\"\" width=\"640\" \/><\/figure>\n<h4><b>Capacitaci\u00f3n en perspectiva de g\u00e9nero y violencia contra las mujeres<\/b><\/h4>\n<p>El requerimiento se enmarca en la Ordenanza N\u00b0 9947, donde se dispuso la implementaci\u00f3n de la capacitaci\u00f3n de manera obligatoria teniendo como objeto transversalizar la perspectiva de g\u00e9nero en el dise\u00f1o e implementaci\u00f3n de pol\u00edticas p\u00fablicas en los distintos sectores del \u00e1mbito municipal.<\/p>\n<p>Adem\u00e1s, se busca visibilizar y analizar las desigualdades entre los g\u00e9neros; promover el acceso a la informaci\u00f3n profesional en tem\u00e1tica de perspectiva de g\u00e9nero y violencia contra la mujer; promover la eliminaci\u00f3n de todo tipo de violencia de g\u00e9nero y conductas de discriminaci\u00f3n contra la mujer e identidades disidentes; promover la eliminaci\u00f3n de estereotipos de g\u00e9nero y conductas similares en el \u00e1mbito de la educaci\u00f3n y la seguridad vial; y promover la incorporaci\u00f3n de nuevas conductas tendientes a establecer nuevos c\u00f3digos de convivencia basados en la igualdad y el respeto mutuo de los ciudadanos y las ciudadanas.<\/p>\n<figure class=\"embed\"><img decoding=\"async\" title=\"\" src=\"https:\/\/elonce-media2.elonce.com.ar\/fotos-nuevo\/2019\/02\/12\/o_1549974942.jpg\" alt=\"\" width=\"640\" \/><\/figure>\n<h4><strong>Capacitaci\u00f3n estrellas amarillas<\/strong><\/h4>\n<p>A su vez, la incorporaci\u00f3n del s\u00edmbolo de Estrellas Amarillas en los ex\u00e1menes te\u00f3ricos para la obtenci\u00f3n de licencias, pretende que quienes realicen el curso adquieran el conocimiento acerca del s\u00edmbolo, su significado y alcance.<\/p>\n<h4><strong>Grupo y factor sangu\u00edneo<\/strong><\/h4>\n<p>Sumados a los cursos digitales, se comenzar\u00e1 a exigir, como requisito excluyente, la presentaci\u00f3n de una constancia de grupo y factor sangu\u00edneo para la emisi\u00f3n de licencias nuevas.<\/p>\n<p><b>CENAT<\/b><br \/>\nDesde Naci\u00f3n se fij\u00f3 el nuevo monto para el Certificado Nacional de Antecedentes de Tr\u00e1nsito (CENAT). El mismo ser\u00e1 de $600 (seiscientos pesos) y tambi\u00e9n comenzar\u00e1 a regir a partir del 1\u00b0 de agosto.refg<\/p>\n","protected":false},"excerpt":{"rendered":"<p>La Municipalidad de Paran\u00e1, inform\u00f3 que a partir del 1\u00b0 de agosto se exigir\u00e1, la realizaci\u00f3n de cursos sobre G\u00e9nero y Estrellas Amarillas a las nuevas licencias y renovaciones de mayores de 65 a\u00f1os. Los detalles.<\/p>\n","protected":false},"author":2,"featured_media":35232,"comment_status":"open","ping_status":"open","sticky":false,"template":"","format":"standard","meta":{"fifu_image_url":"","fifu_image_alt":"","footnotes":""},"categories":[7],"tags":[1617,1919],"class_list":{"0":"post-62942","1":"post","2":"type-post","3":"status-publish","4":"format-standard","5":"has-post-thumbnail","7":"category-nacionales","8":"tag-licencia-de-conducir","9":"tag-registro"},"yoast_head":"<title>Licencia de Conducir en Paran\u00e1: exigir\u00e1n hacer cursos sobre G\u00e9nero y Estrellas Amarillas - Informe Litoral<\/title>\n<meta name=\"robots\" content=\"index, follow, max-snippet:-1, max-image-preview:large, max-video-preview:-1\" \/>\n<link rel=\"canonical\" href=\"https:\/\/informelitoral.com.ar\/licencia-de-conducir-en-parana-exigiran-hacer-cursos-sobre-genero-y-estrellas-amarillas\/\" \/>\n<meta property=\"og:locale\" content=\"es_ES\" \/>\n<meta property=\"og:type\" content=\"article\" \/>\n<meta property=\"og:title\" content=\"Licencia de Conducir en Paran\u00e1: exigir\u00e1n hacer cursos sobre G\u00e9nero y Estrellas Amarillas - Informe Litoral\" \/>\n<meta property=\"og:description\" content=\"La Municipalidad de Paran\u00e1, inform\u00f3 que a partir del 1\u00b0 de agosto se exigir\u00e1, la realizaci\u00f3n de cursos sobre G\u00e9nero y Estrellas Amarillas a las nuevas licencias y renovaciones de mayores de 65 a\u00f1os. Los detalles.\" \/>\n<meta property=\"og:url\" content=\"https:\/\/informelitoral.com.ar\/licencia-de-conducir-en-parana-exigiran-hacer-cursos-sobre-genero-y-estrellas-amarillas\/\" \/>\n<meta property=\"og:site_name\" content=\"Informe Litoral\" \/>\n<meta property=\"article:publisher\" content=\"https:\/\/www.facebook.com\/informelitoral\/\" \/>\n<meta property=\"article:published_time\" content=\"2021-07-27T13:31:04+00:00\" \/>\n<meta property=\"og:image\" content=\"https:\/\/informelitoral.com.ar\/%77%70%2d%63%6f%6e%74%65%6e%74\/uploads\/2019\/07\/licencia-conducir.jpg\" \/>\n\t<meta property=\"og:image:width\" content=\"1400\" \/>\n\t<meta property=\"og:image:height\" content=\"800\" \/>\n\t<meta property=\"og:image:type\" content=\"image\/jpeg\" \/>\n<meta name=\"author\" content=\"Gonzalo Schmidt\" \/>\n<meta name=\"twitter:card\" content=\"summary_large_image\" \/>\n<meta name=\"twitter:creator\" content=\"@InformeLitoral\" \/>\n<meta name=\"twitter:site\" content=\"@InformeLitoral\" \/>\n<meta name=\"twitter:label1\" content=\"Escrito por\" \/>\n\t<meta name=\"twitter:data1\" content=\"Gonzalo Schmidt\" \/>\n\t<meta name=\"twitter:label2\" content=\"Tiempo de lectura\" \/>\n\t<meta name=\"twitter:data2\" content=\"2 minutos\" \/>\n<script type=\"application\/ld+json\" class=\"yoast-schema-graph\">{\"@context\":\"https:\\\/\\\/schema.org\",\"@graph\":[{\"@type\":\"Article\",\"@id\":\"https:\\\/\\\/informelitoral.com.ar\\\/licencia-de-conducir-en-parana-exigiran-hacer-cursos-sobre-genero-y-estrellas-amarillas\\\/#article\",\"isPartOf\":{\"@id\":\"https:\\\/\\\/informelitoral.com.ar\\\/licencia-de-conducir-en-parana-exigiran-hacer-cursos-sobre-genero-y-estrellas-amarillas\\\/\"},\"author\":{\"name\":\"Gonzalo Schmidt\",\"@id\":\"https:\\\/\\\/informelitoral.com.ar\\\/#\\\/schema\\\/person\\\/b9d00407c836482871ef1d57bf8e3180\"},\"headline\":\"Licencia de Conducir en Paran\u00e1: exigir\u00e1n hacer cursos sobre G\u00e9nero y Estrellas Amarillas\",\"datePublished\":\"2021-07-27T13:31:04+00:00\",\"mainEntityOfPage\":{\"@id\":\"https:\\\/\\\/informelitoral.com.ar\\\/licencia-de-conducir-en-parana-exigiran-hacer-cursos-sobre-genero-y-estrellas-amarillas\\\/\"},\"wordCount\":471,\"commentCount\":0,\"publisher\":{\"@id\":\"https:\\\/\\\/informelitoral.com.ar\\\/#organization\"},\"image\":{\"@id\":\"https:\\\/\\\/informelitoral.com.ar\\\/licencia-de-conducir-en-parana-exigiran-hacer-cursos-sobre-genero-y-estrellas-amarillas\\\/#primaryimage\"},\"thumbnailUrl\":\"https:\\\/\\\/informelitoral.com.ar\\\/%77%70%2d%63%6f%6e%74%65%6e%74\\\/uploads\\\/2019\\\/07\\\/licencia-conducir.jpg\",\"keywords\":[\"Licencia de conducir\",\"Registro\"],\"articleSection\":[\"Nacionales\"],\"inLanguage\":\"es\",\"potentialAction\":[{\"@type\":\"CommentAction\",\"name\":\"Comment\",\"target\":[\"https:\\\/\\\/informelitoral.com.ar\\\/licencia-de-conducir-en-parana-exigiran-hacer-cursos-sobre-genero-y-estrellas-amarillas\\\/#respond\"]}]},{\"@type\":\"WebPage\",\"@id\":\"https:\\\/\\\/informelitoral.com.ar\\\/licencia-de-conducir-en-parana-exigiran-hacer-cursos-sobre-genero-y-estrellas-amarillas\\\/\",\"url\":\"https:\\\/\\\/informelitoral.com.ar\\\/licencia-de-conducir-en-parana-exigiran-hacer-cursos-sobre-genero-y-estrellas-amarillas\\\/\",\"name\":\"Licencia de Conducir en Paran\u00e1: exigir\u00e1n hacer cursos sobre G\u00e9nero y Estrellas Amarillas - Informe Litoral\",\"isPartOf\":{\"@id\":\"https:\\\/\\\/informelitoral.com.ar\\\/#website\"},\"primaryImageOfPage\":{\"@id\":\"https:\\\/\\\/informelitoral.com.ar\\\/licencia-de-conducir-en-parana-exigiran-hacer-cursos-sobre-genero-y-estrellas-amarillas\\\/#primaryimage\"},\"image\":{\"@id\":\"https:\\\/\\\/informelitoral.com.ar\\\/licencia-de-conducir-en-parana-exigiran-hacer-cursos-sobre-genero-y-estrellas-amarillas\\\/#primaryimage\"},\"thumbnailUrl\":\"https:\\\/\\\/informelitoral.com.ar\\\/%77%70%2d%63%6f%6e%74%65%6e%74\\\/uploads\\\/2019\\\/07\\\/licencia-conducir.jpg\",\"datePublished\":\"2021-07-27T13:31:04+00:00\",\"breadcrumb\":{\"@id\":\"https:\\\/\\\/informelitoral.com.ar\\\/licencia-de-conducir-en-parana-exigiran-hacer-cursos-sobre-genero-y-estrellas-amarillas\\\/#breadcrumb\"},\"inLanguage\":\"es\",\"potentialAction\":[{\"@type\":\"ReadAction\",\"target\":[\"https:\\\/\\\/informelitoral.com.ar\\\/licencia-de-conducir-en-parana-exigiran-hacer-cursos-sobre-genero-y-estrellas-amarillas\\\/\"]}]},{\"@type\":\"ImageObject\",\"inLanguage\":\"es\",\"@id\":\"https:\\\/\\\/informelitoral.com.ar\\\/licencia-de-conducir-en-parana-exigiran-hacer-cursos-sobre-genero-y-estrellas-amarillas\\\/#primaryimage\",\"url\":\"https:\\\/\\\/informelitoral.com.ar\\\/%77%70%2d%63%6f%6e%74%65%6e%74\\\/uploads\\\/2019\\\/07\\\/licencia-conducir.jpg\",\"contentUrl\":\"https:\\\/\\\/informelitoral.com.ar\\\/%77%70%2d%63%6f%6e%74%65%6e%74\\\/uploads\\\/2019\\\/07\\\/licencia-conducir.jpg\",\"width\":1400,\"height\":800},{\"@type\":\"BreadcrumbList\",\"@id\":\"https:\\\/\\\/informelitoral.com.ar\\\/licencia-de-conducir-en-parana-exigiran-hacer-cursos-sobre-genero-y-estrellas-amarillas\\\/#breadcrumb\",\"itemListElement\":[{\"@type\":\"ListItem\",\"position\":1,\"name\":\"Portada\",\"item\":\"https:\\\/\\\/informelitoral.com.ar\\\/\"},{\"@type\":\"ListItem\",\"position\":2,\"name\":\"Licencia de Conducir en Paran\u00e1: exigir\u00e1n hacer cursos sobre G\u00e9nero y Estrellas Amarillas\"}]},{\"@type\":\"WebSite\",\"@id\":\"https:\\\/\\\/informelitoral.com.ar\\\/#website\",\"url\":\"https:\\\/\\\/informelitoral.com.ar\\\/\",\"name\":\"Informe Litoral\",\"description\":\"&quot;Nos informamos&quot; \",\"publisher\":{\"@id\":\"https:\\\/\\\/informelitoral.com.ar\\\/#organization\"},\"potentialAction\":[{\"@type\":\"SearchAction\",\"target\":{\"@type\":\"EntryPoint\",\"urlTemplate\":\"https:\\\/\\\/informelitoral.com.ar\\\/?s={search_term_string}\"},\"query-input\":{\"@type\":\"PropertyValueSpecification\",\"valueRequired\":true,\"valueName\":\"search_term_string\"}}],\"inLanguage\":\"es\"},{\"@type\":\"Organization\",\"@id\":\"https:\\\/\\\/informelitoral.com.ar\\\/#organization\",\"name\":\"Informe Litoral\",\"url\":\"https:\\\/\\\/informelitoral.com.ar\\\/\",\"logo\":{\"@type\":\"ImageObject\",\"inLanguage\":\"es\",\"@id\":\"https:\\\/\\\/informelitoral.com.ar\\\/#\\\/schema\\\/logo\\\/image\\\/\",\"url\":\"https:\\\/\\\/informelitoral.com.ar\\\/%77%70%2d%63%6f%6e%74%65%6e%74\\\/uploads\\\/2021\\\/01\\\/circulo.png\",\"contentUrl\":\"https:\\\/\\\/informelitoral.com.ar\\\/%77%70%2d%63%6f%6e%74%65%6e%74\\\/uploads\\\/2021\\\/01\\\/circulo.png\",\"width\":723,\"height\":731,\"caption\":\"Informe Litoral\"},\"image\":{\"@id\":\"https:\\\/\\\/informelitoral.com.ar\\\/#\\\/schema\\\/logo\\\/image\\\/\"},\"sameAs\":[\"https:\\\/\\\/www.facebook.com\\\/informelitoral\\\/\",\"https:\\\/\\\/x.com\\\/InformeLitoral\",\"https:\\\/\\\/www.instagram.com\\\/informelitoral\\\/\",\"https:\\\/\\\/www.youtube.com\\\/channel\\\/UCua4Qvz8Icb6MYqhoq9xLXw\"]},{\"@type\":\"Person\",\"@id\":\"https:\\\/\\\/informelitoral.com.ar\\\/#\\\/schema\\\/person\\\/b9d00407c836482871ef1d57bf8e3180\",\"name\":\"Gonzalo Schmidt\",\"image\":{\"@type\":\"ImageObject\",\"inLanguage\":\"es\",\"@id\":\"https:\\\/\\\/secure.gravatar.com\\\/avatar\\\/31a1a7b66ff2de83bd0e9fd79d026630d2d99e55e8bfe501287647b4fd9743de?s=96&d=mm&r=g\",\"url\":\"https:\\\/\\\/secure.gravatar.com\\\/avatar\\\/31a1a7b66ff2de83bd0e9fd79d026630d2d99e55e8bfe501287647b4fd9743de?s=96&d=mm&r=g\",\"contentUrl\":\"https:\\\/\\\/secure.gravatar.com\\\/avatar\\\/31a1a7b66ff2de83bd0e9fd79d026630d2d99e55e8bfe501287647b4fd9743de?s=96&d=mm&r=g\",\"caption\":\"Gonzalo Schmidt\"},\"description\":\"Sitio web de noticias de la provincia de Entre R\u00edos, Argentina. Informaci\u00f3n y entretenimiento. Informe Litoral, nos informamos.\",\"sameAs\":[\"http:\\\/\\\/www.isletasnoticias.com.ar\"],\"url\":\"https:\\\/\\\/informelitoral.com.ar\\\/author\\\/gonzalo\\\/\"}]}<\/script>","yoast_head_json":{"title":"Licencia de Conducir en Paran\u00e1: exigir\u00e1n hacer cursos sobre G\u00e9nero y Estrellas Amarillas - Informe Litoral","robots":{"index":"index","follow":"follow","max-snippet":"max-snippet:-1","max-image-preview":"max-image-preview:large","max-video-preview":"max-video-preview:-1"},"canonical":"https:\/\/informelitoral.com.ar\/licencia-de-conducir-en-parana-exigiran-hacer-cursos-sobre-genero-y-estrellas-amarillas\/","og_locale":"es_ES","og_type":"article","og_title":"Licencia de Conducir en Paran\u00e1: exigir\u00e1n hacer cursos sobre G\u00e9nero y Estrellas Amarillas - Informe Litoral","og_description":"La Municipalidad de Paran\u00e1, inform\u00f3 que a partir del 1\u00b0 de agosto se exigir\u00e1, la realizaci\u00f3n de cursos sobre G\u00e9nero y Estrellas Amarillas a las nuevas licencias y renovaciones de mayores de 65 a\u00f1os. Los detalles.","og_url":"https:\/\/informelitoral.com.ar\/licencia-de-conducir-en-parana-exigiran-hacer-cursos-sobre-genero-y-estrellas-amarillas\/","og_site_name":"Informe Litoral","article_publisher":"https:\/\/www.facebook.com\/informelitoral\/","article_published_time":"2021-07-27T13:31:04+00:00","og_image":[{"width":1400,"height":800,"url":"https:\/\/informelitoral.com.ar\/%77%70%2d%63%6f%6e%74%65%6e%74\/uploads\/2019\/07\/licencia-conducir.jpg","type":"image\/jpeg"}],"author":"Gonzalo Schmidt","twitter_card":"summary_large_image","twitter_creator":"@InformeLitoral","twitter_site":"@InformeLitoral","twitter_misc":{"Escrito por":"Gonzalo Schmidt","Tiempo de lectura":"2 minutos"},"schema":{"@context":"https:\/\/schema.org","@graph":[{"@type":"Article","@id":"https:\/\/informelitoral.com.ar\/licencia-de-conducir-en-parana-exigiran-hacer-cursos-sobre-genero-y-estrellas-amarillas\/#article","isPartOf":{"@id":"https:\/\/informelitoral.com.ar\/licencia-de-conducir-en-parana-exigiran-hacer-cursos-sobre-genero-y-estrellas-amarillas\/"},"author":{"name":"Gonzalo Schmidt","@id":"https:\/\/informelitoral.com.ar\/#\/schema\/person\/b9d00407c836482871ef1d57bf8e3180"},"headline":"Licencia de Conducir en Paran\u00e1: exigir\u00e1n hacer cursos sobre G\u00e9nero y Estrellas Amarillas","datePublished":"2021-07-27T13:31:04+00:00","mainEntityOfPage":{"@id":"https:\/\/informelitoral.com.ar\/licencia-de-conducir-en-parana-exigiran-hacer-cursos-sobre-genero-y-estrellas-amarillas\/"},"wordCount":471,"commentCount":0,"publisher":{"@id":"https:\/\/informelitoral.com.ar\/#organization"},"image":{"@id":"https:\/\/informelitoral.com.ar\/licencia-de-conducir-en-parana-exigiran-hacer-cursos-sobre-genero-y-estrellas-amarillas\/#primaryimage"},"thumbnailUrl":"https:\/\/informelitoral.com.ar\/%77%70%2d%63%6f%6e%74%65%6e%74\/uploads\/2019\/07\/licencia-conducir.jpg","keywords":["Licencia de conducir","Registro"],"articleSection":["Nacionales"],"inLanguage":"es","potentialAction":[{"@type":"CommentAction","name":"Comment","target":["https:\/\/informelitoral.com.ar\/licencia-de-conducir-en-parana-exigiran-hacer-cursos-sobre-genero-y-estrellas-amarillas\/#respond"]}]},{"@type":"WebPage","@id":"https:\/\/informelitoral.com.ar\/licencia-de-conducir-en-parana-exigiran-hacer-cursos-sobre-genero-y-estrellas-amarillas\/","url":"https:\/\/informelitoral.com.ar\/licencia-de-conducir-en-parana-exigiran-hacer-cursos-sobre-genero-y-estrellas-amarillas\/","name":"Licencia de Conducir en Paran\u00e1: exigir\u00e1n hacer cursos sobre G\u00e9nero y Estrellas Amarillas - Informe Litoral","isPartOf":{"@id":"https:\/\/informelitoral.com.ar\/#website"},"primaryImageOfPage":{"@id":"https:\/\/informelitoral.com.ar\/licencia-de-conducir-en-parana-exigiran-hacer-cursos-sobre-genero-y-estrellas-amarillas\/#primaryimage"},"image":{"@id":"https:\/\/informelitoral.com.ar\/licencia-de-conducir-en-parana-exigiran-hacer-cursos-sobre-genero-y-estrellas-amarillas\/#primaryimage"},"thumbnailUrl":"https:\/\/informelitoral.com.ar\/%77%70%2d%63%6f%6e%74%65%6e%74\/uploads\/2019\/07\/licencia-conducir.jpg","datePublished":"2021-07-27T13:31:04+00:00","breadcrumb":{"@id":"https:\/\/informelitoral.com.ar\/licencia-de-conducir-en-parana-exigiran-hacer-cursos-sobre-genero-y-estrellas-amarillas\/#breadcrumb"},"inLanguage":"es","potentialAction":[{"@type":"ReadAction","target":["https:\/\/informelitoral.com.ar\/licencia-de-conducir-en-parana-exigiran-hacer-cursos-sobre-genero-y-estrellas-amarillas\/"]}]},{"@type":"ImageObject","inLanguage":"es","@id":"https:\/\/informelitoral.com.ar\/licencia-de-conducir-en-parana-exigiran-hacer-cursos-sobre-genero-y-estrellas-amarillas\/#primaryimage","url":"https:\/\/informelitoral.com.ar\/%77%70%2d%63%6f%6e%74%65%6e%74\/uploads\/2019\/07\/licencia-conducir.jpg","contentUrl":"https:\/\/informelitoral.com.ar\/%77%70%2d%63%6f%6e%74%65%6e%74\/uploads\/2019\/07\/licencia-conducir.jpg","width":1400,"height":800},{"@type":"BreadcrumbList","@id":"https:\/\/informelitoral.com.ar\/licencia-de-conducir-en-parana-exigiran-hacer-cursos-sobre-genero-y-estrellas-amarillas\/#breadcrumb","itemListElement":[{"@type":"ListItem","position":1,"name":"Portada","item":"https:\/\/informelitoral.com.ar\/"},{"@type":"ListItem","position":2,"name":"Licencia de Conducir en Paran\u00e1: exigir\u00e1n hacer cursos sobre G\u00e9nero y Estrellas Amarillas"}]},{"@type":"WebSite","@id":"https:\/\/informelitoral.com.ar\/#website","url":"https:\/\/informelitoral.com.ar\/","name":"Informe Litoral","description":"&quot;Nos informamos&quot; ","publisher":{"@id":"https:\/\/informelitoral.com.ar\/#organization"},"potentialAction":[{"@type":"SearchAction","target":{"@type":"EntryPoint","urlTemplate":"https:\/\/informelitoral.com.ar\/?s={search_term_string}"},"query-input":{"@type":"PropertyValueSpecification","valueRequired":true,"valueName":"search_term_string"}}],"inLanguage":"es"},{"@type":"Organization","@id":"https:\/\/informelitoral.com.ar\/#organization","name":"Informe Litoral","url":"https:\/\/informelitoral.com.ar\/","logo":{"@type":"ImageObject","inLanguage":"es","@id":"https:\/\/informelitoral.com.ar\/#\/schema\/logo\/image\/","url":"https:\/\/informelitoral.com.ar\/%77%70%2d%63%6f%6e%74%65%6e%74\/uploads\/2021\/01\/circulo.png","contentUrl":"https:\/\/informelitoral.com.ar\/%77%70%2d%63%6f%6e%74%65%6e%74\/uploads\/2021\/01\/circulo.png","width":723,"height":731,"caption":"Informe Litoral"},"image":{"@id":"https:\/\/informelitoral.com.ar\/#\/schema\/logo\/image\/"},"sameAs":["https:\/\/www.facebook.com\/informelitoral\/","https:\/\/x.com\/InformeLitoral","https:\/\/www.instagram.com\/informelitoral\/","https:\/\/www.youtube.com\/channel\/UCua4Qvz8Icb6MYqhoq9xLXw"]},{"@type":"Person","@id":"https:\/\/informelitoral.com.ar\/#\/schema\/person\/b9d00407c836482871ef1d57bf8e3180","name":"Gonzalo Schmidt","image":{"@type":"ImageObject","inLanguage":"es","@id":"https:\/\/secure.gravatar.com\/avatar\/31a1a7b66ff2de83bd0e9fd79d026630d2d99e55e8bfe501287647b4fd9743de?s=96&d=mm&r=g","url":"https:\/\/secure.gravatar.com\/avatar\/31a1a7b66ff2de83bd0e9fd79d026630d2d99e55e8bfe501287647b4fd9743de?s=96&d=mm&r=g","contentUrl":"https:\/\/secure.gravatar.com\/avatar\/31a1a7b66ff2de83bd0e9fd79d026630d2d99e55e8bfe501287647b4fd9743de?s=96&d=mm&r=g","caption":"Gonzalo Schmidt"},"description":"Sitio web de noticias de la provincia de Entre R\u00edos, Argentina. Informaci\u00f3n y entretenimiento. Informe Litoral, nos informamos.","sameAs":["http:\/\/www.isletasnoticias.com.ar"],"url":"https:\/\/informelitoral.com.ar\/author\/gonzalo\/"}]}},"_links":{"self":[{"href":"https:\/\/informelitoral.com.ar\/%77%70%2d%6a%73%6f%6e\/wp\/v2\/posts\/62942","targetHints":{"allow":["GET"]}}],"collection":[{"href":"https:\/\/informelitoral.com.ar\/%77%70%2d%6a%73%6f%6e\/wp\/v2\/posts"}],"about":[{"href":"https:\/\/informelitoral.com.ar\/%77%70%2d%6a%73%6f%6e\/wp\/v2\/types\/post"}],"author":[{"embeddable":true,"href":"https:\/\/informelitoral.com.ar\/%77%70%2d%6a%73%6f%6e\/wp\/v2\/users\/2"}],"replies":[{"embeddable":true,"href":"https:\/\/informelitoral.com.ar\/%77%70%2d%6a%73%6f%6e\/wp\/v2\/comments?post=62942"}],"version-history":[{"count":0,"href":"https:\/\/informelitoral.com.ar\/%77%70%2d%6a%73%6f%6e\/wp\/v2\/posts\/62942\/revisions"}],"wp:featuredmedia":[{"embeddable":true,"href":"https:\/\/informelitoral.com.ar\/%77%70%2d%6a%73%6f%6e\/wp\/v2\/media\/35232"}],"wp:attachment":[{"href":"https:\/\/informelitoral.com.ar\/%77%70%2d%6a%73%6f%6e\/wp\/v2\/media?parent=62942"}],"wp:term":[{"taxonomy":"category","embeddable":true,"href":"https:\/\/informelitoral.com.ar\/%77%70%2d%6a%73%6f%6e\/wp\/v2\/categories?post=62942"},{"taxonomy":"post_tag","embeddable":true,"href":"https:\/\/informelitoral.com.ar\/%77%70%2d%6a%73%6f%6e\/wp\/v2\/tags?post=62942"}],"curies":[{"name":"wp","href":"https:\/\/api.w.org\/{rel}","templated":true}]}}