{"id":62920,"date":"2021-07-26T18:41:15","date_gmt":"2021-07-26T21:41:15","guid":{"rendered":"https:\/\/www.informelitoral.com.ar\/?p=62920"},"modified":"2021-07-26T18:41:47","modified_gmt":"2021-07-26T21:41:47","slug":"concordia-es-la-primera-posta-electoral-de-galimberti-salinas-y-schneider","status":"publish","type":"post","link":"https:\/\/informelitoral.com.ar\/concordia-es-la-primera-posta-electoral-de-galimberti-salinas-y-schneider\/","title":{"rendered":"Concordia es la primera posta electoral de Galimberti, Salinas y Schneider"},"content":{"rendered":"<p><a href=\"https:\/\/www.informelitoral.com.ar\/entre-rios-cambia-presento-su-lista-de-precandidatos-a-diputados-nacionales\/\">Luego de su presentaci\u00f3n el s\u00e1bado, en la capital provincial, \u00abEntre R\u00edos Cambia\u00bb<\/a> tiene su primera posta electoral en Concordia. Ser\u00e1 este martes 27 de julio. All\u00ed estar\u00e1n los tres primeros candidatos titulares que competir\u00e1n en las primarias del 12 de septiembre: Pedro Galimberti, Mariana Salinas y Dar\u00edo Schneider. Lo har\u00e1n en compa\u00f1\u00eda de dirigentes de la Uni\u00f3n C\u00edvica Radical y del PRO de la capital del citrus. La cita es a las 16:30, en la Pizzer\u00eda \u00abEl Reloj del Centro\u00bb, ubicada en Pellegrini 580.<\/p>\n<p>Antes de esta actividad los candidatos de Juntos por el Cambio compartir\u00e1n una reuni\u00f3n con dirigentes de su espacio en la sede del Comit\u00e9 radical de calle Pellegrini 535. All\u00ed estar\u00e1n presentes representantes de Puerto Yeru\u00e1, Estaci\u00f3n Yeru\u00e1, Los Charr\u00faas y La Criolla, entre otros. Luego de la conferencia, por su parte, mantendr\u00e1n una reuni\u00f3n con comerciantes y trabajadores locales. En este \u00faltimo caso la idea es socializar las propuestas de la lista y escuchar las problem\u00e1ticas sectoriales.<\/p>\n<p>\u00abConcordia tiene, para nosotros, una importancia estrat\u00e9gica. No es la primera vez que estaremos all\u00ed. Con Dar\u00edo ya lo hicimos en al menos dos ocasiones y ahora estaremos nuevamente para presentar la lista completa, con la incorporaci\u00f3n de Mariana Salinas, que se integr\u00f3 como representante del PRO, del espacio de Roberto Niez\u00bb, anticip\u00f3 Galimberti.<\/p>\n<p>\u00abEstamos muy satisfechos con la integraci\u00f3n de la lista y vamos a realizar una elecci\u00f3n competitiva en todos los departamentos de la provincia\u00bb, augur\u00f3 el presidente municipal de Chajar\u00ed.<\/p>\n","protected":false},"excerpt":{"rendered":"<p>Este martes, 27 de julio, a las 16:30, realizar\u00e1n una conferencia de prensa en la Pizzer\u00eda \u00abEl Reloj del Centro\u00bb, ubicada en Pellegrini 580.<\/p>\n","protected":false},"author":2,"featured_media":62921,"comment_status":"open","ping_status":"open","sticky":false,"template":"","format":"standard","meta":{"fifu_image_url":"","fifu_image_alt":"","footnotes":""},"categories":[16],"tags":[1521,2254,2313],"class_list":{"0":"post-62920","1":"post","2":"type-post","3":"status-publish","4":"format-standard","5":"has-post-thumbnail","7":"category-politi","8":"tag-dario-schneider","9":"tag-elecciones-2021","10":"tag-pedro-galimberti"},"yoast_head":"<title>Concordia es la primera posta electoral de Galimberti, Salinas y Schneider - Informe Litoral<\/title>\n<meta name=\"robots\" content=\"index, follow, max-snippet:-1, max-image-preview:large, max-video-preview:-1\" \/>\n<link rel=\"canonical\" href=\"https:\/\/informelitoral.com.ar\/concordia-es-la-primera-posta-electoral-de-galimberti-salinas-y-schneider\/\" \/>\n<meta property=\"og:locale\" content=\"es_ES\" \/>\n<meta property=\"og:type\" content=\"article\" \/>\n<meta property=\"og:title\" content=\"Concordia es la primera posta electoral de Galimberti, Salinas y Schneider - Informe Litoral\" \/>\n<meta property=\"og:description\" content=\"Este martes, 27 de julio, a las 16:30, realizar\u00e1n una conferencia de prensa en la Pizzer\u00eda &quot;El Reloj del Centro&quot;, ubicada en Pellegrini 580.\" \/>\n<meta property=\"og:url\" content=\"https:\/\/informelitoral.com.ar\/concordia-es-la-primera-posta-electoral-de-galimberti-salinas-y-schneider\/\" \/>\n<meta property=\"og:site_name\" content=\"Informe Litoral\" \/>\n<meta property=\"article:publisher\" content=\"https:\/\/www.facebook.com\/informelitoral\/\" \/>\n<meta property=\"article:published_time\" content=\"2021-07-26T21:41:15+00:00\" \/>\n<meta property=\"article:modified_time\" content=\"2021-07-26T21:41:47+00:00\" \/>\n<meta property=\"og:image\" content=\"https:\/\/informelitoral.com.ar\/%77%70%2d%63%6f%6e%74%65%6e%74\/uploads\/2021\/07\/Schneider-Galimberti-Salinas.jpg\" \/>\n\t<meta property=\"og:image:width\" content=\"1280\" \/>\n\t<meta property=\"og:image:height\" content=\"892\" \/>\n\t<meta property=\"og:image:type\" content=\"image\/jpeg\" \/>\n<meta name=\"author\" content=\"Gonzalo Schmidt\" \/>\n<meta name=\"twitter:card\" content=\"summary_large_image\" \/>\n<meta name=\"twitter:creator\" content=\"@InformeLitoral\" \/>\n<meta name=\"twitter:site\" content=\"@InformeLitoral\" \/>\n<meta name=\"twitter:label1\" content=\"Escrito por\" \/>\n\t<meta name=\"twitter:data1\" content=\"Gonzalo Schmidt\" \/>\n\t<meta name=\"twitter:label2\" content=\"Tiempo de lectura\" \/>\n\t<meta name=\"twitter:data2\" content=\"1 minuto\" \/>\n<script type=\"application\/ld+json\" class=\"yoast-schema-graph\">{\"@context\":\"https:\\\/\\\/schema.org\",\"@graph\":[{\"@type\":\"Article\",\"@id\":\"https:\\\/\\\/informelitoral.com.ar\\\/concordia-es-la-primera-posta-electoral-de-galimberti-salinas-y-schneider\\\/#article\",\"isPartOf\":{\"@id\":\"https:\\\/\\\/informelitoral.com.ar\\\/concordia-es-la-primera-posta-electoral-de-galimberti-salinas-y-schneider\\\/\"},\"author\":{\"name\":\"Gonzalo Schmidt\",\"@id\":\"https:\\\/\\\/informelitoral.com.ar\\\/#\\\/schema\\\/person\\\/b9d00407c836482871ef1d57bf8e3180\"},\"headline\":\"Concordia es la primera posta electoral de Galimberti, Salinas y Schneider\",\"datePublished\":\"2021-07-26T21:41:15+00:00\",\"dateModified\":\"2021-07-26T21:41:47+00:00\",\"mainEntityOfPage\":{\"@id\":\"https:\\\/\\\/informelitoral.com.ar\\\/concordia-es-la-primera-posta-electoral-de-galimberti-salinas-y-schneider\\\/\"},\"wordCount\":276,\"commentCount\":0,\"publisher\":{\"@id\":\"https:\\\/\\\/informelitoral.com.ar\\\/#organization\"},\"image\":{\"@id\":\"https:\\\/\\\/informelitoral.com.ar\\\/concordia-es-la-primera-posta-electoral-de-galimberti-salinas-y-schneider\\\/#primaryimage\"},\"thumbnailUrl\":\"https:\\\/\\\/informelitoral.com.ar\\\/%77%70%2d%63%6f%6e%74%65%6e%74\\\/uploads\\\/2021\\\/07\\\/Schneider-Galimberti-Salinas.jpg\",\"keywords\":[\"Dar\u00edo Schneider\",\"Elecciones 2021\",\"Pedro Galimberti\"],\"articleSection\":[\"Politica\"],\"inLanguage\":\"es\",\"potentialAction\":[{\"@type\":\"CommentAction\",\"name\":\"Comment\",\"target\":[\"https:\\\/\\\/informelitoral.com.ar\\\/concordia-es-la-primera-posta-electoral-de-galimberti-salinas-y-schneider\\\/#respond\"]}]},{\"@type\":\"WebPage\",\"@id\":\"https:\\\/\\\/informelitoral.com.ar\\\/concordia-es-la-primera-posta-electoral-de-galimberti-salinas-y-schneider\\\/\",\"url\":\"https:\\\/\\\/informelitoral.com.ar\\\/concordia-es-la-primera-posta-electoral-de-galimberti-salinas-y-schneider\\\/\",\"name\":\"Concordia es la primera posta electoral de Galimberti, Salinas y Schneider - Informe Litoral\",\"isPartOf\":{\"@id\":\"https:\\\/\\\/informelitoral.com.ar\\\/#website\"},\"primaryImageOfPage\":{\"@id\":\"https:\\\/\\\/informelitoral.com.ar\\\/concordia-es-la-primera-posta-electoral-de-galimberti-salinas-y-schneider\\\/#primaryimage\"},\"image\":{\"@id\":\"https:\\\/\\\/informelitoral.com.ar\\\/concordia-es-la-primera-posta-electoral-de-galimberti-salinas-y-schneider\\\/#primaryimage\"},\"thumbnailUrl\":\"https:\\\/\\\/informelitoral.com.ar\\\/%77%70%2d%63%6f%6e%74%65%6e%74\\\/uploads\\\/2021\\\/07\\\/Schneider-Galimberti-Salinas.jpg\",\"datePublished\":\"2021-07-26T21:41:15+00:00\",\"dateModified\":\"2021-07-26T21:41:47+00:00\",\"breadcrumb\":{\"@id\":\"https:\\\/\\\/informelitoral.com.ar\\\/concordia-es-la-primera-posta-electoral-de-galimberti-salinas-y-schneider\\\/#breadcrumb\"},\"inLanguage\":\"es\",\"potentialAction\":[{\"@type\":\"ReadAction\",\"target\":[\"https:\\\/\\\/informelitoral.com.ar\\\/concordia-es-la-primera-posta-electoral-de-galimberti-salinas-y-schneider\\\/\"]}]},{\"@type\":\"ImageObject\",\"inLanguage\":\"es\",\"@id\":\"https:\\\/\\\/informelitoral.com.ar\\\/concordia-es-la-primera-posta-electoral-de-galimberti-salinas-y-schneider\\\/#primaryimage\",\"url\":\"https:\\\/\\\/informelitoral.com.ar\\\/%77%70%2d%63%6f%6e%74%65%6e%74\\\/uploads\\\/2021\\\/07\\\/Schneider-Galimberti-Salinas.jpg\",\"contentUrl\":\"https:\\\/\\\/informelitoral.com.ar\\\/%77%70%2d%63%6f%6e%74%65%6e%74\\\/uploads\\\/2021\\\/07\\\/Schneider-Galimberti-Salinas.jpg\",\"width\":1280,\"height\":892},{\"@type\":\"BreadcrumbList\",\"@id\":\"https:\\\/\\\/informelitoral.com.ar\\\/concordia-es-la-primera-posta-electoral-de-galimberti-salinas-y-schneider\\\/#breadcrumb\",\"itemListElement\":[{\"@type\":\"ListItem\",\"position\":1,\"name\":\"Portada\",\"item\":\"https:\\\/\\\/informelitoral.com.ar\\\/\"},{\"@type\":\"ListItem\",\"position\":2,\"name\":\"Concordia es la primera posta electoral de Galimberti, Salinas y Schneider\"}]},{\"@type\":\"WebSite\",\"@id\":\"https:\\\/\\\/informelitoral.com.ar\\\/#website\",\"url\":\"https:\\\/\\\/informelitoral.com.ar\\\/\",\"name\":\"Informe Litoral\",\"description\":\"&quot;Nos informamos&quot; \",\"publisher\":{\"@id\":\"https:\\\/\\\/informelitoral.com.ar\\\/#organization\"},\"potentialAction\":[{\"@type\":\"SearchAction\",\"target\":{\"@type\":\"EntryPoint\",\"urlTemplate\":\"https:\\\/\\\/informelitoral.com.ar\\\/?s={search_term_string}\"},\"query-input\":{\"@type\":\"PropertyValueSpecification\",\"valueRequired\":true,\"valueName\":\"search_term_string\"}}],\"inLanguage\":\"es\"},{\"@type\":\"Organization\",\"@id\":\"https:\\\/\\\/informelitoral.com.ar\\\/#organization\",\"name\":\"Informe Litoral\",\"url\":\"https:\\\/\\\/informelitoral.com.ar\\\/\",\"logo\":{\"@type\":\"ImageObject\",\"inLanguage\":\"es\",\"@id\":\"https:\\\/\\\/informelitoral.com.ar\\\/#\\\/schema\\\/logo\\\/image\\\/\",\"url\":\"https:\\\/\\\/informelitoral.com.ar\\\/%77%70%2d%63%6f%6e%74%65%6e%74\\\/uploads\\\/2021\\\/01\\\/circulo.png\",\"contentUrl\":\"https:\\\/\\\/informelitoral.com.ar\\\/%77%70%2d%63%6f%6e%74%65%6e%74\\\/uploads\\\/2021\\\/01\\\/circulo.png\",\"width\":723,\"height\":731,\"caption\":\"Informe Litoral\"},\"image\":{\"@id\":\"https:\\\/\\\/informelitoral.com.ar\\\/#\\\/schema\\\/logo\\\/image\\\/\"},\"sameAs\":[\"https:\\\/\\\/www.facebook.com\\\/informelitoral\\\/\",\"https:\\\/\\\/x.com\\\/InformeLitoral\",\"https:\\\/\\\/www.instagram.com\\\/informelitoral\\\/\",\"https:\\\/\\\/www.youtube.com\\\/channel\\\/UCua4Qvz8Icb6MYqhoq9xLXw\"]},{\"@type\":\"Person\",\"@id\":\"https:\\\/\\\/informelitoral.com.ar\\\/#\\\/schema\\\/person\\\/b9d00407c836482871ef1d57bf8e3180\",\"name\":\"Gonzalo Schmidt\",\"image\":{\"@type\":\"ImageObject\",\"inLanguage\":\"es\",\"@id\":\"https:\\\/\\\/secure.gravatar.com\\\/avatar\\\/31a1a7b66ff2de83bd0e9fd79d026630d2d99e55e8bfe501287647b4fd9743de?s=96&d=mm&r=g\",\"url\":\"https:\\\/\\\/secure.gravatar.com\\\/avatar\\\/31a1a7b66ff2de83bd0e9fd79d026630d2d99e55e8bfe501287647b4fd9743de?s=96&d=mm&r=g\",\"contentUrl\":\"https:\\\/\\\/secure.gravatar.com\\\/avatar\\\/31a1a7b66ff2de83bd0e9fd79d026630d2d99e55e8bfe501287647b4fd9743de?s=96&d=mm&r=g\",\"caption\":\"Gonzalo Schmidt\"},\"description\":\"Sitio web de noticias de la provincia de Entre R\u00edos, Argentina. Informaci\u00f3n y entretenimiento. Informe Litoral, nos informamos.\",\"sameAs\":[\"http:\\\/\\\/www.isletasnoticias.com.ar\"],\"url\":\"https:\\\/\\\/informelitoral.com.ar\\\/author\\\/gonzalo\\\/\"}]}<\/script>","yoast_head_json":{"title":"Concordia es la primera posta electoral de Galimberti, Salinas y Schneider - Informe Litoral","robots":{"index":"index","follow":"follow","max-snippet":"max-snippet:-1","max-image-preview":"max-image-preview:large","max-video-preview":"max-video-preview:-1"},"canonical":"https:\/\/informelitoral.com.ar\/concordia-es-la-primera-posta-electoral-de-galimberti-salinas-y-schneider\/","og_locale":"es_ES","og_type":"article","og_title":"Concordia es la primera posta electoral de Galimberti, Salinas y Schneider - Informe Litoral","og_description":"Este martes, 27 de julio, a las 16:30, realizar\u00e1n una conferencia de prensa en la Pizzer\u00eda \"El Reloj del Centro\", ubicada en Pellegrini 580.","og_url":"https:\/\/informelitoral.com.ar\/concordia-es-la-primera-posta-electoral-de-galimberti-salinas-y-schneider\/","og_site_name":"Informe Litoral","article_publisher":"https:\/\/www.facebook.com\/informelitoral\/","article_published_time":"2021-07-26T21:41:15+00:00","article_modified_time":"2021-07-26T21:41:47+00:00","og_image":[{"width":1280,"height":892,"url":"https:\/\/informelitoral.com.ar\/%77%70%2d%63%6f%6e%74%65%6e%74\/uploads\/2021\/07\/Schneider-Galimberti-Salinas.jpg","type":"image\/jpeg"}],"author":"Gonzalo Schmidt","twitter_card":"summary_large_image","twitter_creator":"@InformeLitoral","twitter_site":"@InformeLitoral","twitter_misc":{"Escrito por":"Gonzalo Schmidt","Tiempo de lectura":"1 minuto"},"schema":{"@context":"https:\/\/schema.org","@graph":[{"@type":"Article","@id":"https:\/\/informelitoral.com.ar\/concordia-es-la-primera-posta-electoral-de-galimberti-salinas-y-schneider\/#article","isPartOf":{"@id":"https:\/\/informelitoral.com.ar\/concordia-es-la-primera-posta-electoral-de-galimberti-salinas-y-schneider\/"},"author":{"name":"Gonzalo Schmidt","@id":"https:\/\/informelitoral.com.ar\/#\/schema\/person\/b9d00407c836482871ef1d57bf8e3180"},"headline":"Concordia es la primera posta electoral de Galimberti, Salinas y Schneider","datePublished":"2021-07-26T21:41:15+00:00","dateModified":"2021-07-26T21:41:47+00:00","mainEntityOfPage":{"@id":"https:\/\/informelitoral.com.ar\/concordia-es-la-primera-posta-electoral-de-galimberti-salinas-y-schneider\/"},"wordCount":276,"commentCount":0,"publisher":{"@id":"https:\/\/informelitoral.com.ar\/#organization"},"image":{"@id":"https:\/\/informelitoral.com.ar\/concordia-es-la-primera-posta-electoral-de-galimberti-salinas-y-schneider\/#primaryimage"},"thumbnailUrl":"https:\/\/informelitoral.com.ar\/%77%70%2d%63%6f%6e%74%65%6e%74\/uploads\/2021\/07\/Schneider-Galimberti-Salinas.jpg","keywords":["Dar\u00edo Schneider","Elecciones 2021","Pedro Galimberti"],"articleSection":["Politica"],"inLanguage":"es","potentialAction":[{"@type":"CommentAction","name":"Comment","target":["https:\/\/informelitoral.com.ar\/concordia-es-la-primera-posta-electoral-de-galimberti-salinas-y-schneider\/#respond"]}]},{"@type":"WebPage","@id":"https:\/\/informelitoral.com.ar\/concordia-es-la-primera-posta-electoral-de-galimberti-salinas-y-schneider\/","url":"https:\/\/informelitoral.com.ar\/concordia-es-la-primera-posta-electoral-de-galimberti-salinas-y-schneider\/","name":"Concordia es la primera posta electoral de Galimberti, Salinas y Schneider - Informe Litoral","isPartOf":{"@id":"https:\/\/informelitoral.com.ar\/#website"},"primaryImageOfPage":{"@id":"https:\/\/informelitoral.com.ar\/concordia-es-la-primera-posta-electoral-de-galimberti-salinas-y-schneider\/#primaryimage"},"image":{"@id":"https:\/\/informelitoral.com.ar\/concordia-es-la-primera-posta-electoral-de-galimberti-salinas-y-schneider\/#primaryimage"},"thumbnailUrl":"https:\/\/informelitoral.com.ar\/%77%70%2d%63%6f%6e%74%65%6e%74\/uploads\/2021\/07\/Schneider-Galimberti-Salinas.jpg","datePublished":"2021-07-26T21:41:15+00:00","dateModified":"2021-07-26T21:41:47+00:00","breadcrumb":{"@id":"https:\/\/informelitoral.com.ar\/concordia-es-la-primera-posta-electoral-de-galimberti-salinas-y-schneider\/#breadcrumb"},"inLanguage":"es","potentialAction":[{"@type":"ReadAction","target":["https:\/\/informelitoral.com.ar\/concordia-es-la-primera-posta-electoral-de-galimberti-salinas-y-schneider\/"]}]},{"@type":"ImageObject","inLanguage":"es","@id":"https:\/\/informelitoral.com.ar\/concordia-es-la-primera-posta-electoral-de-galimberti-salinas-y-schneider\/#primaryimage","url":"https:\/\/informelitoral.com.ar\/%77%70%2d%63%6f%6e%74%65%6e%74\/uploads\/2021\/07\/Schneider-Galimberti-Salinas.jpg","contentUrl":"https:\/\/informelitoral.com.ar\/%77%70%2d%63%6f%6e%74%65%6e%74\/uploads\/2021\/07\/Schneider-Galimberti-Salinas.jpg","width":1280,"height":892},{"@type":"BreadcrumbList","@id":"https:\/\/informelitoral.com.ar\/concordia-es-la-primera-posta-electoral-de-galimberti-salinas-y-schneider\/#breadcrumb","itemListElement":[{"@type":"ListItem","position":1,"name":"Portada","item":"https:\/\/informelitoral.com.ar\/"},{"@type":"ListItem","position":2,"name":"Concordia es la primera posta electoral de Galimberti, Salinas y Schneider"}]},{"@type":"WebSite","@id":"https:\/\/informelitoral.com.ar\/#website","url":"https:\/\/informelitoral.com.ar\/","name":"Informe Litoral","description":"&quot;Nos informamos&quot; ","publisher":{"@id":"https:\/\/informelitoral.com.ar\/#organization"},"potentialAction":[{"@type":"SearchAction","target":{"@type":"EntryPoint","urlTemplate":"https:\/\/informelitoral.com.ar\/?s={search_term_string}"},"query-input":{"@type":"PropertyValueSpecification","valueRequired":true,"valueName":"search_term_string"}}],"inLanguage":"es"},{"@type":"Organization","@id":"https:\/\/informelitoral.com.ar\/#organization","name":"Informe Litoral","url":"https:\/\/informelitoral.com.ar\/","logo":{"@type":"ImageObject","inLanguage":"es","@id":"https:\/\/informelitoral.com.ar\/#\/schema\/logo\/image\/","url":"https:\/\/informelitoral.com.ar\/%77%70%2d%63%6f%6e%74%65%6e%74\/uploads\/2021\/01\/circulo.png","contentUrl":"https:\/\/informelitoral.com.ar\/%77%70%2d%63%6f%6e%74%65%6e%74\/uploads\/2021\/01\/circulo.png","width":723,"height":731,"caption":"Informe Litoral"},"image":{"@id":"https:\/\/informelitoral.com.ar\/#\/schema\/logo\/image\/"},"sameAs":["https:\/\/www.facebook.com\/informelitoral\/","https:\/\/x.com\/InformeLitoral","https:\/\/www.instagram.com\/informelitoral\/","https:\/\/www.youtube.com\/channel\/UCua4Qvz8Icb6MYqhoq9xLXw"]},{"@type":"Person","@id":"https:\/\/informelitoral.com.ar\/#\/schema\/person\/b9d00407c836482871ef1d57bf8e3180","name":"Gonzalo Schmidt","image":{"@type":"ImageObject","inLanguage":"es","@id":"https:\/\/secure.gravatar.com\/avatar\/31a1a7b66ff2de83bd0e9fd79d026630d2d99e55e8bfe501287647b4fd9743de?s=96&d=mm&r=g","url":"https:\/\/secure.gravatar.com\/avatar\/31a1a7b66ff2de83bd0e9fd79d026630d2d99e55e8bfe501287647b4fd9743de?s=96&d=mm&r=g","contentUrl":"https:\/\/secure.gravatar.com\/avatar\/31a1a7b66ff2de83bd0e9fd79d026630d2d99e55e8bfe501287647b4fd9743de?s=96&d=mm&r=g","caption":"Gonzalo Schmidt"},"description":"Sitio web de noticias de la provincia de Entre R\u00edos, Argentina. Informaci\u00f3n y entretenimiento. Informe Litoral, nos informamos.","sameAs":["http:\/\/www.isletasnoticias.com.ar"],"url":"https:\/\/informelitoral.com.ar\/author\/gonzalo\/"}]}},"_links":{"self":[{"href":"https:\/\/informelitoral.com.ar\/%77%70%2d%6a%73%6f%6e\/wp\/v2\/posts\/62920","targetHints":{"allow":["GET"]}}],"collection":[{"href":"https:\/\/informelitoral.com.ar\/%77%70%2d%6a%73%6f%6e\/wp\/v2\/posts"}],"about":[{"href":"https:\/\/informelitoral.com.ar\/%77%70%2d%6a%73%6f%6e\/wp\/v2\/types\/post"}],"author":[{"embeddable":true,"href":"https:\/\/informelitoral.com.ar\/%77%70%2d%6a%73%6f%6e\/wp\/v2\/users\/2"}],"replies":[{"embeddable":true,"href":"https:\/\/informelitoral.com.ar\/%77%70%2d%6a%73%6f%6e\/wp\/v2\/comments?post=62920"}],"version-history":[{"count":0,"href":"https:\/\/informelitoral.com.ar\/%77%70%2d%6a%73%6f%6e\/wp\/v2\/posts\/62920\/revisions"}],"wp:featuredmedia":[{"embeddable":true,"href":"https:\/\/informelitoral.com.ar\/%77%70%2d%6a%73%6f%6e\/wp\/v2\/media\/62921"}],"wp:attachment":[{"href":"https:\/\/informelitoral.com.ar\/%77%70%2d%6a%73%6f%6e\/wp\/v2\/media?parent=62920"}],"wp:term":[{"taxonomy":"category","embeddable":true,"href":"https:\/\/informelitoral.com.ar\/%77%70%2d%6a%73%6f%6e\/wp\/v2\/categories?post=62920"},{"taxonomy":"post_tag","embeddable":true,"href":"https:\/\/informelitoral.com.ar\/%77%70%2d%6a%73%6f%6e\/wp\/v2\/tags?post=62920"}],"curies":[{"name":"wp","href":"https:\/\/api.w.org\/{rel}","templated":true}]}}