{"id":6292,"date":"2014-03-26T15:58:04","date_gmt":"2014-03-26T18:58:04","guid":{"rendered":"http:\/\/www.isletasnoticias.com.ar\/?p=6292"},"modified":"2014-03-26T18:47:03","modified_gmt":"2014-03-26T21:47:03","slug":"ramirez-en-plena-apertura-de-sesiones-un-concejal-bustista-se-paso-al-ofialismo","status":"publish","type":"post","link":"https:\/\/informelitoral.com.ar\/ramirez-en-plena-apertura-de-sesiones-un-concejal-bustista-se-paso-al-ofialismo\/","title":{"rendered":"Ram\u00edrez: en plena apertura de sesiones, un concejal bustista se pas\u00f3 al oficialismo"},"content":{"rendered":"<p><strong>Se trata del edil<em> Fabi\u00e1n Erhardt<\/em>, quien este martes por la noche dej\u00f3 de pertenecer al FEF -ahora Frente Renovador Entrerriano-. La decisi\u00f3n se habr\u00eda tomado por diferencias con los dirigentes de su partido. En el entorno de Mantovani hay enojo y hasta se hablar\u00eda de \u00abtraici\u00f3n\u00bb.<\/strong><\/p>\n<p style=\"text-align: center;\"><a href=\"http:\/\/www.isletasnoticias.com.ar\/%77%70%2d%63%6f%6e%74%65%6e%74\/uploads\/2014\/03\/380754_242051972581131_41329635_n.jpg\"><img loading=\"lazy\" decoding=\"async\" class=\"aligncenter  wp-image-6293\" title=\"Cuando Mantovani (izq.) y Erhardt (der.) todav\u00eda eran amigos. \" alt=\"Cuando Mantovani (izq.) y Erhardt (der.) todav\u00eda eran amigos. \" src=\"http:\/\/www.isletasnoticias.com.ar\/%77%70%2d%63%6f%6e%74%65%6e%74\/uploads\/2014\/03\/380754_242051972581131_41329635_n-300x225.jpg\" width=\"500\" height=\"300\" \/><\/a><\/p>\n<p>En pleno acto de apertura de sesiones del HCD de General Ram\u00edrez, que se desarroll\u00f3 en horas de la noche del martes, el Frente Renovador local recibi\u00f3 la peor noticia en lo que va del 2014.<\/p>\n<p>Cuando se pensaba que el libro de pases de bustistas al oficialismo estaba cerrado a nivel provincial, el propio viceintendente <strong>Jorge Poschke <\/strong>(FPV), dio la noticia al resto de los concejales y a los ciudadanos presentes en la Casa Municipal de la Cultura.<\/p>\n<p>A partir de entonces, el edil\u00a0<strong>Fabi\u00e1n Erhardt,<\/strong> que lleg\u00f3 en el 2011 de la mano del Frente Entrerriano Federal, cuyo referente local es <strong>Claudio Mantovani<\/strong>, es parte de las filas del oficialismo. \u00a0Ahora, la agrupaci\u00f3n que lidera<strong> Jorge Busti<\/strong> a nivel provincial, a\u00fan conserva una concejal en dicha ciudad del departamento Diamante.<\/p>\n<p>La renuncia, que se habr\u00eda producido por diferencias pol\u00edticas con el Frente Renovador local, cay\u00f3 como un baldazo de agua fr\u00eda en los dirigentes del partido. Si bien <strong>Claudio Mantovani<\/strong> s\u00f3lo se limit\u00f3 a postear: <em>\u00a0\u00abMi error fue confiar&#8230;. y por eso pido disculpas\u00bb<\/em> en su cuenta de la red social Facebook, existir\u00eda un importante enojo del dirigente con el edil y hasta se habr\u00eda hablado de \u00abtraici\u00f3n\u00bb, \u00a0debido a que Erhardt ser\u00eda un amigo de la familia Mantovani desde hace muchos a\u00f1os. (<em>Isletas Noticias<\/em>)<\/p>\n","protected":false},"excerpt":{"rendered":"<p>Se trata del edil Fabi&aacute;n Erhardt, quien este martes por la noche dej&oacute; de pertenecer al FEF -ahora Frente Renovador Entrerriano-. La decisi&oacute;n se habr&iacute;a tomado por diferencias con los dirigentes de su partido. En el entorno de Mantovani hay enojo y hasta se hablar&iacute;a de &laquo;traici&oacute;n&raquo;. En pleno acto de apertura de sesiones del [&hellip;]<\/p>\n","protected":false},"author":2,"featured_media":0,"comment_status":"open","ping_status":"open","sticky":false,"template":"","format":"standard","meta":{"fifu_image_url":"","fifu_image_alt":"","footnotes":""},"categories":[5,16],"tags":[],"class_list":{"0":"post-6292","1":"post","2":"type-post","3":"status-publish","4":"format-standard","6":"category-zonales","7":"category-politi"},"yoast_head":"<title>Ram\u00edrez: en plena apertura de sesiones, un concejal bustista se pas\u00f3 al oficialismo  - Informe Litoral<\/title>\n<meta name=\"robots\" content=\"index, follow, max-snippet:-1, max-image-preview:large, max-video-preview:-1\" \/>\n<link rel=\"canonical\" href=\"https:\/\/informelitoral.com.ar\/ramirez-en-plena-apertura-de-sesiones-un-concejal-bustista-se-paso-al-ofialismo\/\" \/>\n<meta property=\"og:locale\" content=\"es_ES\" \/>\n<meta property=\"og:type\" content=\"article\" \/>\n<meta property=\"og:title\" content=\"Ram\u00edrez: en plena apertura de sesiones, un concejal bustista se pas\u00f3 al oficialismo  - Informe Litoral\" \/>\n<meta property=\"og:description\" content=\"Se trata del edil Fabi&aacute;n Erhardt, quien este martes por la noche dej&oacute; de pertenecer al FEF -ahora Frente Renovador Entrerriano-. La decisi&oacute;n se habr&iacute;a tomado por diferencias con los dirigentes de su partido. En el entorno de Mantovani hay enojo y hasta se hablar&iacute;a de &laquo;traici&oacute;n&raquo;. En pleno acto de apertura de sesiones del [&hellip;]\" \/>\n<meta property=\"og:url\" content=\"https:\/\/informelitoral.com.ar\/ramirez-en-plena-apertura-de-sesiones-un-concejal-bustista-se-paso-al-ofialismo\/\" \/>\n<meta property=\"og:site_name\" content=\"Informe Litoral\" \/>\n<meta property=\"article:publisher\" content=\"https:\/\/www.facebook.com\/informelitoral\/\" \/>\n<meta property=\"article:published_time\" content=\"2014-03-26T18:58:04+00:00\" \/>\n<meta property=\"article:modified_time\" content=\"2014-03-26T21:47:03+00:00\" \/>\n<meta property=\"og:image\" content=\"https:\/\/informelitoral.com.ar\/%77%70%2d%63%6f%6e%74%65%6e%74\/uploads\/2014\/03\/380754_242051972581131_41329635_n.jpg\" \/>\n\t<meta property=\"og:image:width\" content=\"960\" \/>\n\t<meta property=\"og:image:height\" content=\"720\" \/>\n\t<meta property=\"og:image:type\" content=\"image\/jpeg\" \/>\n<meta name=\"author\" content=\"Gonzalo Schmidt\" \/>\n<meta name=\"twitter:card\" content=\"summary_large_image\" \/>\n<meta name=\"twitter:creator\" content=\"@InformeLitoral\" \/>\n<meta name=\"twitter:site\" content=\"@InformeLitoral\" \/>\n<meta name=\"twitter:label1\" content=\"Escrito por\" \/>\n\t<meta name=\"twitter:data1\" content=\"Gonzalo Schmidt\" \/>\n\t<meta name=\"twitter:label2\" content=\"Tiempo de lectura\" \/>\n\t<meta name=\"twitter:data2\" content=\"1 minuto\" \/>\n<script type=\"application\/ld+json\" class=\"yoast-schema-graph\">{\"@context\":\"https:\\\/\\\/schema.org\",\"@graph\":[{\"@type\":\"Article\",\"@id\":\"https:\\\/\\\/informelitoral.com.ar\\\/ramirez-en-plena-apertura-de-sesiones-un-concejal-bustista-se-paso-al-ofialismo\\\/#article\",\"isPartOf\":{\"@id\":\"https:\\\/\\\/informelitoral.com.ar\\\/ramirez-en-plena-apertura-de-sesiones-un-concejal-bustista-se-paso-al-ofialismo\\\/\"},\"author\":{\"name\":\"Gonzalo Schmidt\",\"@id\":\"https:\\\/\\\/informelitoral.com.ar\\\/#\\\/schema\\\/person\\\/b9d00407c836482871ef1d57bf8e3180\"},\"headline\":\"Ram\u00edrez: en plena apertura de sesiones, un concejal bustista se pas\u00f3 al oficialismo\",\"datePublished\":\"2014-03-26T18:58:04+00:00\",\"dateModified\":\"2014-03-26T21:47:03+00:00\",\"mainEntityOfPage\":{\"@id\":\"https:\\\/\\\/informelitoral.com.ar\\\/ramirez-en-plena-apertura-de-sesiones-un-concejal-bustista-se-paso-al-ofialismo\\\/\"},\"wordCount\":294,\"commentCount\":0,\"publisher\":{\"@id\":\"https:\\\/\\\/informelitoral.com.ar\\\/#organization\"},\"image\":{\"@id\":\"https:\\\/\\\/informelitoral.com.ar\\\/ramirez-en-plena-apertura-de-sesiones-un-concejal-bustista-se-paso-al-ofialismo\\\/#primaryimage\"},\"thumbnailUrl\":\"http:\\\/\\\/www.isletasnoticias.com.ar\\\/%77%70%2d%63%6f%6e%74%65%6e%74\\\/uploads\\\/2014\\\/03\\\/380754_242051972581131_41329635_n-300x225.jpg\",\"articleSection\":[\"Departamento Diamante\",\"Politica\"],\"inLanguage\":\"es\",\"potentialAction\":[{\"@type\":\"CommentAction\",\"name\":\"Comment\",\"target\":[\"https:\\\/\\\/informelitoral.com.ar\\\/ramirez-en-plena-apertura-de-sesiones-un-concejal-bustista-se-paso-al-ofialismo\\\/#respond\"]}]},{\"@type\":\"WebPage\",\"@id\":\"https:\\\/\\\/informelitoral.com.ar\\\/ramirez-en-plena-apertura-de-sesiones-un-concejal-bustista-se-paso-al-ofialismo\\\/\",\"url\":\"https:\\\/\\\/informelitoral.com.ar\\\/ramirez-en-plena-apertura-de-sesiones-un-concejal-bustista-se-paso-al-ofialismo\\\/\",\"name\":\"Ram\u00edrez: en plena apertura de sesiones, un concejal bustista se pas\u00f3 al oficialismo - Informe Litoral\",\"isPartOf\":{\"@id\":\"https:\\\/\\\/informelitoral.com.ar\\\/#website\"},\"primaryImageOfPage\":{\"@id\":\"https:\\\/\\\/informelitoral.com.ar\\\/ramirez-en-plena-apertura-de-sesiones-un-concejal-bustista-se-paso-al-ofialismo\\\/#primaryimage\"},\"image\":{\"@id\":\"https:\\\/\\\/informelitoral.com.ar\\\/ramirez-en-plena-apertura-de-sesiones-un-concejal-bustista-se-paso-al-ofialismo\\\/#primaryimage\"},\"thumbnailUrl\":\"http:\\\/\\\/www.isletasnoticias.com.ar\\\/%77%70%2d%63%6f%6e%74%65%6e%74\\\/uploads\\\/2014\\\/03\\\/380754_242051972581131_41329635_n-300x225.jpg\",\"datePublished\":\"2014-03-26T18:58:04+00:00\",\"dateModified\":\"2014-03-26T21:47:03+00:00\",\"breadcrumb\":{\"@id\":\"https:\\\/\\\/informelitoral.com.ar\\\/ramirez-en-plena-apertura-de-sesiones-un-concejal-bustista-se-paso-al-ofialismo\\\/#breadcrumb\"},\"inLanguage\":\"es\",\"potentialAction\":[{\"@type\":\"ReadAction\",\"target\":[\"https:\\\/\\\/informelitoral.com.ar\\\/ramirez-en-plena-apertura-de-sesiones-un-concejal-bustista-se-paso-al-ofialismo\\\/\"]}]},{\"@type\":\"ImageObject\",\"inLanguage\":\"es\",\"@id\":\"https:\\\/\\\/informelitoral.com.ar\\\/ramirez-en-plena-apertura-de-sesiones-un-concejal-bustista-se-paso-al-ofialismo\\\/#primaryimage\",\"url\":\"http:\\\/\\\/www.isletasnoticias.com.ar\\\/%77%70%2d%63%6f%6e%74%65%6e%74\\\/uploads\\\/2014\\\/03\\\/380754_242051972581131_41329635_n-300x225.jpg\",\"contentUrl\":\"http:\\\/\\\/www.isletasnoticias.com.ar\\\/%77%70%2d%63%6f%6e%74%65%6e%74\\\/uploads\\\/2014\\\/03\\\/380754_242051972581131_41329635_n-300x225.jpg\"},{\"@type\":\"BreadcrumbList\",\"@id\":\"https:\\\/\\\/informelitoral.com.ar\\\/ramirez-en-plena-apertura-de-sesiones-un-concejal-bustista-se-paso-al-ofialismo\\\/#breadcrumb\",\"itemListElement\":[{\"@type\":\"ListItem\",\"position\":1,\"name\":\"Portada\",\"item\":\"https:\\\/\\\/informelitoral.com.ar\\\/\"},{\"@type\":\"ListItem\",\"position\":2,\"name\":\"Ram\u00edrez: en plena apertura de sesiones, un concejal bustista se pas\u00f3 al oficialismo\"}]},{\"@type\":\"WebSite\",\"@id\":\"https:\\\/\\\/informelitoral.com.ar\\\/#website\",\"url\":\"https:\\\/\\\/informelitoral.com.ar\\\/\",\"name\":\"Informe Litoral\",\"description\":\"&quot;Nos informamos&quot; \",\"publisher\":{\"@id\":\"https:\\\/\\\/informelitoral.com.ar\\\/#organization\"},\"potentialAction\":[{\"@type\":\"SearchAction\",\"target\":{\"@type\":\"EntryPoint\",\"urlTemplate\":\"https:\\\/\\\/informelitoral.com.ar\\\/?s={search_term_string}\"},\"query-input\":{\"@type\":\"PropertyValueSpecification\",\"valueRequired\":true,\"valueName\":\"search_term_string\"}}],\"inLanguage\":\"es\"},{\"@type\":\"Organization\",\"@id\":\"https:\\\/\\\/informelitoral.com.ar\\\/#organization\",\"name\":\"Informe Litoral\",\"url\":\"https:\\\/\\\/informelitoral.com.ar\\\/\",\"logo\":{\"@type\":\"ImageObject\",\"inLanguage\":\"es\",\"@id\":\"https:\\\/\\\/informelitoral.com.ar\\\/#\\\/schema\\\/logo\\\/image\\\/\",\"url\":\"https:\\\/\\\/informelitoral.com.ar\\\/%77%70%2d%63%6f%6e%74%65%6e%74\\\/uploads\\\/2021\\\/01\\\/circulo.png\",\"contentUrl\":\"https:\\\/\\\/informelitoral.com.ar\\\/%77%70%2d%63%6f%6e%74%65%6e%74\\\/uploads\\\/2021\\\/01\\\/circulo.png\",\"width\":723,\"height\":731,\"caption\":\"Informe Litoral\"},\"image\":{\"@id\":\"https:\\\/\\\/informelitoral.com.ar\\\/#\\\/schema\\\/logo\\\/image\\\/\"},\"sameAs\":[\"https:\\\/\\\/www.facebook.com\\\/informelitoral\\\/\",\"https:\\\/\\\/x.com\\\/InformeLitoral\",\"https:\\\/\\\/www.instagram.com\\\/informelitoral\\\/\",\"https:\\\/\\\/www.youtube.com\\\/channel\\\/UCua4Qvz8Icb6MYqhoq9xLXw\"]},{\"@type\":\"Person\",\"@id\":\"https:\\\/\\\/informelitoral.com.ar\\\/#\\\/schema\\\/person\\\/b9d00407c836482871ef1d57bf8e3180\",\"name\":\"Gonzalo Schmidt\",\"image\":{\"@type\":\"ImageObject\",\"inLanguage\":\"es\",\"@id\":\"https:\\\/\\\/secure.gravatar.com\\\/avatar\\\/31a1a7b66ff2de83bd0e9fd79d026630d2d99e55e8bfe501287647b4fd9743de?s=96&d=mm&r=g\",\"url\":\"https:\\\/\\\/secure.gravatar.com\\\/avatar\\\/31a1a7b66ff2de83bd0e9fd79d026630d2d99e55e8bfe501287647b4fd9743de?s=96&d=mm&r=g\",\"contentUrl\":\"https:\\\/\\\/secure.gravatar.com\\\/avatar\\\/31a1a7b66ff2de83bd0e9fd79d026630d2d99e55e8bfe501287647b4fd9743de?s=96&d=mm&r=g\",\"caption\":\"Gonzalo Schmidt\"},\"description\":\"Sitio web de noticias de la provincia de Entre R\u00edos, Argentina. Informaci\u00f3n y entretenimiento. Informe Litoral, nos informamos.\",\"sameAs\":[\"http:\\\/\\\/www.isletasnoticias.com.ar\"],\"url\":\"https:\\\/\\\/informelitoral.com.ar\\\/author\\\/gonzalo\\\/\"}]}<\/script>","yoast_head_json":{"title":"Ram\u00edrez: en plena apertura de sesiones, un concejal bustista se pas\u00f3 al oficialismo  - Informe Litoral","robots":{"index":"index","follow":"follow","max-snippet":"max-snippet:-1","max-image-preview":"max-image-preview:large","max-video-preview":"max-video-preview:-1"},"canonical":"https:\/\/informelitoral.com.ar\/ramirez-en-plena-apertura-de-sesiones-un-concejal-bustista-se-paso-al-ofialismo\/","og_locale":"es_ES","og_type":"article","og_title":"Ram\u00edrez: en plena apertura de sesiones, un concejal bustista se pas\u00f3 al oficialismo  - Informe Litoral","og_description":"Se trata del edil Fabi&aacute;n Erhardt, quien este martes por la noche dej&oacute; de pertenecer al FEF -ahora Frente Renovador Entrerriano-. La decisi&oacute;n se habr&iacute;a tomado por diferencias con los dirigentes de su partido. En el entorno de Mantovani hay enojo y hasta se hablar&iacute;a de &laquo;traici&oacute;n&raquo;. En pleno acto de apertura de sesiones del [&hellip;]","og_url":"https:\/\/informelitoral.com.ar\/ramirez-en-plena-apertura-de-sesiones-un-concejal-bustista-se-paso-al-ofialismo\/","og_site_name":"Informe Litoral","article_publisher":"https:\/\/www.facebook.com\/informelitoral\/","article_published_time":"2014-03-26T18:58:04+00:00","article_modified_time":"2014-03-26T21:47:03+00:00","og_image":[{"width":960,"height":720,"url":"https:\/\/informelitoral.com.ar\/%77%70%2d%63%6f%6e%74%65%6e%74\/uploads\/2014\/03\/380754_242051972581131_41329635_n.jpg","type":"image\/jpeg"}],"author":"Gonzalo Schmidt","twitter_card":"summary_large_image","twitter_creator":"@InformeLitoral","twitter_site":"@InformeLitoral","twitter_misc":{"Escrito por":"Gonzalo Schmidt","Tiempo de lectura":"1 minuto"},"schema":{"@context":"https:\/\/schema.org","@graph":[{"@type":"Article","@id":"https:\/\/informelitoral.com.ar\/ramirez-en-plena-apertura-de-sesiones-un-concejal-bustista-se-paso-al-ofialismo\/#article","isPartOf":{"@id":"https:\/\/informelitoral.com.ar\/ramirez-en-plena-apertura-de-sesiones-un-concejal-bustista-se-paso-al-ofialismo\/"},"author":{"name":"Gonzalo Schmidt","@id":"https:\/\/informelitoral.com.ar\/#\/schema\/person\/b9d00407c836482871ef1d57bf8e3180"},"headline":"Ram\u00edrez: en plena apertura de sesiones, un concejal bustista se pas\u00f3 al oficialismo","datePublished":"2014-03-26T18:58:04+00:00","dateModified":"2014-03-26T21:47:03+00:00","mainEntityOfPage":{"@id":"https:\/\/informelitoral.com.ar\/ramirez-en-plena-apertura-de-sesiones-un-concejal-bustista-se-paso-al-ofialismo\/"},"wordCount":294,"commentCount":0,"publisher":{"@id":"https:\/\/informelitoral.com.ar\/#organization"},"image":{"@id":"https:\/\/informelitoral.com.ar\/ramirez-en-plena-apertura-de-sesiones-un-concejal-bustista-se-paso-al-ofialismo\/#primaryimage"},"thumbnailUrl":"http:\/\/www.isletasnoticias.com.ar\/%77%70%2d%63%6f%6e%74%65%6e%74\/uploads\/2014\/03\/380754_242051972581131_41329635_n-300x225.jpg","articleSection":["Departamento Diamante","Politica"],"inLanguage":"es","potentialAction":[{"@type":"CommentAction","name":"Comment","target":["https:\/\/informelitoral.com.ar\/ramirez-en-plena-apertura-de-sesiones-un-concejal-bustista-se-paso-al-ofialismo\/#respond"]}]},{"@type":"WebPage","@id":"https:\/\/informelitoral.com.ar\/ramirez-en-plena-apertura-de-sesiones-un-concejal-bustista-se-paso-al-ofialismo\/","url":"https:\/\/informelitoral.com.ar\/ramirez-en-plena-apertura-de-sesiones-un-concejal-bustista-se-paso-al-ofialismo\/","name":"Ram\u00edrez: en plena apertura de sesiones, un concejal bustista se pas\u00f3 al oficialismo - Informe Litoral","isPartOf":{"@id":"https:\/\/informelitoral.com.ar\/#website"},"primaryImageOfPage":{"@id":"https:\/\/informelitoral.com.ar\/ramirez-en-plena-apertura-de-sesiones-un-concejal-bustista-se-paso-al-ofialismo\/#primaryimage"},"image":{"@id":"https:\/\/informelitoral.com.ar\/ramirez-en-plena-apertura-de-sesiones-un-concejal-bustista-se-paso-al-ofialismo\/#primaryimage"},"thumbnailUrl":"http:\/\/www.isletasnoticias.com.ar\/%77%70%2d%63%6f%6e%74%65%6e%74\/uploads\/2014\/03\/380754_242051972581131_41329635_n-300x225.jpg","datePublished":"2014-03-26T18:58:04+00:00","dateModified":"2014-03-26T21:47:03+00:00","breadcrumb":{"@id":"https:\/\/informelitoral.com.ar\/ramirez-en-plena-apertura-de-sesiones-un-concejal-bustista-se-paso-al-ofialismo\/#breadcrumb"},"inLanguage":"es","potentialAction":[{"@type":"ReadAction","target":["https:\/\/informelitoral.com.ar\/ramirez-en-plena-apertura-de-sesiones-un-concejal-bustista-se-paso-al-ofialismo\/"]}]},{"@type":"ImageObject","inLanguage":"es","@id":"https:\/\/informelitoral.com.ar\/ramirez-en-plena-apertura-de-sesiones-un-concejal-bustista-se-paso-al-ofialismo\/#primaryimage","url":"http:\/\/www.isletasnoticias.com.ar\/%77%70%2d%63%6f%6e%74%65%6e%74\/uploads\/2014\/03\/380754_242051972581131_41329635_n-300x225.jpg","contentUrl":"http:\/\/www.isletasnoticias.com.ar\/%77%70%2d%63%6f%6e%74%65%6e%74\/uploads\/2014\/03\/380754_242051972581131_41329635_n-300x225.jpg"},{"@type":"BreadcrumbList","@id":"https:\/\/informelitoral.com.ar\/ramirez-en-plena-apertura-de-sesiones-un-concejal-bustista-se-paso-al-ofialismo\/#breadcrumb","itemListElement":[{"@type":"ListItem","position":1,"name":"Portada","item":"https:\/\/informelitoral.com.ar\/"},{"@type":"ListItem","position":2,"name":"Ram\u00edrez: en plena apertura de sesiones, un concejal bustista se pas\u00f3 al oficialismo"}]},{"@type":"WebSite","@id":"https:\/\/informelitoral.com.ar\/#website","url":"https:\/\/informelitoral.com.ar\/","name":"Informe Litoral","description":"&quot;Nos informamos&quot; ","publisher":{"@id":"https:\/\/informelitoral.com.ar\/#organization"},"potentialAction":[{"@type":"SearchAction","target":{"@type":"EntryPoint","urlTemplate":"https:\/\/informelitoral.com.ar\/?s={search_term_string}"},"query-input":{"@type":"PropertyValueSpecification","valueRequired":true,"valueName":"search_term_string"}}],"inLanguage":"es"},{"@type":"Organization","@id":"https:\/\/informelitoral.com.ar\/#organization","name":"Informe Litoral","url":"https:\/\/informelitoral.com.ar\/","logo":{"@type":"ImageObject","inLanguage":"es","@id":"https:\/\/informelitoral.com.ar\/#\/schema\/logo\/image\/","url":"https:\/\/informelitoral.com.ar\/%77%70%2d%63%6f%6e%74%65%6e%74\/uploads\/2021\/01\/circulo.png","contentUrl":"https:\/\/informelitoral.com.ar\/%77%70%2d%63%6f%6e%74%65%6e%74\/uploads\/2021\/01\/circulo.png","width":723,"height":731,"caption":"Informe Litoral"},"image":{"@id":"https:\/\/informelitoral.com.ar\/#\/schema\/logo\/image\/"},"sameAs":["https:\/\/www.facebook.com\/informelitoral\/","https:\/\/x.com\/InformeLitoral","https:\/\/www.instagram.com\/informelitoral\/","https:\/\/www.youtube.com\/channel\/UCua4Qvz8Icb6MYqhoq9xLXw"]},{"@type":"Person","@id":"https:\/\/informelitoral.com.ar\/#\/schema\/person\/b9d00407c836482871ef1d57bf8e3180","name":"Gonzalo Schmidt","image":{"@type":"ImageObject","inLanguage":"es","@id":"https:\/\/secure.gravatar.com\/avatar\/31a1a7b66ff2de83bd0e9fd79d026630d2d99e55e8bfe501287647b4fd9743de?s=96&d=mm&r=g","url":"https:\/\/secure.gravatar.com\/avatar\/31a1a7b66ff2de83bd0e9fd79d026630d2d99e55e8bfe501287647b4fd9743de?s=96&d=mm&r=g","contentUrl":"https:\/\/secure.gravatar.com\/avatar\/31a1a7b66ff2de83bd0e9fd79d026630d2d99e55e8bfe501287647b4fd9743de?s=96&d=mm&r=g","caption":"Gonzalo Schmidt"},"description":"Sitio web de noticias de la provincia de Entre R\u00edos, Argentina. Informaci\u00f3n y entretenimiento. Informe Litoral, nos informamos.","sameAs":["http:\/\/www.isletasnoticias.com.ar"],"url":"https:\/\/informelitoral.com.ar\/author\/gonzalo\/"}]}},"_links":{"self":[{"href":"https:\/\/informelitoral.com.ar\/%77%70%2d%6a%73%6f%6e\/wp\/v2\/posts\/6292","targetHints":{"allow":["GET"]}}],"collection":[{"href":"https:\/\/informelitoral.com.ar\/%77%70%2d%6a%73%6f%6e\/wp\/v2\/posts"}],"about":[{"href":"https:\/\/informelitoral.com.ar\/%77%70%2d%6a%73%6f%6e\/wp\/v2\/types\/post"}],"author":[{"embeddable":true,"href":"https:\/\/informelitoral.com.ar\/%77%70%2d%6a%73%6f%6e\/wp\/v2\/users\/2"}],"replies":[{"embeddable":true,"href":"https:\/\/informelitoral.com.ar\/%77%70%2d%6a%73%6f%6e\/wp\/v2\/comments?post=6292"}],"version-history":[{"count":0,"href":"https:\/\/informelitoral.com.ar\/%77%70%2d%6a%73%6f%6e\/wp\/v2\/posts\/6292\/revisions"}],"wp:attachment":[{"href":"https:\/\/informelitoral.com.ar\/%77%70%2d%6a%73%6f%6e\/wp\/v2\/media?parent=6292"}],"wp:term":[{"taxonomy":"category","embeddable":true,"href":"https:\/\/informelitoral.com.ar\/%77%70%2d%6a%73%6f%6e\/wp\/v2\/categories?post=6292"},{"taxonomy":"post_tag","embeddable":true,"href":"https:\/\/informelitoral.com.ar\/%77%70%2d%6a%73%6f%6e\/wp\/v2\/tags?post=6292"}],"curies":[{"name":"wp","href":"https:\/\/api.w.org\/{rel}","templated":true}]}}