{"id":62898,"date":"2021-07-26T17:21:06","date_gmt":"2021-07-26T20:21:06","guid":{"rendered":"https:\/\/www.informelitoral.com.ar\/?p=62898"},"modified":"2021-07-26T17:22:31","modified_gmt":"2021-07-26T20:22:31","slug":"la-salud-de-chano-charpentier-se-espera-un-nuevo-parte-medico","status":"publish","type":"post","link":"https:\/\/informelitoral.com.ar\/la-salud-de-chano-charpentier-se-espera-un-nuevo-parte-medico\/","title":{"rendered":"La salud de Chano Charpentier: se espera un nuevo parte m\u00e9dico"},"content":{"rendered":"<section class=\"detail-body first-paragraph\">\n<section id=\"note-body\" class=\"body-content note-body content-protected-false\" data-twitter-link=\"https:\/\/twitter.com\/intent\/tweet?url=https:\/\/www.minutouno.com\/c5233413&amp;v\u00eda=Ambitocom&amp;related=MinutoUno&amp;text=\">El m\u00fasico\u00a0<strong>Santiago Charpienter<\/strong>, m\u00e1s conocido como \u00ab<strong>Chano<\/strong>\u00ab, recibi\u00f3 un disparo en el abdomen por parte de un polic\u00eda a quien habr\u00eda intentado apu\u00f1alar con un cuchillo en medio de un brote psic\u00f3tico en el cual tambi\u00e9n habr\u00eda agredido a su madre, con quien comparte una vivienda en un barrio privado del partido bonaerense de <strong>Exaltaci\u00f3n de la Cruz.<\/strong><\/section>\n<\/section>\n<section class=\"detail-body second-paragraph\">\n<section class=\"body-content note-body content-protected-false\">Efectivos\u00a0policiales\u00a0de la Polic\u00eda Comunal de Parada Robles arribaron al lugar tras un llamado que advirti\u00f3 que un hombre se encontraba agresivo en una de las viviendas.La fiscal\u00eda de turno caratul\u00f3 el hecho como \u00abatentado resistencia a la autoridad y lesiones\u00bb, concluyeron las fuentes.<\/p>\n<h4><strong>Parte m\u00e9dico de\u00a0Chano Charpentier<\/strong><\/h4>\n<p><strong>Chano Charpienter\u00a0<\/strong>fue asistido en el domicilio de su madre tras sufrir un\u00a0<strong>brote psic\u00f3tico\u00a0<\/strong>y trasladado al\u00a0<strong>Sanatorio Otamendi<\/strong>\u00a0de la Ciudad Aut\u00f3noma de Buenos Aires, donde fue intervenido tras el disparo.<\/p>\n<p>Seg\u00fan se inform\u00f3, durante la operaci\u00f3n al m\u00fasico le extirparon el bazo, el cuerpo y cola del p\u00e1ncreas, el ri\u00f1\u00f3n izquierdo y le suturaron una perforaci\u00f3n del colon.<\/p>\n<p>Su estado de salud es estable y se espera la comunicaci\u00f3n oficial del centro de salud.<\/p>\n<\/section>\n<\/section>\n","protected":false},"excerpt":{"rendered":"<p>El ex cantante de Tan Bi\u00f3nica habr\u00eda intentado apu\u00f1alar a un polic\u00eda y recibi\u00f3 un impacto de bala. Est\u00e1 internado en el Sanatorio Otamendi y le extirparon el bazo, el cuerpo y cola del p\u00e1ncreas, el ri\u00f1\u00f3n izquierdo y le suturaron una perforaci\u00f3n del colon.<\/p>\n","protected":false},"author":2,"featured_media":62899,"comment_status":"open","ping_status":"open","sticky":false,"template":"","format":"standard","meta":{"fifu_image_url":"","fifu_image_alt":"","footnotes":""},"categories":[14],"tags":[2361],"class_list":{"0":"post-62898","1":"post","2":"type-post","3":"status-publish","4":"format-standard","5":"has-post-thumbnail","7":"category-policiales","8":"tag-chano-charpentier"},"yoast_head":"<title>La salud de Chano Charpentier: se espera un nuevo parte m\u00e9dico - Informe Litoral<\/title>\n<meta name=\"robots\" content=\"index, follow, max-snippet:-1, max-image-preview:large, max-video-preview:-1\" \/>\n<link rel=\"canonical\" href=\"https:\/\/informelitoral.com.ar\/la-salud-de-chano-charpentier-se-espera-un-nuevo-parte-medico\/\" \/>\n<meta property=\"og:locale\" content=\"es_ES\" \/>\n<meta property=\"og:type\" content=\"article\" \/>\n<meta property=\"og:title\" content=\"La salud de Chano Charpentier: se espera un nuevo parte m\u00e9dico - Informe Litoral\" \/>\n<meta property=\"og:description\" content=\"El ex cantante de Tan Bi\u00f3nica habr\u00eda intentado apu\u00f1alar a un polic\u00eda y recibi\u00f3 un impacto de bala. Est\u00e1 internado en el Sanatorio Otamendi y le extirparon el bazo, el cuerpo y cola del p\u00e1ncreas, el ri\u00f1\u00f3n izquierdo y le suturaron una perforaci\u00f3n del colon.\" \/>\n<meta property=\"og:url\" content=\"https:\/\/informelitoral.com.ar\/la-salud-de-chano-charpentier-se-espera-un-nuevo-parte-medico\/\" \/>\n<meta property=\"og:site_name\" content=\"Informe Litoral\" \/>\n<meta property=\"article:publisher\" content=\"https:\/\/www.facebook.com\/informelitoral\/\" \/>\n<meta property=\"article:published_time\" content=\"2021-07-26T20:21:06+00:00\" \/>\n<meta property=\"article:modified_time\" content=\"2021-07-26T20:22:31+00:00\" \/>\n<meta property=\"og:image\" content=\"https:\/\/informelitoral.com.ar\/%77%70%2d%63%6f%6e%74%65%6e%74\/uploads\/2021\/07\/chano-charpentier.jpg\" \/>\n\t<meta property=\"og:image:width\" content=\"879\" \/>\n\t<meta property=\"og:image:height\" content=\"586\" \/>\n\t<meta property=\"og:image:type\" content=\"image\/jpeg\" \/>\n<meta name=\"author\" content=\"Gonzalo Schmidt\" \/>\n<meta name=\"twitter:card\" content=\"summary_large_image\" \/>\n<meta name=\"twitter:creator\" content=\"@InformeLitoral\" \/>\n<meta name=\"twitter:site\" content=\"@InformeLitoral\" \/>\n<meta name=\"twitter:label1\" content=\"Escrito por\" \/>\n\t<meta name=\"twitter:data1\" content=\"Gonzalo Schmidt\" \/>\n\t<meta name=\"twitter:label2\" content=\"Tiempo de lectura\" \/>\n\t<meta name=\"twitter:data2\" content=\"1 minuto\" \/>\n<script type=\"application\/ld+json\" class=\"yoast-schema-graph\">{\"@context\":\"https:\\\/\\\/schema.org\",\"@graph\":[{\"@type\":\"Article\",\"@id\":\"https:\\\/\\\/informelitoral.com.ar\\\/la-salud-de-chano-charpentier-se-espera-un-nuevo-parte-medico\\\/#article\",\"isPartOf\":{\"@id\":\"https:\\\/\\\/informelitoral.com.ar\\\/la-salud-de-chano-charpentier-se-espera-un-nuevo-parte-medico\\\/\"},\"author\":{\"name\":\"Gonzalo Schmidt\",\"@id\":\"https:\\\/\\\/informelitoral.com.ar\\\/#\\\/schema\\\/person\\\/b9d00407c836482871ef1d57bf8e3180\"},\"headline\":\"La salud de Chano Charpentier: se espera un nuevo parte m\u00e9dico\",\"datePublished\":\"2021-07-26T20:21:06+00:00\",\"dateModified\":\"2021-07-26T20:22:31+00:00\",\"mainEntityOfPage\":{\"@id\":\"https:\\\/\\\/informelitoral.com.ar\\\/la-salud-de-chano-charpentier-se-espera-un-nuevo-parte-medico\\\/\"},\"wordCount\":220,\"commentCount\":0,\"publisher\":{\"@id\":\"https:\\\/\\\/informelitoral.com.ar\\\/#organization\"},\"image\":{\"@id\":\"https:\\\/\\\/informelitoral.com.ar\\\/la-salud-de-chano-charpentier-se-espera-un-nuevo-parte-medico\\\/#primaryimage\"},\"thumbnailUrl\":\"https:\\\/\\\/informelitoral.com.ar\\\/%77%70%2d%63%6f%6e%74%65%6e%74\\\/uploads\\\/2021\\\/07\\\/chano-charpentier.jpg\",\"keywords\":[\"Chano Charpentier\"],\"articleSection\":[\"Policiales\"],\"inLanguage\":\"es\",\"potentialAction\":[{\"@type\":\"CommentAction\",\"name\":\"Comment\",\"target\":[\"https:\\\/\\\/informelitoral.com.ar\\\/la-salud-de-chano-charpentier-se-espera-un-nuevo-parte-medico\\\/#respond\"]}]},{\"@type\":\"WebPage\",\"@id\":\"https:\\\/\\\/informelitoral.com.ar\\\/la-salud-de-chano-charpentier-se-espera-un-nuevo-parte-medico\\\/\",\"url\":\"https:\\\/\\\/informelitoral.com.ar\\\/la-salud-de-chano-charpentier-se-espera-un-nuevo-parte-medico\\\/\",\"name\":\"La salud de Chano Charpentier: se espera un nuevo parte m\u00e9dico - Informe Litoral\",\"isPartOf\":{\"@id\":\"https:\\\/\\\/informelitoral.com.ar\\\/#website\"},\"primaryImageOfPage\":{\"@id\":\"https:\\\/\\\/informelitoral.com.ar\\\/la-salud-de-chano-charpentier-se-espera-un-nuevo-parte-medico\\\/#primaryimage\"},\"image\":{\"@id\":\"https:\\\/\\\/informelitoral.com.ar\\\/la-salud-de-chano-charpentier-se-espera-un-nuevo-parte-medico\\\/#primaryimage\"},\"thumbnailUrl\":\"https:\\\/\\\/informelitoral.com.ar\\\/%77%70%2d%63%6f%6e%74%65%6e%74\\\/uploads\\\/2021\\\/07\\\/chano-charpentier.jpg\",\"datePublished\":\"2021-07-26T20:21:06+00:00\",\"dateModified\":\"2021-07-26T20:22:31+00:00\",\"breadcrumb\":{\"@id\":\"https:\\\/\\\/informelitoral.com.ar\\\/la-salud-de-chano-charpentier-se-espera-un-nuevo-parte-medico\\\/#breadcrumb\"},\"inLanguage\":\"es\",\"potentialAction\":[{\"@type\":\"ReadAction\",\"target\":[\"https:\\\/\\\/informelitoral.com.ar\\\/la-salud-de-chano-charpentier-se-espera-un-nuevo-parte-medico\\\/\"]}]},{\"@type\":\"ImageObject\",\"inLanguage\":\"es\",\"@id\":\"https:\\\/\\\/informelitoral.com.ar\\\/la-salud-de-chano-charpentier-se-espera-un-nuevo-parte-medico\\\/#primaryimage\",\"url\":\"https:\\\/\\\/informelitoral.com.ar\\\/%77%70%2d%63%6f%6e%74%65%6e%74\\\/uploads\\\/2021\\\/07\\\/chano-charpentier.jpg\",\"contentUrl\":\"https:\\\/\\\/informelitoral.com.ar\\\/%77%70%2d%63%6f%6e%74%65%6e%74\\\/uploads\\\/2021\\\/07\\\/chano-charpentier.jpg\",\"width\":879,\"height\":586},{\"@type\":\"BreadcrumbList\",\"@id\":\"https:\\\/\\\/informelitoral.com.ar\\\/la-salud-de-chano-charpentier-se-espera-un-nuevo-parte-medico\\\/#breadcrumb\",\"itemListElement\":[{\"@type\":\"ListItem\",\"position\":1,\"name\":\"Portada\",\"item\":\"https:\\\/\\\/informelitoral.com.ar\\\/\"},{\"@type\":\"ListItem\",\"position\":2,\"name\":\"La salud de Chano Charpentier: se espera un nuevo parte m\u00e9dico\"}]},{\"@type\":\"WebSite\",\"@id\":\"https:\\\/\\\/informelitoral.com.ar\\\/#website\",\"url\":\"https:\\\/\\\/informelitoral.com.ar\\\/\",\"name\":\"Informe Litoral\",\"description\":\"&quot;Nos informamos&quot; \",\"publisher\":{\"@id\":\"https:\\\/\\\/informelitoral.com.ar\\\/#organization\"},\"potentialAction\":[{\"@type\":\"SearchAction\",\"target\":{\"@type\":\"EntryPoint\",\"urlTemplate\":\"https:\\\/\\\/informelitoral.com.ar\\\/?s={search_term_string}\"},\"query-input\":{\"@type\":\"PropertyValueSpecification\",\"valueRequired\":true,\"valueName\":\"search_term_string\"}}],\"inLanguage\":\"es\"},{\"@type\":\"Organization\",\"@id\":\"https:\\\/\\\/informelitoral.com.ar\\\/#organization\",\"name\":\"Informe Litoral\",\"url\":\"https:\\\/\\\/informelitoral.com.ar\\\/\",\"logo\":{\"@type\":\"ImageObject\",\"inLanguage\":\"es\",\"@id\":\"https:\\\/\\\/informelitoral.com.ar\\\/#\\\/schema\\\/logo\\\/image\\\/\",\"url\":\"https:\\\/\\\/informelitoral.com.ar\\\/%77%70%2d%63%6f%6e%74%65%6e%74\\\/uploads\\\/2021\\\/01\\\/circulo.png\",\"contentUrl\":\"https:\\\/\\\/informelitoral.com.ar\\\/%77%70%2d%63%6f%6e%74%65%6e%74\\\/uploads\\\/2021\\\/01\\\/circulo.png\",\"width\":723,\"height\":731,\"caption\":\"Informe Litoral\"},\"image\":{\"@id\":\"https:\\\/\\\/informelitoral.com.ar\\\/#\\\/schema\\\/logo\\\/image\\\/\"},\"sameAs\":[\"https:\\\/\\\/www.facebook.com\\\/informelitoral\\\/\",\"https:\\\/\\\/x.com\\\/InformeLitoral\",\"https:\\\/\\\/www.instagram.com\\\/informelitoral\\\/\",\"https:\\\/\\\/www.youtube.com\\\/channel\\\/UCua4Qvz8Icb6MYqhoq9xLXw\"]},{\"@type\":\"Person\",\"@id\":\"https:\\\/\\\/informelitoral.com.ar\\\/#\\\/schema\\\/person\\\/b9d00407c836482871ef1d57bf8e3180\",\"name\":\"Gonzalo Schmidt\",\"image\":{\"@type\":\"ImageObject\",\"inLanguage\":\"es\",\"@id\":\"https:\\\/\\\/secure.gravatar.com\\\/avatar\\\/31a1a7b66ff2de83bd0e9fd79d026630d2d99e55e8bfe501287647b4fd9743de?s=96&d=mm&r=g\",\"url\":\"https:\\\/\\\/secure.gravatar.com\\\/avatar\\\/31a1a7b66ff2de83bd0e9fd79d026630d2d99e55e8bfe501287647b4fd9743de?s=96&d=mm&r=g\",\"contentUrl\":\"https:\\\/\\\/secure.gravatar.com\\\/avatar\\\/31a1a7b66ff2de83bd0e9fd79d026630d2d99e55e8bfe501287647b4fd9743de?s=96&d=mm&r=g\",\"caption\":\"Gonzalo Schmidt\"},\"description\":\"Sitio web de noticias de la provincia de Entre R\u00edos, Argentina. Informaci\u00f3n y entretenimiento. Informe Litoral, nos informamos.\",\"sameAs\":[\"http:\\\/\\\/www.isletasnoticias.com.ar\"],\"url\":\"https:\\\/\\\/informelitoral.com.ar\\\/author\\\/gonzalo\\\/\"}]}<\/script>","yoast_head_json":{"title":"La salud de Chano Charpentier: se espera un nuevo parte m\u00e9dico - Informe Litoral","robots":{"index":"index","follow":"follow","max-snippet":"max-snippet:-1","max-image-preview":"max-image-preview:large","max-video-preview":"max-video-preview:-1"},"canonical":"https:\/\/informelitoral.com.ar\/la-salud-de-chano-charpentier-se-espera-un-nuevo-parte-medico\/","og_locale":"es_ES","og_type":"article","og_title":"La salud de Chano Charpentier: se espera un nuevo parte m\u00e9dico - Informe Litoral","og_description":"El ex cantante de Tan Bi\u00f3nica habr\u00eda intentado apu\u00f1alar a un polic\u00eda y recibi\u00f3 un impacto de bala. Est\u00e1 internado en el Sanatorio Otamendi y le extirparon el bazo, el cuerpo y cola del p\u00e1ncreas, el ri\u00f1\u00f3n izquierdo y le suturaron una perforaci\u00f3n del colon.","og_url":"https:\/\/informelitoral.com.ar\/la-salud-de-chano-charpentier-se-espera-un-nuevo-parte-medico\/","og_site_name":"Informe Litoral","article_publisher":"https:\/\/www.facebook.com\/informelitoral\/","article_published_time":"2021-07-26T20:21:06+00:00","article_modified_time":"2021-07-26T20:22:31+00:00","og_image":[{"width":879,"height":586,"url":"https:\/\/informelitoral.com.ar\/%77%70%2d%63%6f%6e%74%65%6e%74\/uploads\/2021\/07\/chano-charpentier.jpg","type":"image\/jpeg"}],"author":"Gonzalo Schmidt","twitter_card":"summary_large_image","twitter_creator":"@InformeLitoral","twitter_site":"@InformeLitoral","twitter_misc":{"Escrito por":"Gonzalo Schmidt","Tiempo de lectura":"1 minuto"},"schema":{"@context":"https:\/\/schema.org","@graph":[{"@type":"Article","@id":"https:\/\/informelitoral.com.ar\/la-salud-de-chano-charpentier-se-espera-un-nuevo-parte-medico\/#article","isPartOf":{"@id":"https:\/\/informelitoral.com.ar\/la-salud-de-chano-charpentier-se-espera-un-nuevo-parte-medico\/"},"author":{"name":"Gonzalo Schmidt","@id":"https:\/\/informelitoral.com.ar\/#\/schema\/person\/b9d00407c836482871ef1d57bf8e3180"},"headline":"La salud de Chano Charpentier: se espera un nuevo parte m\u00e9dico","datePublished":"2021-07-26T20:21:06+00:00","dateModified":"2021-07-26T20:22:31+00:00","mainEntityOfPage":{"@id":"https:\/\/informelitoral.com.ar\/la-salud-de-chano-charpentier-se-espera-un-nuevo-parte-medico\/"},"wordCount":220,"commentCount":0,"publisher":{"@id":"https:\/\/informelitoral.com.ar\/#organization"},"image":{"@id":"https:\/\/informelitoral.com.ar\/la-salud-de-chano-charpentier-se-espera-un-nuevo-parte-medico\/#primaryimage"},"thumbnailUrl":"https:\/\/informelitoral.com.ar\/%77%70%2d%63%6f%6e%74%65%6e%74\/uploads\/2021\/07\/chano-charpentier.jpg","keywords":["Chano Charpentier"],"articleSection":["Policiales"],"inLanguage":"es","potentialAction":[{"@type":"CommentAction","name":"Comment","target":["https:\/\/informelitoral.com.ar\/la-salud-de-chano-charpentier-se-espera-un-nuevo-parte-medico\/#respond"]}]},{"@type":"WebPage","@id":"https:\/\/informelitoral.com.ar\/la-salud-de-chano-charpentier-se-espera-un-nuevo-parte-medico\/","url":"https:\/\/informelitoral.com.ar\/la-salud-de-chano-charpentier-se-espera-un-nuevo-parte-medico\/","name":"La salud de Chano Charpentier: se espera un nuevo parte m\u00e9dico - Informe Litoral","isPartOf":{"@id":"https:\/\/informelitoral.com.ar\/#website"},"primaryImageOfPage":{"@id":"https:\/\/informelitoral.com.ar\/la-salud-de-chano-charpentier-se-espera-un-nuevo-parte-medico\/#primaryimage"},"image":{"@id":"https:\/\/informelitoral.com.ar\/la-salud-de-chano-charpentier-se-espera-un-nuevo-parte-medico\/#primaryimage"},"thumbnailUrl":"https:\/\/informelitoral.com.ar\/%77%70%2d%63%6f%6e%74%65%6e%74\/uploads\/2021\/07\/chano-charpentier.jpg","datePublished":"2021-07-26T20:21:06+00:00","dateModified":"2021-07-26T20:22:31+00:00","breadcrumb":{"@id":"https:\/\/informelitoral.com.ar\/la-salud-de-chano-charpentier-se-espera-un-nuevo-parte-medico\/#breadcrumb"},"inLanguage":"es","potentialAction":[{"@type":"ReadAction","target":["https:\/\/informelitoral.com.ar\/la-salud-de-chano-charpentier-se-espera-un-nuevo-parte-medico\/"]}]},{"@type":"ImageObject","inLanguage":"es","@id":"https:\/\/informelitoral.com.ar\/la-salud-de-chano-charpentier-se-espera-un-nuevo-parte-medico\/#primaryimage","url":"https:\/\/informelitoral.com.ar\/%77%70%2d%63%6f%6e%74%65%6e%74\/uploads\/2021\/07\/chano-charpentier.jpg","contentUrl":"https:\/\/informelitoral.com.ar\/%77%70%2d%63%6f%6e%74%65%6e%74\/uploads\/2021\/07\/chano-charpentier.jpg","width":879,"height":586},{"@type":"BreadcrumbList","@id":"https:\/\/informelitoral.com.ar\/la-salud-de-chano-charpentier-se-espera-un-nuevo-parte-medico\/#breadcrumb","itemListElement":[{"@type":"ListItem","position":1,"name":"Portada","item":"https:\/\/informelitoral.com.ar\/"},{"@type":"ListItem","position":2,"name":"La salud de Chano Charpentier: se espera un nuevo parte m\u00e9dico"}]},{"@type":"WebSite","@id":"https:\/\/informelitoral.com.ar\/#website","url":"https:\/\/informelitoral.com.ar\/","name":"Informe Litoral","description":"&quot;Nos informamos&quot; ","publisher":{"@id":"https:\/\/informelitoral.com.ar\/#organization"},"potentialAction":[{"@type":"SearchAction","target":{"@type":"EntryPoint","urlTemplate":"https:\/\/informelitoral.com.ar\/?s={search_term_string}"},"query-input":{"@type":"PropertyValueSpecification","valueRequired":true,"valueName":"search_term_string"}}],"inLanguage":"es"},{"@type":"Organization","@id":"https:\/\/informelitoral.com.ar\/#organization","name":"Informe Litoral","url":"https:\/\/informelitoral.com.ar\/","logo":{"@type":"ImageObject","inLanguage":"es","@id":"https:\/\/informelitoral.com.ar\/#\/schema\/logo\/image\/","url":"https:\/\/informelitoral.com.ar\/%77%70%2d%63%6f%6e%74%65%6e%74\/uploads\/2021\/01\/circulo.png","contentUrl":"https:\/\/informelitoral.com.ar\/%77%70%2d%63%6f%6e%74%65%6e%74\/uploads\/2021\/01\/circulo.png","width":723,"height":731,"caption":"Informe Litoral"},"image":{"@id":"https:\/\/informelitoral.com.ar\/#\/schema\/logo\/image\/"},"sameAs":["https:\/\/www.facebook.com\/informelitoral\/","https:\/\/x.com\/InformeLitoral","https:\/\/www.instagram.com\/informelitoral\/","https:\/\/www.youtube.com\/channel\/UCua4Qvz8Icb6MYqhoq9xLXw"]},{"@type":"Person","@id":"https:\/\/informelitoral.com.ar\/#\/schema\/person\/b9d00407c836482871ef1d57bf8e3180","name":"Gonzalo Schmidt","image":{"@type":"ImageObject","inLanguage":"es","@id":"https:\/\/secure.gravatar.com\/avatar\/31a1a7b66ff2de83bd0e9fd79d026630d2d99e55e8bfe501287647b4fd9743de?s=96&d=mm&r=g","url":"https:\/\/secure.gravatar.com\/avatar\/31a1a7b66ff2de83bd0e9fd79d026630d2d99e55e8bfe501287647b4fd9743de?s=96&d=mm&r=g","contentUrl":"https:\/\/secure.gravatar.com\/avatar\/31a1a7b66ff2de83bd0e9fd79d026630d2d99e55e8bfe501287647b4fd9743de?s=96&d=mm&r=g","caption":"Gonzalo Schmidt"},"description":"Sitio web de noticias de la provincia de Entre R\u00edos, Argentina. Informaci\u00f3n y entretenimiento. Informe Litoral, nos informamos.","sameAs":["http:\/\/www.isletasnoticias.com.ar"],"url":"https:\/\/informelitoral.com.ar\/author\/gonzalo\/"}]}},"_links":{"self":[{"href":"https:\/\/informelitoral.com.ar\/%77%70%2d%6a%73%6f%6e\/wp\/v2\/posts\/62898","targetHints":{"allow":["GET"]}}],"collection":[{"href":"https:\/\/informelitoral.com.ar\/%77%70%2d%6a%73%6f%6e\/wp\/v2\/posts"}],"about":[{"href":"https:\/\/informelitoral.com.ar\/%77%70%2d%6a%73%6f%6e\/wp\/v2\/types\/post"}],"author":[{"embeddable":true,"href":"https:\/\/informelitoral.com.ar\/%77%70%2d%6a%73%6f%6e\/wp\/v2\/users\/2"}],"replies":[{"embeddable":true,"href":"https:\/\/informelitoral.com.ar\/%77%70%2d%6a%73%6f%6e\/wp\/v2\/comments?post=62898"}],"version-history":[{"count":0,"href":"https:\/\/informelitoral.com.ar\/%77%70%2d%6a%73%6f%6e\/wp\/v2\/posts\/62898\/revisions"}],"wp:featuredmedia":[{"embeddable":true,"href":"https:\/\/informelitoral.com.ar\/%77%70%2d%6a%73%6f%6e\/wp\/v2\/media\/62899"}],"wp:attachment":[{"href":"https:\/\/informelitoral.com.ar\/%77%70%2d%6a%73%6f%6e\/wp\/v2\/media?parent=62898"}],"wp:term":[{"taxonomy":"category","embeddable":true,"href":"https:\/\/informelitoral.com.ar\/%77%70%2d%6a%73%6f%6e\/wp\/v2\/categories?post=62898"},{"taxonomy":"post_tag","embeddable":true,"href":"https:\/\/informelitoral.com.ar\/%77%70%2d%6a%73%6f%6e\/wp\/v2\/tags?post=62898"}],"curies":[{"name":"wp","href":"https:\/\/api.w.org\/{rel}","templated":true}]}}