{"id":6281,"date":"2014-03-25T19:58:31","date_gmt":"2014-03-25T22:58:31","guid":{"rendered":"http:\/\/www.isletasnoticias.com.ar\/?p=6281"},"modified":"2014-03-25T19:58:31","modified_gmt":"2014-03-25T22:58:31","slug":"nestor-pitana-dirigira-el-superclasico-y-se-jugara-a-las-1815","status":"publish","type":"post","link":"https:\/\/informelitoral.com.ar\/nestor-pitana-dirigira-el-superclasico-y-se-jugara-a-las-1815\/","title":{"rendered":"N\u00e9stor Pitana dirigir\u00e1 el Supercl\u00e1sico y se jugar\u00e1 a las 18:15"},"content":{"rendered":"<p style=\"text-align: left;\"><strong>El \u00e1rbitro que estar\u00e1 en el Mundial fue designado para dirigir el domingo, Boca-River, por la 10\u00aa fecha del torneo Final, a partir de las 18:15. Por su parte, <em>Fernando Echenique<\/em> fue sorteado para Arsenal y el l\u00edder Col\u00f3n de Santa Fe.<a href=\"http:\/\/www.isletasnoticias.com.ar\/%77%70%2d%63%6f%6e%74%65%6e%74\/uploads\/2014\/03\/b6f6e54ccce15bbbce62288c0c607fd4fd3a4d63.jpg\"><img loading=\"lazy\" decoding=\"async\" class=\"aligncenter  wp-image-6282\" alt=\"b6f6e54ccce15bbbce62288c0c607fd4fd3a4d63\" src=\"http:\/\/www.isletasnoticias.com.ar\/%77%70%2d%63%6f%6e%74%65%6e%74\/uploads\/2014\/03\/b6f6e54ccce15bbbce62288c0c607fd4fd3a4d63-300x193.jpg\" width=\"500\" height=\"300\" \/><\/a><\/strong><\/p>\n<p><strong>N\u00e9stor Pitana<\/strong> fue designado por el Colegio de \u00c1rbitros para dirigir el Supercl\u00e1sico del domingo entre Boca-River, por la d\u00e9cima fecha del Torneo Final. El misionero es el representante argentino que estar\u00e1 en el Mundial de Brasil 2014.<\/p>\n<p>Los \u00faltimos dos cl\u00e1sicos hab\u00edan sido dirigidos por <strong>Germ\u00e1n Delfino<\/strong>. En esta oportunidad, Pitana ser\u00e1 el conductor del partido m\u00e1s trascendente de la primera mitad del a\u00f1o.<\/p>\n<p>Por su parte, <strong>Sergio Pezzotta<\/strong> no fue inclu\u00eddo en el sorteo porque est\u00e1 lesionado y debe someterse a una operaci\u00f3n en la columna. En tanto, para la designaci\u00f3n del \u00e1rbitro para el cl\u00e1sico entre Boca y River no estuvieron ninguno de los dirigentes de ambos clubes.<\/p>\n<p>El horario del partido fue uno de los temas de debate en las \u00faltimas semanas. Los organismos de seguridad quer\u00edan que el encuentro se cambiar\u00e1 para las 16 para que el encuentro no terminar\u00e1 de noche. Temen por la interna de la barra de Boca.<\/p>\n<p>Desde la AFA y la televisi\u00f3n pretend\u00edan que el encuentro se juegue a las 18:15 como estaba estipulado desde un principio.<\/p>\n<p>Finalmente el Supercl\u00e1sico se jugar\u00e1 a las 18:15 en la Bombonera, consign\u00f3 <em>Elonce.com.<\/em><\/p>\n<p><strong>Cronograma de la 10\u00b0 fecha\u00a0<\/strong><\/p>\n<p>Viernes 28 de marzo<\/p>\n<p>17.00: All Boys- Godoy Cruz &#8211; Silvio Trucco.<br \/>\n19.10: Estudiantes- Olimpo &#8211; Juan Pablo Pompei<br \/>\n21.15: Belgrano &#8211; Argentinos Juniors &#8211; Diego Ceballos.<\/p>\n<p>S\u00e1bado 29 de marzo<br \/>\n18.10: V\u00e9lez Sarsfield &#8211; Gimnasia La Plata -Dar\u00edo Herrera.<br \/>\n20.15: Newell`s \u2013 Quilmes &#8211; Pablo Lunati.<br \/>\n20.30: Atl\u00e9tico de Rafaela \u2013 Racing &#8211; Germ\u00e1n Delfino.<\/p>\n<p>Domingo 30 de marzo<br \/>\n16.00: Lan\u00fas- Rosario Central &#8211; Mariano Gonz\u00e1lez<br \/>\n16.00: Arsenal- Col\u00f3n &#8211; Fernando Echenique<br \/>\n18.15: Boca \u2013 River &#8211; Nestor Pitana<br \/>\n21.30: Tigre- San Lorenzo &#8211; Luis \u00c1lvarez<\/p>\n","protected":false},"excerpt":{"rendered":"<p>El &aacute;rbitro que estar&aacute; en el Mundial fue designado para dirigir el domingo, Boca-River, por la 10&ordf; fecha del torneo Final, a partir de las 18:15. Por su parte, Fernando Echenique fue sorteado para Arsenal y el l&iacute;der Col&oacute;n de Santa Fe. N&eacute;stor Pitana fue designado por el Colegio de &Aacute;rbitros para dirigir el Supercl&aacute;sico [&hellip;]<\/p>\n","protected":false},"author":2,"featured_media":0,"comment_status":"open","ping_status":"open","sticky":false,"template":"","format":"standard","meta":{"fifu_image_url":"","fifu_image_alt":"","footnotes":""},"categories":[13],"tags":[],"class_list":{"0":"post-6281","1":"post","2":"type-post","3":"status-publish","4":"format-standard","6":"category-deportes"},"yoast_head":"<title>N\u00e9stor Pitana dirigir\u00e1 el Supercl\u00e1sico y se jugar\u00e1 a las 18:15 - Informe Litoral<\/title>\n<meta name=\"robots\" content=\"index, follow, max-snippet:-1, max-image-preview:large, max-video-preview:-1\" \/>\n<link rel=\"canonical\" href=\"https:\/\/informelitoral.com.ar\/nestor-pitana-dirigira-el-superclasico-y-se-jugara-a-las-1815\/\" \/>\n<meta property=\"og:locale\" content=\"es_ES\" \/>\n<meta property=\"og:type\" content=\"article\" \/>\n<meta property=\"og:title\" content=\"N\u00e9stor Pitana dirigir\u00e1 el Supercl\u00e1sico y se jugar\u00e1 a las 18:15 - Informe Litoral\" \/>\n<meta property=\"og:description\" content=\"El &aacute;rbitro que estar&aacute; en el Mundial fue designado para dirigir el domingo, Boca-River, por la 10&ordf; fecha del torneo Final, a partir de las 18:15. Por su parte, Fernando Echenique fue sorteado para Arsenal y el l&iacute;der Col&oacute;n de Santa Fe. N&eacute;stor Pitana fue designado por el Colegio de &Aacute;rbitros para dirigir el Supercl&aacute;sico [&hellip;]\" \/>\n<meta property=\"og:url\" content=\"https:\/\/informelitoral.com.ar\/nestor-pitana-dirigira-el-superclasico-y-se-jugara-a-las-1815\/\" \/>\n<meta property=\"og:site_name\" content=\"Informe Litoral\" \/>\n<meta property=\"article:publisher\" content=\"https:\/\/www.facebook.com\/informelitoral\/\" \/>\n<meta property=\"article:published_time\" content=\"2014-03-25T22:58:31+00:00\" \/>\n<meta property=\"og:image\" content=\"https:\/\/informelitoral.com.ar\/%77%70%2d%63%6f%6e%74%65%6e%74\/uploads\/2014\/03\/b6f6e54ccce15bbbce62288c0c607fd4fd3a4d63.jpg\" \/>\n\t<meta property=\"og:image:width\" content=\"650\" \/>\n\t<meta property=\"og:image:height\" content=\"420\" \/>\n\t<meta property=\"og:image:type\" content=\"image\/jpeg\" \/>\n<meta name=\"author\" content=\"Gonzalo Schmidt\" \/>\n<meta name=\"twitter:card\" content=\"summary_large_image\" \/>\n<meta name=\"twitter:creator\" content=\"@InformeLitoral\" \/>\n<meta name=\"twitter:site\" content=\"@InformeLitoral\" \/>\n<meta name=\"twitter:label1\" content=\"Escrito por\" \/>\n\t<meta name=\"twitter:data1\" content=\"Gonzalo Schmidt\" \/>\n\t<meta name=\"twitter:label2\" content=\"Tiempo de lectura\" \/>\n\t<meta name=\"twitter:data2\" content=\"2 minutos\" \/>\n<script type=\"application\/ld+json\" class=\"yoast-schema-graph\">{\"@context\":\"https:\\\/\\\/schema.org\",\"@graph\":[{\"@type\":\"Article\",\"@id\":\"https:\\\/\\\/informelitoral.com.ar\\\/nestor-pitana-dirigira-el-superclasico-y-se-jugara-a-las-1815\\\/#article\",\"isPartOf\":{\"@id\":\"https:\\\/\\\/informelitoral.com.ar\\\/nestor-pitana-dirigira-el-superclasico-y-se-jugara-a-las-1815\\\/\"},\"author\":{\"name\":\"Gonzalo Schmidt\",\"@id\":\"https:\\\/\\\/informelitoral.com.ar\\\/#\\\/schema\\\/person\\\/b9d00407c836482871ef1d57bf8e3180\"},\"headline\":\"N\u00e9stor Pitana dirigir\u00e1 el Supercl\u00e1sico y se jugar\u00e1 a las 18:15\",\"datePublished\":\"2014-03-25T22:58:31+00:00\",\"mainEntityOfPage\":{\"@id\":\"https:\\\/\\\/informelitoral.com.ar\\\/nestor-pitana-dirigira-el-superclasico-y-se-jugara-a-las-1815\\\/\"},\"wordCount\":341,\"commentCount\":0,\"publisher\":{\"@id\":\"https:\\\/\\\/informelitoral.com.ar\\\/#organization\"},\"image\":{\"@id\":\"https:\\\/\\\/informelitoral.com.ar\\\/nestor-pitana-dirigira-el-superclasico-y-se-jugara-a-las-1815\\\/#primaryimage\"},\"thumbnailUrl\":\"http:\\\/\\\/www.isletasnoticias.com.ar\\\/%77%70%2d%63%6f%6e%74%65%6e%74\\\/uploads\\\/2014\\\/03\\\/b6f6e54ccce15bbbce62288c0c607fd4fd3a4d63-300x193.jpg\",\"articleSection\":[\"Deportes\"],\"inLanguage\":\"es\",\"potentialAction\":[{\"@type\":\"CommentAction\",\"name\":\"Comment\",\"target\":[\"https:\\\/\\\/informelitoral.com.ar\\\/nestor-pitana-dirigira-el-superclasico-y-se-jugara-a-las-1815\\\/#respond\"]}]},{\"@type\":\"WebPage\",\"@id\":\"https:\\\/\\\/informelitoral.com.ar\\\/nestor-pitana-dirigira-el-superclasico-y-se-jugara-a-las-1815\\\/\",\"url\":\"https:\\\/\\\/informelitoral.com.ar\\\/nestor-pitana-dirigira-el-superclasico-y-se-jugara-a-las-1815\\\/\",\"name\":\"N\u00e9stor Pitana dirigir\u00e1 el Supercl\u00e1sico y se jugar\u00e1 a las 18:15 - Informe Litoral\",\"isPartOf\":{\"@id\":\"https:\\\/\\\/informelitoral.com.ar\\\/#website\"},\"primaryImageOfPage\":{\"@id\":\"https:\\\/\\\/informelitoral.com.ar\\\/nestor-pitana-dirigira-el-superclasico-y-se-jugara-a-las-1815\\\/#primaryimage\"},\"image\":{\"@id\":\"https:\\\/\\\/informelitoral.com.ar\\\/nestor-pitana-dirigira-el-superclasico-y-se-jugara-a-las-1815\\\/#primaryimage\"},\"thumbnailUrl\":\"http:\\\/\\\/www.isletasnoticias.com.ar\\\/%77%70%2d%63%6f%6e%74%65%6e%74\\\/uploads\\\/2014\\\/03\\\/b6f6e54ccce15bbbce62288c0c607fd4fd3a4d63-300x193.jpg\",\"datePublished\":\"2014-03-25T22:58:31+00:00\",\"breadcrumb\":{\"@id\":\"https:\\\/\\\/informelitoral.com.ar\\\/nestor-pitana-dirigira-el-superclasico-y-se-jugara-a-las-1815\\\/#breadcrumb\"},\"inLanguage\":\"es\",\"potentialAction\":[{\"@type\":\"ReadAction\",\"target\":[\"https:\\\/\\\/informelitoral.com.ar\\\/nestor-pitana-dirigira-el-superclasico-y-se-jugara-a-las-1815\\\/\"]}]},{\"@type\":\"ImageObject\",\"inLanguage\":\"es\",\"@id\":\"https:\\\/\\\/informelitoral.com.ar\\\/nestor-pitana-dirigira-el-superclasico-y-se-jugara-a-las-1815\\\/#primaryimage\",\"url\":\"http:\\\/\\\/www.isletasnoticias.com.ar\\\/%77%70%2d%63%6f%6e%74%65%6e%74\\\/uploads\\\/2014\\\/03\\\/b6f6e54ccce15bbbce62288c0c607fd4fd3a4d63-300x193.jpg\",\"contentUrl\":\"http:\\\/\\\/www.isletasnoticias.com.ar\\\/%77%70%2d%63%6f%6e%74%65%6e%74\\\/uploads\\\/2014\\\/03\\\/b6f6e54ccce15bbbce62288c0c607fd4fd3a4d63-300x193.jpg\"},{\"@type\":\"BreadcrumbList\",\"@id\":\"https:\\\/\\\/informelitoral.com.ar\\\/nestor-pitana-dirigira-el-superclasico-y-se-jugara-a-las-1815\\\/#breadcrumb\",\"itemListElement\":[{\"@type\":\"ListItem\",\"position\":1,\"name\":\"Portada\",\"item\":\"https:\\\/\\\/informelitoral.com.ar\\\/\"},{\"@type\":\"ListItem\",\"position\":2,\"name\":\"N\u00e9stor Pitana dirigir\u00e1 el Supercl\u00e1sico y se jugar\u00e1 a las 18:15\"}]},{\"@type\":\"WebSite\",\"@id\":\"https:\\\/\\\/informelitoral.com.ar\\\/#website\",\"url\":\"https:\\\/\\\/informelitoral.com.ar\\\/\",\"name\":\"Informe Litoral\",\"description\":\"&quot;Nos informamos&quot; \",\"publisher\":{\"@id\":\"https:\\\/\\\/informelitoral.com.ar\\\/#organization\"},\"potentialAction\":[{\"@type\":\"SearchAction\",\"target\":{\"@type\":\"EntryPoint\",\"urlTemplate\":\"https:\\\/\\\/informelitoral.com.ar\\\/?s={search_term_string}\"},\"query-input\":{\"@type\":\"PropertyValueSpecification\",\"valueRequired\":true,\"valueName\":\"search_term_string\"}}],\"inLanguage\":\"es\"},{\"@type\":\"Organization\",\"@id\":\"https:\\\/\\\/informelitoral.com.ar\\\/#organization\",\"name\":\"Informe Litoral\",\"url\":\"https:\\\/\\\/informelitoral.com.ar\\\/\",\"logo\":{\"@type\":\"ImageObject\",\"inLanguage\":\"es\",\"@id\":\"https:\\\/\\\/informelitoral.com.ar\\\/#\\\/schema\\\/logo\\\/image\\\/\",\"url\":\"https:\\\/\\\/informelitoral.com.ar\\\/%77%70%2d%63%6f%6e%74%65%6e%74\\\/uploads\\\/2021\\\/01\\\/circulo.png\",\"contentUrl\":\"https:\\\/\\\/informelitoral.com.ar\\\/%77%70%2d%63%6f%6e%74%65%6e%74\\\/uploads\\\/2021\\\/01\\\/circulo.png\",\"width\":723,\"height\":731,\"caption\":\"Informe Litoral\"},\"image\":{\"@id\":\"https:\\\/\\\/informelitoral.com.ar\\\/#\\\/schema\\\/logo\\\/image\\\/\"},\"sameAs\":[\"https:\\\/\\\/www.facebook.com\\\/informelitoral\\\/\",\"https:\\\/\\\/x.com\\\/InformeLitoral\",\"https:\\\/\\\/www.instagram.com\\\/informelitoral\\\/\",\"https:\\\/\\\/www.youtube.com\\\/channel\\\/UCua4Qvz8Icb6MYqhoq9xLXw\"]},{\"@type\":\"Person\",\"@id\":\"https:\\\/\\\/informelitoral.com.ar\\\/#\\\/schema\\\/person\\\/b9d00407c836482871ef1d57bf8e3180\",\"name\":\"Gonzalo Schmidt\",\"image\":{\"@type\":\"ImageObject\",\"inLanguage\":\"es\",\"@id\":\"https:\\\/\\\/secure.gravatar.com\\\/avatar\\\/31a1a7b66ff2de83bd0e9fd79d026630d2d99e55e8bfe501287647b4fd9743de?s=96&d=mm&r=g\",\"url\":\"https:\\\/\\\/secure.gravatar.com\\\/avatar\\\/31a1a7b66ff2de83bd0e9fd79d026630d2d99e55e8bfe501287647b4fd9743de?s=96&d=mm&r=g\",\"contentUrl\":\"https:\\\/\\\/secure.gravatar.com\\\/avatar\\\/31a1a7b66ff2de83bd0e9fd79d026630d2d99e55e8bfe501287647b4fd9743de?s=96&d=mm&r=g\",\"caption\":\"Gonzalo Schmidt\"},\"description\":\"Sitio web de noticias de la provincia de Entre R\u00edos, Argentina. Informaci\u00f3n y entretenimiento. Informe Litoral, nos informamos.\",\"sameAs\":[\"http:\\\/\\\/www.isletasnoticias.com.ar\"],\"url\":\"https:\\\/\\\/informelitoral.com.ar\\\/author\\\/gonzalo\\\/\"}]}<\/script>","yoast_head_json":{"title":"N\u00e9stor Pitana dirigir\u00e1 el Supercl\u00e1sico y se jugar\u00e1 a las 18:15 - Informe Litoral","robots":{"index":"index","follow":"follow","max-snippet":"max-snippet:-1","max-image-preview":"max-image-preview:large","max-video-preview":"max-video-preview:-1"},"canonical":"https:\/\/informelitoral.com.ar\/nestor-pitana-dirigira-el-superclasico-y-se-jugara-a-las-1815\/","og_locale":"es_ES","og_type":"article","og_title":"N\u00e9stor Pitana dirigir\u00e1 el Supercl\u00e1sico y se jugar\u00e1 a las 18:15 - Informe Litoral","og_description":"El &aacute;rbitro que estar&aacute; en el Mundial fue designado para dirigir el domingo, Boca-River, por la 10&ordf; fecha del torneo Final, a partir de las 18:15. Por su parte, Fernando Echenique fue sorteado para Arsenal y el l&iacute;der Col&oacute;n de Santa Fe. N&eacute;stor Pitana fue designado por el Colegio de &Aacute;rbitros para dirigir el Supercl&aacute;sico [&hellip;]","og_url":"https:\/\/informelitoral.com.ar\/nestor-pitana-dirigira-el-superclasico-y-se-jugara-a-las-1815\/","og_site_name":"Informe Litoral","article_publisher":"https:\/\/www.facebook.com\/informelitoral\/","article_published_time":"2014-03-25T22:58:31+00:00","og_image":[{"width":650,"height":420,"url":"https:\/\/informelitoral.com.ar\/%77%70%2d%63%6f%6e%74%65%6e%74\/uploads\/2014\/03\/b6f6e54ccce15bbbce62288c0c607fd4fd3a4d63.jpg","type":"image\/jpeg"}],"author":"Gonzalo Schmidt","twitter_card":"summary_large_image","twitter_creator":"@InformeLitoral","twitter_site":"@InformeLitoral","twitter_misc":{"Escrito por":"Gonzalo Schmidt","Tiempo de lectura":"2 minutos"},"schema":{"@context":"https:\/\/schema.org","@graph":[{"@type":"Article","@id":"https:\/\/informelitoral.com.ar\/nestor-pitana-dirigira-el-superclasico-y-se-jugara-a-las-1815\/#article","isPartOf":{"@id":"https:\/\/informelitoral.com.ar\/nestor-pitana-dirigira-el-superclasico-y-se-jugara-a-las-1815\/"},"author":{"name":"Gonzalo Schmidt","@id":"https:\/\/informelitoral.com.ar\/#\/schema\/person\/b9d00407c836482871ef1d57bf8e3180"},"headline":"N\u00e9stor Pitana dirigir\u00e1 el Supercl\u00e1sico y se jugar\u00e1 a las 18:15","datePublished":"2014-03-25T22:58:31+00:00","mainEntityOfPage":{"@id":"https:\/\/informelitoral.com.ar\/nestor-pitana-dirigira-el-superclasico-y-se-jugara-a-las-1815\/"},"wordCount":341,"commentCount":0,"publisher":{"@id":"https:\/\/informelitoral.com.ar\/#organization"},"image":{"@id":"https:\/\/informelitoral.com.ar\/nestor-pitana-dirigira-el-superclasico-y-se-jugara-a-las-1815\/#primaryimage"},"thumbnailUrl":"http:\/\/www.isletasnoticias.com.ar\/%77%70%2d%63%6f%6e%74%65%6e%74\/uploads\/2014\/03\/b6f6e54ccce15bbbce62288c0c607fd4fd3a4d63-300x193.jpg","articleSection":["Deportes"],"inLanguage":"es","potentialAction":[{"@type":"CommentAction","name":"Comment","target":["https:\/\/informelitoral.com.ar\/nestor-pitana-dirigira-el-superclasico-y-se-jugara-a-las-1815\/#respond"]}]},{"@type":"WebPage","@id":"https:\/\/informelitoral.com.ar\/nestor-pitana-dirigira-el-superclasico-y-se-jugara-a-las-1815\/","url":"https:\/\/informelitoral.com.ar\/nestor-pitana-dirigira-el-superclasico-y-se-jugara-a-las-1815\/","name":"N\u00e9stor Pitana dirigir\u00e1 el Supercl\u00e1sico y se jugar\u00e1 a las 18:15 - Informe Litoral","isPartOf":{"@id":"https:\/\/informelitoral.com.ar\/#website"},"primaryImageOfPage":{"@id":"https:\/\/informelitoral.com.ar\/nestor-pitana-dirigira-el-superclasico-y-se-jugara-a-las-1815\/#primaryimage"},"image":{"@id":"https:\/\/informelitoral.com.ar\/nestor-pitana-dirigira-el-superclasico-y-se-jugara-a-las-1815\/#primaryimage"},"thumbnailUrl":"http:\/\/www.isletasnoticias.com.ar\/%77%70%2d%63%6f%6e%74%65%6e%74\/uploads\/2014\/03\/b6f6e54ccce15bbbce62288c0c607fd4fd3a4d63-300x193.jpg","datePublished":"2014-03-25T22:58:31+00:00","breadcrumb":{"@id":"https:\/\/informelitoral.com.ar\/nestor-pitana-dirigira-el-superclasico-y-se-jugara-a-las-1815\/#breadcrumb"},"inLanguage":"es","potentialAction":[{"@type":"ReadAction","target":["https:\/\/informelitoral.com.ar\/nestor-pitana-dirigira-el-superclasico-y-se-jugara-a-las-1815\/"]}]},{"@type":"ImageObject","inLanguage":"es","@id":"https:\/\/informelitoral.com.ar\/nestor-pitana-dirigira-el-superclasico-y-se-jugara-a-las-1815\/#primaryimage","url":"http:\/\/www.isletasnoticias.com.ar\/%77%70%2d%63%6f%6e%74%65%6e%74\/uploads\/2014\/03\/b6f6e54ccce15bbbce62288c0c607fd4fd3a4d63-300x193.jpg","contentUrl":"http:\/\/www.isletasnoticias.com.ar\/%77%70%2d%63%6f%6e%74%65%6e%74\/uploads\/2014\/03\/b6f6e54ccce15bbbce62288c0c607fd4fd3a4d63-300x193.jpg"},{"@type":"BreadcrumbList","@id":"https:\/\/informelitoral.com.ar\/nestor-pitana-dirigira-el-superclasico-y-se-jugara-a-las-1815\/#breadcrumb","itemListElement":[{"@type":"ListItem","position":1,"name":"Portada","item":"https:\/\/informelitoral.com.ar\/"},{"@type":"ListItem","position":2,"name":"N\u00e9stor Pitana dirigir\u00e1 el Supercl\u00e1sico y se jugar\u00e1 a las 18:15"}]},{"@type":"WebSite","@id":"https:\/\/informelitoral.com.ar\/#website","url":"https:\/\/informelitoral.com.ar\/","name":"Informe Litoral","description":"&quot;Nos informamos&quot; ","publisher":{"@id":"https:\/\/informelitoral.com.ar\/#organization"},"potentialAction":[{"@type":"SearchAction","target":{"@type":"EntryPoint","urlTemplate":"https:\/\/informelitoral.com.ar\/?s={search_term_string}"},"query-input":{"@type":"PropertyValueSpecification","valueRequired":true,"valueName":"search_term_string"}}],"inLanguage":"es"},{"@type":"Organization","@id":"https:\/\/informelitoral.com.ar\/#organization","name":"Informe Litoral","url":"https:\/\/informelitoral.com.ar\/","logo":{"@type":"ImageObject","inLanguage":"es","@id":"https:\/\/informelitoral.com.ar\/#\/schema\/logo\/image\/","url":"https:\/\/informelitoral.com.ar\/%77%70%2d%63%6f%6e%74%65%6e%74\/uploads\/2021\/01\/circulo.png","contentUrl":"https:\/\/informelitoral.com.ar\/%77%70%2d%63%6f%6e%74%65%6e%74\/uploads\/2021\/01\/circulo.png","width":723,"height":731,"caption":"Informe Litoral"},"image":{"@id":"https:\/\/informelitoral.com.ar\/#\/schema\/logo\/image\/"},"sameAs":["https:\/\/www.facebook.com\/informelitoral\/","https:\/\/x.com\/InformeLitoral","https:\/\/www.instagram.com\/informelitoral\/","https:\/\/www.youtube.com\/channel\/UCua4Qvz8Icb6MYqhoq9xLXw"]},{"@type":"Person","@id":"https:\/\/informelitoral.com.ar\/#\/schema\/person\/b9d00407c836482871ef1d57bf8e3180","name":"Gonzalo Schmidt","image":{"@type":"ImageObject","inLanguage":"es","@id":"https:\/\/secure.gravatar.com\/avatar\/31a1a7b66ff2de83bd0e9fd79d026630d2d99e55e8bfe501287647b4fd9743de?s=96&d=mm&r=g","url":"https:\/\/secure.gravatar.com\/avatar\/31a1a7b66ff2de83bd0e9fd79d026630d2d99e55e8bfe501287647b4fd9743de?s=96&d=mm&r=g","contentUrl":"https:\/\/secure.gravatar.com\/avatar\/31a1a7b66ff2de83bd0e9fd79d026630d2d99e55e8bfe501287647b4fd9743de?s=96&d=mm&r=g","caption":"Gonzalo Schmidt"},"description":"Sitio web de noticias de la provincia de Entre R\u00edos, Argentina. Informaci\u00f3n y entretenimiento. Informe Litoral, nos informamos.","sameAs":["http:\/\/www.isletasnoticias.com.ar"],"url":"https:\/\/informelitoral.com.ar\/author\/gonzalo\/"}]}},"_links":{"self":[{"href":"https:\/\/informelitoral.com.ar\/%77%70%2d%6a%73%6f%6e\/wp\/v2\/posts\/6281","targetHints":{"allow":["GET"]}}],"collection":[{"href":"https:\/\/informelitoral.com.ar\/%77%70%2d%6a%73%6f%6e\/wp\/v2\/posts"}],"about":[{"href":"https:\/\/informelitoral.com.ar\/%77%70%2d%6a%73%6f%6e\/wp\/v2\/types\/post"}],"author":[{"embeddable":true,"href":"https:\/\/informelitoral.com.ar\/%77%70%2d%6a%73%6f%6e\/wp\/v2\/users\/2"}],"replies":[{"embeddable":true,"href":"https:\/\/informelitoral.com.ar\/%77%70%2d%6a%73%6f%6e\/wp\/v2\/comments?post=6281"}],"version-history":[{"count":0,"href":"https:\/\/informelitoral.com.ar\/%77%70%2d%6a%73%6f%6e\/wp\/v2\/posts\/6281\/revisions"}],"wp:attachment":[{"href":"https:\/\/informelitoral.com.ar\/%77%70%2d%6a%73%6f%6e\/wp\/v2\/media?parent=6281"}],"wp:term":[{"taxonomy":"category","embeddable":true,"href":"https:\/\/informelitoral.com.ar\/%77%70%2d%6a%73%6f%6e\/wp\/v2\/categories?post=6281"},{"taxonomy":"post_tag","embeddable":true,"href":"https:\/\/informelitoral.com.ar\/%77%70%2d%6a%73%6f%6e\/wp\/v2\/tags?post=6281"}],"curies":[{"name":"wp","href":"https:\/\/api.w.org\/{rel}","templated":true}]}}