{"id":62806,"date":"2021-07-24T11:22:17","date_gmt":"2021-07-24T14:22:17","guid":{"rendered":"https:\/\/www.informelitoral.com.ar\/?p=62806"},"modified":"2021-07-24T11:22:17","modified_gmt":"2021-07-24T14:22:17","slug":"bajante-del-parana-se-derrumbo-un-sector-de-la-costanera-de-rosario","status":"publish","type":"post","link":"https:\/\/informelitoral.com.ar\/bajante-del-parana-se-derrumbo-un-sector-de-la-costanera-de-rosario\/","title":{"rendered":"Bajante del Paran\u00e1: se derrumb\u00f3 un sector de la costanera de Rosario"},"content":{"rendered":"<p>En medio de la bajante hist\u00f3rica del r\u00edo\u00a0Paran\u00e1<span id=\"saysCMSEmphasiskclnitzadnf\" class=\"saysCMSEmphasis\">, se derrumb\u00f3 este viernes parte de la barranca en la zona del Parque de Espa\u00f1a. El\u00a0derrumbe\u00a0parcial del muelle se dio en la zona cercana a la entrada del teatro Pr\u00edncipe de Asturias.<\/span>\u00a0Muchas personas circulaban al aire libre en la zona pero no hubo ning\u00fan herido.<\/p>\n<p>Todo ocurri\u00f3 \u00aben cuesti\u00f3n de minutos\u00bbaunque se ven\u00edan escuchando ruidos que llamaron la atenci\u00f3n entre los transe\u00fantes, cont\u00f3 una testigo del desmoronamiento al programa\u00a0<em>Telenoche\u00a0Rosario\u00a0(El Tres<\/em>). \u00ab<strong>Nos fuimos alejando por precauci\u00f3n. Era impresionante como se llevaba todo\u201d, relat\u00f3.<\/strong><\/p>\n<p>Asimismo, afirm\u00f3 que el derrumbe<strong>\u00a0\u00abpas\u00f3 un gran barco y pensaron que era ruido de las olas, pero cada vez era peor y empez\u00f3 a llevarse todo\u00bb.<\/strong><\/p>\n<p>Entre cinco y siete personas salieron r\u00e1pidamente cuando comenzaron a escuchar los ruidos que luego derivaron en el derrumbe. Un pescador cont\u00f3 que<strong>\u00a0\u00abla familia que vive abajo alcanz\u00f3 a salir justo porque escucharon los ruidos\u00bb.<\/strong><\/p>\n<p>El representante de Defensa Civil, Mario Gonz\u00e1lez asegur\u00f3 que \u00abno hab\u00eda nadie por suerte\u00bb. Inform\u00f3 que estaba clausurada toda la zona para la circulaci\u00f3n peatonal \u2013desde el inicio de las escalinatas hacia el norte, frente al ingreso al colegio y al teatro\u2013 y solicit\u00f3 no acercase a la zona.<\/p>\n<p>\u00abQueda inhabilitado todo el play\u00f3n, pedimos a la gente que no venga para evitar accidentes a futuro\u00bb, indic\u00f3.<\/p>\n<h4><strong>Mir\u00e1 el video<\/strong><\/h4>\n<div style=\"width: 678px;\" class=\"wp-video\"><video class=\"wp-video-shortcode\" id=\"video-62806-1\" width=\"678\" height=\"382\" preload=\"metadata\" controls=\"controls\"><source type=\"video\/mp4\" src=\"https:\/\/www.informelitoral.com.ar\/%77%70%2d%63%6f%6e%74%65%6e%74\/uploads\/2021\/07\/0039160110.mp4?_=1\" \/><a href=\"https:\/\/www.informelitoral.com.ar\/%77%70%2d%63%6f%6e%74%65%6e%74\/uploads\/2021\/07\/0039160110.mp4\">https:\/\/www.informelitoral.com.ar\/%77%70%2d%63%6f%6e%74%65%6e%74\/uploads\/2021\/07\/0039160110.mp4<\/a><\/video><\/div>\n","protected":false},"excerpt":{"rendered":"<p>El desmoronamiento ocurri\u00f3 el viernes a la tarde y no hubo heridos. Los equipos de Defensa Civil pidieron no circular en las inmediaciones.<\/p>\n","protected":false},"author":2,"featured_media":62808,"comment_status":"open","ping_status":"open","sticky":false,"template":"","format":"standard","meta":{"fifu_image_url":"","fifu_image_alt":"","footnotes":""},"categories":[7],"tags":[1089,2121,816],"class_list":{"0":"post-62806","1":"post","2":"type-post","3":"status-publish","4":"format-standard","5":"has-post-thumbnail","7":"category-nacionales","8":"tag-bajante","9":"tag-bajante-del-parana","10":"tag-rosario"},"yoast_head":"<title>Bajante del Paran\u00e1: se derrumb\u00f3 un sector de la costanera de Rosario - Informe Litoral<\/title>\n<meta name=\"robots\" content=\"index, follow, max-snippet:-1, max-image-preview:large, max-video-preview:-1\" \/>\n<link rel=\"canonical\" href=\"https:\/\/informelitoral.com.ar\/bajante-del-parana-se-derrumbo-un-sector-de-la-costanera-de-rosario\/\" \/>\n<meta property=\"og:locale\" content=\"es_ES\" \/>\n<meta property=\"og:type\" content=\"article\" \/>\n<meta property=\"og:title\" content=\"Bajante del Paran\u00e1: se derrumb\u00f3 un sector de la costanera de Rosario - Informe Litoral\" \/>\n<meta property=\"og:description\" content=\"El desmoronamiento ocurri\u00f3 el viernes a la tarde y no hubo heridos. Los equipos de Defensa Civil pidieron no circular en las inmediaciones.\" \/>\n<meta property=\"og:url\" content=\"https:\/\/informelitoral.com.ar\/bajante-del-parana-se-derrumbo-un-sector-de-la-costanera-de-rosario\/\" \/>\n<meta property=\"og:site_name\" content=\"Informe Litoral\" \/>\n<meta property=\"article:publisher\" content=\"https:\/\/www.facebook.com\/informelitoral\/\" \/>\n<meta property=\"article:published_time\" content=\"2021-07-24T14:22:17+00:00\" \/>\n<meta property=\"og:image\" content=\"https:\/\/informelitoral.com.ar\/%77%70%2d%63%6f%6e%74%65%6e%74\/uploads\/2021\/07\/muelle-parque-espana-derrumbe11jpg.jpg\" \/>\n\t<meta property=\"og:image:width\" content=\"730\" \/>\n\t<meta property=\"og:image:height\" content=\"425\" \/>\n\t<meta property=\"og:image:type\" content=\"image\/jpeg\" \/>\n<meta name=\"author\" content=\"Gonzalo Schmidt\" \/>\n<meta name=\"twitter:card\" content=\"summary_large_image\" \/>\n<meta name=\"twitter:creator\" content=\"@InformeLitoral\" \/>\n<meta name=\"twitter:site\" content=\"@InformeLitoral\" \/>\n<meta name=\"twitter:label1\" content=\"Escrito por\" \/>\n\t<meta name=\"twitter:data1\" content=\"Gonzalo Schmidt\" \/>\n\t<meta name=\"twitter:label2\" content=\"Tiempo de lectura\" \/>\n\t<meta name=\"twitter:data2\" content=\"1 minuto\" \/>\n<script type=\"application\/ld+json\" class=\"yoast-schema-graph\">{\"@context\":\"https:\\\/\\\/schema.org\",\"@graph\":[{\"@type\":\"Article\",\"@id\":\"https:\\\/\\\/informelitoral.com.ar\\\/bajante-del-parana-se-derrumbo-un-sector-de-la-costanera-de-rosario\\\/#article\",\"isPartOf\":{\"@id\":\"https:\\\/\\\/informelitoral.com.ar\\\/bajante-del-parana-se-derrumbo-un-sector-de-la-costanera-de-rosario\\\/\"},\"author\":{\"name\":\"Gonzalo Schmidt\",\"@id\":\"https:\\\/\\\/informelitoral.com.ar\\\/#\\\/schema\\\/person\\\/b9d00407c836482871ef1d57bf8e3180\"},\"headline\":\"Bajante del Paran\u00e1: se derrumb\u00f3 un sector de la costanera de Rosario\",\"datePublished\":\"2021-07-24T14:22:17+00:00\",\"mainEntityOfPage\":{\"@id\":\"https:\\\/\\\/informelitoral.com.ar\\\/bajante-del-parana-se-derrumbo-un-sector-de-la-costanera-de-rosario\\\/\"},\"wordCount\":271,\"commentCount\":0,\"publisher\":{\"@id\":\"https:\\\/\\\/informelitoral.com.ar\\\/#organization\"},\"image\":{\"@id\":\"https:\\\/\\\/informelitoral.com.ar\\\/bajante-del-parana-se-derrumbo-un-sector-de-la-costanera-de-rosario\\\/#primaryimage\"},\"thumbnailUrl\":\"https:\\\/\\\/informelitoral.com.ar\\\/%77%70%2d%63%6f%6e%74%65%6e%74\\\/uploads\\\/2021\\\/07\\\/muelle-parque-espana-derrumbe11jpg.jpg\",\"keywords\":[\"Bajante\",\"Bajante del Paran\u00e1\",\"Rosario\"],\"articleSection\":[\"Nacionales\"],\"inLanguage\":\"es\",\"potentialAction\":[{\"@type\":\"CommentAction\",\"name\":\"Comment\",\"target\":[\"https:\\\/\\\/informelitoral.com.ar\\\/bajante-del-parana-se-derrumbo-un-sector-de-la-costanera-de-rosario\\\/#respond\"]}]},{\"@type\":\"WebPage\",\"@id\":\"https:\\\/\\\/informelitoral.com.ar\\\/bajante-del-parana-se-derrumbo-un-sector-de-la-costanera-de-rosario\\\/\",\"url\":\"https:\\\/\\\/informelitoral.com.ar\\\/bajante-del-parana-se-derrumbo-un-sector-de-la-costanera-de-rosario\\\/\",\"name\":\"Bajante del Paran\u00e1: se derrumb\u00f3 un sector de la costanera de Rosario - Informe Litoral\",\"isPartOf\":{\"@id\":\"https:\\\/\\\/informelitoral.com.ar\\\/#website\"},\"primaryImageOfPage\":{\"@id\":\"https:\\\/\\\/informelitoral.com.ar\\\/bajante-del-parana-se-derrumbo-un-sector-de-la-costanera-de-rosario\\\/#primaryimage\"},\"image\":{\"@id\":\"https:\\\/\\\/informelitoral.com.ar\\\/bajante-del-parana-se-derrumbo-un-sector-de-la-costanera-de-rosario\\\/#primaryimage\"},\"thumbnailUrl\":\"https:\\\/\\\/informelitoral.com.ar\\\/%77%70%2d%63%6f%6e%74%65%6e%74\\\/uploads\\\/2021\\\/07\\\/muelle-parque-espana-derrumbe11jpg.jpg\",\"datePublished\":\"2021-07-24T14:22:17+00:00\",\"breadcrumb\":{\"@id\":\"https:\\\/\\\/informelitoral.com.ar\\\/bajante-del-parana-se-derrumbo-un-sector-de-la-costanera-de-rosario\\\/#breadcrumb\"},\"inLanguage\":\"es\",\"potentialAction\":[{\"@type\":\"ReadAction\",\"target\":[\"https:\\\/\\\/informelitoral.com.ar\\\/bajante-del-parana-se-derrumbo-un-sector-de-la-costanera-de-rosario\\\/\"]}]},{\"@type\":\"ImageObject\",\"inLanguage\":\"es\",\"@id\":\"https:\\\/\\\/informelitoral.com.ar\\\/bajante-del-parana-se-derrumbo-un-sector-de-la-costanera-de-rosario\\\/#primaryimage\",\"url\":\"https:\\\/\\\/informelitoral.com.ar\\\/%77%70%2d%63%6f%6e%74%65%6e%74\\\/uploads\\\/2021\\\/07\\\/muelle-parque-espana-derrumbe11jpg.jpg\",\"contentUrl\":\"https:\\\/\\\/informelitoral.com.ar\\\/%77%70%2d%63%6f%6e%74%65%6e%74\\\/uploads\\\/2021\\\/07\\\/muelle-parque-espana-derrumbe11jpg.jpg\",\"width\":730,\"height\":425},{\"@type\":\"BreadcrumbList\",\"@id\":\"https:\\\/\\\/informelitoral.com.ar\\\/bajante-del-parana-se-derrumbo-un-sector-de-la-costanera-de-rosario\\\/#breadcrumb\",\"itemListElement\":[{\"@type\":\"ListItem\",\"position\":1,\"name\":\"Portada\",\"item\":\"https:\\\/\\\/informelitoral.com.ar\\\/\"},{\"@type\":\"ListItem\",\"position\":2,\"name\":\"Bajante del Paran\u00e1: se derrumb\u00f3 un sector de la costanera de Rosario\"}]},{\"@type\":\"WebSite\",\"@id\":\"https:\\\/\\\/informelitoral.com.ar\\\/#website\",\"url\":\"https:\\\/\\\/informelitoral.com.ar\\\/\",\"name\":\"Informe Litoral\",\"description\":\"&quot;Nos informamos&quot; \",\"publisher\":{\"@id\":\"https:\\\/\\\/informelitoral.com.ar\\\/#organization\"},\"potentialAction\":[{\"@type\":\"SearchAction\",\"target\":{\"@type\":\"EntryPoint\",\"urlTemplate\":\"https:\\\/\\\/informelitoral.com.ar\\\/?s={search_term_string}\"},\"query-input\":{\"@type\":\"PropertyValueSpecification\",\"valueRequired\":true,\"valueName\":\"search_term_string\"}}],\"inLanguage\":\"es\"},{\"@type\":\"Organization\",\"@id\":\"https:\\\/\\\/informelitoral.com.ar\\\/#organization\",\"name\":\"Informe Litoral\",\"url\":\"https:\\\/\\\/informelitoral.com.ar\\\/\",\"logo\":{\"@type\":\"ImageObject\",\"inLanguage\":\"es\",\"@id\":\"https:\\\/\\\/informelitoral.com.ar\\\/#\\\/schema\\\/logo\\\/image\\\/\",\"url\":\"https:\\\/\\\/informelitoral.com.ar\\\/%77%70%2d%63%6f%6e%74%65%6e%74\\\/uploads\\\/2021\\\/01\\\/circulo.png\",\"contentUrl\":\"https:\\\/\\\/informelitoral.com.ar\\\/%77%70%2d%63%6f%6e%74%65%6e%74\\\/uploads\\\/2021\\\/01\\\/circulo.png\",\"width\":723,\"height\":731,\"caption\":\"Informe Litoral\"},\"image\":{\"@id\":\"https:\\\/\\\/informelitoral.com.ar\\\/#\\\/schema\\\/logo\\\/image\\\/\"},\"sameAs\":[\"https:\\\/\\\/www.facebook.com\\\/informelitoral\\\/\",\"https:\\\/\\\/x.com\\\/InformeLitoral\",\"https:\\\/\\\/www.instagram.com\\\/informelitoral\\\/\",\"https:\\\/\\\/www.youtube.com\\\/channel\\\/UCua4Qvz8Icb6MYqhoq9xLXw\"]},{\"@type\":\"Person\",\"@id\":\"https:\\\/\\\/informelitoral.com.ar\\\/#\\\/schema\\\/person\\\/b9d00407c836482871ef1d57bf8e3180\",\"name\":\"Gonzalo Schmidt\",\"image\":{\"@type\":\"ImageObject\",\"inLanguage\":\"es\",\"@id\":\"https:\\\/\\\/secure.gravatar.com\\\/avatar\\\/31a1a7b66ff2de83bd0e9fd79d026630d2d99e55e8bfe501287647b4fd9743de?s=96&d=mm&r=g\",\"url\":\"https:\\\/\\\/secure.gravatar.com\\\/avatar\\\/31a1a7b66ff2de83bd0e9fd79d026630d2d99e55e8bfe501287647b4fd9743de?s=96&d=mm&r=g\",\"contentUrl\":\"https:\\\/\\\/secure.gravatar.com\\\/avatar\\\/31a1a7b66ff2de83bd0e9fd79d026630d2d99e55e8bfe501287647b4fd9743de?s=96&d=mm&r=g\",\"caption\":\"Gonzalo Schmidt\"},\"description\":\"Sitio web de noticias de la provincia de Entre R\u00edos, Argentina. Informaci\u00f3n y entretenimiento. Informe Litoral, nos informamos.\",\"sameAs\":[\"http:\\\/\\\/www.isletasnoticias.com.ar\"],\"url\":\"https:\\\/\\\/informelitoral.com.ar\\\/author\\\/gonzalo\\\/\"}]}<\/script>","yoast_head_json":{"title":"Bajante del Paran\u00e1: se derrumb\u00f3 un sector de la costanera de Rosario - Informe Litoral","robots":{"index":"index","follow":"follow","max-snippet":"max-snippet:-1","max-image-preview":"max-image-preview:large","max-video-preview":"max-video-preview:-1"},"canonical":"https:\/\/informelitoral.com.ar\/bajante-del-parana-se-derrumbo-un-sector-de-la-costanera-de-rosario\/","og_locale":"es_ES","og_type":"article","og_title":"Bajante del Paran\u00e1: se derrumb\u00f3 un sector de la costanera de Rosario - Informe Litoral","og_description":"El desmoronamiento ocurri\u00f3 el viernes a la tarde y no hubo heridos. Los equipos de Defensa Civil pidieron no circular en las inmediaciones.","og_url":"https:\/\/informelitoral.com.ar\/bajante-del-parana-se-derrumbo-un-sector-de-la-costanera-de-rosario\/","og_site_name":"Informe Litoral","article_publisher":"https:\/\/www.facebook.com\/informelitoral\/","article_published_time":"2021-07-24T14:22:17+00:00","og_image":[{"width":730,"height":425,"url":"https:\/\/informelitoral.com.ar\/%77%70%2d%63%6f%6e%74%65%6e%74\/uploads\/2021\/07\/muelle-parque-espana-derrumbe11jpg.jpg","type":"image\/jpeg"}],"author":"Gonzalo Schmidt","twitter_card":"summary_large_image","twitter_creator":"@InformeLitoral","twitter_site":"@InformeLitoral","twitter_misc":{"Escrito por":"Gonzalo Schmidt","Tiempo de lectura":"1 minuto"},"schema":{"@context":"https:\/\/schema.org","@graph":[{"@type":"Article","@id":"https:\/\/informelitoral.com.ar\/bajante-del-parana-se-derrumbo-un-sector-de-la-costanera-de-rosario\/#article","isPartOf":{"@id":"https:\/\/informelitoral.com.ar\/bajante-del-parana-se-derrumbo-un-sector-de-la-costanera-de-rosario\/"},"author":{"name":"Gonzalo Schmidt","@id":"https:\/\/informelitoral.com.ar\/#\/schema\/person\/b9d00407c836482871ef1d57bf8e3180"},"headline":"Bajante del Paran\u00e1: se derrumb\u00f3 un sector de la costanera de Rosario","datePublished":"2021-07-24T14:22:17+00:00","mainEntityOfPage":{"@id":"https:\/\/informelitoral.com.ar\/bajante-del-parana-se-derrumbo-un-sector-de-la-costanera-de-rosario\/"},"wordCount":271,"commentCount":0,"publisher":{"@id":"https:\/\/informelitoral.com.ar\/#organization"},"image":{"@id":"https:\/\/informelitoral.com.ar\/bajante-del-parana-se-derrumbo-un-sector-de-la-costanera-de-rosario\/#primaryimage"},"thumbnailUrl":"https:\/\/informelitoral.com.ar\/%77%70%2d%63%6f%6e%74%65%6e%74\/uploads\/2021\/07\/muelle-parque-espana-derrumbe11jpg.jpg","keywords":["Bajante","Bajante del Paran\u00e1","Rosario"],"articleSection":["Nacionales"],"inLanguage":"es","potentialAction":[{"@type":"CommentAction","name":"Comment","target":["https:\/\/informelitoral.com.ar\/bajante-del-parana-se-derrumbo-un-sector-de-la-costanera-de-rosario\/#respond"]}]},{"@type":"WebPage","@id":"https:\/\/informelitoral.com.ar\/bajante-del-parana-se-derrumbo-un-sector-de-la-costanera-de-rosario\/","url":"https:\/\/informelitoral.com.ar\/bajante-del-parana-se-derrumbo-un-sector-de-la-costanera-de-rosario\/","name":"Bajante del Paran\u00e1: se derrumb\u00f3 un sector de la costanera de Rosario - Informe Litoral","isPartOf":{"@id":"https:\/\/informelitoral.com.ar\/#website"},"primaryImageOfPage":{"@id":"https:\/\/informelitoral.com.ar\/bajante-del-parana-se-derrumbo-un-sector-de-la-costanera-de-rosario\/#primaryimage"},"image":{"@id":"https:\/\/informelitoral.com.ar\/bajante-del-parana-se-derrumbo-un-sector-de-la-costanera-de-rosario\/#primaryimage"},"thumbnailUrl":"https:\/\/informelitoral.com.ar\/%77%70%2d%63%6f%6e%74%65%6e%74\/uploads\/2021\/07\/muelle-parque-espana-derrumbe11jpg.jpg","datePublished":"2021-07-24T14:22:17+00:00","breadcrumb":{"@id":"https:\/\/informelitoral.com.ar\/bajante-del-parana-se-derrumbo-un-sector-de-la-costanera-de-rosario\/#breadcrumb"},"inLanguage":"es","potentialAction":[{"@type":"ReadAction","target":["https:\/\/informelitoral.com.ar\/bajante-del-parana-se-derrumbo-un-sector-de-la-costanera-de-rosario\/"]}]},{"@type":"ImageObject","inLanguage":"es","@id":"https:\/\/informelitoral.com.ar\/bajante-del-parana-se-derrumbo-un-sector-de-la-costanera-de-rosario\/#primaryimage","url":"https:\/\/informelitoral.com.ar\/%77%70%2d%63%6f%6e%74%65%6e%74\/uploads\/2021\/07\/muelle-parque-espana-derrumbe11jpg.jpg","contentUrl":"https:\/\/informelitoral.com.ar\/%77%70%2d%63%6f%6e%74%65%6e%74\/uploads\/2021\/07\/muelle-parque-espana-derrumbe11jpg.jpg","width":730,"height":425},{"@type":"BreadcrumbList","@id":"https:\/\/informelitoral.com.ar\/bajante-del-parana-se-derrumbo-un-sector-de-la-costanera-de-rosario\/#breadcrumb","itemListElement":[{"@type":"ListItem","position":1,"name":"Portada","item":"https:\/\/informelitoral.com.ar\/"},{"@type":"ListItem","position":2,"name":"Bajante del Paran\u00e1: se derrumb\u00f3 un sector de la costanera de Rosario"}]},{"@type":"WebSite","@id":"https:\/\/informelitoral.com.ar\/#website","url":"https:\/\/informelitoral.com.ar\/","name":"Informe Litoral","description":"&quot;Nos informamos&quot; ","publisher":{"@id":"https:\/\/informelitoral.com.ar\/#organization"},"potentialAction":[{"@type":"SearchAction","target":{"@type":"EntryPoint","urlTemplate":"https:\/\/informelitoral.com.ar\/?s={search_term_string}"},"query-input":{"@type":"PropertyValueSpecification","valueRequired":true,"valueName":"search_term_string"}}],"inLanguage":"es"},{"@type":"Organization","@id":"https:\/\/informelitoral.com.ar\/#organization","name":"Informe Litoral","url":"https:\/\/informelitoral.com.ar\/","logo":{"@type":"ImageObject","inLanguage":"es","@id":"https:\/\/informelitoral.com.ar\/#\/schema\/logo\/image\/","url":"https:\/\/informelitoral.com.ar\/%77%70%2d%63%6f%6e%74%65%6e%74\/uploads\/2021\/01\/circulo.png","contentUrl":"https:\/\/informelitoral.com.ar\/%77%70%2d%63%6f%6e%74%65%6e%74\/uploads\/2021\/01\/circulo.png","width":723,"height":731,"caption":"Informe Litoral"},"image":{"@id":"https:\/\/informelitoral.com.ar\/#\/schema\/logo\/image\/"},"sameAs":["https:\/\/www.facebook.com\/informelitoral\/","https:\/\/x.com\/InformeLitoral","https:\/\/www.instagram.com\/informelitoral\/","https:\/\/www.youtube.com\/channel\/UCua4Qvz8Icb6MYqhoq9xLXw"]},{"@type":"Person","@id":"https:\/\/informelitoral.com.ar\/#\/schema\/person\/b9d00407c836482871ef1d57bf8e3180","name":"Gonzalo Schmidt","image":{"@type":"ImageObject","inLanguage":"es","@id":"https:\/\/secure.gravatar.com\/avatar\/31a1a7b66ff2de83bd0e9fd79d026630d2d99e55e8bfe501287647b4fd9743de?s=96&d=mm&r=g","url":"https:\/\/secure.gravatar.com\/avatar\/31a1a7b66ff2de83bd0e9fd79d026630d2d99e55e8bfe501287647b4fd9743de?s=96&d=mm&r=g","contentUrl":"https:\/\/secure.gravatar.com\/avatar\/31a1a7b66ff2de83bd0e9fd79d026630d2d99e55e8bfe501287647b4fd9743de?s=96&d=mm&r=g","caption":"Gonzalo Schmidt"},"description":"Sitio web de noticias de la provincia de Entre R\u00edos, Argentina. Informaci\u00f3n y entretenimiento. Informe Litoral, nos informamos.","sameAs":["http:\/\/www.isletasnoticias.com.ar"],"url":"https:\/\/informelitoral.com.ar\/author\/gonzalo\/"}]}},"_links":{"self":[{"href":"https:\/\/informelitoral.com.ar\/%77%70%2d%6a%73%6f%6e\/wp\/v2\/posts\/62806","targetHints":{"allow":["GET"]}}],"collection":[{"href":"https:\/\/informelitoral.com.ar\/%77%70%2d%6a%73%6f%6e\/wp\/v2\/posts"}],"about":[{"href":"https:\/\/informelitoral.com.ar\/%77%70%2d%6a%73%6f%6e\/wp\/v2\/types\/post"}],"author":[{"embeddable":true,"href":"https:\/\/informelitoral.com.ar\/%77%70%2d%6a%73%6f%6e\/wp\/v2\/users\/2"}],"replies":[{"embeddable":true,"href":"https:\/\/informelitoral.com.ar\/%77%70%2d%6a%73%6f%6e\/wp\/v2\/comments?post=62806"}],"version-history":[{"count":0,"href":"https:\/\/informelitoral.com.ar\/%77%70%2d%6a%73%6f%6e\/wp\/v2\/posts\/62806\/revisions"}],"wp:featuredmedia":[{"embeddable":true,"href":"https:\/\/informelitoral.com.ar\/%77%70%2d%6a%73%6f%6e\/wp\/v2\/media\/62808"}],"wp:attachment":[{"href":"https:\/\/informelitoral.com.ar\/%77%70%2d%6a%73%6f%6e\/wp\/v2\/media?parent=62806"}],"wp:term":[{"taxonomy":"category","embeddable":true,"href":"https:\/\/informelitoral.com.ar\/%77%70%2d%6a%73%6f%6e\/wp\/v2\/categories?post=62806"},{"taxonomy":"post_tag","embeddable":true,"href":"https:\/\/informelitoral.com.ar\/%77%70%2d%6a%73%6f%6e\/wp\/v2\/tags?post=62806"}],"curies":[{"name":"wp","href":"https:\/\/api.w.org\/{rel}","templated":true}]}}