{"id":62769,"date":"2021-07-23T08:24:12","date_gmt":"2021-07-23T11:24:12","guid":{"rendered":"https:\/\/www.informelitoral.com.ar\/?p=62769"},"modified":"2021-07-23T08:25:30","modified_gmt":"2021-07-23T11:25:30","slug":"temperatura-de-verano-y-noche-de-luna-llena-un-viernes-que-no-parece-de-invierno","status":"publish","type":"post","link":"https:\/\/informelitoral.com.ar\/temperatura-de-verano-y-noche-de-luna-llena-un-viernes-que-no-parece-de-invierno\/","title":{"rendered":"Temperatura de verano y noche de luna llena: un viernes que no parece de invierno"},"content":{"rendered":"<p>Julio suele ser el mes m\u00e1s crudo del invierno, pero esto no se cumple, al menos en los \u00faltimos d\u00edas, donde el ascenso de temperaturas es progresivo y hoy llegar\u00e1 a su pico, seg\u00fan el Servicio Meteorol\u00f3gico Nacional -SMN-.<\/p>\n<p>En la previa de una nueva ola polar que afectar\u00e1 a la provincia y una amplia zona del pa\u00eds, se presenta una jornada de viernes pr\u00e1cticamente con condiciones de verano en pleno invierno. Ya en las primeras horas del d\u00eda el term\u00f3metro marc\u00f3 11 grados y as\u00ed seguir\u00e1 escalando hasta alcanzar por lo menos los 25 grados. Con cielo pr\u00e1cticamente despejado y algo de viento, ser\u00e1 una jornada para estar lo m\u00e1s posible al aire libre y observar la luna llena que aparecer\u00e1 gigante por el horizonte, despu\u00e9s del atardecer.<\/p>\n<h3><strong>Qu\u00e9 pasar\u00e1 el fin de semana<\/strong><\/h3>\n<p>El s\u00e1bado las condiciones comenzar\u00e1n a cambiar, ya que adem\u00e1s de haber un leve descenso de temperaturas -se estima que la m\u00ednima sea de 15 y la m\u00e1xima de 23 grados- se prev\u00e9 que por la ma\u00f1ana el cielo est\u00e9 parcialmente nublado y hacia la tarde o noche pronostican lluvias aisladas.<\/p>\n<p>El domingo continuar\u00e1n las tormentas aisladas por la ma\u00f1ana y hacia la tarde o noche el cielo estar\u00e1 algo nublado. Ya no llover\u00e1 pero las temperaturas seguir\u00e1n en descenso, lo que puede ser un aviso para la semana que se viene: la m\u00ednima ser\u00e1 de 13 y la m\u00e1xima de 19 grados.<\/p>\n","protected":false},"excerpt":{"rendered":"<p>Durante la jornada las temperaturas llegar\u00e1n al pico m\u00e1ximo de la semana. El sol prevalecer\u00e1, por lo que estar\u00e1 ideal para estar al aire libre y a la noche, disfrutar del sat\u00e9lite natural de la tierra que estar\u00e1 en su m\u00e1ximo esplendor. Qu\u00e9 pasar\u00e1 el s\u00e1bado y domingo. <\/p>\n","protected":false},"author":2,"featured_media":31357,"comment_status":"open","ping_status":"open","sticky":false,"template":"","format":"standard","meta":{"fifu_image_url":"","fifu_image_alt":"","footnotes":""},"categories":[6],"tags":[38,114,113],"class_list":{"0":"post-62769","1":"post","2":"type-post","3":"status-publish","4":"format-standard","5":"has-post-thumbnail","7":"category-entre-rios","8":"tag-el-tiempo","9":"tag-pronostico","10":"tag-smn"},"yoast_head":"<title>Temperatura de verano y noche de luna llena: un viernes que no parece de invierno - Informe Litoral<\/title>\n<meta name=\"robots\" content=\"index, follow, max-snippet:-1, max-image-preview:large, max-video-preview:-1\" \/>\n<link rel=\"canonical\" href=\"https:\/\/informelitoral.com.ar\/temperatura-de-verano-y-noche-de-luna-llena-un-viernes-que-no-parece-de-invierno\/\" \/>\n<meta property=\"og:locale\" content=\"es_ES\" \/>\n<meta property=\"og:type\" content=\"article\" \/>\n<meta property=\"og:title\" content=\"Temperatura de verano y noche de luna llena: un viernes que no parece de invierno - Informe Litoral\" \/>\n<meta property=\"og:description\" content=\"Durante la jornada las temperaturas llegar\u00e1n al pico m\u00e1ximo de la semana. El sol prevalecer\u00e1, por lo que estar\u00e1 ideal para estar al aire libre y a la noche, disfrutar del sat\u00e9lite natural de la tierra que estar\u00e1 en su m\u00e1ximo esplendor. Qu\u00e9 pasar\u00e1 el s\u00e1bado y domingo.\" \/>\n<meta property=\"og:url\" content=\"https:\/\/informelitoral.com.ar\/temperatura-de-verano-y-noche-de-luna-llena-un-viernes-que-no-parece-de-invierno\/\" \/>\n<meta property=\"og:site_name\" content=\"Informe Litoral\" \/>\n<meta property=\"article:publisher\" content=\"https:\/\/www.facebook.com\/informelitoral\/\" \/>\n<meta property=\"article:published_time\" content=\"2021-07-23T11:24:12+00:00\" \/>\n<meta property=\"article:modified_time\" content=\"2021-07-23T11:25:30+00:00\" \/>\n<meta property=\"og:image\" content=\"https:\/\/informelitoral.com.ar\/%77%70%2d%63%6f%6e%74%65%6e%74\/uploads\/2018\/12\/Senderismo_Luna_Llena_31032018_20-1.jpg\" \/>\n\t<meta property=\"og:image:width\" content=\"1883\" \/>\n\t<meta property=\"og:image:height\" content=\"1259\" \/>\n\t<meta property=\"og:image:type\" content=\"image\/jpeg\" \/>\n<meta name=\"author\" content=\"Gonzalo Schmidt\" \/>\n<meta name=\"twitter:card\" content=\"summary_large_image\" \/>\n<meta name=\"twitter:creator\" content=\"@InformeLitoral\" \/>\n<meta name=\"twitter:site\" content=\"@InformeLitoral\" \/>\n<meta name=\"twitter:label1\" content=\"Escrito por\" \/>\n\t<meta name=\"twitter:data1\" content=\"Gonzalo Schmidt\" \/>\n\t<meta name=\"twitter:label2\" content=\"Tiempo de lectura\" \/>\n\t<meta name=\"twitter:data2\" content=\"1 minuto\" \/>\n<script type=\"application\/ld+json\" class=\"yoast-schema-graph\">{\"@context\":\"https:\\\/\\\/schema.org\",\"@graph\":[{\"@type\":\"Article\",\"@id\":\"https:\\\/\\\/informelitoral.com.ar\\\/temperatura-de-verano-y-noche-de-luna-llena-un-viernes-que-no-parece-de-invierno\\\/#article\",\"isPartOf\":{\"@id\":\"https:\\\/\\\/informelitoral.com.ar\\\/temperatura-de-verano-y-noche-de-luna-llena-un-viernes-que-no-parece-de-invierno\\\/\"},\"author\":{\"name\":\"Gonzalo Schmidt\",\"@id\":\"https:\\\/\\\/informelitoral.com.ar\\\/#\\\/schema\\\/person\\\/b9d00407c836482871ef1d57bf8e3180\"},\"headline\":\"Temperatura de verano y noche de luna llena: un viernes que no parece de invierno\",\"datePublished\":\"2021-07-23T11:24:12+00:00\",\"dateModified\":\"2021-07-23T11:25:30+00:00\",\"mainEntityOfPage\":{\"@id\":\"https:\\\/\\\/informelitoral.com.ar\\\/temperatura-de-verano-y-noche-de-luna-llena-un-viernes-que-no-parece-de-invierno\\\/\"},\"wordCount\":269,\"commentCount\":0,\"publisher\":{\"@id\":\"https:\\\/\\\/informelitoral.com.ar\\\/#organization\"},\"image\":{\"@id\":\"https:\\\/\\\/informelitoral.com.ar\\\/temperatura-de-verano-y-noche-de-luna-llena-un-viernes-que-no-parece-de-invierno\\\/#primaryimage\"},\"thumbnailUrl\":\"https:\\\/\\\/informelitoral.com.ar\\\/%77%70%2d%63%6f%6e%74%65%6e%74\\\/uploads\\\/2018\\\/12\\\/Senderismo_Luna_Llena_31032018_20-1.jpg\",\"keywords\":[\"El tiempo\",\"Pron\u00f3stico\",\"SMN\"],\"articleSection\":[\"Entre R\u00edos\"],\"inLanguage\":\"es\",\"potentialAction\":[{\"@type\":\"CommentAction\",\"name\":\"Comment\",\"target\":[\"https:\\\/\\\/informelitoral.com.ar\\\/temperatura-de-verano-y-noche-de-luna-llena-un-viernes-que-no-parece-de-invierno\\\/#respond\"]}]},{\"@type\":\"WebPage\",\"@id\":\"https:\\\/\\\/informelitoral.com.ar\\\/temperatura-de-verano-y-noche-de-luna-llena-un-viernes-que-no-parece-de-invierno\\\/\",\"url\":\"https:\\\/\\\/informelitoral.com.ar\\\/temperatura-de-verano-y-noche-de-luna-llena-un-viernes-que-no-parece-de-invierno\\\/\",\"name\":\"Temperatura de verano y noche de luna llena: un viernes que no parece de invierno - Informe Litoral\",\"isPartOf\":{\"@id\":\"https:\\\/\\\/informelitoral.com.ar\\\/#website\"},\"primaryImageOfPage\":{\"@id\":\"https:\\\/\\\/informelitoral.com.ar\\\/temperatura-de-verano-y-noche-de-luna-llena-un-viernes-que-no-parece-de-invierno\\\/#primaryimage\"},\"image\":{\"@id\":\"https:\\\/\\\/informelitoral.com.ar\\\/temperatura-de-verano-y-noche-de-luna-llena-un-viernes-que-no-parece-de-invierno\\\/#primaryimage\"},\"thumbnailUrl\":\"https:\\\/\\\/informelitoral.com.ar\\\/%77%70%2d%63%6f%6e%74%65%6e%74\\\/uploads\\\/2018\\\/12\\\/Senderismo_Luna_Llena_31032018_20-1.jpg\",\"datePublished\":\"2021-07-23T11:24:12+00:00\",\"dateModified\":\"2021-07-23T11:25:30+00:00\",\"breadcrumb\":{\"@id\":\"https:\\\/\\\/informelitoral.com.ar\\\/temperatura-de-verano-y-noche-de-luna-llena-un-viernes-que-no-parece-de-invierno\\\/#breadcrumb\"},\"inLanguage\":\"es\",\"potentialAction\":[{\"@type\":\"ReadAction\",\"target\":[\"https:\\\/\\\/informelitoral.com.ar\\\/temperatura-de-verano-y-noche-de-luna-llena-un-viernes-que-no-parece-de-invierno\\\/\"]}]},{\"@type\":\"ImageObject\",\"inLanguage\":\"es\",\"@id\":\"https:\\\/\\\/informelitoral.com.ar\\\/temperatura-de-verano-y-noche-de-luna-llena-un-viernes-que-no-parece-de-invierno\\\/#primaryimage\",\"url\":\"https:\\\/\\\/informelitoral.com.ar\\\/%77%70%2d%63%6f%6e%74%65%6e%74\\\/uploads\\\/2018\\\/12\\\/Senderismo_Luna_Llena_31032018_20-1.jpg\",\"contentUrl\":\"https:\\\/\\\/informelitoral.com.ar\\\/%77%70%2d%63%6f%6e%74%65%6e%74\\\/uploads\\\/2018\\\/12\\\/Senderismo_Luna_Llena_31032018_20-1.jpg\",\"width\":1883,\"height\":1259},{\"@type\":\"BreadcrumbList\",\"@id\":\"https:\\\/\\\/informelitoral.com.ar\\\/temperatura-de-verano-y-noche-de-luna-llena-un-viernes-que-no-parece-de-invierno\\\/#breadcrumb\",\"itemListElement\":[{\"@type\":\"ListItem\",\"position\":1,\"name\":\"Portada\",\"item\":\"https:\\\/\\\/informelitoral.com.ar\\\/\"},{\"@type\":\"ListItem\",\"position\":2,\"name\":\"Temperatura de verano y noche de luna llena: un viernes que no parece de invierno\"}]},{\"@type\":\"WebSite\",\"@id\":\"https:\\\/\\\/informelitoral.com.ar\\\/#website\",\"url\":\"https:\\\/\\\/informelitoral.com.ar\\\/\",\"name\":\"Informe Litoral\",\"description\":\"&quot;Nos informamos&quot; \",\"publisher\":{\"@id\":\"https:\\\/\\\/informelitoral.com.ar\\\/#organization\"},\"potentialAction\":[{\"@type\":\"SearchAction\",\"target\":{\"@type\":\"EntryPoint\",\"urlTemplate\":\"https:\\\/\\\/informelitoral.com.ar\\\/?s={search_term_string}\"},\"query-input\":{\"@type\":\"PropertyValueSpecification\",\"valueRequired\":true,\"valueName\":\"search_term_string\"}}],\"inLanguage\":\"es\"},{\"@type\":\"Organization\",\"@id\":\"https:\\\/\\\/informelitoral.com.ar\\\/#organization\",\"name\":\"Informe Litoral\",\"url\":\"https:\\\/\\\/informelitoral.com.ar\\\/\",\"logo\":{\"@type\":\"ImageObject\",\"inLanguage\":\"es\",\"@id\":\"https:\\\/\\\/informelitoral.com.ar\\\/#\\\/schema\\\/logo\\\/image\\\/\",\"url\":\"https:\\\/\\\/informelitoral.com.ar\\\/%77%70%2d%63%6f%6e%74%65%6e%74\\\/uploads\\\/2021\\\/01\\\/circulo.png\",\"contentUrl\":\"https:\\\/\\\/informelitoral.com.ar\\\/%77%70%2d%63%6f%6e%74%65%6e%74\\\/uploads\\\/2021\\\/01\\\/circulo.png\",\"width\":723,\"height\":731,\"caption\":\"Informe Litoral\"},\"image\":{\"@id\":\"https:\\\/\\\/informelitoral.com.ar\\\/#\\\/schema\\\/logo\\\/image\\\/\"},\"sameAs\":[\"https:\\\/\\\/www.facebook.com\\\/informelitoral\\\/\",\"https:\\\/\\\/x.com\\\/InformeLitoral\",\"https:\\\/\\\/www.instagram.com\\\/informelitoral\\\/\",\"https:\\\/\\\/www.youtube.com\\\/channel\\\/UCua4Qvz8Icb6MYqhoq9xLXw\"]},{\"@type\":\"Person\",\"@id\":\"https:\\\/\\\/informelitoral.com.ar\\\/#\\\/schema\\\/person\\\/b9d00407c836482871ef1d57bf8e3180\",\"name\":\"Gonzalo Schmidt\",\"image\":{\"@type\":\"ImageObject\",\"inLanguage\":\"es\",\"@id\":\"https:\\\/\\\/secure.gravatar.com\\\/avatar\\\/31a1a7b66ff2de83bd0e9fd79d026630d2d99e55e8bfe501287647b4fd9743de?s=96&d=mm&r=g\",\"url\":\"https:\\\/\\\/secure.gravatar.com\\\/avatar\\\/31a1a7b66ff2de83bd0e9fd79d026630d2d99e55e8bfe501287647b4fd9743de?s=96&d=mm&r=g\",\"contentUrl\":\"https:\\\/\\\/secure.gravatar.com\\\/avatar\\\/31a1a7b66ff2de83bd0e9fd79d026630d2d99e55e8bfe501287647b4fd9743de?s=96&d=mm&r=g\",\"caption\":\"Gonzalo Schmidt\"},\"description\":\"Sitio web de noticias de la provincia de Entre R\u00edos, Argentina. Informaci\u00f3n y entretenimiento. Informe Litoral, nos informamos.\",\"sameAs\":[\"http:\\\/\\\/www.isletasnoticias.com.ar\"],\"url\":\"https:\\\/\\\/informelitoral.com.ar\\\/author\\\/gonzalo\\\/\"}]}<\/script>","yoast_head_json":{"title":"Temperatura de verano y noche de luna llena: un viernes que no parece de invierno - Informe Litoral","robots":{"index":"index","follow":"follow","max-snippet":"max-snippet:-1","max-image-preview":"max-image-preview:large","max-video-preview":"max-video-preview:-1"},"canonical":"https:\/\/informelitoral.com.ar\/temperatura-de-verano-y-noche-de-luna-llena-un-viernes-que-no-parece-de-invierno\/","og_locale":"es_ES","og_type":"article","og_title":"Temperatura de verano y noche de luna llena: un viernes que no parece de invierno - Informe Litoral","og_description":"Durante la jornada las temperaturas llegar\u00e1n al pico m\u00e1ximo de la semana. El sol prevalecer\u00e1, por lo que estar\u00e1 ideal para estar al aire libre y a la noche, disfrutar del sat\u00e9lite natural de la tierra que estar\u00e1 en su m\u00e1ximo esplendor. Qu\u00e9 pasar\u00e1 el s\u00e1bado y domingo.","og_url":"https:\/\/informelitoral.com.ar\/temperatura-de-verano-y-noche-de-luna-llena-un-viernes-que-no-parece-de-invierno\/","og_site_name":"Informe Litoral","article_publisher":"https:\/\/www.facebook.com\/informelitoral\/","article_published_time":"2021-07-23T11:24:12+00:00","article_modified_time":"2021-07-23T11:25:30+00:00","og_image":[{"width":1883,"height":1259,"url":"https:\/\/informelitoral.com.ar\/%77%70%2d%63%6f%6e%74%65%6e%74\/uploads\/2018\/12\/Senderismo_Luna_Llena_31032018_20-1.jpg","type":"image\/jpeg"}],"author":"Gonzalo Schmidt","twitter_card":"summary_large_image","twitter_creator":"@InformeLitoral","twitter_site":"@InformeLitoral","twitter_misc":{"Escrito por":"Gonzalo Schmidt","Tiempo de lectura":"1 minuto"},"schema":{"@context":"https:\/\/schema.org","@graph":[{"@type":"Article","@id":"https:\/\/informelitoral.com.ar\/temperatura-de-verano-y-noche-de-luna-llena-un-viernes-que-no-parece-de-invierno\/#article","isPartOf":{"@id":"https:\/\/informelitoral.com.ar\/temperatura-de-verano-y-noche-de-luna-llena-un-viernes-que-no-parece-de-invierno\/"},"author":{"name":"Gonzalo Schmidt","@id":"https:\/\/informelitoral.com.ar\/#\/schema\/person\/b9d00407c836482871ef1d57bf8e3180"},"headline":"Temperatura de verano y noche de luna llena: un viernes que no parece de invierno","datePublished":"2021-07-23T11:24:12+00:00","dateModified":"2021-07-23T11:25:30+00:00","mainEntityOfPage":{"@id":"https:\/\/informelitoral.com.ar\/temperatura-de-verano-y-noche-de-luna-llena-un-viernes-que-no-parece-de-invierno\/"},"wordCount":269,"commentCount":0,"publisher":{"@id":"https:\/\/informelitoral.com.ar\/#organization"},"image":{"@id":"https:\/\/informelitoral.com.ar\/temperatura-de-verano-y-noche-de-luna-llena-un-viernes-que-no-parece-de-invierno\/#primaryimage"},"thumbnailUrl":"https:\/\/informelitoral.com.ar\/%77%70%2d%63%6f%6e%74%65%6e%74\/uploads\/2018\/12\/Senderismo_Luna_Llena_31032018_20-1.jpg","keywords":["El tiempo","Pron\u00f3stico","SMN"],"articleSection":["Entre R\u00edos"],"inLanguage":"es","potentialAction":[{"@type":"CommentAction","name":"Comment","target":["https:\/\/informelitoral.com.ar\/temperatura-de-verano-y-noche-de-luna-llena-un-viernes-que-no-parece-de-invierno\/#respond"]}]},{"@type":"WebPage","@id":"https:\/\/informelitoral.com.ar\/temperatura-de-verano-y-noche-de-luna-llena-un-viernes-que-no-parece-de-invierno\/","url":"https:\/\/informelitoral.com.ar\/temperatura-de-verano-y-noche-de-luna-llena-un-viernes-que-no-parece-de-invierno\/","name":"Temperatura de verano y noche de luna llena: un viernes que no parece de invierno - Informe Litoral","isPartOf":{"@id":"https:\/\/informelitoral.com.ar\/#website"},"primaryImageOfPage":{"@id":"https:\/\/informelitoral.com.ar\/temperatura-de-verano-y-noche-de-luna-llena-un-viernes-que-no-parece-de-invierno\/#primaryimage"},"image":{"@id":"https:\/\/informelitoral.com.ar\/temperatura-de-verano-y-noche-de-luna-llena-un-viernes-que-no-parece-de-invierno\/#primaryimage"},"thumbnailUrl":"https:\/\/informelitoral.com.ar\/%77%70%2d%63%6f%6e%74%65%6e%74\/uploads\/2018\/12\/Senderismo_Luna_Llena_31032018_20-1.jpg","datePublished":"2021-07-23T11:24:12+00:00","dateModified":"2021-07-23T11:25:30+00:00","breadcrumb":{"@id":"https:\/\/informelitoral.com.ar\/temperatura-de-verano-y-noche-de-luna-llena-un-viernes-que-no-parece-de-invierno\/#breadcrumb"},"inLanguage":"es","potentialAction":[{"@type":"ReadAction","target":["https:\/\/informelitoral.com.ar\/temperatura-de-verano-y-noche-de-luna-llena-un-viernes-que-no-parece-de-invierno\/"]}]},{"@type":"ImageObject","inLanguage":"es","@id":"https:\/\/informelitoral.com.ar\/temperatura-de-verano-y-noche-de-luna-llena-un-viernes-que-no-parece-de-invierno\/#primaryimage","url":"https:\/\/informelitoral.com.ar\/%77%70%2d%63%6f%6e%74%65%6e%74\/uploads\/2018\/12\/Senderismo_Luna_Llena_31032018_20-1.jpg","contentUrl":"https:\/\/informelitoral.com.ar\/%77%70%2d%63%6f%6e%74%65%6e%74\/uploads\/2018\/12\/Senderismo_Luna_Llena_31032018_20-1.jpg","width":1883,"height":1259},{"@type":"BreadcrumbList","@id":"https:\/\/informelitoral.com.ar\/temperatura-de-verano-y-noche-de-luna-llena-un-viernes-que-no-parece-de-invierno\/#breadcrumb","itemListElement":[{"@type":"ListItem","position":1,"name":"Portada","item":"https:\/\/informelitoral.com.ar\/"},{"@type":"ListItem","position":2,"name":"Temperatura de verano y noche de luna llena: un viernes que no parece de invierno"}]},{"@type":"WebSite","@id":"https:\/\/informelitoral.com.ar\/#website","url":"https:\/\/informelitoral.com.ar\/","name":"Informe Litoral","description":"&quot;Nos informamos&quot; ","publisher":{"@id":"https:\/\/informelitoral.com.ar\/#organization"},"potentialAction":[{"@type":"SearchAction","target":{"@type":"EntryPoint","urlTemplate":"https:\/\/informelitoral.com.ar\/?s={search_term_string}"},"query-input":{"@type":"PropertyValueSpecification","valueRequired":true,"valueName":"search_term_string"}}],"inLanguage":"es"},{"@type":"Organization","@id":"https:\/\/informelitoral.com.ar\/#organization","name":"Informe Litoral","url":"https:\/\/informelitoral.com.ar\/","logo":{"@type":"ImageObject","inLanguage":"es","@id":"https:\/\/informelitoral.com.ar\/#\/schema\/logo\/image\/","url":"https:\/\/informelitoral.com.ar\/%77%70%2d%63%6f%6e%74%65%6e%74\/uploads\/2021\/01\/circulo.png","contentUrl":"https:\/\/informelitoral.com.ar\/%77%70%2d%63%6f%6e%74%65%6e%74\/uploads\/2021\/01\/circulo.png","width":723,"height":731,"caption":"Informe Litoral"},"image":{"@id":"https:\/\/informelitoral.com.ar\/#\/schema\/logo\/image\/"},"sameAs":["https:\/\/www.facebook.com\/informelitoral\/","https:\/\/x.com\/InformeLitoral","https:\/\/www.instagram.com\/informelitoral\/","https:\/\/www.youtube.com\/channel\/UCua4Qvz8Icb6MYqhoq9xLXw"]},{"@type":"Person","@id":"https:\/\/informelitoral.com.ar\/#\/schema\/person\/b9d00407c836482871ef1d57bf8e3180","name":"Gonzalo Schmidt","image":{"@type":"ImageObject","inLanguage":"es","@id":"https:\/\/secure.gravatar.com\/avatar\/31a1a7b66ff2de83bd0e9fd79d026630d2d99e55e8bfe501287647b4fd9743de?s=96&d=mm&r=g","url":"https:\/\/secure.gravatar.com\/avatar\/31a1a7b66ff2de83bd0e9fd79d026630d2d99e55e8bfe501287647b4fd9743de?s=96&d=mm&r=g","contentUrl":"https:\/\/secure.gravatar.com\/avatar\/31a1a7b66ff2de83bd0e9fd79d026630d2d99e55e8bfe501287647b4fd9743de?s=96&d=mm&r=g","caption":"Gonzalo Schmidt"},"description":"Sitio web de noticias de la provincia de Entre R\u00edos, Argentina. Informaci\u00f3n y entretenimiento. Informe Litoral, nos informamos.","sameAs":["http:\/\/www.isletasnoticias.com.ar"],"url":"https:\/\/informelitoral.com.ar\/author\/gonzalo\/"}]}},"_links":{"self":[{"href":"https:\/\/informelitoral.com.ar\/%77%70%2d%6a%73%6f%6e\/wp\/v2\/posts\/62769","targetHints":{"allow":["GET"]}}],"collection":[{"href":"https:\/\/informelitoral.com.ar\/%77%70%2d%6a%73%6f%6e\/wp\/v2\/posts"}],"about":[{"href":"https:\/\/informelitoral.com.ar\/%77%70%2d%6a%73%6f%6e\/wp\/v2\/types\/post"}],"author":[{"embeddable":true,"href":"https:\/\/informelitoral.com.ar\/%77%70%2d%6a%73%6f%6e\/wp\/v2\/users\/2"}],"replies":[{"embeddable":true,"href":"https:\/\/informelitoral.com.ar\/%77%70%2d%6a%73%6f%6e\/wp\/v2\/comments?post=62769"}],"version-history":[{"count":0,"href":"https:\/\/informelitoral.com.ar\/%77%70%2d%6a%73%6f%6e\/wp\/v2\/posts\/62769\/revisions"}],"wp:featuredmedia":[{"embeddable":true,"href":"https:\/\/informelitoral.com.ar\/%77%70%2d%6a%73%6f%6e\/wp\/v2\/media\/31357"}],"wp:attachment":[{"href":"https:\/\/informelitoral.com.ar\/%77%70%2d%6a%73%6f%6e\/wp\/v2\/media?parent=62769"}],"wp:term":[{"taxonomy":"category","embeddable":true,"href":"https:\/\/informelitoral.com.ar\/%77%70%2d%6a%73%6f%6e\/wp\/v2\/categories?post=62769"},{"taxonomy":"post_tag","embeddable":true,"href":"https:\/\/informelitoral.com.ar\/%77%70%2d%6a%73%6f%6e\/wp\/v2\/tags?post=62769"}],"curies":[{"name":"wp","href":"https:\/\/api.w.org\/{rel}","templated":true}]}}