{"id":6253,"date":"2014-03-25T10:41:55","date_gmt":"2014-03-25T13:41:55","guid":{"rendered":"http:\/\/www.isletasnoticias.com.ar\/?p=6253"},"modified":"2014-03-25T10:43:19","modified_gmt":"2014-03-25T13:43:19","slug":"parana-otra-vez-hubo-dos-actos-y-visiones-encontradas-sobre-los-ddhh","status":"publish","type":"post","link":"https:\/\/informelitoral.com.ar\/parana-otra-vez-hubo-dos-actos-y-visiones-encontradas-sobre-los-ddhh\/","title":{"rendered":"Paran\u00e1: otra vez hubo dos actos y visiones encontradas sobre los DDHH"},"content":{"rendered":"<p><strong>De un lado destacaron los juicios desde 2004 y apuntaron contra las \u201cdilaciones\u201d judiciales, aunque tambi\u00e9n pidieron investigar a Milani. Del otro, advirtieron sobre \u201cuna nueva escalada represiva\u201d y cuestionaron \u201cel doble discurso\u201d oficial.<\/strong><\/p>\n<p style=\"text-align: center;\"><a href=\"http:\/\/www.isletasnoticias.com.ar\/%77%70%2d%63%6f%6e%74%65%6e%74\/uploads\/2014\/03\/descarga2.jpg\"><img loading=\"lazy\" decoding=\"async\" class=\"aligncenter  wp-image-6254\" alt=\"descarga\" src=\"http:\/\/www.isletasnoticias.com.ar\/%77%70%2d%63%6f%6e%74%65%6e%74\/uploads\/2014\/03\/descarga2.jpg\" width=\"500\" height=\"300\" \/><\/a><\/p>\n<p>Por tercer a\u00f1o consecutivo, la marcha en conmemoraci\u00f3n por el Golpe de Estado perpetrado el 24 de marzo de 1976, que dio inicio a la dictadura, se bifurc\u00f3 y termin\u00f3 en dos actos. La movilizaci\u00f3n realizada en la capital provincial termin\u00f3, por un lado, en la plaza Alvear, donde la Multisectorial de Derechos Humanos \u2013apoyada desde el gobierno provincial y compuesta por organismos de derechos humanos y agrupaciones oficialistas- destac\u00f3 centralmente los avances en los juicios por delitos de lesa humanidad desde 2004, destacando las pol\u00edticas sociales del kirchnerismo aunque se\u00f1alando tambi\u00e9n cuentas pendientes pero sin el tono fuertemente cr\u00edtico que se escuch\u00f3 frente a Casa de Gobierno. All\u00ed, los gremios, agrupaciones y partidos pol\u00edticos nucleados en el Encuentro por los derechos humanos de ayer y de hoy \u2013muchos de ellos ex integrantes de la multisectorial- denunciaron \u201cuna nueva escalada represiva\u201d destinada a hacer pasar \u201cun brutal ajuste\u201d sobre los trabajadores y sectores populares en general a la vez que resaltaron que los avances en materia de derechos humanos son \u201cresultado de las luchas populares y no propiedad de gobierno alguno\u201d.<\/p>\n<p><b>El documento de la Multisectorial<\/b><br \/>\nDesde las organizaciones de derechos humanos y agrupaciones alineadas con el kirchnerismo destacaron \u201clas condenas de 521 represores, 9 de ellos en Entre R\u00edos, m\u00e1s de 1.000 procesados y 122 juicios de los cuales 107 fueron desde 2004\u201d.<\/p>\n<p>Sin embargo alertaron sobre \u201cestancamiento (durante 2013) del enjuiciamiento a represores locales. Seguimos denunciando la grave par\u00e1lisis de la megacausa \u00c1rea Paran\u00e1\u201d, se\u00f1alaron para luego agregar que \u201cel paso de los a\u00f1os ha implicado la muerte impune de muchos de los acusados\u201d. De todas maneras apuntaron los principales ca\u00f1ones contra el poder judicial al sostener que \u201cla justicia debe ir a fondo\u201d y cuestionar las \u201cdilaciones\u201d de este poder del Estado.<\/p>\n<p>La permanente ratificaci\u00f3n por parte del Ejecutivo de la jefatura del Ej\u00e9rcito de C\u00e9sar Milani, sospechado y denunciado por delitos de lesa humanidad de la dictadura, es un tema que no termina de cerrar en las organizaciones de base del kirchnerismo y eso se expres\u00f3 en el documento: \u201creafirmamos que nunca m\u00e1s aceptaremos que un represor ocupe un cargo p\u00fablico y en este marco exigimos que se investigue sin privilegios ni dilaciones a todos los sospechados de delitos de lesa humanidad inclusive al jefe del ej\u00e9rcito C\u00e9sar Milani. Exigimos el esclarecimiento de los casos de Jorge Julio L\u00f3pez y Silvia Suppo\u201d.<\/p>\n<p>\u201cExigimos a todos los sectores pol\u00edticos un mayor compromiso con la defensa de la voluntad popular\u201d, reclamaron en una parte del documento al hacer referencia a los sucesos de los \u00faltimos meses en Venezuela y enmarc\u00e1ndolos como \u201cestrategias de intervenci\u00f3n del imperialismo\u201d entre las que tambi\u00e9n inscribieron los acuartelamientos policiales ocurridos en diciembre pasado.<\/p>\n<p>En ese marco, las organizaciones firmantes llamaron a defender las pol\u00edticas llevadas adelante durante las gestiones kirchneristas, convocando a \u201cconstruir organizaci\u00f3n popular para consolidar lo conseguido en estos 10 a\u00f1os: el juicio y castigo a los responsables del genocidio, la ley de medios, las pol\u00edticas inclusivas y de redistribuci\u00f3n de la riqueza, la asignaci\u00f3n universal por hijo, el Progresar, el Procrear, la moratoria y movilidad jubilatoria, el matrimonio igualitario, la recuperaci\u00f3n de empresas nacionales como Aerol\u00edneas Argentinas y la hist\u00f3rica recuperaci\u00f3n de YPF\u201d.<\/p>\n<p>Asimismo convocaron a comprometerse \u201ccon lo que todav\u00eda falta: la democratizaci\u00f3n de la justicia, la aplicaci\u00f3n plena de la Ley de Medios en la provincia y en todo el pa\u00eds, la erradicaci\u00f3n de la trata de personas, de la violencia hacia la mujer, la violencia institucional y de la violencia en todas sus formas. Exigimos la derogaci\u00f3n de la Ley antiterrorista y apoyamos el anteproyecto del c\u00f3digo Penal que incorpora los delitos de lesa humanidad con penas m\u00e1s severas\u201d.<\/p>\n<p>El documento tuvo un p\u00e1rrafo aparte para la Iglesia con menci\u00f3n al Papa argentino: \u201cel \u00fanico cambio para cerrar heridas es la verdad. En este sentido reafirmamos la demanda para que Jorge Bergoglio, el Papa Francisco ordene la apertura de los archivos del Vaticano relacionados con la dictadura de la Argentina y del Cono Sur. Queremos la Iglesia de Angeleli y Mujica, no la de Von Wernich y Tortolo\u201d.<\/p>\n<p><b>\u201cCon impunidad, ajuste y represi\u00f3n no hay derechos humanos\u201d<\/b><br \/>\nEsas palabras sintetizan en parte, el panorama que observan y denuncian los sectores nucleados en el Encuentro por los derechos humanos de ayer y de hoy, que advierten sobre una creciente escalada represiva por parte del gobierno de Cristina Fern\u00e1ndez en contradicci\u00f3n con su discurso en torno a los derechos humanos. \u201cEsta lucha contra la impunidad de los genocidas, por juicio, castigo y c\u00e1rcel com\u00fan y efectiva para quienes avasallaron los derechos del pueblo a sangre y fuego, debe realizarse con independencia de los gobiernos de turno que en 30 a\u00f1os de democracia han sido garantes de la impunidad y han mantenido la matriz econ\u00f3mica impuesta por la dictadura\u201d y se\u00f1alaron que los \u201clos sectores m\u00e1s concentrados del poder econ\u00f3mico\u201d que estuvieron detr\u00e1s del golpe \u201csiguen imponiendo sus intereses en las pol\u00edticas aplicadas por el gobierno nacional\u201d.<\/p>\n<p>\u201cEl doble discurso del gobierno se ha quedado sin su barniz progresista. Intentan descargar un brutal ajuste sobre los trabajadores y el pueblo, incluyendo una devaluaci\u00f3n que alimenta el proceso inflacionario y devora los salarios. Para hacerlo necesitan de las armas de la represi\u00f3n\u201d, denunciaron y a continuaci\u00f3n mencionaron una serie de hechos que confirmar\u00edan este rumbo.<\/p>\n<p>\u201cCondenan a cadena perpetua a los petroleros de Las Heras, como castigo ejemplar para imponer su disciplina a los que luchan; ascendieron a jefe del ej\u00e9rcito a un comprobado participe de los cr\u00edmenes de la dictadura como Milani, designan a un partidario de la mano dura como Berni como secretario de seguridad. En nuestra provincia, el gobierno de Urribarri profundiza su pol\u00edtica contra los derechos de los trabajadores, arremetiendo contra el derecho a huelga, utilizando a la justicia (\u2026) para intentar acallar a los que luchan por el derecho a un salario digno\u201d, expresa el documento.<\/p>\n<p>En ese marco, hicieron hincapi\u00e9 en que la lucha \u201cpor los derechos humanos de ayer y de hoy es una sola, que no se puede manipular la memoria para maquillar la continuidad y profundizaci\u00f3n de las pol\u00edticas impulsadas por la dictadura, y decimos fuerte y claro: con impunidad, ajuste y represi\u00f3n no hay derechos humanos\u201d.<\/p>\n<p>\u201cLos triunfos logrados en estos a\u00f1os de lucha contra la impunidad, como la anulaci\u00f3n de las infames leyes de impunidad de Alfonsin primero y el indulto menemista posterior, la restituci\u00f3n de la identidad a 110 personas y el avance en algunas causas, no son propiedad de gobierno alguno, sino resultado de la lucha popular\u201d, destacaron las organizaciones del Encuentro que hicieron menci\u00f3n a las demandas a\u00fan vigentes: \u201cdesde la anulaci\u00f3n de las leyes de impunidad hemos luchado porque se realicen juicios contra todos los genocidas que actuaron en cada campo de concentraci\u00f3n. Exigimos la apertura de todos los archivos de la dictadura, con los nombres, las fotos y los legajos de todos los genocidas. Esos archivos que contienen la informaci\u00f3n sobre el destino de todos y cada uno de nuestros 30.000 compa\u00f1eros y compa\u00f1eras detenidos-desaparecidos y de sus hijos apropiados\u201d.<\/p>\n<p>\u201cLa designaci\u00f3n de Milani al frente del ej\u00e9rcito retrata la perversidad del Gobierno Nacional que se arroga la lucha por los DDHH. Milani a\u00fan no ha dado cuenta en la justicia de su oscuro desempe\u00f1o bajo la \u00faltima dictadura militar. Adem\u00e1s, encarna el proyecto de recuperar para las fuerzas armadas un rol activo en el espionaje y en la \u201cseguridad\u201d interna, en l\u00ednea con la Ley Antiterrorista, el Proyecto X y otras manifestaciones del accionar represivo del Estado contra los trabajadores y luchadores populares. La Presidenta de la Naci\u00f3n en la inauguraci\u00f3n de las sesiones legislativas no s\u00f3lo defendi\u00f3 enf\u00e1ticamente la escandalosa condena a los petroleros de Las Heras, sino que anticip\u00f3 su intenci\u00f3n de impulsar una Ley Anti-piquetes, en otro intento de regimentar las luchas y coartar el derecho a la protesta\u201d.<\/p>\n<p>\u201cLa presidenta por tercer a\u00f1o consecutivo, atac\u00f3 espec\u00edficamente a los docentes. Esto en el marco de importantes huelgas a lo largo y ancho del pa\u00eds. Intentan derrotar la lucha docente para encarrilar a la baja todas las paritarias. Por eso recurren a la justicia amiga para imponer la conciliaci\u00f3n obligatoria, la prohibici\u00f3n de asambleas, y amenazan con declarar a la educaci\u00f3n un servicio esencial y aplicar el presentismo, cercenando el derecho a huelga\u201d.<\/p>\n<p>Fuente:<em> Informe Digital.<\/em><\/p>\n","protected":false},"excerpt":{"rendered":"<p>De un lado destacaron los juicios desde 2004 y apuntaron contra las &ldquo;dilaciones&rdquo; judiciales, aunque tambi&eacute;n pidieron investigar a Milani. Del otro, advirtieron sobre &ldquo;una nueva escalada represiva&rdquo; y cuestionaron &ldquo;el doble discurso&rdquo; oficial. Por tercer a&ntilde;o consecutivo, la marcha en conmemoraci&oacute;n por el Golpe de Estado perpetrado el 24 de marzo de 1976, que [&hellip;]<\/p>\n","protected":false},"author":2,"featured_media":0,"comment_status":"open","ping_status":"open","sticky":false,"template":"","format":"standard","meta":{"fifu_image_url":"","fifu_image_alt":"","footnotes":""},"categories":[6],"tags":[],"class_list":{"0":"post-6253","1":"post","2":"type-post","3":"status-publish","4":"format-standard","6":"category-entre-rios"},"yoast_head":"<title>Paran\u00e1: otra vez hubo dos actos y visiones encontradas sobre los DDHH - Informe Litoral<\/title>\n<meta name=\"robots\" content=\"index, follow, max-snippet:-1, max-image-preview:large, max-video-preview:-1\" \/>\n<link rel=\"canonical\" href=\"https:\/\/informelitoral.com.ar\/parana-otra-vez-hubo-dos-actos-y-visiones-encontradas-sobre-los-ddhh\/\" \/>\n<meta property=\"og:locale\" content=\"es_ES\" \/>\n<meta property=\"og:type\" content=\"article\" \/>\n<meta property=\"og:title\" content=\"Paran\u00e1: otra vez hubo dos actos y visiones encontradas sobre los DDHH - Informe Litoral\" \/>\n<meta property=\"og:description\" content=\"De un lado destacaron los juicios desde 2004 y apuntaron contra las &ldquo;dilaciones&rdquo; judiciales, aunque tambi&eacute;n pidieron investigar a Milani. Del otro, advirtieron sobre &ldquo;una nueva escalada represiva&rdquo; y cuestionaron &ldquo;el doble discurso&rdquo; oficial. Por tercer a&ntilde;o consecutivo, la marcha en conmemoraci&oacute;n por el Golpe de Estado perpetrado el 24 de marzo de 1976, que [&hellip;]\" \/>\n<meta property=\"og:url\" content=\"https:\/\/informelitoral.com.ar\/parana-otra-vez-hubo-dos-actos-y-visiones-encontradas-sobre-los-ddhh\/\" \/>\n<meta property=\"og:site_name\" content=\"Informe Litoral\" \/>\n<meta property=\"article:publisher\" content=\"https:\/\/www.facebook.com\/informelitoral\/\" \/>\n<meta property=\"article:published_time\" content=\"2014-03-25T13:41:55+00:00\" \/>\n<meta property=\"article:modified_time\" content=\"2014-03-25T13:43:19+00:00\" \/>\n<meta property=\"og:image\" content=\"https:\/\/informelitoral.com.ar\/%77%70%2d%63%6f%6e%74%65%6e%74\/uploads\/2014\/03\/descarga2.jpg\" \/>\n\t<meta property=\"og:image:width\" content=\"276\" \/>\n\t<meta property=\"og:image:height\" content=\"183\" \/>\n\t<meta property=\"og:image:type\" content=\"image\/jpeg\" \/>\n<meta name=\"author\" content=\"Gonzalo Schmidt\" \/>\n<meta name=\"twitter:card\" content=\"summary_large_image\" \/>\n<meta name=\"twitter:creator\" content=\"@InformeLitoral\" \/>\n<meta name=\"twitter:site\" content=\"@InformeLitoral\" \/>\n<meta name=\"twitter:label1\" content=\"Escrito por\" \/>\n\t<meta name=\"twitter:data1\" content=\"Gonzalo Schmidt\" \/>\n\t<meta name=\"twitter:label2\" content=\"Tiempo de lectura\" \/>\n\t<meta name=\"twitter:data2\" content=\"7 minutos\" \/>\n<script type=\"application\/ld+json\" class=\"yoast-schema-graph\">{\"@context\":\"https:\\\/\\\/schema.org\",\"@graph\":[{\"@type\":\"Article\",\"@id\":\"https:\\\/\\\/informelitoral.com.ar\\\/parana-otra-vez-hubo-dos-actos-y-visiones-encontradas-sobre-los-ddhh\\\/#article\",\"isPartOf\":{\"@id\":\"https:\\\/\\\/informelitoral.com.ar\\\/parana-otra-vez-hubo-dos-actos-y-visiones-encontradas-sobre-los-ddhh\\\/\"},\"author\":{\"name\":\"Gonzalo Schmidt\",\"@id\":\"https:\\\/\\\/informelitoral.com.ar\\\/#\\\/schema\\\/person\\\/b9d00407c836482871ef1d57bf8e3180\"},\"headline\":\"Paran\u00e1: otra vez hubo dos actos y visiones encontradas sobre los DDHH\",\"datePublished\":\"2014-03-25T13:41:55+00:00\",\"dateModified\":\"2014-03-25T13:43:19+00:00\",\"mainEntityOfPage\":{\"@id\":\"https:\\\/\\\/informelitoral.com.ar\\\/parana-otra-vez-hubo-dos-actos-y-visiones-encontradas-sobre-los-ddhh\\\/\"},\"wordCount\":1510,\"commentCount\":0,\"publisher\":{\"@id\":\"https:\\\/\\\/informelitoral.com.ar\\\/#organization\"},\"image\":{\"@id\":\"https:\\\/\\\/informelitoral.com.ar\\\/parana-otra-vez-hubo-dos-actos-y-visiones-encontradas-sobre-los-ddhh\\\/#primaryimage\"},\"thumbnailUrl\":\"http:\\\/\\\/www.isletasnoticias.com.ar\\\/%77%70%2d%63%6f%6e%74%65%6e%74\\\/uploads\\\/2014\\\/03\\\/descarga2.jpg\",\"articleSection\":[\"Entre R\u00edos\"],\"inLanguage\":\"es\",\"potentialAction\":[{\"@type\":\"CommentAction\",\"name\":\"Comment\",\"target\":[\"https:\\\/\\\/informelitoral.com.ar\\\/parana-otra-vez-hubo-dos-actos-y-visiones-encontradas-sobre-los-ddhh\\\/#respond\"]}]},{\"@type\":\"WebPage\",\"@id\":\"https:\\\/\\\/informelitoral.com.ar\\\/parana-otra-vez-hubo-dos-actos-y-visiones-encontradas-sobre-los-ddhh\\\/\",\"url\":\"https:\\\/\\\/informelitoral.com.ar\\\/parana-otra-vez-hubo-dos-actos-y-visiones-encontradas-sobre-los-ddhh\\\/\",\"name\":\"Paran\u00e1: otra vez hubo dos actos y visiones encontradas sobre los DDHH - Informe Litoral\",\"isPartOf\":{\"@id\":\"https:\\\/\\\/informelitoral.com.ar\\\/#website\"},\"primaryImageOfPage\":{\"@id\":\"https:\\\/\\\/informelitoral.com.ar\\\/parana-otra-vez-hubo-dos-actos-y-visiones-encontradas-sobre-los-ddhh\\\/#primaryimage\"},\"image\":{\"@id\":\"https:\\\/\\\/informelitoral.com.ar\\\/parana-otra-vez-hubo-dos-actos-y-visiones-encontradas-sobre-los-ddhh\\\/#primaryimage\"},\"thumbnailUrl\":\"http:\\\/\\\/www.isletasnoticias.com.ar\\\/%77%70%2d%63%6f%6e%74%65%6e%74\\\/uploads\\\/2014\\\/03\\\/descarga2.jpg\",\"datePublished\":\"2014-03-25T13:41:55+00:00\",\"dateModified\":\"2014-03-25T13:43:19+00:00\",\"breadcrumb\":{\"@id\":\"https:\\\/\\\/informelitoral.com.ar\\\/parana-otra-vez-hubo-dos-actos-y-visiones-encontradas-sobre-los-ddhh\\\/#breadcrumb\"},\"inLanguage\":\"es\",\"potentialAction\":[{\"@type\":\"ReadAction\",\"target\":[\"https:\\\/\\\/informelitoral.com.ar\\\/parana-otra-vez-hubo-dos-actos-y-visiones-encontradas-sobre-los-ddhh\\\/\"]}]},{\"@type\":\"ImageObject\",\"inLanguage\":\"es\",\"@id\":\"https:\\\/\\\/informelitoral.com.ar\\\/parana-otra-vez-hubo-dos-actos-y-visiones-encontradas-sobre-los-ddhh\\\/#primaryimage\",\"url\":\"http:\\\/\\\/www.isletasnoticias.com.ar\\\/%77%70%2d%63%6f%6e%74%65%6e%74\\\/uploads\\\/2014\\\/03\\\/descarga2.jpg\",\"contentUrl\":\"http:\\\/\\\/www.isletasnoticias.com.ar\\\/%77%70%2d%63%6f%6e%74%65%6e%74\\\/uploads\\\/2014\\\/03\\\/descarga2.jpg\"},{\"@type\":\"BreadcrumbList\",\"@id\":\"https:\\\/\\\/informelitoral.com.ar\\\/parana-otra-vez-hubo-dos-actos-y-visiones-encontradas-sobre-los-ddhh\\\/#breadcrumb\",\"itemListElement\":[{\"@type\":\"ListItem\",\"position\":1,\"name\":\"Portada\",\"item\":\"https:\\\/\\\/informelitoral.com.ar\\\/\"},{\"@type\":\"ListItem\",\"position\":2,\"name\":\"Paran\u00e1: otra vez hubo dos actos y visiones encontradas sobre los DDHH\"}]},{\"@type\":\"WebSite\",\"@id\":\"https:\\\/\\\/informelitoral.com.ar\\\/#website\",\"url\":\"https:\\\/\\\/informelitoral.com.ar\\\/\",\"name\":\"Informe Litoral\",\"description\":\"&quot;Nos informamos&quot; \",\"publisher\":{\"@id\":\"https:\\\/\\\/informelitoral.com.ar\\\/#organization\"},\"potentialAction\":[{\"@type\":\"SearchAction\",\"target\":{\"@type\":\"EntryPoint\",\"urlTemplate\":\"https:\\\/\\\/informelitoral.com.ar\\\/?s={search_term_string}\"},\"query-input\":{\"@type\":\"PropertyValueSpecification\",\"valueRequired\":true,\"valueName\":\"search_term_string\"}}],\"inLanguage\":\"es\"},{\"@type\":\"Organization\",\"@id\":\"https:\\\/\\\/informelitoral.com.ar\\\/#organization\",\"name\":\"Informe Litoral\",\"url\":\"https:\\\/\\\/informelitoral.com.ar\\\/\",\"logo\":{\"@type\":\"ImageObject\",\"inLanguage\":\"es\",\"@id\":\"https:\\\/\\\/informelitoral.com.ar\\\/#\\\/schema\\\/logo\\\/image\\\/\",\"url\":\"https:\\\/\\\/informelitoral.com.ar\\\/%77%70%2d%63%6f%6e%74%65%6e%74\\\/uploads\\\/2021\\\/01\\\/circulo.png\",\"contentUrl\":\"https:\\\/\\\/informelitoral.com.ar\\\/%77%70%2d%63%6f%6e%74%65%6e%74\\\/uploads\\\/2021\\\/01\\\/circulo.png\",\"width\":723,\"height\":731,\"caption\":\"Informe Litoral\"},\"image\":{\"@id\":\"https:\\\/\\\/informelitoral.com.ar\\\/#\\\/schema\\\/logo\\\/image\\\/\"},\"sameAs\":[\"https:\\\/\\\/www.facebook.com\\\/informelitoral\\\/\",\"https:\\\/\\\/x.com\\\/InformeLitoral\",\"https:\\\/\\\/www.instagram.com\\\/informelitoral\\\/\",\"https:\\\/\\\/www.youtube.com\\\/channel\\\/UCua4Qvz8Icb6MYqhoq9xLXw\"]},{\"@type\":\"Person\",\"@id\":\"https:\\\/\\\/informelitoral.com.ar\\\/#\\\/schema\\\/person\\\/b9d00407c836482871ef1d57bf8e3180\",\"name\":\"Gonzalo Schmidt\",\"image\":{\"@type\":\"ImageObject\",\"inLanguage\":\"es\",\"@id\":\"https:\\\/\\\/secure.gravatar.com\\\/avatar\\\/31a1a7b66ff2de83bd0e9fd79d026630d2d99e55e8bfe501287647b4fd9743de?s=96&d=mm&r=g\",\"url\":\"https:\\\/\\\/secure.gravatar.com\\\/avatar\\\/31a1a7b66ff2de83bd0e9fd79d026630d2d99e55e8bfe501287647b4fd9743de?s=96&d=mm&r=g\",\"contentUrl\":\"https:\\\/\\\/secure.gravatar.com\\\/avatar\\\/31a1a7b66ff2de83bd0e9fd79d026630d2d99e55e8bfe501287647b4fd9743de?s=96&d=mm&r=g\",\"caption\":\"Gonzalo Schmidt\"},\"description\":\"Sitio web de noticias de la provincia de Entre R\u00edos, Argentina. Informaci\u00f3n y entretenimiento. Informe Litoral, nos informamos.\",\"sameAs\":[\"http:\\\/\\\/www.isletasnoticias.com.ar\"],\"url\":\"https:\\\/\\\/informelitoral.com.ar\\\/author\\\/gonzalo\\\/\"}]}<\/script>","yoast_head_json":{"title":"Paran\u00e1: otra vez hubo dos actos y visiones encontradas sobre los DDHH - Informe Litoral","robots":{"index":"index","follow":"follow","max-snippet":"max-snippet:-1","max-image-preview":"max-image-preview:large","max-video-preview":"max-video-preview:-1"},"canonical":"https:\/\/informelitoral.com.ar\/parana-otra-vez-hubo-dos-actos-y-visiones-encontradas-sobre-los-ddhh\/","og_locale":"es_ES","og_type":"article","og_title":"Paran\u00e1: otra vez hubo dos actos y visiones encontradas sobre los DDHH - Informe Litoral","og_description":"De un lado destacaron los juicios desde 2004 y apuntaron contra las &ldquo;dilaciones&rdquo; judiciales, aunque tambi&eacute;n pidieron investigar a Milani. Del otro, advirtieron sobre &ldquo;una nueva escalada represiva&rdquo; y cuestionaron &ldquo;el doble discurso&rdquo; oficial. Por tercer a&ntilde;o consecutivo, la marcha en conmemoraci&oacute;n por el Golpe de Estado perpetrado el 24 de marzo de 1976, que [&hellip;]","og_url":"https:\/\/informelitoral.com.ar\/parana-otra-vez-hubo-dos-actos-y-visiones-encontradas-sobre-los-ddhh\/","og_site_name":"Informe Litoral","article_publisher":"https:\/\/www.facebook.com\/informelitoral\/","article_published_time":"2014-03-25T13:41:55+00:00","article_modified_time":"2014-03-25T13:43:19+00:00","og_image":[{"width":276,"height":183,"url":"https:\/\/informelitoral.com.ar\/%77%70%2d%63%6f%6e%74%65%6e%74\/uploads\/2014\/03\/descarga2.jpg","type":"image\/jpeg"}],"author":"Gonzalo Schmidt","twitter_card":"summary_large_image","twitter_creator":"@InformeLitoral","twitter_site":"@InformeLitoral","twitter_misc":{"Escrito por":"Gonzalo Schmidt","Tiempo de lectura":"7 minutos"},"schema":{"@context":"https:\/\/schema.org","@graph":[{"@type":"Article","@id":"https:\/\/informelitoral.com.ar\/parana-otra-vez-hubo-dos-actos-y-visiones-encontradas-sobre-los-ddhh\/#article","isPartOf":{"@id":"https:\/\/informelitoral.com.ar\/parana-otra-vez-hubo-dos-actos-y-visiones-encontradas-sobre-los-ddhh\/"},"author":{"name":"Gonzalo Schmidt","@id":"https:\/\/informelitoral.com.ar\/#\/schema\/person\/b9d00407c836482871ef1d57bf8e3180"},"headline":"Paran\u00e1: otra vez hubo dos actos y visiones encontradas sobre los DDHH","datePublished":"2014-03-25T13:41:55+00:00","dateModified":"2014-03-25T13:43:19+00:00","mainEntityOfPage":{"@id":"https:\/\/informelitoral.com.ar\/parana-otra-vez-hubo-dos-actos-y-visiones-encontradas-sobre-los-ddhh\/"},"wordCount":1510,"commentCount":0,"publisher":{"@id":"https:\/\/informelitoral.com.ar\/#organization"},"image":{"@id":"https:\/\/informelitoral.com.ar\/parana-otra-vez-hubo-dos-actos-y-visiones-encontradas-sobre-los-ddhh\/#primaryimage"},"thumbnailUrl":"http:\/\/www.isletasnoticias.com.ar\/%77%70%2d%63%6f%6e%74%65%6e%74\/uploads\/2014\/03\/descarga2.jpg","articleSection":["Entre R\u00edos"],"inLanguage":"es","potentialAction":[{"@type":"CommentAction","name":"Comment","target":["https:\/\/informelitoral.com.ar\/parana-otra-vez-hubo-dos-actos-y-visiones-encontradas-sobre-los-ddhh\/#respond"]}]},{"@type":"WebPage","@id":"https:\/\/informelitoral.com.ar\/parana-otra-vez-hubo-dos-actos-y-visiones-encontradas-sobre-los-ddhh\/","url":"https:\/\/informelitoral.com.ar\/parana-otra-vez-hubo-dos-actos-y-visiones-encontradas-sobre-los-ddhh\/","name":"Paran\u00e1: otra vez hubo dos actos y visiones encontradas sobre los DDHH - Informe Litoral","isPartOf":{"@id":"https:\/\/informelitoral.com.ar\/#website"},"primaryImageOfPage":{"@id":"https:\/\/informelitoral.com.ar\/parana-otra-vez-hubo-dos-actos-y-visiones-encontradas-sobre-los-ddhh\/#primaryimage"},"image":{"@id":"https:\/\/informelitoral.com.ar\/parana-otra-vez-hubo-dos-actos-y-visiones-encontradas-sobre-los-ddhh\/#primaryimage"},"thumbnailUrl":"http:\/\/www.isletasnoticias.com.ar\/%77%70%2d%63%6f%6e%74%65%6e%74\/uploads\/2014\/03\/descarga2.jpg","datePublished":"2014-03-25T13:41:55+00:00","dateModified":"2014-03-25T13:43:19+00:00","breadcrumb":{"@id":"https:\/\/informelitoral.com.ar\/parana-otra-vez-hubo-dos-actos-y-visiones-encontradas-sobre-los-ddhh\/#breadcrumb"},"inLanguage":"es","potentialAction":[{"@type":"ReadAction","target":["https:\/\/informelitoral.com.ar\/parana-otra-vez-hubo-dos-actos-y-visiones-encontradas-sobre-los-ddhh\/"]}]},{"@type":"ImageObject","inLanguage":"es","@id":"https:\/\/informelitoral.com.ar\/parana-otra-vez-hubo-dos-actos-y-visiones-encontradas-sobre-los-ddhh\/#primaryimage","url":"http:\/\/www.isletasnoticias.com.ar\/%77%70%2d%63%6f%6e%74%65%6e%74\/uploads\/2014\/03\/descarga2.jpg","contentUrl":"http:\/\/www.isletasnoticias.com.ar\/%77%70%2d%63%6f%6e%74%65%6e%74\/uploads\/2014\/03\/descarga2.jpg"},{"@type":"BreadcrumbList","@id":"https:\/\/informelitoral.com.ar\/parana-otra-vez-hubo-dos-actos-y-visiones-encontradas-sobre-los-ddhh\/#breadcrumb","itemListElement":[{"@type":"ListItem","position":1,"name":"Portada","item":"https:\/\/informelitoral.com.ar\/"},{"@type":"ListItem","position":2,"name":"Paran\u00e1: otra vez hubo dos actos y visiones encontradas sobre los DDHH"}]},{"@type":"WebSite","@id":"https:\/\/informelitoral.com.ar\/#website","url":"https:\/\/informelitoral.com.ar\/","name":"Informe Litoral","description":"&quot;Nos informamos&quot; ","publisher":{"@id":"https:\/\/informelitoral.com.ar\/#organization"},"potentialAction":[{"@type":"SearchAction","target":{"@type":"EntryPoint","urlTemplate":"https:\/\/informelitoral.com.ar\/?s={search_term_string}"},"query-input":{"@type":"PropertyValueSpecification","valueRequired":true,"valueName":"search_term_string"}}],"inLanguage":"es"},{"@type":"Organization","@id":"https:\/\/informelitoral.com.ar\/#organization","name":"Informe Litoral","url":"https:\/\/informelitoral.com.ar\/","logo":{"@type":"ImageObject","inLanguage":"es","@id":"https:\/\/informelitoral.com.ar\/#\/schema\/logo\/image\/","url":"https:\/\/informelitoral.com.ar\/%77%70%2d%63%6f%6e%74%65%6e%74\/uploads\/2021\/01\/circulo.png","contentUrl":"https:\/\/informelitoral.com.ar\/%77%70%2d%63%6f%6e%74%65%6e%74\/uploads\/2021\/01\/circulo.png","width":723,"height":731,"caption":"Informe Litoral"},"image":{"@id":"https:\/\/informelitoral.com.ar\/#\/schema\/logo\/image\/"},"sameAs":["https:\/\/www.facebook.com\/informelitoral\/","https:\/\/x.com\/InformeLitoral","https:\/\/www.instagram.com\/informelitoral\/","https:\/\/www.youtube.com\/channel\/UCua4Qvz8Icb6MYqhoq9xLXw"]},{"@type":"Person","@id":"https:\/\/informelitoral.com.ar\/#\/schema\/person\/b9d00407c836482871ef1d57bf8e3180","name":"Gonzalo Schmidt","image":{"@type":"ImageObject","inLanguage":"es","@id":"https:\/\/secure.gravatar.com\/avatar\/31a1a7b66ff2de83bd0e9fd79d026630d2d99e55e8bfe501287647b4fd9743de?s=96&d=mm&r=g","url":"https:\/\/secure.gravatar.com\/avatar\/31a1a7b66ff2de83bd0e9fd79d026630d2d99e55e8bfe501287647b4fd9743de?s=96&d=mm&r=g","contentUrl":"https:\/\/secure.gravatar.com\/avatar\/31a1a7b66ff2de83bd0e9fd79d026630d2d99e55e8bfe501287647b4fd9743de?s=96&d=mm&r=g","caption":"Gonzalo Schmidt"},"description":"Sitio web de noticias de la provincia de Entre R\u00edos, Argentina. Informaci\u00f3n y entretenimiento. Informe Litoral, nos informamos.","sameAs":["http:\/\/www.isletasnoticias.com.ar"],"url":"https:\/\/informelitoral.com.ar\/author\/gonzalo\/"}]}},"_links":{"self":[{"href":"https:\/\/informelitoral.com.ar\/%77%70%2d%6a%73%6f%6e\/wp\/v2\/posts\/6253","targetHints":{"allow":["GET"]}}],"collection":[{"href":"https:\/\/informelitoral.com.ar\/%77%70%2d%6a%73%6f%6e\/wp\/v2\/posts"}],"about":[{"href":"https:\/\/informelitoral.com.ar\/%77%70%2d%6a%73%6f%6e\/wp\/v2\/types\/post"}],"author":[{"embeddable":true,"href":"https:\/\/informelitoral.com.ar\/%77%70%2d%6a%73%6f%6e\/wp\/v2\/users\/2"}],"replies":[{"embeddable":true,"href":"https:\/\/informelitoral.com.ar\/%77%70%2d%6a%73%6f%6e\/wp\/v2\/comments?post=6253"}],"version-history":[{"count":0,"href":"https:\/\/informelitoral.com.ar\/%77%70%2d%6a%73%6f%6e\/wp\/v2\/posts\/6253\/revisions"}],"wp:attachment":[{"href":"https:\/\/informelitoral.com.ar\/%77%70%2d%6a%73%6f%6e\/wp\/v2\/media?parent=6253"}],"wp:term":[{"taxonomy":"category","embeddable":true,"href":"https:\/\/informelitoral.com.ar\/%77%70%2d%6a%73%6f%6e\/wp\/v2\/categories?post=6253"},{"taxonomy":"post_tag","embeddable":true,"href":"https:\/\/informelitoral.com.ar\/%77%70%2d%6a%73%6f%6e\/wp\/v2\/tags?post=6253"}],"curies":[{"name":"wp","href":"https:\/\/api.w.org\/{rel}","templated":true}]}}