{"id":62518,"date":"2021-07-17T11:56:52","date_gmt":"2021-07-17T14:56:52","guid":{"rendered":"https:\/\/www.informelitoral.com.ar\/?p=62518"},"modified":"2021-07-17T12:48:42","modified_gmt":"2021-07-17T15:48:42","slug":"ramirez-un-hombre-de-36-anos-habria-intentado-quitarse-la-vida","status":"publish","type":"post","link":"https:\/\/informelitoral.com.ar\/ramirez-un-hombre-de-36-anos-habria-intentado-quitarse-la-vida\/","title":{"rendered":"Ram\u00edrez: un hombre de 36 a\u00f1os habr\u00eda intentado quitarse la vida"},"content":{"rendered":"<p>Aproximadamente a las 23:45 del jueves 15 de julio, personal policial de la Comisar\u00eda de General Ram\u00edrez, a cargo del subcomisario Luis Arias, fue alertado sobre un hecho que estaba ocurriendo en un domicilio de la calle French, donde una persona habr\u00eda intentado quitarse la vida.<\/p>\n<p>Al llegar al lugar los uniformados pudieron observar que una mujer se encontraba llorando dentro de la vivienda, precisamente en el ba\u00f1o con la puerta cerrada y trab\u00e1ndola con su cuerpo un hombre de 36 a\u00f1os, pareja de la due\u00f1a de casa.<\/p>\n<p>Desde la fuerza policial indicaron que con la colaboraci\u00f3n de Bomberos Voluntarios, \u201cse logr\u00f3 forzar la puerta e ingresar al recinto mencionado, encontrando al individuo desvanecido en el suelo, pero con signos vitales, por lo que de inmediato se pudo colocar a la altura del cuello un tap\u00f3n para que no perdiera m\u00e1s sangre\u201d.<\/p>\n<p>Con el arribo de la ambulancia, el herido fue trasladado al Hospital Nuestra Se\u00f1ora de Luj\u00e1n, donde tras ser examinado result\u00f3 con lesiones de car\u00e1cter leves.<\/p>\n<p>Cabe mencionar que se inici\u00f3 el legajo correspondiente indicado por la fiscal de turno de Diamante, donde se hizo presente personal de la Direcci\u00f3n de Criminal\u00edstica y el m\u00e9dico policial.<\/p>\n<p>Desde la dependencia ramirense agradecieron la colaboraci\u00f3n del personal de Bomberos Voluntarios, por acudir y actuar de inmediato en el suceso que pudo ser controlado.<\/p>\n","protected":false},"excerpt":{"rendered":"<p>Una vez que la Polic\u00eda lleg\u00f3 al domicilio, fue trasladado al hospital local donde constataron que presentaba lesiones de car\u00e1cter leve. <\/p>\n","protected":false},"author":8,"featured_media":62519,"comment_status":"open","ping_status":"open","sticky":false,"template":"","format":"standard","meta":{"fifu_image_url":"","fifu_image_alt":"","footnotes":""},"categories":[14],"tags":[562,358,94,27],"class_list":{"0":"post-62518","1":"post","2":"type-post","3":"status-publish","4":"format-standard","5":"has-post-thumbnail","7":"category-policiales","8":"tag-bomberos-voluntarios","9":"tag-comisaria-ramirez","10":"tag-policia","11":"tag-ramirez"},"yoast_head":"<title>Ram\u00edrez: un hombre de 36 a\u00f1os habr\u00eda intentado quitarse la vida - Informe Litoral<\/title>\n<meta name=\"robots\" content=\"index, follow, max-snippet:-1, max-image-preview:large, max-video-preview:-1\" \/>\n<link rel=\"canonical\" href=\"https:\/\/informelitoral.com.ar\/ramirez-un-hombre-de-36-anos-habria-intentado-quitarse-la-vida\/\" \/>\n<meta property=\"og:locale\" content=\"es_ES\" \/>\n<meta property=\"og:type\" content=\"article\" \/>\n<meta property=\"og:title\" content=\"Ram\u00edrez: un hombre de 36 a\u00f1os habr\u00eda intentado quitarse la vida - Informe Litoral\" \/>\n<meta property=\"og:description\" content=\"Una vez que la Polic\u00eda lleg\u00f3 al domicilio, fue trasladado al hospital local donde constataron que presentaba lesiones de car\u00e1cter leve.\" \/>\n<meta property=\"og:url\" content=\"https:\/\/informelitoral.com.ar\/ramirez-un-hombre-de-36-anos-habria-intentado-quitarse-la-vida\/\" \/>\n<meta property=\"og:site_name\" content=\"Informe Litoral\" \/>\n<meta property=\"article:publisher\" content=\"https:\/\/www.facebook.com\/informelitoral\/\" \/>\n<meta property=\"article:published_time\" content=\"2021-07-17T14:56:52+00:00\" \/>\n<meta property=\"article:modified_time\" content=\"2021-07-17T15:48:42+00:00\" \/>\n<meta property=\"og:image\" content=\"https:\/\/informelitoral.com.ar\/%77%70%2d%63%6f%6e%74%65%6e%74\/uploads\/2021\/07\/RAMIREZ-COMISARIA-4-2020-internet.jpg\" \/>\n\t<meta property=\"og:image:width\" content=\"700\" \/>\n\t<meta property=\"og:image:height\" content=\"525\" \/>\n\t<meta property=\"og:image:type\" content=\"image\/jpeg\" \/>\n<meta name=\"author\" content=\"Sebastian\" \/>\n<meta name=\"twitter:card\" content=\"summary_large_image\" \/>\n<meta name=\"twitter:creator\" content=\"@InformeLitoral\" \/>\n<meta name=\"twitter:site\" content=\"@InformeLitoral\" \/>\n<meta name=\"twitter:label1\" content=\"Escrito por\" \/>\n\t<meta name=\"twitter:data1\" content=\"Sebastian\" \/>\n\t<meta name=\"twitter:label2\" content=\"Tiempo de lectura\" \/>\n\t<meta name=\"twitter:data2\" content=\"1 minuto\" \/>\n<script type=\"application\/ld+json\" class=\"yoast-schema-graph\">{\"@context\":\"https:\\\/\\\/schema.org\",\"@graph\":[{\"@type\":\"Article\",\"@id\":\"https:\\\/\\\/informelitoral.com.ar\\\/ramirez-un-hombre-de-36-anos-habria-intentado-quitarse-la-vida\\\/#article\",\"isPartOf\":{\"@id\":\"https:\\\/\\\/informelitoral.com.ar\\\/ramirez-un-hombre-de-36-anos-habria-intentado-quitarse-la-vida\\\/\"},\"author\":{\"name\":\"Sebastian\",\"@id\":\"https:\\\/\\\/informelitoral.com.ar\\\/#\\\/schema\\\/person\\\/f05f9f461677119578717524b127d6d5\"},\"headline\":\"Ram\u00edrez: un hombre de 36 a\u00f1os habr\u00eda intentado quitarse la vida\",\"datePublished\":\"2021-07-17T14:56:52+00:00\",\"dateModified\":\"2021-07-17T15:48:42+00:00\",\"mainEntityOfPage\":{\"@id\":\"https:\\\/\\\/informelitoral.com.ar\\\/ramirez-un-hombre-de-36-anos-habria-intentado-quitarse-la-vida\\\/\"},\"wordCount\":250,\"commentCount\":0,\"publisher\":{\"@id\":\"https:\\\/\\\/informelitoral.com.ar\\\/#organization\"},\"image\":{\"@id\":\"https:\\\/\\\/informelitoral.com.ar\\\/ramirez-un-hombre-de-36-anos-habria-intentado-quitarse-la-vida\\\/#primaryimage\"},\"thumbnailUrl\":\"https:\\\/\\\/informelitoral.com.ar\\\/%77%70%2d%63%6f%6e%74%65%6e%74\\\/uploads\\\/2021\\\/07\\\/RAMIREZ-COMISARIA-4-2020-internet.jpg\",\"keywords\":[\"Bomberos voluntarios\",\"Comisar\u00eda Ram\u00edrez\",\"Polic\u00eda\",\"Ram\u00edrez\"],\"articleSection\":[\"Policiales\"],\"inLanguage\":\"es\",\"potentialAction\":[{\"@type\":\"CommentAction\",\"name\":\"Comment\",\"target\":[\"https:\\\/\\\/informelitoral.com.ar\\\/ramirez-un-hombre-de-36-anos-habria-intentado-quitarse-la-vida\\\/#respond\"]}]},{\"@type\":\"WebPage\",\"@id\":\"https:\\\/\\\/informelitoral.com.ar\\\/ramirez-un-hombre-de-36-anos-habria-intentado-quitarse-la-vida\\\/\",\"url\":\"https:\\\/\\\/informelitoral.com.ar\\\/ramirez-un-hombre-de-36-anos-habria-intentado-quitarse-la-vida\\\/\",\"name\":\"Ram\u00edrez: un hombre de 36 a\u00f1os habr\u00eda intentado quitarse la vida - Informe Litoral\",\"isPartOf\":{\"@id\":\"https:\\\/\\\/informelitoral.com.ar\\\/#website\"},\"primaryImageOfPage\":{\"@id\":\"https:\\\/\\\/informelitoral.com.ar\\\/ramirez-un-hombre-de-36-anos-habria-intentado-quitarse-la-vida\\\/#primaryimage\"},\"image\":{\"@id\":\"https:\\\/\\\/informelitoral.com.ar\\\/ramirez-un-hombre-de-36-anos-habria-intentado-quitarse-la-vida\\\/#primaryimage\"},\"thumbnailUrl\":\"https:\\\/\\\/informelitoral.com.ar\\\/%77%70%2d%63%6f%6e%74%65%6e%74\\\/uploads\\\/2021\\\/07\\\/RAMIREZ-COMISARIA-4-2020-internet.jpg\",\"datePublished\":\"2021-07-17T14:56:52+00:00\",\"dateModified\":\"2021-07-17T15:48:42+00:00\",\"breadcrumb\":{\"@id\":\"https:\\\/\\\/informelitoral.com.ar\\\/ramirez-un-hombre-de-36-anos-habria-intentado-quitarse-la-vida\\\/#breadcrumb\"},\"inLanguage\":\"es\",\"potentialAction\":[{\"@type\":\"ReadAction\",\"target\":[\"https:\\\/\\\/informelitoral.com.ar\\\/ramirez-un-hombre-de-36-anos-habria-intentado-quitarse-la-vida\\\/\"]}]},{\"@type\":\"ImageObject\",\"inLanguage\":\"es\",\"@id\":\"https:\\\/\\\/informelitoral.com.ar\\\/ramirez-un-hombre-de-36-anos-habria-intentado-quitarse-la-vida\\\/#primaryimage\",\"url\":\"https:\\\/\\\/informelitoral.com.ar\\\/%77%70%2d%63%6f%6e%74%65%6e%74\\\/uploads\\\/2021\\\/07\\\/RAMIREZ-COMISARIA-4-2020-internet.jpg\",\"contentUrl\":\"https:\\\/\\\/informelitoral.com.ar\\\/%77%70%2d%63%6f%6e%74%65%6e%74\\\/uploads\\\/2021\\\/07\\\/RAMIREZ-COMISARIA-4-2020-internet.jpg\",\"width\":700,\"height\":525},{\"@type\":\"BreadcrumbList\",\"@id\":\"https:\\\/\\\/informelitoral.com.ar\\\/ramirez-un-hombre-de-36-anos-habria-intentado-quitarse-la-vida\\\/#breadcrumb\",\"itemListElement\":[{\"@type\":\"ListItem\",\"position\":1,\"name\":\"Portada\",\"item\":\"https:\\\/\\\/informelitoral.com.ar\\\/\"},{\"@type\":\"ListItem\",\"position\":2,\"name\":\"Ram\u00edrez: un hombre de 36 a\u00f1os habr\u00eda intentado quitarse la vida\"}]},{\"@type\":\"WebSite\",\"@id\":\"https:\\\/\\\/informelitoral.com.ar\\\/#website\",\"url\":\"https:\\\/\\\/informelitoral.com.ar\\\/\",\"name\":\"Informe Litoral\",\"description\":\"&quot;Nos informamos&quot; \",\"publisher\":{\"@id\":\"https:\\\/\\\/informelitoral.com.ar\\\/#organization\"},\"potentialAction\":[{\"@type\":\"SearchAction\",\"target\":{\"@type\":\"EntryPoint\",\"urlTemplate\":\"https:\\\/\\\/informelitoral.com.ar\\\/?s={search_term_string}\"},\"query-input\":{\"@type\":\"PropertyValueSpecification\",\"valueRequired\":true,\"valueName\":\"search_term_string\"}}],\"inLanguage\":\"es\"},{\"@type\":\"Organization\",\"@id\":\"https:\\\/\\\/informelitoral.com.ar\\\/#organization\",\"name\":\"Informe Litoral\",\"url\":\"https:\\\/\\\/informelitoral.com.ar\\\/\",\"logo\":{\"@type\":\"ImageObject\",\"inLanguage\":\"es\",\"@id\":\"https:\\\/\\\/informelitoral.com.ar\\\/#\\\/schema\\\/logo\\\/image\\\/\",\"url\":\"https:\\\/\\\/informelitoral.com.ar\\\/%77%70%2d%63%6f%6e%74%65%6e%74\\\/uploads\\\/2021\\\/01\\\/circulo.png\",\"contentUrl\":\"https:\\\/\\\/informelitoral.com.ar\\\/%77%70%2d%63%6f%6e%74%65%6e%74\\\/uploads\\\/2021\\\/01\\\/circulo.png\",\"width\":723,\"height\":731,\"caption\":\"Informe Litoral\"},\"image\":{\"@id\":\"https:\\\/\\\/informelitoral.com.ar\\\/#\\\/schema\\\/logo\\\/image\\\/\"},\"sameAs\":[\"https:\\\/\\\/www.facebook.com\\\/informelitoral\\\/\",\"https:\\\/\\\/x.com\\\/InformeLitoral\",\"https:\\\/\\\/www.instagram.com\\\/informelitoral\\\/\",\"https:\\\/\\\/www.youtube.com\\\/channel\\\/UCua4Qvz8Icb6MYqhoq9xLXw\"]},{\"@type\":\"Person\",\"@id\":\"https:\\\/\\\/informelitoral.com.ar\\\/#\\\/schema\\\/person\\\/f05f9f461677119578717524b127d6d5\",\"name\":\"Sebastian\",\"image\":{\"@type\":\"ImageObject\",\"inLanguage\":\"es\",\"@id\":\"https:\\\/\\\/secure.gravatar.com\\\/avatar\\\/b71bf7481d447dfb9583c7f2798e7cc64de6efb9067b74633ed8c31059a3bd82?s=96&d=mm&r=g\",\"url\":\"https:\\\/\\\/secure.gravatar.com\\\/avatar\\\/b71bf7481d447dfb9583c7f2798e7cc64de6efb9067b74633ed8c31059a3bd82?s=96&d=mm&r=g\",\"contentUrl\":\"https:\\\/\\\/secure.gravatar.com\\\/avatar\\\/b71bf7481d447dfb9583c7f2798e7cc64de6efb9067b74633ed8c31059a3bd82?s=96&d=mm&r=g\",\"caption\":\"Sebastian\"},\"url\":\"https:\\\/\\\/informelitoral.com.ar\\\/author\\\/sebastian\\\/\"}]}<\/script>","yoast_head_json":{"title":"Ram\u00edrez: un hombre de 36 a\u00f1os habr\u00eda intentado quitarse la vida - Informe Litoral","robots":{"index":"index","follow":"follow","max-snippet":"max-snippet:-1","max-image-preview":"max-image-preview:large","max-video-preview":"max-video-preview:-1"},"canonical":"https:\/\/informelitoral.com.ar\/ramirez-un-hombre-de-36-anos-habria-intentado-quitarse-la-vida\/","og_locale":"es_ES","og_type":"article","og_title":"Ram\u00edrez: un hombre de 36 a\u00f1os habr\u00eda intentado quitarse la vida - Informe Litoral","og_description":"Una vez que la Polic\u00eda lleg\u00f3 al domicilio, fue trasladado al hospital local donde constataron que presentaba lesiones de car\u00e1cter leve.","og_url":"https:\/\/informelitoral.com.ar\/ramirez-un-hombre-de-36-anos-habria-intentado-quitarse-la-vida\/","og_site_name":"Informe Litoral","article_publisher":"https:\/\/www.facebook.com\/informelitoral\/","article_published_time":"2021-07-17T14:56:52+00:00","article_modified_time":"2021-07-17T15:48:42+00:00","og_image":[{"width":700,"height":525,"url":"https:\/\/informelitoral.com.ar\/%77%70%2d%63%6f%6e%74%65%6e%74\/uploads\/2021\/07\/RAMIREZ-COMISARIA-4-2020-internet.jpg","type":"image\/jpeg"}],"author":"Sebastian","twitter_card":"summary_large_image","twitter_creator":"@InformeLitoral","twitter_site":"@InformeLitoral","twitter_misc":{"Escrito por":"Sebastian","Tiempo de lectura":"1 minuto"},"schema":{"@context":"https:\/\/schema.org","@graph":[{"@type":"Article","@id":"https:\/\/informelitoral.com.ar\/ramirez-un-hombre-de-36-anos-habria-intentado-quitarse-la-vida\/#article","isPartOf":{"@id":"https:\/\/informelitoral.com.ar\/ramirez-un-hombre-de-36-anos-habria-intentado-quitarse-la-vida\/"},"author":{"name":"Sebastian","@id":"https:\/\/informelitoral.com.ar\/#\/schema\/person\/f05f9f461677119578717524b127d6d5"},"headline":"Ram\u00edrez: un hombre de 36 a\u00f1os habr\u00eda intentado quitarse la vida","datePublished":"2021-07-17T14:56:52+00:00","dateModified":"2021-07-17T15:48:42+00:00","mainEntityOfPage":{"@id":"https:\/\/informelitoral.com.ar\/ramirez-un-hombre-de-36-anos-habria-intentado-quitarse-la-vida\/"},"wordCount":250,"commentCount":0,"publisher":{"@id":"https:\/\/informelitoral.com.ar\/#organization"},"image":{"@id":"https:\/\/informelitoral.com.ar\/ramirez-un-hombre-de-36-anos-habria-intentado-quitarse-la-vida\/#primaryimage"},"thumbnailUrl":"https:\/\/informelitoral.com.ar\/%77%70%2d%63%6f%6e%74%65%6e%74\/uploads\/2021\/07\/RAMIREZ-COMISARIA-4-2020-internet.jpg","keywords":["Bomberos voluntarios","Comisar\u00eda Ram\u00edrez","Polic\u00eda","Ram\u00edrez"],"articleSection":["Policiales"],"inLanguage":"es","potentialAction":[{"@type":"CommentAction","name":"Comment","target":["https:\/\/informelitoral.com.ar\/ramirez-un-hombre-de-36-anos-habria-intentado-quitarse-la-vida\/#respond"]}]},{"@type":"WebPage","@id":"https:\/\/informelitoral.com.ar\/ramirez-un-hombre-de-36-anos-habria-intentado-quitarse-la-vida\/","url":"https:\/\/informelitoral.com.ar\/ramirez-un-hombre-de-36-anos-habria-intentado-quitarse-la-vida\/","name":"Ram\u00edrez: un hombre de 36 a\u00f1os habr\u00eda intentado quitarse la vida - Informe Litoral","isPartOf":{"@id":"https:\/\/informelitoral.com.ar\/#website"},"primaryImageOfPage":{"@id":"https:\/\/informelitoral.com.ar\/ramirez-un-hombre-de-36-anos-habria-intentado-quitarse-la-vida\/#primaryimage"},"image":{"@id":"https:\/\/informelitoral.com.ar\/ramirez-un-hombre-de-36-anos-habria-intentado-quitarse-la-vida\/#primaryimage"},"thumbnailUrl":"https:\/\/informelitoral.com.ar\/%77%70%2d%63%6f%6e%74%65%6e%74\/uploads\/2021\/07\/RAMIREZ-COMISARIA-4-2020-internet.jpg","datePublished":"2021-07-17T14:56:52+00:00","dateModified":"2021-07-17T15:48:42+00:00","breadcrumb":{"@id":"https:\/\/informelitoral.com.ar\/ramirez-un-hombre-de-36-anos-habria-intentado-quitarse-la-vida\/#breadcrumb"},"inLanguage":"es","potentialAction":[{"@type":"ReadAction","target":["https:\/\/informelitoral.com.ar\/ramirez-un-hombre-de-36-anos-habria-intentado-quitarse-la-vida\/"]}]},{"@type":"ImageObject","inLanguage":"es","@id":"https:\/\/informelitoral.com.ar\/ramirez-un-hombre-de-36-anos-habria-intentado-quitarse-la-vida\/#primaryimage","url":"https:\/\/informelitoral.com.ar\/%77%70%2d%63%6f%6e%74%65%6e%74\/uploads\/2021\/07\/RAMIREZ-COMISARIA-4-2020-internet.jpg","contentUrl":"https:\/\/informelitoral.com.ar\/%77%70%2d%63%6f%6e%74%65%6e%74\/uploads\/2021\/07\/RAMIREZ-COMISARIA-4-2020-internet.jpg","width":700,"height":525},{"@type":"BreadcrumbList","@id":"https:\/\/informelitoral.com.ar\/ramirez-un-hombre-de-36-anos-habria-intentado-quitarse-la-vida\/#breadcrumb","itemListElement":[{"@type":"ListItem","position":1,"name":"Portada","item":"https:\/\/informelitoral.com.ar\/"},{"@type":"ListItem","position":2,"name":"Ram\u00edrez: un hombre de 36 a\u00f1os habr\u00eda intentado quitarse la vida"}]},{"@type":"WebSite","@id":"https:\/\/informelitoral.com.ar\/#website","url":"https:\/\/informelitoral.com.ar\/","name":"Informe Litoral","description":"&quot;Nos informamos&quot; ","publisher":{"@id":"https:\/\/informelitoral.com.ar\/#organization"},"potentialAction":[{"@type":"SearchAction","target":{"@type":"EntryPoint","urlTemplate":"https:\/\/informelitoral.com.ar\/?s={search_term_string}"},"query-input":{"@type":"PropertyValueSpecification","valueRequired":true,"valueName":"search_term_string"}}],"inLanguage":"es"},{"@type":"Organization","@id":"https:\/\/informelitoral.com.ar\/#organization","name":"Informe Litoral","url":"https:\/\/informelitoral.com.ar\/","logo":{"@type":"ImageObject","inLanguage":"es","@id":"https:\/\/informelitoral.com.ar\/#\/schema\/logo\/image\/","url":"https:\/\/informelitoral.com.ar\/%77%70%2d%63%6f%6e%74%65%6e%74\/uploads\/2021\/01\/circulo.png","contentUrl":"https:\/\/informelitoral.com.ar\/%77%70%2d%63%6f%6e%74%65%6e%74\/uploads\/2021\/01\/circulo.png","width":723,"height":731,"caption":"Informe Litoral"},"image":{"@id":"https:\/\/informelitoral.com.ar\/#\/schema\/logo\/image\/"},"sameAs":["https:\/\/www.facebook.com\/informelitoral\/","https:\/\/x.com\/InformeLitoral","https:\/\/www.instagram.com\/informelitoral\/","https:\/\/www.youtube.com\/channel\/UCua4Qvz8Icb6MYqhoq9xLXw"]},{"@type":"Person","@id":"https:\/\/informelitoral.com.ar\/#\/schema\/person\/f05f9f461677119578717524b127d6d5","name":"Sebastian","image":{"@type":"ImageObject","inLanguage":"es","@id":"https:\/\/secure.gravatar.com\/avatar\/b71bf7481d447dfb9583c7f2798e7cc64de6efb9067b74633ed8c31059a3bd82?s=96&d=mm&r=g","url":"https:\/\/secure.gravatar.com\/avatar\/b71bf7481d447dfb9583c7f2798e7cc64de6efb9067b74633ed8c31059a3bd82?s=96&d=mm&r=g","contentUrl":"https:\/\/secure.gravatar.com\/avatar\/b71bf7481d447dfb9583c7f2798e7cc64de6efb9067b74633ed8c31059a3bd82?s=96&d=mm&r=g","caption":"Sebastian"},"url":"https:\/\/informelitoral.com.ar\/author\/sebastian\/"}]}},"_links":{"self":[{"href":"https:\/\/informelitoral.com.ar\/%77%70%2d%6a%73%6f%6e\/wp\/v2\/posts\/62518","targetHints":{"allow":["GET"]}}],"collection":[{"href":"https:\/\/informelitoral.com.ar\/%77%70%2d%6a%73%6f%6e\/wp\/v2\/posts"}],"about":[{"href":"https:\/\/informelitoral.com.ar\/%77%70%2d%6a%73%6f%6e\/wp\/v2\/types\/post"}],"author":[{"embeddable":true,"href":"https:\/\/informelitoral.com.ar\/%77%70%2d%6a%73%6f%6e\/wp\/v2\/users\/8"}],"replies":[{"embeddable":true,"href":"https:\/\/informelitoral.com.ar\/%77%70%2d%6a%73%6f%6e\/wp\/v2\/comments?post=62518"}],"version-history":[{"count":0,"href":"https:\/\/informelitoral.com.ar\/%77%70%2d%6a%73%6f%6e\/wp\/v2\/posts\/62518\/revisions"}],"wp:featuredmedia":[{"embeddable":true,"href":"https:\/\/informelitoral.com.ar\/%77%70%2d%6a%73%6f%6e\/wp\/v2\/media\/62519"}],"wp:attachment":[{"href":"https:\/\/informelitoral.com.ar\/%77%70%2d%6a%73%6f%6e\/wp\/v2\/media?parent=62518"}],"wp:term":[{"taxonomy":"category","embeddable":true,"href":"https:\/\/informelitoral.com.ar\/%77%70%2d%6a%73%6f%6e\/wp\/v2\/categories?post=62518"},{"taxonomy":"post_tag","embeddable":true,"href":"https:\/\/informelitoral.com.ar\/%77%70%2d%6a%73%6f%6e\/wp\/v2\/tags?post=62518"}],"curies":[{"name":"wp","href":"https:\/\/api.w.org\/{rel}","templated":true}]}}