{"id":62508,"date":"2021-07-16T22:07:08","date_gmt":"2021-07-17T01:07:08","guid":{"rendered":"https:\/\/www.informelitoral.com.ar\/?p=62508"},"modified":"2021-07-16T22:15:35","modified_gmt":"2021-07-17T01:15:35","slug":"caso-gonzalo-calleja-finalmente-la-autopsia-confirmo-que-lo-mataron","status":"publish","type":"post","link":"https:\/\/informelitoral.com.ar\/caso-gonzalo-calleja-finalmente-la-autopsia-confirmo-que-lo-mataron\/","title":{"rendered":"Caso Gonzalo Calleja: finalmente la autopsia confirm\u00f3 que lo mataron"},"content":{"rendered":"<p>En la tarde de este viernes, finaliz\u00f3 en la morgue de Oro Verde la autopsia al cuerpo de Gonzalo Calleja, el contador de 29 a\u00f1os, que fue encontrado muerto en un descampado de calle Montiel, a metros de B\u00e1ez, tras un d\u00eda de estar desaparecido.<\/p>\n<p>\u00abEn el marco de la investigaci\u00f3n del homicidio en perjuicio de Gonzalo Calleja, el fiscal Santiago Alfieri inform\u00f3 que este viernes continu\u00f3 el impulso de la investigaci\u00f3n para esclarecer el hecho. <b>Se trabaja para esclarecer el homicidio<\/b>\u00ab, indica el parte oficial.<\/p>\n<p>Se detall\u00f3 que se llev\u00f3 a cabo un allanamiento y una requisa domiciliaria, para la identificaci\u00f3n de una persona. En el procedimiento secuestraron dispositivos de telefon\u00eda celular, a partir de testimonios reunidos con posterioridad a los allanamientos realizados este jueves por la noche.<\/p>\n<p>Asimismo, en la jornada de\u00a0este viernes\u00a0se present\u00f3 en sede de la Unidad Fiscal un joven, quien era requerido para su detenci\u00f3n, y a trav\u00e9s de su abogado present\u00f3 una coartada que se encuentra en v\u00edas de ser corroborada. En tanto permanece detenido y se le tomar\u00e1 declaraci\u00f3n este s\u00e1bado.<\/p>\n<h4><strong>Autopsia<\/strong><\/h4>\n<p>Respecto de las\u00a0<b>conclusiones parciales de la intervenci\u00f3n de la autopsia realizada al cuerpo de Calleja se pudo establecer la ausencia de lesiones traum\u00e1ticas en el cuerpo de la v\u00edctima<\/b>. Se determina\u00a0<b>la asfixia como medio de muerte<\/b>. Queda pendiente\u00a0<b>establecer el\u00a0mecanismo por el que se produjo, para lo cual ser\u00e1n esenciales las conclusiones de estudios de laboratorio y qu\u00edmica forense, as\u00ed como los histopatol\u00f3gicos.\u00a0<\/b><\/p>\n<p><b>La ausencia de lesiones f\u00edsicas no descarta la hip\u00f3tesis de homicidio vinculado estrechamente con la sustracci\u00f3n de los elementos de valor<\/b>\u00a0que llevaba consigo Calleja.<\/p>\n<p>La Fiscal\u00eda \u00abtrabaja en coordinaci\u00f3n con la Divisi\u00f3n especializada de la Polic\u00eda de Entre R\u00edos y con la colaboraci\u00f3n de otras reparticiones para establecer las circunstancias en se dio el homicidio y en miras de establecer la autor\u00eda del mismo\u00bb.<\/p>\n<blockquote class=\"wp-embedded-content\" data-secret=\"HYvdGZOAQs\"><p><a href=\"https:\/\/www.informelitoral.com.ar\/a-gonzalo-lo-mataron-y-tiene-que-haber-un-responsable-afirmo-la-novia-de-calleja\/\">\u201cA Gonzalo lo mataron y tiene que haber un responsable\u201d, afirm\u00f3 la novia de Calleja<\/a><\/p><\/blockquote>\n<p><iframe loading=\"lazy\" class=\"wp-embedded-content\" sandbox=\"allow-scripts\" security=\"restricted\" style=\"position: absolute; clip: rect(1px, 1px, 1px, 1px);\" title=\"\u00ab\u201cA Gonzalo lo mataron y tiene que haber un responsable\u201d, afirm\u00f3 la novia de Calleja\u00bb \u2014 Informe Litoral\" src=\"https:\/\/www.informelitoral.com.ar\/a-gonzalo-lo-mataron-y-tiene-que-haber-un-responsable-afirmo-la-novia-de-calleja\/embed\/#?secret=HYvdGZOAQs\" data-secret=\"HYvdGZOAQs\" width=\"600\" height=\"338\" frameborder=\"0\" marginwidth=\"0\" marginheight=\"0\" scrolling=\"no\"><\/iframe><\/p>\n","protected":false},"excerpt":{"rendered":"<p>Las conclusiones parciales de la intervenci\u00f3n de la autopsia realizada al cuerpo de Gonzalo Calleja indican que se pudo establecer la \u00abausencia de lesiones traum\u00e1ticas\u00bb. Confirmaron que se trat\u00f3 de un homicidio.<\/p>\n","protected":false},"author":2,"featured_media":62449,"comment_status":"open","ping_status":"open","sticky":false,"template":"","format":"standard","meta":{"fifu_image_url":"","fifu_image_alt":"","footnotes":""},"categories":[14],"tags":[2338],"class_list":{"0":"post-62508","1":"post","2":"type-post","3":"status-publish","4":"format-standard","5":"has-post-thumbnail","7":"category-policiales","8":"tag-gonzalo-calleja"},"yoast_head":"<title>Caso Gonzalo Calleja: finalmente la autopsia confirm\u00f3 que lo mataron - Informe Litoral<\/title>\n<meta name=\"robots\" content=\"index, follow, max-snippet:-1, max-image-preview:large, max-video-preview:-1\" \/>\n<link rel=\"canonical\" href=\"https:\/\/informelitoral.com.ar\/caso-gonzalo-calleja-finalmente-la-autopsia-confirmo-que-lo-mataron\/\" \/>\n<meta property=\"og:locale\" content=\"es_ES\" \/>\n<meta property=\"og:type\" content=\"article\" \/>\n<meta property=\"og:title\" content=\"Caso Gonzalo Calleja: finalmente la autopsia confirm\u00f3 que lo mataron - Informe Litoral\" \/>\n<meta property=\"og:description\" content=\"Las conclusiones parciales de la intervenci\u00f3n de la autopsia realizada al cuerpo de Gonzalo Calleja indican que se pudo establecer la &quot;ausencia de lesiones traum\u00e1ticas&quot;. Confirmaron que se trat\u00f3 de un homicidio.\" \/>\n<meta property=\"og:url\" content=\"https:\/\/informelitoral.com.ar\/caso-gonzalo-calleja-finalmente-la-autopsia-confirmo-que-lo-mataron\/\" \/>\n<meta property=\"og:site_name\" content=\"Informe Litoral\" \/>\n<meta property=\"article:publisher\" content=\"https:\/\/www.facebook.com\/informelitoral\/\" \/>\n<meta property=\"article:published_time\" content=\"2021-07-17T01:07:08+00:00\" \/>\n<meta property=\"article:modified_time\" content=\"2021-07-17T01:15:35+00:00\" \/>\n<meta property=\"og:image\" content=\"https:\/\/informelitoral.com.ar\/%77%70%2d%63%6f%6e%74%65%6e%74\/uploads\/2021\/07\/gonzalo-calleja.jpg\" \/>\n\t<meta property=\"og:image:width\" content=\"800\" \/>\n\t<meta property=\"og:image:height\" content=\"450\" \/>\n\t<meta property=\"og:image:type\" content=\"image\/jpeg\" \/>\n<meta name=\"author\" content=\"Gonzalo Schmidt\" \/>\n<meta name=\"twitter:card\" content=\"summary_large_image\" \/>\n<meta name=\"twitter:creator\" content=\"@InformeLitoral\" \/>\n<meta name=\"twitter:site\" content=\"@InformeLitoral\" \/>\n<meta name=\"twitter:label1\" content=\"Escrito por\" \/>\n\t<meta name=\"twitter:data1\" content=\"Gonzalo Schmidt\" \/>\n\t<meta name=\"twitter:label2\" content=\"Tiempo de lectura\" \/>\n\t<meta name=\"twitter:data2\" content=\"2 minutos\" \/>\n<script type=\"application\/ld+json\" class=\"yoast-schema-graph\">{\"@context\":\"https:\\\/\\\/schema.org\",\"@graph\":[{\"@type\":\"Article\",\"@id\":\"https:\\\/\\\/informelitoral.com.ar\\\/caso-gonzalo-calleja-finalmente-la-autopsia-confirmo-que-lo-mataron\\\/#article\",\"isPartOf\":{\"@id\":\"https:\\\/\\\/informelitoral.com.ar\\\/caso-gonzalo-calleja-finalmente-la-autopsia-confirmo-que-lo-mataron\\\/\"},\"author\":{\"name\":\"Gonzalo Schmidt\",\"@id\":\"https:\\\/\\\/informelitoral.com.ar\\\/#\\\/schema\\\/person\\\/b9d00407c836482871ef1d57bf8e3180\"},\"headline\":\"Caso Gonzalo Calleja: finalmente la autopsia confirm\u00f3 que lo mataron\",\"datePublished\":\"2021-07-17T01:07:08+00:00\",\"dateModified\":\"2021-07-17T01:15:35+00:00\",\"mainEntityOfPage\":{\"@id\":\"https:\\\/\\\/informelitoral.com.ar\\\/caso-gonzalo-calleja-finalmente-la-autopsia-confirmo-que-lo-mataron\\\/\"},\"wordCount\":355,\"commentCount\":0,\"publisher\":{\"@id\":\"https:\\\/\\\/informelitoral.com.ar\\\/#organization\"},\"image\":{\"@id\":\"https:\\\/\\\/informelitoral.com.ar\\\/caso-gonzalo-calleja-finalmente-la-autopsia-confirmo-que-lo-mataron\\\/#primaryimage\"},\"thumbnailUrl\":\"https:\\\/\\\/informelitoral.com.ar\\\/%77%70%2d%63%6f%6e%74%65%6e%74\\\/uploads\\\/2021\\\/07\\\/gonzalo-calleja.jpg\",\"keywords\":[\"Gonzalo Calleja\"],\"articleSection\":[\"Policiales\"],\"inLanguage\":\"es\",\"potentialAction\":[{\"@type\":\"CommentAction\",\"name\":\"Comment\",\"target\":[\"https:\\\/\\\/informelitoral.com.ar\\\/caso-gonzalo-calleja-finalmente-la-autopsia-confirmo-que-lo-mataron\\\/#respond\"]}]},{\"@type\":\"WebPage\",\"@id\":\"https:\\\/\\\/informelitoral.com.ar\\\/caso-gonzalo-calleja-finalmente-la-autopsia-confirmo-que-lo-mataron\\\/\",\"url\":\"https:\\\/\\\/informelitoral.com.ar\\\/caso-gonzalo-calleja-finalmente-la-autopsia-confirmo-que-lo-mataron\\\/\",\"name\":\"Caso Gonzalo Calleja: finalmente la autopsia confirm\u00f3 que lo mataron - Informe Litoral\",\"isPartOf\":{\"@id\":\"https:\\\/\\\/informelitoral.com.ar\\\/#website\"},\"primaryImageOfPage\":{\"@id\":\"https:\\\/\\\/informelitoral.com.ar\\\/caso-gonzalo-calleja-finalmente-la-autopsia-confirmo-que-lo-mataron\\\/#primaryimage\"},\"image\":{\"@id\":\"https:\\\/\\\/informelitoral.com.ar\\\/caso-gonzalo-calleja-finalmente-la-autopsia-confirmo-que-lo-mataron\\\/#primaryimage\"},\"thumbnailUrl\":\"https:\\\/\\\/informelitoral.com.ar\\\/%77%70%2d%63%6f%6e%74%65%6e%74\\\/uploads\\\/2021\\\/07\\\/gonzalo-calleja.jpg\",\"datePublished\":\"2021-07-17T01:07:08+00:00\",\"dateModified\":\"2021-07-17T01:15:35+00:00\",\"breadcrumb\":{\"@id\":\"https:\\\/\\\/informelitoral.com.ar\\\/caso-gonzalo-calleja-finalmente-la-autopsia-confirmo-que-lo-mataron\\\/#breadcrumb\"},\"inLanguage\":\"es\",\"potentialAction\":[{\"@type\":\"ReadAction\",\"target\":[\"https:\\\/\\\/informelitoral.com.ar\\\/caso-gonzalo-calleja-finalmente-la-autopsia-confirmo-que-lo-mataron\\\/\"]}]},{\"@type\":\"ImageObject\",\"inLanguage\":\"es\",\"@id\":\"https:\\\/\\\/informelitoral.com.ar\\\/caso-gonzalo-calleja-finalmente-la-autopsia-confirmo-que-lo-mataron\\\/#primaryimage\",\"url\":\"https:\\\/\\\/informelitoral.com.ar\\\/%77%70%2d%63%6f%6e%74%65%6e%74\\\/uploads\\\/2021\\\/07\\\/gonzalo-calleja.jpg\",\"contentUrl\":\"https:\\\/\\\/informelitoral.com.ar\\\/%77%70%2d%63%6f%6e%74%65%6e%74\\\/uploads\\\/2021\\\/07\\\/gonzalo-calleja.jpg\",\"width\":800,\"height\":450},{\"@type\":\"BreadcrumbList\",\"@id\":\"https:\\\/\\\/informelitoral.com.ar\\\/caso-gonzalo-calleja-finalmente-la-autopsia-confirmo-que-lo-mataron\\\/#breadcrumb\",\"itemListElement\":[{\"@type\":\"ListItem\",\"position\":1,\"name\":\"Portada\",\"item\":\"https:\\\/\\\/informelitoral.com.ar\\\/\"},{\"@type\":\"ListItem\",\"position\":2,\"name\":\"Caso Gonzalo Calleja: finalmente la autopsia confirm\u00f3 que lo mataron\"}]},{\"@type\":\"WebSite\",\"@id\":\"https:\\\/\\\/informelitoral.com.ar\\\/#website\",\"url\":\"https:\\\/\\\/informelitoral.com.ar\\\/\",\"name\":\"Informe Litoral\",\"description\":\"&quot;Nos informamos&quot; \",\"publisher\":{\"@id\":\"https:\\\/\\\/informelitoral.com.ar\\\/#organization\"},\"potentialAction\":[{\"@type\":\"SearchAction\",\"target\":{\"@type\":\"EntryPoint\",\"urlTemplate\":\"https:\\\/\\\/informelitoral.com.ar\\\/?s={search_term_string}\"},\"query-input\":{\"@type\":\"PropertyValueSpecification\",\"valueRequired\":true,\"valueName\":\"search_term_string\"}}],\"inLanguage\":\"es\"},{\"@type\":\"Organization\",\"@id\":\"https:\\\/\\\/informelitoral.com.ar\\\/#organization\",\"name\":\"Informe Litoral\",\"url\":\"https:\\\/\\\/informelitoral.com.ar\\\/\",\"logo\":{\"@type\":\"ImageObject\",\"inLanguage\":\"es\",\"@id\":\"https:\\\/\\\/informelitoral.com.ar\\\/#\\\/schema\\\/logo\\\/image\\\/\",\"url\":\"https:\\\/\\\/informelitoral.com.ar\\\/%77%70%2d%63%6f%6e%74%65%6e%74\\\/uploads\\\/2021\\\/01\\\/circulo.png\",\"contentUrl\":\"https:\\\/\\\/informelitoral.com.ar\\\/%77%70%2d%63%6f%6e%74%65%6e%74\\\/uploads\\\/2021\\\/01\\\/circulo.png\",\"width\":723,\"height\":731,\"caption\":\"Informe Litoral\"},\"image\":{\"@id\":\"https:\\\/\\\/informelitoral.com.ar\\\/#\\\/schema\\\/logo\\\/image\\\/\"},\"sameAs\":[\"https:\\\/\\\/www.facebook.com\\\/informelitoral\\\/\",\"https:\\\/\\\/x.com\\\/InformeLitoral\",\"https:\\\/\\\/www.instagram.com\\\/informelitoral\\\/\",\"https:\\\/\\\/www.youtube.com\\\/channel\\\/UCua4Qvz8Icb6MYqhoq9xLXw\"]},{\"@type\":\"Person\",\"@id\":\"https:\\\/\\\/informelitoral.com.ar\\\/#\\\/schema\\\/person\\\/b9d00407c836482871ef1d57bf8e3180\",\"name\":\"Gonzalo Schmidt\",\"image\":{\"@type\":\"ImageObject\",\"inLanguage\":\"es\",\"@id\":\"https:\\\/\\\/secure.gravatar.com\\\/avatar\\\/31a1a7b66ff2de83bd0e9fd79d026630d2d99e55e8bfe501287647b4fd9743de?s=96&d=mm&r=g\",\"url\":\"https:\\\/\\\/secure.gravatar.com\\\/avatar\\\/31a1a7b66ff2de83bd0e9fd79d026630d2d99e55e8bfe501287647b4fd9743de?s=96&d=mm&r=g\",\"contentUrl\":\"https:\\\/\\\/secure.gravatar.com\\\/avatar\\\/31a1a7b66ff2de83bd0e9fd79d026630d2d99e55e8bfe501287647b4fd9743de?s=96&d=mm&r=g\",\"caption\":\"Gonzalo Schmidt\"},\"description\":\"Sitio web de noticias de la provincia de Entre R\u00edos, Argentina. Informaci\u00f3n y entretenimiento. Informe Litoral, nos informamos.\",\"sameAs\":[\"http:\\\/\\\/www.isletasnoticias.com.ar\"],\"url\":\"https:\\\/\\\/informelitoral.com.ar\\\/author\\\/gonzalo\\\/\"}]}<\/script>","yoast_head_json":{"title":"Caso Gonzalo Calleja: finalmente la autopsia confirm\u00f3 que lo mataron - Informe Litoral","robots":{"index":"index","follow":"follow","max-snippet":"max-snippet:-1","max-image-preview":"max-image-preview:large","max-video-preview":"max-video-preview:-1"},"canonical":"https:\/\/informelitoral.com.ar\/caso-gonzalo-calleja-finalmente-la-autopsia-confirmo-que-lo-mataron\/","og_locale":"es_ES","og_type":"article","og_title":"Caso Gonzalo Calleja: finalmente la autopsia confirm\u00f3 que lo mataron - Informe Litoral","og_description":"Las conclusiones parciales de la intervenci\u00f3n de la autopsia realizada al cuerpo de Gonzalo Calleja indican que se pudo establecer la \"ausencia de lesiones traum\u00e1ticas\". Confirmaron que se trat\u00f3 de un homicidio.","og_url":"https:\/\/informelitoral.com.ar\/caso-gonzalo-calleja-finalmente-la-autopsia-confirmo-que-lo-mataron\/","og_site_name":"Informe Litoral","article_publisher":"https:\/\/www.facebook.com\/informelitoral\/","article_published_time":"2021-07-17T01:07:08+00:00","article_modified_time":"2021-07-17T01:15:35+00:00","og_image":[{"width":800,"height":450,"url":"https:\/\/informelitoral.com.ar\/%77%70%2d%63%6f%6e%74%65%6e%74\/uploads\/2021\/07\/gonzalo-calleja.jpg","type":"image\/jpeg"}],"author":"Gonzalo Schmidt","twitter_card":"summary_large_image","twitter_creator":"@InformeLitoral","twitter_site":"@InformeLitoral","twitter_misc":{"Escrito por":"Gonzalo Schmidt","Tiempo de lectura":"2 minutos"},"schema":{"@context":"https:\/\/schema.org","@graph":[{"@type":"Article","@id":"https:\/\/informelitoral.com.ar\/caso-gonzalo-calleja-finalmente-la-autopsia-confirmo-que-lo-mataron\/#article","isPartOf":{"@id":"https:\/\/informelitoral.com.ar\/caso-gonzalo-calleja-finalmente-la-autopsia-confirmo-que-lo-mataron\/"},"author":{"name":"Gonzalo Schmidt","@id":"https:\/\/informelitoral.com.ar\/#\/schema\/person\/b9d00407c836482871ef1d57bf8e3180"},"headline":"Caso Gonzalo Calleja: finalmente la autopsia confirm\u00f3 que lo mataron","datePublished":"2021-07-17T01:07:08+00:00","dateModified":"2021-07-17T01:15:35+00:00","mainEntityOfPage":{"@id":"https:\/\/informelitoral.com.ar\/caso-gonzalo-calleja-finalmente-la-autopsia-confirmo-que-lo-mataron\/"},"wordCount":355,"commentCount":0,"publisher":{"@id":"https:\/\/informelitoral.com.ar\/#organization"},"image":{"@id":"https:\/\/informelitoral.com.ar\/caso-gonzalo-calleja-finalmente-la-autopsia-confirmo-que-lo-mataron\/#primaryimage"},"thumbnailUrl":"https:\/\/informelitoral.com.ar\/%77%70%2d%63%6f%6e%74%65%6e%74\/uploads\/2021\/07\/gonzalo-calleja.jpg","keywords":["Gonzalo Calleja"],"articleSection":["Policiales"],"inLanguage":"es","potentialAction":[{"@type":"CommentAction","name":"Comment","target":["https:\/\/informelitoral.com.ar\/caso-gonzalo-calleja-finalmente-la-autopsia-confirmo-que-lo-mataron\/#respond"]}]},{"@type":"WebPage","@id":"https:\/\/informelitoral.com.ar\/caso-gonzalo-calleja-finalmente-la-autopsia-confirmo-que-lo-mataron\/","url":"https:\/\/informelitoral.com.ar\/caso-gonzalo-calleja-finalmente-la-autopsia-confirmo-que-lo-mataron\/","name":"Caso Gonzalo Calleja: finalmente la autopsia confirm\u00f3 que lo mataron - Informe Litoral","isPartOf":{"@id":"https:\/\/informelitoral.com.ar\/#website"},"primaryImageOfPage":{"@id":"https:\/\/informelitoral.com.ar\/caso-gonzalo-calleja-finalmente-la-autopsia-confirmo-que-lo-mataron\/#primaryimage"},"image":{"@id":"https:\/\/informelitoral.com.ar\/caso-gonzalo-calleja-finalmente-la-autopsia-confirmo-que-lo-mataron\/#primaryimage"},"thumbnailUrl":"https:\/\/informelitoral.com.ar\/%77%70%2d%63%6f%6e%74%65%6e%74\/uploads\/2021\/07\/gonzalo-calleja.jpg","datePublished":"2021-07-17T01:07:08+00:00","dateModified":"2021-07-17T01:15:35+00:00","breadcrumb":{"@id":"https:\/\/informelitoral.com.ar\/caso-gonzalo-calleja-finalmente-la-autopsia-confirmo-que-lo-mataron\/#breadcrumb"},"inLanguage":"es","potentialAction":[{"@type":"ReadAction","target":["https:\/\/informelitoral.com.ar\/caso-gonzalo-calleja-finalmente-la-autopsia-confirmo-que-lo-mataron\/"]}]},{"@type":"ImageObject","inLanguage":"es","@id":"https:\/\/informelitoral.com.ar\/caso-gonzalo-calleja-finalmente-la-autopsia-confirmo-que-lo-mataron\/#primaryimage","url":"https:\/\/informelitoral.com.ar\/%77%70%2d%63%6f%6e%74%65%6e%74\/uploads\/2021\/07\/gonzalo-calleja.jpg","contentUrl":"https:\/\/informelitoral.com.ar\/%77%70%2d%63%6f%6e%74%65%6e%74\/uploads\/2021\/07\/gonzalo-calleja.jpg","width":800,"height":450},{"@type":"BreadcrumbList","@id":"https:\/\/informelitoral.com.ar\/caso-gonzalo-calleja-finalmente-la-autopsia-confirmo-que-lo-mataron\/#breadcrumb","itemListElement":[{"@type":"ListItem","position":1,"name":"Portada","item":"https:\/\/informelitoral.com.ar\/"},{"@type":"ListItem","position":2,"name":"Caso Gonzalo Calleja: finalmente la autopsia confirm\u00f3 que lo mataron"}]},{"@type":"WebSite","@id":"https:\/\/informelitoral.com.ar\/#website","url":"https:\/\/informelitoral.com.ar\/","name":"Informe Litoral","description":"&quot;Nos informamos&quot; ","publisher":{"@id":"https:\/\/informelitoral.com.ar\/#organization"},"potentialAction":[{"@type":"SearchAction","target":{"@type":"EntryPoint","urlTemplate":"https:\/\/informelitoral.com.ar\/?s={search_term_string}"},"query-input":{"@type":"PropertyValueSpecification","valueRequired":true,"valueName":"search_term_string"}}],"inLanguage":"es"},{"@type":"Organization","@id":"https:\/\/informelitoral.com.ar\/#organization","name":"Informe Litoral","url":"https:\/\/informelitoral.com.ar\/","logo":{"@type":"ImageObject","inLanguage":"es","@id":"https:\/\/informelitoral.com.ar\/#\/schema\/logo\/image\/","url":"https:\/\/informelitoral.com.ar\/%77%70%2d%63%6f%6e%74%65%6e%74\/uploads\/2021\/01\/circulo.png","contentUrl":"https:\/\/informelitoral.com.ar\/%77%70%2d%63%6f%6e%74%65%6e%74\/uploads\/2021\/01\/circulo.png","width":723,"height":731,"caption":"Informe Litoral"},"image":{"@id":"https:\/\/informelitoral.com.ar\/#\/schema\/logo\/image\/"},"sameAs":["https:\/\/www.facebook.com\/informelitoral\/","https:\/\/x.com\/InformeLitoral","https:\/\/www.instagram.com\/informelitoral\/","https:\/\/www.youtube.com\/channel\/UCua4Qvz8Icb6MYqhoq9xLXw"]},{"@type":"Person","@id":"https:\/\/informelitoral.com.ar\/#\/schema\/person\/b9d00407c836482871ef1d57bf8e3180","name":"Gonzalo Schmidt","image":{"@type":"ImageObject","inLanguage":"es","@id":"https:\/\/secure.gravatar.com\/avatar\/31a1a7b66ff2de83bd0e9fd79d026630d2d99e55e8bfe501287647b4fd9743de?s=96&d=mm&r=g","url":"https:\/\/secure.gravatar.com\/avatar\/31a1a7b66ff2de83bd0e9fd79d026630d2d99e55e8bfe501287647b4fd9743de?s=96&d=mm&r=g","contentUrl":"https:\/\/secure.gravatar.com\/avatar\/31a1a7b66ff2de83bd0e9fd79d026630d2d99e55e8bfe501287647b4fd9743de?s=96&d=mm&r=g","caption":"Gonzalo Schmidt"},"description":"Sitio web de noticias de la provincia de Entre R\u00edos, Argentina. Informaci\u00f3n y entretenimiento. Informe Litoral, nos informamos.","sameAs":["http:\/\/www.isletasnoticias.com.ar"],"url":"https:\/\/informelitoral.com.ar\/author\/gonzalo\/"}]}},"_links":{"self":[{"href":"https:\/\/informelitoral.com.ar\/%77%70%2d%6a%73%6f%6e\/wp\/v2\/posts\/62508","targetHints":{"allow":["GET"]}}],"collection":[{"href":"https:\/\/informelitoral.com.ar\/%77%70%2d%6a%73%6f%6e\/wp\/v2\/posts"}],"about":[{"href":"https:\/\/informelitoral.com.ar\/%77%70%2d%6a%73%6f%6e\/wp\/v2\/types\/post"}],"author":[{"embeddable":true,"href":"https:\/\/informelitoral.com.ar\/%77%70%2d%6a%73%6f%6e\/wp\/v2\/users\/2"}],"replies":[{"embeddable":true,"href":"https:\/\/informelitoral.com.ar\/%77%70%2d%6a%73%6f%6e\/wp\/v2\/comments?post=62508"}],"version-history":[{"count":0,"href":"https:\/\/informelitoral.com.ar\/%77%70%2d%6a%73%6f%6e\/wp\/v2\/posts\/62508\/revisions"}],"wp:featuredmedia":[{"embeddable":true,"href":"https:\/\/informelitoral.com.ar\/%77%70%2d%6a%73%6f%6e\/wp\/v2\/media\/62449"}],"wp:attachment":[{"href":"https:\/\/informelitoral.com.ar\/%77%70%2d%6a%73%6f%6e\/wp\/v2\/media?parent=62508"}],"wp:term":[{"taxonomy":"category","embeddable":true,"href":"https:\/\/informelitoral.com.ar\/%77%70%2d%6a%73%6f%6e\/wp\/v2\/categories?post=62508"},{"taxonomy":"post_tag","embeddable":true,"href":"https:\/\/informelitoral.com.ar\/%77%70%2d%6a%73%6f%6e\/wp\/v2\/tags?post=62508"}],"curies":[{"name":"wp","href":"https:\/\/api.w.org\/{rel}","templated":true}]}}