{"id":62503,"date":"2021-07-16T19:41:05","date_gmt":"2021-07-16T22:41:05","guid":{"rendered":"https:\/\/www.informelitoral.com.ar\/?p=62503"},"modified":"2021-07-16T19:41:24","modified_gmt":"2021-07-16T22:41:24","slug":"a-gonzalo-lo-mataron-y-tiene-que-haber-un-responsable-afirmo-la-novia-de-calleja","status":"publish","type":"post","link":"https:\/\/informelitoral.com.ar\/a-gonzalo-lo-mataron-y-tiene-que-haber-un-responsable-afirmo-la-novia-de-calleja\/","title":{"rendered":"\u201cA Gonzalo lo mataron y tiene que haber un responsable\u201d, afirm\u00f3 la novia de Calleja"},"content":{"rendered":"<p>La novia y el hermano de Gonzalo Calleja, el contador de 29 a\u00f1os hallado muerto en un descampado de Paran\u00e1, pidieron que se encuentre al responsable y reconocieron que la v\u00edctima realizaba operaciones de compra y venta de d\u00f3lares, adem\u00e1s de trabajar en la parte contable de una empresa constructora.<\/p>\n<p>Sof\u00eda, novia de Gonzalo, fue la \u00faltima persona en comunicarse con \u00e9l el pasado mi\u00e9rcoles por la tarde, luego se perdi\u00f3 el rastro del joven. \u201cMe coment\u00f3 que iba a hacer un cambio de d\u00f3lares, despu\u00e9s de eso nos \u00edbamos a ver. El \u00faltimo mensaje que le mand\u00e9 ya no le llegaba\u201d, dijo.<\/p>\n<p>\u201cNo hay explicaci\u00f3n, la gente de ese barrio sabe qui\u00e9nes fueron, hay nombres; por eso pedimos por favor que no quede inconcluso, esto no puede quedar as\u00ed porque \u00e9l no le hac\u00eda da\u00f1o a nadie, era una excelente persona, no quiero que quede en la nada o que queden un tiempito y despu\u00e9s lo larguen. A \u00e9l lo mataron y tiene que haber un responsable\u201d, reprodujo <em>Elonce.<\/em><\/p>\n<p>Tras, ello, Sof\u00eda afirm\u00f3 que Gonzalo \u201cnunca se iba a meter en un lugar as\u00ed\u201d, en relaci\u00f3n al lugar donde fue hallado su autom\u00f3vil, en una calle detr\u00e1s de la Escuela Hogar.<\/p>\n<p>En tanto, Lucas Calleja, hermano del contador, dijo que Gonzalo \u201ceventualmente por la tarde, cada tanto, hac\u00eda alguna transacci\u00f3n de venta y compra de d\u00f3lares. Si \u00e9l fue por propia voluntad hasta ese lugar, estoy convencido de que fue contactado por alguien conocido o de confianza para realizar esa transacci\u00f3n. Pero no s\u00e9 si habr\u00e1 estado amenazado o c\u00f3mo ser\u00e1 la situaci\u00f3n del que lo contact\u00f3\u201d.<\/p>\n<p>Finalmente, destac\u00f3 que la Justicia y la polic\u00eda \u201cse han movido muy bien\u201d y pidi\u00f3 \u201cque no abandonen el trabajo, porque tiene que haber un culpable\u201d ya que su hermano \u201cno apareci\u00f3 muerto, lo mataron\u201d.<\/p>\n<blockquote class=\"wp-embedded-content\" data-secret=\"WOKZuFqZrg\"><p><a href=\"https:\/\/www.informelitoral.com.ar\/caso-gonzalo-calleja-segun-la-autopsia-fallecio-por-un-problema-coronario\/\">Caso Gonzalo Calleja: seg\u00fan la autopsia falleci\u00f3 por &#8220;un problema coronario&#8221;<\/a><\/p><\/blockquote>\n<p><iframe loading=\"lazy\" class=\"wp-embedded-content\" sandbox=\"allow-scripts\" security=\"restricted\" style=\"position: absolute; clip: rect(1px, 1px, 1px, 1px);\" title=\"\u00abCaso Gonzalo Calleja: seg\u00fan la autopsia falleci\u00f3 por &#8220;un problema coronario&#8221;\u00bb \u2014 Informe Litoral\" src=\"https:\/\/www.informelitoral.com.ar\/caso-gonzalo-calleja-segun-la-autopsia-fallecio-por-un-problema-coronario\/embed\/#?secret=WOKZuFqZrg\" data-secret=\"WOKZuFqZrg\" width=\"600\" height=\"338\" frameborder=\"0\" marginwidth=\"0\" marginheight=\"0\" scrolling=\"no\"><\/iframe><\/p>\n","protected":false},"excerpt":{"rendered":"<p>Sof\u00eda fue la \u00faltima en tener contacto con Gonzalo Calleja. Dijo que la gente del barrio donde apareci\u00f3 muerto \u201csabe qui\u00e9nes fueron\u201d. El hermano del contador indic\u00f3 que tuvo que haber sido contactado por \u201calguien de confianza\u00bb.<\/p>\n","protected":false},"author":2,"featured_media":62504,"comment_status":"open","ping_status":"open","sticky":false,"template":"","format":"standard","meta":{"fifu_image_url":"","fifu_image_alt":"","footnotes":""},"categories":[14],"tags":[2338],"class_list":{"0":"post-62503","1":"post","2":"type-post","3":"status-publish","4":"format-standard","5":"has-post-thumbnail","7":"category-policiales","8":"tag-gonzalo-calleja"},"yoast_head":"<title>\u201cA Gonzalo lo mataron y tiene que haber un responsable\u201d, afirm\u00f3 la novia de Calleja - Informe Litoral<\/title>\n<meta name=\"robots\" content=\"index, follow, max-snippet:-1, max-image-preview:large, max-video-preview:-1\" \/>\n<link rel=\"canonical\" href=\"https:\/\/informelitoral.com.ar\/a-gonzalo-lo-mataron-y-tiene-que-haber-un-responsable-afirmo-la-novia-de-calleja\/\" \/>\n<meta property=\"og:locale\" content=\"es_ES\" \/>\n<meta property=\"og:type\" content=\"article\" \/>\n<meta property=\"og:title\" content=\"\u201cA Gonzalo lo mataron y tiene que haber un responsable\u201d, afirm\u00f3 la novia de Calleja - Informe Litoral\" \/>\n<meta property=\"og:description\" content=\"Sof\u00eda fue la \u00faltima en tener contacto con Gonzalo Calleja. Dijo que la gente del barrio donde apareci\u00f3 muerto \u201csabe qui\u00e9nes fueron\u201d. El hermano del contador indic\u00f3 que tuvo que haber sido contactado por \u201calguien de confianza&quot;.\" \/>\n<meta property=\"og:url\" content=\"https:\/\/informelitoral.com.ar\/a-gonzalo-lo-mataron-y-tiene-que-haber-un-responsable-afirmo-la-novia-de-calleja\/\" \/>\n<meta property=\"og:site_name\" content=\"Informe Litoral\" \/>\n<meta property=\"article:publisher\" content=\"https:\/\/www.facebook.com\/informelitoral\/\" \/>\n<meta property=\"article:published_time\" content=\"2021-07-16T22:41:05+00:00\" \/>\n<meta property=\"article:modified_time\" content=\"2021-07-16T22:41:24+00:00\" \/>\n<meta property=\"og:image\" content=\"https:\/\/informelitoral.com.ar\/%77%70%2d%63%6f%6e%74%65%6e%74\/uploads\/2021\/07\/o_1626461467.jpg\" \/>\n\t<meta property=\"og:image:width\" content=\"800\" \/>\n\t<meta property=\"og:image:height\" content=\"450\" \/>\n\t<meta property=\"og:image:type\" content=\"image\/jpeg\" \/>\n<meta name=\"author\" content=\"Gonzalo Schmidt\" \/>\n<meta name=\"twitter:card\" content=\"summary_large_image\" \/>\n<meta name=\"twitter:creator\" content=\"@InformeLitoral\" \/>\n<meta name=\"twitter:site\" content=\"@InformeLitoral\" \/>\n<meta name=\"twitter:label1\" content=\"Escrito por\" \/>\n\t<meta name=\"twitter:data1\" content=\"Gonzalo Schmidt\" \/>\n\t<meta name=\"twitter:label2\" content=\"Tiempo de lectura\" \/>\n\t<meta name=\"twitter:data2\" content=\"2 minutos\" \/>\n<script type=\"application\/ld+json\" class=\"yoast-schema-graph\">{\"@context\":\"https:\\\/\\\/schema.org\",\"@graph\":[{\"@type\":\"Article\",\"@id\":\"https:\\\/\\\/informelitoral.com.ar\\\/a-gonzalo-lo-mataron-y-tiene-que-haber-un-responsable-afirmo-la-novia-de-calleja\\\/#article\",\"isPartOf\":{\"@id\":\"https:\\\/\\\/informelitoral.com.ar\\\/a-gonzalo-lo-mataron-y-tiene-que-haber-un-responsable-afirmo-la-novia-de-calleja\\\/\"},\"author\":{\"name\":\"Gonzalo Schmidt\",\"@id\":\"https:\\\/\\\/informelitoral.com.ar\\\/#\\\/schema\\\/person\\\/b9d00407c836482871ef1d57bf8e3180\"},\"headline\":\"\u201cA Gonzalo lo mataron y tiene que haber un responsable\u201d, afirm\u00f3 la novia de Calleja\",\"datePublished\":\"2021-07-16T22:41:05+00:00\",\"dateModified\":\"2021-07-16T22:41:24+00:00\",\"mainEntityOfPage\":{\"@id\":\"https:\\\/\\\/informelitoral.com.ar\\\/a-gonzalo-lo-mataron-y-tiene-que-haber-un-responsable-afirmo-la-novia-de-calleja\\\/\"},\"wordCount\":347,\"commentCount\":0,\"publisher\":{\"@id\":\"https:\\\/\\\/informelitoral.com.ar\\\/#organization\"},\"image\":{\"@id\":\"https:\\\/\\\/informelitoral.com.ar\\\/a-gonzalo-lo-mataron-y-tiene-que-haber-un-responsable-afirmo-la-novia-de-calleja\\\/#primaryimage\"},\"thumbnailUrl\":\"https:\\\/\\\/informelitoral.com.ar\\\/%77%70%2d%63%6f%6e%74%65%6e%74\\\/uploads\\\/2021\\\/07\\\/o_1626461467.jpg\",\"keywords\":[\"Gonzalo Calleja\"],\"articleSection\":[\"Policiales\"],\"inLanguage\":\"es\",\"potentialAction\":[{\"@type\":\"CommentAction\",\"name\":\"Comment\",\"target\":[\"https:\\\/\\\/informelitoral.com.ar\\\/a-gonzalo-lo-mataron-y-tiene-que-haber-un-responsable-afirmo-la-novia-de-calleja\\\/#respond\"]}]},{\"@type\":\"WebPage\",\"@id\":\"https:\\\/\\\/informelitoral.com.ar\\\/a-gonzalo-lo-mataron-y-tiene-que-haber-un-responsable-afirmo-la-novia-de-calleja\\\/\",\"url\":\"https:\\\/\\\/informelitoral.com.ar\\\/a-gonzalo-lo-mataron-y-tiene-que-haber-un-responsable-afirmo-la-novia-de-calleja\\\/\",\"name\":\"\u201cA Gonzalo lo mataron y tiene que haber un responsable\u201d, afirm\u00f3 la novia de Calleja - Informe Litoral\",\"isPartOf\":{\"@id\":\"https:\\\/\\\/informelitoral.com.ar\\\/#website\"},\"primaryImageOfPage\":{\"@id\":\"https:\\\/\\\/informelitoral.com.ar\\\/a-gonzalo-lo-mataron-y-tiene-que-haber-un-responsable-afirmo-la-novia-de-calleja\\\/#primaryimage\"},\"image\":{\"@id\":\"https:\\\/\\\/informelitoral.com.ar\\\/a-gonzalo-lo-mataron-y-tiene-que-haber-un-responsable-afirmo-la-novia-de-calleja\\\/#primaryimage\"},\"thumbnailUrl\":\"https:\\\/\\\/informelitoral.com.ar\\\/%77%70%2d%63%6f%6e%74%65%6e%74\\\/uploads\\\/2021\\\/07\\\/o_1626461467.jpg\",\"datePublished\":\"2021-07-16T22:41:05+00:00\",\"dateModified\":\"2021-07-16T22:41:24+00:00\",\"breadcrumb\":{\"@id\":\"https:\\\/\\\/informelitoral.com.ar\\\/a-gonzalo-lo-mataron-y-tiene-que-haber-un-responsable-afirmo-la-novia-de-calleja\\\/#breadcrumb\"},\"inLanguage\":\"es\",\"potentialAction\":[{\"@type\":\"ReadAction\",\"target\":[\"https:\\\/\\\/informelitoral.com.ar\\\/a-gonzalo-lo-mataron-y-tiene-que-haber-un-responsable-afirmo-la-novia-de-calleja\\\/\"]}]},{\"@type\":\"ImageObject\",\"inLanguage\":\"es\",\"@id\":\"https:\\\/\\\/informelitoral.com.ar\\\/a-gonzalo-lo-mataron-y-tiene-que-haber-un-responsable-afirmo-la-novia-de-calleja\\\/#primaryimage\",\"url\":\"https:\\\/\\\/informelitoral.com.ar\\\/%77%70%2d%63%6f%6e%74%65%6e%74\\\/uploads\\\/2021\\\/07\\\/o_1626461467.jpg\",\"contentUrl\":\"https:\\\/\\\/informelitoral.com.ar\\\/%77%70%2d%63%6f%6e%74%65%6e%74\\\/uploads\\\/2021\\\/07\\\/o_1626461467.jpg\",\"width\":800,\"height\":450},{\"@type\":\"BreadcrumbList\",\"@id\":\"https:\\\/\\\/informelitoral.com.ar\\\/a-gonzalo-lo-mataron-y-tiene-que-haber-un-responsable-afirmo-la-novia-de-calleja\\\/#breadcrumb\",\"itemListElement\":[{\"@type\":\"ListItem\",\"position\":1,\"name\":\"Portada\",\"item\":\"https:\\\/\\\/informelitoral.com.ar\\\/\"},{\"@type\":\"ListItem\",\"position\":2,\"name\":\"\u201cA Gonzalo lo mataron y tiene que haber un responsable\u201d, afirm\u00f3 la novia de Calleja\"}]},{\"@type\":\"WebSite\",\"@id\":\"https:\\\/\\\/informelitoral.com.ar\\\/#website\",\"url\":\"https:\\\/\\\/informelitoral.com.ar\\\/\",\"name\":\"Informe Litoral\",\"description\":\"&quot;Nos informamos&quot; \",\"publisher\":{\"@id\":\"https:\\\/\\\/informelitoral.com.ar\\\/#organization\"},\"potentialAction\":[{\"@type\":\"SearchAction\",\"target\":{\"@type\":\"EntryPoint\",\"urlTemplate\":\"https:\\\/\\\/informelitoral.com.ar\\\/?s={search_term_string}\"},\"query-input\":{\"@type\":\"PropertyValueSpecification\",\"valueRequired\":true,\"valueName\":\"search_term_string\"}}],\"inLanguage\":\"es\"},{\"@type\":\"Organization\",\"@id\":\"https:\\\/\\\/informelitoral.com.ar\\\/#organization\",\"name\":\"Informe Litoral\",\"url\":\"https:\\\/\\\/informelitoral.com.ar\\\/\",\"logo\":{\"@type\":\"ImageObject\",\"inLanguage\":\"es\",\"@id\":\"https:\\\/\\\/informelitoral.com.ar\\\/#\\\/schema\\\/logo\\\/image\\\/\",\"url\":\"https:\\\/\\\/informelitoral.com.ar\\\/%77%70%2d%63%6f%6e%74%65%6e%74\\\/uploads\\\/2021\\\/01\\\/circulo.png\",\"contentUrl\":\"https:\\\/\\\/informelitoral.com.ar\\\/%77%70%2d%63%6f%6e%74%65%6e%74\\\/uploads\\\/2021\\\/01\\\/circulo.png\",\"width\":723,\"height\":731,\"caption\":\"Informe Litoral\"},\"image\":{\"@id\":\"https:\\\/\\\/informelitoral.com.ar\\\/#\\\/schema\\\/logo\\\/image\\\/\"},\"sameAs\":[\"https:\\\/\\\/www.facebook.com\\\/informelitoral\\\/\",\"https:\\\/\\\/x.com\\\/InformeLitoral\",\"https:\\\/\\\/www.instagram.com\\\/informelitoral\\\/\",\"https:\\\/\\\/www.youtube.com\\\/channel\\\/UCua4Qvz8Icb6MYqhoq9xLXw\"]},{\"@type\":\"Person\",\"@id\":\"https:\\\/\\\/informelitoral.com.ar\\\/#\\\/schema\\\/person\\\/b9d00407c836482871ef1d57bf8e3180\",\"name\":\"Gonzalo Schmidt\",\"image\":{\"@type\":\"ImageObject\",\"inLanguage\":\"es\",\"@id\":\"https:\\\/\\\/secure.gravatar.com\\\/avatar\\\/31a1a7b66ff2de83bd0e9fd79d026630d2d99e55e8bfe501287647b4fd9743de?s=96&d=mm&r=g\",\"url\":\"https:\\\/\\\/secure.gravatar.com\\\/avatar\\\/31a1a7b66ff2de83bd0e9fd79d026630d2d99e55e8bfe501287647b4fd9743de?s=96&d=mm&r=g\",\"contentUrl\":\"https:\\\/\\\/secure.gravatar.com\\\/avatar\\\/31a1a7b66ff2de83bd0e9fd79d026630d2d99e55e8bfe501287647b4fd9743de?s=96&d=mm&r=g\",\"caption\":\"Gonzalo Schmidt\"},\"description\":\"Sitio web de noticias de la provincia de Entre R\u00edos, Argentina. Informaci\u00f3n y entretenimiento. Informe Litoral, nos informamos.\",\"sameAs\":[\"http:\\\/\\\/www.isletasnoticias.com.ar\"],\"url\":\"https:\\\/\\\/informelitoral.com.ar\\\/author\\\/gonzalo\\\/\"}]}<\/script>","yoast_head_json":{"title":"\u201cA Gonzalo lo mataron y tiene que haber un responsable\u201d, afirm\u00f3 la novia de Calleja - Informe Litoral","robots":{"index":"index","follow":"follow","max-snippet":"max-snippet:-1","max-image-preview":"max-image-preview:large","max-video-preview":"max-video-preview:-1"},"canonical":"https:\/\/informelitoral.com.ar\/a-gonzalo-lo-mataron-y-tiene-que-haber-un-responsable-afirmo-la-novia-de-calleja\/","og_locale":"es_ES","og_type":"article","og_title":"\u201cA Gonzalo lo mataron y tiene que haber un responsable\u201d, afirm\u00f3 la novia de Calleja - Informe Litoral","og_description":"Sof\u00eda fue la \u00faltima en tener contacto con Gonzalo Calleja. Dijo que la gente del barrio donde apareci\u00f3 muerto \u201csabe qui\u00e9nes fueron\u201d. El hermano del contador indic\u00f3 que tuvo que haber sido contactado por \u201calguien de confianza\".","og_url":"https:\/\/informelitoral.com.ar\/a-gonzalo-lo-mataron-y-tiene-que-haber-un-responsable-afirmo-la-novia-de-calleja\/","og_site_name":"Informe Litoral","article_publisher":"https:\/\/www.facebook.com\/informelitoral\/","article_published_time":"2021-07-16T22:41:05+00:00","article_modified_time":"2021-07-16T22:41:24+00:00","og_image":[{"width":800,"height":450,"url":"https:\/\/informelitoral.com.ar\/%77%70%2d%63%6f%6e%74%65%6e%74\/uploads\/2021\/07\/o_1626461467.jpg","type":"image\/jpeg"}],"author":"Gonzalo Schmidt","twitter_card":"summary_large_image","twitter_creator":"@InformeLitoral","twitter_site":"@InformeLitoral","twitter_misc":{"Escrito por":"Gonzalo Schmidt","Tiempo de lectura":"2 minutos"},"schema":{"@context":"https:\/\/schema.org","@graph":[{"@type":"Article","@id":"https:\/\/informelitoral.com.ar\/a-gonzalo-lo-mataron-y-tiene-que-haber-un-responsable-afirmo-la-novia-de-calleja\/#article","isPartOf":{"@id":"https:\/\/informelitoral.com.ar\/a-gonzalo-lo-mataron-y-tiene-que-haber-un-responsable-afirmo-la-novia-de-calleja\/"},"author":{"name":"Gonzalo Schmidt","@id":"https:\/\/informelitoral.com.ar\/#\/schema\/person\/b9d00407c836482871ef1d57bf8e3180"},"headline":"\u201cA Gonzalo lo mataron y tiene que haber un responsable\u201d, afirm\u00f3 la novia de Calleja","datePublished":"2021-07-16T22:41:05+00:00","dateModified":"2021-07-16T22:41:24+00:00","mainEntityOfPage":{"@id":"https:\/\/informelitoral.com.ar\/a-gonzalo-lo-mataron-y-tiene-que-haber-un-responsable-afirmo-la-novia-de-calleja\/"},"wordCount":347,"commentCount":0,"publisher":{"@id":"https:\/\/informelitoral.com.ar\/#organization"},"image":{"@id":"https:\/\/informelitoral.com.ar\/a-gonzalo-lo-mataron-y-tiene-que-haber-un-responsable-afirmo-la-novia-de-calleja\/#primaryimage"},"thumbnailUrl":"https:\/\/informelitoral.com.ar\/%77%70%2d%63%6f%6e%74%65%6e%74\/uploads\/2021\/07\/o_1626461467.jpg","keywords":["Gonzalo Calleja"],"articleSection":["Policiales"],"inLanguage":"es","potentialAction":[{"@type":"CommentAction","name":"Comment","target":["https:\/\/informelitoral.com.ar\/a-gonzalo-lo-mataron-y-tiene-que-haber-un-responsable-afirmo-la-novia-de-calleja\/#respond"]}]},{"@type":"WebPage","@id":"https:\/\/informelitoral.com.ar\/a-gonzalo-lo-mataron-y-tiene-que-haber-un-responsable-afirmo-la-novia-de-calleja\/","url":"https:\/\/informelitoral.com.ar\/a-gonzalo-lo-mataron-y-tiene-que-haber-un-responsable-afirmo-la-novia-de-calleja\/","name":"\u201cA Gonzalo lo mataron y tiene que haber un responsable\u201d, afirm\u00f3 la novia de Calleja - Informe Litoral","isPartOf":{"@id":"https:\/\/informelitoral.com.ar\/#website"},"primaryImageOfPage":{"@id":"https:\/\/informelitoral.com.ar\/a-gonzalo-lo-mataron-y-tiene-que-haber-un-responsable-afirmo-la-novia-de-calleja\/#primaryimage"},"image":{"@id":"https:\/\/informelitoral.com.ar\/a-gonzalo-lo-mataron-y-tiene-que-haber-un-responsable-afirmo-la-novia-de-calleja\/#primaryimage"},"thumbnailUrl":"https:\/\/informelitoral.com.ar\/%77%70%2d%63%6f%6e%74%65%6e%74\/uploads\/2021\/07\/o_1626461467.jpg","datePublished":"2021-07-16T22:41:05+00:00","dateModified":"2021-07-16T22:41:24+00:00","breadcrumb":{"@id":"https:\/\/informelitoral.com.ar\/a-gonzalo-lo-mataron-y-tiene-que-haber-un-responsable-afirmo-la-novia-de-calleja\/#breadcrumb"},"inLanguage":"es","potentialAction":[{"@type":"ReadAction","target":["https:\/\/informelitoral.com.ar\/a-gonzalo-lo-mataron-y-tiene-que-haber-un-responsable-afirmo-la-novia-de-calleja\/"]}]},{"@type":"ImageObject","inLanguage":"es","@id":"https:\/\/informelitoral.com.ar\/a-gonzalo-lo-mataron-y-tiene-que-haber-un-responsable-afirmo-la-novia-de-calleja\/#primaryimage","url":"https:\/\/informelitoral.com.ar\/%77%70%2d%63%6f%6e%74%65%6e%74\/uploads\/2021\/07\/o_1626461467.jpg","contentUrl":"https:\/\/informelitoral.com.ar\/%77%70%2d%63%6f%6e%74%65%6e%74\/uploads\/2021\/07\/o_1626461467.jpg","width":800,"height":450},{"@type":"BreadcrumbList","@id":"https:\/\/informelitoral.com.ar\/a-gonzalo-lo-mataron-y-tiene-que-haber-un-responsable-afirmo-la-novia-de-calleja\/#breadcrumb","itemListElement":[{"@type":"ListItem","position":1,"name":"Portada","item":"https:\/\/informelitoral.com.ar\/"},{"@type":"ListItem","position":2,"name":"\u201cA Gonzalo lo mataron y tiene que haber un responsable\u201d, afirm\u00f3 la novia de Calleja"}]},{"@type":"WebSite","@id":"https:\/\/informelitoral.com.ar\/#website","url":"https:\/\/informelitoral.com.ar\/","name":"Informe Litoral","description":"&quot;Nos informamos&quot; ","publisher":{"@id":"https:\/\/informelitoral.com.ar\/#organization"},"potentialAction":[{"@type":"SearchAction","target":{"@type":"EntryPoint","urlTemplate":"https:\/\/informelitoral.com.ar\/?s={search_term_string}"},"query-input":{"@type":"PropertyValueSpecification","valueRequired":true,"valueName":"search_term_string"}}],"inLanguage":"es"},{"@type":"Organization","@id":"https:\/\/informelitoral.com.ar\/#organization","name":"Informe Litoral","url":"https:\/\/informelitoral.com.ar\/","logo":{"@type":"ImageObject","inLanguage":"es","@id":"https:\/\/informelitoral.com.ar\/#\/schema\/logo\/image\/","url":"https:\/\/informelitoral.com.ar\/%77%70%2d%63%6f%6e%74%65%6e%74\/uploads\/2021\/01\/circulo.png","contentUrl":"https:\/\/informelitoral.com.ar\/%77%70%2d%63%6f%6e%74%65%6e%74\/uploads\/2021\/01\/circulo.png","width":723,"height":731,"caption":"Informe Litoral"},"image":{"@id":"https:\/\/informelitoral.com.ar\/#\/schema\/logo\/image\/"},"sameAs":["https:\/\/www.facebook.com\/informelitoral\/","https:\/\/x.com\/InformeLitoral","https:\/\/www.instagram.com\/informelitoral\/","https:\/\/www.youtube.com\/channel\/UCua4Qvz8Icb6MYqhoq9xLXw"]},{"@type":"Person","@id":"https:\/\/informelitoral.com.ar\/#\/schema\/person\/b9d00407c836482871ef1d57bf8e3180","name":"Gonzalo Schmidt","image":{"@type":"ImageObject","inLanguage":"es","@id":"https:\/\/secure.gravatar.com\/avatar\/31a1a7b66ff2de83bd0e9fd79d026630d2d99e55e8bfe501287647b4fd9743de?s=96&d=mm&r=g","url":"https:\/\/secure.gravatar.com\/avatar\/31a1a7b66ff2de83bd0e9fd79d026630d2d99e55e8bfe501287647b4fd9743de?s=96&d=mm&r=g","contentUrl":"https:\/\/secure.gravatar.com\/avatar\/31a1a7b66ff2de83bd0e9fd79d026630d2d99e55e8bfe501287647b4fd9743de?s=96&d=mm&r=g","caption":"Gonzalo Schmidt"},"description":"Sitio web de noticias de la provincia de Entre R\u00edos, Argentina. Informaci\u00f3n y entretenimiento. Informe Litoral, nos informamos.","sameAs":["http:\/\/www.isletasnoticias.com.ar"],"url":"https:\/\/informelitoral.com.ar\/author\/gonzalo\/"}]}},"_links":{"self":[{"href":"https:\/\/informelitoral.com.ar\/%77%70%2d%6a%73%6f%6e\/wp\/v2\/posts\/62503","targetHints":{"allow":["GET"]}}],"collection":[{"href":"https:\/\/informelitoral.com.ar\/%77%70%2d%6a%73%6f%6e\/wp\/v2\/posts"}],"about":[{"href":"https:\/\/informelitoral.com.ar\/%77%70%2d%6a%73%6f%6e\/wp\/v2\/types\/post"}],"author":[{"embeddable":true,"href":"https:\/\/informelitoral.com.ar\/%77%70%2d%6a%73%6f%6e\/wp\/v2\/users\/2"}],"replies":[{"embeddable":true,"href":"https:\/\/informelitoral.com.ar\/%77%70%2d%6a%73%6f%6e\/wp\/v2\/comments?post=62503"}],"version-history":[{"count":0,"href":"https:\/\/informelitoral.com.ar\/%77%70%2d%6a%73%6f%6e\/wp\/v2\/posts\/62503\/revisions"}],"wp:featuredmedia":[{"embeddable":true,"href":"https:\/\/informelitoral.com.ar\/%77%70%2d%6a%73%6f%6e\/wp\/v2\/media\/62504"}],"wp:attachment":[{"href":"https:\/\/informelitoral.com.ar\/%77%70%2d%6a%73%6f%6e\/wp\/v2\/media?parent=62503"}],"wp:term":[{"taxonomy":"category","embeddable":true,"href":"https:\/\/informelitoral.com.ar\/%77%70%2d%6a%73%6f%6e\/wp\/v2\/categories?post=62503"},{"taxonomy":"post_tag","embeddable":true,"href":"https:\/\/informelitoral.com.ar\/%77%70%2d%6a%73%6f%6e\/wp\/v2\/tags?post=62503"}],"curies":[{"name":"wp","href":"https:\/\/api.w.org\/{rel}","templated":true}]}}