{"id":62480,"date":"2021-07-16T08:51:09","date_gmt":"2021-07-16T11:51:09","guid":{"rendered":"https:\/\/www.informelitoral.com.ar\/?p=62480"},"modified":"2021-07-16T08:51:09","modified_gmt":"2021-07-16T11:51:09","slug":"el-senado-convirtio-en-ley-los-cambios-en-el-regimen-del-monotributo-y-bienes-personales","status":"publish","type":"post","link":"https:\/\/informelitoral.com.ar\/el-senado-convirtio-en-ley-los-cambios-en-el-regimen-del-monotributo-y-bienes-personales\/","title":{"rendered":"El Senado convirti\u00f3 en ley los cambios en el r\u00e9gimen del Monotributo y Bienes Personales"},"content":{"rendered":"<p>La C\u00e1mara de Senadores convirti\u00f3 en ley este jueves, por unanimidad, el proyecto de ley que el oficialismo, con la firma de Sergio Massa, denomin\u00f3 de \u00abalivio fiscal\u00bb a monotributistas, el cual -entre sus puntos salientes-\u00a0<b>actualiza las escalas y retrotrae los valores de las cuotas a diciembre del a\u00f1o pasado para cada una de las categor\u00edas<\/b>.<\/p>\n<p>La iniciativa, que aplicar\u00e1 la Administraci\u00f3n Federal de Ingresos P\u00fablicos (AFIP)\u00a0<b>ampl\u00eda las escalas a partir de julio de este a\u00f1o de manera tal que en los hechos eleva entre el 35 y el 77% los topes de Ingresos Brutos para cada una de las categor\u00edas<\/b>.<\/p>\n<section class=\"texto\">Con los cambios introducidos en el nuevo proyecto, el\u00a0<b>tope de Ingresos Brutos<\/b> de la categor\u00eda \u00abA\u00bb (la m\u00e1s baja de todas) que ten\u00eda que pasar de $208.739 a $282.424, quedar\u00e1 en $370.000.<\/p>\n<figure class=\"embed\"><img loading=\"lazy\" decoding=\"async\" class=\"aligncenter wp-image-103050 size-full\" src=\"https:\/\/i0.wp.com\/www.entremediosweb.com\/v2\/%77%70%2d%63%6f%6e%74%65%6e%74\/uploads\/2021\/07\/o_1626423051.jpg?resize=708%2C398&amp;ssl=1\" sizes=\"auto, (max-width: 708px) 100vw, 708px\" srcset=\"https:\/\/i0.wp.com\/www.entremediosweb.com\/v2\/%77%70%2d%63%6f%6e%74%65%6e%74\/uploads\/2021\/07\/o_1626423051.jpg?w=800&amp;ssl=1 800w, https:\/\/i0.wp.com\/www.entremediosweb.com\/v2\/%77%70%2d%63%6f%6e%74%65%6e%74\/uploads\/2021\/07\/o_1626423051.jpg?resize=300%2C169&amp;ssl=1 300w, https:\/\/i0.wp.com\/www.entremediosweb.com\/v2\/%77%70%2d%63%6f%6e%74%65%6e%74\/uploads\/2021\/07\/o_1626423051.jpg?resize=768%2C432&amp;ssl=1 768w, https:\/\/i0.wp.com\/www.entremediosweb.com\/v2\/%77%70%2d%63%6f%6e%74%65%6e%74\/uploads\/2021\/07\/o_1626423051.jpg?resize=390%2C220&amp;ssl=1 390w\" alt=\"\" width=\"708\" height=\"398\" data-attachment-id=\"103050\" data-permalink=\"https:\/\/www.entremediosweb.com\/v2\/el-senado-convirtio-en-ley-los-cambios-en-el-regimen-del-monotributo-y-bienes-personales\/o_1626423051\/\" data-orig-file=\"https:\/\/i0.wp.com\/www.entremediosweb.com\/v2\/%77%70%2d%63%6f%6e%74%65%6e%74\/uploads\/2021\/07\/o_1626423051.jpg?fit=800%2C450&amp;ssl=1\" data-orig-size=\"800,450\" data-comments-opened=\"0\" data-image-meta=\"{&quot;aperture&quot;:&quot;0&quot;,&quot;credit&quot;:&quot;&quot;,&quot;camera&quot;:&quot;&quot;,&quot;caption&quot;:&quot;&quot;,&quot;created_timestamp&quot;:&quot;0&quot;,&quot;copyright&quot;:&quot;&quot;,&quot;focal_length&quot;:&quot;0&quot;,&quot;iso&quot;:&quot;0&quot;,&quot;shutter_speed&quot;:&quot;0&quot;,&quot;title&quot;:&quot;&quot;,&quot;orientation&quot;:&quot;0&quot;}\" data-image-title=\"o_1626423051\" data-image-description=\"\" data-medium-file=\"https:\/\/i0.wp.com\/www.entremediosweb.com\/v2\/%77%70%2d%63%6f%6e%74%65%6e%74\/uploads\/2021\/07\/o_1626423051.jpg?fit=300%2C169&amp;ssl=1\" data-large-file=\"https:\/\/i0.wp.com\/www.entremediosweb.com\/v2\/%77%70%2d%63%6f%6e%74%65%6e%74\/uploads\/2021\/07\/o_1626423051.jpg?fit=708%2C398&amp;ssl=1\" data-recalc-dims=\"1\" \/><\/figure>\n<p>Tambi\u00e9n se incorporan beneficios para aquellos contribuyentes que facturaron por encima del tope de la m\u00e1xima categor\u00eda de manera tal que puedan permanecer en el r\u00e9gimen simplificado y no tengan que pasar al r\u00e9gimen general de aut\u00f3nomos.<\/p>\n<div class=\"embed\">\n<div class=\"inner-art\">\n<div class=\"clear\">La propuesta incluye adem\u00e1s\u00a0<b>un plan de regularizaci\u00f3n de deuda<\/b>\u00a0para los contribuyentes del r\u00e9gimen de hasta 60 cuotas con un inter\u00e9s mensual que no podr\u00e1 superar una tasa mensual del 1,5%.<\/div>\n<\/div>\n<\/div>\n<p>A su vez, se dispone una\u00a0<b>moratoria que beneficia a los ca\u00eddos del sistema en los \u00faltimos tres a\u00f1os<\/b>.<\/p>\n<\/section>\n<section><\/section>\n<p class=\"texto\">Esto se combina con \u00abun beneficio de liberaci\u00f3n de multas y dem\u00e1s sanciones correspondientes a infracciones formales cometidas hasta el 31 de julio del 2021 que no se encontraran firmes ni abonadas\u00bb, seg\u00fan explic\u00f3 el diputado Carlos Heller en su exposici\u00f3n.<\/p>\n<p>El \u00abalivio fiscal\u00bb\u00a0<b>apunta a alcanzar a cuatro millones de monotributistas<\/b>.<\/p>\n<p><b>Qui\u00e9nes pueden acceder<\/b><\/p>\n<p class=\"texto\">S\u00f3lo podr\u00e1n acceder al \u00abalivio fiscal\u00bb aquellos monotributistas con ingresos totales de no m\u00e1s de 5,5 millones de pesos anuales, equivalentes a una vez y media la m\u00e1xima categor\u00eda del r\u00e9gimen, para no favorecer a contribuyentes con ingresos y patrimonios importantes que abusan del r\u00e9gimen simplificado y se ocultan en el monotributo.<\/p>\n<p><b>Cambios en Ganancias y Bienes Personales<\/b><\/p>\n<p class=\"texto\">La C\u00e1mara alta tambi\u00e9n convirti\u00f3 en ley el proyecto que ampl\u00eda las exenciones en los Impuestos a las Ganancias y Bienes Personales para los activos de inversiones financieras en moneda nacional.<\/p>\n<p class=\"texto\">El objetivo de la iniciativa, presentada por el Poder Ejecutivo en octubre de 2020, es establecer medidas de incentivo de car\u00e1cter tributario, a los fines de fomentar la inversi\u00f3n en instrumentos financieros emitidos en moneda nacional.<\/p>\n<p class=\"texto\">El proyecto plantea la exenci\u00f3n del impuesto a las Ganancias de los intereses de los dep\u00f3sitos en pesos con cl\u00e1usula de ajuste (por ejemplo, plazos fijos UVAs) y del rendimiento de las colocaciones en instrumentos emitidos en moneda nacional destinados a fomentar la inversi\u00f3n productiva.<\/p>\n<p class=\"texto\">En cuanto a los Bienes Personales, plantea la exenci\u00f3n para instrumentos como las obligaciones negociables emitidas por empresas argentinas, los instrumentos emitidos en moneda nacional destinados a inversi\u00f3n productiva y la participaci\u00f3n en fondos comunes de inversi\u00f3n y fideicomisos financieros, cuyo activo subyacente principal est\u00e9 integrado, como m\u00ednimo, en un setenta y cinco por ciento (75 %).\u00a0<em>(<span class=\"fuente\">Fuente: \u00c1mbito Financiero)<\/span><\/em><\/p>\n","protected":false},"excerpt":{"rendered":"<p>Ambos proyectos fueron aprobados por unanimidad. La norma elimina el retroactivo con lo cual los monotributistas no deber\u00e1n afrontar ninguna deuda acumulada por la diferencia resultante entre lo que pagaron entre enero y junio y los nuevos valores establecidos por la ley 27.618.<\/p>\n","protected":false},"author":2,"featured_media":60285,"comment_status":"open","ping_status":"open","sticky":false,"template":"","format":"standard","meta":{"fifu_image_url":"","fifu_image_alt":"","footnotes":""},"categories":[1594,7],"tags":[158,605],"class_list":{"0":"post-62480","1":"post","2":"type-post","3":"status-publish","4":"format-standard","5":"has-post-thumbnail","7":"category-economia","8":"category-nacionales","9":"tag-afip","10":"tag-monotributo"},"yoast_head":"<title>El Senado convirti\u00f3 en ley los cambios en el r\u00e9gimen del Monotributo y Bienes Personales - Informe Litoral<\/title>\n<meta name=\"robots\" content=\"index, follow, max-snippet:-1, max-image-preview:large, max-video-preview:-1\" \/>\n<link rel=\"canonical\" href=\"https:\/\/informelitoral.com.ar\/el-senado-convirtio-en-ley-los-cambios-en-el-regimen-del-monotributo-y-bienes-personales\/\" \/>\n<meta property=\"og:locale\" content=\"es_ES\" \/>\n<meta property=\"og:type\" content=\"article\" \/>\n<meta property=\"og:title\" content=\"El Senado convirti\u00f3 en ley los cambios en el r\u00e9gimen del Monotributo y Bienes Personales - Informe Litoral\" \/>\n<meta property=\"og:description\" content=\"Ambos proyectos fueron aprobados por unanimidad. La norma elimina el retroactivo con lo cual los monotributistas no deber\u00e1n afrontar ninguna deuda acumulada por la diferencia resultante entre lo que pagaron entre enero y junio y los nuevos valores establecidos por la ley 27.618.\" \/>\n<meta property=\"og:url\" content=\"https:\/\/informelitoral.com.ar\/el-senado-convirtio-en-ley-los-cambios-en-el-regimen-del-monotributo-y-bienes-personales\/\" \/>\n<meta property=\"og:site_name\" content=\"Informe Litoral\" \/>\n<meta property=\"article:publisher\" content=\"https:\/\/www.facebook.com\/informelitoral\/\" \/>\n<meta property=\"article:published_time\" content=\"2021-07-16T11:51:09+00:00\" \/>\n<meta property=\"og:image\" content=\"https:\/\/informelitoral.com.ar\/%77%70%2d%63%6f%6e%74%65%6e%74\/uploads\/2021\/05\/monotributo.jpg\" \/>\n\t<meta property=\"og:image:width\" content=\"945\" \/>\n\t<meta property=\"og:image:height\" content=\"532\" \/>\n\t<meta property=\"og:image:type\" content=\"image\/jpeg\" \/>\n<meta name=\"author\" content=\"Gonzalo Schmidt\" \/>\n<meta name=\"twitter:card\" content=\"summary_large_image\" \/>\n<meta name=\"twitter:creator\" content=\"@InformeLitoral\" \/>\n<meta name=\"twitter:site\" content=\"@InformeLitoral\" \/>\n<meta name=\"twitter:label1\" content=\"Escrito por\" \/>\n\t<meta name=\"twitter:data1\" content=\"Gonzalo Schmidt\" \/>\n\t<meta name=\"twitter:label2\" content=\"Tiempo de lectura\" \/>\n\t<meta name=\"twitter:data2\" content=\"3 minutos\" \/>\n<script type=\"application\/ld+json\" class=\"yoast-schema-graph\">{\"@context\":\"https:\\\/\\\/schema.org\",\"@graph\":[{\"@type\":\"Article\",\"@id\":\"https:\\\/\\\/informelitoral.com.ar\\\/el-senado-convirtio-en-ley-los-cambios-en-el-regimen-del-monotributo-y-bienes-personales\\\/#article\",\"isPartOf\":{\"@id\":\"https:\\\/\\\/informelitoral.com.ar\\\/el-senado-convirtio-en-ley-los-cambios-en-el-regimen-del-monotributo-y-bienes-personales\\\/\"},\"author\":{\"name\":\"Gonzalo Schmidt\",\"@id\":\"https:\\\/\\\/informelitoral.com.ar\\\/#\\\/schema\\\/person\\\/b9d00407c836482871ef1d57bf8e3180\"},\"headline\":\"El Senado convirti\u00f3 en ley los cambios en el r\u00e9gimen del Monotributo y Bienes Personales\",\"datePublished\":\"2021-07-16T11:51:09+00:00\",\"mainEntityOfPage\":{\"@id\":\"https:\\\/\\\/informelitoral.com.ar\\\/el-senado-convirtio-en-ley-los-cambios-en-el-regimen-del-monotributo-y-bienes-personales\\\/\"},\"wordCount\":561,\"commentCount\":0,\"publisher\":{\"@id\":\"https:\\\/\\\/informelitoral.com.ar\\\/#organization\"},\"image\":{\"@id\":\"https:\\\/\\\/informelitoral.com.ar\\\/el-senado-convirtio-en-ley-los-cambios-en-el-regimen-del-monotributo-y-bienes-personales\\\/#primaryimage\"},\"thumbnailUrl\":\"https:\\\/\\\/informelitoral.com.ar\\\/%77%70%2d%63%6f%6e%74%65%6e%74\\\/uploads\\\/2021\\\/05\\\/monotributo.jpg\",\"keywords\":[\"AFIP\",\"Monotributo\"],\"articleSection\":[\"Econom\u00eda\",\"Nacionales\"],\"inLanguage\":\"es\",\"potentialAction\":[{\"@type\":\"CommentAction\",\"name\":\"Comment\",\"target\":[\"https:\\\/\\\/informelitoral.com.ar\\\/el-senado-convirtio-en-ley-los-cambios-en-el-regimen-del-monotributo-y-bienes-personales\\\/#respond\"]}]},{\"@type\":\"WebPage\",\"@id\":\"https:\\\/\\\/informelitoral.com.ar\\\/el-senado-convirtio-en-ley-los-cambios-en-el-regimen-del-monotributo-y-bienes-personales\\\/\",\"url\":\"https:\\\/\\\/informelitoral.com.ar\\\/el-senado-convirtio-en-ley-los-cambios-en-el-regimen-del-monotributo-y-bienes-personales\\\/\",\"name\":\"El Senado convirti\u00f3 en ley los cambios en el r\u00e9gimen del Monotributo y Bienes Personales - Informe Litoral\",\"isPartOf\":{\"@id\":\"https:\\\/\\\/informelitoral.com.ar\\\/#website\"},\"primaryImageOfPage\":{\"@id\":\"https:\\\/\\\/informelitoral.com.ar\\\/el-senado-convirtio-en-ley-los-cambios-en-el-regimen-del-monotributo-y-bienes-personales\\\/#primaryimage\"},\"image\":{\"@id\":\"https:\\\/\\\/informelitoral.com.ar\\\/el-senado-convirtio-en-ley-los-cambios-en-el-regimen-del-monotributo-y-bienes-personales\\\/#primaryimage\"},\"thumbnailUrl\":\"https:\\\/\\\/informelitoral.com.ar\\\/%77%70%2d%63%6f%6e%74%65%6e%74\\\/uploads\\\/2021\\\/05\\\/monotributo.jpg\",\"datePublished\":\"2021-07-16T11:51:09+00:00\",\"breadcrumb\":{\"@id\":\"https:\\\/\\\/informelitoral.com.ar\\\/el-senado-convirtio-en-ley-los-cambios-en-el-regimen-del-monotributo-y-bienes-personales\\\/#breadcrumb\"},\"inLanguage\":\"es\",\"potentialAction\":[{\"@type\":\"ReadAction\",\"target\":[\"https:\\\/\\\/informelitoral.com.ar\\\/el-senado-convirtio-en-ley-los-cambios-en-el-regimen-del-monotributo-y-bienes-personales\\\/\"]}]},{\"@type\":\"ImageObject\",\"inLanguage\":\"es\",\"@id\":\"https:\\\/\\\/informelitoral.com.ar\\\/el-senado-convirtio-en-ley-los-cambios-en-el-regimen-del-monotributo-y-bienes-personales\\\/#primaryimage\",\"url\":\"https:\\\/\\\/informelitoral.com.ar\\\/%77%70%2d%63%6f%6e%74%65%6e%74\\\/uploads\\\/2021\\\/05\\\/monotributo.jpg\",\"contentUrl\":\"https:\\\/\\\/informelitoral.com.ar\\\/%77%70%2d%63%6f%6e%74%65%6e%74\\\/uploads\\\/2021\\\/05\\\/monotributo.jpg\",\"width\":945,\"height\":532},{\"@type\":\"BreadcrumbList\",\"@id\":\"https:\\\/\\\/informelitoral.com.ar\\\/el-senado-convirtio-en-ley-los-cambios-en-el-regimen-del-monotributo-y-bienes-personales\\\/#breadcrumb\",\"itemListElement\":[{\"@type\":\"ListItem\",\"position\":1,\"name\":\"Portada\",\"item\":\"https:\\\/\\\/informelitoral.com.ar\\\/\"},{\"@type\":\"ListItem\",\"position\":2,\"name\":\"El Senado convirti\u00f3 en ley los cambios en el r\u00e9gimen del Monotributo y Bienes Personales\"}]},{\"@type\":\"WebSite\",\"@id\":\"https:\\\/\\\/informelitoral.com.ar\\\/#website\",\"url\":\"https:\\\/\\\/informelitoral.com.ar\\\/\",\"name\":\"Informe Litoral\",\"description\":\"&quot;Nos informamos&quot; \",\"publisher\":{\"@id\":\"https:\\\/\\\/informelitoral.com.ar\\\/#organization\"},\"potentialAction\":[{\"@type\":\"SearchAction\",\"target\":{\"@type\":\"EntryPoint\",\"urlTemplate\":\"https:\\\/\\\/informelitoral.com.ar\\\/?s={search_term_string}\"},\"query-input\":{\"@type\":\"PropertyValueSpecification\",\"valueRequired\":true,\"valueName\":\"search_term_string\"}}],\"inLanguage\":\"es\"},{\"@type\":\"Organization\",\"@id\":\"https:\\\/\\\/informelitoral.com.ar\\\/#organization\",\"name\":\"Informe Litoral\",\"url\":\"https:\\\/\\\/informelitoral.com.ar\\\/\",\"logo\":{\"@type\":\"ImageObject\",\"inLanguage\":\"es\",\"@id\":\"https:\\\/\\\/informelitoral.com.ar\\\/#\\\/schema\\\/logo\\\/image\\\/\",\"url\":\"https:\\\/\\\/informelitoral.com.ar\\\/%77%70%2d%63%6f%6e%74%65%6e%74\\\/uploads\\\/2021\\\/01\\\/circulo.png\",\"contentUrl\":\"https:\\\/\\\/informelitoral.com.ar\\\/%77%70%2d%63%6f%6e%74%65%6e%74\\\/uploads\\\/2021\\\/01\\\/circulo.png\",\"width\":723,\"height\":731,\"caption\":\"Informe Litoral\"},\"image\":{\"@id\":\"https:\\\/\\\/informelitoral.com.ar\\\/#\\\/schema\\\/logo\\\/image\\\/\"},\"sameAs\":[\"https:\\\/\\\/www.facebook.com\\\/informelitoral\\\/\",\"https:\\\/\\\/x.com\\\/InformeLitoral\",\"https:\\\/\\\/www.instagram.com\\\/informelitoral\\\/\",\"https:\\\/\\\/www.youtube.com\\\/channel\\\/UCua4Qvz8Icb6MYqhoq9xLXw\"]},{\"@type\":\"Person\",\"@id\":\"https:\\\/\\\/informelitoral.com.ar\\\/#\\\/schema\\\/person\\\/b9d00407c836482871ef1d57bf8e3180\",\"name\":\"Gonzalo Schmidt\",\"image\":{\"@type\":\"ImageObject\",\"inLanguage\":\"es\",\"@id\":\"https:\\\/\\\/secure.gravatar.com\\\/avatar\\\/31a1a7b66ff2de83bd0e9fd79d026630d2d99e55e8bfe501287647b4fd9743de?s=96&d=mm&r=g\",\"url\":\"https:\\\/\\\/secure.gravatar.com\\\/avatar\\\/31a1a7b66ff2de83bd0e9fd79d026630d2d99e55e8bfe501287647b4fd9743de?s=96&d=mm&r=g\",\"contentUrl\":\"https:\\\/\\\/secure.gravatar.com\\\/avatar\\\/31a1a7b66ff2de83bd0e9fd79d026630d2d99e55e8bfe501287647b4fd9743de?s=96&d=mm&r=g\",\"caption\":\"Gonzalo Schmidt\"},\"description\":\"Sitio web de noticias de la provincia de Entre R\u00edos, Argentina. Informaci\u00f3n y entretenimiento. Informe Litoral, nos informamos.\",\"sameAs\":[\"http:\\\/\\\/www.isletasnoticias.com.ar\"],\"url\":\"https:\\\/\\\/informelitoral.com.ar\\\/author\\\/gonzalo\\\/\"}]}<\/script>","yoast_head_json":{"title":"El Senado convirti\u00f3 en ley los cambios en el r\u00e9gimen del Monotributo y Bienes Personales - Informe Litoral","robots":{"index":"index","follow":"follow","max-snippet":"max-snippet:-1","max-image-preview":"max-image-preview:large","max-video-preview":"max-video-preview:-1"},"canonical":"https:\/\/informelitoral.com.ar\/el-senado-convirtio-en-ley-los-cambios-en-el-regimen-del-monotributo-y-bienes-personales\/","og_locale":"es_ES","og_type":"article","og_title":"El Senado convirti\u00f3 en ley los cambios en el r\u00e9gimen del Monotributo y Bienes Personales - Informe Litoral","og_description":"Ambos proyectos fueron aprobados por unanimidad. La norma elimina el retroactivo con lo cual los monotributistas no deber\u00e1n afrontar ninguna deuda acumulada por la diferencia resultante entre lo que pagaron entre enero y junio y los nuevos valores establecidos por la ley 27.618.","og_url":"https:\/\/informelitoral.com.ar\/el-senado-convirtio-en-ley-los-cambios-en-el-regimen-del-monotributo-y-bienes-personales\/","og_site_name":"Informe Litoral","article_publisher":"https:\/\/www.facebook.com\/informelitoral\/","article_published_time":"2021-07-16T11:51:09+00:00","og_image":[{"width":945,"height":532,"url":"https:\/\/informelitoral.com.ar\/%77%70%2d%63%6f%6e%74%65%6e%74\/uploads\/2021\/05\/monotributo.jpg","type":"image\/jpeg"}],"author":"Gonzalo Schmidt","twitter_card":"summary_large_image","twitter_creator":"@InformeLitoral","twitter_site":"@InformeLitoral","twitter_misc":{"Escrito por":"Gonzalo Schmidt","Tiempo de lectura":"3 minutos"},"schema":{"@context":"https:\/\/schema.org","@graph":[{"@type":"Article","@id":"https:\/\/informelitoral.com.ar\/el-senado-convirtio-en-ley-los-cambios-en-el-regimen-del-monotributo-y-bienes-personales\/#article","isPartOf":{"@id":"https:\/\/informelitoral.com.ar\/el-senado-convirtio-en-ley-los-cambios-en-el-regimen-del-monotributo-y-bienes-personales\/"},"author":{"name":"Gonzalo Schmidt","@id":"https:\/\/informelitoral.com.ar\/#\/schema\/person\/b9d00407c836482871ef1d57bf8e3180"},"headline":"El Senado convirti\u00f3 en ley los cambios en el r\u00e9gimen del Monotributo y Bienes Personales","datePublished":"2021-07-16T11:51:09+00:00","mainEntityOfPage":{"@id":"https:\/\/informelitoral.com.ar\/el-senado-convirtio-en-ley-los-cambios-en-el-regimen-del-monotributo-y-bienes-personales\/"},"wordCount":561,"commentCount":0,"publisher":{"@id":"https:\/\/informelitoral.com.ar\/#organization"},"image":{"@id":"https:\/\/informelitoral.com.ar\/el-senado-convirtio-en-ley-los-cambios-en-el-regimen-del-monotributo-y-bienes-personales\/#primaryimage"},"thumbnailUrl":"https:\/\/informelitoral.com.ar\/%77%70%2d%63%6f%6e%74%65%6e%74\/uploads\/2021\/05\/monotributo.jpg","keywords":["AFIP","Monotributo"],"articleSection":["Econom\u00eda","Nacionales"],"inLanguage":"es","potentialAction":[{"@type":"CommentAction","name":"Comment","target":["https:\/\/informelitoral.com.ar\/el-senado-convirtio-en-ley-los-cambios-en-el-regimen-del-monotributo-y-bienes-personales\/#respond"]}]},{"@type":"WebPage","@id":"https:\/\/informelitoral.com.ar\/el-senado-convirtio-en-ley-los-cambios-en-el-regimen-del-monotributo-y-bienes-personales\/","url":"https:\/\/informelitoral.com.ar\/el-senado-convirtio-en-ley-los-cambios-en-el-regimen-del-monotributo-y-bienes-personales\/","name":"El Senado convirti\u00f3 en ley los cambios en el r\u00e9gimen del Monotributo y Bienes Personales - Informe Litoral","isPartOf":{"@id":"https:\/\/informelitoral.com.ar\/#website"},"primaryImageOfPage":{"@id":"https:\/\/informelitoral.com.ar\/el-senado-convirtio-en-ley-los-cambios-en-el-regimen-del-monotributo-y-bienes-personales\/#primaryimage"},"image":{"@id":"https:\/\/informelitoral.com.ar\/el-senado-convirtio-en-ley-los-cambios-en-el-regimen-del-monotributo-y-bienes-personales\/#primaryimage"},"thumbnailUrl":"https:\/\/informelitoral.com.ar\/%77%70%2d%63%6f%6e%74%65%6e%74\/uploads\/2021\/05\/monotributo.jpg","datePublished":"2021-07-16T11:51:09+00:00","breadcrumb":{"@id":"https:\/\/informelitoral.com.ar\/el-senado-convirtio-en-ley-los-cambios-en-el-regimen-del-monotributo-y-bienes-personales\/#breadcrumb"},"inLanguage":"es","potentialAction":[{"@type":"ReadAction","target":["https:\/\/informelitoral.com.ar\/el-senado-convirtio-en-ley-los-cambios-en-el-regimen-del-monotributo-y-bienes-personales\/"]}]},{"@type":"ImageObject","inLanguage":"es","@id":"https:\/\/informelitoral.com.ar\/el-senado-convirtio-en-ley-los-cambios-en-el-regimen-del-monotributo-y-bienes-personales\/#primaryimage","url":"https:\/\/informelitoral.com.ar\/%77%70%2d%63%6f%6e%74%65%6e%74\/uploads\/2021\/05\/monotributo.jpg","contentUrl":"https:\/\/informelitoral.com.ar\/%77%70%2d%63%6f%6e%74%65%6e%74\/uploads\/2021\/05\/monotributo.jpg","width":945,"height":532},{"@type":"BreadcrumbList","@id":"https:\/\/informelitoral.com.ar\/el-senado-convirtio-en-ley-los-cambios-en-el-regimen-del-monotributo-y-bienes-personales\/#breadcrumb","itemListElement":[{"@type":"ListItem","position":1,"name":"Portada","item":"https:\/\/informelitoral.com.ar\/"},{"@type":"ListItem","position":2,"name":"El Senado convirti\u00f3 en ley los cambios en el r\u00e9gimen del Monotributo y Bienes Personales"}]},{"@type":"WebSite","@id":"https:\/\/informelitoral.com.ar\/#website","url":"https:\/\/informelitoral.com.ar\/","name":"Informe Litoral","description":"&quot;Nos informamos&quot; ","publisher":{"@id":"https:\/\/informelitoral.com.ar\/#organization"},"potentialAction":[{"@type":"SearchAction","target":{"@type":"EntryPoint","urlTemplate":"https:\/\/informelitoral.com.ar\/?s={search_term_string}"},"query-input":{"@type":"PropertyValueSpecification","valueRequired":true,"valueName":"search_term_string"}}],"inLanguage":"es"},{"@type":"Organization","@id":"https:\/\/informelitoral.com.ar\/#organization","name":"Informe Litoral","url":"https:\/\/informelitoral.com.ar\/","logo":{"@type":"ImageObject","inLanguage":"es","@id":"https:\/\/informelitoral.com.ar\/#\/schema\/logo\/image\/","url":"https:\/\/informelitoral.com.ar\/%77%70%2d%63%6f%6e%74%65%6e%74\/uploads\/2021\/01\/circulo.png","contentUrl":"https:\/\/informelitoral.com.ar\/%77%70%2d%63%6f%6e%74%65%6e%74\/uploads\/2021\/01\/circulo.png","width":723,"height":731,"caption":"Informe Litoral"},"image":{"@id":"https:\/\/informelitoral.com.ar\/#\/schema\/logo\/image\/"},"sameAs":["https:\/\/www.facebook.com\/informelitoral\/","https:\/\/x.com\/InformeLitoral","https:\/\/www.instagram.com\/informelitoral\/","https:\/\/www.youtube.com\/channel\/UCua4Qvz8Icb6MYqhoq9xLXw"]},{"@type":"Person","@id":"https:\/\/informelitoral.com.ar\/#\/schema\/person\/b9d00407c836482871ef1d57bf8e3180","name":"Gonzalo Schmidt","image":{"@type":"ImageObject","inLanguage":"es","@id":"https:\/\/secure.gravatar.com\/avatar\/31a1a7b66ff2de83bd0e9fd79d026630d2d99e55e8bfe501287647b4fd9743de?s=96&d=mm&r=g","url":"https:\/\/secure.gravatar.com\/avatar\/31a1a7b66ff2de83bd0e9fd79d026630d2d99e55e8bfe501287647b4fd9743de?s=96&d=mm&r=g","contentUrl":"https:\/\/secure.gravatar.com\/avatar\/31a1a7b66ff2de83bd0e9fd79d026630d2d99e55e8bfe501287647b4fd9743de?s=96&d=mm&r=g","caption":"Gonzalo Schmidt"},"description":"Sitio web de noticias de la provincia de Entre R\u00edos, Argentina. Informaci\u00f3n y entretenimiento. Informe Litoral, nos informamos.","sameAs":["http:\/\/www.isletasnoticias.com.ar"],"url":"https:\/\/informelitoral.com.ar\/author\/gonzalo\/"}]}},"_links":{"self":[{"href":"https:\/\/informelitoral.com.ar\/%77%70%2d%6a%73%6f%6e\/wp\/v2\/posts\/62480","targetHints":{"allow":["GET"]}}],"collection":[{"href":"https:\/\/informelitoral.com.ar\/%77%70%2d%6a%73%6f%6e\/wp\/v2\/posts"}],"about":[{"href":"https:\/\/informelitoral.com.ar\/%77%70%2d%6a%73%6f%6e\/wp\/v2\/types\/post"}],"author":[{"embeddable":true,"href":"https:\/\/informelitoral.com.ar\/%77%70%2d%6a%73%6f%6e\/wp\/v2\/users\/2"}],"replies":[{"embeddable":true,"href":"https:\/\/informelitoral.com.ar\/%77%70%2d%6a%73%6f%6e\/wp\/v2\/comments?post=62480"}],"version-history":[{"count":0,"href":"https:\/\/informelitoral.com.ar\/%77%70%2d%6a%73%6f%6e\/wp\/v2\/posts\/62480\/revisions"}],"wp:featuredmedia":[{"embeddable":true,"href":"https:\/\/informelitoral.com.ar\/%77%70%2d%6a%73%6f%6e\/wp\/v2\/media\/60285"}],"wp:attachment":[{"href":"https:\/\/informelitoral.com.ar\/%77%70%2d%6a%73%6f%6e\/wp\/v2\/media?parent=62480"}],"wp:term":[{"taxonomy":"category","embeddable":true,"href":"https:\/\/informelitoral.com.ar\/%77%70%2d%6a%73%6f%6e\/wp\/v2\/categories?post=62480"},{"taxonomy":"post_tag","embeddable":true,"href":"https:\/\/informelitoral.com.ar\/%77%70%2d%6a%73%6f%6e\/wp\/v2\/tags?post=62480"}],"curies":[{"name":"wp","href":"https:\/\/api.w.org\/{rel}","templated":true}]}}