{"id":62473,"date":"2021-07-15T21:35:28","date_gmt":"2021-07-16T00:35:28","guid":{"rendered":"https:\/\/www.informelitoral.com.ar\/?p=62473"},"modified":"2021-07-15T21:35:28","modified_gmt":"2021-07-16T00:35:28","slug":"la-inflacion-de-junio-fue-del-32-y-en-el-primer-semestre-llego-a-253","status":"publish","type":"post","link":"https:\/\/informelitoral.com.ar\/la-inflacion-de-junio-fue-del-32-y-en-el-primer-semestre-llego-a-253\/","title":{"rendered":"La inflaci\u00f3n de junio fue del 3,2% y en el primer semestre lleg\u00f3 a 25,3%"},"content":{"rendered":"<section class=\"detail-body first-paragraph\">\n<section id=\"note-body\" class=\"body-content note-body content-protected-false\" data-twitter-link=\"https:\/\/twitter.com\/intent\/tweet?url=https:\/\/www.ambito.com\/c5223220&amp;v\u00eda=Ambitocom&amp;related=\u00e1mbito.com&amp;text=\"><strong>La\u00a0inflaci\u00f3n\u00a0de\u00a0junio fue del 3,2% seg\u00fan el INDEC.\u00a0<\/strong><strong>De esta manera, en el primer semestre de 2021 los\u00a0precios\u00a0aumentaron 25,3% mientras que en t\u00e9rminos interanuales aumentaron m\u00e1s de 50% por primera vez desde febrero de 2020.<\/strong><\/p>\n<\/section>\n<\/section>\n<section class=\"detail-body second-paragraph\">\n<section class=\"body-content note-body content-protected-false\">Si bien la cifra mensual de junio fue la m\u00e1s baja desde octubre del a\u00f1o pasado, apenas se desaceler\u00f3 0,1 puntos porcentuales respecto de mayo y esto se debi\u00f3 fundamentalmente a factores estacionales y una menor suba en precios regulados por el Gobierno.\u00a0<strong>La inflaci\u00f3n n\u00facleo<\/strong>, que no tiene en cuenta estas dos cuestiones,<strong> alcanz\u00f3 el 3,6%.<\/strong><\/p>\n<\/section>\n<\/section>\n<section class=\"detail-body\">\n<section class=\"body-content note-body content-protected-false\">\n<div id=\"7555063-Libre-1113790886_wrap\" class=\"embed_cont type_imagen\" contenteditable=\"false\">\n<div id=\"7555063-Libre-1113790886_content\" class=\"embed_content\"><img loading=\"lazy\" decoding=\"async\" id=\"7555063-Libre-1113790886_embed\" src=\"https:\/\/media.ambito.com\/p\/46e56600b84d7bf8d2cb2444d56b1ca3\/adjuntos\/239\/imagenes\/039\/125\/0039125507\/inflacion-primer-semestre.jpeg?0000-00-00-00-00-00\" alt=\"\" width=\"720\" height=\"460\" data-td-src-property=\"https:\/\/media.ambito.com\/p\/46e56600b84d7bf8d2cb2444d56b1ca3\/adjuntos\/239\/imagenes\/039\/125\/0039125507\/inflacion-primer-semestre.jpeg?0000-00-00-00-00-00\" \/><\/div>\n<\/div>\n<p>\u00ab<strong>El nivel general de precios se desaceler\u00f3 gracias a que los estacionales subieron solo 0,5% (la menor cifra desde marzo de 2018)<\/strong>. Cuando uno mira la inflaci\u00f3n n\u00facleo, que es la que te refleja con mayor precisi\u00f3n la inercia inflacionaria y c\u00f3mo evolucionan los precios que est\u00e1n m\u00e1s expuestos a los cambios de coyuntura, ve que desde octubre de 2020 no puede perforar el piso de 3,5%\u00bb,\u00a0<strong>explic\u00f3 en di\u00e1logo con \u00c1mbito Agostina Myronec, analista de la consultora Ecolatina<\/strong>.<\/p>\n<p>En el mismo sentido, el economista de Empiria\u00a0<strong>Juan Ignacio Paolicchi<\/strong>\u00a0mostr\u00f3 su preocupaci\u00f3n por la \u00abinflexibilidad de la n\u00facleo, que viene subiendo sistem\u00e1ticamente por encima del IPC general\u00bb.<strong>\u00a0\u00abAun con el atraso de tarifas y del tipo de cambio real, est\u00e1 costando anclar las expectativas inflacionarias\u00bb<\/strong>, asegur\u00f3.<\/p>\n<p>Los precios en<strong>\u00a0Alimentos y bebidas<\/strong>, la divisi\u00f3n de mayor incidencia en el \u00cdndice de Precios al Consumidor (IPC), tuvieron una leve aceleraci\u00f3n (3,2% vs 3,1% en mayo). Al interior de este segmento se verificaron mayores subas en casi todos los productos, parcialmente compensadas por la mencionada performance de frutas y verduras.<\/p>\n<p>\u00abEl aumento de los precios de las commodities en el mundo, que afectan entre otras a las principales exportaciones argentinas como la soja, ma\u00edz, trigo y girasol, impactan tambi\u00e9n en los precios de los alimentos que se comercializan en el mercado interno.\u00a0<strong>El incremento en los precios internacionales se traslada a los precios locales impulsando su alza por el &#8216;shock&#8217; externo\u00bb, explicaron desde el Ministerio de Econom\u00eda.<\/strong><\/p>\n<p><strong>Seg\u00fan la cartera conducida por Mart\u00edn Guzm\u00e1n, esta \u00abinflaci\u00f3n desordenada\u00bb es un fen\u00f3meno nuevo y propio de la pandemia, que no solo afect\u00f3 a Argentina.<\/strong><\/p>\n<p>\u00abPor ejemplo, Estados Unidos ten\u00eda un target de inflaci\u00f3n establecido del 2%, y hoy la inflaci\u00f3n observada es de 5,4%, encontr\u00e1ndose en m\u00e1ximos desde agosto de 2008. Lo mismo sucedi\u00f3 en Brasil, con un target de 3,8% y una inflaci\u00f3n observada en junio de 8,4% (niveles similares que el a\u00f1o 2016, donde hubo una inflaci\u00f3n interanual del 8,7%, la m\u00e1xima desde el 2003), o en M\u00e9xico, con un target de 3% y una inflaci\u00f3n real del 5,9% (con pico de 6,1% en abril, m\u00e1ximo nivel desde 2017)\u00bb, puntualizaron desde el ministerio.<\/p>\n<p>Aun con este dif\u00edcil escenario para todo el mundo, Paolicchi recalc\u00f3 que \u00abArgentina tiene en un mes la mitad de la inflaci\u00f3n que tienen Brasil, Chile y Uruguay en un a\u00f1o\u00bb.<\/p>\n<p><strong>Gonzalo Semilla, economista jefe de CREEBBA, advirti\u00f3 a este medio que entre los alimentos que m\u00e1s subieron se encontraron bienes de primera necesidad como carnes, l\u00e1cteos y panes, lo cual de mantenerse podr\u00eda seguir impactando de manera negativa en el salario real<\/strong>, que ya acumula tres a\u00f1os consecutivos con ca\u00eddas.<\/p>\n<p>Los mayores incrementos de junio a nivel general se registraron en\u00a0<strong>Comunicaciones<\/strong>\u00a0(7,2% vs 1% en mayo) producto de subas autorizadas en servicios TICS.<\/p>\n<p>Tambi\u00e9n se observaron aumentos por encima de la media en<strong>\u00a0Bebidas Alcoh\u00f3licas y Tabaco<\/strong>\u00a0(5,5%),<strong>\u00a0Prendas de vestir y calzado<\/strong>\u00a0(3,5%) y\u00a0<strong>Transporte<\/strong>\u00a0(3,3%) aunque en este \u00faltimo rubro vale remarcar la significativa desaceleraci\u00f3n respecto del mes previo ya que no hubo subas autorizadas en combustibles y hubo una menor tasa de aumento en adquisici\u00f3n de veh\u00edculos.<\/p>\n<p>Con estos n\u00fameros, la inflaci\u00f3n de junio se ubic\u00f3 en l\u00ednea con lo que hab\u00edan previsto las consultoras y entidades financieras que participaron del \u00faltimo REM del Banco Central (BCRA).<\/p>\n<p>Para lo que queda del a\u00f1o, el sector privado espera una tenue desaceleraci\u00f3n de los aumentos hacia la zona del 2,8% promedio mensual, lo cual dar\u00eda como resultado una inflaci\u00f3n en torno al 48% para todo 2021.<\/p>\n<p>Semilla celebr\u00f3 que la inflaci\u00f3n comenz\u00f3 a mostrar una desaceleraci\u00f3n desde el pico de marzo pero marc\u00f3 un \u00absem\u00e1foro amarillo\u00bb con posibles correcciones que pueden traccionar al alza la inflaci\u00f3n en el corto plazo. \u00abHay que tener cuidado con Comunicaciones, que tiene un gran peso en la canasta del IPC, porque ya est\u00e1n en julio anunciando aumentos retroactivos en telefon\u00eda, internet y cable. Tambi\u00e9n hay que prestar atenci\u00f3n a las prepagas que est\u00e1n queriendo realizar algunos ajustes en torno al 8%\u00bb, detall\u00f3.<\/p>\n<p>Por su parte, Myronec afirm\u00f3 que \u00abpuede tomarse como una buena noticia que la inflaci\u00f3n promedio del primer cuatrimestre, que alcanz\u00f3 el 4,1%, ya qued\u00f3 atr\u00e1s\u00bb. Para julio, la economista proyecta una inflaci\u00f3n en torno al 3% y para el segundo semestre espera una inflaci\u00f3n promedio menor a la del primero ya no van a autorizar tantas subas de precios regulados, como sucedi\u00f3 con los combustibles en los primeros meses, y porque el tipo de cambio oficial va a seguir teniendo un bajo ritmo de deslizamiento.<\/p>\n<p><strong>Frente a las dificultades para romper la inercia inflacionaria y la proximidad de las elecciones, el Gobierno viene utilizando al tipo de cambio y a las tarifas como principales anclas inflacionarias<\/strong>. En efecto, el d\u00f3lar oficial, regulado por el BCRA, viene creciendo a un ritmo de casi 1% mensual. Por su parte, las tarifas probablemente sigan pisadas durante el segundo semestre luego de un \u00fanico aumento inferior al 10% en los primeros meses del a\u00f1o.<\/p>\n<p>En este marco, el Gobierno ya asegur\u00f3 que pretende que el salario real cierre el a\u00f1o con una recuperaci\u00f3n luego de los constantes golpes recibidos desde 2018. Es por eso que desde el Ministerio de Trabajo est\u00e1n incentivando la reapertura de paritarias, que ya comenzaron a arrojar acuerdos en el 45%.<\/p>\n<p>Seg\u00fan un informe de Ecolatina, el salario real de los trabajadores registrados podr\u00eda crecer 3,5% en el segundo semestre en comparaci\u00f3n con el primero.<\/p>\n<\/section>\n<\/section>\n","protected":false},"excerpt":{"rendered":"<p>En t\u00e9rminos interanuales, la inflaci\u00f3n super\u00f3 el 50% por primera vez desde febrero de 2020. Aun as\u00ed, se trat\u00f3 de la cifra mensual m\u00e1s baja desde octubre del a\u00f1o pasado.<\/p>\n","protected":false},"author":2,"featured_media":24321,"comment_status":"open","ping_status":"open","sticky":false,"template":"","format":"standard","meta":{"fifu_image_url":"","fifu_image_alt":"","footnotes":""},"categories":[1594,7],"tags":[78,95,32],"class_list":{"0":"post-62473","1":"post","2":"type-post","3":"status-publish","4":"format-standard","5":"has-post-thumbnail","7":"category-economia","8":"category-nacionales","9":"tag-indec","10":"tag-inflacion","11":"tag-precios"},"yoast_head":"<title>La inflaci\u00f3n de junio fue del 3,2% y en el primer semestre lleg\u00f3 a 25,3% - Informe Litoral<\/title>\n<meta name=\"robots\" content=\"index, follow, max-snippet:-1, max-image-preview:large, max-video-preview:-1\" \/>\n<link rel=\"canonical\" href=\"https:\/\/informelitoral.com.ar\/la-inflacion-de-junio-fue-del-32-y-en-el-primer-semestre-llego-a-253\/\" \/>\n<meta property=\"og:locale\" content=\"es_ES\" \/>\n<meta property=\"og:type\" content=\"article\" \/>\n<meta property=\"og:title\" content=\"La inflaci\u00f3n de junio fue del 3,2% y en el primer semestre lleg\u00f3 a 25,3% - Informe Litoral\" \/>\n<meta property=\"og:description\" content=\"En t\u00e9rminos interanuales, la inflaci\u00f3n super\u00f3 el 50% por primera vez desde febrero de 2020. Aun as\u00ed, se trat\u00f3 de la cifra mensual m\u00e1s baja desde octubre del a\u00f1o pasado.\" \/>\n<meta property=\"og:url\" content=\"https:\/\/informelitoral.com.ar\/la-inflacion-de-junio-fue-del-32-y-en-el-primer-semestre-llego-a-253\/\" \/>\n<meta property=\"og:site_name\" content=\"Informe Litoral\" \/>\n<meta property=\"article:publisher\" content=\"https:\/\/www.facebook.com\/informelitoral\/\" \/>\n<meta property=\"article:published_time\" content=\"2021-07-16T00:35:28+00:00\" \/>\n<meta property=\"og:image\" content=\"https:\/\/informelitoral.com.ar\/%77%70%2d%63%6f%6e%74%65%6e%74\/uploads\/2017\/12\/inflacion-y-precios-2451203w620.jpg\" \/>\n\t<meta property=\"og:image:width\" content=\"620\" \/>\n\t<meta property=\"og:image:height\" content=\"348\" \/>\n\t<meta property=\"og:image:type\" content=\"image\/jpeg\" \/>\n<meta name=\"author\" content=\"Gonzalo Schmidt\" \/>\n<meta name=\"twitter:card\" content=\"summary_large_image\" \/>\n<meta name=\"twitter:creator\" content=\"@InformeLitoral\" \/>\n<meta name=\"twitter:site\" content=\"@InformeLitoral\" \/>\n<meta name=\"twitter:label1\" content=\"Escrito por\" \/>\n\t<meta name=\"twitter:data1\" content=\"Gonzalo Schmidt\" \/>\n\t<meta name=\"twitter:label2\" content=\"Tiempo de lectura\" \/>\n\t<meta name=\"twitter:data2\" content=\"5 minutos\" \/>\n<script type=\"application\/ld+json\" class=\"yoast-schema-graph\">{\"@context\":\"https:\\\/\\\/schema.org\",\"@graph\":[{\"@type\":\"Article\",\"@id\":\"https:\\\/\\\/informelitoral.com.ar\\\/la-inflacion-de-junio-fue-del-32-y-en-el-primer-semestre-llego-a-253\\\/#article\",\"isPartOf\":{\"@id\":\"https:\\\/\\\/informelitoral.com.ar\\\/la-inflacion-de-junio-fue-del-32-y-en-el-primer-semestre-llego-a-253\\\/\"},\"author\":{\"name\":\"Gonzalo Schmidt\",\"@id\":\"https:\\\/\\\/informelitoral.com.ar\\\/#\\\/schema\\\/person\\\/b9d00407c836482871ef1d57bf8e3180\"},\"headline\":\"La inflaci\u00f3n de junio fue del 3,2% y en el primer semestre lleg\u00f3 a 25,3%\",\"datePublished\":\"2021-07-16T00:35:28+00:00\",\"mainEntityOfPage\":{\"@id\":\"https:\\\/\\\/informelitoral.com.ar\\\/la-inflacion-de-junio-fue-del-32-y-en-el-primer-semestre-llego-a-253\\\/\"},\"wordCount\":1060,\"commentCount\":0,\"publisher\":{\"@id\":\"https:\\\/\\\/informelitoral.com.ar\\\/#organization\"},\"image\":{\"@id\":\"https:\\\/\\\/informelitoral.com.ar\\\/la-inflacion-de-junio-fue-del-32-y-en-el-primer-semestre-llego-a-253\\\/#primaryimage\"},\"thumbnailUrl\":\"https:\\\/\\\/informelitoral.com.ar\\\/%77%70%2d%63%6f%6e%74%65%6e%74\\\/uploads\\\/2017\\\/12\\\/inflacion-y-precios-2451203w620.jpg\",\"keywords\":[\"Indec\",\"Inflaci\u00f3n\",\"precios\"],\"articleSection\":[\"Econom\u00eda\",\"Nacionales\"],\"inLanguage\":\"es\",\"potentialAction\":[{\"@type\":\"CommentAction\",\"name\":\"Comment\",\"target\":[\"https:\\\/\\\/informelitoral.com.ar\\\/la-inflacion-de-junio-fue-del-32-y-en-el-primer-semestre-llego-a-253\\\/#respond\"]}]},{\"@type\":\"WebPage\",\"@id\":\"https:\\\/\\\/informelitoral.com.ar\\\/la-inflacion-de-junio-fue-del-32-y-en-el-primer-semestre-llego-a-253\\\/\",\"url\":\"https:\\\/\\\/informelitoral.com.ar\\\/la-inflacion-de-junio-fue-del-32-y-en-el-primer-semestre-llego-a-253\\\/\",\"name\":\"La inflaci\u00f3n de junio fue del 3,2% y en el primer semestre lleg\u00f3 a 25,3% - Informe Litoral\",\"isPartOf\":{\"@id\":\"https:\\\/\\\/informelitoral.com.ar\\\/#website\"},\"primaryImageOfPage\":{\"@id\":\"https:\\\/\\\/informelitoral.com.ar\\\/la-inflacion-de-junio-fue-del-32-y-en-el-primer-semestre-llego-a-253\\\/#primaryimage\"},\"image\":{\"@id\":\"https:\\\/\\\/informelitoral.com.ar\\\/la-inflacion-de-junio-fue-del-32-y-en-el-primer-semestre-llego-a-253\\\/#primaryimage\"},\"thumbnailUrl\":\"https:\\\/\\\/informelitoral.com.ar\\\/%77%70%2d%63%6f%6e%74%65%6e%74\\\/uploads\\\/2017\\\/12\\\/inflacion-y-precios-2451203w620.jpg\",\"datePublished\":\"2021-07-16T00:35:28+00:00\",\"breadcrumb\":{\"@id\":\"https:\\\/\\\/informelitoral.com.ar\\\/la-inflacion-de-junio-fue-del-32-y-en-el-primer-semestre-llego-a-253\\\/#breadcrumb\"},\"inLanguage\":\"es\",\"potentialAction\":[{\"@type\":\"ReadAction\",\"target\":[\"https:\\\/\\\/informelitoral.com.ar\\\/la-inflacion-de-junio-fue-del-32-y-en-el-primer-semestre-llego-a-253\\\/\"]}]},{\"@type\":\"ImageObject\",\"inLanguage\":\"es\",\"@id\":\"https:\\\/\\\/informelitoral.com.ar\\\/la-inflacion-de-junio-fue-del-32-y-en-el-primer-semestre-llego-a-253\\\/#primaryimage\",\"url\":\"https:\\\/\\\/informelitoral.com.ar\\\/%77%70%2d%63%6f%6e%74%65%6e%74\\\/uploads\\\/2017\\\/12\\\/inflacion-y-precios-2451203w620.jpg\",\"contentUrl\":\"https:\\\/\\\/informelitoral.com.ar\\\/%77%70%2d%63%6f%6e%74%65%6e%74\\\/uploads\\\/2017\\\/12\\\/inflacion-y-precios-2451203w620.jpg\",\"width\":620,\"height\":348},{\"@type\":\"BreadcrumbList\",\"@id\":\"https:\\\/\\\/informelitoral.com.ar\\\/la-inflacion-de-junio-fue-del-32-y-en-el-primer-semestre-llego-a-253\\\/#breadcrumb\",\"itemListElement\":[{\"@type\":\"ListItem\",\"position\":1,\"name\":\"Portada\",\"item\":\"https:\\\/\\\/informelitoral.com.ar\\\/\"},{\"@type\":\"ListItem\",\"position\":2,\"name\":\"La inflaci\u00f3n de junio fue del 3,2% y en el primer semestre lleg\u00f3 a 25,3%\"}]},{\"@type\":\"WebSite\",\"@id\":\"https:\\\/\\\/informelitoral.com.ar\\\/#website\",\"url\":\"https:\\\/\\\/informelitoral.com.ar\\\/\",\"name\":\"Informe Litoral\",\"description\":\"&quot;Nos informamos&quot; \",\"publisher\":{\"@id\":\"https:\\\/\\\/informelitoral.com.ar\\\/#organization\"},\"potentialAction\":[{\"@type\":\"SearchAction\",\"target\":{\"@type\":\"EntryPoint\",\"urlTemplate\":\"https:\\\/\\\/informelitoral.com.ar\\\/?s={search_term_string}\"},\"query-input\":{\"@type\":\"PropertyValueSpecification\",\"valueRequired\":true,\"valueName\":\"search_term_string\"}}],\"inLanguage\":\"es\"},{\"@type\":\"Organization\",\"@id\":\"https:\\\/\\\/informelitoral.com.ar\\\/#organization\",\"name\":\"Informe Litoral\",\"url\":\"https:\\\/\\\/informelitoral.com.ar\\\/\",\"logo\":{\"@type\":\"ImageObject\",\"inLanguage\":\"es\",\"@id\":\"https:\\\/\\\/informelitoral.com.ar\\\/#\\\/schema\\\/logo\\\/image\\\/\",\"url\":\"https:\\\/\\\/informelitoral.com.ar\\\/%77%70%2d%63%6f%6e%74%65%6e%74\\\/uploads\\\/2021\\\/01\\\/circulo.png\",\"contentUrl\":\"https:\\\/\\\/informelitoral.com.ar\\\/%77%70%2d%63%6f%6e%74%65%6e%74\\\/uploads\\\/2021\\\/01\\\/circulo.png\",\"width\":723,\"height\":731,\"caption\":\"Informe Litoral\"},\"image\":{\"@id\":\"https:\\\/\\\/informelitoral.com.ar\\\/#\\\/schema\\\/logo\\\/image\\\/\"},\"sameAs\":[\"https:\\\/\\\/www.facebook.com\\\/informelitoral\\\/\",\"https:\\\/\\\/x.com\\\/InformeLitoral\",\"https:\\\/\\\/www.instagram.com\\\/informelitoral\\\/\",\"https:\\\/\\\/www.youtube.com\\\/channel\\\/UCua4Qvz8Icb6MYqhoq9xLXw\"]},{\"@type\":\"Person\",\"@id\":\"https:\\\/\\\/informelitoral.com.ar\\\/#\\\/schema\\\/person\\\/b9d00407c836482871ef1d57bf8e3180\",\"name\":\"Gonzalo Schmidt\",\"image\":{\"@type\":\"ImageObject\",\"inLanguage\":\"es\",\"@id\":\"https:\\\/\\\/secure.gravatar.com\\\/avatar\\\/31a1a7b66ff2de83bd0e9fd79d026630d2d99e55e8bfe501287647b4fd9743de?s=96&d=mm&r=g\",\"url\":\"https:\\\/\\\/secure.gravatar.com\\\/avatar\\\/31a1a7b66ff2de83bd0e9fd79d026630d2d99e55e8bfe501287647b4fd9743de?s=96&d=mm&r=g\",\"contentUrl\":\"https:\\\/\\\/secure.gravatar.com\\\/avatar\\\/31a1a7b66ff2de83bd0e9fd79d026630d2d99e55e8bfe501287647b4fd9743de?s=96&d=mm&r=g\",\"caption\":\"Gonzalo Schmidt\"},\"description\":\"Sitio web de noticias de la provincia de Entre R\u00edos, Argentina. Informaci\u00f3n y entretenimiento. Informe Litoral, nos informamos.\",\"sameAs\":[\"http:\\\/\\\/www.isletasnoticias.com.ar\"],\"url\":\"https:\\\/\\\/informelitoral.com.ar\\\/author\\\/gonzalo\\\/\"}]}<\/script>","yoast_head_json":{"title":"La inflaci\u00f3n de junio fue del 3,2% y en el primer semestre lleg\u00f3 a 25,3% - Informe Litoral","robots":{"index":"index","follow":"follow","max-snippet":"max-snippet:-1","max-image-preview":"max-image-preview:large","max-video-preview":"max-video-preview:-1"},"canonical":"https:\/\/informelitoral.com.ar\/la-inflacion-de-junio-fue-del-32-y-en-el-primer-semestre-llego-a-253\/","og_locale":"es_ES","og_type":"article","og_title":"La inflaci\u00f3n de junio fue del 3,2% y en el primer semestre lleg\u00f3 a 25,3% - Informe Litoral","og_description":"En t\u00e9rminos interanuales, la inflaci\u00f3n super\u00f3 el 50% por primera vez desde febrero de 2020. Aun as\u00ed, se trat\u00f3 de la cifra mensual m\u00e1s baja desde octubre del a\u00f1o pasado.","og_url":"https:\/\/informelitoral.com.ar\/la-inflacion-de-junio-fue-del-32-y-en-el-primer-semestre-llego-a-253\/","og_site_name":"Informe Litoral","article_publisher":"https:\/\/www.facebook.com\/informelitoral\/","article_published_time":"2021-07-16T00:35:28+00:00","og_image":[{"width":620,"height":348,"url":"https:\/\/informelitoral.com.ar\/%77%70%2d%63%6f%6e%74%65%6e%74\/uploads\/2017\/12\/inflacion-y-precios-2451203w620.jpg","type":"image\/jpeg"}],"author":"Gonzalo Schmidt","twitter_card":"summary_large_image","twitter_creator":"@InformeLitoral","twitter_site":"@InformeLitoral","twitter_misc":{"Escrito por":"Gonzalo Schmidt","Tiempo de lectura":"5 minutos"},"schema":{"@context":"https:\/\/schema.org","@graph":[{"@type":"Article","@id":"https:\/\/informelitoral.com.ar\/la-inflacion-de-junio-fue-del-32-y-en-el-primer-semestre-llego-a-253\/#article","isPartOf":{"@id":"https:\/\/informelitoral.com.ar\/la-inflacion-de-junio-fue-del-32-y-en-el-primer-semestre-llego-a-253\/"},"author":{"name":"Gonzalo Schmidt","@id":"https:\/\/informelitoral.com.ar\/#\/schema\/person\/b9d00407c836482871ef1d57bf8e3180"},"headline":"La inflaci\u00f3n de junio fue del 3,2% y en el primer semestre lleg\u00f3 a 25,3%","datePublished":"2021-07-16T00:35:28+00:00","mainEntityOfPage":{"@id":"https:\/\/informelitoral.com.ar\/la-inflacion-de-junio-fue-del-32-y-en-el-primer-semestre-llego-a-253\/"},"wordCount":1060,"commentCount":0,"publisher":{"@id":"https:\/\/informelitoral.com.ar\/#organization"},"image":{"@id":"https:\/\/informelitoral.com.ar\/la-inflacion-de-junio-fue-del-32-y-en-el-primer-semestre-llego-a-253\/#primaryimage"},"thumbnailUrl":"https:\/\/informelitoral.com.ar\/%77%70%2d%63%6f%6e%74%65%6e%74\/uploads\/2017\/12\/inflacion-y-precios-2451203w620.jpg","keywords":["Indec","Inflaci\u00f3n","precios"],"articleSection":["Econom\u00eda","Nacionales"],"inLanguage":"es","potentialAction":[{"@type":"CommentAction","name":"Comment","target":["https:\/\/informelitoral.com.ar\/la-inflacion-de-junio-fue-del-32-y-en-el-primer-semestre-llego-a-253\/#respond"]}]},{"@type":"WebPage","@id":"https:\/\/informelitoral.com.ar\/la-inflacion-de-junio-fue-del-32-y-en-el-primer-semestre-llego-a-253\/","url":"https:\/\/informelitoral.com.ar\/la-inflacion-de-junio-fue-del-32-y-en-el-primer-semestre-llego-a-253\/","name":"La inflaci\u00f3n de junio fue del 3,2% y en el primer semestre lleg\u00f3 a 25,3% - Informe Litoral","isPartOf":{"@id":"https:\/\/informelitoral.com.ar\/#website"},"primaryImageOfPage":{"@id":"https:\/\/informelitoral.com.ar\/la-inflacion-de-junio-fue-del-32-y-en-el-primer-semestre-llego-a-253\/#primaryimage"},"image":{"@id":"https:\/\/informelitoral.com.ar\/la-inflacion-de-junio-fue-del-32-y-en-el-primer-semestre-llego-a-253\/#primaryimage"},"thumbnailUrl":"https:\/\/informelitoral.com.ar\/%77%70%2d%63%6f%6e%74%65%6e%74\/uploads\/2017\/12\/inflacion-y-precios-2451203w620.jpg","datePublished":"2021-07-16T00:35:28+00:00","breadcrumb":{"@id":"https:\/\/informelitoral.com.ar\/la-inflacion-de-junio-fue-del-32-y-en-el-primer-semestre-llego-a-253\/#breadcrumb"},"inLanguage":"es","potentialAction":[{"@type":"ReadAction","target":["https:\/\/informelitoral.com.ar\/la-inflacion-de-junio-fue-del-32-y-en-el-primer-semestre-llego-a-253\/"]}]},{"@type":"ImageObject","inLanguage":"es","@id":"https:\/\/informelitoral.com.ar\/la-inflacion-de-junio-fue-del-32-y-en-el-primer-semestre-llego-a-253\/#primaryimage","url":"https:\/\/informelitoral.com.ar\/%77%70%2d%63%6f%6e%74%65%6e%74\/uploads\/2017\/12\/inflacion-y-precios-2451203w620.jpg","contentUrl":"https:\/\/informelitoral.com.ar\/%77%70%2d%63%6f%6e%74%65%6e%74\/uploads\/2017\/12\/inflacion-y-precios-2451203w620.jpg","width":620,"height":348},{"@type":"BreadcrumbList","@id":"https:\/\/informelitoral.com.ar\/la-inflacion-de-junio-fue-del-32-y-en-el-primer-semestre-llego-a-253\/#breadcrumb","itemListElement":[{"@type":"ListItem","position":1,"name":"Portada","item":"https:\/\/informelitoral.com.ar\/"},{"@type":"ListItem","position":2,"name":"La inflaci\u00f3n de junio fue del 3,2% y en el primer semestre lleg\u00f3 a 25,3%"}]},{"@type":"WebSite","@id":"https:\/\/informelitoral.com.ar\/#website","url":"https:\/\/informelitoral.com.ar\/","name":"Informe Litoral","description":"&quot;Nos informamos&quot; ","publisher":{"@id":"https:\/\/informelitoral.com.ar\/#organization"},"potentialAction":[{"@type":"SearchAction","target":{"@type":"EntryPoint","urlTemplate":"https:\/\/informelitoral.com.ar\/?s={search_term_string}"},"query-input":{"@type":"PropertyValueSpecification","valueRequired":true,"valueName":"search_term_string"}}],"inLanguage":"es"},{"@type":"Organization","@id":"https:\/\/informelitoral.com.ar\/#organization","name":"Informe Litoral","url":"https:\/\/informelitoral.com.ar\/","logo":{"@type":"ImageObject","inLanguage":"es","@id":"https:\/\/informelitoral.com.ar\/#\/schema\/logo\/image\/","url":"https:\/\/informelitoral.com.ar\/%77%70%2d%63%6f%6e%74%65%6e%74\/uploads\/2021\/01\/circulo.png","contentUrl":"https:\/\/informelitoral.com.ar\/%77%70%2d%63%6f%6e%74%65%6e%74\/uploads\/2021\/01\/circulo.png","width":723,"height":731,"caption":"Informe Litoral"},"image":{"@id":"https:\/\/informelitoral.com.ar\/#\/schema\/logo\/image\/"},"sameAs":["https:\/\/www.facebook.com\/informelitoral\/","https:\/\/x.com\/InformeLitoral","https:\/\/www.instagram.com\/informelitoral\/","https:\/\/www.youtube.com\/channel\/UCua4Qvz8Icb6MYqhoq9xLXw"]},{"@type":"Person","@id":"https:\/\/informelitoral.com.ar\/#\/schema\/person\/b9d00407c836482871ef1d57bf8e3180","name":"Gonzalo Schmidt","image":{"@type":"ImageObject","inLanguage":"es","@id":"https:\/\/secure.gravatar.com\/avatar\/31a1a7b66ff2de83bd0e9fd79d026630d2d99e55e8bfe501287647b4fd9743de?s=96&d=mm&r=g","url":"https:\/\/secure.gravatar.com\/avatar\/31a1a7b66ff2de83bd0e9fd79d026630d2d99e55e8bfe501287647b4fd9743de?s=96&d=mm&r=g","contentUrl":"https:\/\/secure.gravatar.com\/avatar\/31a1a7b66ff2de83bd0e9fd79d026630d2d99e55e8bfe501287647b4fd9743de?s=96&d=mm&r=g","caption":"Gonzalo Schmidt"},"description":"Sitio web de noticias de la provincia de Entre R\u00edos, Argentina. Informaci\u00f3n y entretenimiento. Informe Litoral, nos informamos.","sameAs":["http:\/\/www.isletasnoticias.com.ar"],"url":"https:\/\/informelitoral.com.ar\/author\/gonzalo\/"}]}},"_links":{"self":[{"href":"https:\/\/informelitoral.com.ar\/%77%70%2d%6a%73%6f%6e\/wp\/v2\/posts\/62473","targetHints":{"allow":["GET"]}}],"collection":[{"href":"https:\/\/informelitoral.com.ar\/%77%70%2d%6a%73%6f%6e\/wp\/v2\/posts"}],"about":[{"href":"https:\/\/informelitoral.com.ar\/%77%70%2d%6a%73%6f%6e\/wp\/v2\/types\/post"}],"author":[{"embeddable":true,"href":"https:\/\/informelitoral.com.ar\/%77%70%2d%6a%73%6f%6e\/wp\/v2\/users\/2"}],"replies":[{"embeddable":true,"href":"https:\/\/informelitoral.com.ar\/%77%70%2d%6a%73%6f%6e\/wp\/v2\/comments?post=62473"}],"version-history":[{"count":0,"href":"https:\/\/informelitoral.com.ar\/%77%70%2d%6a%73%6f%6e\/wp\/v2\/posts\/62473\/revisions"}],"wp:featuredmedia":[{"embeddable":true,"href":"https:\/\/informelitoral.com.ar\/%77%70%2d%6a%73%6f%6e\/wp\/v2\/media\/24321"}],"wp:attachment":[{"href":"https:\/\/informelitoral.com.ar\/%77%70%2d%6a%73%6f%6e\/wp\/v2\/media?parent=62473"}],"wp:term":[{"taxonomy":"category","embeddable":true,"href":"https:\/\/informelitoral.com.ar\/%77%70%2d%6a%73%6f%6e\/wp\/v2\/categories?post=62473"},{"taxonomy":"post_tag","embeddable":true,"href":"https:\/\/informelitoral.com.ar\/%77%70%2d%6a%73%6f%6e\/wp\/v2\/tags?post=62473"}],"curies":[{"name":"wp","href":"https:\/\/api.w.org\/{rel}","templated":true}]}}