{"id":6244,"date":"2014-03-24T16:32:08","date_gmt":"2014-03-24T19:32:08","guid":{"rendered":"http:\/\/www.isletasnoticias.com.ar\/?p=6244"},"modified":"2014-03-24T16:32:08","modified_gmt":"2014-03-24T19:32:08","slug":"urribarri-recibira-a-sindicalistas-que-lo-ven-como-garantia-de-continuidad-del-modelo","status":"publish","type":"post","link":"https:\/\/informelitoral.com.ar\/urribarri-recibira-a-sindicalistas-que-lo-ven-como-garantia-de-continuidad-del-modelo\/","title":{"rendered":"Urribarri recibir\u00e1 a sindicalistas que lo ven como \u00abgarant\u00eda de continuidad del modelo\u00bb"},"content":{"rendered":"<div><strong>El gobernador de Entre R\u00edos, se reunir\u00e1 el 28 de marzo con la CGT oficialista de <em>Antonio Cal\u00f3<\/em> y el MTA. Los sectores integran la Concertaci\u00f3n Econ\u00f3mica y Social para el Desarrollo. Abordar\u00e1n propuestas \u00abpara sostener el modelo\u00bb.<a href=\"http:\/\/www.isletasnoticias.com.ar\/%77%70%2d%63%6f%6e%74%65%6e%74\/uploads\/2014\/03\/reuni\u00f3n.jpg\"><img loading=\"lazy\" decoding=\"async\" class=\"aligncenter size-medium wp-image-6245\" alt=\"reuni\u00f3n\" src=\"http:\/\/www.isletasnoticias.com.ar\/%77%70%2d%63%6f%6e%74%65%6e%74\/uploads\/2014\/03\/reuni\u00f3n-300x168.jpg\" width=\"300\" height=\"168\" srcset=\"https:\/\/informelitoral.com.ar\/%77%70%2d%63%6f%6e%74%65%6e%74\/uploads\/2014\/03\/reuni\u00f3n-300x168.jpg 300w, https:\/\/informelitoral.com.ar\/%77%70%2d%63%6f%6e%74%65%6e%74\/uploads\/2014\/03\/reuni\u00f3n.jpg 640w\" sizes=\"auto, (max-width: 300px) 100vw, 300px\" \/><\/a><\/strong><\/div>\n<div>La cita ser\u00e1 durante el primer encuentro empresario sindical que organiza la Concertaci\u00f3n Econ\u00f3mica y Social para el Desarrollo en el interior del pa\u00eds.<\/div>\n<div><\/div>\n<div>\n<p>El mandatario entrerriano, que tiene aspiraciones de competir en 2015, ser\u00e1 anfitri\u00f3n en la denominada \u00abMesa de los 100\u00bb que se reunir\u00e1 en Paran\u00e1 el 28 de marzo, luego de que el primero de estos encuentros se realizara en octubre pasado en la sede de SADOP, en Buenos Aires, junto a los representantes de la CGT de<strong> Cal\u00f3<\/strong> y el n\u00facleo del MTA, de <strong>Carlos Barbeito.<\/strong><\/p>\n<p>La convocatoria surgi\u00f3 del MTA hacia todos los sectores empresariales, como parte de la articulaci\u00f3n de las pol\u00edticas de Trabajo y Producci\u00f3n.<br \/>\n\u00abLo que estamos haciendo es comprometernos a trabajar en conjunto, defender este modelo econ\u00f3mico, apostar por otra D\u00e9cada Ganada\u00bb, afirm\u00f3 la Concertaci\u00f3n, seg\u00fan consign\u00f3 El Once y reprodujo<em> Informe Digital.<\/em><\/p>\n<p>\u00abLa continuidad se ver\u00e1 reflejada en esta nueva instancia federal de participaci\u00f3n, haciendo posible que los postulados que enmarcaron el encuentro del 2013 tengan absoluta vigencia para el presente y el futuro de nuestra Naci\u00f3n. En este contexto se desarrollar\u00e1 el Primer Encuentro Federal de la Alianza Nacional entre el Trabajo y la Producci\u00f3n\u00bb, indicaron la CGT y el MTA.<\/p>\n<p>\u201cEs la provincia de la regi\u00f3n centro que m\u00e1s ha crecido en la d\u00e9cada. Al comp\u00e1s del modelo de industrializaci\u00f3n con inclusi\u00f3n llevado adelante por el gobierno nacional, y a partir de una administraci\u00f3n en l\u00ednea con ese proceso, la provincia que gobierna Urribarri es una de las que mayores transformaciones ha experimentado en los \u00faltimos a\u00f1os\u201d, se\u00f1alaron al fundamentar la decisi\u00f3n de sesionar en Entre R\u00edos.<\/p>\n<p>Y agregaron: \u201cson precisamente \u00e9stas las primeras cartas que muestra el gobernador en sus recorridas por el interior del pa\u00eds y el conurbano bonaerense para ratificar que es el candidato con mayor perfil K y garant\u00eda real de continuidad del modelo\u201d. (Fuente: <em>Informe Digital<\/em>)<\/p>\n<\/div>\n","protected":false},"excerpt":{"rendered":"<p>El gobernador de Entre R&iacute;os, se reunir&aacute; el 28 de marzo con la CGT oficialista de Antonio Cal&oacute; y el MTA. Los sectores integran la Concertaci&oacute;n Econ&oacute;mica y Social para el Desarrollo. Abordar&aacute;n propuestas &laquo;para sostener el modelo&raquo;. La cita ser&aacute; durante el primer encuentro empresario sindical que organiza la Concertaci&oacute;n Econ&oacute;mica y Social para [&hellip;]<\/p>\n","protected":false},"author":2,"featured_media":0,"comment_status":"open","ping_status":"open","sticky":false,"template":"","format":"standard","meta":{"fifu_image_url":"","fifu_image_alt":"","footnotes":""},"categories":[16],"tags":[],"class_list":{"0":"post-6244","1":"post","2":"type-post","3":"status-publish","4":"format-standard","6":"category-politi"},"yoast_head":"<title>Urribarri recibir\u00e1 a sindicalistas que lo ven como &quot;garant\u00eda de continuidad del modelo&quot;  - Informe Litoral<\/title>\n<meta name=\"robots\" content=\"index, follow, max-snippet:-1, max-image-preview:large, max-video-preview:-1\" \/>\n<link rel=\"canonical\" href=\"https:\/\/informelitoral.com.ar\/urribarri-recibira-a-sindicalistas-que-lo-ven-como-garantia-de-continuidad-del-modelo\/\" \/>\n<meta property=\"og:locale\" content=\"es_ES\" \/>\n<meta property=\"og:type\" content=\"article\" \/>\n<meta property=\"og:title\" content=\"Urribarri recibir\u00e1 a sindicalistas que lo ven como &quot;garant\u00eda de continuidad del modelo&quot;  - Informe Litoral\" \/>\n<meta property=\"og:description\" content=\"El gobernador de Entre R&iacute;os, se reunir&aacute; el 28 de marzo con la CGT oficialista de Antonio Cal&oacute; y el MTA. Los sectores integran la Concertaci&oacute;n Econ&oacute;mica y Social para el Desarrollo. Abordar&aacute;n propuestas &laquo;para sostener el modelo&raquo;. La cita ser&aacute; durante el primer encuentro empresario sindical que organiza la Concertaci&oacute;n Econ&oacute;mica y Social para [&hellip;]\" \/>\n<meta property=\"og:url\" content=\"https:\/\/informelitoral.com.ar\/urribarri-recibira-a-sindicalistas-que-lo-ven-como-garantia-de-continuidad-del-modelo\/\" \/>\n<meta property=\"og:site_name\" content=\"Informe Litoral\" \/>\n<meta property=\"article:publisher\" content=\"https:\/\/www.facebook.com\/informelitoral\/\" \/>\n<meta property=\"article:published_time\" content=\"2014-03-24T19:32:08+00:00\" \/>\n<meta name=\"author\" content=\"Gonzalo Schmidt\" \/>\n<meta name=\"twitter:card\" content=\"summary_large_image\" \/>\n<meta name=\"twitter:creator\" content=\"@InformeLitoral\" \/>\n<meta name=\"twitter:site\" content=\"@InformeLitoral\" \/>\n<meta name=\"twitter:label1\" content=\"Escrito por\" \/>\n\t<meta name=\"twitter:data1\" content=\"Gonzalo Schmidt\" \/>\n\t<meta name=\"twitter:label2\" content=\"Tiempo de lectura\" \/>\n\t<meta name=\"twitter:data2\" content=\"2 minutos\" \/>\n<script type=\"application\/ld+json\" class=\"yoast-schema-graph\">{\"@context\":\"https:\\\/\\\/schema.org\",\"@graph\":[{\"@type\":\"Article\",\"@id\":\"https:\\\/\\\/informelitoral.com.ar\\\/urribarri-recibira-a-sindicalistas-que-lo-ven-como-garantia-de-continuidad-del-modelo\\\/#article\",\"isPartOf\":{\"@id\":\"https:\\\/\\\/informelitoral.com.ar\\\/urribarri-recibira-a-sindicalistas-que-lo-ven-como-garantia-de-continuidad-del-modelo\\\/\"},\"author\":{\"name\":\"Gonzalo Schmidt\",\"@id\":\"https:\\\/\\\/informelitoral.com.ar\\\/#\\\/schema\\\/person\\\/b9d00407c836482871ef1d57bf8e3180\"},\"headline\":\"Urribarri recibir\u00e1 a sindicalistas que lo ven como \u00abgarant\u00eda de continuidad del modelo\u00bb\",\"datePublished\":\"2014-03-24T19:32:08+00:00\",\"mainEntityOfPage\":{\"@id\":\"https:\\\/\\\/informelitoral.com.ar\\\/urribarri-recibira-a-sindicalistas-que-lo-ven-como-garantia-de-continuidad-del-modelo\\\/\"},\"wordCount\":393,\"commentCount\":0,\"publisher\":{\"@id\":\"https:\\\/\\\/informelitoral.com.ar\\\/#organization\"},\"articleSection\":[\"Politica\"],\"inLanguage\":\"es\",\"potentialAction\":[{\"@type\":\"CommentAction\",\"name\":\"Comment\",\"target\":[\"https:\\\/\\\/informelitoral.com.ar\\\/urribarri-recibira-a-sindicalistas-que-lo-ven-como-garantia-de-continuidad-del-modelo\\\/#respond\"]}]},{\"@type\":\"WebPage\",\"@id\":\"https:\\\/\\\/informelitoral.com.ar\\\/urribarri-recibira-a-sindicalistas-que-lo-ven-como-garantia-de-continuidad-del-modelo\\\/\",\"url\":\"https:\\\/\\\/informelitoral.com.ar\\\/urribarri-recibira-a-sindicalistas-que-lo-ven-como-garantia-de-continuidad-del-modelo\\\/\",\"name\":\"Urribarri recibir\u00e1 a sindicalistas que lo ven como \\\"garant\u00eda de continuidad del modelo\\\" - Informe Litoral\",\"isPartOf\":{\"@id\":\"https:\\\/\\\/informelitoral.com.ar\\\/#website\"},\"datePublished\":\"2014-03-24T19:32:08+00:00\",\"breadcrumb\":{\"@id\":\"https:\\\/\\\/informelitoral.com.ar\\\/urribarri-recibira-a-sindicalistas-que-lo-ven-como-garantia-de-continuidad-del-modelo\\\/#breadcrumb\"},\"inLanguage\":\"es\",\"potentialAction\":[{\"@type\":\"ReadAction\",\"target\":[\"https:\\\/\\\/informelitoral.com.ar\\\/urribarri-recibira-a-sindicalistas-que-lo-ven-como-garantia-de-continuidad-del-modelo\\\/\"]}]},{\"@type\":\"BreadcrumbList\",\"@id\":\"https:\\\/\\\/informelitoral.com.ar\\\/urribarri-recibira-a-sindicalistas-que-lo-ven-como-garantia-de-continuidad-del-modelo\\\/#breadcrumb\",\"itemListElement\":[{\"@type\":\"ListItem\",\"position\":1,\"name\":\"Portada\",\"item\":\"https:\\\/\\\/informelitoral.com.ar\\\/\"},{\"@type\":\"ListItem\",\"position\":2,\"name\":\"Urribarri recibir\u00e1 a sindicalistas que lo ven como \u00abgarant\u00eda de continuidad del modelo\u00bb\"}]},{\"@type\":\"WebSite\",\"@id\":\"https:\\\/\\\/informelitoral.com.ar\\\/#website\",\"url\":\"https:\\\/\\\/informelitoral.com.ar\\\/\",\"name\":\"Informe Litoral\",\"description\":\"&quot;Nos informamos&quot; \",\"publisher\":{\"@id\":\"https:\\\/\\\/informelitoral.com.ar\\\/#organization\"},\"potentialAction\":[{\"@type\":\"SearchAction\",\"target\":{\"@type\":\"EntryPoint\",\"urlTemplate\":\"https:\\\/\\\/informelitoral.com.ar\\\/?s={search_term_string}\"},\"query-input\":{\"@type\":\"PropertyValueSpecification\",\"valueRequired\":true,\"valueName\":\"search_term_string\"}}],\"inLanguage\":\"es\"},{\"@type\":\"Organization\",\"@id\":\"https:\\\/\\\/informelitoral.com.ar\\\/#organization\",\"name\":\"Informe Litoral\",\"url\":\"https:\\\/\\\/informelitoral.com.ar\\\/\",\"logo\":{\"@type\":\"ImageObject\",\"inLanguage\":\"es\",\"@id\":\"https:\\\/\\\/informelitoral.com.ar\\\/#\\\/schema\\\/logo\\\/image\\\/\",\"url\":\"https:\\\/\\\/informelitoral.com.ar\\\/%77%70%2d%63%6f%6e%74%65%6e%74\\\/uploads\\\/2021\\\/01\\\/circulo.png\",\"contentUrl\":\"https:\\\/\\\/informelitoral.com.ar\\\/%77%70%2d%63%6f%6e%74%65%6e%74\\\/uploads\\\/2021\\\/01\\\/circulo.png\",\"width\":723,\"height\":731,\"caption\":\"Informe Litoral\"},\"image\":{\"@id\":\"https:\\\/\\\/informelitoral.com.ar\\\/#\\\/schema\\\/logo\\\/image\\\/\"},\"sameAs\":[\"https:\\\/\\\/www.facebook.com\\\/informelitoral\\\/\",\"https:\\\/\\\/x.com\\\/InformeLitoral\",\"https:\\\/\\\/www.instagram.com\\\/informelitoral\\\/\",\"https:\\\/\\\/www.youtube.com\\\/channel\\\/UCua4Qvz8Icb6MYqhoq9xLXw\"]},{\"@type\":\"Person\",\"@id\":\"https:\\\/\\\/informelitoral.com.ar\\\/#\\\/schema\\\/person\\\/b9d00407c836482871ef1d57bf8e3180\",\"name\":\"Gonzalo Schmidt\",\"image\":{\"@type\":\"ImageObject\",\"inLanguage\":\"es\",\"@id\":\"https:\\\/\\\/secure.gravatar.com\\\/avatar\\\/31a1a7b66ff2de83bd0e9fd79d026630d2d99e55e8bfe501287647b4fd9743de?s=96&d=mm&r=g\",\"url\":\"https:\\\/\\\/secure.gravatar.com\\\/avatar\\\/31a1a7b66ff2de83bd0e9fd79d026630d2d99e55e8bfe501287647b4fd9743de?s=96&d=mm&r=g\",\"contentUrl\":\"https:\\\/\\\/secure.gravatar.com\\\/avatar\\\/31a1a7b66ff2de83bd0e9fd79d026630d2d99e55e8bfe501287647b4fd9743de?s=96&d=mm&r=g\",\"caption\":\"Gonzalo Schmidt\"},\"description\":\"Sitio web de noticias de la provincia de Entre R\u00edos, Argentina. Informaci\u00f3n y entretenimiento. Informe Litoral, nos informamos.\",\"sameAs\":[\"http:\\\/\\\/www.isletasnoticias.com.ar\"],\"url\":\"https:\\\/\\\/informelitoral.com.ar\\\/author\\\/gonzalo\\\/\"}]}<\/script>","yoast_head_json":{"title":"Urribarri recibir\u00e1 a sindicalistas que lo ven como \"garant\u00eda de continuidad del modelo\"  - Informe Litoral","robots":{"index":"index","follow":"follow","max-snippet":"max-snippet:-1","max-image-preview":"max-image-preview:large","max-video-preview":"max-video-preview:-1"},"canonical":"https:\/\/informelitoral.com.ar\/urribarri-recibira-a-sindicalistas-que-lo-ven-como-garantia-de-continuidad-del-modelo\/","og_locale":"es_ES","og_type":"article","og_title":"Urribarri recibir\u00e1 a sindicalistas que lo ven como \"garant\u00eda de continuidad del modelo\"  - Informe Litoral","og_description":"El gobernador de Entre R&iacute;os, se reunir&aacute; el 28 de marzo con la CGT oficialista de Antonio Cal&oacute; y el MTA. Los sectores integran la Concertaci&oacute;n Econ&oacute;mica y Social para el Desarrollo. Abordar&aacute;n propuestas &laquo;para sostener el modelo&raquo;. La cita ser&aacute; durante el primer encuentro empresario sindical que organiza la Concertaci&oacute;n Econ&oacute;mica y Social para [&hellip;]","og_url":"https:\/\/informelitoral.com.ar\/urribarri-recibira-a-sindicalistas-que-lo-ven-como-garantia-de-continuidad-del-modelo\/","og_site_name":"Informe Litoral","article_publisher":"https:\/\/www.facebook.com\/informelitoral\/","article_published_time":"2014-03-24T19:32:08+00:00","author":"Gonzalo Schmidt","twitter_card":"summary_large_image","twitter_creator":"@InformeLitoral","twitter_site":"@InformeLitoral","twitter_misc":{"Escrito por":"Gonzalo Schmidt","Tiempo de lectura":"2 minutos"},"schema":{"@context":"https:\/\/schema.org","@graph":[{"@type":"Article","@id":"https:\/\/informelitoral.com.ar\/urribarri-recibira-a-sindicalistas-que-lo-ven-como-garantia-de-continuidad-del-modelo\/#article","isPartOf":{"@id":"https:\/\/informelitoral.com.ar\/urribarri-recibira-a-sindicalistas-que-lo-ven-como-garantia-de-continuidad-del-modelo\/"},"author":{"name":"Gonzalo Schmidt","@id":"https:\/\/informelitoral.com.ar\/#\/schema\/person\/b9d00407c836482871ef1d57bf8e3180"},"headline":"Urribarri recibir\u00e1 a sindicalistas que lo ven como \u00abgarant\u00eda de continuidad del modelo\u00bb","datePublished":"2014-03-24T19:32:08+00:00","mainEntityOfPage":{"@id":"https:\/\/informelitoral.com.ar\/urribarri-recibira-a-sindicalistas-que-lo-ven-como-garantia-de-continuidad-del-modelo\/"},"wordCount":393,"commentCount":0,"publisher":{"@id":"https:\/\/informelitoral.com.ar\/#organization"},"articleSection":["Politica"],"inLanguage":"es","potentialAction":[{"@type":"CommentAction","name":"Comment","target":["https:\/\/informelitoral.com.ar\/urribarri-recibira-a-sindicalistas-que-lo-ven-como-garantia-de-continuidad-del-modelo\/#respond"]}]},{"@type":"WebPage","@id":"https:\/\/informelitoral.com.ar\/urribarri-recibira-a-sindicalistas-que-lo-ven-como-garantia-de-continuidad-del-modelo\/","url":"https:\/\/informelitoral.com.ar\/urribarri-recibira-a-sindicalistas-que-lo-ven-como-garantia-de-continuidad-del-modelo\/","name":"Urribarri recibir\u00e1 a sindicalistas que lo ven como \"garant\u00eda de continuidad del modelo\" - Informe Litoral","isPartOf":{"@id":"https:\/\/informelitoral.com.ar\/#website"},"datePublished":"2014-03-24T19:32:08+00:00","breadcrumb":{"@id":"https:\/\/informelitoral.com.ar\/urribarri-recibira-a-sindicalistas-que-lo-ven-como-garantia-de-continuidad-del-modelo\/#breadcrumb"},"inLanguage":"es","potentialAction":[{"@type":"ReadAction","target":["https:\/\/informelitoral.com.ar\/urribarri-recibira-a-sindicalistas-que-lo-ven-como-garantia-de-continuidad-del-modelo\/"]}]},{"@type":"BreadcrumbList","@id":"https:\/\/informelitoral.com.ar\/urribarri-recibira-a-sindicalistas-que-lo-ven-como-garantia-de-continuidad-del-modelo\/#breadcrumb","itemListElement":[{"@type":"ListItem","position":1,"name":"Portada","item":"https:\/\/informelitoral.com.ar\/"},{"@type":"ListItem","position":2,"name":"Urribarri recibir\u00e1 a sindicalistas que lo ven como \u00abgarant\u00eda de continuidad del modelo\u00bb"}]},{"@type":"WebSite","@id":"https:\/\/informelitoral.com.ar\/#website","url":"https:\/\/informelitoral.com.ar\/","name":"Informe Litoral","description":"&quot;Nos informamos&quot; ","publisher":{"@id":"https:\/\/informelitoral.com.ar\/#organization"},"potentialAction":[{"@type":"SearchAction","target":{"@type":"EntryPoint","urlTemplate":"https:\/\/informelitoral.com.ar\/?s={search_term_string}"},"query-input":{"@type":"PropertyValueSpecification","valueRequired":true,"valueName":"search_term_string"}}],"inLanguage":"es"},{"@type":"Organization","@id":"https:\/\/informelitoral.com.ar\/#organization","name":"Informe Litoral","url":"https:\/\/informelitoral.com.ar\/","logo":{"@type":"ImageObject","inLanguage":"es","@id":"https:\/\/informelitoral.com.ar\/#\/schema\/logo\/image\/","url":"https:\/\/informelitoral.com.ar\/%77%70%2d%63%6f%6e%74%65%6e%74\/uploads\/2021\/01\/circulo.png","contentUrl":"https:\/\/informelitoral.com.ar\/%77%70%2d%63%6f%6e%74%65%6e%74\/uploads\/2021\/01\/circulo.png","width":723,"height":731,"caption":"Informe Litoral"},"image":{"@id":"https:\/\/informelitoral.com.ar\/#\/schema\/logo\/image\/"},"sameAs":["https:\/\/www.facebook.com\/informelitoral\/","https:\/\/x.com\/InformeLitoral","https:\/\/www.instagram.com\/informelitoral\/","https:\/\/www.youtube.com\/channel\/UCua4Qvz8Icb6MYqhoq9xLXw"]},{"@type":"Person","@id":"https:\/\/informelitoral.com.ar\/#\/schema\/person\/b9d00407c836482871ef1d57bf8e3180","name":"Gonzalo Schmidt","image":{"@type":"ImageObject","inLanguage":"es","@id":"https:\/\/secure.gravatar.com\/avatar\/31a1a7b66ff2de83bd0e9fd79d026630d2d99e55e8bfe501287647b4fd9743de?s=96&d=mm&r=g","url":"https:\/\/secure.gravatar.com\/avatar\/31a1a7b66ff2de83bd0e9fd79d026630d2d99e55e8bfe501287647b4fd9743de?s=96&d=mm&r=g","contentUrl":"https:\/\/secure.gravatar.com\/avatar\/31a1a7b66ff2de83bd0e9fd79d026630d2d99e55e8bfe501287647b4fd9743de?s=96&d=mm&r=g","caption":"Gonzalo Schmidt"},"description":"Sitio web de noticias de la provincia de Entre R\u00edos, Argentina. Informaci\u00f3n y entretenimiento. Informe Litoral, nos informamos.","sameAs":["http:\/\/www.isletasnoticias.com.ar"],"url":"https:\/\/informelitoral.com.ar\/author\/gonzalo\/"}]}},"_links":{"self":[{"href":"https:\/\/informelitoral.com.ar\/%77%70%2d%6a%73%6f%6e\/wp\/v2\/posts\/6244","targetHints":{"allow":["GET"]}}],"collection":[{"href":"https:\/\/informelitoral.com.ar\/%77%70%2d%6a%73%6f%6e\/wp\/v2\/posts"}],"about":[{"href":"https:\/\/informelitoral.com.ar\/%77%70%2d%6a%73%6f%6e\/wp\/v2\/types\/post"}],"author":[{"embeddable":true,"href":"https:\/\/informelitoral.com.ar\/%77%70%2d%6a%73%6f%6e\/wp\/v2\/users\/2"}],"replies":[{"embeddable":true,"href":"https:\/\/informelitoral.com.ar\/%77%70%2d%6a%73%6f%6e\/wp\/v2\/comments?post=6244"}],"version-history":[{"count":0,"href":"https:\/\/informelitoral.com.ar\/%77%70%2d%6a%73%6f%6e\/wp\/v2\/posts\/6244\/revisions"}],"wp:attachment":[{"href":"https:\/\/informelitoral.com.ar\/%77%70%2d%6a%73%6f%6e\/wp\/v2\/media?parent=6244"}],"wp:term":[{"taxonomy":"category","embeddable":true,"href":"https:\/\/informelitoral.com.ar\/%77%70%2d%6a%73%6f%6e\/wp\/v2\/categories?post=6244"},{"taxonomy":"post_tag","embeddable":true,"href":"https:\/\/informelitoral.com.ar\/%77%70%2d%6a%73%6f%6e\/wp\/v2\/tags?post=6244"}],"curies":[{"name":"wp","href":"https:\/\/api.w.org\/{rel}","templated":true}]}}