{"id":6239,"date":"2014-03-24T15:32:57","date_gmt":"2014-03-24T18:32:57","guid":{"rendered":"http:\/\/www.isletasnoticias.com.ar\/?p=6239"},"modified":"2014-03-24T15:42:29","modified_gmt":"2014-03-24T18:42:29","slug":"fiscal-no-descarta-que-la-contratacion-de-barreiro-haya-sido-direccionada","status":"publish","type":"post","link":"https:\/\/informelitoral.com.ar\/fiscal-no-descarta-que-la-contratacion-de-barreiro-haya-sido-direccionada\/","title":{"rendered":"Fiscal no descarta que la contrataci\u00f3n de Barreiro haya sido \u2018direccionada\u2019"},"content":{"rendered":"<section><strong>El fiscal <em>Francisco Ram\u00edrez Montrull<\/em>, que imput\u00f3 al ex jardinero K y funcionario provincial, asegura que otro plano de la investigaci\u00f3n ser\u00eda indagar si la licitaci\u00f3n fue \u201cdireccionada\u201d por el poder pol\u00edtico. Si esto se constata otros funcionarios podr\u00edan ser llamados a indagatoria. No obstante, primero se debe probar que el coordinador del CEICER ocult\u00f3 su cargo para hacer un negocio con el Estado.<\/strong><\/p>\n<p style=\"text-align: center;\"><a href=\"http:\/\/www.isletasnoticias.com.ar\/%77%70%2d%63%6f%6e%74%65%6e%74\/uploads\/2014\/03\/o_1351232091.jpg\"><img loading=\"lazy\" decoding=\"async\" class=\"aligncenter  wp-image-6240\" title=\"Fiscal Francisco Ram\u00edrez Montrull.\" alt=\"o_1351232091\" src=\"http:\/\/www.isletasnoticias.com.ar\/%77%70%2d%63%6f%6e%74%65%6e%74\/uploads\/2014\/03\/o_1351232091-300x168.jpg\" width=\"500\" height=\"300\" \/><\/a><\/p>\n<p>La imputaci\u00f3n en Entre R\u00edos del ex jardinero de los Kirchner y quien colecciona cargos en el Estado,<strong> Ricardo Barreiro<\/strong>, le suma m\u00e1s dolores de cabeza a la gesti\u00f3n del gobernador <strong>Sergio Urribarri.<\/strong><\/p>\n<p>A Barreiro se lo acusa de falsificar un documento para ocultar que tiene un cargo en un \u00e1rea que depende del Ministerio de Cultura y Comunicaci\u00f3n, de <strong>Pedro B\u00e1ez,<\/strong> y as\u00ed poder presentarse como proveedor del Estado.<\/p>\n<figure><img loading=\"lazy\" decoding=\"async\" title=\"Fotomontaje: Planilla del Registro de Proveedores. Urribarri y Mars\u00f3 (izq.), Barreiro (centro), y B\u00e1ez (der.)\" alt=\"\" src=\"https:\/\/d262ilb51hltx0.cloudfront.net\/max\/800\/1*p6JZ_1FVwSE6D8zpXrYpCA.jpeg\" width=\"640\" height=\"360\" data-width=\"640\" data-height=\"360\" \/><figcaption> <\/figcaption><\/figure>\n<p>El coordinador de Relaciones Institucionales del Centro Experimental de Industrias Culturales de Entre R\u00edos (CEICER), el cargo al que fue designado por decreto por el gobernador <strong>Sergio Urribarri<\/strong> y el ministro<strong> B\u00e1ez<\/strong>, le cobr\u00f3 al Estado provincial en diciembre 2012, 220 mil pesos por un servicio de transporte de su empresa. La maniobra no es nueva en el mundo de la pol\u00edtica: negocios privados de un funcionario p\u00fablico. No hace falta aclararlo, es incompatible.<\/p>\n<p>En Entre R\u00edos no existe ley de \u00e9tica p\u00fablica, que ponga fin a los negocios incompatibles. Cuando un empresario se inscribe en el Registro de Proveedores del Estado y participa de una licitaci\u00f3n debe firmar una declaraci\u00f3n jurada ante la Direcci\u00f3n General de Contrataciones asegurando que ninguno de los integrantes de la firma se desempe\u00f1a como funcionario o empleado de la administraci\u00f3n p\u00fablica. Barreiro habr\u00eda omitido su cargo en el CEICER para poder brindar un servicio con su empresa RP Transporte SA.<\/p>\n<p><strong>La palabra del fiscal<\/strong><\/p>\n<p><em>R\u00edo Bravo<\/em> dialog\u00f3 con el fiscal<strong> Juan Francisco Ram\u00edrez Montrull<\/strong>, que imput\u00f3 a Barreiro, luego de que fuera denunciado el a\u00f1o pasado por el abogado<strong> Guillermo Mulet.<\/strong><\/p>\n<p>\u201cEl tema es la existencia de una licitaci\u00f3n del Estado a favor de \u00e9l \u2013Barreiro- como proveedor, y est\u00e1 el impedimento de que una persona no puede ser que se desempe\u00f1e en el mismo Estado. Y esto es lo que pas\u00f3\u201d, explica el fiscal Montrull.<\/p>\n<p>En ese marco, el funcionario judicial reitera que \u201cel delito de Barreiro consiste en haber falseado la declaraci\u00f3n jurada que dec\u00eda que no pertenec\u00eda al Estado provincial. Esa declaraci\u00f3n jurada que present\u00f3 en el Registro de Contrataciones es falso, y eso es lo que se le imputa\u201d.<\/p>\n<p>\u00bfHubo connivencia con el poder pol\u00edtico de Entre R\u00edos? Esa es otra de las preguntas que puede emerger, en un futuro no lejano, si la causa judicial contra Barreiro avanza en la pesquisa para desmara\u00f1ar la trama que habr\u00eda llevado al ex jardinero de los Kirchner y funcionario provincial a mentir en una declaraci\u00f3n jurada para as\u00ed dar un servicio al Estado \u2013que dio- con su empresa de transporte.<\/p>\n<p>El fiscal Montrull, como todo funcionario judicial, mide sus palabras al referirse a esa posible l\u00ednea de investigaci\u00f3n que puede desarrollarse si la justicia re\u00fane la documentaci\u00f3n necesaria para poder llamar a declarar a otros funcionarios p\u00fablicos.<\/p>\n<figure><img loading=\"lazy\" decoding=\"async\" class=\"aligncenter\" alt=\"\" src=\"https:\/\/d262ilb51hltx0.cloudfront.net\/max\/960\/1*dsb66DaAAwsgdE-xLpFr2A.jpeg\" width=\"500\" height=\"300\" data-width=\"960\" data-height=\"640\" data-action=\"zoom\" data-action-value=\"1*dsb66DaAAwsgdE-xLpFr2A.jpeg\" \/><\/figure>\n<figure>El caso que m\u00e1s llama la atenci\u00f3n de la prensa es el del ministro de Turismo de Entre R\u00edos,<strong> Hugo Mars\u00f3,<\/strong> quien el a\u00f1o pasado formul\u00f3 declaraciones period\u00edsticas por dem\u00e1s comprometedoras, para \u00e9l y Barreiro.<\/figure>\n<figure>\u2014El ministro de Turismo de Entre R\u00edos, Hugo Mars\u00f3, en declaraciones period\u00edsticas el a\u00f1o pasado habl\u00f3 de que se lo contrat\u00f3 para viajar a Tecn\u00f3polis. Cuando lo dijo ya se conoc\u00eda que Barreiro ten\u00eda un cargo en la provincia \u00bfEn esta causa podr\u00edan ser llamados a declarar algunos funcionarios<\/figure>\n<figure>\u2014S\u00ed, podr\u00eda ser. Al haber falseado la declaraci\u00f3n jurada habr\u00eda incurrido en un error el funcionario provincial \u2013se refiere a Barreiro- para tomar la licitaci\u00f3n. Nosotros presumimos eso, pero no dejamos de ver la posibilidad de que esto no haya sido as\u00ed, sino que haya sido direccionada esta licitaci\u00f3n. Esto ser\u00eda en otro plano de investigaci\u00f3n.<\/figure>\n<p>Seguidamente, Montrull aclara que en primera instancia la justicia debe determinar si la firma en la declaraci\u00f3n jurada pertenece a Barreiro, mediante pericia caligr\u00e1fica. \u201cDespu\u00e9s veremos si surge y tenemos indicios de que esto no fue s\u00f3lo cuesti\u00f3n de esta persona que false\u00f3 su declaraci\u00f3n jurada, sino que hay una connivencia de alg\u00fan funcionario. Eso ser\u00e1 materia de investigaci\u00f3n\u201d, puntualiza.<\/p>\n<p><strong>Apuntes<\/strong><\/p>\n<p>Hace menos de un mes, Barreiro, que tiene un cargo en Entre R\u00edos pero que vive en El Calafate a m\u00e1s de 3.000 kil\u00f3metros de Paran\u00e1, fue notificado que fue imputado en la provincia. El Ministerio P\u00fablico Fiscal lo acus\u00f3 de falsificaci\u00f3n ideol\u00f3gica -que prev\u00e9 una pena de entre uno y seis a\u00f1os de prisi\u00f3n- y eso implica que est\u00e1 instada la acci\u00f3n penal y se solicit\u00f3 que se le haga indagatoria. El juez del Juzgado de Instrucci\u00f3n N\u00famero 7, a cargo de Elvio Garz\u00f3n hizo lugar al requerimiento y podr\u00eda citar a Barreiro para que comparezca. La fiscal\u00eda pidi\u00f3 que se realice una pericia caligr\u00e1fica a los documentos del Registro de Contrataciones presuntamente firmados por el ex jardinero presidencial.<\/p>\n<p>Fuente: <em>R\u00edo Bravo<\/em><\/p>\n<\/section>\n","protected":false},"excerpt":{"rendered":"<p>El fiscal Francisco Ram&iacute;rez Montrull, que imput&oacute; al ex jardinero K y funcionario provincial, asegura que otro plano de la investigaci&oacute;n ser&iacute;a indagar si la licitaci&oacute;n fue &ldquo;direccionada&rdquo; por el poder pol&iacute;tico. Si esto se constata otros funcionarios podr&iacute;an ser llamados a indagatoria. No obstante, primero se debe probar que el coordinador del CEICER ocult&oacute; [&hellip;]<\/p>\n","protected":false},"author":2,"featured_media":0,"comment_status":"open","ping_status":"open","sticky":false,"template":"","format":"standard","meta":{"fifu_image_url":"","fifu_image_alt":"","footnotes":""},"categories":[6,16],"tags":[],"class_list":{"0":"post-6239","1":"post","2":"type-post","3":"status-publish","4":"format-standard","6":"category-entre-rios","7":"category-politi"},"yoast_head":"<title>Fiscal no descarta que la contrataci\u00f3n de Barreiro haya sido \u2018direccionada\u2019  - Informe Litoral<\/title>\n<meta name=\"robots\" content=\"index, follow, max-snippet:-1, max-image-preview:large, max-video-preview:-1\" \/>\n<link rel=\"canonical\" href=\"https:\/\/informelitoral.com.ar\/fiscal-no-descarta-que-la-contratacion-de-barreiro-haya-sido-direccionada\/\" \/>\n<meta property=\"og:locale\" content=\"es_ES\" \/>\n<meta property=\"og:type\" content=\"article\" \/>\n<meta property=\"og:title\" content=\"Fiscal no descarta que la contrataci\u00f3n de Barreiro haya sido \u2018direccionada\u2019  - Informe Litoral\" \/>\n<meta property=\"og:description\" content=\"El fiscal Francisco Ram&iacute;rez Montrull, que imput&oacute; al ex jardinero K y funcionario provincial, asegura que otro plano de la investigaci&oacute;n ser&iacute;a indagar si la licitaci&oacute;n fue &ldquo;direccionada&rdquo; por el poder pol&iacute;tico. Si esto se constata otros funcionarios podr&iacute;an ser llamados a indagatoria. No obstante, primero se debe probar que el coordinador del CEICER ocult&oacute; [&hellip;]\" \/>\n<meta property=\"og:url\" content=\"https:\/\/informelitoral.com.ar\/fiscal-no-descarta-que-la-contratacion-de-barreiro-haya-sido-direccionada\/\" \/>\n<meta property=\"og:site_name\" content=\"Informe Litoral\" \/>\n<meta property=\"article:publisher\" content=\"https:\/\/www.facebook.com\/informelitoral\/\" \/>\n<meta property=\"article:published_time\" content=\"2014-03-24T18:32:57+00:00\" \/>\n<meta property=\"article:modified_time\" content=\"2014-03-24T18:42:29+00:00\" \/>\n<meta property=\"og:image\" content=\"https:\/\/informelitoral.com.ar\/%77%70%2d%63%6f%6e%74%65%6e%74\/uploads\/2014\/03\/o_1351232091.jpg\" \/>\n\t<meta property=\"og:image:width\" content=\"640\" \/>\n\t<meta property=\"og:image:height\" content=\"360\" \/>\n\t<meta property=\"og:image:type\" content=\"image\/jpeg\" \/>\n<meta name=\"author\" content=\"Gonzalo Schmidt\" \/>\n<meta name=\"twitter:card\" content=\"summary_large_image\" \/>\n<meta name=\"twitter:creator\" content=\"@InformeLitoral\" \/>\n<meta name=\"twitter:site\" content=\"@InformeLitoral\" \/>\n<meta name=\"twitter:label1\" content=\"Escrito por\" \/>\n\t<meta name=\"twitter:data1\" content=\"Gonzalo Schmidt\" \/>\n\t<meta name=\"twitter:label2\" content=\"Tiempo de lectura\" \/>\n\t<meta name=\"twitter:data2\" content=\"5 minutos\" \/>\n<script type=\"application\/ld+json\" class=\"yoast-schema-graph\">{\"@context\":\"https:\\\/\\\/schema.org\",\"@graph\":[{\"@type\":\"Article\",\"@id\":\"https:\\\/\\\/informelitoral.com.ar\\\/fiscal-no-descarta-que-la-contratacion-de-barreiro-haya-sido-direccionada\\\/#article\",\"isPartOf\":{\"@id\":\"https:\\\/\\\/informelitoral.com.ar\\\/fiscal-no-descarta-que-la-contratacion-de-barreiro-haya-sido-direccionada\\\/\"},\"author\":{\"name\":\"Gonzalo Schmidt\",\"@id\":\"https:\\\/\\\/informelitoral.com.ar\\\/#\\\/schema\\\/person\\\/b9d00407c836482871ef1d57bf8e3180\"},\"headline\":\"Fiscal no descarta que la contrataci\u00f3n de Barreiro haya sido \u2018direccionada\u2019\",\"datePublished\":\"2014-03-24T18:32:57+00:00\",\"dateModified\":\"2014-03-24T18:42:29+00:00\",\"mainEntityOfPage\":{\"@id\":\"https:\\\/\\\/informelitoral.com.ar\\\/fiscal-no-descarta-que-la-contratacion-de-barreiro-haya-sido-direccionada\\\/\"},\"wordCount\":939,\"commentCount\":0,\"publisher\":{\"@id\":\"https:\\\/\\\/informelitoral.com.ar\\\/#organization\"},\"image\":{\"@id\":\"https:\\\/\\\/informelitoral.com.ar\\\/fiscal-no-descarta-que-la-contratacion-de-barreiro-haya-sido-direccionada\\\/#primaryimage\"},\"thumbnailUrl\":\"http:\\\/\\\/www.isletasnoticias.com.ar\\\/%77%70%2d%63%6f%6e%74%65%6e%74\\\/uploads\\\/2014\\\/03\\\/o_1351232091-300x168.jpg\",\"articleSection\":[\"Entre R\u00edos\",\"Politica\"],\"inLanguage\":\"es\",\"potentialAction\":[{\"@type\":\"CommentAction\",\"name\":\"Comment\",\"target\":[\"https:\\\/\\\/informelitoral.com.ar\\\/fiscal-no-descarta-que-la-contratacion-de-barreiro-haya-sido-direccionada\\\/#respond\"]}]},{\"@type\":\"WebPage\",\"@id\":\"https:\\\/\\\/informelitoral.com.ar\\\/fiscal-no-descarta-que-la-contratacion-de-barreiro-haya-sido-direccionada\\\/\",\"url\":\"https:\\\/\\\/informelitoral.com.ar\\\/fiscal-no-descarta-que-la-contratacion-de-barreiro-haya-sido-direccionada\\\/\",\"name\":\"Fiscal no descarta que la contrataci\u00f3n de Barreiro haya sido \u2018direccionada\u2019 - Informe Litoral\",\"isPartOf\":{\"@id\":\"https:\\\/\\\/informelitoral.com.ar\\\/#website\"},\"primaryImageOfPage\":{\"@id\":\"https:\\\/\\\/informelitoral.com.ar\\\/fiscal-no-descarta-que-la-contratacion-de-barreiro-haya-sido-direccionada\\\/#primaryimage\"},\"image\":{\"@id\":\"https:\\\/\\\/informelitoral.com.ar\\\/fiscal-no-descarta-que-la-contratacion-de-barreiro-haya-sido-direccionada\\\/#primaryimage\"},\"thumbnailUrl\":\"http:\\\/\\\/www.isletasnoticias.com.ar\\\/%77%70%2d%63%6f%6e%74%65%6e%74\\\/uploads\\\/2014\\\/03\\\/o_1351232091-300x168.jpg\",\"datePublished\":\"2014-03-24T18:32:57+00:00\",\"dateModified\":\"2014-03-24T18:42:29+00:00\",\"breadcrumb\":{\"@id\":\"https:\\\/\\\/informelitoral.com.ar\\\/fiscal-no-descarta-que-la-contratacion-de-barreiro-haya-sido-direccionada\\\/#breadcrumb\"},\"inLanguage\":\"es\",\"potentialAction\":[{\"@type\":\"ReadAction\",\"target\":[\"https:\\\/\\\/informelitoral.com.ar\\\/fiscal-no-descarta-que-la-contratacion-de-barreiro-haya-sido-direccionada\\\/\"]}]},{\"@type\":\"ImageObject\",\"inLanguage\":\"es\",\"@id\":\"https:\\\/\\\/informelitoral.com.ar\\\/fiscal-no-descarta-que-la-contratacion-de-barreiro-haya-sido-direccionada\\\/#primaryimage\",\"url\":\"http:\\\/\\\/www.isletasnoticias.com.ar\\\/%77%70%2d%63%6f%6e%74%65%6e%74\\\/uploads\\\/2014\\\/03\\\/o_1351232091-300x168.jpg\",\"contentUrl\":\"http:\\\/\\\/www.isletasnoticias.com.ar\\\/%77%70%2d%63%6f%6e%74%65%6e%74\\\/uploads\\\/2014\\\/03\\\/o_1351232091-300x168.jpg\"},{\"@type\":\"BreadcrumbList\",\"@id\":\"https:\\\/\\\/informelitoral.com.ar\\\/fiscal-no-descarta-que-la-contratacion-de-barreiro-haya-sido-direccionada\\\/#breadcrumb\",\"itemListElement\":[{\"@type\":\"ListItem\",\"position\":1,\"name\":\"Portada\",\"item\":\"https:\\\/\\\/informelitoral.com.ar\\\/\"},{\"@type\":\"ListItem\",\"position\":2,\"name\":\"Fiscal no descarta que la contrataci\u00f3n de Barreiro haya sido \u2018direccionada\u2019\"}]},{\"@type\":\"WebSite\",\"@id\":\"https:\\\/\\\/informelitoral.com.ar\\\/#website\",\"url\":\"https:\\\/\\\/informelitoral.com.ar\\\/\",\"name\":\"Informe Litoral\",\"description\":\"&quot;Nos informamos&quot; \",\"publisher\":{\"@id\":\"https:\\\/\\\/informelitoral.com.ar\\\/#organization\"},\"potentialAction\":[{\"@type\":\"SearchAction\",\"target\":{\"@type\":\"EntryPoint\",\"urlTemplate\":\"https:\\\/\\\/informelitoral.com.ar\\\/?s={search_term_string}\"},\"query-input\":{\"@type\":\"PropertyValueSpecification\",\"valueRequired\":true,\"valueName\":\"search_term_string\"}}],\"inLanguage\":\"es\"},{\"@type\":\"Organization\",\"@id\":\"https:\\\/\\\/informelitoral.com.ar\\\/#organization\",\"name\":\"Informe Litoral\",\"url\":\"https:\\\/\\\/informelitoral.com.ar\\\/\",\"logo\":{\"@type\":\"ImageObject\",\"inLanguage\":\"es\",\"@id\":\"https:\\\/\\\/informelitoral.com.ar\\\/#\\\/schema\\\/logo\\\/image\\\/\",\"url\":\"https:\\\/\\\/informelitoral.com.ar\\\/%77%70%2d%63%6f%6e%74%65%6e%74\\\/uploads\\\/2021\\\/01\\\/circulo.png\",\"contentUrl\":\"https:\\\/\\\/informelitoral.com.ar\\\/%77%70%2d%63%6f%6e%74%65%6e%74\\\/uploads\\\/2021\\\/01\\\/circulo.png\",\"width\":723,\"height\":731,\"caption\":\"Informe Litoral\"},\"image\":{\"@id\":\"https:\\\/\\\/informelitoral.com.ar\\\/#\\\/schema\\\/logo\\\/image\\\/\"},\"sameAs\":[\"https:\\\/\\\/www.facebook.com\\\/informelitoral\\\/\",\"https:\\\/\\\/x.com\\\/InformeLitoral\",\"https:\\\/\\\/www.instagram.com\\\/informelitoral\\\/\",\"https:\\\/\\\/www.youtube.com\\\/channel\\\/UCua4Qvz8Icb6MYqhoq9xLXw\"]},{\"@type\":\"Person\",\"@id\":\"https:\\\/\\\/informelitoral.com.ar\\\/#\\\/schema\\\/person\\\/b9d00407c836482871ef1d57bf8e3180\",\"name\":\"Gonzalo Schmidt\",\"image\":{\"@type\":\"ImageObject\",\"inLanguage\":\"es\",\"@id\":\"https:\\\/\\\/secure.gravatar.com\\\/avatar\\\/31a1a7b66ff2de83bd0e9fd79d026630d2d99e55e8bfe501287647b4fd9743de?s=96&d=mm&r=g\",\"url\":\"https:\\\/\\\/secure.gravatar.com\\\/avatar\\\/31a1a7b66ff2de83bd0e9fd79d026630d2d99e55e8bfe501287647b4fd9743de?s=96&d=mm&r=g\",\"contentUrl\":\"https:\\\/\\\/secure.gravatar.com\\\/avatar\\\/31a1a7b66ff2de83bd0e9fd79d026630d2d99e55e8bfe501287647b4fd9743de?s=96&d=mm&r=g\",\"caption\":\"Gonzalo Schmidt\"},\"description\":\"Sitio web de noticias de la provincia de Entre R\u00edos, Argentina. Informaci\u00f3n y entretenimiento. Informe Litoral, nos informamos.\",\"sameAs\":[\"http:\\\/\\\/www.isletasnoticias.com.ar\"],\"url\":\"https:\\\/\\\/informelitoral.com.ar\\\/author\\\/gonzalo\\\/\"}]}<\/script>","yoast_head_json":{"title":"Fiscal no descarta que la contrataci\u00f3n de Barreiro haya sido \u2018direccionada\u2019  - Informe Litoral","robots":{"index":"index","follow":"follow","max-snippet":"max-snippet:-1","max-image-preview":"max-image-preview:large","max-video-preview":"max-video-preview:-1"},"canonical":"https:\/\/informelitoral.com.ar\/fiscal-no-descarta-que-la-contratacion-de-barreiro-haya-sido-direccionada\/","og_locale":"es_ES","og_type":"article","og_title":"Fiscal no descarta que la contrataci\u00f3n de Barreiro haya sido \u2018direccionada\u2019  - Informe Litoral","og_description":"El fiscal Francisco Ram&iacute;rez Montrull, que imput&oacute; al ex jardinero K y funcionario provincial, asegura que otro plano de la investigaci&oacute;n ser&iacute;a indagar si la licitaci&oacute;n fue &ldquo;direccionada&rdquo; por el poder pol&iacute;tico. Si esto se constata otros funcionarios podr&iacute;an ser llamados a indagatoria. No obstante, primero se debe probar que el coordinador del CEICER ocult&oacute; [&hellip;]","og_url":"https:\/\/informelitoral.com.ar\/fiscal-no-descarta-que-la-contratacion-de-barreiro-haya-sido-direccionada\/","og_site_name":"Informe Litoral","article_publisher":"https:\/\/www.facebook.com\/informelitoral\/","article_published_time":"2014-03-24T18:32:57+00:00","article_modified_time":"2014-03-24T18:42:29+00:00","og_image":[{"width":640,"height":360,"url":"https:\/\/informelitoral.com.ar\/%77%70%2d%63%6f%6e%74%65%6e%74\/uploads\/2014\/03\/o_1351232091.jpg","type":"image\/jpeg"}],"author":"Gonzalo Schmidt","twitter_card":"summary_large_image","twitter_creator":"@InformeLitoral","twitter_site":"@InformeLitoral","twitter_misc":{"Escrito por":"Gonzalo Schmidt","Tiempo de lectura":"5 minutos"},"schema":{"@context":"https:\/\/schema.org","@graph":[{"@type":"Article","@id":"https:\/\/informelitoral.com.ar\/fiscal-no-descarta-que-la-contratacion-de-barreiro-haya-sido-direccionada\/#article","isPartOf":{"@id":"https:\/\/informelitoral.com.ar\/fiscal-no-descarta-que-la-contratacion-de-barreiro-haya-sido-direccionada\/"},"author":{"name":"Gonzalo Schmidt","@id":"https:\/\/informelitoral.com.ar\/#\/schema\/person\/b9d00407c836482871ef1d57bf8e3180"},"headline":"Fiscal no descarta que la contrataci\u00f3n de Barreiro haya sido \u2018direccionada\u2019","datePublished":"2014-03-24T18:32:57+00:00","dateModified":"2014-03-24T18:42:29+00:00","mainEntityOfPage":{"@id":"https:\/\/informelitoral.com.ar\/fiscal-no-descarta-que-la-contratacion-de-barreiro-haya-sido-direccionada\/"},"wordCount":939,"commentCount":0,"publisher":{"@id":"https:\/\/informelitoral.com.ar\/#organization"},"image":{"@id":"https:\/\/informelitoral.com.ar\/fiscal-no-descarta-que-la-contratacion-de-barreiro-haya-sido-direccionada\/#primaryimage"},"thumbnailUrl":"http:\/\/www.isletasnoticias.com.ar\/%77%70%2d%63%6f%6e%74%65%6e%74\/uploads\/2014\/03\/o_1351232091-300x168.jpg","articleSection":["Entre R\u00edos","Politica"],"inLanguage":"es","potentialAction":[{"@type":"CommentAction","name":"Comment","target":["https:\/\/informelitoral.com.ar\/fiscal-no-descarta-que-la-contratacion-de-barreiro-haya-sido-direccionada\/#respond"]}]},{"@type":"WebPage","@id":"https:\/\/informelitoral.com.ar\/fiscal-no-descarta-que-la-contratacion-de-barreiro-haya-sido-direccionada\/","url":"https:\/\/informelitoral.com.ar\/fiscal-no-descarta-que-la-contratacion-de-barreiro-haya-sido-direccionada\/","name":"Fiscal no descarta que la contrataci\u00f3n de Barreiro haya sido \u2018direccionada\u2019 - Informe Litoral","isPartOf":{"@id":"https:\/\/informelitoral.com.ar\/#website"},"primaryImageOfPage":{"@id":"https:\/\/informelitoral.com.ar\/fiscal-no-descarta-que-la-contratacion-de-barreiro-haya-sido-direccionada\/#primaryimage"},"image":{"@id":"https:\/\/informelitoral.com.ar\/fiscal-no-descarta-que-la-contratacion-de-barreiro-haya-sido-direccionada\/#primaryimage"},"thumbnailUrl":"http:\/\/www.isletasnoticias.com.ar\/%77%70%2d%63%6f%6e%74%65%6e%74\/uploads\/2014\/03\/o_1351232091-300x168.jpg","datePublished":"2014-03-24T18:32:57+00:00","dateModified":"2014-03-24T18:42:29+00:00","breadcrumb":{"@id":"https:\/\/informelitoral.com.ar\/fiscal-no-descarta-que-la-contratacion-de-barreiro-haya-sido-direccionada\/#breadcrumb"},"inLanguage":"es","potentialAction":[{"@type":"ReadAction","target":["https:\/\/informelitoral.com.ar\/fiscal-no-descarta-que-la-contratacion-de-barreiro-haya-sido-direccionada\/"]}]},{"@type":"ImageObject","inLanguage":"es","@id":"https:\/\/informelitoral.com.ar\/fiscal-no-descarta-que-la-contratacion-de-barreiro-haya-sido-direccionada\/#primaryimage","url":"http:\/\/www.isletasnoticias.com.ar\/%77%70%2d%63%6f%6e%74%65%6e%74\/uploads\/2014\/03\/o_1351232091-300x168.jpg","contentUrl":"http:\/\/www.isletasnoticias.com.ar\/%77%70%2d%63%6f%6e%74%65%6e%74\/uploads\/2014\/03\/o_1351232091-300x168.jpg"},{"@type":"BreadcrumbList","@id":"https:\/\/informelitoral.com.ar\/fiscal-no-descarta-que-la-contratacion-de-barreiro-haya-sido-direccionada\/#breadcrumb","itemListElement":[{"@type":"ListItem","position":1,"name":"Portada","item":"https:\/\/informelitoral.com.ar\/"},{"@type":"ListItem","position":2,"name":"Fiscal no descarta que la contrataci\u00f3n de Barreiro haya sido \u2018direccionada\u2019"}]},{"@type":"WebSite","@id":"https:\/\/informelitoral.com.ar\/#website","url":"https:\/\/informelitoral.com.ar\/","name":"Informe Litoral","description":"&quot;Nos informamos&quot; ","publisher":{"@id":"https:\/\/informelitoral.com.ar\/#organization"},"potentialAction":[{"@type":"SearchAction","target":{"@type":"EntryPoint","urlTemplate":"https:\/\/informelitoral.com.ar\/?s={search_term_string}"},"query-input":{"@type":"PropertyValueSpecification","valueRequired":true,"valueName":"search_term_string"}}],"inLanguage":"es"},{"@type":"Organization","@id":"https:\/\/informelitoral.com.ar\/#organization","name":"Informe Litoral","url":"https:\/\/informelitoral.com.ar\/","logo":{"@type":"ImageObject","inLanguage":"es","@id":"https:\/\/informelitoral.com.ar\/#\/schema\/logo\/image\/","url":"https:\/\/informelitoral.com.ar\/%77%70%2d%63%6f%6e%74%65%6e%74\/uploads\/2021\/01\/circulo.png","contentUrl":"https:\/\/informelitoral.com.ar\/%77%70%2d%63%6f%6e%74%65%6e%74\/uploads\/2021\/01\/circulo.png","width":723,"height":731,"caption":"Informe Litoral"},"image":{"@id":"https:\/\/informelitoral.com.ar\/#\/schema\/logo\/image\/"},"sameAs":["https:\/\/www.facebook.com\/informelitoral\/","https:\/\/x.com\/InformeLitoral","https:\/\/www.instagram.com\/informelitoral\/","https:\/\/www.youtube.com\/channel\/UCua4Qvz8Icb6MYqhoq9xLXw"]},{"@type":"Person","@id":"https:\/\/informelitoral.com.ar\/#\/schema\/person\/b9d00407c836482871ef1d57bf8e3180","name":"Gonzalo Schmidt","image":{"@type":"ImageObject","inLanguage":"es","@id":"https:\/\/secure.gravatar.com\/avatar\/31a1a7b66ff2de83bd0e9fd79d026630d2d99e55e8bfe501287647b4fd9743de?s=96&d=mm&r=g","url":"https:\/\/secure.gravatar.com\/avatar\/31a1a7b66ff2de83bd0e9fd79d026630d2d99e55e8bfe501287647b4fd9743de?s=96&d=mm&r=g","contentUrl":"https:\/\/secure.gravatar.com\/avatar\/31a1a7b66ff2de83bd0e9fd79d026630d2d99e55e8bfe501287647b4fd9743de?s=96&d=mm&r=g","caption":"Gonzalo Schmidt"},"description":"Sitio web de noticias de la provincia de Entre R\u00edos, Argentina. Informaci\u00f3n y entretenimiento. Informe Litoral, nos informamos.","sameAs":["http:\/\/www.isletasnoticias.com.ar"],"url":"https:\/\/informelitoral.com.ar\/author\/gonzalo\/"}]}},"_links":{"self":[{"href":"https:\/\/informelitoral.com.ar\/%77%70%2d%6a%73%6f%6e\/wp\/v2\/posts\/6239","targetHints":{"allow":["GET"]}}],"collection":[{"href":"https:\/\/informelitoral.com.ar\/%77%70%2d%6a%73%6f%6e\/wp\/v2\/posts"}],"about":[{"href":"https:\/\/informelitoral.com.ar\/%77%70%2d%6a%73%6f%6e\/wp\/v2\/types\/post"}],"author":[{"embeddable":true,"href":"https:\/\/informelitoral.com.ar\/%77%70%2d%6a%73%6f%6e\/wp\/v2\/users\/2"}],"replies":[{"embeddable":true,"href":"https:\/\/informelitoral.com.ar\/%77%70%2d%6a%73%6f%6e\/wp\/v2\/comments?post=6239"}],"version-history":[{"count":0,"href":"https:\/\/informelitoral.com.ar\/%77%70%2d%6a%73%6f%6e\/wp\/v2\/posts\/6239\/revisions"}],"wp:attachment":[{"href":"https:\/\/informelitoral.com.ar\/%77%70%2d%6a%73%6f%6e\/wp\/v2\/media?parent=6239"}],"wp:term":[{"taxonomy":"category","embeddable":true,"href":"https:\/\/informelitoral.com.ar\/%77%70%2d%6a%73%6f%6e\/wp\/v2\/categories?post=6239"},{"taxonomy":"post_tag","embeddable":true,"href":"https:\/\/informelitoral.com.ar\/%77%70%2d%6a%73%6f%6e\/wp\/v2\/tags?post=6239"}],"curies":[{"name":"wp","href":"https:\/\/api.w.org\/{rel}","templated":true}]}}