{"id":6234,"date":"2014-03-24T15:04:11","date_gmt":"2014-03-24T18:04:11","guid":{"rendered":"http:\/\/www.isletasnoticias.com.ar\/?p=6234"},"modified":"2014-03-24T15:10:27","modified_gmt":"2014-03-24T18:10:27","slug":"oficial-el-avion-de-malasia-se-estrello-en-el-sur-del-oceano-indico-y-no-hay-sobrevivientes","status":"publish","type":"post","link":"https:\/\/informelitoral.com.ar\/oficial-el-avion-de-malasia-se-estrello-en-el-sur-del-oceano-indico-y-no-hay-sobrevivientes\/","title":{"rendered":"Oficial: el avi\u00f3n de Malasia se estrell\u00f3 en el sur del Oc\u00e9ano \u00cdndico y no hay sobrevivientes"},"content":{"rendered":"<header>\n<p style=\"text-align: left;\"><strong>El primer ministro asegur\u00f3 que as\u00ed surge de las \u00faltimas im\u00e1genes satelitales analizadas por investigadores brit\u00e1nicos. La aerol\u00ednea le comunici\u00f3 a los familiares de los pasajeros que \u00abninguna de las personas que iban a bordo sobrevivi\u00f3\u00bb.<a href=\"http:\/\/www.isletasnoticias.com.ar\/%77%70%2d%63%6f%6e%74%65%6e%74\/uploads\/2014\/03\/12.jpg\"><img loading=\"lazy\" decoding=\"async\" class=\"aligncenter  wp-image-6235\" title=\"El primer ministro de Malasia anunci\u00f3 en conferencia de prensa que el avi\u00f3n cay\u00f3 en el Oc\u00e9ano \u00cdndico\" alt=\"1\" src=\"http:\/\/www.isletasnoticias.com.ar\/%77%70%2d%63%6f%6e%74%65%6e%74\/uploads\/2014\/03\/12-300x168.jpg\" width=\"500\" height=\"300\" \/><\/a><\/strong><\/p>\n<p>Se termin\u00f3 el misterio. El primer ministro de Malasia, <strong>Mohd Najib Tun Razak<\/strong>, confirm\u00f3 que el vuelo MH370 se estrell\u00f3 en el sur del Oc\u00e9ano \u00cdndico y no hay sobrevivientes. As\u00ed finalizan m\u00e1s de dos semanas de b\u00fasqueda en las que no se conoc\u00eda qu\u00e9 hab\u00eda sucedido con el vuelo de<em> Malaysia Airlines<\/em> que parti\u00f3 el 8 de marzo desde Kuala Lumpur rumbo a China con 239 pasajeros a bordo.<\/p>\n<p>\u00abUna compa\u00f1\u00eda inglesa que trabaja para la compa\u00f1\u00eda a\u00e9rea realiz\u00f3 c\u00e1lculos satelitales con t\u00e9cnicas que no se hab\u00edan utilizado antes y podemos concluir que el MH370 se estrell\u00f3 en el Oc\u00e9ano \u00cdndico Sur\u00bb, declar\u00f3 el primer ministro.<\/p>\n<p>Los nuevos informes fueron realizados en base a las im\u00e1genes captadas recientemente por los equipos de b\u00fasqueda que trabajaban en Australia. De hecho, este lunes, un P3 Orion de su fuerza a\u00e9rea hab\u00eda localizado dos objetos con colores que podr\u00edan coincidir con ciertos aspectos del fuselaje del avi\u00f3n que era buscado.<\/p>\n<p>Estos objetos se avistaron 2.500 kil\u00f3metros al oeste de Perth. Uno es rectangular, naranja, y el otro es verde o gris, de acuerdo a la informaci\u00f3n oficial suministrada por la Autoridad de Seguridad Mar\u00edtima Australiana (AMSA, en sus siglas inglesas). Otros objetos hab\u00edan sido vistos horas antes por un avi\u00f3n chino. Tambi\u00e9n participan de las tareas aviones de la Marina de los Estados Unidos.<\/p>\n<div><\/div>\n<div>\n<div id=\"1728887-Grande-789284502_wrap\">\n<div id=\"1728887-Grande-789284502_content\"><img decoding=\"async\" id=\"1728887-Grande-789284502_embed\" alt=\"\" src=\"http:\/\/cdn01.ib.infobae.com\/adjuntos\/162\/imagenes\/010\/764\/0010764542.jpg?0000-00-00-00-00-00\" \/><\/div>\n<div id=\"1728887-Grande-789284502_epigrafe\"><\/div>\n<\/div>\n<\/div>\n<div>\n<p>La desaparici\u00f3n del avi\u00f3n de<em> Malaysia Airlines<\/em> desorient\u00f3 a los investigadores, que ante la falta de evidencias llegaron a analizar la pista del atentado terrorista. Incluso hubo rumores que indicaban que hab\u00eda pasajeros que hab\u00edan viajado con documentaci\u00f3n ap\u00f3crifa.<\/p>\n<p>Antes de la conferencia de prensa, la compa\u00f1\u00eda a\u00e9rea les envi\u00f3 una carta a los familiares de las v\u00edctimas en la que les anticipaba las palabras del funcionario: \u00abLamentamos profundamente tener que asumir que sin lugar a dudas el avi\u00f3n se ha estrellado y que ninguno de los que iban a bordo ha sobrevivido\u00bb. \u00abDebemos aceptar que todas las pruebas indican que el avi\u00f3n se ha estrellado en el Oc\u00e9ano \u00cdndico\u00bb, complet\u00f3, seg\u00fan reprodujo <em>Infobae.<\/em><\/p>\n<\/div>\n<\/header>\n","protected":false},"excerpt":{"rendered":"<p>El primer ministro asegur&oacute; que as&iacute; surge de las &uacute;ltimas im&aacute;genes satelitales analizadas por investigadores brit&aacute;nicos. La aerol&iacute;nea le comunici&oacute; a los familiares de los pasajeros que &laquo;ninguna de las personas que iban a bordo sobrevivi&oacute;&raquo;. Se termin&oacute; el misterio. El primer ministro de Malasia, Mohd Najib Tun Razak, confirm&oacute; que el vuelo MH370 se [&hellip;]<\/p>\n","protected":false},"author":2,"featured_media":0,"comment_status":"open","ping_status":"open","sticky":false,"template":"","format":"standard","meta":{"fifu_image_url":"","fifu_image_alt":"","footnotes":""},"categories":[8],"tags":[],"class_list":{"0":"post-6234","1":"post","2":"type-post","3":"status-publish","4":"format-standard","6":"category-internacionales"},"yoast_head":"<title>Oficial: el avi\u00f3n de Malasia se estrell\u00f3 en el sur del Oc\u00e9ano \u00cdndico y no hay sobrevivientes - Informe Litoral<\/title>\n<meta name=\"robots\" content=\"index, follow, max-snippet:-1, max-image-preview:large, max-video-preview:-1\" \/>\n<link rel=\"canonical\" href=\"https:\/\/informelitoral.com.ar\/oficial-el-avion-de-malasia-se-estrello-en-el-sur-del-oceano-indico-y-no-hay-sobrevivientes\/\" \/>\n<meta property=\"og:locale\" content=\"es_ES\" \/>\n<meta property=\"og:type\" content=\"article\" \/>\n<meta property=\"og:title\" content=\"Oficial: el avi\u00f3n de Malasia se estrell\u00f3 en el sur del Oc\u00e9ano \u00cdndico y no hay sobrevivientes - Informe Litoral\" \/>\n<meta property=\"og:description\" content=\"El primer ministro asegur&oacute; que as&iacute; surge de las &uacute;ltimas im&aacute;genes satelitales analizadas por investigadores brit&aacute;nicos. La aerol&iacute;nea le comunici&oacute; a los familiares de los pasajeros que &laquo;ninguna de las personas que iban a bordo sobrevivi&oacute;&raquo;. Se termin&oacute; el misterio. El primer ministro de Malasia, Mohd Najib Tun Razak, confirm&oacute; que el vuelo MH370 se [&hellip;]\" \/>\n<meta property=\"og:url\" content=\"https:\/\/informelitoral.com.ar\/oficial-el-avion-de-malasia-se-estrello-en-el-sur-del-oceano-indico-y-no-hay-sobrevivientes\/\" \/>\n<meta property=\"og:site_name\" content=\"Informe Litoral\" \/>\n<meta property=\"article:publisher\" content=\"https:\/\/www.facebook.com\/informelitoral\/\" \/>\n<meta property=\"article:published_time\" content=\"2014-03-24T18:04:11+00:00\" \/>\n<meta property=\"article:modified_time\" content=\"2014-03-24T18:10:27+00:00\" \/>\n<meta property=\"og:image\" content=\"https:\/\/informelitoral.com.ar\/%77%70%2d%63%6f%6e%74%65%6e%74\/uploads\/2014\/03\/12.jpg\" \/>\n\t<meta property=\"og:image:width\" content=\"770\" \/>\n\t<meta property=\"og:image:height\" content=\"433\" \/>\n\t<meta property=\"og:image:type\" content=\"image\/jpeg\" \/>\n<meta name=\"author\" content=\"Gonzalo Schmidt\" \/>\n<meta name=\"twitter:card\" content=\"summary_large_image\" \/>\n<meta name=\"twitter:creator\" content=\"@InformeLitoral\" \/>\n<meta name=\"twitter:site\" content=\"@InformeLitoral\" \/>\n<meta name=\"twitter:label1\" content=\"Escrito por\" \/>\n\t<meta name=\"twitter:data1\" content=\"Gonzalo Schmidt\" \/>\n\t<meta name=\"twitter:label2\" content=\"Tiempo de lectura\" \/>\n\t<meta name=\"twitter:data2\" content=\"2 minutos\" \/>\n<script type=\"application\/ld+json\" class=\"yoast-schema-graph\">{\"@context\":\"https:\\\/\\\/schema.org\",\"@graph\":[{\"@type\":\"Article\",\"@id\":\"https:\\\/\\\/informelitoral.com.ar\\\/oficial-el-avion-de-malasia-se-estrello-en-el-sur-del-oceano-indico-y-no-hay-sobrevivientes\\\/#article\",\"isPartOf\":{\"@id\":\"https:\\\/\\\/informelitoral.com.ar\\\/oficial-el-avion-de-malasia-se-estrello-en-el-sur-del-oceano-indico-y-no-hay-sobrevivientes\\\/\"},\"author\":{\"name\":\"Gonzalo Schmidt\",\"@id\":\"https:\\\/\\\/informelitoral.com.ar\\\/#\\\/schema\\\/person\\\/b9d00407c836482871ef1d57bf8e3180\"},\"headline\":\"Oficial: el avi\u00f3n de Malasia se estrell\u00f3 en el sur del Oc\u00e9ano \u00cdndico y no hay sobrevivientes\",\"datePublished\":\"2014-03-24T18:04:11+00:00\",\"dateModified\":\"2014-03-24T18:10:27+00:00\",\"mainEntityOfPage\":{\"@id\":\"https:\\\/\\\/informelitoral.com.ar\\\/oficial-el-avion-de-malasia-se-estrello-en-el-sur-del-oceano-indico-y-no-hay-sobrevivientes\\\/\"},\"wordCount\":428,\"commentCount\":0,\"publisher\":{\"@id\":\"https:\\\/\\\/informelitoral.com.ar\\\/#organization\"},\"image\":{\"@id\":\"https:\\\/\\\/informelitoral.com.ar\\\/oficial-el-avion-de-malasia-se-estrello-en-el-sur-del-oceano-indico-y-no-hay-sobrevivientes\\\/#primaryimage\"},\"thumbnailUrl\":\"http:\\\/\\\/www.isletasnoticias.com.ar\\\/%77%70%2d%63%6f%6e%74%65%6e%74\\\/uploads\\\/2014\\\/03\\\/12-300x168.jpg\",\"articleSection\":[\"Internacionales\"],\"inLanguage\":\"es\",\"potentialAction\":[{\"@type\":\"CommentAction\",\"name\":\"Comment\",\"target\":[\"https:\\\/\\\/informelitoral.com.ar\\\/oficial-el-avion-de-malasia-se-estrello-en-el-sur-del-oceano-indico-y-no-hay-sobrevivientes\\\/#respond\"]}]},{\"@type\":\"WebPage\",\"@id\":\"https:\\\/\\\/informelitoral.com.ar\\\/oficial-el-avion-de-malasia-se-estrello-en-el-sur-del-oceano-indico-y-no-hay-sobrevivientes\\\/\",\"url\":\"https:\\\/\\\/informelitoral.com.ar\\\/oficial-el-avion-de-malasia-se-estrello-en-el-sur-del-oceano-indico-y-no-hay-sobrevivientes\\\/\",\"name\":\"Oficial: el avi\u00f3n de Malasia se estrell\u00f3 en el sur del Oc\u00e9ano \u00cdndico y no hay sobrevivientes - Informe Litoral\",\"isPartOf\":{\"@id\":\"https:\\\/\\\/informelitoral.com.ar\\\/#website\"},\"primaryImageOfPage\":{\"@id\":\"https:\\\/\\\/informelitoral.com.ar\\\/oficial-el-avion-de-malasia-se-estrello-en-el-sur-del-oceano-indico-y-no-hay-sobrevivientes\\\/#primaryimage\"},\"image\":{\"@id\":\"https:\\\/\\\/informelitoral.com.ar\\\/oficial-el-avion-de-malasia-se-estrello-en-el-sur-del-oceano-indico-y-no-hay-sobrevivientes\\\/#primaryimage\"},\"thumbnailUrl\":\"http:\\\/\\\/www.isletasnoticias.com.ar\\\/%77%70%2d%63%6f%6e%74%65%6e%74\\\/uploads\\\/2014\\\/03\\\/12-300x168.jpg\",\"datePublished\":\"2014-03-24T18:04:11+00:00\",\"dateModified\":\"2014-03-24T18:10:27+00:00\",\"breadcrumb\":{\"@id\":\"https:\\\/\\\/informelitoral.com.ar\\\/oficial-el-avion-de-malasia-se-estrello-en-el-sur-del-oceano-indico-y-no-hay-sobrevivientes\\\/#breadcrumb\"},\"inLanguage\":\"es\",\"potentialAction\":[{\"@type\":\"ReadAction\",\"target\":[\"https:\\\/\\\/informelitoral.com.ar\\\/oficial-el-avion-de-malasia-se-estrello-en-el-sur-del-oceano-indico-y-no-hay-sobrevivientes\\\/\"]}]},{\"@type\":\"ImageObject\",\"inLanguage\":\"es\",\"@id\":\"https:\\\/\\\/informelitoral.com.ar\\\/oficial-el-avion-de-malasia-se-estrello-en-el-sur-del-oceano-indico-y-no-hay-sobrevivientes\\\/#primaryimage\",\"url\":\"http:\\\/\\\/www.isletasnoticias.com.ar\\\/%77%70%2d%63%6f%6e%74%65%6e%74\\\/uploads\\\/2014\\\/03\\\/12-300x168.jpg\",\"contentUrl\":\"http:\\\/\\\/www.isletasnoticias.com.ar\\\/%77%70%2d%63%6f%6e%74%65%6e%74\\\/uploads\\\/2014\\\/03\\\/12-300x168.jpg\"},{\"@type\":\"BreadcrumbList\",\"@id\":\"https:\\\/\\\/informelitoral.com.ar\\\/oficial-el-avion-de-malasia-se-estrello-en-el-sur-del-oceano-indico-y-no-hay-sobrevivientes\\\/#breadcrumb\",\"itemListElement\":[{\"@type\":\"ListItem\",\"position\":1,\"name\":\"Portada\",\"item\":\"https:\\\/\\\/informelitoral.com.ar\\\/\"},{\"@type\":\"ListItem\",\"position\":2,\"name\":\"Oficial: el avi\u00f3n de Malasia se estrell\u00f3 en el sur del Oc\u00e9ano \u00cdndico y no hay sobrevivientes\"}]},{\"@type\":\"WebSite\",\"@id\":\"https:\\\/\\\/informelitoral.com.ar\\\/#website\",\"url\":\"https:\\\/\\\/informelitoral.com.ar\\\/\",\"name\":\"Informe Litoral\",\"description\":\"&quot;Nos informamos&quot; \",\"publisher\":{\"@id\":\"https:\\\/\\\/informelitoral.com.ar\\\/#organization\"},\"potentialAction\":[{\"@type\":\"SearchAction\",\"target\":{\"@type\":\"EntryPoint\",\"urlTemplate\":\"https:\\\/\\\/informelitoral.com.ar\\\/?s={search_term_string}\"},\"query-input\":{\"@type\":\"PropertyValueSpecification\",\"valueRequired\":true,\"valueName\":\"search_term_string\"}}],\"inLanguage\":\"es\"},{\"@type\":\"Organization\",\"@id\":\"https:\\\/\\\/informelitoral.com.ar\\\/#organization\",\"name\":\"Informe Litoral\",\"url\":\"https:\\\/\\\/informelitoral.com.ar\\\/\",\"logo\":{\"@type\":\"ImageObject\",\"inLanguage\":\"es\",\"@id\":\"https:\\\/\\\/informelitoral.com.ar\\\/#\\\/schema\\\/logo\\\/image\\\/\",\"url\":\"https:\\\/\\\/informelitoral.com.ar\\\/%77%70%2d%63%6f%6e%74%65%6e%74\\\/uploads\\\/2021\\\/01\\\/circulo.png\",\"contentUrl\":\"https:\\\/\\\/informelitoral.com.ar\\\/%77%70%2d%63%6f%6e%74%65%6e%74\\\/uploads\\\/2021\\\/01\\\/circulo.png\",\"width\":723,\"height\":731,\"caption\":\"Informe Litoral\"},\"image\":{\"@id\":\"https:\\\/\\\/informelitoral.com.ar\\\/#\\\/schema\\\/logo\\\/image\\\/\"},\"sameAs\":[\"https:\\\/\\\/www.facebook.com\\\/informelitoral\\\/\",\"https:\\\/\\\/x.com\\\/InformeLitoral\",\"https:\\\/\\\/www.instagram.com\\\/informelitoral\\\/\",\"https:\\\/\\\/www.youtube.com\\\/channel\\\/UCua4Qvz8Icb6MYqhoq9xLXw\"]},{\"@type\":\"Person\",\"@id\":\"https:\\\/\\\/informelitoral.com.ar\\\/#\\\/schema\\\/person\\\/b9d00407c836482871ef1d57bf8e3180\",\"name\":\"Gonzalo Schmidt\",\"image\":{\"@type\":\"ImageObject\",\"inLanguage\":\"es\",\"@id\":\"https:\\\/\\\/secure.gravatar.com\\\/avatar\\\/31a1a7b66ff2de83bd0e9fd79d026630d2d99e55e8bfe501287647b4fd9743de?s=96&d=mm&r=g\",\"url\":\"https:\\\/\\\/secure.gravatar.com\\\/avatar\\\/31a1a7b66ff2de83bd0e9fd79d026630d2d99e55e8bfe501287647b4fd9743de?s=96&d=mm&r=g\",\"contentUrl\":\"https:\\\/\\\/secure.gravatar.com\\\/avatar\\\/31a1a7b66ff2de83bd0e9fd79d026630d2d99e55e8bfe501287647b4fd9743de?s=96&d=mm&r=g\",\"caption\":\"Gonzalo Schmidt\"},\"description\":\"Sitio web de noticias de la provincia de Entre R\u00edos, Argentina. Informaci\u00f3n y entretenimiento. Informe Litoral, nos informamos.\",\"sameAs\":[\"http:\\\/\\\/www.isletasnoticias.com.ar\"],\"url\":\"https:\\\/\\\/informelitoral.com.ar\\\/author\\\/gonzalo\\\/\"}]}<\/script>","yoast_head_json":{"title":"Oficial: el avi\u00f3n de Malasia se estrell\u00f3 en el sur del Oc\u00e9ano \u00cdndico y no hay sobrevivientes - Informe Litoral","robots":{"index":"index","follow":"follow","max-snippet":"max-snippet:-1","max-image-preview":"max-image-preview:large","max-video-preview":"max-video-preview:-1"},"canonical":"https:\/\/informelitoral.com.ar\/oficial-el-avion-de-malasia-se-estrello-en-el-sur-del-oceano-indico-y-no-hay-sobrevivientes\/","og_locale":"es_ES","og_type":"article","og_title":"Oficial: el avi\u00f3n de Malasia se estrell\u00f3 en el sur del Oc\u00e9ano \u00cdndico y no hay sobrevivientes - Informe Litoral","og_description":"El primer ministro asegur&oacute; que as&iacute; surge de las &uacute;ltimas im&aacute;genes satelitales analizadas por investigadores brit&aacute;nicos. La aerol&iacute;nea le comunici&oacute; a los familiares de los pasajeros que &laquo;ninguna de las personas que iban a bordo sobrevivi&oacute;&raquo;. Se termin&oacute; el misterio. El primer ministro de Malasia, Mohd Najib Tun Razak, confirm&oacute; que el vuelo MH370 se [&hellip;]","og_url":"https:\/\/informelitoral.com.ar\/oficial-el-avion-de-malasia-se-estrello-en-el-sur-del-oceano-indico-y-no-hay-sobrevivientes\/","og_site_name":"Informe Litoral","article_publisher":"https:\/\/www.facebook.com\/informelitoral\/","article_published_time":"2014-03-24T18:04:11+00:00","article_modified_time":"2014-03-24T18:10:27+00:00","og_image":[{"width":770,"height":433,"url":"https:\/\/informelitoral.com.ar\/%77%70%2d%63%6f%6e%74%65%6e%74\/uploads\/2014\/03\/12.jpg","type":"image\/jpeg"}],"author":"Gonzalo Schmidt","twitter_card":"summary_large_image","twitter_creator":"@InformeLitoral","twitter_site":"@InformeLitoral","twitter_misc":{"Escrito por":"Gonzalo Schmidt","Tiempo de lectura":"2 minutos"},"schema":{"@context":"https:\/\/schema.org","@graph":[{"@type":"Article","@id":"https:\/\/informelitoral.com.ar\/oficial-el-avion-de-malasia-se-estrello-en-el-sur-del-oceano-indico-y-no-hay-sobrevivientes\/#article","isPartOf":{"@id":"https:\/\/informelitoral.com.ar\/oficial-el-avion-de-malasia-se-estrello-en-el-sur-del-oceano-indico-y-no-hay-sobrevivientes\/"},"author":{"name":"Gonzalo Schmidt","@id":"https:\/\/informelitoral.com.ar\/#\/schema\/person\/b9d00407c836482871ef1d57bf8e3180"},"headline":"Oficial: el avi\u00f3n de Malasia se estrell\u00f3 en el sur del Oc\u00e9ano \u00cdndico y no hay sobrevivientes","datePublished":"2014-03-24T18:04:11+00:00","dateModified":"2014-03-24T18:10:27+00:00","mainEntityOfPage":{"@id":"https:\/\/informelitoral.com.ar\/oficial-el-avion-de-malasia-se-estrello-en-el-sur-del-oceano-indico-y-no-hay-sobrevivientes\/"},"wordCount":428,"commentCount":0,"publisher":{"@id":"https:\/\/informelitoral.com.ar\/#organization"},"image":{"@id":"https:\/\/informelitoral.com.ar\/oficial-el-avion-de-malasia-se-estrello-en-el-sur-del-oceano-indico-y-no-hay-sobrevivientes\/#primaryimage"},"thumbnailUrl":"http:\/\/www.isletasnoticias.com.ar\/%77%70%2d%63%6f%6e%74%65%6e%74\/uploads\/2014\/03\/12-300x168.jpg","articleSection":["Internacionales"],"inLanguage":"es","potentialAction":[{"@type":"CommentAction","name":"Comment","target":["https:\/\/informelitoral.com.ar\/oficial-el-avion-de-malasia-se-estrello-en-el-sur-del-oceano-indico-y-no-hay-sobrevivientes\/#respond"]}]},{"@type":"WebPage","@id":"https:\/\/informelitoral.com.ar\/oficial-el-avion-de-malasia-se-estrello-en-el-sur-del-oceano-indico-y-no-hay-sobrevivientes\/","url":"https:\/\/informelitoral.com.ar\/oficial-el-avion-de-malasia-se-estrello-en-el-sur-del-oceano-indico-y-no-hay-sobrevivientes\/","name":"Oficial: el avi\u00f3n de Malasia se estrell\u00f3 en el sur del Oc\u00e9ano \u00cdndico y no hay sobrevivientes - Informe Litoral","isPartOf":{"@id":"https:\/\/informelitoral.com.ar\/#website"},"primaryImageOfPage":{"@id":"https:\/\/informelitoral.com.ar\/oficial-el-avion-de-malasia-se-estrello-en-el-sur-del-oceano-indico-y-no-hay-sobrevivientes\/#primaryimage"},"image":{"@id":"https:\/\/informelitoral.com.ar\/oficial-el-avion-de-malasia-se-estrello-en-el-sur-del-oceano-indico-y-no-hay-sobrevivientes\/#primaryimage"},"thumbnailUrl":"http:\/\/www.isletasnoticias.com.ar\/%77%70%2d%63%6f%6e%74%65%6e%74\/uploads\/2014\/03\/12-300x168.jpg","datePublished":"2014-03-24T18:04:11+00:00","dateModified":"2014-03-24T18:10:27+00:00","breadcrumb":{"@id":"https:\/\/informelitoral.com.ar\/oficial-el-avion-de-malasia-se-estrello-en-el-sur-del-oceano-indico-y-no-hay-sobrevivientes\/#breadcrumb"},"inLanguage":"es","potentialAction":[{"@type":"ReadAction","target":["https:\/\/informelitoral.com.ar\/oficial-el-avion-de-malasia-se-estrello-en-el-sur-del-oceano-indico-y-no-hay-sobrevivientes\/"]}]},{"@type":"ImageObject","inLanguage":"es","@id":"https:\/\/informelitoral.com.ar\/oficial-el-avion-de-malasia-se-estrello-en-el-sur-del-oceano-indico-y-no-hay-sobrevivientes\/#primaryimage","url":"http:\/\/www.isletasnoticias.com.ar\/%77%70%2d%63%6f%6e%74%65%6e%74\/uploads\/2014\/03\/12-300x168.jpg","contentUrl":"http:\/\/www.isletasnoticias.com.ar\/%77%70%2d%63%6f%6e%74%65%6e%74\/uploads\/2014\/03\/12-300x168.jpg"},{"@type":"BreadcrumbList","@id":"https:\/\/informelitoral.com.ar\/oficial-el-avion-de-malasia-se-estrello-en-el-sur-del-oceano-indico-y-no-hay-sobrevivientes\/#breadcrumb","itemListElement":[{"@type":"ListItem","position":1,"name":"Portada","item":"https:\/\/informelitoral.com.ar\/"},{"@type":"ListItem","position":2,"name":"Oficial: el avi\u00f3n de Malasia se estrell\u00f3 en el sur del Oc\u00e9ano \u00cdndico y no hay sobrevivientes"}]},{"@type":"WebSite","@id":"https:\/\/informelitoral.com.ar\/#website","url":"https:\/\/informelitoral.com.ar\/","name":"Informe Litoral","description":"&quot;Nos informamos&quot; ","publisher":{"@id":"https:\/\/informelitoral.com.ar\/#organization"},"potentialAction":[{"@type":"SearchAction","target":{"@type":"EntryPoint","urlTemplate":"https:\/\/informelitoral.com.ar\/?s={search_term_string}"},"query-input":{"@type":"PropertyValueSpecification","valueRequired":true,"valueName":"search_term_string"}}],"inLanguage":"es"},{"@type":"Organization","@id":"https:\/\/informelitoral.com.ar\/#organization","name":"Informe Litoral","url":"https:\/\/informelitoral.com.ar\/","logo":{"@type":"ImageObject","inLanguage":"es","@id":"https:\/\/informelitoral.com.ar\/#\/schema\/logo\/image\/","url":"https:\/\/informelitoral.com.ar\/%77%70%2d%63%6f%6e%74%65%6e%74\/uploads\/2021\/01\/circulo.png","contentUrl":"https:\/\/informelitoral.com.ar\/%77%70%2d%63%6f%6e%74%65%6e%74\/uploads\/2021\/01\/circulo.png","width":723,"height":731,"caption":"Informe Litoral"},"image":{"@id":"https:\/\/informelitoral.com.ar\/#\/schema\/logo\/image\/"},"sameAs":["https:\/\/www.facebook.com\/informelitoral\/","https:\/\/x.com\/InformeLitoral","https:\/\/www.instagram.com\/informelitoral\/","https:\/\/www.youtube.com\/channel\/UCua4Qvz8Icb6MYqhoq9xLXw"]},{"@type":"Person","@id":"https:\/\/informelitoral.com.ar\/#\/schema\/person\/b9d00407c836482871ef1d57bf8e3180","name":"Gonzalo Schmidt","image":{"@type":"ImageObject","inLanguage":"es","@id":"https:\/\/secure.gravatar.com\/avatar\/31a1a7b66ff2de83bd0e9fd79d026630d2d99e55e8bfe501287647b4fd9743de?s=96&d=mm&r=g","url":"https:\/\/secure.gravatar.com\/avatar\/31a1a7b66ff2de83bd0e9fd79d026630d2d99e55e8bfe501287647b4fd9743de?s=96&d=mm&r=g","contentUrl":"https:\/\/secure.gravatar.com\/avatar\/31a1a7b66ff2de83bd0e9fd79d026630d2d99e55e8bfe501287647b4fd9743de?s=96&d=mm&r=g","caption":"Gonzalo Schmidt"},"description":"Sitio web de noticias de la provincia de Entre R\u00edos, Argentina. Informaci\u00f3n y entretenimiento. Informe Litoral, nos informamos.","sameAs":["http:\/\/www.isletasnoticias.com.ar"],"url":"https:\/\/informelitoral.com.ar\/author\/gonzalo\/"}]}},"_links":{"self":[{"href":"https:\/\/informelitoral.com.ar\/%77%70%2d%6a%73%6f%6e\/wp\/v2\/posts\/6234","targetHints":{"allow":["GET"]}}],"collection":[{"href":"https:\/\/informelitoral.com.ar\/%77%70%2d%6a%73%6f%6e\/wp\/v2\/posts"}],"about":[{"href":"https:\/\/informelitoral.com.ar\/%77%70%2d%6a%73%6f%6e\/wp\/v2\/types\/post"}],"author":[{"embeddable":true,"href":"https:\/\/informelitoral.com.ar\/%77%70%2d%6a%73%6f%6e\/wp\/v2\/users\/2"}],"replies":[{"embeddable":true,"href":"https:\/\/informelitoral.com.ar\/%77%70%2d%6a%73%6f%6e\/wp\/v2\/comments?post=6234"}],"version-history":[{"count":0,"href":"https:\/\/informelitoral.com.ar\/%77%70%2d%6a%73%6f%6e\/wp\/v2\/posts\/6234\/revisions"}],"wp:attachment":[{"href":"https:\/\/informelitoral.com.ar\/%77%70%2d%6a%73%6f%6e\/wp\/v2\/media?parent=6234"}],"wp:term":[{"taxonomy":"category","embeddable":true,"href":"https:\/\/informelitoral.com.ar\/%77%70%2d%6a%73%6f%6e\/wp\/v2\/categories?post=6234"},{"taxonomy":"post_tag","embeddable":true,"href":"https:\/\/informelitoral.com.ar\/%77%70%2d%6a%73%6f%6e\/wp\/v2\/tags?post=6234"}],"curies":[{"name":"wp","href":"https:\/\/api.w.org\/{rel}","templated":true}]}}