{"id":623,"date":"2013-03-27T10:48:41","date_gmt":"2013-03-27T13:48:41","guid":{"rendered":"http:\/\/www.isletasnoticias.com.ar\/?p=623"},"modified":"2013-03-27T10:48:41","modified_gmt":"2013-03-27T13:48:41","slug":"una-educacion-orientada-al-trabajo-agropecuario","status":"publish","type":"post","link":"https:\/\/informelitoral.com.ar\/una-educacion-orientada-al-trabajo-agropecuario\/","title":{"rendered":"Una educaci\u00f3n orientada al trabajo agropecuario"},"content":{"rendered":"<div>\u00a0<strong>Escuela Agrot\u00e9cnica N\u00b0 153 Horacio Mann est\u00e1 ubicada en el Distrito Isletas del departamento Diamante, es una instituci\u00f3n estatal rural de ense\u00f1anza secundaria que tiene por objetivo formar a j\u00f3venes capacitados en los quehaceres agropecuarios.<\/strong><\/div>\n<div><a href=\"http:\/\/www.isletasnoticias.com.ar\/%77%70%2d%63%6f%6e%74%65%6e%74\/uploads\/2013\/03\/mmmm.jpg\"><img loading=\"lazy\" decoding=\"async\" class=\"size-medium wp-image-624 aligncenter\" alt=\"mmmm\" src=\"http:\/\/www.isletasnoticias.com.ar\/%77%70%2d%63%6f%6e%74%65%6e%74\/uploads\/2013\/03\/mmmm-300x116.jpg\" width=\"300\" height=\"116\" srcset=\"https:\/\/informelitoral.com.ar\/%77%70%2d%63%6f%6e%74%65%6e%74\/uploads\/2013\/03\/mmmm-300x116.jpg 300w, https:\/\/informelitoral.com.ar\/%77%70%2d%63%6f%6e%74%65%6e%74\/uploads\/2013\/03\/mmmm.jpg 620w\" sizes=\"auto, (max-width: 300px) 100vw, 300px\" \/><\/a><\/div>\n<div>El Med. Vet. <strong>Juan Caram<\/strong> profesor de la Instituci\u00f3n\u00a0coment\u00f3 que \u00ab<em>es la \u00fanica Escuela Agrot\u00e9cnica del departamento Diamante, el a\u00f1o pasado se recibieron los primeros siete T\u00e9cnicos en Producci\u00f3n Agropecuaria y este a\u00f1o ser\u00e1n trece nuevos egresados\u201d.<\/em><\/div>\n<div>\n<p align=\"JUSTIFY\">La estructura curricular de la escuela Agrotecnica Horacio Mann est\u00e1 plenamente relacionada con la producci\u00f3n animal y vegetal. <em>\u201cLa planificaci\u00f3n educativa est\u00e1 compuesta por materias b\u00e1sicas, a lo que se le suma un equipo docente que cuenta con un \u00c1rea de Producci\u00f3n compuestas por profesionales relacionados con el sector agropecuario. Contamos con ensayos de cultivos t\u00edpicos de la zona, tenemos terneros y desde el a\u00f1o pasado comenzamos a hacer un galp\u00f3n especial para avicultura, tambi\u00e9n vamos a comenzar con procesos productivos relacionados con la apicultura y la cunicultura\u201d<\/em> explic\u00f3 Caram.<\/p>\n<p align=\"JUSTIFY\">En el transcurso de este a\u00f1o, la instituci\u00f3n contar\u00e1 con su propia sala de elaboraci\u00f3n de productos propios, a partir de fondos de las Juntas de Gobiernos. \u201c<em>Eso nos va a dar una mano grande porque todo lo que se consigue en cuanto a la cosecha de durazno, principal actividad para generar ingresos, se va a poder elaborar dentro de la escuela lo que antes no se pod\u00eda hacer\u201d<\/em> afirm\u00f3 el Profesor.<\/p>\n<\/div>\n<p align=\"JUSTIFY\">Con respecto a los proyectos planificados para este a\u00f1o el equipo docente y los alumnos concluir\u00e1n dentro del terreno de la escuela, un galp\u00f3n av\u00edcola donde van a producir pollos parrilleros y gallinas ponedoras.<\/p>\n<p><strong><br \/>\n<\/strong>Fuente: De la Redacci\u00f3n de Momento de Campo.<\/p>\n","protected":false},"excerpt":{"rendered":"<p>&nbsp;Escuela Agrot&eacute;cnica N&deg; 153 Horacio Mann est&aacute; ubicada en el Distrito Isletas del departamento Diamante, es una instituci&oacute;n estatal rural de ense&ntilde;anza secundaria que tiene por objetivo formar a j&oacute;venes capacitados en los quehaceres agropecuarios. El Med. Vet. Juan Caram profesor de la Instituci&oacute;n&nbsp;coment&oacute; que &laquo;es la &uacute;nica Escuela Agrot&eacute;cnica del departamento Diamante, el a&ntilde;o [&hellip;]<\/p>\n","protected":false},"author":2,"featured_media":0,"comment_status":"open","ping_status":"open","sticky":false,"template":"","format":"standard","meta":{"fifu_image_url":"","fifu_image_alt":"","footnotes":""},"categories":[4],"tags":[],"class_list":{"0":"post-623","1":"post","2":"type-post","3":"status-publish","4":"format-standard","6":"category-locales"},"yoast_head":"<title>Una educaci\u00f3n orientada al trabajo agropecuario  - Informe Litoral<\/title>\n<meta name=\"robots\" content=\"index, follow, max-snippet:-1, max-image-preview:large, max-video-preview:-1\" \/>\n<link rel=\"canonical\" href=\"https:\/\/informelitoral.com.ar\/una-educacion-orientada-al-trabajo-agropecuario\/\" \/>\n<meta property=\"og:locale\" content=\"es_ES\" \/>\n<meta property=\"og:type\" content=\"article\" \/>\n<meta property=\"og:title\" content=\"Una educaci\u00f3n orientada al trabajo agropecuario  - Informe Litoral\" \/>\n<meta property=\"og:description\" content=\"&nbsp;Escuela Agrot&eacute;cnica N&deg; 153 Horacio Mann est&aacute; ubicada en el Distrito Isletas del departamento Diamante, es una instituci&oacute;n estatal rural de ense&ntilde;anza secundaria que tiene por objetivo formar a j&oacute;venes capacitados en los quehaceres agropecuarios. El Med. Vet. Juan Caram profesor de la Instituci&oacute;n&nbsp;coment&oacute; que &laquo;es la &uacute;nica Escuela Agrot&eacute;cnica del departamento Diamante, el a&ntilde;o [&hellip;]\" \/>\n<meta property=\"og:url\" content=\"https:\/\/informelitoral.com.ar\/una-educacion-orientada-al-trabajo-agropecuario\/\" \/>\n<meta property=\"og:site_name\" content=\"Informe Litoral\" \/>\n<meta property=\"article:publisher\" content=\"https:\/\/www.facebook.com\/informelitoral\/\" \/>\n<meta property=\"article:published_time\" content=\"2013-03-27T13:48:41+00:00\" \/>\n<meta property=\"og:image\" content=\"https:\/\/informelitoral.com.ar\/%77%70%2d%63%6f%6e%74%65%6e%74\/uploads\/2013\/03\/mmmm.jpg\" \/>\n\t<meta property=\"og:image:width\" content=\"620\" \/>\n\t<meta property=\"og:image:height\" content=\"240\" \/>\n\t<meta property=\"og:image:type\" content=\"image\/jpeg\" \/>\n<meta name=\"author\" content=\"Gonzalo Schmidt\" \/>\n<meta name=\"twitter:card\" content=\"summary_large_image\" \/>\n<meta name=\"twitter:creator\" content=\"@InformeLitoral\" \/>\n<meta name=\"twitter:site\" content=\"@InformeLitoral\" \/>\n<meta name=\"twitter:label1\" content=\"Escrito por\" \/>\n\t<meta name=\"twitter:data1\" content=\"Gonzalo Schmidt\" \/>\n\t<meta name=\"twitter:label2\" content=\"Tiempo de lectura\" \/>\n\t<meta name=\"twitter:data2\" content=\"2 minutos\" \/>\n<script type=\"application\/ld+json\" class=\"yoast-schema-graph\">{\"@context\":\"https:\\\/\\\/schema.org\",\"@graph\":[{\"@type\":\"Article\",\"@id\":\"https:\\\/\\\/informelitoral.com.ar\\\/una-educacion-orientada-al-trabajo-agropecuario\\\/#article\",\"isPartOf\":{\"@id\":\"https:\\\/\\\/informelitoral.com.ar\\\/una-educacion-orientada-al-trabajo-agropecuario\\\/\"},\"author\":{\"name\":\"Gonzalo Schmidt\",\"@id\":\"https:\\\/\\\/informelitoral.com.ar\\\/#\\\/schema\\\/person\\\/b9d00407c836482871ef1d57bf8e3180\"},\"headline\":\"Una educaci\u00f3n orientada al trabajo agropecuario\",\"datePublished\":\"2013-03-27T13:48:41+00:00\",\"mainEntityOfPage\":{\"@id\":\"https:\\\/\\\/informelitoral.com.ar\\\/una-educacion-orientada-al-trabajo-agropecuario\\\/\"},\"wordCount\":311,\"commentCount\":0,\"publisher\":{\"@id\":\"https:\\\/\\\/informelitoral.com.ar\\\/#organization\"},\"image\":{\"@id\":\"https:\\\/\\\/informelitoral.com.ar\\\/una-educacion-orientada-al-trabajo-agropecuario\\\/#primaryimage\"},\"thumbnailUrl\":\"http:\\\/\\\/www.isletasnoticias.com.ar\\\/%77%70%2d%63%6f%6e%74%65%6e%74\\\/uploads\\\/2013\\\/03\\\/mmmm-300x116.jpg\",\"articleSection\":[\"Isletas\"],\"inLanguage\":\"es\",\"potentialAction\":[{\"@type\":\"CommentAction\",\"name\":\"Comment\",\"target\":[\"https:\\\/\\\/informelitoral.com.ar\\\/una-educacion-orientada-al-trabajo-agropecuario\\\/#respond\"]}]},{\"@type\":\"WebPage\",\"@id\":\"https:\\\/\\\/informelitoral.com.ar\\\/una-educacion-orientada-al-trabajo-agropecuario\\\/\",\"url\":\"https:\\\/\\\/informelitoral.com.ar\\\/una-educacion-orientada-al-trabajo-agropecuario\\\/\",\"name\":\"Una educaci\u00f3n orientada al trabajo agropecuario - Informe Litoral\",\"isPartOf\":{\"@id\":\"https:\\\/\\\/informelitoral.com.ar\\\/#website\"},\"primaryImageOfPage\":{\"@id\":\"https:\\\/\\\/informelitoral.com.ar\\\/una-educacion-orientada-al-trabajo-agropecuario\\\/#primaryimage\"},\"image\":{\"@id\":\"https:\\\/\\\/informelitoral.com.ar\\\/una-educacion-orientada-al-trabajo-agropecuario\\\/#primaryimage\"},\"thumbnailUrl\":\"http:\\\/\\\/www.isletasnoticias.com.ar\\\/%77%70%2d%63%6f%6e%74%65%6e%74\\\/uploads\\\/2013\\\/03\\\/mmmm-300x116.jpg\",\"datePublished\":\"2013-03-27T13:48:41+00:00\",\"breadcrumb\":{\"@id\":\"https:\\\/\\\/informelitoral.com.ar\\\/una-educacion-orientada-al-trabajo-agropecuario\\\/#breadcrumb\"},\"inLanguage\":\"es\",\"potentialAction\":[{\"@type\":\"ReadAction\",\"target\":[\"https:\\\/\\\/informelitoral.com.ar\\\/una-educacion-orientada-al-trabajo-agropecuario\\\/\"]}]},{\"@type\":\"ImageObject\",\"inLanguage\":\"es\",\"@id\":\"https:\\\/\\\/informelitoral.com.ar\\\/una-educacion-orientada-al-trabajo-agropecuario\\\/#primaryimage\",\"url\":\"http:\\\/\\\/www.isletasnoticias.com.ar\\\/%77%70%2d%63%6f%6e%74%65%6e%74\\\/uploads\\\/2013\\\/03\\\/mmmm-300x116.jpg\",\"contentUrl\":\"http:\\\/\\\/www.isletasnoticias.com.ar\\\/%77%70%2d%63%6f%6e%74%65%6e%74\\\/uploads\\\/2013\\\/03\\\/mmmm-300x116.jpg\"},{\"@type\":\"BreadcrumbList\",\"@id\":\"https:\\\/\\\/informelitoral.com.ar\\\/una-educacion-orientada-al-trabajo-agropecuario\\\/#breadcrumb\",\"itemListElement\":[{\"@type\":\"ListItem\",\"position\":1,\"name\":\"Portada\",\"item\":\"https:\\\/\\\/informelitoral.com.ar\\\/\"},{\"@type\":\"ListItem\",\"position\":2,\"name\":\"Una educaci\u00f3n orientada al trabajo agropecuario\"}]},{\"@type\":\"WebSite\",\"@id\":\"https:\\\/\\\/informelitoral.com.ar\\\/#website\",\"url\":\"https:\\\/\\\/informelitoral.com.ar\\\/\",\"name\":\"Informe Litoral\",\"description\":\"&quot;Nos informamos&quot; \",\"publisher\":{\"@id\":\"https:\\\/\\\/informelitoral.com.ar\\\/#organization\"},\"potentialAction\":[{\"@type\":\"SearchAction\",\"target\":{\"@type\":\"EntryPoint\",\"urlTemplate\":\"https:\\\/\\\/informelitoral.com.ar\\\/?s={search_term_string}\"},\"query-input\":{\"@type\":\"PropertyValueSpecification\",\"valueRequired\":true,\"valueName\":\"search_term_string\"}}],\"inLanguage\":\"es\"},{\"@type\":\"Organization\",\"@id\":\"https:\\\/\\\/informelitoral.com.ar\\\/#organization\",\"name\":\"Informe Litoral\",\"url\":\"https:\\\/\\\/informelitoral.com.ar\\\/\",\"logo\":{\"@type\":\"ImageObject\",\"inLanguage\":\"es\",\"@id\":\"https:\\\/\\\/informelitoral.com.ar\\\/#\\\/schema\\\/logo\\\/image\\\/\",\"url\":\"https:\\\/\\\/informelitoral.com.ar\\\/%77%70%2d%63%6f%6e%74%65%6e%74\\\/uploads\\\/2021\\\/01\\\/circulo.png\",\"contentUrl\":\"https:\\\/\\\/informelitoral.com.ar\\\/%77%70%2d%63%6f%6e%74%65%6e%74\\\/uploads\\\/2021\\\/01\\\/circulo.png\",\"width\":723,\"height\":731,\"caption\":\"Informe Litoral\"},\"image\":{\"@id\":\"https:\\\/\\\/informelitoral.com.ar\\\/#\\\/schema\\\/logo\\\/image\\\/\"},\"sameAs\":[\"https:\\\/\\\/www.facebook.com\\\/informelitoral\\\/\",\"https:\\\/\\\/x.com\\\/InformeLitoral\",\"https:\\\/\\\/www.instagram.com\\\/informelitoral\\\/\",\"https:\\\/\\\/www.youtube.com\\\/channel\\\/UCua4Qvz8Icb6MYqhoq9xLXw\"]},{\"@type\":\"Person\",\"@id\":\"https:\\\/\\\/informelitoral.com.ar\\\/#\\\/schema\\\/person\\\/b9d00407c836482871ef1d57bf8e3180\",\"name\":\"Gonzalo Schmidt\",\"image\":{\"@type\":\"ImageObject\",\"inLanguage\":\"es\",\"@id\":\"https:\\\/\\\/secure.gravatar.com\\\/avatar\\\/31a1a7b66ff2de83bd0e9fd79d026630d2d99e55e8bfe501287647b4fd9743de?s=96&d=mm&r=g\",\"url\":\"https:\\\/\\\/secure.gravatar.com\\\/avatar\\\/31a1a7b66ff2de83bd0e9fd79d026630d2d99e55e8bfe501287647b4fd9743de?s=96&d=mm&r=g\",\"contentUrl\":\"https:\\\/\\\/secure.gravatar.com\\\/avatar\\\/31a1a7b66ff2de83bd0e9fd79d026630d2d99e55e8bfe501287647b4fd9743de?s=96&d=mm&r=g\",\"caption\":\"Gonzalo Schmidt\"},\"description\":\"Sitio web de noticias de la provincia de Entre R\u00edos, Argentina. Informaci\u00f3n y entretenimiento. Informe Litoral, nos informamos.\",\"sameAs\":[\"http:\\\/\\\/www.isletasnoticias.com.ar\"],\"url\":\"https:\\\/\\\/informelitoral.com.ar\\\/author\\\/gonzalo\\\/\"}]}<\/script>","yoast_head_json":{"title":"Una educaci\u00f3n orientada al trabajo agropecuario  - Informe Litoral","robots":{"index":"index","follow":"follow","max-snippet":"max-snippet:-1","max-image-preview":"max-image-preview:large","max-video-preview":"max-video-preview:-1"},"canonical":"https:\/\/informelitoral.com.ar\/una-educacion-orientada-al-trabajo-agropecuario\/","og_locale":"es_ES","og_type":"article","og_title":"Una educaci\u00f3n orientada al trabajo agropecuario  - Informe Litoral","og_description":"&nbsp;Escuela Agrot&eacute;cnica N&deg; 153 Horacio Mann est&aacute; ubicada en el Distrito Isletas del departamento Diamante, es una instituci&oacute;n estatal rural de ense&ntilde;anza secundaria que tiene por objetivo formar a j&oacute;venes capacitados en los quehaceres agropecuarios. El Med. Vet. Juan Caram profesor de la Instituci&oacute;n&nbsp;coment&oacute; que &laquo;es la &uacute;nica Escuela Agrot&eacute;cnica del departamento Diamante, el a&ntilde;o [&hellip;]","og_url":"https:\/\/informelitoral.com.ar\/una-educacion-orientada-al-trabajo-agropecuario\/","og_site_name":"Informe Litoral","article_publisher":"https:\/\/www.facebook.com\/informelitoral\/","article_published_time":"2013-03-27T13:48:41+00:00","og_image":[{"width":620,"height":240,"url":"https:\/\/informelitoral.com.ar\/%77%70%2d%63%6f%6e%74%65%6e%74\/uploads\/2013\/03\/mmmm.jpg","type":"image\/jpeg"}],"author":"Gonzalo Schmidt","twitter_card":"summary_large_image","twitter_creator":"@InformeLitoral","twitter_site":"@InformeLitoral","twitter_misc":{"Escrito por":"Gonzalo Schmidt","Tiempo de lectura":"2 minutos"},"schema":{"@context":"https:\/\/schema.org","@graph":[{"@type":"Article","@id":"https:\/\/informelitoral.com.ar\/una-educacion-orientada-al-trabajo-agropecuario\/#article","isPartOf":{"@id":"https:\/\/informelitoral.com.ar\/una-educacion-orientada-al-trabajo-agropecuario\/"},"author":{"name":"Gonzalo Schmidt","@id":"https:\/\/informelitoral.com.ar\/#\/schema\/person\/b9d00407c836482871ef1d57bf8e3180"},"headline":"Una educaci\u00f3n orientada al trabajo agropecuario","datePublished":"2013-03-27T13:48:41+00:00","mainEntityOfPage":{"@id":"https:\/\/informelitoral.com.ar\/una-educacion-orientada-al-trabajo-agropecuario\/"},"wordCount":311,"commentCount":0,"publisher":{"@id":"https:\/\/informelitoral.com.ar\/#organization"},"image":{"@id":"https:\/\/informelitoral.com.ar\/una-educacion-orientada-al-trabajo-agropecuario\/#primaryimage"},"thumbnailUrl":"http:\/\/www.isletasnoticias.com.ar\/%77%70%2d%63%6f%6e%74%65%6e%74\/uploads\/2013\/03\/mmmm-300x116.jpg","articleSection":["Isletas"],"inLanguage":"es","potentialAction":[{"@type":"CommentAction","name":"Comment","target":["https:\/\/informelitoral.com.ar\/una-educacion-orientada-al-trabajo-agropecuario\/#respond"]}]},{"@type":"WebPage","@id":"https:\/\/informelitoral.com.ar\/una-educacion-orientada-al-trabajo-agropecuario\/","url":"https:\/\/informelitoral.com.ar\/una-educacion-orientada-al-trabajo-agropecuario\/","name":"Una educaci\u00f3n orientada al trabajo agropecuario - Informe Litoral","isPartOf":{"@id":"https:\/\/informelitoral.com.ar\/#website"},"primaryImageOfPage":{"@id":"https:\/\/informelitoral.com.ar\/una-educacion-orientada-al-trabajo-agropecuario\/#primaryimage"},"image":{"@id":"https:\/\/informelitoral.com.ar\/una-educacion-orientada-al-trabajo-agropecuario\/#primaryimage"},"thumbnailUrl":"http:\/\/www.isletasnoticias.com.ar\/%77%70%2d%63%6f%6e%74%65%6e%74\/uploads\/2013\/03\/mmmm-300x116.jpg","datePublished":"2013-03-27T13:48:41+00:00","breadcrumb":{"@id":"https:\/\/informelitoral.com.ar\/una-educacion-orientada-al-trabajo-agropecuario\/#breadcrumb"},"inLanguage":"es","potentialAction":[{"@type":"ReadAction","target":["https:\/\/informelitoral.com.ar\/una-educacion-orientada-al-trabajo-agropecuario\/"]}]},{"@type":"ImageObject","inLanguage":"es","@id":"https:\/\/informelitoral.com.ar\/una-educacion-orientada-al-trabajo-agropecuario\/#primaryimage","url":"http:\/\/www.isletasnoticias.com.ar\/%77%70%2d%63%6f%6e%74%65%6e%74\/uploads\/2013\/03\/mmmm-300x116.jpg","contentUrl":"http:\/\/www.isletasnoticias.com.ar\/%77%70%2d%63%6f%6e%74%65%6e%74\/uploads\/2013\/03\/mmmm-300x116.jpg"},{"@type":"BreadcrumbList","@id":"https:\/\/informelitoral.com.ar\/una-educacion-orientada-al-trabajo-agropecuario\/#breadcrumb","itemListElement":[{"@type":"ListItem","position":1,"name":"Portada","item":"https:\/\/informelitoral.com.ar\/"},{"@type":"ListItem","position":2,"name":"Una educaci\u00f3n orientada al trabajo agropecuario"}]},{"@type":"WebSite","@id":"https:\/\/informelitoral.com.ar\/#website","url":"https:\/\/informelitoral.com.ar\/","name":"Informe Litoral","description":"&quot;Nos informamos&quot; ","publisher":{"@id":"https:\/\/informelitoral.com.ar\/#organization"},"potentialAction":[{"@type":"SearchAction","target":{"@type":"EntryPoint","urlTemplate":"https:\/\/informelitoral.com.ar\/?s={search_term_string}"},"query-input":{"@type":"PropertyValueSpecification","valueRequired":true,"valueName":"search_term_string"}}],"inLanguage":"es"},{"@type":"Organization","@id":"https:\/\/informelitoral.com.ar\/#organization","name":"Informe Litoral","url":"https:\/\/informelitoral.com.ar\/","logo":{"@type":"ImageObject","inLanguage":"es","@id":"https:\/\/informelitoral.com.ar\/#\/schema\/logo\/image\/","url":"https:\/\/informelitoral.com.ar\/%77%70%2d%63%6f%6e%74%65%6e%74\/uploads\/2021\/01\/circulo.png","contentUrl":"https:\/\/informelitoral.com.ar\/%77%70%2d%63%6f%6e%74%65%6e%74\/uploads\/2021\/01\/circulo.png","width":723,"height":731,"caption":"Informe Litoral"},"image":{"@id":"https:\/\/informelitoral.com.ar\/#\/schema\/logo\/image\/"},"sameAs":["https:\/\/www.facebook.com\/informelitoral\/","https:\/\/x.com\/InformeLitoral","https:\/\/www.instagram.com\/informelitoral\/","https:\/\/www.youtube.com\/channel\/UCua4Qvz8Icb6MYqhoq9xLXw"]},{"@type":"Person","@id":"https:\/\/informelitoral.com.ar\/#\/schema\/person\/b9d00407c836482871ef1d57bf8e3180","name":"Gonzalo Schmidt","image":{"@type":"ImageObject","inLanguage":"es","@id":"https:\/\/secure.gravatar.com\/avatar\/31a1a7b66ff2de83bd0e9fd79d026630d2d99e55e8bfe501287647b4fd9743de?s=96&d=mm&r=g","url":"https:\/\/secure.gravatar.com\/avatar\/31a1a7b66ff2de83bd0e9fd79d026630d2d99e55e8bfe501287647b4fd9743de?s=96&d=mm&r=g","contentUrl":"https:\/\/secure.gravatar.com\/avatar\/31a1a7b66ff2de83bd0e9fd79d026630d2d99e55e8bfe501287647b4fd9743de?s=96&d=mm&r=g","caption":"Gonzalo Schmidt"},"description":"Sitio web de noticias de la provincia de Entre R\u00edos, Argentina. Informaci\u00f3n y entretenimiento. Informe Litoral, nos informamos.","sameAs":["http:\/\/www.isletasnoticias.com.ar"],"url":"https:\/\/informelitoral.com.ar\/author\/gonzalo\/"}]}},"_links":{"self":[{"href":"https:\/\/informelitoral.com.ar\/%77%70%2d%6a%73%6f%6e\/wp\/v2\/posts\/623","targetHints":{"allow":["GET"]}}],"collection":[{"href":"https:\/\/informelitoral.com.ar\/%77%70%2d%6a%73%6f%6e\/wp\/v2\/posts"}],"about":[{"href":"https:\/\/informelitoral.com.ar\/%77%70%2d%6a%73%6f%6e\/wp\/v2\/types\/post"}],"author":[{"embeddable":true,"href":"https:\/\/informelitoral.com.ar\/%77%70%2d%6a%73%6f%6e\/wp\/v2\/users\/2"}],"replies":[{"embeddable":true,"href":"https:\/\/informelitoral.com.ar\/%77%70%2d%6a%73%6f%6e\/wp\/v2\/comments?post=623"}],"version-history":[{"count":0,"href":"https:\/\/informelitoral.com.ar\/%77%70%2d%6a%73%6f%6e\/wp\/v2\/posts\/623\/revisions"}],"wp:attachment":[{"href":"https:\/\/informelitoral.com.ar\/%77%70%2d%6a%73%6f%6e\/wp\/v2\/media?parent=623"}],"wp:term":[{"taxonomy":"category","embeddable":true,"href":"https:\/\/informelitoral.com.ar\/%77%70%2d%6a%73%6f%6e\/wp\/v2\/categories?post=623"},{"taxonomy":"post_tag","embeddable":true,"href":"https:\/\/informelitoral.com.ar\/%77%70%2d%6a%73%6f%6e\/wp\/v2\/tags?post=623"}],"curies":[{"name":"wp","href":"https:\/\/api.w.org\/{rel}","templated":true}]}}