{"id":62094,"date":"2021-07-08T08:39:03","date_gmt":"2021-07-08T11:39:03","guid":{"rendered":"https:\/\/www.informelitoral.com.ar\/?p=62094"},"modified":"2021-07-08T08:39:03","modified_gmt":"2021-07-08T11:39:03","slug":"el-gobierno-decreto-dos-dias-de-duelo-por-la-muerte-de-carlos-reutemann","status":"publish","type":"post","link":"https:\/\/informelitoral.com.ar\/el-gobierno-decreto-dos-dias-de-duelo-por-la-muerte-de-carlos-reutemann\/","title":{"rendered":"El Gobierno decret\u00f3 dos d\u00edas de duelo por la muerte de Carlos Reutemann"},"content":{"rendered":"<section class=\"detail-body first-paragraph\">\n<section id=\"note-body\" class=\"body-content note-body content-protected-false\" data-twitter-link=\"https:\/\/twitter.com\/intent\/tweet?url=https:\/\/www.minutouno.com\/c5217035&amp;v\u00eda=Ambitocom&amp;related=MinutoUno&amp;text=\">El Gobierno nacional decidi\u00f3 decretar\u00a0dos d\u00edas de duelo por la muerte del senador nacional y exgobernador de Santa Fe\u00a0Carlos Reutemann, quien falleci\u00f3 el mi\u00e9rcoles al mediod\u00eda.<\/section>\n<\/section>\n<section class=\"detail-body second-paragraph\">\n<section class=\"body-content note-body content-protected-false\">\n<h4><strong>EL DECRETO DEL DUELO:<\/strong><\/h4>\n<p>Que el se\u00f1or Carlos Alberto REUTEMANN naci\u00f3 en la PROVINCIA DE SANTA FE el 12 de abril de 1942.<\/p>\n<p>Que adquiri\u00f3 notoriedad p\u00fablica en su juventud como piloto de automovilismo, actividad en la que se destac\u00f3 a nivel nacional e internacional.<\/p>\n<p><span style=\"text-align: center;\">Que entre los a\u00f1os 1972 y 1982 se desempe\u00f1\u00f3 como piloto de F\u00f3rmula 1, representando a los equipos de BRABHAM, FERRARI, LOTUS y WILLIAMS, entre otros, logrando su primer Gran Premio en la REP\u00daBLICA DE SUD\u00c1FRICA en el a\u00f1o 1974 y obteniendo DOCE (12) grandes premios a lo largo de su carrera, lo que lo llev\u00f3 al subcampeonato del a\u00f1o 1981.<\/span><\/p>\n<p>Que en el a\u00f1o 1991 inicia su actividad pol\u00edtica en el Partido Justicialista, siendo electo Gobernador de la PROVINCIA DE SANTA FE en el per\u00edodo 1991-1995.<\/p>\n<p><span style=\"text-align: center;\">Que, posteriormente, decidi\u00f3 postularse para Senador Nacional, cargo que ejerci\u00f3 hasta el a\u00f1o 1999, siendo tambi\u00e9n electo Convencional Constituyente para la Reforma de la CONSTITUCI\u00d3N NACIONAL, en el a\u00f1o 1994.<\/span><\/p>\n<p>Que en el a\u00f1o 1999 gan\u00f3 nuevamente su segundo mandato como Gobernador de dicha Provincia, el que ejerci\u00f3 hasta el a\u00f1o 2003, donde nuevamente fue electo para ocupar una banca en el HONORABLE SENADO DE LA NACI\u00d3N y reelecto en varias ocasiones hasta la actualidad, venciendo su mandato el 9 de diciembre de 2021.<\/p>\n<p>Que por su trayectoria es reconocido por el ESTADO NACIONAL.<\/p>\n<p>Que, en virtud de ello, resulta un deber del Gobierno Nacional honrar la memoria de Carlos Alberto REUTEMANN, con motivo de su fallecimiento.<\/p>\n<p>Que el servicio de asesoramiento jur\u00eddico permanente ha tomado la intervenci\u00f3n de su competencia.<\/p>\n<p>Que el presente se dicta en uso de las atribuciones conferidas por el art\u00edculo 99, inciso 1 de la CONSTITUCI\u00d3N NACIONAL.<\/p>\n<p>Por ello,<\/p>\n<p>EL PRESIDENTE DE LA NACI\u00d3N ARGENTINA<\/p>\n<p>DECRETA:<\/p>\n<p>ART\u00cdCULO 1\u00ba.- Decl\u00e1rase Duelo Nacional en todo el territorio de la REP\u00daBLICA ARGENTINA por el t\u00e9rmino de DOS (2) d\u00edas a partir del d\u00eda de la fecha, con motivo del fallecimiento del senador nacional Carlos Alberto REUTEMANN.<\/p>\n<p>ART\u00cdCULO 2\u00ba.- Por intermedio del MINISTERIO DEL INTERIOR se expresar\u00e1n a la familia del extinto las condolencias del Gobierno Nacional.<\/p>\n<p>ART\u00cdCULO 3\u00ba.- Durante los d\u00edas de duelo la Bandera Nacional permanecer\u00e1 izada a media asta en todos los edificios p\u00fablicos.<\/p>\n<p>ART\u00cdCULO 4\u00ba.- Comun\u00edquese, publ\u00edquese, dese a la DIRECCI\u00d3N NACIONAL DEL REGISTRO OFICIAL y arch\u00edvese.<\/p>\n<p>FERN\u00c1NDEZ \u2013 Santiago Andr\u00e9s Cafiero \u2013 Eduardo Enrique de Pedro<\/p>\n<\/section>\n<\/section>\n","protected":false},"excerpt":{"rendered":"<p>La medida fue comunicada este jueves en el Bolet\u00edn Oficial, a trav\u00e9s del Decreto 446\/2021.<\/p>\n","protected":false},"author":2,"featured_media":62095,"comment_status":"open","ping_status":"open","sticky":false,"template":"","format":"standard","meta":{"fifu_image_url":"","fifu_image_alt":"","footnotes":""},"categories":[16],"tags":[2321],"class_list":{"0":"post-62094","1":"post","2":"type-post","3":"status-publish","4":"format-standard","5":"has-post-thumbnail","7":"category-politi","8":"tag-carlos-reutemann"},"yoast_head":"<title>El Gobierno decret\u00f3 dos d\u00edas de duelo por la muerte de Carlos Reutemann - Informe Litoral<\/title>\n<meta name=\"robots\" content=\"index, follow, max-snippet:-1, max-image-preview:large, max-video-preview:-1\" \/>\n<link rel=\"canonical\" href=\"https:\/\/informelitoral.com.ar\/el-gobierno-decreto-dos-dias-de-duelo-por-la-muerte-de-carlos-reutemann\/\" \/>\n<meta property=\"og:locale\" content=\"es_ES\" \/>\n<meta property=\"og:type\" content=\"article\" \/>\n<meta property=\"og:title\" content=\"El Gobierno decret\u00f3 dos d\u00edas de duelo por la muerte de Carlos Reutemann - Informe Litoral\" \/>\n<meta property=\"og:description\" content=\"La medida fue comunicada este jueves en el Bolet\u00edn Oficial, a trav\u00e9s del Decreto 446\/2021.\" \/>\n<meta property=\"og:url\" content=\"https:\/\/informelitoral.com.ar\/el-gobierno-decreto-dos-dias-de-duelo-por-la-muerte-de-carlos-reutemann\/\" \/>\n<meta property=\"og:site_name\" content=\"Informe Litoral\" \/>\n<meta property=\"article:publisher\" content=\"https:\/\/www.facebook.com\/informelitoral\/\" \/>\n<meta property=\"article:published_time\" content=\"2021-07-08T11:39:03+00:00\" \/>\n<meta property=\"og:image\" content=\"https:\/\/informelitoral.com.ar\/%77%70%2d%63%6f%6e%74%65%6e%74\/uploads\/2021\/07\/Carlos-Reutemann.jpg\" \/>\n\t<meta property=\"og:image:width\" content=\"950\" \/>\n\t<meta property=\"og:image:height\" content=\"534\" \/>\n\t<meta property=\"og:image:type\" content=\"image\/jpeg\" \/>\n<meta name=\"author\" content=\"Gonzalo Schmidt\" \/>\n<meta name=\"twitter:card\" content=\"summary_large_image\" \/>\n<meta name=\"twitter:creator\" content=\"@InformeLitoral\" \/>\n<meta name=\"twitter:site\" content=\"@InformeLitoral\" \/>\n<meta name=\"twitter:label1\" content=\"Escrito por\" \/>\n\t<meta name=\"twitter:data1\" content=\"Gonzalo Schmidt\" \/>\n\t<meta name=\"twitter:label2\" content=\"Tiempo de lectura\" \/>\n\t<meta name=\"twitter:data2\" content=\"2 minutos\" \/>\n<script type=\"application\/ld+json\" class=\"yoast-schema-graph\">{\"@context\":\"https:\\\/\\\/schema.org\",\"@graph\":[{\"@type\":\"Article\",\"@id\":\"https:\\\/\\\/informelitoral.com.ar\\\/el-gobierno-decreto-dos-dias-de-duelo-por-la-muerte-de-carlos-reutemann\\\/#article\",\"isPartOf\":{\"@id\":\"https:\\\/\\\/informelitoral.com.ar\\\/el-gobierno-decreto-dos-dias-de-duelo-por-la-muerte-de-carlos-reutemann\\\/\"},\"author\":{\"name\":\"Gonzalo Schmidt\",\"@id\":\"https:\\\/\\\/informelitoral.com.ar\\\/#\\\/schema\\\/person\\\/b9d00407c836482871ef1d57bf8e3180\"},\"headline\":\"El Gobierno decret\u00f3 dos d\u00edas de duelo por la muerte de Carlos Reutemann\",\"datePublished\":\"2021-07-08T11:39:03+00:00\",\"mainEntityOfPage\":{\"@id\":\"https:\\\/\\\/informelitoral.com.ar\\\/el-gobierno-decreto-dos-dias-de-duelo-por-la-muerte-de-carlos-reutemann\\\/\"},\"wordCount\":460,\"commentCount\":0,\"publisher\":{\"@id\":\"https:\\\/\\\/informelitoral.com.ar\\\/#organization\"},\"image\":{\"@id\":\"https:\\\/\\\/informelitoral.com.ar\\\/el-gobierno-decreto-dos-dias-de-duelo-por-la-muerte-de-carlos-reutemann\\\/#primaryimage\"},\"thumbnailUrl\":\"https:\\\/\\\/informelitoral.com.ar\\\/%77%70%2d%63%6f%6e%74%65%6e%74\\\/uploads\\\/2021\\\/07\\\/Carlos-Reutemann.jpg\",\"keywords\":[\"Carlos Reutemann\"],\"articleSection\":[\"Politica\"],\"inLanguage\":\"es\",\"potentialAction\":[{\"@type\":\"CommentAction\",\"name\":\"Comment\",\"target\":[\"https:\\\/\\\/informelitoral.com.ar\\\/el-gobierno-decreto-dos-dias-de-duelo-por-la-muerte-de-carlos-reutemann\\\/#respond\"]}]},{\"@type\":\"WebPage\",\"@id\":\"https:\\\/\\\/informelitoral.com.ar\\\/el-gobierno-decreto-dos-dias-de-duelo-por-la-muerte-de-carlos-reutemann\\\/\",\"url\":\"https:\\\/\\\/informelitoral.com.ar\\\/el-gobierno-decreto-dos-dias-de-duelo-por-la-muerte-de-carlos-reutemann\\\/\",\"name\":\"El Gobierno decret\u00f3 dos d\u00edas de duelo por la muerte de Carlos Reutemann - Informe Litoral\",\"isPartOf\":{\"@id\":\"https:\\\/\\\/informelitoral.com.ar\\\/#website\"},\"primaryImageOfPage\":{\"@id\":\"https:\\\/\\\/informelitoral.com.ar\\\/el-gobierno-decreto-dos-dias-de-duelo-por-la-muerte-de-carlos-reutemann\\\/#primaryimage\"},\"image\":{\"@id\":\"https:\\\/\\\/informelitoral.com.ar\\\/el-gobierno-decreto-dos-dias-de-duelo-por-la-muerte-de-carlos-reutemann\\\/#primaryimage\"},\"thumbnailUrl\":\"https:\\\/\\\/informelitoral.com.ar\\\/%77%70%2d%63%6f%6e%74%65%6e%74\\\/uploads\\\/2021\\\/07\\\/Carlos-Reutemann.jpg\",\"datePublished\":\"2021-07-08T11:39:03+00:00\",\"breadcrumb\":{\"@id\":\"https:\\\/\\\/informelitoral.com.ar\\\/el-gobierno-decreto-dos-dias-de-duelo-por-la-muerte-de-carlos-reutemann\\\/#breadcrumb\"},\"inLanguage\":\"es\",\"potentialAction\":[{\"@type\":\"ReadAction\",\"target\":[\"https:\\\/\\\/informelitoral.com.ar\\\/el-gobierno-decreto-dos-dias-de-duelo-por-la-muerte-de-carlos-reutemann\\\/\"]}]},{\"@type\":\"ImageObject\",\"inLanguage\":\"es\",\"@id\":\"https:\\\/\\\/informelitoral.com.ar\\\/el-gobierno-decreto-dos-dias-de-duelo-por-la-muerte-de-carlos-reutemann\\\/#primaryimage\",\"url\":\"https:\\\/\\\/informelitoral.com.ar\\\/%77%70%2d%63%6f%6e%74%65%6e%74\\\/uploads\\\/2021\\\/07\\\/Carlos-Reutemann.jpg\",\"contentUrl\":\"https:\\\/\\\/informelitoral.com.ar\\\/%77%70%2d%63%6f%6e%74%65%6e%74\\\/uploads\\\/2021\\\/07\\\/Carlos-Reutemann.jpg\",\"width\":950,\"height\":534},{\"@type\":\"BreadcrumbList\",\"@id\":\"https:\\\/\\\/informelitoral.com.ar\\\/el-gobierno-decreto-dos-dias-de-duelo-por-la-muerte-de-carlos-reutemann\\\/#breadcrumb\",\"itemListElement\":[{\"@type\":\"ListItem\",\"position\":1,\"name\":\"Portada\",\"item\":\"https:\\\/\\\/informelitoral.com.ar\\\/\"},{\"@type\":\"ListItem\",\"position\":2,\"name\":\"El Gobierno decret\u00f3 dos d\u00edas de duelo por la muerte de Carlos Reutemann\"}]},{\"@type\":\"WebSite\",\"@id\":\"https:\\\/\\\/informelitoral.com.ar\\\/#website\",\"url\":\"https:\\\/\\\/informelitoral.com.ar\\\/\",\"name\":\"Informe Litoral\",\"description\":\"&quot;Nos informamos&quot; \",\"publisher\":{\"@id\":\"https:\\\/\\\/informelitoral.com.ar\\\/#organization\"},\"potentialAction\":[{\"@type\":\"SearchAction\",\"target\":{\"@type\":\"EntryPoint\",\"urlTemplate\":\"https:\\\/\\\/informelitoral.com.ar\\\/?s={search_term_string}\"},\"query-input\":{\"@type\":\"PropertyValueSpecification\",\"valueRequired\":true,\"valueName\":\"search_term_string\"}}],\"inLanguage\":\"es\"},{\"@type\":\"Organization\",\"@id\":\"https:\\\/\\\/informelitoral.com.ar\\\/#organization\",\"name\":\"Informe Litoral\",\"url\":\"https:\\\/\\\/informelitoral.com.ar\\\/\",\"logo\":{\"@type\":\"ImageObject\",\"inLanguage\":\"es\",\"@id\":\"https:\\\/\\\/informelitoral.com.ar\\\/#\\\/schema\\\/logo\\\/image\\\/\",\"url\":\"https:\\\/\\\/informelitoral.com.ar\\\/%77%70%2d%63%6f%6e%74%65%6e%74\\\/uploads\\\/2021\\\/01\\\/circulo.png\",\"contentUrl\":\"https:\\\/\\\/informelitoral.com.ar\\\/%77%70%2d%63%6f%6e%74%65%6e%74\\\/uploads\\\/2021\\\/01\\\/circulo.png\",\"width\":723,\"height\":731,\"caption\":\"Informe Litoral\"},\"image\":{\"@id\":\"https:\\\/\\\/informelitoral.com.ar\\\/#\\\/schema\\\/logo\\\/image\\\/\"},\"sameAs\":[\"https:\\\/\\\/www.facebook.com\\\/informelitoral\\\/\",\"https:\\\/\\\/x.com\\\/InformeLitoral\",\"https:\\\/\\\/www.instagram.com\\\/informelitoral\\\/\",\"https:\\\/\\\/www.youtube.com\\\/channel\\\/UCua4Qvz8Icb6MYqhoq9xLXw\"]},{\"@type\":\"Person\",\"@id\":\"https:\\\/\\\/informelitoral.com.ar\\\/#\\\/schema\\\/person\\\/b9d00407c836482871ef1d57bf8e3180\",\"name\":\"Gonzalo Schmidt\",\"image\":{\"@type\":\"ImageObject\",\"inLanguage\":\"es\",\"@id\":\"https:\\\/\\\/secure.gravatar.com\\\/avatar\\\/31a1a7b66ff2de83bd0e9fd79d026630d2d99e55e8bfe501287647b4fd9743de?s=96&d=mm&r=g\",\"url\":\"https:\\\/\\\/secure.gravatar.com\\\/avatar\\\/31a1a7b66ff2de83bd0e9fd79d026630d2d99e55e8bfe501287647b4fd9743de?s=96&d=mm&r=g\",\"contentUrl\":\"https:\\\/\\\/secure.gravatar.com\\\/avatar\\\/31a1a7b66ff2de83bd0e9fd79d026630d2d99e55e8bfe501287647b4fd9743de?s=96&d=mm&r=g\",\"caption\":\"Gonzalo Schmidt\"},\"description\":\"Sitio web de noticias de la provincia de Entre R\u00edos, Argentina. Informaci\u00f3n y entretenimiento. Informe Litoral, nos informamos.\",\"sameAs\":[\"http:\\\/\\\/www.isletasnoticias.com.ar\"],\"url\":\"https:\\\/\\\/informelitoral.com.ar\\\/author\\\/gonzalo\\\/\"}]}<\/script>","yoast_head_json":{"title":"El Gobierno decret\u00f3 dos d\u00edas de duelo por la muerte de Carlos Reutemann - Informe Litoral","robots":{"index":"index","follow":"follow","max-snippet":"max-snippet:-1","max-image-preview":"max-image-preview:large","max-video-preview":"max-video-preview:-1"},"canonical":"https:\/\/informelitoral.com.ar\/el-gobierno-decreto-dos-dias-de-duelo-por-la-muerte-de-carlos-reutemann\/","og_locale":"es_ES","og_type":"article","og_title":"El Gobierno decret\u00f3 dos d\u00edas de duelo por la muerte de Carlos Reutemann - Informe Litoral","og_description":"La medida fue comunicada este jueves en el Bolet\u00edn Oficial, a trav\u00e9s del Decreto 446\/2021.","og_url":"https:\/\/informelitoral.com.ar\/el-gobierno-decreto-dos-dias-de-duelo-por-la-muerte-de-carlos-reutemann\/","og_site_name":"Informe Litoral","article_publisher":"https:\/\/www.facebook.com\/informelitoral\/","article_published_time":"2021-07-08T11:39:03+00:00","og_image":[{"width":950,"height":534,"url":"https:\/\/informelitoral.com.ar\/%77%70%2d%63%6f%6e%74%65%6e%74\/uploads\/2021\/07\/Carlos-Reutemann.jpg","type":"image\/jpeg"}],"author":"Gonzalo Schmidt","twitter_card":"summary_large_image","twitter_creator":"@InformeLitoral","twitter_site":"@InformeLitoral","twitter_misc":{"Escrito por":"Gonzalo Schmidt","Tiempo de lectura":"2 minutos"},"schema":{"@context":"https:\/\/schema.org","@graph":[{"@type":"Article","@id":"https:\/\/informelitoral.com.ar\/el-gobierno-decreto-dos-dias-de-duelo-por-la-muerte-de-carlos-reutemann\/#article","isPartOf":{"@id":"https:\/\/informelitoral.com.ar\/el-gobierno-decreto-dos-dias-de-duelo-por-la-muerte-de-carlos-reutemann\/"},"author":{"name":"Gonzalo Schmidt","@id":"https:\/\/informelitoral.com.ar\/#\/schema\/person\/b9d00407c836482871ef1d57bf8e3180"},"headline":"El Gobierno decret\u00f3 dos d\u00edas de duelo por la muerte de Carlos Reutemann","datePublished":"2021-07-08T11:39:03+00:00","mainEntityOfPage":{"@id":"https:\/\/informelitoral.com.ar\/el-gobierno-decreto-dos-dias-de-duelo-por-la-muerte-de-carlos-reutemann\/"},"wordCount":460,"commentCount":0,"publisher":{"@id":"https:\/\/informelitoral.com.ar\/#organization"},"image":{"@id":"https:\/\/informelitoral.com.ar\/el-gobierno-decreto-dos-dias-de-duelo-por-la-muerte-de-carlos-reutemann\/#primaryimage"},"thumbnailUrl":"https:\/\/informelitoral.com.ar\/%77%70%2d%63%6f%6e%74%65%6e%74\/uploads\/2021\/07\/Carlos-Reutemann.jpg","keywords":["Carlos Reutemann"],"articleSection":["Politica"],"inLanguage":"es","potentialAction":[{"@type":"CommentAction","name":"Comment","target":["https:\/\/informelitoral.com.ar\/el-gobierno-decreto-dos-dias-de-duelo-por-la-muerte-de-carlos-reutemann\/#respond"]}]},{"@type":"WebPage","@id":"https:\/\/informelitoral.com.ar\/el-gobierno-decreto-dos-dias-de-duelo-por-la-muerte-de-carlos-reutemann\/","url":"https:\/\/informelitoral.com.ar\/el-gobierno-decreto-dos-dias-de-duelo-por-la-muerte-de-carlos-reutemann\/","name":"El Gobierno decret\u00f3 dos d\u00edas de duelo por la muerte de Carlos Reutemann - Informe Litoral","isPartOf":{"@id":"https:\/\/informelitoral.com.ar\/#website"},"primaryImageOfPage":{"@id":"https:\/\/informelitoral.com.ar\/el-gobierno-decreto-dos-dias-de-duelo-por-la-muerte-de-carlos-reutemann\/#primaryimage"},"image":{"@id":"https:\/\/informelitoral.com.ar\/el-gobierno-decreto-dos-dias-de-duelo-por-la-muerte-de-carlos-reutemann\/#primaryimage"},"thumbnailUrl":"https:\/\/informelitoral.com.ar\/%77%70%2d%63%6f%6e%74%65%6e%74\/uploads\/2021\/07\/Carlos-Reutemann.jpg","datePublished":"2021-07-08T11:39:03+00:00","breadcrumb":{"@id":"https:\/\/informelitoral.com.ar\/el-gobierno-decreto-dos-dias-de-duelo-por-la-muerte-de-carlos-reutemann\/#breadcrumb"},"inLanguage":"es","potentialAction":[{"@type":"ReadAction","target":["https:\/\/informelitoral.com.ar\/el-gobierno-decreto-dos-dias-de-duelo-por-la-muerte-de-carlos-reutemann\/"]}]},{"@type":"ImageObject","inLanguage":"es","@id":"https:\/\/informelitoral.com.ar\/el-gobierno-decreto-dos-dias-de-duelo-por-la-muerte-de-carlos-reutemann\/#primaryimage","url":"https:\/\/informelitoral.com.ar\/%77%70%2d%63%6f%6e%74%65%6e%74\/uploads\/2021\/07\/Carlos-Reutemann.jpg","contentUrl":"https:\/\/informelitoral.com.ar\/%77%70%2d%63%6f%6e%74%65%6e%74\/uploads\/2021\/07\/Carlos-Reutemann.jpg","width":950,"height":534},{"@type":"BreadcrumbList","@id":"https:\/\/informelitoral.com.ar\/el-gobierno-decreto-dos-dias-de-duelo-por-la-muerte-de-carlos-reutemann\/#breadcrumb","itemListElement":[{"@type":"ListItem","position":1,"name":"Portada","item":"https:\/\/informelitoral.com.ar\/"},{"@type":"ListItem","position":2,"name":"El Gobierno decret\u00f3 dos d\u00edas de duelo por la muerte de Carlos Reutemann"}]},{"@type":"WebSite","@id":"https:\/\/informelitoral.com.ar\/#website","url":"https:\/\/informelitoral.com.ar\/","name":"Informe Litoral","description":"&quot;Nos informamos&quot; ","publisher":{"@id":"https:\/\/informelitoral.com.ar\/#organization"},"potentialAction":[{"@type":"SearchAction","target":{"@type":"EntryPoint","urlTemplate":"https:\/\/informelitoral.com.ar\/?s={search_term_string}"},"query-input":{"@type":"PropertyValueSpecification","valueRequired":true,"valueName":"search_term_string"}}],"inLanguage":"es"},{"@type":"Organization","@id":"https:\/\/informelitoral.com.ar\/#organization","name":"Informe Litoral","url":"https:\/\/informelitoral.com.ar\/","logo":{"@type":"ImageObject","inLanguage":"es","@id":"https:\/\/informelitoral.com.ar\/#\/schema\/logo\/image\/","url":"https:\/\/informelitoral.com.ar\/%77%70%2d%63%6f%6e%74%65%6e%74\/uploads\/2021\/01\/circulo.png","contentUrl":"https:\/\/informelitoral.com.ar\/%77%70%2d%63%6f%6e%74%65%6e%74\/uploads\/2021\/01\/circulo.png","width":723,"height":731,"caption":"Informe Litoral"},"image":{"@id":"https:\/\/informelitoral.com.ar\/#\/schema\/logo\/image\/"},"sameAs":["https:\/\/www.facebook.com\/informelitoral\/","https:\/\/x.com\/InformeLitoral","https:\/\/www.instagram.com\/informelitoral\/","https:\/\/www.youtube.com\/channel\/UCua4Qvz8Icb6MYqhoq9xLXw"]},{"@type":"Person","@id":"https:\/\/informelitoral.com.ar\/#\/schema\/person\/b9d00407c836482871ef1d57bf8e3180","name":"Gonzalo Schmidt","image":{"@type":"ImageObject","inLanguage":"es","@id":"https:\/\/secure.gravatar.com\/avatar\/31a1a7b66ff2de83bd0e9fd79d026630d2d99e55e8bfe501287647b4fd9743de?s=96&d=mm&r=g","url":"https:\/\/secure.gravatar.com\/avatar\/31a1a7b66ff2de83bd0e9fd79d026630d2d99e55e8bfe501287647b4fd9743de?s=96&d=mm&r=g","contentUrl":"https:\/\/secure.gravatar.com\/avatar\/31a1a7b66ff2de83bd0e9fd79d026630d2d99e55e8bfe501287647b4fd9743de?s=96&d=mm&r=g","caption":"Gonzalo Schmidt"},"description":"Sitio web de noticias de la provincia de Entre R\u00edos, Argentina. Informaci\u00f3n y entretenimiento. Informe Litoral, nos informamos.","sameAs":["http:\/\/www.isletasnoticias.com.ar"],"url":"https:\/\/informelitoral.com.ar\/author\/gonzalo\/"}]}},"_links":{"self":[{"href":"https:\/\/informelitoral.com.ar\/%77%70%2d%6a%73%6f%6e\/wp\/v2\/posts\/62094","targetHints":{"allow":["GET"]}}],"collection":[{"href":"https:\/\/informelitoral.com.ar\/%77%70%2d%6a%73%6f%6e\/wp\/v2\/posts"}],"about":[{"href":"https:\/\/informelitoral.com.ar\/%77%70%2d%6a%73%6f%6e\/wp\/v2\/types\/post"}],"author":[{"embeddable":true,"href":"https:\/\/informelitoral.com.ar\/%77%70%2d%6a%73%6f%6e\/wp\/v2\/users\/2"}],"replies":[{"embeddable":true,"href":"https:\/\/informelitoral.com.ar\/%77%70%2d%6a%73%6f%6e\/wp\/v2\/comments?post=62094"}],"version-history":[{"count":0,"href":"https:\/\/informelitoral.com.ar\/%77%70%2d%6a%73%6f%6e\/wp\/v2\/posts\/62094\/revisions"}],"wp:featuredmedia":[{"embeddable":true,"href":"https:\/\/informelitoral.com.ar\/%77%70%2d%6a%73%6f%6e\/wp\/v2\/media\/62095"}],"wp:attachment":[{"href":"https:\/\/informelitoral.com.ar\/%77%70%2d%6a%73%6f%6e\/wp\/v2\/media?parent=62094"}],"wp:term":[{"taxonomy":"category","embeddable":true,"href":"https:\/\/informelitoral.com.ar\/%77%70%2d%6a%73%6f%6e\/wp\/v2\/categories?post=62094"},{"taxonomy":"post_tag","embeddable":true,"href":"https:\/\/informelitoral.com.ar\/%77%70%2d%6a%73%6f%6e\/wp\/v2\/tags?post=62094"}],"curies":[{"name":"wp","href":"https:\/\/api.w.org\/{rel}","templated":true}]}}