{"id":62055,"date":"2021-07-07T14:53:24","date_gmt":"2021-07-07T17:53:24","guid":{"rendered":"https:\/\/www.informelitoral.com.ar\/?p=62055"},"modified":"2021-07-07T14:53:24","modified_gmt":"2021-07-07T17:53:24","slug":"fallecio-carlos-reutemann-idolo-del-automovilismo-y-referente-del-peronismo","status":"publish","type":"post","link":"https:\/\/informelitoral.com.ar\/fallecio-carlos-reutemann-idolo-del-automovilismo-y-referente-del-peronismo\/","title":{"rendered":"Falleci\u00f3 Carlos Reutemann, \u00eddolo del automovilismo y referente del peronismo"},"content":{"rendered":"<p class=\"com-paragraph   --s\"><strong>Carlos Reutemann<\/strong>\u00a0muri\u00f3 hoy a los 79 a\u00f1os en Santa Fe. Dos veces gobernador de la provincia, ocupaba una banca como senador nacional. Fue corredor de F\u00f3rmula Uno y uno de los grandes \u00eddolos del automovilismo.<\/p>\n<p class=\"com-paragraph   --s\">Reutermann\u00a0<mark class=\"hl_underline\">quedar\u00e1 en la historia pol\u00edtica del pa\u00eds por haber desechado la oportunidad de ser el presidente de los argentinos.<\/mark>\u00a0Fue el primer elegido por\u00a0<strong>Eduardo Duhalde<\/strong>\u00a0cuando buscaba un sucesor. Muchos recordar\u00e1n el enigm\u00e1tico argumento del santafesino: \u201cVi algo que no me gust\u00f3\u201d. Nunca se supo a qu\u00e9 se refiri\u00f3 ni si fue el miedo esc\u00e9nico lo que lo hizo volver al llano. Pero todo encajaba para que el peronismo se uniera detr\u00e1s de su candidatura y de un descontado triunfo electoral.<\/p>\n<p>\u201cNo es la primera vez que tomo una decisi\u00f3n, nunca, obviamente, con la trascendencia de \u00e9sta. He visto algo, que quiz\u00e1s no lo voy a decir nunca. Vi que seguramente no me termin\u00f3 de convencer\u201d, explic\u00f3 varias veces el expiloto de automovilismo. Duhalde intent\u00f3 con\u00a0<strong>Juan Manuel De la Sota<\/strong>, que tampoco acept\u00f3 el convite. Entonces, el tel\u00f3n se abri\u00f3 y apareci\u00f3 en escena\u00a0<strong>N\u00e9stor Kirchner<\/strong>.<\/p>\n<blockquote class=\"twitter-tweet\" data-width=\"550\" data-dnt=\"true\">\n<p lang=\"es\" dir=\"ltr\">Pap\u00e1 se fue en paz y dignidad despu\u00e9s de luchar como un campe\u00f3n con un coraz\u00f3n noble y fuerte que lo acompa\u00f1\u00f3 hasta el final. Siento orgullo y bendici\u00f3n por el padre que tuve. S\u00e9 que me acompa\u00f1ar\u00e1 todos los d\u00edas de mi vida hasta que nos volvamos a encontrar en la casa del Se\u00f1or?? <a href=\"https:\/\/t.co\/84wo3WgfTg\">pic.twitter.com\/84wo3WgfTg<\/a><\/p>\n<p>&mdash; Cora Reutemann (@CoraReutemann) <a href=\"https:\/\/twitter.com\/CoraReutemann\/status\/1412817852839628801?ref_src=twsrc%5Etfw\">July 7, 2021<\/a><\/p><\/blockquote>\n<p><script async src=\"https:\/\/platform.twitter.com\/widgets.js\" charset=\"utf-8\"><\/script><\/p>\n<p>Reutemann fue piloto de F\u00f3rmula 1 desde 1972 hasta 1982. Compiti\u00f3 para los equipos Brabham, Ferrari, Lotus y Williams.\u00a0<mark class=\"hl_underline\">En su carrera en la m\u00e1xima categor\u00eda del automovilismo obtuvo 12 victorias, 45 podios y seis pole positions<\/mark>\u00a0en 144 carreras puntuables, adem\u00e1s de dos triunfos en carreras fuera de campeonato. En 1981, habiendo superado a su compa\u00f1ero de equipo y primer piloto de Williams, Alan Jones, finaliz\u00f3 segundo en el Campeonato de Pilotos a solo un punto del campe\u00f3n, Nelson Piquet.<\/p>\n<p class=\"com-paragraph   --s\">En aquella recordada jornada en el Aut\u00f3dromo de Buenos Aires, sucedi\u00f3 algo que marc\u00f3 a Reutemann. El recordar\u00eda la fecha como \u201ctriste en el aspecto automovil\u00edstico\u201d, pero muy importante. \u201cAquel enero del \u201974, yo estaba en mi box, el entonces presidente\u00a0<strong>Juan Domingo Per\u00f3n<\/strong>\u00a0me manda a llamar. Voy caminando hacia la tribuna donde \u00e9l estaba y, cuando llego, me abraza y me dice: \u2018Bueno, pibe, te felicito\u2019. Me acuerdo patente que se toca el saco y me dice: \u2018Mir\u00e1, no tengo nada para darte\u2019. Saca una lapicera y me dice: \u2018Es lo \u00fanico que te puedo dar, es un obsequio para vos, para que vos tengas\u2019\u201d, relat\u00f3 Lole.<\/p>\n<p class=\"com-paragraph   --s\">Seis meses despu\u00e9s, Per\u00f3n muri\u00f3. Y cu\u00e1ndo asumi\u00f3 su primera gobernaci\u00f3n Reutemann firm\u00f3 el acta respectiva con aquella lapicera que le regal\u00f3 Per\u00f3n.<\/p>\n<p class=\"com-paragraph   --s\">El santafecino se retir\u00f3 de la F\u00f3rmula 1 en 1982. En 1990 recibi\u00f3 el Premio Konex de Platino como el mejor automovilista de la d\u00e9cada en Argentina.<\/p>\n<h4 class=\"com-title --l\"><strong>Sus inicios en la pol\u00edtica<\/strong><\/h4>\n<p class=\"com-paragraph   --s\">Inici\u00f3 su actividad pol\u00edtica en el\u00a0<strong>Partido Justicialista<\/strong>\u00a0y fue elegido\u00a0<strong>gobernador de Santa Fe<\/strong>\u00a0para el per\u00edodo 1991-1995, despu\u00e9s de derrotar al radical Horacio Usandizaga, exintendente rosarino.<\/p>\n<p class=\"com-paragraph   --s\">Fue<strong>\u00a0Carlos Menem<\/strong>\u00a0quien lo convoc\u00f3 y le ofreci\u00f3 el cargo, en el verano de 1991. En 1994 fue electo convencional constituyente para la Reforma de la Constituci\u00f3n Nacional.<\/p>\n<p class=\"com-paragraph   --s\">Al finalizar su gesti\u00f3n en la primera magistratura de la provincia fue electo senador de la Naci\u00f3n por primera vez, por el per\u00edodo 1995\u20132001, pero en 1999 dej\u00f3 su banca en el Congreso Nacional tras haber triunfado en las elecciones provinciales para volver a ser gobernador de Santa Fe. Cumpli\u00f3 su segundo mandato constitucional entre 1999 y 2003.<\/p>\n<p class=\"com-paragraph   --s\">En abril de 2003 debi\u00f3 enfrentar\u00a0<strong>la tr\u00e1gica inundaci\u00f3n del r\u00edo Salado<\/strong>, que cubri\u00f3 un tercio de la capital de Santa Fe y caus\u00f3 23 muertos reconocidos por el gobierno (los vecinos denunciaron 114). La tragedia dej\u00f3 adem\u00e1s 130.000 damnificados y un perjuicio econ\u00f3mico de m\u00e1s de 3200 millones de d\u00f3lares.<\/p>\n<p class=\"com-paragraph   --s\">En 2004 Reutemann fue denunciado penalmente por su actuaci\u00f3n al frente del gobierno de la provincia durante las inundaciones. La acusaci\u00f3n comprendi\u00f3 los delitos de homicidio por medio catastr\u00f3fico y desv\u00edo de fondos.<\/p>\n<p class=\"com-paragraph   --s\">El 7 de septiembre de 2003 fue nuevamente electo para ocupar un lugar en la C\u00e1mara Alta y asumi\u00f3 el 10 de diciembre de ese a\u00f1o con mandato hasta el 10 de diciembre de 2009. El 17 de julio de 2008, cuando se vot\u00f3 el proyecto de retenciones m\u00f3viles agrarias que fue desempatado por el entonces vicepresidente, Julio Cobos, Reutemann present\u00f3 un proyecto alternativo con dictamen de minor\u00eda de la Comisi\u00f3n de Agricultura y Ganader\u00eda. Su proyecto no fue tratado, pero su voto no acompa\u00f1\u00f3 al proyecto presentado por el gobierno de la entonces presidenta,\u00a0<strong>Cristina Fern\u00e1ndez de Kirchner<\/strong>.<\/p>\n<h4 class=\"com-title --l\"><strong>La alianza con Macri<\/strong><\/h4>\n<p class=\"com-paragraph   --s\">En las elecciones legislativas del 28 de junio de 2009, fue elegido nuevamente como senador nacional por la provincia de Santa Fe, con mandato hasta 2015. A principios de ese a\u00f1o, form\u00f3 una alianza con Propuesta Republicana, apoyando la candidatura de\u00a0<strong>Mauricio Macri\u00a0<\/strong>en las elecciones presidenciales. Ese mismo a\u00f1o\u00a0<mark class=\"hl_underline\">fue reelecto senador por Cambiemos con mandato hasta 2021.<\/mark> Luego conform\u00f3 el Bloque Parlamentario Unipersonal \u201cSanta Fe Federal\u201d.<\/p>\n<p class=\"com-paragraph   --s\">Hijo de Enrique Reutemann y Flora Molina, \u201cLole\u201d hab\u00eda nacido el 12 de abril de 1942. Fue padre de Cora y Mariana, ambas de su primer matrimonio con \u201cMimicha\u201d Bobbio. Estaba casado en segundas nupcias con Ver\u00f3nica Ghio.<\/p>\n<p class=\"com-paragraph   --s\">En los \u00faltimos a\u00f1os vivi\u00f3 en su campo de Llamb\u00ed Campbell, 50 kil\u00f3metros al Norte de la capital de Santa Fe, y su actividad se redujo casi exclusivamente a la atenci\u00f3n de los temas pol\u00edticos y la administraci\u00f3n de su campo sojero. <em>(Fuente: La Naci\u00f3n)<\/em><\/p>\n","protected":false},"excerpt":{"rendered":"<p>Ten\u00eda 79 a\u00f1os y ocupaba una banca como senador nacional; estaba internado hace m\u00e1s de un mes en una cl\u00ednica de Santa Fe.<\/p>\n","protected":false},"author":2,"featured_media":62056,"comment_status":"open","ping_status":"open","sticky":false,"template":"","format":"standard","meta":{"fifu_image_url":"","fifu_image_alt":"","footnotes":""},"categories":[16],"tags":[2321,134],"class_list":{"0":"post-62055","1":"post","2":"type-post","3":"status-publish","4":"format-standard","5":"has-post-thumbnail","7":"category-politi","8":"tag-carlos-reutemann","9":"tag-santa-fe"},"yoast_head":"<title>Falleci\u00f3 Carlos Reutemann, \u00eddolo del automovilismo y referente del peronismo - Informe Litoral<\/title>\n<meta name=\"robots\" content=\"index, follow, max-snippet:-1, max-image-preview:large, max-video-preview:-1\" \/>\n<link rel=\"canonical\" href=\"https:\/\/informelitoral.com.ar\/fallecio-carlos-reutemann-idolo-del-automovilismo-y-referente-del-peronismo\/\" \/>\n<meta property=\"og:locale\" content=\"es_ES\" \/>\n<meta property=\"og:type\" content=\"article\" \/>\n<meta property=\"og:title\" content=\"Falleci\u00f3 Carlos Reutemann, \u00eddolo del automovilismo y referente del peronismo - Informe Litoral\" \/>\n<meta property=\"og:description\" content=\"Ten\u00eda 79 a\u00f1os y ocupaba una banca como senador nacional; estaba internado hace m\u00e1s de un mes en una cl\u00ednica de Santa Fe.\" \/>\n<meta property=\"og:url\" content=\"https:\/\/informelitoral.com.ar\/fallecio-carlos-reutemann-idolo-del-automovilismo-y-referente-del-peronismo\/\" \/>\n<meta property=\"og:site_name\" content=\"Informe Litoral\" \/>\n<meta property=\"article:publisher\" content=\"https:\/\/www.facebook.com\/informelitoral\/\" \/>\n<meta property=\"article:published_time\" content=\"2021-07-07T17:53:24+00:00\" \/>\n<meta property=\"og:image\" content=\"https:\/\/informelitoral.com.ar\/%77%70%2d%63%6f%6e%74%65%6e%74\/uploads\/2021\/07\/carlos-reuteman.jpg\" \/>\n\t<meta property=\"og:image:width\" content=\"879\" \/>\n\t<meta property=\"og:image:height\" content=\"586\" \/>\n\t<meta property=\"og:image:type\" content=\"image\/jpeg\" \/>\n<meta name=\"author\" content=\"Gonzalo Schmidt\" \/>\n<meta name=\"twitter:card\" content=\"summary_large_image\" \/>\n<meta name=\"twitter:creator\" content=\"@InformeLitoral\" \/>\n<meta name=\"twitter:site\" content=\"@InformeLitoral\" \/>\n<meta name=\"twitter:label1\" content=\"Escrito por\" \/>\n\t<meta name=\"twitter:data1\" content=\"Gonzalo Schmidt\" \/>\n\t<meta name=\"twitter:label2\" content=\"Tiempo de lectura\" \/>\n\t<meta name=\"twitter:data2\" content=\"5 minutos\" \/>\n<script type=\"application\/ld+json\" class=\"yoast-schema-graph\">{\"@context\":\"https:\\\/\\\/schema.org\",\"@graph\":[{\"@type\":\"Article\",\"@id\":\"https:\\\/\\\/informelitoral.com.ar\\\/fallecio-carlos-reutemann-idolo-del-automovilismo-y-referente-del-peronismo\\\/#article\",\"isPartOf\":{\"@id\":\"https:\\\/\\\/informelitoral.com.ar\\\/fallecio-carlos-reutemann-idolo-del-automovilismo-y-referente-del-peronismo\\\/\"},\"author\":{\"name\":\"Gonzalo Schmidt\",\"@id\":\"https:\\\/\\\/informelitoral.com.ar\\\/#\\\/schema\\\/person\\\/b9d00407c836482871ef1d57bf8e3180\"},\"headline\":\"Falleci\u00f3 Carlos Reutemann, \u00eddolo del automovilismo y referente del peronismo\",\"datePublished\":\"2021-07-07T17:53:24+00:00\",\"mainEntityOfPage\":{\"@id\":\"https:\\\/\\\/informelitoral.com.ar\\\/fallecio-carlos-reutemann-idolo-del-automovilismo-y-referente-del-peronismo\\\/\"},\"wordCount\":950,\"commentCount\":0,\"publisher\":{\"@id\":\"https:\\\/\\\/informelitoral.com.ar\\\/#organization\"},\"image\":{\"@id\":\"https:\\\/\\\/informelitoral.com.ar\\\/fallecio-carlos-reutemann-idolo-del-automovilismo-y-referente-del-peronismo\\\/#primaryimage\"},\"thumbnailUrl\":\"https:\\\/\\\/informelitoral.com.ar\\\/%77%70%2d%63%6f%6e%74%65%6e%74\\\/uploads\\\/2021\\\/07\\\/carlos-reuteman.jpg\",\"keywords\":[\"Carlos Reutemann\",\"Santa Fe\"],\"articleSection\":[\"Politica\"],\"inLanguage\":\"es\",\"potentialAction\":[{\"@type\":\"CommentAction\",\"name\":\"Comment\",\"target\":[\"https:\\\/\\\/informelitoral.com.ar\\\/fallecio-carlos-reutemann-idolo-del-automovilismo-y-referente-del-peronismo\\\/#respond\"]}]},{\"@type\":\"WebPage\",\"@id\":\"https:\\\/\\\/informelitoral.com.ar\\\/fallecio-carlos-reutemann-idolo-del-automovilismo-y-referente-del-peronismo\\\/\",\"url\":\"https:\\\/\\\/informelitoral.com.ar\\\/fallecio-carlos-reutemann-idolo-del-automovilismo-y-referente-del-peronismo\\\/\",\"name\":\"Falleci\u00f3 Carlos Reutemann, \u00eddolo del automovilismo y referente del peronismo - Informe Litoral\",\"isPartOf\":{\"@id\":\"https:\\\/\\\/informelitoral.com.ar\\\/#website\"},\"primaryImageOfPage\":{\"@id\":\"https:\\\/\\\/informelitoral.com.ar\\\/fallecio-carlos-reutemann-idolo-del-automovilismo-y-referente-del-peronismo\\\/#primaryimage\"},\"image\":{\"@id\":\"https:\\\/\\\/informelitoral.com.ar\\\/fallecio-carlos-reutemann-idolo-del-automovilismo-y-referente-del-peronismo\\\/#primaryimage\"},\"thumbnailUrl\":\"https:\\\/\\\/informelitoral.com.ar\\\/%77%70%2d%63%6f%6e%74%65%6e%74\\\/uploads\\\/2021\\\/07\\\/carlos-reuteman.jpg\",\"datePublished\":\"2021-07-07T17:53:24+00:00\",\"breadcrumb\":{\"@id\":\"https:\\\/\\\/informelitoral.com.ar\\\/fallecio-carlos-reutemann-idolo-del-automovilismo-y-referente-del-peronismo\\\/#breadcrumb\"},\"inLanguage\":\"es\",\"potentialAction\":[{\"@type\":\"ReadAction\",\"target\":[\"https:\\\/\\\/informelitoral.com.ar\\\/fallecio-carlos-reutemann-idolo-del-automovilismo-y-referente-del-peronismo\\\/\"]}]},{\"@type\":\"ImageObject\",\"inLanguage\":\"es\",\"@id\":\"https:\\\/\\\/informelitoral.com.ar\\\/fallecio-carlos-reutemann-idolo-del-automovilismo-y-referente-del-peronismo\\\/#primaryimage\",\"url\":\"https:\\\/\\\/informelitoral.com.ar\\\/%77%70%2d%63%6f%6e%74%65%6e%74\\\/uploads\\\/2021\\\/07\\\/carlos-reuteman.jpg\",\"contentUrl\":\"https:\\\/\\\/informelitoral.com.ar\\\/%77%70%2d%63%6f%6e%74%65%6e%74\\\/uploads\\\/2021\\\/07\\\/carlos-reuteman.jpg\",\"width\":879,\"height\":586},{\"@type\":\"BreadcrumbList\",\"@id\":\"https:\\\/\\\/informelitoral.com.ar\\\/fallecio-carlos-reutemann-idolo-del-automovilismo-y-referente-del-peronismo\\\/#breadcrumb\",\"itemListElement\":[{\"@type\":\"ListItem\",\"position\":1,\"name\":\"Portada\",\"item\":\"https:\\\/\\\/informelitoral.com.ar\\\/\"},{\"@type\":\"ListItem\",\"position\":2,\"name\":\"Falleci\u00f3 Carlos Reutemann, \u00eddolo del automovilismo y referente del peronismo\"}]},{\"@type\":\"WebSite\",\"@id\":\"https:\\\/\\\/informelitoral.com.ar\\\/#website\",\"url\":\"https:\\\/\\\/informelitoral.com.ar\\\/\",\"name\":\"Informe Litoral\",\"description\":\"&quot;Nos informamos&quot; \",\"publisher\":{\"@id\":\"https:\\\/\\\/informelitoral.com.ar\\\/#organization\"},\"potentialAction\":[{\"@type\":\"SearchAction\",\"target\":{\"@type\":\"EntryPoint\",\"urlTemplate\":\"https:\\\/\\\/informelitoral.com.ar\\\/?s={search_term_string}\"},\"query-input\":{\"@type\":\"PropertyValueSpecification\",\"valueRequired\":true,\"valueName\":\"search_term_string\"}}],\"inLanguage\":\"es\"},{\"@type\":\"Organization\",\"@id\":\"https:\\\/\\\/informelitoral.com.ar\\\/#organization\",\"name\":\"Informe Litoral\",\"url\":\"https:\\\/\\\/informelitoral.com.ar\\\/\",\"logo\":{\"@type\":\"ImageObject\",\"inLanguage\":\"es\",\"@id\":\"https:\\\/\\\/informelitoral.com.ar\\\/#\\\/schema\\\/logo\\\/image\\\/\",\"url\":\"https:\\\/\\\/informelitoral.com.ar\\\/%77%70%2d%63%6f%6e%74%65%6e%74\\\/uploads\\\/2021\\\/01\\\/circulo.png\",\"contentUrl\":\"https:\\\/\\\/informelitoral.com.ar\\\/%77%70%2d%63%6f%6e%74%65%6e%74\\\/uploads\\\/2021\\\/01\\\/circulo.png\",\"width\":723,\"height\":731,\"caption\":\"Informe Litoral\"},\"image\":{\"@id\":\"https:\\\/\\\/informelitoral.com.ar\\\/#\\\/schema\\\/logo\\\/image\\\/\"},\"sameAs\":[\"https:\\\/\\\/www.facebook.com\\\/informelitoral\\\/\",\"https:\\\/\\\/x.com\\\/InformeLitoral\",\"https:\\\/\\\/www.instagram.com\\\/informelitoral\\\/\",\"https:\\\/\\\/www.youtube.com\\\/channel\\\/UCua4Qvz8Icb6MYqhoq9xLXw\"]},{\"@type\":\"Person\",\"@id\":\"https:\\\/\\\/informelitoral.com.ar\\\/#\\\/schema\\\/person\\\/b9d00407c836482871ef1d57bf8e3180\",\"name\":\"Gonzalo Schmidt\",\"image\":{\"@type\":\"ImageObject\",\"inLanguage\":\"es\",\"@id\":\"https:\\\/\\\/secure.gravatar.com\\\/avatar\\\/31a1a7b66ff2de83bd0e9fd79d026630d2d99e55e8bfe501287647b4fd9743de?s=96&d=mm&r=g\",\"url\":\"https:\\\/\\\/secure.gravatar.com\\\/avatar\\\/31a1a7b66ff2de83bd0e9fd79d026630d2d99e55e8bfe501287647b4fd9743de?s=96&d=mm&r=g\",\"contentUrl\":\"https:\\\/\\\/secure.gravatar.com\\\/avatar\\\/31a1a7b66ff2de83bd0e9fd79d026630d2d99e55e8bfe501287647b4fd9743de?s=96&d=mm&r=g\",\"caption\":\"Gonzalo Schmidt\"},\"description\":\"Sitio web de noticias de la provincia de Entre R\u00edos, Argentina. Informaci\u00f3n y entretenimiento. Informe Litoral, nos informamos.\",\"sameAs\":[\"http:\\\/\\\/www.isletasnoticias.com.ar\"],\"url\":\"https:\\\/\\\/informelitoral.com.ar\\\/author\\\/gonzalo\\\/\"}]}<\/script>","yoast_head_json":{"title":"Falleci\u00f3 Carlos Reutemann, \u00eddolo del automovilismo y referente del peronismo - Informe Litoral","robots":{"index":"index","follow":"follow","max-snippet":"max-snippet:-1","max-image-preview":"max-image-preview:large","max-video-preview":"max-video-preview:-1"},"canonical":"https:\/\/informelitoral.com.ar\/fallecio-carlos-reutemann-idolo-del-automovilismo-y-referente-del-peronismo\/","og_locale":"es_ES","og_type":"article","og_title":"Falleci\u00f3 Carlos Reutemann, \u00eddolo del automovilismo y referente del peronismo - Informe Litoral","og_description":"Ten\u00eda 79 a\u00f1os y ocupaba una banca como senador nacional; estaba internado hace m\u00e1s de un mes en una cl\u00ednica de Santa Fe.","og_url":"https:\/\/informelitoral.com.ar\/fallecio-carlos-reutemann-idolo-del-automovilismo-y-referente-del-peronismo\/","og_site_name":"Informe Litoral","article_publisher":"https:\/\/www.facebook.com\/informelitoral\/","article_published_time":"2021-07-07T17:53:24+00:00","og_image":[{"width":879,"height":586,"url":"https:\/\/informelitoral.com.ar\/%77%70%2d%63%6f%6e%74%65%6e%74\/uploads\/2021\/07\/carlos-reuteman.jpg","type":"image\/jpeg"}],"author":"Gonzalo Schmidt","twitter_card":"summary_large_image","twitter_creator":"@InformeLitoral","twitter_site":"@InformeLitoral","twitter_misc":{"Escrito por":"Gonzalo Schmidt","Tiempo de lectura":"5 minutos"},"schema":{"@context":"https:\/\/schema.org","@graph":[{"@type":"Article","@id":"https:\/\/informelitoral.com.ar\/fallecio-carlos-reutemann-idolo-del-automovilismo-y-referente-del-peronismo\/#article","isPartOf":{"@id":"https:\/\/informelitoral.com.ar\/fallecio-carlos-reutemann-idolo-del-automovilismo-y-referente-del-peronismo\/"},"author":{"name":"Gonzalo Schmidt","@id":"https:\/\/informelitoral.com.ar\/#\/schema\/person\/b9d00407c836482871ef1d57bf8e3180"},"headline":"Falleci\u00f3 Carlos Reutemann, \u00eddolo del automovilismo y referente del peronismo","datePublished":"2021-07-07T17:53:24+00:00","mainEntityOfPage":{"@id":"https:\/\/informelitoral.com.ar\/fallecio-carlos-reutemann-idolo-del-automovilismo-y-referente-del-peronismo\/"},"wordCount":950,"commentCount":0,"publisher":{"@id":"https:\/\/informelitoral.com.ar\/#organization"},"image":{"@id":"https:\/\/informelitoral.com.ar\/fallecio-carlos-reutemann-idolo-del-automovilismo-y-referente-del-peronismo\/#primaryimage"},"thumbnailUrl":"https:\/\/informelitoral.com.ar\/%77%70%2d%63%6f%6e%74%65%6e%74\/uploads\/2021\/07\/carlos-reuteman.jpg","keywords":["Carlos Reutemann","Santa Fe"],"articleSection":["Politica"],"inLanguage":"es","potentialAction":[{"@type":"CommentAction","name":"Comment","target":["https:\/\/informelitoral.com.ar\/fallecio-carlos-reutemann-idolo-del-automovilismo-y-referente-del-peronismo\/#respond"]}]},{"@type":"WebPage","@id":"https:\/\/informelitoral.com.ar\/fallecio-carlos-reutemann-idolo-del-automovilismo-y-referente-del-peronismo\/","url":"https:\/\/informelitoral.com.ar\/fallecio-carlos-reutemann-idolo-del-automovilismo-y-referente-del-peronismo\/","name":"Falleci\u00f3 Carlos Reutemann, \u00eddolo del automovilismo y referente del peronismo - Informe Litoral","isPartOf":{"@id":"https:\/\/informelitoral.com.ar\/#website"},"primaryImageOfPage":{"@id":"https:\/\/informelitoral.com.ar\/fallecio-carlos-reutemann-idolo-del-automovilismo-y-referente-del-peronismo\/#primaryimage"},"image":{"@id":"https:\/\/informelitoral.com.ar\/fallecio-carlos-reutemann-idolo-del-automovilismo-y-referente-del-peronismo\/#primaryimage"},"thumbnailUrl":"https:\/\/informelitoral.com.ar\/%77%70%2d%63%6f%6e%74%65%6e%74\/uploads\/2021\/07\/carlos-reuteman.jpg","datePublished":"2021-07-07T17:53:24+00:00","breadcrumb":{"@id":"https:\/\/informelitoral.com.ar\/fallecio-carlos-reutemann-idolo-del-automovilismo-y-referente-del-peronismo\/#breadcrumb"},"inLanguage":"es","potentialAction":[{"@type":"ReadAction","target":["https:\/\/informelitoral.com.ar\/fallecio-carlos-reutemann-idolo-del-automovilismo-y-referente-del-peronismo\/"]}]},{"@type":"ImageObject","inLanguage":"es","@id":"https:\/\/informelitoral.com.ar\/fallecio-carlos-reutemann-idolo-del-automovilismo-y-referente-del-peronismo\/#primaryimage","url":"https:\/\/informelitoral.com.ar\/%77%70%2d%63%6f%6e%74%65%6e%74\/uploads\/2021\/07\/carlos-reuteman.jpg","contentUrl":"https:\/\/informelitoral.com.ar\/%77%70%2d%63%6f%6e%74%65%6e%74\/uploads\/2021\/07\/carlos-reuteman.jpg","width":879,"height":586},{"@type":"BreadcrumbList","@id":"https:\/\/informelitoral.com.ar\/fallecio-carlos-reutemann-idolo-del-automovilismo-y-referente-del-peronismo\/#breadcrumb","itemListElement":[{"@type":"ListItem","position":1,"name":"Portada","item":"https:\/\/informelitoral.com.ar\/"},{"@type":"ListItem","position":2,"name":"Falleci\u00f3 Carlos Reutemann, \u00eddolo del automovilismo y referente del peronismo"}]},{"@type":"WebSite","@id":"https:\/\/informelitoral.com.ar\/#website","url":"https:\/\/informelitoral.com.ar\/","name":"Informe Litoral","description":"&quot;Nos informamos&quot; ","publisher":{"@id":"https:\/\/informelitoral.com.ar\/#organization"},"potentialAction":[{"@type":"SearchAction","target":{"@type":"EntryPoint","urlTemplate":"https:\/\/informelitoral.com.ar\/?s={search_term_string}"},"query-input":{"@type":"PropertyValueSpecification","valueRequired":true,"valueName":"search_term_string"}}],"inLanguage":"es"},{"@type":"Organization","@id":"https:\/\/informelitoral.com.ar\/#organization","name":"Informe Litoral","url":"https:\/\/informelitoral.com.ar\/","logo":{"@type":"ImageObject","inLanguage":"es","@id":"https:\/\/informelitoral.com.ar\/#\/schema\/logo\/image\/","url":"https:\/\/informelitoral.com.ar\/%77%70%2d%63%6f%6e%74%65%6e%74\/uploads\/2021\/01\/circulo.png","contentUrl":"https:\/\/informelitoral.com.ar\/%77%70%2d%63%6f%6e%74%65%6e%74\/uploads\/2021\/01\/circulo.png","width":723,"height":731,"caption":"Informe Litoral"},"image":{"@id":"https:\/\/informelitoral.com.ar\/#\/schema\/logo\/image\/"},"sameAs":["https:\/\/www.facebook.com\/informelitoral\/","https:\/\/x.com\/InformeLitoral","https:\/\/www.instagram.com\/informelitoral\/","https:\/\/www.youtube.com\/channel\/UCua4Qvz8Icb6MYqhoq9xLXw"]},{"@type":"Person","@id":"https:\/\/informelitoral.com.ar\/#\/schema\/person\/b9d00407c836482871ef1d57bf8e3180","name":"Gonzalo Schmidt","image":{"@type":"ImageObject","inLanguage":"es","@id":"https:\/\/secure.gravatar.com\/avatar\/31a1a7b66ff2de83bd0e9fd79d026630d2d99e55e8bfe501287647b4fd9743de?s=96&d=mm&r=g","url":"https:\/\/secure.gravatar.com\/avatar\/31a1a7b66ff2de83bd0e9fd79d026630d2d99e55e8bfe501287647b4fd9743de?s=96&d=mm&r=g","contentUrl":"https:\/\/secure.gravatar.com\/avatar\/31a1a7b66ff2de83bd0e9fd79d026630d2d99e55e8bfe501287647b4fd9743de?s=96&d=mm&r=g","caption":"Gonzalo Schmidt"},"description":"Sitio web de noticias de la provincia de Entre R\u00edos, Argentina. Informaci\u00f3n y entretenimiento. Informe Litoral, nos informamos.","sameAs":["http:\/\/www.isletasnoticias.com.ar"],"url":"https:\/\/informelitoral.com.ar\/author\/gonzalo\/"}]}},"_links":{"self":[{"href":"https:\/\/informelitoral.com.ar\/%77%70%2d%6a%73%6f%6e\/wp\/v2\/posts\/62055","targetHints":{"allow":["GET"]}}],"collection":[{"href":"https:\/\/informelitoral.com.ar\/%77%70%2d%6a%73%6f%6e\/wp\/v2\/posts"}],"about":[{"href":"https:\/\/informelitoral.com.ar\/%77%70%2d%6a%73%6f%6e\/wp\/v2\/types\/post"}],"author":[{"embeddable":true,"href":"https:\/\/informelitoral.com.ar\/%77%70%2d%6a%73%6f%6e\/wp\/v2\/users\/2"}],"replies":[{"embeddable":true,"href":"https:\/\/informelitoral.com.ar\/%77%70%2d%6a%73%6f%6e\/wp\/v2\/comments?post=62055"}],"version-history":[{"count":0,"href":"https:\/\/informelitoral.com.ar\/%77%70%2d%6a%73%6f%6e\/wp\/v2\/posts\/62055\/revisions"}],"wp:featuredmedia":[{"embeddable":true,"href":"https:\/\/informelitoral.com.ar\/%77%70%2d%6a%73%6f%6e\/wp\/v2\/media\/62056"}],"wp:attachment":[{"href":"https:\/\/informelitoral.com.ar\/%77%70%2d%6a%73%6f%6e\/wp\/v2\/media?parent=62055"}],"wp:term":[{"taxonomy":"category","embeddable":true,"href":"https:\/\/informelitoral.com.ar\/%77%70%2d%6a%73%6f%6e\/wp\/v2\/categories?post=62055"},{"taxonomy":"post_tag","embeddable":true,"href":"https:\/\/informelitoral.com.ar\/%77%70%2d%6a%73%6f%6e\/wp\/v2\/tags?post=62055"}],"curies":[{"name":"wp","href":"https:\/\/api.w.org\/{rel}","templated":true}]}}