{"id":62003,"date":"2021-07-07T00:12:26","date_gmt":"2021-07-07T03:12:26","guid":{"rendered":"https:\/\/www.informelitoral.com.ar\/?p=62003"},"modified":"2021-07-07T00:25:45","modified_gmt":"2021-07-07T03:25:45","slug":"argentina-a-la-final-de-la-copa-america-2021","status":"publish","type":"post","link":"https:\/\/informelitoral.com.ar\/argentina-a-la-final-de-la-copa-america-2021\/","title":{"rendered":"Argentina a la final de la Copa Am\u00e9rica 2021"},"content":{"rendered":"<p class=\"paragraph\"><b>Argentina y Colombia igualaron 1-1<\/b>\u00a0en la semifinal de la\u00a0<b>Copa Am\u00e9rica<\/b>\u00a0disputada en Brasilia.\u00a0<b>Lautaro Mart\u00ednez y Luis D\u00edaz<\/b> convirtieron los goles en un duelo intenso.<\/p>\n<p class=\"paragraph\">La Selecci\u00f3n sali\u00f3 con la postura de todos los partidos que disput\u00f3 hasta el momento en la Copa Am\u00e9rica. Con presi\u00f3n extendida, movilidad y Messi en los \u00faltimos metros, como la carta ganadora, la de desequilibrio. As\u00ed, e<b>n 5 minutos lleg\u00f3 dos veces a fondo, y en una lleg\u00f3 al gol<\/b>. Primero, la jugada individual de la Pulga termin\u00f3 en un centro que Lautaro Mart\u00ednez cabece\u00f3 desviado. Luego, el centro atr\u00e1s del capit\u00e1n (tras una gran cesi\u00f3n de Lo Celso) encontr\u00f3 otra vez al delantero del Inter, que defini\u00f3 cruzado y con precisi\u00f3n: 1-0.<\/p>\n<p class=\"paragraph\">Colombia tambi\u00e9n ejerci\u00f3 un pressing intenso en la salida, que oblig\u00f3 a la Selecci\u00f3n a procurar precisi\u00f3n e imaginaci\u00f3n para el inicio de la acci\u00f3n. Los orientados por Reinaldo Rueda volcaron su ofensiva por la derecha, <b>desde la velocidad de Cuadrado, que tuvo la primera chance para los cafeteros: un remate del hombre de la Juventus que conjur\u00f3 Emiliano Mart\u00ednez, a los 7 minutos<\/b>.<\/p>\n<p class=\"paragraph\">Obligado a asumir un rol protag\u00f3nico, Colombia se plant\u00f3 en mitad de campo y el duelo se hizo disputados, con roces y discusiones. Con la potencia de Zapata y los centros desde los costados, incomod\u00f3 a Argentina, pero no gener\u00f3 riesgo claro hasta los 36. Y fue por duplicado.<\/p>\n<p class=\"paragraph\">Primero, Wilmar Barrios remat\u00f3 desde afuera del \u00e1rea, rebot\u00f3 en la mano de Lo Celso y dio en la base del palo. Segundos despu\u00e9s, un cabezazo de Terry Mina dio en el travesa\u00f1o. Argentina pudo salir del asedio a partir del aguante de espaldas de Lautaro y cuando Messi, Lo Celso y De Paul retomaron el bal\u00f3n.<\/p>\n<p class=\"paragraph\">En el ep\u00edlogo de la etapa inicial, incluso pudo ampliar el score:\u00a0<b>a los 43\u2032, la Pulga ejecut\u00f3 un c\u00f3rner al segundo palo, donde apareci\u00f3 Nico Gonz\u00e1lez. Su arremetida marchaba derecho al gol, pero Ospina, casi de casualidad, rechaz\u00f3 por encima del larguero.<\/b><\/p>\n<p class=\"paragraph\">Rueda jug\u00f3 fuerte para el comienzo del segundo tiempo: apost\u00f3 por tres cambios; los ingresos de Char\u00e1, Fabra y Cardona para incrementar el volumen de juego. Scaloni tambi\u00e9n movi\u00f3 banco, pero para corregir. Montiel salt\u00f3 al campo en lugar de Molina, quien hab\u00eda sufrido a Luis D\u00edaz.<\/p>\n<p class=\"paragraph\">Colombia sigui\u00f3 con el tim\u00f3n del partido. Siempre con el carril izquierdo como el m\u00e1s f\u00e9rtil, merode\u00f3 el \u00e1rea de Mart\u00ednez. A la Albiceleste le cost\u00f3 construir oasis de tenencia. Encima, Fabra sinti\u00f3 en continuado el rigor adversario. Fabra lo golpe\u00f3 y le dej\u00f3 una herida en el tobillo; instantes despu\u00e9s volvi\u00f3 a cometerle infracci\u00f3n y se gan\u00f3 la amarilla (que debi\u00f3 ser la segunda y la consecuente expulsi\u00f3n). Luego el que lo baj\u00f3 fue Mu\u00f1oz, generando el fastidio de la estrella del Barcelona.<\/p>\n<p class=\"paragraph\"><b>A los 16\u2032 del complemento, el empuje colombiano tuvo su premio: Cardona puso a correr a D\u00edaz, que super\u00f3 a Montiel y a Pezzella y defini\u00f3 con calidad<\/b>.<\/p>\n<p class=\"paragraph\">El empate llev\u00f3 a Colombia a no ofrecerse tanto, m\u00e1s all\u00e1 de que Cuadrado y D\u00edaz siguieron erosionando por las bandas. Con Di Mar\u00eda y su v\u00e9rtigo, Messi encontr\u00f3 un mejor socio y volvi\u00f3 al juego. Gener\u00f3 dos oportunidades clar\u00edsimas, que no logr\u00f3 aprovechar.<\/p>\n<p class=\"paragraph\">A los 27 Di Mar\u00eda gambete\u00f3 a Ospina y cedi\u00f3 para Mart\u00ednez, que no se tom\u00f3 el segundo extra que ped\u00eda la acci\u00f3n: remat\u00f3 de primera y un defensor rest\u00f3 en la l\u00ednea. Y a 10 del ep\u00edlogo, Fideo habilit\u00f3 a la Pulga, quien gir\u00f3 y remat\u00f3 de zurda. Tras un roce en un adversario, el bal\u00f3n impact\u00f3 en el palo.<\/p>\n<p>Pero en los remates desde los 12 pasos, Dibu Mart\u00ednez confirm\u00f3 por qu\u00e9 es el arquero m\u00e1s caro de la historia del f\u00fatbol argentino. <b>Con un trabajo psicol\u00f3gico en la previa de cada ejecuci\u00f3n, contuvo los intentos de S\u00e1nchez, Mina y Cardona<\/b>. Argentina fue preciso (Messi abri\u00f3 la senda de la victoria y s\u00f3lo fall\u00f3 De Paul, quien tir\u00f3 por encima del travesa\u00f1o) y volver\u00e1 a jugar una final de Am\u00e9rica, la quinta del siglo XXI. \u00bfSer\u00e1 la vencida? \u00bfLlegar\u00e1 el primer t\u00edtulo a nivel Mayores con la Selecci\u00f3n para el capit\u00e1n? <em>(Infobae)<\/em><\/p>\n","protected":false},"excerpt":{"rendered":"<p>Con un Messi imparable y un arquero invencible la Selecci\u00f3n venci\u00f3 a Colombia en los penales. El s\u00e1bado ser\u00e1 otra historia, ante el local, Brasil.<\/p>\n","protected":false},"author":2,"featured_media":62004,"comment_status":"open","ping_status":"open","sticky":false,"template":"","format":"standard","meta":{"fifu_image_url":"","fifu_image_alt":"","footnotes":""},"categories":[13],"tags":[2276],"class_list":{"0":"post-62003","1":"post","2":"type-post","3":"status-publish","4":"format-standard","5":"has-post-thumbnail","7":"category-deportes","8":"tag-copa-america"},"yoast_head":"<title>Argentina a la final de la Copa Am\u00e9rica 2021 - Informe Litoral<\/title>\n<meta name=\"robots\" content=\"index, follow, max-snippet:-1, max-image-preview:large, max-video-preview:-1\" \/>\n<link rel=\"canonical\" href=\"https:\/\/informelitoral.com.ar\/argentina-a-la-final-de-la-copa-america-2021\/\" \/>\n<meta property=\"og:locale\" content=\"es_ES\" \/>\n<meta property=\"og:type\" content=\"article\" \/>\n<meta property=\"og:title\" content=\"Argentina a la final de la Copa Am\u00e9rica 2021 - Informe Litoral\" \/>\n<meta property=\"og:description\" content=\"Con un Messi imparable y un arquero invencible la Selecci\u00f3n venci\u00f3 a Colombia en los penales. El s\u00e1bado ser\u00e1 otra historia, ante el local, Brasil.\" \/>\n<meta property=\"og:url\" content=\"https:\/\/informelitoral.com.ar\/argentina-a-la-final-de-la-copa-america-2021\/\" \/>\n<meta property=\"og:site_name\" content=\"Informe Litoral\" \/>\n<meta property=\"article:publisher\" content=\"https:\/\/www.facebook.com\/informelitoral\/\" \/>\n<meta property=\"article:published_time\" content=\"2021-07-07T03:12:26+00:00\" \/>\n<meta property=\"article:modified_time\" content=\"2021-07-07T03:25:45+00:00\" \/>\n<meta property=\"og:image\" content=\"https:\/\/informelitoral.com.ar\/%77%70%2d%63%6f%6e%74%65%6e%74\/uploads\/2021\/07\/foto-copaamerica.jpg\" \/>\n\t<meta property=\"og:image:width\" content=\"690\" \/>\n\t<meta property=\"og:image:height\" content=\"460\" \/>\n\t<meta property=\"og:image:type\" content=\"image\/jpeg\" \/>\n<meta name=\"author\" content=\"Gonzalo Schmidt\" \/>\n<meta name=\"twitter:card\" content=\"summary_large_image\" \/>\n<meta name=\"twitter:creator\" content=\"@InformeLitoral\" \/>\n<meta name=\"twitter:site\" content=\"@InformeLitoral\" \/>\n<meta name=\"twitter:label1\" content=\"Escrito por\" \/>\n\t<meta name=\"twitter:data1\" content=\"Gonzalo Schmidt\" \/>\n\t<meta name=\"twitter:label2\" content=\"Tiempo de lectura\" \/>\n\t<meta name=\"twitter:data2\" content=\"4 minutos\" \/>\n<script type=\"application\/ld+json\" class=\"yoast-schema-graph\">{\"@context\":\"https:\\\/\\\/schema.org\",\"@graph\":[{\"@type\":\"Article\",\"@id\":\"https:\\\/\\\/informelitoral.com.ar\\\/argentina-a-la-final-de-la-copa-america-2021\\\/#article\",\"isPartOf\":{\"@id\":\"https:\\\/\\\/informelitoral.com.ar\\\/argentina-a-la-final-de-la-copa-america-2021\\\/\"},\"author\":{\"name\":\"Gonzalo Schmidt\",\"@id\":\"https:\\\/\\\/informelitoral.com.ar\\\/#\\\/schema\\\/person\\\/b9d00407c836482871ef1d57bf8e3180\"},\"headline\":\"Argentina a la final de la Copa Am\u00e9rica 2021\",\"datePublished\":\"2021-07-07T03:12:26+00:00\",\"dateModified\":\"2021-07-07T03:25:45+00:00\",\"mainEntityOfPage\":{\"@id\":\"https:\\\/\\\/informelitoral.com.ar\\\/argentina-a-la-final-de-la-copa-america-2021\\\/\"},\"wordCount\":752,\"commentCount\":0,\"publisher\":{\"@id\":\"https:\\\/\\\/informelitoral.com.ar\\\/#organization\"},\"image\":{\"@id\":\"https:\\\/\\\/informelitoral.com.ar\\\/argentina-a-la-final-de-la-copa-america-2021\\\/#primaryimage\"},\"thumbnailUrl\":\"https:\\\/\\\/informelitoral.com.ar\\\/%77%70%2d%63%6f%6e%74%65%6e%74\\\/uploads\\\/2021\\\/07\\\/foto-copaamerica.jpg\",\"keywords\":[\"Copa Am\u00e9rica\"],\"articleSection\":[\"Deportes\"],\"inLanguage\":\"es\",\"potentialAction\":[{\"@type\":\"CommentAction\",\"name\":\"Comment\",\"target\":[\"https:\\\/\\\/informelitoral.com.ar\\\/argentina-a-la-final-de-la-copa-america-2021\\\/#respond\"]}]},{\"@type\":\"WebPage\",\"@id\":\"https:\\\/\\\/informelitoral.com.ar\\\/argentina-a-la-final-de-la-copa-america-2021\\\/\",\"url\":\"https:\\\/\\\/informelitoral.com.ar\\\/argentina-a-la-final-de-la-copa-america-2021\\\/\",\"name\":\"Argentina a la final de la Copa Am\u00e9rica 2021 - Informe Litoral\",\"isPartOf\":{\"@id\":\"https:\\\/\\\/informelitoral.com.ar\\\/#website\"},\"primaryImageOfPage\":{\"@id\":\"https:\\\/\\\/informelitoral.com.ar\\\/argentina-a-la-final-de-la-copa-america-2021\\\/#primaryimage\"},\"image\":{\"@id\":\"https:\\\/\\\/informelitoral.com.ar\\\/argentina-a-la-final-de-la-copa-america-2021\\\/#primaryimage\"},\"thumbnailUrl\":\"https:\\\/\\\/informelitoral.com.ar\\\/%77%70%2d%63%6f%6e%74%65%6e%74\\\/uploads\\\/2021\\\/07\\\/foto-copaamerica.jpg\",\"datePublished\":\"2021-07-07T03:12:26+00:00\",\"dateModified\":\"2021-07-07T03:25:45+00:00\",\"breadcrumb\":{\"@id\":\"https:\\\/\\\/informelitoral.com.ar\\\/argentina-a-la-final-de-la-copa-america-2021\\\/#breadcrumb\"},\"inLanguage\":\"es\",\"potentialAction\":[{\"@type\":\"ReadAction\",\"target\":[\"https:\\\/\\\/informelitoral.com.ar\\\/argentina-a-la-final-de-la-copa-america-2021\\\/\"]}]},{\"@type\":\"ImageObject\",\"inLanguage\":\"es\",\"@id\":\"https:\\\/\\\/informelitoral.com.ar\\\/argentina-a-la-final-de-la-copa-america-2021\\\/#primaryimage\",\"url\":\"https:\\\/\\\/informelitoral.com.ar\\\/%77%70%2d%63%6f%6e%74%65%6e%74\\\/uploads\\\/2021\\\/07\\\/foto-copaamerica.jpg\",\"contentUrl\":\"https:\\\/\\\/informelitoral.com.ar\\\/%77%70%2d%63%6f%6e%74%65%6e%74\\\/uploads\\\/2021\\\/07\\\/foto-copaamerica.jpg\",\"width\":690,\"height\":460},{\"@type\":\"BreadcrumbList\",\"@id\":\"https:\\\/\\\/informelitoral.com.ar\\\/argentina-a-la-final-de-la-copa-america-2021\\\/#breadcrumb\",\"itemListElement\":[{\"@type\":\"ListItem\",\"position\":1,\"name\":\"Portada\",\"item\":\"https:\\\/\\\/informelitoral.com.ar\\\/\"},{\"@type\":\"ListItem\",\"position\":2,\"name\":\"Argentina a la final de la Copa Am\u00e9rica 2021\"}]},{\"@type\":\"WebSite\",\"@id\":\"https:\\\/\\\/informelitoral.com.ar\\\/#website\",\"url\":\"https:\\\/\\\/informelitoral.com.ar\\\/\",\"name\":\"Informe Litoral\",\"description\":\"&quot;Nos informamos&quot; \",\"publisher\":{\"@id\":\"https:\\\/\\\/informelitoral.com.ar\\\/#organization\"},\"potentialAction\":[{\"@type\":\"SearchAction\",\"target\":{\"@type\":\"EntryPoint\",\"urlTemplate\":\"https:\\\/\\\/informelitoral.com.ar\\\/?s={search_term_string}\"},\"query-input\":{\"@type\":\"PropertyValueSpecification\",\"valueRequired\":true,\"valueName\":\"search_term_string\"}}],\"inLanguage\":\"es\"},{\"@type\":\"Organization\",\"@id\":\"https:\\\/\\\/informelitoral.com.ar\\\/#organization\",\"name\":\"Informe Litoral\",\"url\":\"https:\\\/\\\/informelitoral.com.ar\\\/\",\"logo\":{\"@type\":\"ImageObject\",\"inLanguage\":\"es\",\"@id\":\"https:\\\/\\\/informelitoral.com.ar\\\/#\\\/schema\\\/logo\\\/image\\\/\",\"url\":\"https:\\\/\\\/informelitoral.com.ar\\\/%77%70%2d%63%6f%6e%74%65%6e%74\\\/uploads\\\/2021\\\/01\\\/circulo.png\",\"contentUrl\":\"https:\\\/\\\/informelitoral.com.ar\\\/%77%70%2d%63%6f%6e%74%65%6e%74\\\/uploads\\\/2021\\\/01\\\/circulo.png\",\"width\":723,\"height\":731,\"caption\":\"Informe Litoral\"},\"image\":{\"@id\":\"https:\\\/\\\/informelitoral.com.ar\\\/#\\\/schema\\\/logo\\\/image\\\/\"},\"sameAs\":[\"https:\\\/\\\/www.facebook.com\\\/informelitoral\\\/\",\"https:\\\/\\\/x.com\\\/InformeLitoral\",\"https:\\\/\\\/www.instagram.com\\\/informelitoral\\\/\",\"https:\\\/\\\/www.youtube.com\\\/channel\\\/UCua4Qvz8Icb6MYqhoq9xLXw\"]},{\"@type\":\"Person\",\"@id\":\"https:\\\/\\\/informelitoral.com.ar\\\/#\\\/schema\\\/person\\\/b9d00407c836482871ef1d57bf8e3180\",\"name\":\"Gonzalo Schmidt\",\"image\":{\"@type\":\"ImageObject\",\"inLanguage\":\"es\",\"@id\":\"https:\\\/\\\/secure.gravatar.com\\\/avatar\\\/31a1a7b66ff2de83bd0e9fd79d026630d2d99e55e8bfe501287647b4fd9743de?s=96&d=mm&r=g\",\"url\":\"https:\\\/\\\/secure.gravatar.com\\\/avatar\\\/31a1a7b66ff2de83bd0e9fd79d026630d2d99e55e8bfe501287647b4fd9743de?s=96&d=mm&r=g\",\"contentUrl\":\"https:\\\/\\\/secure.gravatar.com\\\/avatar\\\/31a1a7b66ff2de83bd0e9fd79d026630d2d99e55e8bfe501287647b4fd9743de?s=96&d=mm&r=g\",\"caption\":\"Gonzalo Schmidt\"},\"description\":\"Sitio web de noticias de la provincia de Entre R\u00edos, Argentina. Informaci\u00f3n y entretenimiento. Informe Litoral, nos informamos.\",\"sameAs\":[\"http:\\\/\\\/www.isletasnoticias.com.ar\"],\"url\":\"https:\\\/\\\/informelitoral.com.ar\\\/author\\\/gonzalo\\\/\"}]}<\/script>","yoast_head_json":{"title":"Argentina a la final de la Copa Am\u00e9rica 2021 - Informe Litoral","robots":{"index":"index","follow":"follow","max-snippet":"max-snippet:-1","max-image-preview":"max-image-preview:large","max-video-preview":"max-video-preview:-1"},"canonical":"https:\/\/informelitoral.com.ar\/argentina-a-la-final-de-la-copa-america-2021\/","og_locale":"es_ES","og_type":"article","og_title":"Argentina a la final de la Copa Am\u00e9rica 2021 - Informe Litoral","og_description":"Con un Messi imparable y un arquero invencible la Selecci\u00f3n venci\u00f3 a Colombia en los penales. El s\u00e1bado ser\u00e1 otra historia, ante el local, Brasil.","og_url":"https:\/\/informelitoral.com.ar\/argentina-a-la-final-de-la-copa-america-2021\/","og_site_name":"Informe Litoral","article_publisher":"https:\/\/www.facebook.com\/informelitoral\/","article_published_time":"2021-07-07T03:12:26+00:00","article_modified_time":"2021-07-07T03:25:45+00:00","og_image":[{"width":690,"height":460,"url":"https:\/\/informelitoral.com.ar\/%77%70%2d%63%6f%6e%74%65%6e%74\/uploads\/2021\/07\/foto-copaamerica.jpg","type":"image\/jpeg"}],"author":"Gonzalo Schmidt","twitter_card":"summary_large_image","twitter_creator":"@InformeLitoral","twitter_site":"@InformeLitoral","twitter_misc":{"Escrito por":"Gonzalo Schmidt","Tiempo de lectura":"4 minutos"},"schema":{"@context":"https:\/\/schema.org","@graph":[{"@type":"Article","@id":"https:\/\/informelitoral.com.ar\/argentina-a-la-final-de-la-copa-america-2021\/#article","isPartOf":{"@id":"https:\/\/informelitoral.com.ar\/argentina-a-la-final-de-la-copa-america-2021\/"},"author":{"name":"Gonzalo Schmidt","@id":"https:\/\/informelitoral.com.ar\/#\/schema\/person\/b9d00407c836482871ef1d57bf8e3180"},"headline":"Argentina a la final de la Copa Am\u00e9rica 2021","datePublished":"2021-07-07T03:12:26+00:00","dateModified":"2021-07-07T03:25:45+00:00","mainEntityOfPage":{"@id":"https:\/\/informelitoral.com.ar\/argentina-a-la-final-de-la-copa-america-2021\/"},"wordCount":752,"commentCount":0,"publisher":{"@id":"https:\/\/informelitoral.com.ar\/#organization"},"image":{"@id":"https:\/\/informelitoral.com.ar\/argentina-a-la-final-de-la-copa-america-2021\/#primaryimage"},"thumbnailUrl":"https:\/\/informelitoral.com.ar\/%77%70%2d%63%6f%6e%74%65%6e%74\/uploads\/2021\/07\/foto-copaamerica.jpg","keywords":["Copa Am\u00e9rica"],"articleSection":["Deportes"],"inLanguage":"es","potentialAction":[{"@type":"CommentAction","name":"Comment","target":["https:\/\/informelitoral.com.ar\/argentina-a-la-final-de-la-copa-america-2021\/#respond"]}]},{"@type":"WebPage","@id":"https:\/\/informelitoral.com.ar\/argentina-a-la-final-de-la-copa-america-2021\/","url":"https:\/\/informelitoral.com.ar\/argentina-a-la-final-de-la-copa-america-2021\/","name":"Argentina a la final de la Copa Am\u00e9rica 2021 - Informe Litoral","isPartOf":{"@id":"https:\/\/informelitoral.com.ar\/#website"},"primaryImageOfPage":{"@id":"https:\/\/informelitoral.com.ar\/argentina-a-la-final-de-la-copa-america-2021\/#primaryimage"},"image":{"@id":"https:\/\/informelitoral.com.ar\/argentina-a-la-final-de-la-copa-america-2021\/#primaryimage"},"thumbnailUrl":"https:\/\/informelitoral.com.ar\/%77%70%2d%63%6f%6e%74%65%6e%74\/uploads\/2021\/07\/foto-copaamerica.jpg","datePublished":"2021-07-07T03:12:26+00:00","dateModified":"2021-07-07T03:25:45+00:00","breadcrumb":{"@id":"https:\/\/informelitoral.com.ar\/argentina-a-la-final-de-la-copa-america-2021\/#breadcrumb"},"inLanguage":"es","potentialAction":[{"@type":"ReadAction","target":["https:\/\/informelitoral.com.ar\/argentina-a-la-final-de-la-copa-america-2021\/"]}]},{"@type":"ImageObject","inLanguage":"es","@id":"https:\/\/informelitoral.com.ar\/argentina-a-la-final-de-la-copa-america-2021\/#primaryimage","url":"https:\/\/informelitoral.com.ar\/%77%70%2d%63%6f%6e%74%65%6e%74\/uploads\/2021\/07\/foto-copaamerica.jpg","contentUrl":"https:\/\/informelitoral.com.ar\/%77%70%2d%63%6f%6e%74%65%6e%74\/uploads\/2021\/07\/foto-copaamerica.jpg","width":690,"height":460},{"@type":"BreadcrumbList","@id":"https:\/\/informelitoral.com.ar\/argentina-a-la-final-de-la-copa-america-2021\/#breadcrumb","itemListElement":[{"@type":"ListItem","position":1,"name":"Portada","item":"https:\/\/informelitoral.com.ar\/"},{"@type":"ListItem","position":2,"name":"Argentina a la final de la Copa Am\u00e9rica 2021"}]},{"@type":"WebSite","@id":"https:\/\/informelitoral.com.ar\/#website","url":"https:\/\/informelitoral.com.ar\/","name":"Informe Litoral","description":"&quot;Nos informamos&quot; ","publisher":{"@id":"https:\/\/informelitoral.com.ar\/#organization"},"potentialAction":[{"@type":"SearchAction","target":{"@type":"EntryPoint","urlTemplate":"https:\/\/informelitoral.com.ar\/?s={search_term_string}"},"query-input":{"@type":"PropertyValueSpecification","valueRequired":true,"valueName":"search_term_string"}}],"inLanguage":"es"},{"@type":"Organization","@id":"https:\/\/informelitoral.com.ar\/#organization","name":"Informe Litoral","url":"https:\/\/informelitoral.com.ar\/","logo":{"@type":"ImageObject","inLanguage":"es","@id":"https:\/\/informelitoral.com.ar\/#\/schema\/logo\/image\/","url":"https:\/\/informelitoral.com.ar\/%77%70%2d%63%6f%6e%74%65%6e%74\/uploads\/2021\/01\/circulo.png","contentUrl":"https:\/\/informelitoral.com.ar\/%77%70%2d%63%6f%6e%74%65%6e%74\/uploads\/2021\/01\/circulo.png","width":723,"height":731,"caption":"Informe Litoral"},"image":{"@id":"https:\/\/informelitoral.com.ar\/#\/schema\/logo\/image\/"},"sameAs":["https:\/\/www.facebook.com\/informelitoral\/","https:\/\/x.com\/InformeLitoral","https:\/\/www.instagram.com\/informelitoral\/","https:\/\/www.youtube.com\/channel\/UCua4Qvz8Icb6MYqhoq9xLXw"]},{"@type":"Person","@id":"https:\/\/informelitoral.com.ar\/#\/schema\/person\/b9d00407c836482871ef1d57bf8e3180","name":"Gonzalo Schmidt","image":{"@type":"ImageObject","inLanguage":"es","@id":"https:\/\/secure.gravatar.com\/avatar\/31a1a7b66ff2de83bd0e9fd79d026630d2d99e55e8bfe501287647b4fd9743de?s=96&d=mm&r=g","url":"https:\/\/secure.gravatar.com\/avatar\/31a1a7b66ff2de83bd0e9fd79d026630d2d99e55e8bfe501287647b4fd9743de?s=96&d=mm&r=g","contentUrl":"https:\/\/secure.gravatar.com\/avatar\/31a1a7b66ff2de83bd0e9fd79d026630d2d99e55e8bfe501287647b4fd9743de?s=96&d=mm&r=g","caption":"Gonzalo Schmidt"},"description":"Sitio web de noticias de la provincia de Entre R\u00edos, Argentina. Informaci\u00f3n y entretenimiento. Informe Litoral, nos informamos.","sameAs":["http:\/\/www.isletasnoticias.com.ar"],"url":"https:\/\/informelitoral.com.ar\/author\/gonzalo\/"}]}},"_links":{"self":[{"href":"https:\/\/informelitoral.com.ar\/%77%70%2d%6a%73%6f%6e\/wp\/v2\/posts\/62003","targetHints":{"allow":["GET"]}}],"collection":[{"href":"https:\/\/informelitoral.com.ar\/%77%70%2d%6a%73%6f%6e\/wp\/v2\/posts"}],"about":[{"href":"https:\/\/informelitoral.com.ar\/%77%70%2d%6a%73%6f%6e\/wp\/v2\/types\/post"}],"author":[{"embeddable":true,"href":"https:\/\/informelitoral.com.ar\/%77%70%2d%6a%73%6f%6e\/wp\/v2\/users\/2"}],"replies":[{"embeddable":true,"href":"https:\/\/informelitoral.com.ar\/%77%70%2d%6a%73%6f%6e\/wp\/v2\/comments?post=62003"}],"version-history":[{"count":0,"href":"https:\/\/informelitoral.com.ar\/%77%70%2d%6a%73%6f%6e\/wp\/v2\/posts\/62003\/revisions"}],"wp:featuredmedia":[{"embeddable":true,"href":"https:\/\/informelitoral.com.ar\/%77%70%2d%6a%73%6f%6e\/wp\/v2\/media\/62004"}],"wp:attachment":[{"href":"https:\/\/informelitoral.com.ar\/%77%70%2d%6a%73%6f%6e\/wp\/v2\/media?parent=62003"}],"wp:term":[{"taxonomy":"category","embeddable":true,"href":"https:\/\/informelitoral.com.ar\/%77%70%2d%6a%73%6f%6e\/wp\/v2\/categories?post=62003"},{"taxonomy":"post_tag","embeddable":true,"href":"https:\/\/informelitoral.com.ar\/%77%70%2d%6a%73%6f%6e\/wp\/v2\/tags?post=62003"}],"curies":[{"name":"wp","href":"https:\/\/api.w.org\/{rel}","templated":true}]}}