{"id":61930,"date":"2021-07-05T09:42:15","date_gmt":"2021-07-05T12:42:15","guid":{"rendered":"https:\/\/www.informelitoral.com.ar\/?p=61930"},"modified":"2021-07-05T20:28:20","modified_gmt":"2021-07-05T23:28:20","slug":"sabias-que-la-primera-pelicula-animada-de-la-historia-fue-toy-story","status":"publish","type":"post","link":"https:\/\/informelitoral.com.ar\/sabias-que-la-primera-pelicula-animada-de-la-historia-fue-toy-story\/","title":{"rendered":"\u00bfSab\u00edas qu\u00e9?: La primera pel\u00edcula animada de la historia fue Toy Story"},"content":{"rendered":"<p>Todo empieza con un corte animado llamado Tin Toy que fue el primer corto animado en ganar un Premio Oscar. En ese momento Pixar tuvo la idea de hacer una pel\u00edcula animada por computadora en CGI, se ten\u00eda pensado en un principio que el protagonista fuese Tin Toy y que el villano ser\u00eda Woody. Luego de varios cambios en el gui\u00f3, la pel\u00edcula termin\u00f3 siendo lo que conocemos hoy en d\u00eda.<\/p>\n<p><em><a href=\"https:\/\/www.informelitoral.com.ar\/%77%70%2d%63%6f%6e%74%65%6e%74\/uploads\/2021\/07\/toy-story.jpg\"><img loading=\"lazy\" decoding=\"async\" class=\"aligncenter wp-image-61931 size-full\" src=\"https:\/\/www.informelitoral.com.ar\/%77%70%2d%63%6f%6e%74%65%6e%74\/uploads\/2021\/07\/toy-story.jpg\" alt=\"\" width=\"315\" height=\"445\" srcset=\"https:\/\/informelitoral.com.ar\/%77%70%2d%63%6f%6e%74%65%6e%74\/uploads\/2021\/07\/toy-story.jpg 315w, https:\/\/informelitoral.com.ar\/%77%70%2d%63%6f%6e%74%65%6e%74\/uploads\/2021\/07\/toy-story-212x300.jpg 212w, https:\/\/informelitoral.com.ar\/%77%70%2d%63%6f%6e%74%65%6e%74\/uploads\/2021\/07\/toy-story-297x420.jpg 297w\" sizes=\"auto, (max-width: 315px) 100vw, 315px\" \/><\/a><\/em><\/p>\n","protected":false},"excerpt":{"rendered":"<p>En esta secci\u00f3n, Tom\u00e1s Dagnino presenta algunas de las tantas curiosidades del mundo. En este caso, sobre una cl\u00e1sica pel\u00edcula infantil: Toy Story.<\/p>\n","protected":false},"author":2,"featured_media":61932,"comment_status":"open","ping_status":"open","sticky":false,"template":"","format":"standard","meta":{"fifu_image_url":"","fifu_image_alt":"","footnotes":""},"categories":[9],"tags":[2319],"class_list":{"0":"post-61930","1":"post","2":"type-post","3":"status-publish","4":"format-standard","5":"has-post-thumbnail","7":"category-sociedad","8":"tag-curiosidades"},"yoast_head":"<title>\u00bfSab\u00edas qu\u00e9?: La primera pel\u00edcula animada de la historia fue Toy Story - Informe Litoral<\/title>\n<meta name=\"robots\" content=\"index, follow, max-snippet:-1, max-image-preview:large, max-video-preview:-1\" \/>\n<link rel=\"canonical\" href=\"https:\/\/informelitoral.com.ar\/sabias-que-la-primera-pelicula-animada-de-la-historia-fue-toy-story\/\" \/>\n<meta property=\"og:locale\" content=\"es_ES\" \/>\n<meta property=\"og:type\" content=\"article\" \/>\n<meta property=\"og:title\" content=\"\u00bfSab\u00edas qu\u00e9?: La primera pel\u00edcula animada de la historia fue Toy Story - Informe Litoral\" \/>\n<meta property=\"og:description\" content=\"En esta secci\u00f3n, Tom\u00e1s Dagnino presenta algunas de las tantas curiosidades del mundo. En este caso, sobre una cl\u00e1sica pel\u00edcula infantil: Toy Story.\" \/>\n<meta property=\"og:url\" content=\"https:\/\/informelitoral.com.ar\/sabias-que-la-primera-pelicula-animada-de-la-historia-fue-toy-story\/\" \/>\n<meta property=\"og:site_name\" content=\"Informe Litoral\" \/>\n<meta property=\"article:publisher\" content=\"https:\/\/www.facebook.com\/informelitoral\/\" \/>\n<meta property=\"article:published_time\" content=\"2021-07-05T12:42:15+00:00\" \/>\n<meta property=\"article:modified_time\" content=\"2021-07-05T23:28:20+00:00\" \/>\n<meta property=\"og:image\" content=\"https:\/\/informelitoral.com.ar\/%77%70%2d%63%6f%6e%74%65%6e%74\/uploads\/2021\/07\/toy-story-2.jpg\" \/>\n\t<meta property=\"og:image:width\" content=\"538\" \/>\n\t<meta property=\"og:image:height\" content=\"403\" \/>\n\t<meta property=\"og:image:type\" content=\"image\/jpeg\" \/>\n<meta name=\"author\" content=\"Gonzalo Schmidt\" \/>\n<meta name=\"twitter:card\" content=\"summary_large_image\" \/>\n<meta name=\"twitter:creator\" content=\"@InformeLitoral\" \/>\n<meta name=\"twitter:site\" content=\"@InformeLitoral\" \/>\n<meta name=\"twitter:label1\" content=\"Escrito por\" \/>\n\t<meta name=\"twitter:data1\" content=\"Gonzalo Schmidt\" \/>\n<script type=\"application\/ld+json\" class=\"yoast-schema-graph\">{\"@context\":\"https:\\\/\\\/schema.org\",\"@graph\":[{\"@type\":\"Article\",\"@id\":\"https:\\\/\\\/informelitoral.com.ar\\\/sabias-que-la-primera-pelicula-animada-de-la-historia-fue-toy-story\\\/#article\",\"isPartOf\":{\"@id\":\"https:\\\/\\\/informelitoral.com.ar\\\/sabias-que-la-primera-pelicula-animada-de-la-historia-fue-toy-story\\\/\"},\"author\":{\"name\":\"Gonzalo Schmidt\",\"@id\":\"https:\\\/\\\/informelitoral.com.ar\\\/#\\\/schema\\\/person\\\/b9d00407c836482871ef1d57bf8e3180\"},\"headline\":\"\u00bfSab\u00edas qu\u00e9?: La primera pel\u00edcula animada de la historia fue Toy Story\",\"datePublished\":\"2021-07-05T12:42:15+00:00\",\"dateModified\":\"2021-07-05T23:28:20+00:00\",\"mainEntityOfPage\":{\"@id\":\"https:\\\/\\\/informelitoral.com.ar\\\/sabias-que-la-primera-pelicula-animada-de-la-historia-fue-toy-story\\\/\"},\"wordCount\":90,\"commentCount\":0,\"publisher\":{\"@id\":\"https:\\\/\\\/informelitoral.com.ar\\\/#organization\"},\"image\":{\"@id\":\"https:\\\/\\\/informelitoral.com.ar\\\/sabias-que-la-primera-pelicula-animada-de-la-historia-fue-toy-story\\\/#primaryimage\"},\"thumbnailUrl\":\"https:\\\/\\\/informelitoral.com.ar\\\/%77%70%2d%63%6f%6e%74%65%6e%74\\\/uploads\\\/2021\\\/07\\\/toy-story-2.jpg\",\"keywords\":[\"Curiosidades\"],\"articleSection\":[\"Sociedad\"],\"inLanguage\":\"es\",\"potentialAction\":[{\"@type\":\"CommentAction\",\"name\":\"Comment\",\"target\":[\"https:\\\/\\\/informelitoral.com.ar\\\/sabias-que-la-primera-pelicula-animada-de-la-historia-fue-toy-story\\\/#respond\"]}]},{\"@type\":\"WebPage\",\"@id\":\"https:\\\/\\\/informelitoral.com.ar\\\/sabias-que-la-primera-pelicula-animada-de-la-historia-fue-toy-story\\\/\",\"url\":\"https:\\\/\\\/informelitoral.com.ar\\\/sabias-que-la-primera-pelicula-animada-de-la-historia-fue-toy-story\\\/\",\"name\":\"\u00bfSab\u00edas qu\u00e9?: La primera pel\u00edcula animada de la historia fue Toy Story - Informe Litoral\",\"isPartOf\":{\"@id\":\"https:\\\/\\\/informelitoral.com.ar\\\/#website\"},\"primaryImageOfPage\":{\"@id\":\"https:\\\/\\\/informelitoral.com.ar\\\/sabias-que-la-primera-pelicula-animada-de-la-historia-fue-toy-story\\\/#primaryimage\"},\"image\":{\"@id\":\"https:\\\/\\\/informelitoral.com.ar\\\/sabias-que-la-primera-pelicula-animada-de-la-historia-fue-toy-story\\\/#primaryimage\"},\"thumbnailUrl\":\"https:\\\/\\\/informelitoral.com.ar\\\/%77%70%2d%63%6f%6e%74%65%6e%74\\\/uploads\\\/2021\\\/07\\\/toy-story-2.jpg\",\"datePublished\":\"2021-07-05T12:42:15+00:00\",\"dateModified\":\"2021-07-05T23:28:20+00:00\",\"breadcrumb\":{\"@id\":\"https:\\\/\\\/informelitoral.com.ar\\\/sabias-que-la-primera-pelicula-animada-de-la-historia-fue-toy-story\\\/#breadcrumb\"},\"inLanguage\":\"es\",\"potentialAction\":[{\"@type\":\"ReadAction\",\"target\":[\"https:\\\/\\\/informelitoral.com.ar\\\/sabias-que-la-primera-pelicula-animada-de-la-historia-fue-toy-story\\\/\"]}]},{\"@type\":\"ImageObject\",\"inLanguage\":\"es\",\"@id\":\"https:\\\/\\\/informelitoral.com.ar\\\/sabias-que-la-primera-pelicula-animada-de-la-historia-fue-toy-story\\\/#primaryimage\",\"url\":\"https:\\\/\\\/informelitoral.com.ar\\\/%77%70%2d%63%6f%6e%74%65%6e%74\\\/uploads\\\/2021\\\/07\\\/toy-story-2.jpg\",\"contentUrl\":\"https:\\\/\\\/informelitoral.com.ar\\\/%77%70%2d%63%6f%6e%74%65%6e%74\\\/uploads\\\/2021\\\/07\\\/toy-story-2.jpg\",\"width\":538,\"height\":403},{\"@type\":\"BreadcrumbList\",\"@id\":\"https:\\\/\\\/informelitoral.com.ar\\\/sabias-que-la-primera-pelicula-animada-de-la-historia-fue-toy-story\\\/#breadcrumb\",\"itemListElement\":[{\"@type\":\"ListItem\",\"position\":1,\"name\":\"Portada\",\"item\":\"https:\\\/\\\/informelitoral.com.ar\\\/\"},{\"@type\":\"ListItem\",\"position\":2,\"name\":\"\u00bfSab\u00edas qu\u00e9?: La primera pel\u00edcula animada de la historia fue Toy Story\"}]},{\"@type\":\"WebSite\",\"@id\":\"https:\\\/\\\/informelitoral.com.ar\\\/#website\",\"url\":\"https:\\\/\\\/informelitoral.com.ar\\\/\",\"name\":\"Informe Litoral\",\"description\":\"&quot;Nos informamos&quot; \",\"publisher\":{\"@id\":\"https:\\\/\\\/informelitoral.com.ar\\\/#organization\"},\"potentialAction\":[{\"@type\":\"SearchAction\",\"target\":{\"@type\":\"EntryPoint\",\"urlTemplate\":\"https:\\\/\\\/informelitoral.com.ar\\\/?s={search_term_string}\"},\"query-input\":{\"@type\":\"PropertyValueSpecification\",\"valueRequired\":true,\"valueName\":\"search_term_string\"}}],\"inLanguage\":\"es\"},{\"@type\":\"Organization\",\"@id\":\"https:\\\/\\\/informelitoral.com.ar\\\/#organization\",\"name\":\"Informe Litoral\",\"url\":\"https:\\\/\\\/informelitoral.com.ar\\\/\",\"logo\":{\"@type\":\"ImageObject\",\"inLanguage\":\"es\",\"@id\":\"https:\\\/\\\/informelitoral.com.ar\\\/#\\\/schema\\\/logo\\\/image\\\/\",\"url\":\"https:\\\/\\\/informelitoral.com.ar\\\/%77%70%2d%63%6f%6e%74%65%6e%74\\\/uploads\\\/2021\\\/01\\\/circulo.png\",\"contentUrl\":\"https:\\\/\\\/informelitoral.com.ar\\\/%77%70%2d%63%6f%6e%74%65%6e%74\\\/uploads\\\/2021\\\/01\\\/circulo.png\",\"width\":723,\"height\":731,\"caption\":\"Informe Litoral\"},\"image\":{\"@id\":\"https:\\\/\\\/informelitoral.com.ar\\\/#\\\/schema\\\/logo\\\/image\\\/\"},\"sameAs\":[\"https:\\\/\\\/www.facebook.com\\\/informelitoral\\\/\",\"https:\\\/\\\/x.com\\\/InformeLitoral\",\"https:\\\/\\\/www.instagram.com\\\/informelitoral\\\/\",\"https:\\\/\\\/www.youtube.com\\\/channel\\\/UCua4Qvz8Icb6MYqhoq9xLXw\"]},{\"@type\":\"Person\",\"@id\":\"https:\\\/\\\/informelitoral.com.ar\\\/#\\\/schema\\\/person\\\/b9d00407c836482871ef1d57bf8e3180\",\"name\":\"Gonzalo Schmidt\",\"image\":{\"@type\":\"ImageObject\",\"inLanguage\":\"es\",\"@id\":\"https:\\\/\\\/secure.gravatar.com\\\/avatar\\\/31a1a7b66ff2de83bd0e9fd79d026630d2d99e55e8bfe501287647b4fd9743de?s=96&d=mm&r=g\",\"url\":\"https:\\\/\\\/secure.gravatar.com\\\/avatar\\\/31a1a7b66ff2de83bd0e9fd79d026630d2d99e55e8bfe501287647b4fd9743de?s=96&d=mm&r=g\",\"contentUrl\":\"https:\\\/\\\/secure.gravatar.com\\\/avatar\\\/31a1a7b66ff2de83bd0e9fd79d026630d2d99e55e8bfe501287647b4fd9743de?s=96&d=mm&r=g\",\"caption\":\"Gonzalo Schmidt\"},\"description\":\"Sitio web de noticias de la provincia de Entre R\u00edos, Argentina. Informaci\u00f3n y entretenimiento. Informe Litoral, nos informamos.\",\"sameAs\":[\"http:\\\/\\\/www.isletasnoticias.com.ar\"],\"url\":\"https:\\\/\\\/informelitoral.com.ar\\\/author\\\/gonzalo\\\/\"}]}<\/script>","yoast_head_json":{"title":"\u00bfSab\u00edas qu\u00e9?: La primera pel\u00edcula animada de la historia fue Toy Story - Informe Litoral","robots":{"index":"index","follow":"follow","max-snippet":"max-snippet:-1","max-image-preview":"max-image-preview:large","max-video-preview":"max-video-preview:-1"},"canonical":"https:\/\/informelitoral.com.ar\/sabias-que-la-primera-pelicula-animada-de-la-historia-fue-toy-story\/","og_locale":"es_ES","og_type":"article","og_title":"\u00bfSab\u00edas qu\u00e9?: La primera pel\u00edcula animada de la historia fue Toy Story - Informe Litoral","og_description":"En esta secci\u00f3n, Tom\u00e1s Dagnino presenta algunas de las tantas curiosidades del mundo. En este caso, sobre una cl\u00e1sica pel\u00edcula infantil: Toy Story.","og_url":"https:\/\/informelitoral.com.ar\/sabias-que-la-primera-pelicula-animada-de-la-historia-fue-toy-story\/","og_site_name":"Informe Litoral","article_publisher":"https:\/\/www.facebook.com\/informelitoral\/","article_published_time":"2021-07-05T12:42:15+00:00","article_modified_time":"2021-07-05T23:28:20+00:00","og_image":[{"width":538,"height":403,"url":"https:\/\/informelitoral.com.ar\/%77%70%2d%63%6f%6e%74%65%6e%74\/uploads\/2021\/07\/toy-story-2.jpg","type":"image\/jpeg"}],"author":"Gonzalo Schmidt","twitter_card":"summary_large_image","twitter_creator":"@InformeLitoral","twitter_site":"@InformeLitoral","twitter_misc":{"Escrito por":"Gonzalo Schmidt"},"schema":{"@context":"https:\/\/schema.org","@graph":[{"@type":"Article","@id":"https:\/\/informelitoral.com.ar\/sabias-que-la-primera-pelicula-animada-de-la-historia-fue-toy-story\/#article","isPartOf":{"@id":"https:\/\/informelitoral.com.ar\/sabias-que-la-primera-pelicula-animada-de-la-historia-fue-toy-story\/"},"author":{"name":"Gonzalo Schmidt","@id":"https:\/\/informelitoral.com.ar\/#\/schema\/person\/b9d00407c836482871ef1d57bf8e3180"},"headline":"\u00bfSab\u00edas qu\u00e9?: La primera pel\u00edcula animada de la historia fue Toy Story","datePublished":"2021-07-05T12:42:15+00:00","dateModified":"2021-07-05T23:28:20+00:00","mainEntityOfPage":{"@id":"https:\/\/informelitoral.com.ar\/sabias-que-la-primera-pelicula-animada-de-la-historia-fue-toy-story\/"},"wordCount":90,"commentCount":0,"publisher":{"@id":"https:\/\/informelitoral.com.ar\/#organization"},"image":{"@id":"https:\/\/informelitoral.com.ar\/sabias-que-la-primera-pelicula-animada-de-la-historia-fue-toy-story\/#primaryimage"},"thumbnailUrl":"https:\/\/informelitoral.com.ar\/%77%70%2d%63%6f%6e%74%65%6e%74\/uploads\/2021\/07\/toy-story-2.jpg","keywords":["Curiosidades"],"articleSection":["Sociedad"],"inLanguage":"es","potentialAction":[{"@type":"CommentAction","name":"Comment","target":["https:\/\/informelitoral.com.ar\/sabias-que-la-primera-pelicula-animada-de-la-historia-fue-toy-story\/#respond"]}]},{"@type":"WebPage","@id":"https:\/\/informelitoral.com.ar\/sabias-que-la-primera-pelicula-animada-de-la-historia-fue-toy-story\/","url":"https:\/\/informelitoral.com.ar\/sabias-que-la-primera-pelicula-animada-de-la-historia-fue-toy-story\/","name":"\u00bfSab\u00edas qu\u00e9?: La primera pel\u00edcula animada de la historia fue Toy Story - Informe Litoral","isPartOf":{"@id":"https:\/\/informelitoral.com.ar\/#website"},"primaryImageOfPage":{"@id":"https:\/\/informelitoral.com.ar\/sabias-que-la-primera-pelicula-animada-de-la-historia-fue-toy-story\/#primaryimage"},"image":{"@id":"https:\/\/informelitoral.com.ar\/sabias-que-la-primera-pelicula-animada-de-la-historia-fue-toy-story\/#primaryimage"},"thumbnailUrl":"https:\/\/informelitoral.com.ar\/%77%70%2d%63%6f%6e%74%65%6e%74\/uploads\/2021\/07\/toy-story-2.jpg","datePublished":"2021-07-05T12:42:15+00:00","dateModified":"2021-07-05T23:28:20+00:00","breadcrumb":{"@id":"https:\/\/informelitoral.com.ar\/sabias-que-la-primera-pelicula-animada-de-la-historia-fue-toy-story\/#breadcrumb"},"inLanguage":"es","potentialAction":[{"@type":"ReadAction","target":["https:\/\/informelitoral.com.ar\/sabias-que-la-primera-pelicula-animada-de-la-historia-fue-toy-story\/"]}]},{"@type":"ImageObject","inLanguage":"es","@id":"https:\/\/informelitoral.com.ar\/sabias-que-la-primera-pelicula-animada-de-la-historia-fue-toy-story\/#primaryimage","url":"https:\/\/informelitoral.com.ar\/%77%70%2d%63%6f%6e%74%65%6e%74\/uploads\/2021\/07\/toy-story-2.jpg","contentUrl":"https:\/\/informelitoral.com.ar\/%77%70%2d%63%6f%6e%74%65%6e%74\/uploads\/2021\/07\/toy-story-2.jpg","width":538,"height":403},{"@type":"BreadcrumbList","@id":"https:\/\/informelitoral.com.ar\/sabias-que-la-primera-pelicula-animada-de-la-historia-fue-toy-story\/#breadcrumb","itemListElement":[{"@type":"ListItem","position":1,"name":"Portada","item":"https:\/\/informelitoral.com.ar\/"},{"@type":"ListItem","position":2,"name":"\u00bfSab\u00edas qu\u00e9?: La primera pel\u00edcula animada de la historia fue Toy Story"}]},{"@type":"WebSite","@id":"https:\/\/informelitoral.com.ar\/#website","url":"https:\/\/informelitoral.com.ar\/","name":"Informe Litoral","description":"&quot;Nos informamos&quot; ","publisher":{"@id":"https:\/\/informelitoral.com.ar\/#organization"},"potentialAction":[{"@type":"SearchAction","target":{"@type":"EntryPoint","urlTemplate":"https:\/\/informelitoral.com.ar\/?s={search_term_string}"},"query-input":{"@type":"PropertyValueSpecification","valueRequired":true,"valueName":"search_term_string"}}],"inLanguage":"es"},{"@type":"Organization","@id":"https:\/\/informelitoral.com.ar\/#organization","name":"Informe Litoral","url":"https:\/\/informelitoral.com.ar\/","logo":{"@type":"ImageObject","inLanguage":"es","@id":"https:\/\/informelitoral.com.ar\/#\/schema\/logo\/image\/","url":"https:\/\/informelitoral.com.ar\/%77%70%2d%63%6f%6e%74%65%6e%74\/uploads\/2021\/01\/circulo.png","contentUrl":"https:\/\/informelitoral.com.ar\/%77%70%2d%63%6f%6e%74%65%6e%74\/uploads\/2021\/01\/circulo.png","width":723,"height":731,"caption":"Informe Litoral"},"image":{"@id":"https:\/\/informelitoral.com.ar\/#\/schema\/logo\/image\/"},"sameAs":["https:\/\/www.facebook.com\/informelitoral\/","https:\/\/x.com\/InformeLitoral","https:\/\/www.instagram.com\/informelitoral\/","https:\/\/www.youtube.com\/channel\/UCua4Qvz8Icb6MYqhoq9xLXw"]},{"@type":"Person","@id":"https:\/\/informelitoral.com.ar\/#\/schema\/person\/b9d00407c836482871ef1d57bf8e3180","name":"Gonzalo Schmidt","image":{"@type":"ImageObject","inLanguage":"es","@id":"https:\/\/secure.gravatar.com\/avatar\/31a1a7b66ff2de83bd0e9fd79d026630d2d99e55e8bfe501287647b4fd9743de?s=96&d=mm&r=g","url":"https:\/\/secure.gravatar.com\/avatar\/31a1a7b66ff2de83bd0e9fd79d026630d2d99e55e8bfe501287647b4fd9743de?s=96&d=mm&r=g","contentUrl":"https:\/\/secure.gravatar.com\/avatar\/31a1a7b66ff2de83bd0e9fd79d026630d2d99e55e8bfe501287647b4fd9743de?s=96&d=mm&r=g","caption":"Gonzalo Schmidt"},"description":"Sitio web de noticias de la provincia de Entre R\u00edos, Argentina. Informaci\u00f3n y entretenimiento. Informe Litoral, nos informamos.","sameAs":["http:\/\/www.isletasnoticias.com.ar"],"url":"https:\/\/informelitoral.com.ar\/author\/gonzalo\/"}]}},"_links":{"self":[{"href":"https:\/\/informelitoral.com.ar\/%77%70%2d%6a%73%6f%6e\/wp\/v2\/posts\/61930","targetHints":{"allow":["GET"]}}],"collection":[{"href":"https:\/\/informelitoral.com.ar\/%77%70%2d%6a%73%6f%6e\/wp\/v2\/posts"}],"about":[{"href":"https:\/\/informelitoral.com.ar\/%77%70%2d%6a%73%6f%6e\/wp\/v2\/types\/post"}],"author":[{"embeddable":true,"href":"https:\/\/informelitoral.com.ar\/%77%70%2d%6a%73%6f%6e\/wp\/v2\/users\/2"}],"replies":[{"embeddable":true,"href":"https:\/\/informelitoral.com.ar\/%77%70%2d%6a%73%6f%6e\/wp\/v2\/comments?post=61930"}],"version-history":[{"count":0,"href":"https:\/\/informelitoral.com.ar\/%77%70%2d%6a%73%6f%6e\/wp\/v2\/posts\/61930\/revisions"}],"wp:featuredmedia":[{"embeddable":true,"href":"https:\/\/informelitoral.com.ar\/%77%70%2d%6a%73%6f%6e\/wp\/v2\/media\/61932"}],"wp:attachment":[{"href":"https:\/\/informelitoral.com.ar\/%77%70%2d%6a%73%6f%6e\/wp\/v2\/media?parent=61930"}],"wp:term":[{"taxonomy":"category","embeddable":true,"href":"https:\/\/informelitoral.com.ar\/%77%70%2d%6a%73%6f%6e\/wp\/v2\/categories?post=61930"},{"taxonomy":"post_tag","embeddable":true,"href":"https:\/\/informelitoral.com.ar\/%77%70%2d%6a%73%6f%6e\/wp\/v2\/tags?post=61930"}],"curies":[{"name":"wp","href":"https:\/\/api.w.org\/{rel}","templated":true}]}}