{"id":6176,"date":"2014-03-19T19:35:47","date_gmt":"2014-03-19T22:35:47","guid":{"rendered":"http:\/\/www.isletasnoticias.com.ar\/?p=6176"},"modified":"2014-03-19T20:35:28","modified_gmt":"2014-03-19T23:35:28","slug":"trabajos-de-vialidad-tras-la-lluvia-del-viernes","status":"publish","type":"post","link":"https:\/\/informelitoral.com.ar\/trabajos-de-vialidad-tras-la-lluvia-del-viernes\/","title":{"rendered":"Trabajos de Vialidad tras la lluvia del viernes"},"content":{"rendered":"<p><strong>Reconstruyeron un paso en un camino entre Isletas y Doll que hab\u00eda quedado cortado tras la lluvia del viernes 14. Desde la Junta de Gobierno destacaron la \u00abrespuesta inmediata\u00bb de la Zonal Diamante e informaron que contin\u00faan trabajando en la planchada en Isletas Norte.\u00a0<\/strong><\/p>\n<p><a href=\"http:\/\/www.isletasnoticias.com.ar\/%77%70%2d%63%6f%6e%74%65%6e%74\/uploads\/2014\/03\/vialidad.jpg\"><img loading=\"lazy\" decoding=\"async\" class=\"aligncenter  wp-image-6177\" alt=\"vialidad\" src=\"http:\/\/www.isletasnoticias.com.ar\/%77%70%2d%63%6f%6e%74%65%6e%74\/uploads\/2014\/03\/vialidad-300x225.jpg\" width=\"500\" height=\"300\" \/><\/a><\/p>\n<p>La Zonal Diamante de la Direcci\u00f3n Provincial de Vialidad (DPV), estuvo trabajando en la localidad el lunes y martes \u00faltimo. Las tareas se desarrollaron m\u00e1s precisamente en un<span style=\"text-decoration: underline;\"> <a href=\"http:\/\/goo.gl\/VSfyMK\">camino vecinal en cercan\u00edas de Distrito Doll<\/a>,<\/span> donde hab\u00eda quedado cortado el paso sobre un arroyo.\u00a0En el lugar se colocaron nuevos tubos de alcantarilla.<\/p>\n<p>Desde el ente gubernamental local, en un texto enviado a <em><strong>IN<\/strong> <\/em>destacaron la \u00abinmediata respuesta\u00bb de Vialidad, en especial del jefe zonal<strong> Jos\u00e9 Luis Isaac.<\/strong><\/p>\n<p>Por otra parte, desde la Junta recordaron que contin\u00faan trabajando para culminar las obras en la planchada (de Dorch) en Isletas Norte.<\/p>\n<p><img loading=\"lazy\" decoding=\"async\" class=\" wp-image-6183 alignright\" alt=\"Junta de Gobierno\" src=\"http:\/\/www.isletasnoticias.com.ar\/%77%70%2d%63%6f%6e%74%65%6e%74\/uploads\/2014\/03\/jjj-300x225.jpg\" width=\"300\" height=\"225\" srcset=\"https:\/\/informelitoral.com.ar\/%77%70%2d%63%6f%6e%74%65%6e%74\/uploads\/2014\/03\/jjj-300x225.jpg 300w, https:\/\/informelitoral.com.ar\/%77%70%2d%63%6f%6e%74%65%6e%74\/uploads\/2014\/03\/jjj.jpg 960w\" sizes=\"auto, (max-width: 300px) 100vw, 300px\" \/><\/p>\n<p><strong>Integrantes de la Junta de Gobierno trabajando<\/strong><\/p>\n<p>Como ya lo hicieron en otras oportunidades, en las im\u00e1genes se ve al presidente\u00a0<strong>Ra\u00fal Eichman<strong>n<\/strong>\u00a0<\/strong>y al tesorero <strong>Omar Capellino<\/strong>, trabajando en las obras.<\/p>\n<p>Seg\u00fan ellos, las colaboraciones se hacen de forma voluntaria, sin percibir ninguna retribuci\u00f3n econ\u00f3mica.<\/p>\n<p>(<em>Isletas Noticias)<\/em><\/p>\n","protected":false},"excerpt":{"rendered":"<p>Reconstruyeron un paso en un camino entre Isletas y Doll que hab&iacute;a quedado cortado tras la lluvia del viernes 14. Desde la Junta de Gobierno destacaron la &laquo;respuesta inmediata&raquo; de la Zonal Diamante e informaron que contin&uacute;an trabajando en la planchada en Isletas Norte.&nbsp; La Zonal Diamante de la Direcci&oacute;n Provincial de Vialidad (DPV), estuvo [&hellip;]<\/p>\n","protected":false},"author":2,"featured_media":0,"comment_status":"open","ping_status":"open","sticky":false,"template":"","format":"standard","meta":{"fifu_image_url":"","fifu_image_alt":"","footnotes":""},"categories":[4],"tags":[],"class_list":{"0":"post-6176","1":"post","2":"type-post","3":"status-publish","4":"format-standard","6":"category-locales"},"yoast_head":"<title>Trabajos de Vialidad tras la lluvia del viernes  - Informe Litoral<\/title>\n<meta name=\"robots\" content=\"index, follow, max-snippet:-1, max-image-preview:large, max-video-preview:-1\" \/>\n<link rel=\"canonical\" href=\"https:\/\/informelitoral.com.ar\/trabajos-de-vialidad-tras-la-lluvia-del-viernes\/\" \/>\n<meta property=\"og:locale\" content=\"es_ES\" \/>\n<meta property=\"og:type\" content=\"article\" \/>\n<meta property=\"og:title\" content=\"Trabajos de Vialidad tras la lluvia del viernes  - Informe Litoral\" \/>\n<meta property=\"og:description\" content=\"Reconstruyeron un paso en un camino entre Isletas y Doll que hab&iacute;a quedado cortado tras la lluvia del viernes 14. Desde la Junta de Gobierno destacaron la &laquo;respuesta inmediata&raquo; de la Zonal Diamante e informaron que contin&uacute;an trabajando en la planchada en Isletas Norte.&nbsp; La Zonal Diamante de la Direcci&oacute;n Provincial de Vialidad (DPV), estuvo [&hellip;]\" \/>\n<meta property=\"og:url\" content=\"https:\/\/informelitoral.com.ar\/trabajos-de-vialidad-tras-la-lluvia-del-viernes\/\" \/>\n<meta property=\"og:site_name\" content=\"Informe Litoral\" \/>\n<meta property=\"article:publisher\" content=\"https:\/\/www.facebook.com\/informelitoral\/\" \/>\n<meta property=\"article:published_time\" content=\"2014-03-19T22:35:47+00:00\" \/>\n<meta property=\"article:modified_time\" content=\"2014-03-19T23:35:28+00:00\" \/>\n<meta property=\"og:image\" content=\"https:\/\/informelitoral.com.ar\/%77%70%2d%63%6f%6e%74%65%6e%74\/uploads\/2014\/03\/vialidad.jpg\" \/>\n\t<meta property=\"og:image:width\" content=\"960\" \/>\n\t<meta property=\"og:image:height\" content=\"720\" \/>\n\t<meta property=\"og:image:type\" content=\"image\/jpeg\" \/>\n<meta name=\"author\" content=\"Gonzalo Schmidt\" \/>\n<meta name=\"twitter:card\" content=\"summary_large_image\" \/>\n<meta name=\"twitter:creator\" content=\"@InformeLitoral\" \/>\n<meta name=\"twitter:site\" content=\"@InformeLitoral\" \/>\n<meta name=\"twitter:label1\" content=\"Escrito por\" \/>\n\t<meta name=\"twitter:data1\" content=\"Gonzalo Schmidt\" \/>\n\t<meta name=\"twitter:label2\" content=\"Tiempo de lectura\" \/>\n\t<meta name=\"twitter:data2\" content=\"1 minuto\" \/>\n<script type=\"application\/ld+json\" class=\"yoast-schema-graph\">{\"@context\":\"https:\\\/\\\/schema.org\",\"@graph\":[{\"@type\":\"Article\",\"@id\":\"https:\\\/\\\/informelitoral.com.ar\\\/trabajos-de-vialidad-tras-la-lluvia-del-viernes\\\/#article\",\"isPartOf\":{\"@id\":\"https:\\\/\\\/informelitoral.com.ar\\\/trabajos-de-vialidad-tras-la-lluvia-del-viernes\\\/\"},\"author\":{\"name\":\"Gonzalo Schmidt\",\"@id\":\"https:\\\/\\\/informelitoral.com.ar\\\/#\\\/schema\\\/person\\\/b9d00407c836482871ef1d57bf8e3180\"},\"headline\":\"Trabajos de Vialidad tras la lluvia del viernes\",\"datePublished\":\"2014-03-19T22:35:47+00:00\",\"dateModified\":\"2014-03-19T23:35:28+00:00\",\"mainEntityOfPage\":{\"@id\":\"https:\\\/\\\/informelitoral.com.ar\\\/trabajos-de-vialidad-tras-la-lluvia-del-viernes\\\/\"},\"wordCount\":211,\"commentCount\":0,\"publisher\":{\"@id\":\"https:\\\/\\\/informelitoral.com.ar\\\/#organization\"},\"image\":{\"@id\":\"https:\\\/\\\/informelitoral.com.ar\\\/trabajos-de-vialidad-tras-la-lluvia-del-viernes\\\/#primaryimage\"},\"thumbnailUrl\":\"http:\\\/\\\/www.isletasnoticias.com.ar\\\/%77%70%2d%63%6f%6e%74%65%6e%74\\\/uploads\\\/2014\\\/03\\\/vialidad-300x225.jpg\",\"articleSection\":[\"Isletas\"],\"inLanguage\":\"es\",\"potentialAction\":[{\"@type\":\"CommentAction\",\"name\":\"Comment\",\"target\":[\"https:\\\/\\\/informelitoral.com.ar\\\/trabajos-de-vialidad-tras-la-lluvia-del-viernes\\\/#respond\"]}]},{\"@type\":\"WebPage\",\"@id\":\"https:\\\/\\\/informelitoral.com.ar\\\/trabajos-de-vialidad-tras-la-lluvia-del-viernes\\\/\",\"url\":\"https:\\\/\\\/informelitoral.com.ar\\\/trabajos-de-vialidad-tras-la-lluvia-del-viernes\\\/\",\"name\":\"Trabajos de Vialidad tras la lluvia del viernes - Informe Litoral\",\"isPartOf\":{\"@id\":\"https:\\\/\\\/informelitoral.com.ar\\\/#website\"},\"primaryImageOfPage\":{\"@id\":\"https:\\\/\\\/informelitoral.com.ar\\\/trabajos-de-vialidad-tras-la-lluvia-del-viernes\\\/#primaryimage\"},\"image\":{\"@id\":\"https:\\\/\\\/informelitoral.com.ar\\\/trabajos-de-vialidad-tras-la-lluvia-del-viernes\\\/#primaryimage\"},\"thumbnailUrl\":\"http:\\\/\\\/www.isletasnoticias.com.ar\\\/%77%70%2d%63%6f%6e%74%65%6e%74\\\/uploads\\\/2014\\\/03\\\/vialidad-300x225.jpg\",\"datePublished\":\"2014-03-19T22:35:47+00:00\",\"dateModified\":\"2014-03-19T23:35:28+00:00\",\"breadcrumb\":{\"@id\":\"https:\\\/\\\/informelitoral.com.ar\\\/trabajos-de-vialidad-tras-la-lluvia-del-viernes\\\/#breadcrumb\"},\"inLanguage\":\"es\",\"potentialAction\":[{\"@type\":\"ReadAction\",\"target\":[\"https:\\\/\\\/informelitoral.com.ar\\\/trabajos-de-vialidad-tras-la-lluvia-del-viernes\\\/\"]}]},{\"@type\":\"ImageObject\",\"inLanguage\":\"es\",\"@id\":\"https:\\\/\\\/informelitoral.com.ar\\\/trabajos-de-vialidad-tras-la-lluvia-del-viernes\\\/#primaryimage\",\"url\":\"http:\\\/\\\/www.isletasnoticias.com.ar\\\/%77%70%2d%63%6f%6e%74%65%6e%74\\\/uploads\\\/2014\\\/03\\\/vialidad-300x225.jpg\",\"contentUrl\":\"http:\\\/\\\/www.isletasnoticias.com.ar\\\/%77%70%2d%63%6f%6e%74%65%6e%74\\\/uploads\\\/2014\\\/03\\\/vialidad-300x225.jpg\"},{\"@type\":\"BreadcrumbList\",\"@id\":\"https:\\\/\\\/informelitoral.com.ar\\\/trabajos-de-vialidad-tras-la-lluvia-del-viernes\\\/#breadcrumb\",\"itemListElement\":[{\"@type\":\"ListItem\",\"position\":1,\"name\":\"Portada\",\"item\":\"https:\\\/\\\/informelitoral.com.ar\\\/\"},{\"@type\":\"ListItem\",\"position\":2,\"name\":\"Trabajos de Vialidad tras la lluvia del viernes\"}]},{\"@type\":\"WebSite\",\"@id\":\"https:\\\/\\\/informelitoral.com.ar\\\/#website\",\"url\":\"https:\\\/\\\/informelitoral.com.ar\\\/\",\"name\":\"Informe Litoral\",\"description\":\"&quot;Nos informamos&quot; \",\"publisher\":{\"@id\":\"https:\\\/\\\/informelitoral.com.ar\\\/#organization\"},\"potentialAction\":[{\"@type\":\"SearchAction\",\"target\":{\"@type\":\"EntryPoint\",\"urlTemplate\":\"https:\\\/\\\/informelitoral.com.ar\\\/?s={search_term_string}\"},\"query-input\":{\"@type\":\"PropertyValueSpecification\",\"valueRequired\":true,\"valueName\":\"search_term_string\"}}],\"inLanguage\":\"es\"},{\"@type\":\"Organization\",\"@id\":\"https:\\\/\\\/informelitoral.com.ar\\\/#organization\",\"name\":\"Informe Litoral\",\"url\":\"https:\\\/\\\/informelitoral.com.ar\\\/\",\"logo\":{\"@type\":\"ImageObject\",\"inLanguage\":\"es\",\"@id\":\"https:\\\/\\\/informelitoral.com.ar\\\/#\\\/schema\\\/logo\\\/image\\\/\",\"url\":\"https:\\\/\\\/informelitoral.com.ar\\\/%77%70%2d%63%6f%6e%74%65%6e%74\\\/uploads\\\/2021\\\/01\\\/circulo.png\",\"contentUrl\":\"https:\\\/\\\/informelitoral.com.ar\\\/%77%70%2d%63%6f%6e%74%65%6e%74\\\/uploads\\\/2021\\\/01\\\/circulo.png\",\"width\":723,\"height\":731,\"caption\":\"Informe Litoral\"},\"image\":{\"@id\":\"https:\\\/\\\/informelitoral.com.ar\\\/#\\\/schema\\\/logo\\\/image\\\/\"},\"sameAs\":[\"https:\\\/\\\/www.facebook.com\\\/informelitoral\\\/\",\"https:\\\/\\\/x.com\\\/InformeLitoral\",\"https:\\\/\\\/www.instagram.com\\\/informelitoral\\\/\",\"https:\\\/\\\/www.youtube.com\\\/channel\\\/UCua4Qvz8Icb6MYqhoq9xLXw\"]},{\"@type\":\"Person\",\"@id\":\"https:\\\/\\\/informelitoral.com.ar\\\/#\\\/schema\\\/person\\\/b9d00407c836482871ef1d57bf8e3180\",\"name\":\"Gonzalo Schmidt\",\"image\":{\"@type\":\"ImageObject\",\"inLanguage\":\"es\",\"@id\":\"https:\\\/\\\/secure.gravatar.com\\\/avatar\\\/31a1a7b66ff2de83bd0e9fd79d026630d2d99e55e8bfe501287647b4fd9743de?s=96&d=mm&r=g\",\"url\":\"https:\\\/\\\/secure.gravatar.com\\\/avatar\\\/31a1a7b66ff2de83bd0e9fd79d026630d2d99e55e8bfe501287647b4fd9743de?s=96&d=mm&r=g\",\"contentUrl\":\"https:\\\/\\\/secure.gravatar.com\\\/avatar\\\/31a1a7b66ff2de83bd0e9fd79d026630d2d99e55e8bfe501287647b4fd9743de?s=96&d=mm&r=g\",\"caption\":\"Gonzalo Schmidt\"},\"description\":\"Sitio web de noticias de la provincia de Entre R\u00edos, Argentina. Informaci\u00f3n y entretenimiento. Informe Litoral, nos informamos.\",\"sameAs\":[\"http:\\\/\\\/www.isletasnoticias.com.ar\"],\"url\":\"https:\\\/\\\/informelitoral.com.ar\\\/author\\\/gonzalo\\\/\"}]}<\/script>","yoast_head_json":{"title":"Trabajos de Vialidad tras la lluvia del viernes  - Informe Litoral","robots":{"index":"index","follow":"follow","max-snippet":"max-snippet:-1","max-image-preview":"max-image-preview:large","max-video-preview":"max-video-preview:-1"},"canonical":"https:\/\/informelitoral.com.ar\/trabajos-de-vialidad-tras-la-lluvia-del-viernes\/","og_locale":"es_ES","og_type":"article","og_title":"Trabajos de Vialidad tras la lluvia del viernes  - Informe Litoral","og_description":"Reconstruyeron un paso en un camino entre Isletas y Doll que hab&iacute;a quedado cortado tras la lluvia del viernes 14. Desde la Junta de Gobierno destacaron la &laquo;respuesta inmediata&raquo; de la Zonal Diamante e informaron que contin&uacute;an trabajando en la planchada en Isletas Norte.&nbsp; La Zonal Diamante de la Direcci&oacute;n Provincial de Vialidad (DPV), estuvo [&hellip;]","og_url":"https:\/\/informelitoral.com.ar\/trabajos-de-vialidad-tras-la-lluvia-del-viernes\/","og_site_name":"Informe Litoral","article_publisher":"https:\/\/www.facebook.com\/informelitoral\/","article_published_time":"2014-03-19T22:35:47+00:00","article_modified_time":"2014-03-19T23:35:28+00:00","og_image":[{"width":960,"height":720,"url":"https:\/\/informelitoral.com.ar\/%77%70%2d%63%6f%6e%74%65%6e%74\/uploads\/2014\/03\/vialidad.jpg","type":"image\/jpeg"}],"author":"Gonzalo Schmidt","twitter_card":"summary_large_image","twitter_creator":"@InformeLitoral","twitter_site":"@InformeLitoral","twitter_misc":{"Escrito por":"Gonzalo Schmidt","Tiempo de lectura":"1 minuto"},"schema":{"@context":"https:\/\/schema.org","@graph":[{"@type":"Article","@id":"https:\/\/informelitoral.com.ar\/trabajos-de-vialidad-tras-la-lluvia-del-viernes\/#article","isPartOf":{"@id":"https:\/\/informelitoral.com.ar\/trabajos-de-vialidad-tras-la-lluvia-del-viernes\/"},"author":{"name":"Gonzalo Schmidt","@id":"https:\/\/informelitoral.com.ar\/#\/schema\/person\/b9d00407c836482871ef1d57bf8e3180"},"headline":"Trabajos de Vialidad tras la lluvia del viernes","datePublished":"2014-03-19T22:35:47+00:00","dateModified":"2014-03-19T23:35:28+00:00","mainEntityOfPage":{"@id":"https:\/\/informelitoral.com.ar\/trabajos-de-vialidad-tras-la-lluvia-del-viernes\/"},"wordCount":211,"commentCount":0,"publisher":{"@id":"https:\/\/informelitoral.com.ar\/#organization"},"image":{"@id":"https:\/\/informelitoral.com.ar\/trabajos-de-vialidad-tras-la-lluvia-del-viernes\/#primaryimage"},"thumbnailUrl":"http:\/\/www.isletasnoticias.com.ar\/%77%70%2d%63%6f%6e%74%65%6e%74\/uploads\/2014\/03\/vialidad-300x225.jpg","articleSection":["Isletas"],"inLanguage":"es","potentialAction":[{"@type":"CommentAction","name":"Comment","target":["https:\/\/informelitoral.com.ar\/trabajos-de-vialidad-tras-la-lluvia-del-viernes\/#respond"]}]},{"@type":"WebPage","@id":"https:\/\/informelitoral.com.ar\/trabajos-de-vialidad-tras-la-lluvia-del-viernes\/","url":"https:\/\/informelitoral.com.ar\/trabajos-de-vialidad-tras-la-lluvia-del-viernes\/","name":"Trabajos de Vialidad tras la lluvia del viernes - Informe Litoral","isPartOf":{"@id":"https:\/\/informelitoral.com.ar\/#website"},"primaryImageOfPage":{"@id":"https:\/\/informelitoral.com.ar\/trabajos-de-vialidad-tras-la-lluvia-del-viernes\/#primaryimage"},"image":{"@id":"https:\/\/informelitoral.com.ar\/trabajos-de-vialidad-tras-la-lluvia-del-viernes\/#primaryimage"},"thumbnailUrl":"http:\/\/www.isletasnoticias.com.ar\/%77%70%2d%63%6f%6e%74%65%6e%74\/uploads\/2014\/03\/vialidad-300x225.jpg","datePublished":"2014-03-19T22:35:47+00:00","dateModified":"2014-03-19T23:35:28+00:00","breadcrumb":{"@id":"https:\/\/informelitoral.com.ar\/trabajos-de-vialidad-tras-la-lluvia-del-viernes\/#breadcrumb"},"inLanguage":"es","potentialAction":[{"@type":"ReadAction","target":["https:\/\/informelitoral.com.ar\/trabajos-de-vialidad-tras-la-lluvia-del-viernes\/"]}]},{"@type":"ImageObject","inLanguage":"es","@id":"https:\/\/informelitoral.com.ar\/trabajos-de-vialidad-tras-la-lluvia-del-viernes\/#primaryimage","url":"http:\/\/www.isletasnoticias.com.ar\/%77%70%2d%63%6f%6e%74%65%6e%74\/uploads\/2014\/03\/vialidad-300x225.jpg","contentUrl":"http:\/\/www.isletasnoticias.com.ar\/%77%70%2d%63%6f%6e%74%65%6e%74\/uploads\/2014\/03\/vialidad-300x225.jpg"},{"@type":"BreadcrumbList","@id":"https:\/\/informelitoral.com.ar\/trabajos-de-vialidad-tras-la-lluvia-del-viernes\/#breadcrumb","itemListElement":[{"@type":"ListItem","position":1,"name":"Portada","item":"https:\/\/informelitoral.com.ar\/"},{"@type":"ListItem","position":2,"name":"Trabajos de Vialidad tras la lluvia del viernes"}]},{"@type":"WebSite","@id":"https:\/\/informelitoral.com.ar\/#website","url":"https:\/\/informelitoral.com.ar\/","name":"Informe Litoral","description":"&quot;Nos informamos&quot; ","publisher":{"@id":"https:\/\/informelitoral.com.ar\/#organization"},"potentialAction":[{"@type":"SearchAction","target":{"@type":"EntryPoint","urlTemplate":"https:\/\/informelitoral.com.ar\/?s={search_term_string}"},"query-input":{"@type":"PropertyValueSpecification","valueRequired":true,"valueName":"search_term_string"}}],"inLanguage":"es"},{"@type":"Organization","@id":"https:\/\/informelitoral.com.ar\/#organization","name":"Informe Litoral","url":"https:\/\/informelitoral.com.ar\/","logo":{"@type":"ImageObject","inLanguage":"es","@id":"https:\/\/informelitoral.com.ar\/#\/schema\/logo\/image\/","url":"https:\/\/informelitoral.com.ar\/%77%70%2d%63%6f%6e%74%65%6e%74\/uploads\/2021\/01\/circulo.png","contentUrl":"https:\/\/informelitoral.com.ar\/%77%70%2d%63%6f%6e%74%65%6e%74\/uploads\/2021\/01\/circulo.png","width":723,"height":731,"caption":"Informe Litoral"},"image":{"@id":"https:\/\/informelitoral.com.ar\/#\/schema\/logo\/image\/"},"sameAs":["https:\/\/www.facebook.com\/informelitoral\/","https:\/\/x.com\/InformeLitoral","https:\/\/www.instagram.com\/informelitoral\/","https:\/\/www.youtube.com\/channel\/UCua4Qvz8Icb6MYqhoq9xLXw"]},{"@type":"Person","@id":"https:\/\/informelitoral.com.ar\/#\/schema\/person\/b9d00407c836482871ef1d57bf8e3180","name":"Gonzalo Schmidt","image":{"@type":"ImageObject","inLanguage":"es","@id":"https:\/\/secure.gravatar.com\/avatar\/31a1a7b66ff2de83bd0e9fd79d026630d2d99e55e8bfe501287647b4fd9743de?s=96&d=mm&r=g","url":"https:\/\/secure.gravatar.com\/avatar\/31a1a7b66ff2de83bd0e9fd79d026630d2d99e55e8bfe501287647b4fd9743de?s=96&d=mm&r=g","contentUrl":"https:\/\/secure.gravatar.com\/avatar\/31a1a7b66ff2de83bd0e9fd79d026630d2d99e55e8bfe501287647b4fd9743de?s=96&d=mm&r=g","caption":"Gonzalo Schmidt"},"description":"Sitio web de noticias de la provincia de Entre R\u00edos, Argentina. Informaci\u00f3n y entretenimiento. Informe Litoral, nos informamos.","sameAs":["http:\/\/www.isletasnoticias.com.ar"],"url":"https:\/\/informelitoral.com.ar\/author\/gonzalo\/"}]}},"_links":{"self":[{"href":"https:\/\/informelitoral.com.ar\/%77%70%2d%6a%73%6f%6e\/wp\/v2\/posts\/6176","targetHints":{"allow":["GET"]}}],"collection":[{"href":"https:\/\/informelitoral.com.ar\/%77%70%2d%6a%73%6f%6e\/wp\/v2\/posts"}],"about":[{"href":"https:\/\/informelitoral.com.ar\/%77%70%2d%6a%73%6f%6e\/wp\/v2\/types\/post"}],"author":[{"embeddable":true,"href":"https:\/\/informelitoral.com.ar\/%77%70%2d%6a%73%6f%6e\/wp\/v2\/users\/2"}],"replies":[{"embeddable":true,"href":"https:\/\/informelitoral.com.ar\/%77%70%2d%6a%73%6f%6e\/wp\/v2\/comments?post=6176"}],"version-history":[{"count":0,"href":"https:\/\/informelitoral.com.ar\/%77%70%2d%6a%73%6f%6e\/wp\/v2\/posts\/6176\/revisions"}],"wp:attachment":[{"href":"https:\/\/informelitoral.com.ar\/%77%70%2d%6a%73%6f%6e\/wp\/v2\/media?parent=6176"}],"wp:term":[{"taxonomy":"category","embeddable":true,"href":"https:\/\/informelitoral.com.ar\/%77%70%2d%6a%73%6f%6e\/wp\/v2\/categories?post=6176"},{"taxonomy":"post_tag","embeddable":true,"href":"https:\/\/informelitoral.com.ar\/%77%70%2d%6a%73%6f%6e\/wp\/v2\/tags?post=6176"}],"curies":[{"name":"wp","href":"https:\/\/api.w.org\/{rel}","templated":true}]}}