{"id":61756,"date":"2021-06-30T10:55:10","date_gmt":"2021-06-30T13:55:10","guid":{"rendered":"https:\/\/www.informelitoral.com.ar\/?p=61756"},"modified":"2021-06-30T10:55:10","modified_gmt":"2021-06-30T13:55:10","slug":"en-villaguay-galimberti-y-schneider-pronosticaron-un-triunfo-de-juntos-por-el-cambio","status":"publish","type":"post","link":"https:\/\/informelitoral.com.ar\/en-villaguay-galimberti-y-schneider-pronosticaron-un-triunfo-de-juntos-por-el-cambio\/","title":{"rendered":"En Villaguay, Galimberti y Schneider pronosticaron un triunfo de Juntos por el Cambio"},"content":{"rendered":"<p><strong>La recorrida de los precandidatos de \u00abConstruir en Cambiemos\u00bb continu\u00f3 el martes por Villaguay e<\/strong> incluy\u00f3 reuniones con vecinos, militantes y dirigentes de Juntos por el Cambio, adem\u00e1s del contacto con medios de comunicaci\u00f3n. Previamente el intendente de Chajar\u00ed, <strong>Pedro Galimberti,<\/strong> y su par de Crespo, <strong>Dar\u00edo Schneider,<\/strong> hab\u00edan estado en algunas localidades de la Costa del Uruguay. El viernes de la semana pasada visitaron Concordia y San Salvador y el s\u00e1bado en San Jos\u00e9 y Col\u00f3n.<\/p>\n<p>El martes fue el turno de la \u00abCiudad de Encuentros\u00bb, donde llegaron acompa\u00f1ados por otros referentes del espacio y mantuvieron, a las 15.00, una <strong>reuni\u00f3n en el Comit\u00e9 de la UCR<\/strong> de calle San Mart\u00edn. All\u00ed fueron citados dirigentes y militantes de Juntos por el Cambio, participando diferentes actores pol\u00edticos de la ciudad, fundamentalmente del radicalismo. Estuvieron concejales de Villaguay, presidentes de Comit\u00e9s de diferentes localidades del Departamento Villaguay, dirigentes, militantes y ex precandidatos a la intendencia de la ciudad.<\/p>\n<p>En la continuidad, los referentes de Construir en Cambiemos <strong>mantuvieron contacto con los medios de comunicaci\u00f3n de la ciudad<\/strong> y se reunieron antes del final con un grupo de <strong>mujeres villaguayenses que trabaja activamente en procesos de fortalecimiento de la ciudadan\u00eda,<\/strong> teniendo inquietudes sobre el funcionamiento de la ciudad y la forma de desarrollar la gesti\u00f3n p\u00fabica, a la que visualizan cr\u00edticamente.<\/p>\n<p>Galimberti y Schneider remarcaron que las PASO servir\u00e1n \u201cpara conseguir desarrollar el objetivo de que Juntos por el Cambio tenga mayor volumen pol\u00edtico, apuntando a ponerle un freno al kirchnerismo\u201d.<\/p>\n<p>El intendente de Crespo se refiri\u00f3 al contexto de surgimiento de Construir en Cambiemos, los motivos de ese inicio y los objetivos de mediano plazo que persigue el espacio, de cara al proceso de construcci\u00f3n pol\u00edtica y electoral del 2023. Se\u00f1al\u00f3 tambi\u00e9n \u201cel rol protag\u00f3nico que debe tener el radicalismo dentro del espacio ampliado de Juntos por el Cambio y <strong>la necesidad de generar lazos y puentes con otros actores pol\u00edticos que den volumen electoral, con el prop\u00f3sito de lograr un triunfo en las legislativas de 2021, pensando en un mejor posicionamiento de cara a las generales de 2023\u201d.<\/strong><\/p>\n<p>El presidente municipal de Chajar\u00ed confirm\u00f3 que \u201chay algo que est\u00e1 fuera de discusi\u00f3n y es que, de acuerdo a los indicadores, <strong>Juntos por el Cambio lograr\u00e1 un triunfo en las pr\u00f3ximas legislativas y en consecuencia mantendr\u00e1 la misma cantidad de legisladores que renueva actualmente, que son tres diputados nacionales<\/strong>\u201d.<\/p>\n","protected":false},"excerpt":{"rendered":"<p>La recorrida de los precandidatos de \u00abConstruir en Cambiemos\u00bb Pedro Galimberti y Dar\u00edo Schneider continu\u00f3 el martes por Villaguay.<\/p>\n","protected":false},"author":2,"featured_media":61757,"comment_status":"open","ping_status":"open","sticky":false,"template":"","format":"standard","meta":{"fifu_image_url":"","fifu_image_alt":"","footnotes":""},"categories":[16],"tags":[2287,1521,2254,2313,169],"class_list":{"0":"post-61756","1":"post","2":"type-post","3":"status-publish","4":"format-standard","5":"has-post-thumbnail","7":"category-politi","8":"tag-construir-ucr","9":"tag-dario-schneider","10":"tag-elecciones-2021","11":"tag-pedro-galimberti","12":"tag-ucr"},"yoast_head":"<title>En Villaguay, Galimberti y Schneider pronosticaron un triunfo de Juntos por el Cambio - Informe Litoral<\/title>\n<meta name=\"robots\" content=\"index, follow, max-snippet:-1, max-image-preview:large, max-video-preview:-1\" \/>\n<link rel=\"canonical\" href=\"https:\/\/informelitoral.com.ar\/en-villaguay-galimberti-y-schneider-pronosticaron-un-triunfo-de-juntos-por-el-cambio\/\" \/>\n<meta property=\"og:locale\" content=\"es_ES\" \/>\n<meta property=\"og:type\" content=\"article\" \/>\n<meta property=\"og:title\" content=\"En Villaguay, Galimberti y Schneider pronosticaron un triunfo de Juntos por el Cambio - Informe Litoral\" \/>\n<meta property=\"og:description\" content=\"La recorrida de los precandidatos de &quot;Construir en Cambiemos&quot; Pedro Galimberti y Dar\u00edo Schneider continu\u00f3 el martes por Villaguay.\" \/>\n<meta property=\"og:url\" content=\"https:\/\/informelitoral.com.ar\/en-villaguay-galimberti-y-schneider-pronosticaron-un-triunfo-de-juntos-por-el-cambio\/\" \/>\n<meta property=\"og:site_name\" content=\"Informe Litoral\" \/>\n<meta property=\"article:publisher\" content=\"https:\/\/www.facebook.com\/informelitoral\/\" \/>\n<meta property=\"article:published_time\" content=\"2021-06-30T13:55:10+00:00\" \/>\n<meta property=\"og:image\" content=\"https:\/\/informelitoral.com.ar\/%77%70%2d%63%6f%6e%74%65%6e%74\/uploads\/2021\/06\/Schneider-y-Galimberti.jpg\" \/>\n\t<meta property=\"og:image:width\" content=\"1280\" \/>\n\t<meta property=\"og:image:height\" content=\"892\" \/>\n\t<meta property=\"og:image:type\" content=\"image\/jpeg\" \/>\n<meta name=\"author\" content=\"Gonzalo Schmidt\" \/>\n<meta name=\"twitter:card\" content=\"summary_large_image\" \/>\n<meta name=\"twitter:creator\" content=\"@InformeLitoral\" \/>\n<meta name=\"twitter:site\" content=\"@InformeLitoral\" \/>\n<meta name=\"twitter:label1\" content=\"Escrito por\" \/>\n\t<meta name=\"twitter:data1\" content=\"Gonzalo Schmidt\" \/>\n\t<meta name=\"twitter:label2\" content=\"Tiempo de lectura\" \/>\n\t<meta name=\"twitter:data2\" content=\"2 minutos\" \/>\n<script type=\"application\/ld+json\" class=\"yoast-schema-graph\">{\"@context\":\"https:\\\/\\\/schema.org\",\"@graph\":[{\"@type\":\"Article\",\"@id\":\"https:\\\/\\\/informelitoral.com.ar\\\/en-villaguay-galimberti-y-schneider-pronosticaron-un-triunfo-de-juntos-por-el-cambio\\\/#article\",\"isPartOf\":{\"@id\":\"https:\\\/\\\/informelitoral.com.ar\\\/en-villaguay-galimberti-y-schneider-pronosticaron-un-triunfo-de-juntos-por-el-cambio\\\/\"},\"author\":{\"name\":\"Gonzalo Schmidt\",\"@id\":\"https:\\\/\\\/informelitoral.com.ar\\\/#\\\/schema\\\/person\\\/b9d00407c836482871ef1d57bf8e3180\"},\"headline\":\"En Villaguay, Galimberti y Schneider pronosticaron un triunfo de Juntos por el Cambio\",\"datePublished\":\"2021-06-30T13:55:10+00:00\",\"mainEntityOfPage\":{\"@id\":\"https:\\\/\\\/informelitoral.com.ar\\\/en-villaguay-galimberti-y-schneider-pronosticaron-un-triunfo-de-juntos-por-el-cambio\\\/\"},\"wordCount\":434,\"commentCount\":0,\"publisher\":{\"@id\":\"https:\\\/\\\/informelitoral.com.ar\\\/#organization\"},\"image\":{\"@id\":\"https:\\\/\\\/informelitoral.com.ar\\\/en-villaguay-galimberti-y-schneider-pronosticaron-un-triunfo-de-juntos-por-el-cambio\\\/#primaryimage\"},\"thumbnailUrl\":\"https:\\\/\\\/informelitoral.com.ar\\\/%77%70%2d%63%6f%6e%74%65%6e%74\\\/uploads\\\/2021\\\/06\\\/Schneider-y-Galimberti.jpg\",\"keywords\":[\"Construir UCR\",\"Dar\u00edo Schneider\",\"Elecciones 2021\",\"Pedro Galimberti\",\"UCR\"],\"articleSection\":[\"Politica\"],\"inLanguage\":\"es\",\"potentialAction\":[{\"@type\":\"CommentAction\",\"name\":\"Comment\",\"target\":[\"https:\\\/\\\/informelitoral.com.ar\\\/en-villaguay-galimberti-y-schneider-pronosticaron-un-triunfo-de-juntos-por-el-cambio\\\/#respond\"]}]},{\"@type\":\"WebPage\",\"@id\":\"https:\\\/\\\/informelitoral.com.ar\\\/en-villaguay-galimberti-y-schneider-pronosticaron-un-triunfo-de-juntos-por-el-cambio\\\/\",\"url\":\"https:\\\/\\\/informelitoral.com.ar\\\/en-villaguay-galimberti-y-schneider-pronosticaron-un-triunfo-de-juntos-por-el-cambio\\\/\",\"name\":\"En Villaguay, Galimberti y Schneider pronosticaron un triunfo de Juntos por el Cambio - Informe Litoral\",\"isPartOf\":{\"@id\":\"https:\\\/\\\/informelitoral.com.ar\\\/#website\"},\"primaryImageOfPage\":{\"@id\":\"https:\\\/\\\/informelitoral.com.ar\\\/en-villaguay-galimberti-y-schneider-pronosticaron-un-triunfo-de-juntos-por-el-cambio\\\/#primaryimage\"},\"image\":{\"@id\":\"https:\\\/\\\/informelitoral.com.ar\\\/en-villaguay-galimberti-y-schneider-pronosticaron-un-triunfo-de-juntos-por-el-cambio\\\/#primaryimage\"},\"thumbnailUrl\":\"https:\\\/\\\/informelitoral.com.ar\\\/%77%70%2d%63%6f%6e%74%65%6e%74\\\/uploads\\\/2021\\\/06\\\/Schneider-y-Galimberti.jpg\",\"datePublished\":\"2021-06-30T13:55:10+00:00\",\"breadcrumb\":{\"@id\":\"https:\\\/\\\/informelitoral.com.ar\\\/en-villaguay-galimberti-y-schneider-pronosticaron-un-triunfo-de-juntos-por-el-cambio\\\/#breadcrumb\"},\"inLanguage\":\"es\",\"potentialAction\":[{\"@type\":\"ReadAction\",\"target\":[\"https:\\\/\\\/informelitoral.com.ar\\\/en-villaguay-galimberti-y-schneider-pronosticaron-un-triunfo-de-juntos-por-el-cambio\\\/\"]}]},{\"@type\":\"ImageObject\",\"inLanguage\":\"es\",\"@id\":\"https:\\\/\\\/informelitoral.com.ar\\\/en-villaguay-galimberti-y-schneider-pronosticaron-un-triunfo-de-juntos-por-el-cambio\\\/#primaryimage\",\"url\":\"https:\\\/\\\/informelitoral.com.ar\\\/%77%70%2d%63%6f%6e%74%65%6e%74\\\/uploads\\\/2021\\\/06\\\/Schneider-y-Galimberti.jpg\",\"contentUrl\":\"https:\\\/\\\/informelitoral.com.ar\\\/%77%70%2d%63%6f%6e%74%65%6e%74\\\/uploads\\\/2021\\\/06\\\/Schneider-y-Galimberti.jpg\",\"width\":1280,\"height\":892},{\"@type\":\"BreadcrumbList\",\"@id\":\"https:\\\/\\\/informelitoral.com.ar\\\/en-villaguay-galimberti-y-schneider-pronosticaron-un-triunfo-de-juntos-por-el-cambio\\\/#breadcrumb\",\"itemListElement\":[{\"@type\":\"ListItem\",\"position\":1,\"name\":\"Portada\",\"item\":\"https:\\\/\\\/informelitoral.com.ar\\\/\"},{\"@type\":\"ListItem\",\"position\":2,\"name\":\"En Villaguay, Galimberti y Schneider pronosticaron un triunfo de Juntos por el Cambio\"}]},{\"@type\":\"WebSite\",\"@id\":\"https:\\\/\\\/informelitoral.com.ar\\\/#website\",\"url\":\"https:\\\/\\\/informelitoral.com.ar\\\/\",\"name\":\"Informe Litoral\",\"description\":\"&quot;Nos informamos&quot; \",\"publisher\":{\"@id\":\"https:\\\/\\\/informelitoral.com.ar\\\/#organization\"},\"potentialAction\":[{\"@type\":\"SearchAction\",\"target\":{\"@type\":\"EntryPoint\",\"urlTemplate\":\"https:\\\/\\\/informelitoral.com.ar\\\/?s={search_term_string}\"},\"query-input\":{\"@type\":\"PropertyValueSpecification\",\"valueRequired\":true,\"valueName\":\"search_term_string\"}}],\"inLanguage\":\"es\"},{\"@type\":\"Organization\",\"@id\":\"https:\\\/\\\/informelitoral.com.ar\\\/#organization\",\"name\":\"Informe Litoral\",\"url\":\"https:\\\/\\\/informelitoral.com.ar\\\/\",\"logo\":{\"@type\":\"ImageObject\",\"inLanguage\":\"es\",\"@id\":\"https:\\\/\\\/informelitoral.com.ar\\\/#\\\/schema\\\/logo\\\/image\\\/\",\"url\":\"https:\\\/\\\/informelitoral.com.ar\\\/%77%70%2d%63%6f%6e%74%65%6e%74\\\/uploads\\\/2021\\\/01\\\/circulo.png\",\"contentUrl\":\"https:\\\/\\\/informelitoral.com.ar\\\/%77%70%2d%63%6f%6e%74%65%6e%74\\\/uploads\\\/2021\\\/01\\\/circulo.png\",\"width\":723,\"height\":731,\"caption\":\"Informe Litoral\"},\"image\":{\"@id\":\"https:\\\/\\\/informelitoral.com.ar\\\/#\\\/schema\\\/logo\\\/image\\\/\"},\"sameAs\":[\"https:\\\/\\\/www.facebook.com\\\/informelitoral\\\/\",\"https:\\\/\\\/x.com\\\/InformeLitoral\",\"https:\\\/\\\/www.instagram.com\\\/informelitoral\\\/\",\"https:\\\/\\\/www.youtube.com\\\/channel\\\/UCua4Qvz8Icb6MYqhoq9xLXw\"]},{\"@type\":\"Person\",\"@id\":\"https:\\\/\\\/informelitoral.com.ar\\\/#\\\/schema\\\/person\\\/b9d00407c836482871ef1d57bf8e3180\",\"name\":\"Gonzalo Schmidt\",\"image\":{\"@type\":\"ImageObject\",\"inLanguage\":\"es\",\"@id\":\"https:\\\/\\\/secure.gravatar.com\\\/avatar\\\/31a1a7b66ff2de83bd0e9fd79d026630d2d99e55e8bfe501287647b4fd9743de?s=96&d=mm&r=g\",\"url\":\"https:\\\/\\\/secure.gravatar.com\\\/avatar\\\/31a1a7b66ff2de83bd0e9fd79d026630d2d99e55e8bfe501287647b4fd9743de?s=96&d=mm&r=g\",\"contentUrl\":\"https:\\\/\\\/secure.gravatar.com\\\/avatar\\\/31a1a7b66ff2de83bd0e9fd79d026630d2d99e55e8bfe501287647b4fd9743de?s=96&d=mm&r=g\",\"caption\":\"Gonzalo Schmidt\"},\"description\":\"Sitio web de noticias de la provincia de Entre R\u00edos, Argentina. Informaci\u00f3n y entretenimiento. Informe Litoral, nos informamos.\",\"sameAs\":[\"http:\\\/\\\/www.isletasnoticias.com.ar\"],\"url\":\"https:\\\/\\\/informelitoral.com.ar\\\/author\\\/gonzalo\\\/\"}]}<\/script>","yoast_head_json":{"title":"En Villaguay, Galimberti y Schneider pronosticaron un triunfo de Juntos por el Cambio - Informe Litoral","robots":{"index":"index","follow":"follow","max-snippet":"max-snippet:-1","max-image-preview":"max-image-preview:large","max-video-preview":"max-video-preview:-1"},"canonical":"https:\/\/informelitoral.com.ar\/en-villaguay-galimberti-y-schneider-pronosticaron-un-triunfo-de-juntos-por-el-cambio\/","og_locale":"es_ES","og_type":"article","og_title":"En Villaguay, Galimberti y Schneider pronosticaron un triunfo de Juntos por el Cambio - Informe Litoral","og_description":"La recorrida de los precandidatos de \"Construir en Cambiemos\" Pedro Galimberti y Dar\u00edo Schneider continu\u00f3 el martes por Villaguay.","og_url":"https:\/\/informelitoral.com.ar\/en-villaguay-galimberti-y-schneider-pronosticaron-un-triunfo-de-juntos-por-el-cambio\/","og_site_name":"Informe Litoral","article_publisher":"https:\/\/www.facebook.com\/informelitoral\/","article_published_time":"2021-06-30T13:55:10+00:00","og_image":[{"width":1280,"height":892,"url":"https:\/\/informelitoral.com.ar\/%77%70%2d%63%6f%6e%74%65%6e%74\/uploads\/2021\/06\/Schneider-y-Galimberti.jpg","type":"image\/jpeg"}],"author":"Gonzalo Schmidt","twitter_card":"summary_large_image","twitter_creator":"@InformeLitoral","twitter_site":"@InformeLitoral","twitter_misc":{"Escrito por":"Gonzalo Schmidt","Tiempo de lectura":"2 minutos"},"schema":{"@context":"https:\/\/schema.org","@graph":[{"@type":"Article","@id":"https:\/\/informelitoral.com.ar\/en-villaguay-galimberti-y-schneider-pronosticaron-un-triunfo-de-juntos-por-el-cambio\/#article","isPartOf":{"@id":"https:\/\/informelitoral.com.ar\/en-villaguay-galimberti-y-schneider-pronosticaron-un-triunfo-de-juntos-por-el-cambio\/"},"author":{"name":"Gonzalo Schmidt","@id":"https:\/\/informelitoral.com.ar\/#\/schema\/person\/b9d00407c836482871ef1d57bf8e3180"},"headline":"En Villaguay, Galimberti y Schneider pronosticaron un triunfo de Juntos por el Cambio","datePublished":"2021-06-30T13:55:10+00:00","mainEntityOfPage":{"@id":"https:\/\/informelitoral.com.ar\/en-villaguay-galimberti-y-schneider-pronosticaron-un-triunfo-de-juntos-por-el-cambio\/"},"wordCount":434,"commentCount":0,"publisher":{"@id":"https:\/\/informelitoral.com.ar\/#organization"},"image":{"@id":"https:\/\/informelitoral.com.ar\/en-villaguay-galimberti-y-schneider-pronosticaron-un-triunfo-de-juntos-por-el-cambio\/#primaryimage"},"thumbnailUrl":"https:\/\/informelitoral.com.ar\/%77%70%2d%63%6f%6e%74%65%6e%74\/uploads\/2021\/06\/Schneider-y-Galimberti.jpg","keywords":["Construir UCR","Dar\u00edo Schneider","Elecciones 2021","Pedro Galimberti","UCR"],"articleSection":["Politica"],"inLanguage":"es","potentialAction":[{"@type":"CommentAction","name":"Comment","target":["https:\/\/informelitoral.com.ar\/en-villaguay-galimberti-y-schneider-pronosticaron-un-triunfo-de-juntos-por-el-cambio\/#respond"]}]},{"@type":"WebPage","@id":"https:\/\/informelitoral.com.ar\/en-villaguay-galimberti-y-schneider-pronosticaron-un-triunfo-de-juntos-por-el-cambio\/","url":"https:\/\/informelitoral.com.ar\/en-villaguay-galimberti-y-schneider-pronosticaron-un-triunfo-de-juntos-por-el-cambio\/","name":"En Villaguay, Galimberti y Schneider pronosticaron un triunfo de Juntos por el Cambio - Informe Litoral","isPartOf":{"@id":"https:\/\/informelitoral.com.ar\/#website"},"primaryImageOfPage":{"@id":"https:\/\/informelitoral.com.ar\/en-villaguay-galimberti-y-schneider-pronosticaron-un-triunfo-de-juntos-por-el-cambio\/#primaryimage"},"image":{"@id":"https:\/\/informelitoral.com.ar\/en-villaguay-galimberti-y-schneider-pronosticaron-un-triunfo-de-juntos-por-el-cambio\/#primaryimage"},"thumbnailUrl":"https:\/\/informelitoral.com.ar\/%77%70%2d%63%6f%6e%74%65%6e%74\/uploads\/2021\/06\/Schneider-y-Galimberti.jpg","datePublished":"2021-06-30T13:55:10+00:00","breadcrumb":{"@id":"https:\/\/informelitoral.com.ar\/en-villaguay-galimberti-y-schneider-pronosticaron-un-triunfo-de-juntos-por-el-cambio\/#breadcrumb"},"inLanguage":"es","potentialAction":[{"@type":"ReadAction","target":["https:\/\/informelitoral.com.ar\/en-villaguay-galimberti-y-schneider-pronosticaron-un-triunfo-de-juntos-por-el-cambio\/"]}]},{"@type":"ImageObject","inLanguage":"es","@id":"https:\/\/informelitoral.com.ar\/en-villaguay-galimberti-y-schneider-pronosticaron-un-triunfo-de-juntos-por-el-cambio\/#primaryimage","url":"https:\/\/informelitoral.com.ar\/%77%70%2d%63%6f%6e%74%65%6e%74\/uploads\/2021\/06\/Schneider-y-Galimberti.jpg","contentUrl":"https:\/\/informelitoral.com.ar\/%77%70%2d%63%6f%6e%74%65%6e%74\/uploads\/2021\/06\/Schneider-y-Galimberti.jpg","width":1280,"height":892},{"@type":"BreadcrumbList","@id":"https:\/\/informelitoral.com.ar\/en-villaguay-galimberti-y-schneider-pronosticaron-un-triunfo-de-juntos-por-el-cambio\/#breadcrumb","itemListElement":[{"@type":"ListItem","position":1,"name":"Portada","item":"https:\/\/informelitoral.com.ar\/"},{"@type":"ListItem","position":2,"name":"En Villaguay, Galimberti y Schneider pronosticaron un triunfo de Juntos por el Cambio"}]},{"@type":"WebSite","@id":"https:\/\/informelitoral.com.ar\/#website","url":"https:\/\/informelitoral.com.ar\/","name":"Informe Litoral","description":"&quot;Nos informamos&quot; ","publisher":{"@id":"https:\/\/informelitoral.com.ar\/#organization"},"potentialAction":[{"@type":"SearchAction","target":{"@type":"EntryPoint","urlTemplate":"https:\/\/informelitoral.com.ar\/?s={search_term_string}"},"query-input":{"@type":"PropertyValueSpecification","valueRequired":true,"valueName":"search_term_string"}}],"inLanguage":"es"},{"@type":"Organization","@id":"https:\/\/informelitoral.com.ar\/#organization","name":"Informe Litoral","url":"https:\/\/informelitoral.com.ar\/","logo":{"@type":"ImageObject","inLanguage":"es","@id":"https:\/\/informelitoral.com.ar\/#\/schema\/logo\/image\/","url":"https:\/\/informelitoral.com.ar\/%77%70%2d%63%6f%6e%74%65%6e%74\/uploads\/2021\/01\/circulo.png","contentUrl":"https:\/\/informelitoral.com.ar\/%77%70%2d%63%6f%6e%74%65%6e%74\/uploads\/2021\/01\/circulo.png","width":723,"height":731,"caption":"Informe Litoral"},"image":{"@id":"https:\/\/informelitoral.com.ar\/#\/schema\/logo\/image\/"},"sameAs":["https:\/\/www.facebook.com\/informelitoral\/","https:\/\/x.com\/InformeLitoral","https:\/\/www.instagram.com\/informelitoral\/","https:\/\/www.youtube.com\/channel\/UCua4Qvz8Icb6MYqhoq9xLXw"]},{"@type":"Person","@id":"https:\/\/informelitoral.com.ar\/#\/schema\/person\/b9d00407c836482871ef1d57bf8e3180","name":"Gonzalo Schmidt","image":{"@type":"ImageObject","inLanguage":"es","@id":"https:\/\/secure.gravatar.com\/avatar\/31a1a7b66ff2de83bd0e9fd79d026630d2d99e55e8bfe501287647b4fd9743de?s=96&d=mm&r=g","url":"https:\/\/secure.gravatar.com\/avatar\/31a1a7b66ff2de83bd0e9fd79d026630d2d99e55e8bfe501287647b4fd9743de?s=96&d=mm&r=g","contentUrl":"https:\/\/secure.gravatar.com\/avatar\/31a1a7b66ff2de83bd0e9fd79d026630d2d99e55e8bfe501287647b4fd9743de?s=96&d=mm&r=g","caption":"Gonzalo Schmidt"},"description":"Sitio web de noticias de la provincia de Entre R\u00edos, Argentina. Informaci\u00f3n y entretenimiento. Informe Litoral, nos informamos.","sameAs":["http:\/\/www.isletasnoticias.com.ar"],"url":"https:\/\/informelitoral.com.ar\/author\/gonzalo\/"}]}},"_links":{"self":[{"href":"https:\/\/informelitoral.com.ar\/%77%70%2d%6a%73%6f%6e\/wp\/v2\/posts\/61756","targetHints":{"allow":["GET"]}}],"collection":[{"href":"https:\/\/informelitoral.com.ar\/%77%70%2d%6a%73%6f%6e\/wp\/v2\/posts"}],"about":[{"href":"https:\/\/informelitoral.com.ar\/%77%70%2d%6a%73%6f%6e\/wp\/v2\/types\/post"}],"author":[{"embeddable":true,"href":"https:\/\/informelitoral.com.ar\/%77%70%2d%6a%73%6f%6e\/wp\/v2\/users\/2"}],"replies":[{"embeddable":true,"href":"https:\/\/informelitoral.com.ar\/%77%70%2d%6a%73%6f%6e\/wp\/v2\/comments?post=61756"}],"version-history":[{"count":0,"href":"https:\/\/informelitoral.com.ar\/%77%70%2d%6a%73%6f%6e\/wp\/v2\/posts\/61756\/revisions"}],"wp:featuredmedia":[{"embeddable":true,"href":"https:\/\/informelitoral.com.ar\/%77%70%2d%6a%73%6f%6e\/wp\/v2\/media\/61757"}],"wp:attachment":[{"href":"https:\/\/informelitoral.com.ar\/%77%70%2d%6a%73%6f%6e\/wp\/v2\/media?parent=61756"}],"wp:term":[{"taxonomy":"category","embeddable":true,"href":"https:\/\/informelitoral.com.ar\/%77%70%2d%6a%73%6f%6e\/wp\/v2\/categories?post=61756"},{"taxonomy":"post_tag","embeddable":true,"href":"https:\/\/informelitoral.com.ar\/%77%70%2d%6a%73%6f%6e\/wp\/v2\/tags?post=61756"}],"curies":[{"name":"wp","href":"https:\/\/api.w.org\/{rel}","templated":true}]}}