{"id":61744,"date":"2021-06-30T10:14:56","date_gmt":"2021-06-30T13:14:56","guid":{"rendered":"https:\/\/www.informelitoral.com.ar\/?p=61744"},"modified":"2021-06-30T10:16:48","modified_gmt":"2021-06-30T13:16:48","slug":"promueven-la-generacion-de-1-000-puestos-de-trabajo-en-el-sector-industrial-de-entre-rios","status":"publish","type":"post","link":"https:\/\/informelitoral.com.ar\/promueven-la-generacion-de-1-000-puestos-de-trabajo-en-el-sector-industrial-de-entre-rios\/","title":{"rendered":"Promueven la generaci\u00f3n de 1.000 puestos de trabajo en el sector industrial de Entre R\u00edos"},"content":{"rendered":"<p>\u00abTrabajar en pol\u00edticas p\u00fablicas articuladas con el sector privado, con el gobierno nacional y tener decisiones de pol\u00edticas que alienten y estimulen la producci\u00f3n, genera un fuerte impacto no s\u00f3lo en el desarrollo productivo, sino tambi\u00e9n en la generaci\u00f3n de empleo\u201d, expres\u00f3 el mandatario entrerriano.<\/p>\n<p>Kulfas, en tanto, asegur\u00f3 que \u201cEntre R\u00edos es una provincia que est\u00e1 siendo protagonista de la recuperaci\u00f3n de la Argentina, de una industria que ya muestra 11 meses consecutivos de creaci\u00f3n de empleo industrial y que a pesar de la pandemia ya produce m\u00e1s que lo que produc\u00eda en 2019, es decir, al periodo previo al inicio de la pandemia\u201d.<\/p>\n<p>En el Centro Provincial de Convenciones, acompa\u00f1ado por la vicegobernadora Laura Stratta, el mandatario mantuvo una reuni\u00f3n virtual con el ministro Kulfas y participaron en forma presencial, el secretario de la Peque\u00f1a y Mediana Empresa y los Emprendedores de la Naci\u00f3n, Guillermo Merediz; y el secretario de Industria, Econom\u00eda del Conocimiento y Gesti\u00f3n Comercial Externa, Ariel Schale.<\/p>\n<p>All\u00ed firm\u00f3 acuerdos con la Naci\u00f3n, en el primer caso, para la instrumentaci\u00f3n provincial del Programa Federal de Fortalecimiento de la Reactivaci\u00f3n Productiva, en virtud del cual Entre R\u00edos recibir\u00e1 una asistencia de 235 millones de pesos a los fines de poner en marcha 1.000 puestos nuevos de trabajo en el sector industrial y agroindustrial a nivel provincial. Los fondos, provenientes del Fondep (Fondo Nacional de Desarrollo Productivo), se instrumentar\u00e1n a trav\u00e9s de Aportes No Reintegrables (ANRs) para el pago de contribuciones patronales destinados a empresas que realicen nuevas contrataciones.<\/p>\n<p>Asimismo, se firm\u00f3 un convenio para la instrumentaci\u00f3n en Entre R\u00edos de la L\u00ednea de Inversi\u00f3n Productiva. Se trata de una l\u00ednea crediticia destinada a inversi\u00f3n, por un monto de 400 millones decesos y con subsidio de tasa por parte del Fondep y del gobierno de Entre R\u00edos, con una tasa final del 22 por ciento para los beneficiarios durante el total de la amortizaci\u00f3n del cr\u00e9dito que es a 5 a\u00f1os. La l\u00ednea de cr\u00e9ditos estar\u00e1 disponible en el Banco de Entre R\u00edos, y los cr\u00e9ditos estar\u00e1n garantizados en un 50 por ciento por el Fogar (Fondo de Garant\u00edas de Argentina) y el restante 50 por ciento por el Fogaer (Fondo de Garant\u00edas de Entre R\u00edos).<\/p>\n<p>Por otro lado, se anunci\u00f3 la puesta en marcha del registro pyme para empresas entrerrianas, que incluye el intercambio de informaci\u00f3n econ\u00f3mica y productiva ligada al sector generada a nivel provincial.<\/p>\n<p>Se procedi\u00f3 a la firma de convenios con instituciones en el marco del Programa de Competitividad de Econom\u00edas Regionales. Es para financiar capacitaciones. Los proyectos beneficiados de la provincia pertenecen a la Uni\u00f3n Industrial de Entre R\u00edos, al Consejo Empresario de Entre R\u00edos (CEER), a la Corporaci\u00f3n del Desarrollo de Gualeguaych\u00fa, a la Asociaci\u00f3n de Industriales Metal\u00fargicos de Entre R\u00edos (ADIMER), a la Municipalidad de Villaguay y al Consorcio Mixto del Parque Industrial de Concepci\u00f3n del Uruguay (COMPICU).<\/p>\n<p>Tambi\u00e9n se hizo referencia al Programa de Reactivaci\u00f3n Productiva &#8211; L\u00ednea de Cr\u00e9ditos Directos para Inversi\u00f3n. Dicha l\u00ednea otorga cr\u00e9ditos directos de hasta 15.000.000 pesos para financiar proyectos de inversi\u00f3n productiva en empresas y cooperativa. Las pymes entrerrianas beneficiadas son: Intermia SRL, Industria Metal\u00fargica Fontana SRL, Industrias Bartoli Hnos SRL, Nogolac SA, Lizzi Leandro Javier y Michel Juan Alberto y Palacios SRL.<\/p>\n<p>En el marco del Programa Soluciona, Reactivaci\u00f3n de la Econom\u00eda del Conocimiento, se entregaron aportes por un total de 37.100.000 pesos a las empresas Lafedar SA y Mirich Seguridad Electr\u00f3nica S.A., y a la Universidad Nacional de Entre R\u00edos.<\/p>\n<p>En lo que respecta al Programa Nacional de Desarrollo de Proveedores, se entregaron aportes no reembolsables para propiciar industrializaci\u00f3n, diversificaci\u00f3n de la matriz productiva interna y promover de la productividad y competitividad. Los beneficiarios, por un total de 34 millones de pesos, fueron las empresas Lafedar SA y Boaglio Juan Federico.<\/p>\n<p>Por el programa Capacitaci\u00f3n y Econom\u00eda del Conocimiento para municipios se dio cuenta de la entrega de Aportes No Reembolsables por un total de 3 millones de pesos a las municipalidades de Concordia, San Salvador, Concepci\u00f3n del Uruguay, Crespo, Gualeguaych\u00fa, Oro Verde, Larroque y Paran\u00e1.<\/p>\n<p>En el marco del Programa Nacional para el Desarrollo de Parques Industriales, se anunci\u00f3 la priorizaci\u00f3n de entrega de un Aporte No Reembolsable al Parque Industrial de Lucas Gonz\u00e1lez por 40 millones de pesos. Este aporte se suma, a nivel provincial, al ya otorgado al parque industrial P\u00fablico Municipal de Segu\u00ed por 43 millones de pesos.<\/p>\n<p><b>Las palabras del gobernador Bordet<\/b><\/p>\n<p>Al hablar en el acto, Bordet destac\u00f3 la posibilidad de poner en marcha estos programas \u201cque hemos articulado el gobierno nacional y provincial, en una situaci\u00f3n totalmente at\u00edpica como la que nos toc\u00f3 atravesar el a\u00f1o pasado y este primer semestre, en medio de una pandemia que permanentemente nos obliga a tomar decisiones imprevistas, porque hay una mutaci\u00f3n y un cambio permanente; y actuar ante lo desconocido no siempre resulta sencillo\u00bb.<\/p>\n<p>\u00abNosotros que estamos en gesti\u00f3n sabemos c\u00f3mo actuar frente a cuestiones que son previsibles y para las que nos hemos preparado, pero la imprevisibilidad de una pandemia nos obliga permanentemente a tomar decisiones que tienen que ver con la preservaci\u00f3n de la salud de la poblaci\u00f3n. No obstante hemos trabajado fuertemente para poder tener nuestro sistema productivo en la provincia de Entre R\u00edos en marcha\u00bb, subray\u00f3.<\/p>\n<p>Hizo notar que \u201cnuestra provincia es productora de alimentos, pero tambi\u00e9n tiene un fuerte impulso desde el sector servicios, en el turismo, que no la est\u00e1 pasando bien con la pandemia. Pero ah\u00ed est\u00e1 el Estado presente con las decisiones que tom\u00f3 oportunamente el Presidente y tambi\u00e9n con medidas complementarias que desde el gobierno provincial venimos tomando y sosteniendo para poder paliar en parte las dificultades que presenta este sector\u00bb.<\/p>\n<p>En lo que hace al sector productivo e industrial, remarc\u00f3 que \u00abEntre R\u00edos registra niveles superiores a 2019, hay un incremento en las exportaciones que se hace notar en este primer semestre de 2021\u00bb, y consider\u00f3 que \u00abtrabajar en pol\u00edticas p\u00fablicas articuladas con el sector privado, con el gobierno nacional y tener decisiones de pol\u00edticas que alienten y estimulen la producci\u00f3n, hace que en nuestra provincia tenga un fuerte impacto, no s\u00f3lo en el desarrollo productivo, sino tambi\u00e9n en la generaci\u00f3n de empleo\u201d.<\/p>\n<p>En ese marco, destac\u00f3 que \u201cel hecho de poder estar en Entre R\u00edos con este sistema de promoci\u00f3n para los 1000 primeros puestos de trabajo que se generen en la provincia y que tengan la posibilidad de subsidiar las contribuciones, es muy importante y es un est\u00edmulo a la contrataci\u00f3n de empleo en tiempos dif\u00edciles como los que nos toca atravesar. Esto claramente obedece a una decisi\u00f3n pol\u00edtica del Presidente y de su ministerio\u00bb.<\/p>\n<p>Asimismo, resalt\u00f3 que \u201cpoder llegar con cr\u00e9ditos accesibles para distintos sectores de nuestro sistema productivo, industria y empresarios hace que el acceso al financiamiento pueda generar nuevas inversiones\u201d.<\/p>\n<p>\u00abEstos son los desaf\u00edos que tenemos que tomar\u00bb, dijo y destac\u00f3 el hecho de que \u00abhoy podamos estar hoy cumpliendo con muchos municipios con aportes no reintegrables en parque industriales\u201d. Al respecto mencion\u00f3 que \u201cya lo hemos hecho con el municipio de Segu\u00ed y ahora con Lucas Gonz\u00e1lez. Tambi\u00e9n se har\u00e1 con el parque industrial de Ubajay, de Victoria, de Concepci\u00f3n del Uruguay, de Concordia, de Crespo, de Larroque y otros m\u00e1s donde estamos trabajando para poder llegar con este tipo de aportes que puedan generar obras de infraestructura para poder poner en condiciones \u00f3ptimas nuestros parques industriales\u00bb.<\/p>\n<p>Adem\u00e1s, afirm\u00f3 que \u201cel esfuerzo que hace el gobierno nacional tambi\u00e9n es compartido por la provincia, donde hemos llegado con aportes al sector de turismo para apoyar en esta coyuntura compleja y a otros sectores de servicios que tienen que ver con organizaciones de fiestas, eventos y gimnasios\u201d.<\/p>\n<p>Tambi\u00e9n mencion\u00f3 las condiciones de infraestructura que se est\u00e1n generando desde lo p\u00fablico \u201cen materia vial, donde estamos asistiendo a una inversi\u00f3n realmente in\u00e9dita ya que en este a\u00f1o y medio se pusieron en marcha todas las obras paralizadas y muchas m\u00e1s, lo cual genera la posibilidad de tener buenos caminos; y nuestros puertos activos como Concepci\u00f3n del Uruguay e Ibicuy y pr\u00f3ximamente Diamante con el dragado que comienza en estos d\u00edas\u201d.<\/p>\n<p>Por \u00faltimo, se\u00f1al\u00f3 que \u00abesta jornada de trabajo nos alienta a seguir trabajando y a poner todo nuestro esfuerzo y no doblegarnos ante la adversidad que nos genera la pandemia para lograr entre todos sortear las dificultades y poder poner en relieve el sistema productivo y la generaci\u00f3n de empleo en nuestra provincia, que consideramos vitales y centrales de una gesti\u00f3n de gobierno, para poder lograr la calidad de vidas para los ciudadanos de nuestra provincia\u201d.<\/p>\n<p><b>Los programas de Naci\u00f3n<\/b><\/p>\n<p>Por su parte, el ministro de Desarrollo Productivo de la Naci\u00f3n, Mat\u00edas Kulfas, subray\u00f3 que \u201csomos un solo equipo el gobierno nacional y el de la provincia trabajando juntos y unidos, y tirando para el mismo lado para desarrollar la estructura productiva nacional y la de Entre R\u00edos en particular\u00bb.<\/p>\n<p>En ese sentido, habl\u00f3 de \u00abpoder contener los efectos negativos de la pandemia, y m\u00e1s a\u00fan tener una agenda proactiva vinculada a la crecimiento, la reactivaci\u00f3n, la reconstrucci\u00f3n nacional y al desarrollo econ\u00f3mico y social\u00bb.<\/p>\n<p>Dijo estar \u00abmuy contento por gestionar estos programas en la provincia de Entre R\u00edos, una provincia que est\u00e1 siendo protagonista de esta recuperaci\u00f3n de la Argentina, de una industria que ya muestra 11 meses consecutivos de creaci\u00f3n de empleo industrial y que a pesar de la pandemia ya produce m\u00e1s que lo que produc\u00eda en 2019, es decir, al periodo previo al inicio de la pandemia\u201d.<\/p>\n<p>Tambi\u00e9n sostuvo que \u00abel esfuerzo ha sido muy grande si se repasa parte de lo hecho durante el \u00faltimo a\u00f1o\u00bb y mencion\u00f3 las diversas l\u00edneas de trabajo. \u00abEl gobierno nacional ha estado presente en el peor momento de la pandemia en ATP que lleg\u00f3 a 7000 firmas entrerrianas y que implic\u00f3 el pago del salario de 44600 trabajadores, adem\u00e1s de los m\u00e1s de 2200 cr\u00e9ditos que se dieron a tasa cero en el marco de la TG. En definitiva, hemos desplegado un conjunto de pol\u00edticas de financiamiento, pero no nos quedamos en eso, y evaluamos diferentes medidas financieras vinculadas al desarrollo productivo de Entre R\u00edos con el PAC para pymes por m\u00e1s de 600 de millones de pesos dentro del gobierno provincial con diferentes proyectos aprobados\u00bb.<\/p>\n<p>Se refiri\u00f3 al trabajo con las industrias vinculadas a la pandemia y a la salud para poder afrontar los problemas de pandemia; el programa de desarrollo de proveedores con nuevos proyectos a firmas entrerrianas para desarrollar las capacidades productivas y m\u00e1s equipamiento para sustituir importaciones en Argentina. Asimismo, al programa de parques industriales donde \u00abse han podido volcar recursos concretos en la provincia y se espera multiplicar m\u00e1s con 220 millones de pesos en ejecuci\u00f3n en los parques industriales de Concepci\u00f3n del Uruguay, Crespo y Concordia. Buscando trabajar con las necesidades que plantea el gobierno de la provincia y as\u00ed complementar la mirada estrat\u00e9gica entrerriana con los instrumentos que tiene la Naci\u00f3n a disposici\u00f3n del desarrollo productivo\u00bb.<\/p>\n<p><b>Trabajo conjunto<\/b><\/p>\n<p>Al hacer uso de la palabra, el ministro de Producci\u00f3n, Juan Jos\u00e9 Bahillo, resalt\u00f3 que \u00abhoy se est\u00e1n plasmando acciones y gestiones que venimos llevando adelante desde hace bastante tiempo, en una agenda construida en conjunto entre los gobiernos nacional, provincial, los municipios, los sectores de la producci\u00f3n y las entidades intermedias, porque hay una decisi\u00f3n del gobernador de trabajar en conjunto con todos los sectores de la producci\u00f3n de Entre R\u00edos y con todos los niveles de representaci\u00f3n institucional\u00bb.<\/p>\n<p>Luego valor\u00f3 \u00abel esfuerzo, el apoyo y el acompa\u00f1amiento del sector productivo en un a\u00f1o que no ha sido f\u00e1cil de transitar, pero nuestra provincia, m\u00e1s all\u00e1 de sectores puntuales como el tur\u00edstico y parte de transporte, ha tenido una muy buena performance en este \u00faltimo a\u00f1o y medio y eso ha sido posible porque, en el marco de una pandemia que afect\u00f3 al mundo, a la regi\u00f3n, al pa\u00eds y a la provincia, hubo fuertes pol\u00edticas activas del gobierno nacional bajo distintos programas, como el ATP, que permitieron mantener el trabajo y el nivel de actividad econ\u00f3mica, m\u00e1s las medidas tomadas por el gobernador y el gobierno provincial para sostener tambi\u00e9n y subsistir en este momento de pandemia\u00bb.<\/p>\n<p><b>Presentes<\/b><\/p>\n<p>Adem\u00e1s del gobernador Bordet y la vicegobernadora Laura Stratta, estuvieron los ministros de Producci\u00f3n, Turismo y Desarrollo Econ\u00f3mico, Juan Jos\u00e9 Bahillo, y el de Econom\u00eda, Hacienda y Finanzas de Entre R\u00edos, Hugo Ballay. Tambi\u00e9n estuvo el secretario de Desarrollo Econ\u00f3mico y Emprendedor de Entre R\u00edos, Pedro Gebhart<\/p>\n<p>Adem\u00e1s participaron las intendentas de Lucas Gonz\u00e1lez y de Villaguay; autoridades de la UNER, de la Uni\u00f3n Industrial de Entra R\u00edos, del Consejo Empresario, representantes de la Corporaci\u00f3n del Desarrollo de Gualeguaych\u00fa y del Consorcio Mixto del Parque Industrial de Concepci\u00f3n del Uruguay; y de empresas y Pymes entrerrianas.<\/p>\n","protected":false},"excerpt":{"rendered":"<p>La Provincia suscribi\u00f3 acuerdos con Naci\u00f3n para fomentar inversiones y crear 1.000 puestos de trabajo con la reducci\u00f3n de aportes patronales. Como as\u00ed tambi\u00e9n, para la instrumentaci\u00f3n en Entre R\u00edos de una l\u00ednea de Inversi\u00f3n Productiva por 400 millones de pesos.<\/p>\n","protected":false},"author":2,"featured_media":61746,"comment_status":"open","ping_status":"open","sticky":false,"template":"","format":"standard","meta":{"fifu_image_url":"","fifu_image_alt":"","footnotes":""},"categories":[6,16],"tags":[630,81],"class_list":{"0":"post-61744","1":"post","2":"type-post","3":"status-publish","4":"format-standard","5":"has-post-thumbnail","7":"category-entre-rios","8":"category-politi","9":"tag-empleo","10":"tag-entre-rios"},"yoast_head":"<title>Promueven la generaci\u00f3n de 1.000 puestos de trabajo en el sector industrial de Entre R\u00edos - Informe Litoral<\/title>\n<meta name=\"robots\" content=\"index, follow, max-snippet:-1, max-image-preview:large, max-video-preview:-1\" \/>\n<link rel=\"canonical\" href=\"https:\/\/informelitoral.com.ar\/promueven-la-generacion-de-1-000-puestos-de-trabajo-en-el-sector-industrial-de-entre-rios\/\" \/>\n<meta property=\"og:locale\" content=\"es_ES\" \/>\n<meta property=\"og:type\" content=\"article\" \/>\n<meta property=\"og:title\" content=\"Promueven la generaci\u00f3n de 1.000 puestos de trabajo en el sector industrial de Entre R\u00edos - Informe Litoral\" \/>\n<meta property=\"og:description\" content=\"La Provincia suscribi\u00f3 acuerdos con Naci\u00f3n para fomentar inversiones y crear 1.000 puestos de trabajo con la reducci\u00f3n de aportes patronales. Como as\u00ed tambi\u00e9n, para la instrumentaci\u00f3n en Entre R\u00edos de una l\u00ednea de Inversi\u00f3n Productiva por 400 millones de pesos.\" \/>\n<meta property=\"og:url\" content=\"https:\/\/informelitoral.com.ar\/promueven-la-generacion-de-1-000-puestos-de-trabajo-en-el-sector-industrial-de-entre-rios\/\" \/>\n<meta property=\"og:site_name\" content=\"Informe Litoral\" \/>\n<meta property=\"article:publisher\" content=\"https:\/\/www.facebook.com\/informelitoral\/\" \/>\n<meta property=\"article:published_time\" content=\"2021-06-30T13:14:56+00:00\" \/>\n<meta property=\"article:modified_time\" content=\"2021-06-30T13:16:48+00:00\" \/>\n<meta property=\"og:image\" content=\"https:\/\/informelitoral.com.ar\/%77%70%2d%63%6f%6e%74%65%6e%74\/uploads\/2021\/06\/1624989769jpg.jpg\" \/>\n\t<meta property=\"og:image:width\" content=\"1920\" \/>\n\t<meta property=\"og:image:height\" content=\"1280\" \/>\n\t<meta property=\"og:image:type\" content=\"image\/jpeg\" \/>\n<meta name=\"author\" content=\"Gonzalo Schmidt\" \/>\n<meta name=\"twitter:card\" content=\"summary_large_image\" \/>\n<meta name=\"twitter:creator\" content=\"@InformeLitoral\" \/>\n<meta name=\"twitter:site\" content=\"@InformeLitoral\" \/>\n<meta name=\"twitter:label1\" content=\"Escrito por\" \/>\n\t<meta name=\"twitter:data1\" content=\"Gonzalo Schmidt\" \/>\n\t<meta name=\"twitter:label2\" content=\"Tiempo de lectura\" \/>\n\t<meta name=\"twitter:data2\" content=\"11 minutos\" \/>\n<script type=\"application\/ld+json\" class=\"yoast-schema-graph\">{\"@context\":\"https:\\\/\\\/schema.org\",\"@graph\":[{\"@type\":\"Article\",\"@id\":\"https:\\\/\\\/informelitoral.com.ar\\\/promueven-la-generacion-de-1-000-puestos-de-trabajo-en-el-sector-industrial-de-entre-rios\\\/#article\",\"isPartOf\":{\"@id\":\"https:\\\/\\\/informelitoral.com.ar\\\/promueven-la-generacion-de-1-000-puestos-de-trabajo-en-el-sector-industrial-de-entre-rios\\\/\"},\"author\":{\"name\":\"Gonzalo Schmidt\",\"@id\":\"https:\\\/\\\/informelitoral.com.ar\\\/#\\\/schema\\\/person\\\/b9d00407c836482871ef1d57bf8e3180\"},\"headline\":\"Promueven la generaci\u00f3n de 1.000 puestos de trabajo en el sector industrial de Entre R\u00edos\",\"datePublished\":\"2021-06-30T13:14:56+00:00\",\"dateModified\":\"2021-06-30T13:16:48+00:00\",\"mainEntityOfPage\":{\"@id\":\"https:\\\/\\\/informelitoral.com.ar\\\/promueven-la-generacion-de-1-000-puestos-de-trabajo-en-el-sector-industrial-de-entre-rios\\\/\"},\"wordCount\":2294,\"commentCount\":0,\"publisher\":{\"@id\":\"https:\\\/\\\/informelitoral.com.ar\\\/#organization\"},\"image\":{\"@id\":\"https:\\\/\\\/informelitoral.com.ar\\\/promueven-la-generacion-de-1-000-puestos-de-trabajo-en-el-sector-industrial-de-entre-rios\\\/#primaryimage\"},\"thumbnailUrl\":\"https:\\\/\\\/informelitoral.com.ar\\\/%77%70%2d%63%6f%6e%74%65%6e%74\\\/uploads\\\/2021\\\/06\\\/1624989769jpg.jpg\",\"keywords\":[\"Empleo\",\"Entre R\u00edos\"],\"articleSection\":[\"Entre R\u00edos\",\"Politica\"],\"inLanguage\":\"es\",\"potentialAction\":[{\"@type\":\"CommentAction\",\"name\":\"Comment\",\"target\":[\"https:\\\/\\\/informelitoral.com.ar\\\/promueven-la-generacion-de-1-000-puestos-de-trabajo-en-el-sector-industrial-de-entre-rios\\\/#respond\"]}]},{\"@type\":\"WebPage\",\"@id\":\"https:\\\/\\\/informelitoral.com.ar\\\/promueven-la-generacion-de-1-000-puestos-de-trabajo-en-el-sector-industrial-de-entre-rios\\\/\",\"url\":\"https:\\\/\\\/informelitoral.com.ar\\\/promueven-la-generacion-de-1-000-puestos-de-trabajo-en-el-sector-industrial-de-entre-rios\\\/\",\"name\":\"Promueven la generaci\u00f3n de 1.000 puestos de trabajo en el sector industrial de Entre R\u00edos - Informe Litoral\",\"isPartOf\":{\"@id\":\"https:\\\/\\\/informelitoral.com.ar\\\/#website\"},\"primaryImageOfPage\":{\"@id\":\"https:\\\/\\\/informelitoral.com.ar\\\/promueven-la-generacion-de-1-000-puestos-de-trabajo-en-el-sector-industrial-de-entre-rios\\\/#primaryimage\"},\"image\":{\"@id\":\"https:\\\/\\\/informelitoral.com.ar\\\/promueven-la-generacion-de-1-000-puestos-de-trabajo-en-el-sector-industrial-de-entre-rios\\\/#primaryimage\"},\"thumbnailUrl\":\"https:\\\/\\\/informelitoral.com.ar\\\/%77%70%2d%63%6f%6e%74%65%6e%74\\\/uploads\\\/2021\\\/06\\\/1624989769jpg.jpg\",\"datePublished\":\"2021-06-30T13:14:56+00:00\",\"dateModified\":\"2021-06-30T13:16:48+00:00\",\"breadcrumb\":{\"@id\":\"https:\\\/\\\/informelitoral.com.ar\\\/promueven-la-generacion-de-1-000-puestos-de-trabajo-en-el-sector-industrial-de-entre-rios\\\/#breadcrumb\"},\"inLanguage\":\"es\",\"potentialAction\":[{\"@type\":\"ReadAction\",\"target\":[\"https:\\\/\\\/informelitoral.com.ar\\\/promueven-la-generacion-de-1-000-puestos-de-trabajo-en-el-sector-industrial-de-entre-rios\\\/\"]}]},{\"@type\":\"ImageObject\",\"inLanguage\":\"es\",\"@id\":\"https:\\\/\\\/informelitoral.com.ar\\\/promueven-la-generacion-de-1-000-puestos-de-trabajo-en-el-sector-industrial-de-entre-rios\\\/#primaryimage\",\"url\":\"https:\\\/\\\/informelitoral.com.ar\\\/%77%70%2d%63%6f%6e%74%65%6e%74\\\/uploads\\\/2021\\\/06\\\/1624989769jpg.jpg\",\"contentUrl\":\"https:\\\/\\\/informelitoral.com.ar\\\/%77%70%2d%63%6f%6e%74%65%6e%74\\\/uploads\\\/2021\\\/06\\\/1624989769jpg.jpg\",\"width\":1920,\"height\":1280},{\"@type\":\"BreadcrumbList\",\"@id\":\"https:\\\/\\\/informelitoral.com.ar\\\/promueven-la-generacion-de-1-000-puestos-de-trabajo-en-el-sector-industrial-de-entre-rios\\\/#breadcrumb\",\"itemListElement\":[{\"@type\":\"ListItem\",\"position\":1,\"name\":\"Portada\",\"item\":\"https:\\\/\\\/informelitoral.com.ar\\\/\"},{\"@type\":\"ListItem\",\"position\":2,\"name\":\"Promueven la generaci\u00f3n de 1.000 puestos de trabajo en el sector industrial de Entre R\u00edos\"}]},{\"@type\":\"WebSite\",\"@id\":\"https:\\\/\\\/informelitoral.com.ar\\\/#website\",\"url\":\"https:\\\/\\\/informelitoral.com.ar\\\/\",\"name\":\"Informe Litoral\",\"description\":\"&quot;Nos informamos&quot; \",\"publisher\":{\"@id\":\"https:\\\/\\\/informelitoral.com.ar\\\/#organization\"},\"potentialAction\":[{\"@type\":\"SearchAction\",\"target\":{\"@type\":\"EntryPoint\",\"urlTemplate\":\"https:\\\/\\\/informelitoral.com.ar\\\/?s={search_term_string}\"},\"query-input\":{\"@type\":\"PropertyValueSpecification\",\"valueRequired\":true,\"valueName\":\"search_term_string\"}}],\"inLanguage\":\"es\"},{\"@type\":\"Organization\",\"@id\":\"https:\\\/\\\/informelitoral.com.ar\\\/#organization\",\"name\":\"Informe Litoral\",\"url\":\"https:\\\/\\\/informelitoral.com.ar\\\/\",\"logo\":{\"@type\":\"ImageObject\",\"inLanguage\":\"es\",\"@id\":\"https:\\\/\\\/informelitoral.com.ar\\\/#\\\/schema\\\/logo\\\/image\\\/\",\"url\":\"https:\\\/\\\/informelitoral.com.ar\\\/%77%70%2d%63%6f%6e%74%65%6e%74\\\/uploads\\\/2021\\\/01\\\/circulo.png\",\"contentUrl\":\"https:\\\/\\\/informelitoral.com.ar\\\/%77%70%2d%63%6f%6e%74%65%6e%74\\\/uploads\\\/2021\\\/01\\\/circulo.png\",\"width\":723,\"height\":731,\"caption\":\"Informe Litoral\"},\"image\":{\"@id\":\"https:\\\/\\\/informelitoral.com.ar\\\/#\\\/schema\\\/logo\\\/image\\\/\"},\"sameAs\":[\"https:\\\/\\\/www.facebook.com\\\/informelitoral\\\/\",\"https:\\\/\\\/x.com\\\/InformeLitoral\",\"https:\\\/\\\/www.instagram.com\\\/informelitoral\\\/\",\"https:\\\/\\\/www.youtube.com\\\/channel\\\/UCua4Qvz8Icb6MYqhoq9xLXw\"]},{\"@type\":\"Person\",\"@id\":\"https:\\\/\\\/informelitoral.com.ar\\\/#\\\/schema\\\/person\\\/b9d00407c836482871ef1d57bf8e3180\",\"name\":\"Gonzalo Schmidt\",\"image\":{\"@type\":\"ImageObject\",\"inLanguage\":\"es\",\"@id\":\"https:\\\/\\\/secure.gravatar.com\\\/avatar\\\/31a1a7b66ff2de83bd0e9fd79d026630d2d99e55e8bfe501287647b4fd9743de?s=96&d=mm&r=g\",\"url\":\"https:\\\/\\\/secure.gravatar.com\\\/avatar\\\/31a1a7b66ff2de83bd0e9fd79d026630d2d99e55e8bfe501287647b4fd9743de?s=96&d=mm&r=g\",\"contentUrl\":\"https:\\\/\\\/secure.gravatar.com\\\/avatar\\\/31a1a7b66ff2de83bd0e9fd79d026630d2d99e55e8bfe501287647b4fd9743de?s=96&d=mm&r=g\",\"caption\":\"Gonzalo Schmidt\"},\"description\":\"Sitio web de noticias de la provincia de Entre R\u00edos, Argentina. Informaci\u00f3n y entretenimiento. Informe Litoral, nos informamos.\",\"sameAs\":[\"http:\\\/\\\/www.isletasnoticias.com.ar\"],\"url\":\"https:\\\/\\\/informelitoral.com.ar\\\/author\\\/gonzalo\\\/\"}]}<\/script>","yoast_head_json":{"title":"Promueven la generaci\u00f3n de 1.000 puestos de trabajo en el sector industrial de Entre R\u00edos - Informe Litoral","robots":{"index":"index","follow":"follow","max-snippet":"max-snippet:-1","max-image-preview":"max-image-preview:large","max-video-preview":"max-video-preview:-1"},"canonical":"https:\/\/informelitoral.com.ar\/promueven-la-generacion-de-1-000-puestos-de-trabajo-en-el-sector-industrial-de-entre-rios\/","og_locale":"es_ES","og_type":"article","og_title":"Promueven la generaci\u00f3n de 1.000 puestos de trabajo en el sector industrial de Entre R\u00edos - Informe Litoral","og_description":"La Provincia suscribi\u00f3 acuerdos con Naci\u00f3n para fomentar inversiones y crear 1.000 puestos de trabajo con la reducci\u00f3n de aportes patronales. Como as\u00ed tambi\u00e9n, para la instrumentaci\u00f3n en Entre R\u00edos de una l\u00ednea de Inversi\u00f3n Productiva por 400 millones de pesos.","og_url":"https:\/\/informelitoral.com.ar\/promueven-la-generacion-de-1-000-puestos-de-trabajo-en-el-sector-industrial-de-entre-rios\/","og_site_name":"Informe Litoral","article_publisher":"https:\/\/www.facebook.com\/informelitoral\/","article_published_time":"2021-06-30T13:14:56+00:00","article_modified_time":"2021-06-30T13:16:48+00:00","og_image":[{"width":1920,"height":1280,"url":"https:\/\/informelitoral.com.ar\/%77%70%2d%63%6f%6e%74%65%6e%74\/uploads\/2021\/06\/1624989769jpg.jpg","type":"image\/jpeg"}],"author":"Gonzalo Schmidt","twitter_card":"summary_large_image","twitter_creator":"@InformeLitoral","twitter_site":"@InformeLitoral","twitter_misc":{"Escrito por":"Gonzalo Schmidt","Tiempo de lectura":"11 minutos"},"schema":{"@context":"https:\/\/schema.org","@graph":[{"@type":"Article","@id":"https:\/\/informelitoral.com.ar\/promueven-la-generacion-de-1-000-puestos-de-trabajo-en-el-sector-industrial-de-entre-rios\/#article","isPartOf":{"@id":"https:\/\/informelitoral.com.ar\/promueven-la-generacion-de-1-000-puestos-de-trabajo-en-el-sector-industrial-de-entre-rios\/"},"author":{"name":"Gonzalo Schmidt","@id":"https:\/\/informelitoral.com.ar\/#\/schema\/person\/b9d00407c836482871ef1d57bf8e3180"},"headline":"Promueven la generaci\u00f3n de 1.000 puestos de trabajo en el sector industrial de Entre R\u00edos","datePublished":"2021-06-30T13:14:56+00:00","dateModified":"2021-06-30T13:16:48+00:00","mainEntityOfPage":{"@id":"https:\/\/informelitoral.com.ar\/promueven-la-generacion-de-1-000-puestos-de-trabajo-en-el-sector-industrial-de-entre-rios\/"},"wordCount":2294,"commentCount":0,"publisher":{"@id":"https:\/\/informelitoral.com.ar\/#organization"},"image":{"@id":"https:\/\/informelitoral.com.ar\/promueven-la-generacion-de-1-000-puestos-de-trabajo-en-el-sector-industrial-de-entre-rios\/#primaryimage"},"thumbnailUrl":"https:\/\/informelitoral.com.ar\/%77%70%2d%63%6f%6e%74%65%6e%74\/uploads\/2021\/06\/1624989769jpg.jpg","keywords":["Empleo","Entre R\u00edos"],"articleSection":["Entre R\u00edos","Politica"],"inLanguage":"es","potentialAction":[{"@type":"CommentAction","name":"Comment","target":["https:\/\/informelitoral.com.ar\/promueven-la-generacion-de-1-000-puestos-de-trabajo-en-el-sector-industrial-de-entre-rios\/#respond"]}]},{"@type":"WebPage","@id":"https:\/\/informelitoral.com.ar\/promueven-la-generacion-de-1-000-puestos-de-trabajo-en-el-sector-industrial-de-entre-rios\/","url":"https:\/\/informelitoral.com.ar\/promueven-la-generacion-de-1-000-puestos-de-trabajo-en-el-sector-industrial-de-entre-rios\/","name":"Promueven la generaci\u00f3n de 1.000 puestos de trabajo en el sector industrial de Entre R\u00edos - Informe Litoral","isPartOf":{"@id":"https:\/\/informelitoral.com.ar\/#website"},"primaryImageOfPage":{"@id":"https:\/\/informelitoral.com.ar\/promueven-la-generacion-de-1-000-puestos-de-trabajo-en-el-sector-industrial-de-entre-rios\/#primaryimage"},"image":{"@id":"https:\/\/informelitoral.com.ar\/promueven-la-generacion-de-1-000-puestos-de-trabajo-en-el-sector-industrial-de-entre-rios\/#primaryimage"},"thumbnailUrl":"https:\/\/informelitoral.com.ar\/%77%70%2d%63%6f%6e%74%65%6e%74\/uploads\/2021\/06\/1624989769jpg.jpg","datePublished":"2021-06-30T13:14:56+00:00","dateModified":"2021-06-30T13:16:48+00:00","breadcrumb":{"@id":"https:\/\/informelitoral.com.ar\/promueven-la-generacion-de-1-000-puestos-de-trabajo-en-el-sector-industrial-de-entre-rios\/#breadcrumb"},"inLanguage":"es","potentialAction":[{"@type":"ReadAction","target":["https:\/\/informelitoral.com.ar\/promueven-la-generacion-de-1-000-puestos-de-trabajo-en-el-sector-industrial-de-entre-rios\/"]}]},{"@type":"ImageObject","inLanguage":"es","@id":"https:\/\/informelitoral.com.ar\/promueven-la-generacion-de-1-000-puestos-de-trabajo-en-el-sector-industrial-de-entre-rios\/#primaryimage","url":"https:\/\/informelitoral.com.ar\/%77%70%2d%63%6f%6e%74%65%6e%74\/uploads\/2021\/06\/1624989769jpg.jpg","contentUrl":"https:\/\/informelitoral.com.ar\/%77%70%2d%63%6f%6e%74%65%6e%74\/uploads\/2021\/06\/1624989769jpg.jpg","width":1920,"height":1280},{"@type":"BreadcrumbList","@id":"https:\/\/informelitoral.com.ar\/promueven-la-generacion-de-1-000-puestos-de-trabajo-en-el-sector-industrial-de-entre-rios\/#breadcrumb","itemListElement":[{"@type":"ListItem","position":1,"name":"Portada","item":"https:\/\/informelitoral.com.ar\/"},{"@type":"ListItem","position":2,"name":"Promueven la generaci\u00f3n de 1.000 puestos de trabajo en el sector industrial de Entre R\u00edos"}]},{"@type":"WebSite","@id":"https:\/\/informelitoral.com.ar\/#website","url":"https:\/\/informelitoral.com.ar\/","name":"Informe Litoral","description":"&quot;Nos informamos&quot; ","publisher":{"@id":"https:\/\/informelitoral.com.ar\/#organization"},"potentialAction":[{"@type":"SearchAction","target":{"@type":"EntryPoint","urlTemplate":"https:\/\/informelitoral.com.ar\/?s={search_term_string}"},"query-input":{"@type":"PropertyValueSpecification","valueRequired":true,"valueName":"search_term_string"}}],"inLanguage":"es"},{"@type":"Organization","@id":"https:\/\/informelitoral.com.ar\/#organization","name":"Informe Litoral","url":"https:\/\/informelitoral.com.ar\/","logo":{"@type":"ImageObject","inLanguage":"es","@id":"https:\/\/informelitoral.com.ar\/#\/schema\/logo\/image\/","url":"https:\/\/informelitoral.com.ar\/%77%70%2d%63%6f%6e%74%65%6e%74\/uploads\/2021\/01\/circulo.png","contentUrl":"https:\/\/informelitoral.com.ar\/%77%70%2d%63%6f%6e%74%65%6e%74\/uploads\/2021\/01\/circulo.png","width":723,"height":731,"caption":"Informe Litoral"},"image":{"@id":"https:\/\/informelitoral.com.ar\/#\/schema\/logo\/image\/"},"sameAs":["https:\/\/www.facebook.com\/informelitoral\/","https:\/\/x.com\/InformeLitoral","https:\/\/www.instagram.com\/informelitoral\/","https:\/\/www.youtube.com\/channel\/UCua4Qvz8Icb6MYqhoq9xLXw"]},{"@type":"Person","@id":"https:\/\/informelitoral.com.ar\/#\/schema\/person\/b9d00407c836482871ef1d57bf8e3180","name":"Gonzalo Schmidt","image":{"@type":"ImageObject","inLanguage":"es","@id":"https:\/\/secure.gravatar.com\/avatar\/31a1a7b66ff2de83bd0e9fd79d026630d2d99e55e8bfe501287647b4fd9743de?s=96&d=mm&r=g","url":"https:\/\/secure.gravatar.com\/avatar\/31a1a7b66ff2de83bd0e9fd79d026630d2d99e55e8bfe501287647b4fd9743de?s=96&d=mm&r=g","contentUrl":"https:\/\/secure.gravatar.com\/avatar\/31a1a7b66ff2de83bd0e9fd79d026630d2d99e55e8bfe501287647b4fd9743de?s=96&d=mm&r=g","caption":"Gonzalo Schmidt"},"description":"Sitio web de noticias de la provincia de Entre R\u00edos, Argentina. Informaci\u00f3n y entretenimiento. Informe Litoral, nos informamos.","sameAs":["http:\/\/www.isletasnoticias.com.ar"],"url":"https:\/\/informelitoral.com.ar\/author\/gonzalo\/"}]}},"_links":{"self":[{"href":"https:\/\/informelitoral.com.ar\/%77%70%2d%6a%73%6f%6e\/wp\/v2\/posts\/61744","targetHints":{"allow":["GET"]}}],"collection":[{"href":"https:\/\/informelitoral.com.ar\/%77%70%2d%6a%73%6f%6e\/wp\/v2\/posts"}],"about":[{"href":"https:\/\/informelitoral.com.ar\/%77%70%2d%6a%73%6f%6e\/wp\/v2\/types\/post"}],"author":[{"embeddable":true,"href":"https:\/\/informelitoral.com.ar\/%77%70%2d%6a%73%6f%6e\/wp\/v2\/users\/2"}],"replies":[{"embeddable":true,"href":"https:\/\/informelitoral.com.ar\/%77%70%2d%6a%73%6f%6e\/wp\/v2\/comments?post=61744"}],"version-history":[{"count":0,"href":"https:\/\/informelitoral.com.ar\/%77%70%2d%6a%73%6f%6e\/wp\/v2\/posts\/61744\/revisions"}],"wp:featuredmedia":[{"embeddable":true,"href":"https:\/\/informelitoral.com.ar\/%77%70%2d%6a%73%6f%6e\/wp\/v2\/media\/61746"}],"wp:attachment":[{"href":"https:\/\/informelitoral.com.ar\/%77%70%2d%6a%73%6f%6e\/wp\/v2\/media?parent=61744"}],"wp:term":[{"taxonomy":"category","embeddable":true,"href":"https:\/\/informelitoral.com.ar\/%77%70%2d%6a%73%6f%6e\/wp\/v2\/categories?post=61744"},{"taxonomy":"post_tag","embeddable":true,"href":"https:\/\/informelitoral.com.ar\/%77%70%2d%6a%73%6f%6e\/wp\/v2\/tags?post=61744"}],"curies":[{"name":"wp","href":"https:\/\/api.w.org\/{rel}","templated":true}]}}