{"id":61395,"date":"2021-06-22T14:42:16","date_gmt":"2021-06-22T17:42:16","guid":{"rendered":"https:\/\/www.informelitoral.com.ar\/?p=61395"},"modified":"2021-06-22T14:46:43","modified_gmt":"2021-06-22T17:46:43","slug":"gonzalo-alvarez-maldonado-lo-que-ocurre-en-la-economia-solo-la-economia-lo-arregla","status":"publish","type":"post","link":"https:\/\/informelitoral.com.ar\/gonzalo-alvarez-maldonado-lo-que-ocurre-en-la-economia-solo-la-economia-lo-arregla\/","title":{"rendered":"Gonzalo \u00c1lvarez Maldonado: \u201cLo que ocurre en la econom\u00eda solo la econom\u00eda lo arregla\u201d"},"content":{"rendered":"<p>El presidente del Consejo de Administraci\u00f3n de Cooperativa La Ganadera de General Ram\u00edrez, Gonzalo \u00c1lvarez Maldonado, analiz\u00f3 temas actualidad como el cierre de las exportaciones de carne y la bajante del r\u00edo Paran\u00e1. \u201cProductividad y trabajo es lo que se necesita y fundamentalmente atacar lo que hay que atacar en nuestra econom\u00eda, que es la inflaci\u00f3n y los bolsillos flacos\u201d, dijo.<\/p>\n<p>\u00abSi no podemos saber que nos van a vender carne de forma regular vamos a buscar otros lugares\u00bb, afirm\u00f3 esta semana Galit Ronen, embajadora de Israel en Argentina, haciendo referencia al cierre de exportaciones que decret\u00f3 el Gobierno. Y autom\u00e1ticamente se encendieron las alarmas en el pa\u00eds.<\/p>\n<p>Sobre el tema, el titular del Consejo de Administraci\u00f3n de la cooperativa ramirense, Gonzalo \u00c1lvarez Maldonado, describi\u00f3 el cuadro de situaci\u00f3n y explic\u00f3, con un ejemplo concreto, que \u201cIsrael tiene un rito especial para la faena de sus bovinos y en ese rito tienen que operar rabinos que son tra\u00eddos desde Israel. A tal efecto lleg\u00f3 a la Argentina un ch\u00e1rter especial semanas atr\u00e1s y en el medio del trabajo apareci\u00f3 el cierre de exportaciones y la l\u00f3gica preocupaci\u00f3n de Israel por la exportaci\u00f3n de carne Kosher, que es la que consumen en ese pa\u00eds\u201d.<\/p>\n<p>Si bien se especula con que habr\u00eda ahora un acuerdo en estos d\u00edas para la apertura nuevamente del mercado de carnes, \u00c1lvarez Maldonado record\u00f3 que \u201ctambi\u00e9n se plantea con preocupaci\u00f3n que no estar\u00edan incluidos los cortes o convenios por la Cuota Hilton, de casi 30.000 toneladas, por ejemplo, o la 481 que es una cuota americana que utilizamos Australia, Nueva Zelanda, Argentina y otros pa\u00edses. Tambi\u00e9n estar\u00edan liberados de este cupo algunos cortes, unas 20.000 toneladas que tenemos para Estados Unidos, siendo corte de carne magra que se utiliza para hamburguesas y carne Premium. Solo espero que estas limitaciones no hagan m\u00e1s da\u00f1o del que ya se hizo este mes con el cierre, teniendo en cuenta adem\u00e1s que el precio en los mostradores, como buscaba el Gobierno, no baj\u00f3, todo lo contrario\u201d, dijo.<\/p>\n<p><strong>Comunicado de la Mesa de Enlace<\/strong><\/p>\n<p>Los presidentes de las entidades rurales se reunieron con representantes del Consorcio ABC y dejaron en claro que un levantamiento a medias de las restricciones para exportar \u2013posibilidad que se est\u00e1 analizando por estas horas- es rechazado por el campo. Plantean que una decisi\u00f3n as\u00ed no aliviar\u00e1 el bolsillo del consumidor y va a bajar el precio al productor, desalentando la actividad ganadera.<\/p>\n<p>El presidente del Consejo de Administraci\u00f3n, plante\u00f3 que \u201ccomo conclusi\u00f3n, la Mesa de Enlace no est\u00e1 de acuerdo en ning\u00fan tipo de limitaci\u00f3n, entendiendo que perjudica a la producci\u00f3n y toda la cadena agroalimentaria de la carne, y que fundamentalmente no se llega al objetivo del Estado. Productividad y trabajo es lo que se necesita y fundamentalmente atacar lo que hay que atacar que es la cuesti\u00f3n econ\u00f3mica y macroecon\u00f3mica, de inflaci\u00f3n y bolsillos flacos\u201d, indic\u00f3.<\/p>\n<p>Y siguiendo el an\u00e1lisis de la situaci\u00f3n del mercado ganadero entrerriano y de la Argentina, reconoci\u00f3 que \u201cse viven momentos de una angustia especial, esperando las medidas que toma o no el Gobierno Nacional. Pero debe quedar claro que lo que ocurre en la econom\u00eda solo la econom\u00eda lo arregla y eso no lo entendi\u00f3 este gobierno. Creen que con medidas parciales atacar\u00e1n problemas macroecon\u00f3micos como la inflaci\u00f3n. Por eso pedimos que lo dejen trabajar al ministro de Econom\u00eda Mart\u00edn Guzm\u00e1n, pero que fundamentalmente se entienda que esta inflaci\u00f3n es generalizada y de todos los rubros, no solo de la carne, por falta de un trabajo profundo y de medidas pol\u00edticas concretas\u201d, dijo.<\/p>\n<p>\u201cEsperamos que el pa\u00eds honre sus deudas con los organismos internacionales, hay que hacerlo, pero recordar tambi\u00e9n que se est\u00e1 complicando a la &#8216;gallina de los huevos de oro` que es la exportaci\u00f3n, la que trae divisas que sirven para el pa\u00eds pero tambi\u00e9n para pagar las deudas existentes\u201d, agreg\u00f3.<\/p>\n<p><strong>Bajante del R\u00edo Paran\u00e1<\/strong><\/p>\n<p>Para sumar preocupaciones a la coyuntura actual, se agrav\u00f3 la bajante del r\u00edo Paran\u00e1 y muchos temen que se complique la exportaci\u00f3n de cereales. Especialistas del r\u00e9gimen h\u00eddrico consideran que la situaci\u00f3n tiende al agravamiento y creen que podr\u00eda superarse la bajante m\u00e1xima registrada en 1944. En ese contexto, las operaciones en la mayor\u00eda de los puertos fluviales se encuentra restringida. No en todos, ya que Pueblo Brugo es otra vez una excepci\u00f3n a la regla. \u201cEn Pueblo Brugo la navegabilidad est\u00e1 garantizada porque es un puerto natural, que tiene reflujo y dragado natural, y que ya el a\u00f1o pasado sigui\u00f3 operando pese a las mismas dificultades que tenemos ahora\u201d, coment\u00f3 \u00c1lvarez Maldonado.<\/p>\n<p>Este tipo de situaciones complejas dejan en claro que desde la estrategia, el Puerto de Pueblo Brugo ha sido una de las inversiones m\u00e1s importantes de La Ganadera, al decidir oportunamente poner en valor ese lugar, con resultados m\u00e1s que \u00f3ptimos. \u201cEsperemos que esta irregularidad climatol\u00f3gica e hidrol\u00f3gica se pueda superar para el bienestar de todos, porque un puerto es un canal de comunicaci\u00f3n, trabajo y flete que abarata mucho los costos de la producci\u00f3n argentina y del Litoral fundamentalmente\u201d, destac\u00f3.<\/p>\n<blockquote class=\"wp-embedded-content\" data-secret=\"9lliCmCmKh\"><p><a href=\"https:\/\/www.informelitoral.com.ar\/el-orgullo-de-tener-un-puerto-veloz-que-nunca-deja-de-operar\/\">La Ganadera en Pueblo Brugo: el orgullo de un puerto veloz que nunca deja de operar<\/a><\/p><\/blockquote>\n<p><iframe loading=\"lazy\" class=\"wp-embedded-content\" sandbox=\"allow-scripts\" security=\"restricted\" style=\"position: absolute; clip: rect(1px, 1px, 1px, 1px);\" title=\"\u00abLa Ganadera en Pueblo Brugo: el orgullo de un puerto veloz que nunca deja de operar\u00bb \u2014 Informe Litoral\" src=\"https:\/\/www.informelitoral.com.ar\/el-orgullo-de-tener-un-puerto-veloz-que-nunca-deja-de-operar\/embed\/#?secret=9lliCmCmKh\" data-secret=\"9lliCmCmKh\" width=\"600\" height=\"338\" frameborder=\"0\" marginwidth=\"0\" marginheight=\"0\" scrolling=\"no\"><\/iframe><\/p>\n","protected":false},"excerpt":{"rendered":"<p>En esos t\u00e9rminos se expres\u00f3 el presidente del Consejo de Administraci\u00f3n de Cooperativa La Ganadera de General Ram\u00edrez. El dirigente se refiri\u00f3 al cierre de las exportaciones de carne por parte del Gobierno y la bajante del Paran\u00e1, que podr\u00eda complicar el transporte fluvial. <\/p>\n","protected":false},"author":2,"featured_media":61396,"comment_status":"open","ping_status":"open","sticky":false,"template":"","format":"standard","meta":{"fifu_image_url":"","fifu_image_alt":"","footnotes":""},"categories":[10],"tags":[],"class_list":{"0":"post-61395","1":"post","2":"type-post","3":"status-publish","4":"format-standard","5":"has-post-thumbnail","7":"category-campo"},"yoast_head":"<title>Gonzalo \u00c1lvarez Maldonado: \u201cLo que ocurre en la econom\u00eda solo la econom\u00eda lo arregla\u201d - Informe Litoral<\/title>\n<meta name=\"robots\" content=\"index, follow, max-snippet:-1, max-image-preview:large, max-video-preview:-1\" \/>\n<link rel=\"canonical\" href=\"https:\/\/informelitoral.com.ar\/gonzalo-alvarez-maldonado-lo-que-ocurre-en-la-economia-solo-la-economia-lo-arregla\/\" \/>\n<meta property=\"og:locale\" content=\"es_ES\" \/>\n<meta property=\"og:type\" content=\"article\" \/>\n<meta property=\"og:title\" content=\"Gonzalo \u00c1lvarez Maldonado: \u201cLo que ocurre en la econom\u00eda solo la econom\u00eda lo arregla\u201d - Informe Litoral\" \/>\n<meta property=\"og:description\" content=\"En esos t\u00e9rminos se expres\u00f3 el presidente del Consejo de Administraci\u00f3n de Cooperativa La Ganadera de General Ram\u00edrez. El dirigente se refiri\u00f3 al cierre de las exportaciones de carne por parte del Gobierno y la bajante del Paran\u00e1, que podr\u00eda complicar el transporte fluvial.\" \/>\n<meta property=\"og:url\" content=\"https:\/\/informelitoral.com.ar\/gonzalo-alvarez-maldonado-lo-que-ocurre-en-la-economia-solo-la-economia-lo-arregla\/\" \/>\n<meta property=\"og:site_name\" content=\"Informe Litoral\" \/>\n<meta property=\"article:publisher\" content=\"https:\/\/www.facebook.com\/informelitoral\/\" \/>\n<meta property=\"article:published_time\" content=\"2021-06-22T17:42:16+00:00\" \/>\n<meta property=\"article:modified_time\" content=\"2021-06-22T17:46:43+00:00\" \/>\n<meta property=\"og:image\" content=\"https:\/\/informelitoral.com.ar\/%77%70%2d%63%6f%6e%74%65%6e%74\/uploads\/2021\/06\/alvarez-maldonado.jpg\" \/>\n\t<meta property=\"og:image:width\" content=\"711\" \/>\n\t<meta property=\"og:image:height\" content=\"500\" \/>\n\t<meta property=\"og:image:type\" content=\"image\/jpeg\" \/>\n<meta name=\"author\" content=\"Gonzalo Schmidt\" \/>\n<meta name=\"twitter:card\" content=\"summary_large_image\" \/>\n<meta name=\"twitter:creator\" content=\"@InformeLitoral\" \/>\n<meta name=\"twitter:site\" content=\"@InformeLitoral\" \/>\n<meta name=\"twitter:label1\" content=\"Escrito por\" \/>\n\t<meta name=\"twitter:data1\" content=\"Gonzalo Schmidt\" \/>\n\t<meta name=\"twitter:label2\" content=\"Tiempo de lectura\" \/>\n\t<meta name=\"twitter:data2\" content=\"5 minutos\" \/>\n<script type=\"application\/ld+json\" class=\"yoast-schema-graph\">{\"@context\":\"https:\\\/\\\/schema.org\",\"@graph\":[{\"@type\":\"Article\",\"@id\":\"https:\\\/\\\/informelitoral.com.ar\\\/gonzalo-alvarez-maldonado-lo-que-ocurre-en-la-economia-solo-la-economia-lo-arregla\\\/#article\",\"isPartOf\":{\"@id\":\"https:\\\/\\\/informelitoral.com.ar\\\/gonzalo-alvarez-maldonado-lo-que-ocurre-en-la-economia-solo-la-economia-lo-arregla\\\/\"},\"author\":{\"name\":\"Gonzalo Schmidt\",\"@id\":\"https:\\\/\\\/informelitoral.com.ar\\\/#\\\/schema\\\/person\\\/b9d00407c836482871ef1d57bf8e3180\"},\"headline\":\"Gonzalo \u00c1lvarez Maldonado: \u201cLo que ocurre en la econom\u00eda solo la econom\u00eda lo arregla\u201d\",\"datePublished\":\"2021-06-22T17:42:16+00:00\",\"dateModified\":\"2021-06-22T17:46:43+00:00\",\"mainEntityOfPage\":{\"@id\":\"https:\\\/\\\/informelitoral.com.ar\\\/gonzalo-alvarez-maldonado-lo-que-ocurre-en-la-economia-solo-la-economia-lo-arregla\\\/\"},\"wordCount\":931,\"commentCount\":0,\"publisher\":{\"@id\":\"https:\\\/\\\/informelitoral.com.ar\\\/#organization\"},\"image\":{\"@id\":\"https:\\\/\\\/informelitoral.com.ar\\\/gonzalo-alvarez-maldonado-lo-que-ocurre-en-la-economia-solo-la-economia-lo-arregla\\\/#primaryimage\"},\"thumbnailUrl\":\"https:\\\/\\\/informelitoral.com.ar\\\/%77%70%2d%63%6f%6e%74%65%6e%74\\\/uploads\\\/2021\\\/06\\\/alvarez-maldonado.jpg\",\"articleSection\":[\"Campo\"],\"inLanguage\":\"es\",\"potentialAction\":[{\"@type\":\"CommentAction\",\"name\":\"Comment\",\"target\":[\"https:\\\/\\\/informelitoral.com.ar\\\/gonzalo-alvarez-maldonado-lo-que-ocurre-en-la-economia-solo-la-economia-lo-arregla\\\/#respond\"]}]},{\"@type\":\"WebPage\",\"@id\":\"https:\\\/\\\/informelitoral.com.ar\\\/gonzalo-alvarez-maldonado-lo-que-ocurre-en-la-economia-solo-la-economia-lo-arregla\\\/\",\"url\":\"https:\\\/\\\/informelitoral.com.ar\\\/gonzalo-alvarez-maldonado-lo-que-ocurre-en-la-economia-solo-la-economia-lo-arregla\\\/\",\"name\":\"Gonzalo \u00c1lvarez Maldonado: \u201cLo que ocurre en la econom\u00eda solo la econom\u00eda lo arregla\u201d - Informe Litoral\",\"isPartOf\":{\"@id\":\"https:\\\/\\\/informelitoral.com.ar\\\/#website\"},\"primaryImageOfPage\":{\"@id\":\"https:\\\/\\\/informelitoral.com.ar\\\/gonzalo-alvarez-maldonado-lo-que-ocurre-en-la-economia-solo-la-economia-lo-arregla\\\/#primaryimage\"},\"image\":{\"@id\":\"https:\\\/\\\/informelitoral.com.ar\\\/gonzalo-alvarez-maldonado-lo-que-ocurre-en-la-economia-solo-la-economia-lo-arregla\\\/#primaryimage\"},\"thumbnailUrl\":\"https:\\\/\\\/informelitoral.com.ar\\\/%77%70%2d%63%6f%6e%74%65%6e%74\\\/uploads\\\/2021\\\/06\\\/alvarez-maldonado.jpg\",\"datePublished\":\"2021-06-22T17:42:16+00:00\",\"dateModified\":\"2021-06-22T17:46:43+00:00\",\"breadcrumb\":{\"@id\":\"https:\\\/\\\/informelitoral.com.ar\\\/gonzalo-alvarez-maldonado-lo-que-ocurre-en-la-economia-solo-la-economia-lo-arregla\\\/#breadcrumb\"},\"inLanguage\":\"es\",\"potentialAction\":[{\"@type\":\"ReadAction\",\"target\":[\"https:\\\/\\\/informelitoral.com.ar\\\/gonzalo-alvarez-maldonado-lo-que-ocurre-en-la-economia-solo-la-economia-lo-arregla\\\/\"]}]},{\"@type\":\"ImageObject\",\"inLanguage\":\"es\",\"@id\":\"https:\\\/\\\/informelitoral.com.ar\\\/gonzalo-alvarez-maldonado-lo-que-ocurre-en-la-economia-solo-la-economia-lo-arregla\\\/#primaryimage\",\"url\":\"https:\\\/\\\/informelitoral.com.ar\\\/%77%70%2d%63%6f%6e%74%65%6e%74\\\/uploads\\\/2021\\\/06\\\/alvarez-maldonado.jpg\",\"contentUrl\":\"https:\\\/\\\/informelitoral.com.ar\\\/%77%70%2d%63%6f%6e%74%65%6e%74\\\/uploads\\\/2021\\\/06\\\/alvarez-maldonado.jpg\",\"width\":711,\"height\":500},{\"@type\":\"BreadcrumbList\",\"@id\":\"https:\\\/\\\/informelitoral.com.ar\\\/gonzalo-alvarez-maldonado-lo-que-ocurre-en-la-economia-solo-la-economia-lo-arregla\\\/#breadcrumb\",\"itemListElement\":[{\"@type\":\"ListItem\",\"position\":1,\"name\":\"Portada\",\"item\":\"https:\\\/\\\/informelitoral.com.ar\\\/\"},{\"@type\":\"ListItem\",\"position\":2,\"name\":\"Gonzalo \u00c1lvarez Maldonado: \u201cLo que ocurre en la econom\u00eda solo la econom\u00eda lo arregla\u201d\"}]},{\"@type\":\"WebSite\",\"@id\":\"https:\\\/\\\/informelitoral.com.ar\\\/#website\",\"url\":\"https:\\\/\\\/informelitoral.com.ar\\\/\",\"name\":\"Informe Litoral\",\"description\":\"&quot;Nos informamos&quot; \",\"publisher\":{\"@id\":\"https:\\\/\\\/informelitoral.com.ar\\\/#organization\"},\"potentialAction\":[{\"@type\":\"SearchAction\",\"target\":{\"@type\":\"EntryPoint\",\"urlTemplate\":\"https:\\\/\\\/informelitoral.com.ar\\\/?s={search_term_string}\"},\"query-input\":{\"@type\":\"PropertyValueSpecification\",\"valueRequired\":true,\"valueName\":\"search_term_string\"}}],\"inLanguage\":\"es\"},{\"@type\":\"Organization\",\"@id\":\"https:\\\/\\\/informelitoral.com.ar\\\/#organization\",\"name\":\"Informe Litoral\",\"url\":\"https:\\\/\\\/informelitoral.com.ar\\\/\",\"logo\":{\"@type\":\"ImageObject\",\"inLanguage\":\"es\",\"@id\":\"https:\\\/\\\/informelitoral.com.ar\\\/#\\\/schema\\\/logo\\\/image\\\/\",\"url\":\"https:\\\/\\\/informelitoral.com.ar\\\/%77%70%2d%63%6f%6e%74%65%6e%74\\\/uploads\\\/2021\\\/01\\\/circulo.png\",\"contentUrl\":\"https:\\\/\\\/informelitoral.com.ar\\\/%77%70%2d%63%6f%6e%74%65%6e%74\\\/uploads\\\/2021\\\/01\\\/circulo.png\",\"width\":723,\"height\":731,\"caption\":\"Informe Litoral\"},\"image\":{\"@id\":\"https:\\\/\\\/informelitoral.com.ar\\\/#\\\/schema\\\/logo\\\/image\\\/\"},\"sameAs\":[\"https:\\\/\\\/www.facebook.com\\\/informelitoral\\\/\",\"https:\\\/\\\/x.com\\\/InformeLitoral\",\"https:\\\/\\\/www.instagram.com\\\/informelitoral\\\/\",\"https:\\\/\\\/www.youtube.com\\\/channel\\\/UCua4Qvz8Icb6MYqhoq9xLXw\"]},{\"@type\":\"Person\",\"@id\":\"https:\\\/\\\/informelitoral.com.ar\\\/#\\\/schema\\\/person\\\/b9d00407c836482871ef1d57bf8e3180\",\"name\":\"Gonzalo Schmidt\",\"image\":{\"@type\":\"ImageObject\",\"inLanguage\":\"es\",\"@id\":\"https:\\\/\\\/secure.gravatar.com\\\/avatar\\\/31a1a7b66ff2de83bd0e9fd79d026630d2d99e55e8bfe501287647b4fd9743de?s=96&d=mm&r=g\",\"url\":\"https:\\\/\\\/secure.gravatar.com\\\/avatar\\\/31a1a7b66ff2de83bd0e9fd79d026630d2d99e55e8bfe501287647b4fd9743de?s=96&d=mm&r=g\",\"contentUrl\":\"https:\\\/\\\/secure.gravatar.com\\\/avatar\\\/31a1a7b66ff2de83bd0e9fd79d026630d2d99e55e8bfe501287647b4fd9743de?s=96&d=mm&r=g\",\"caption\":\"Gonzalo Schmidt\"},\"description\":\"Sitio web de noticias de la provincia de Entre R\u00edos, Argentina. Informaci\u00f3n y entretenimiento. Informe Litoral, nos informamos.\",\"sameAs\":[\"http:\\\/\\\/www.isletasnoticias.com.ar\"],\"url\":\"https:\\\/\\\/informelitoral.com.ar\\\/author\\\/gonzalo\\\/\"}]}<\/script>","yoast_head_json":{"title":"Gonzalo \u00c1lvarez Maldonado: \u201cLo que ocurre en la econom\u00eda solo la econom\u00eda lo arregla\u201d - Informe Litoral","robots":{"index":"index","follow":"follow","max-snippet":"max-snippet:-1","max-image-preview":"max-image-preview:large","max-video-preview":"max-video-preview:-1"},"canonical":"https:\/\/informelitoral.com.ar\/gonzalo-alvarez-maldonado-lo-que-ocurre-en-la-economia-solo-la-economia-lo-arregla\/","og_locale":"es_ES","og_type":"article","og_title":"Gonzalo \u00c1lvarez Maldonado: \u201cLo que ocurre en la econom\u00eda solo la econom\u00eda lo arregla\u201d - Informe Litoral","og_description":"En esos t\u00e9rminos se expres\u00f3 el presidente del Consejo de Administraci\u00f3n de Cooperativa La Ganadera de General Ram\u00edrez. El dirigente se refiri\u00f3 al cierre de las exportaciones de carne por parte del Gobierno y la bajante del Paran\u00e1, que podr\u00eda complicar el transporte fluvial.","og_url":"https:\/\/informelitoral.com.ar\/gonzalo-alvarez-maldonado-lo-que-ocurre-en-la-economia-solo-la-economia-lo-arregla\/","og_site_name":"Informe Litoral","article_publisher":"https:\/\/www.facebook.com\/informelitoral\/","article_published_time":"2021-06-22T17:42:16+00:00","article_modified_time":"2021-06-22T17:46:43+00:00","og_image":[{"width":711,"height":500,"url":"https:\/\/informelitoral.com.ar\/%77%70%2d%63%6f%6e%74%65%6e%74\/uploads\/2021\/06\/alvarez-maldonado.jpg","type":"image\/jpeg"}],"author":"Gonzalo Schmidt","twitter_card":"summary_large_image","twitter_creator":"@InformeLitoral","twitter_site":"@InformeLitoral","twitter_misc":{"Escrito por":"Gonzalo Schmidt","Tiempo de lectura":"5 minutos"},"schema":{"@context":"https:\/\/schema.org","@graph":[{"@type":"Article","@id":"https:\/\/informelitoral.com.ar\/gonzalo-alvarez-maldonado-lo-que-ocurre-en-la-economia-solo-la-economia-lo-arregla\/#article","isPartOf":{"@id":"https:\/\/informelitoral.com.ar\/gonzalo-alvarez-maldonado-lo-que-ocurre-en-la-economia-solo-la-economia-lo-arregla\/"},"author":{"name":"Gonzalo Schmidt","@id":"https:\/\/informelitoral.com.ar\/#\/schema\/person\/b9d00407c836482871ef1d57bf8e3180"},"headline":"Gonzalo \u00c1lvarez Maldonado: \u201cLo que ocurre en la econom\u00eda solo la econom\u00eda lo arregla\u201d","datePublished":"2021-06-22T17:42:16+00:00","dateModified":"2021-06-22T17:46:43+00:00","mainEntityOfPage":{"@id":"https:\/\/informelitoral.com.ar\/gonzalo-alvarez-maldonado-lo-que-ocurre-en-la-economia-solo-la-economia-lo-arregla\/"},"wordCount":931,"commentCount":0,"publisher":{"@id":"https:\/\/informelitoral.com.ar\/#organization"},"image":{"@id":"https:\/\/informelitoral.com.ar\/gonzalo-alvarez-maldonado-lo-que-ocurre-en-la-economia-solo-la-economia-lo-arregla\/#primaryimage"},"thumbnailUrl":"https:\/\/informelitoral.com.ar\/%77%70%2d%63%6f%6e%74%65%6e%74\/uploads\/2021\/06\/alvarez-maldonado.jpg","articleSection":["Campo"],"inLanguage":"es","potentialAction":[{"@type":"CommentAction","name":"Comment","target":["https:\/\/informelitoral.com.ar\/gonzalo-alvarez-maldonado-lo-que-ocurre-en-la-economia-solo-la-economia-lo-arregla\/#respond"]}]},{"@type":"WebPage","@id":"https:\/\/informelitoral.com.ar\/gonzalo-alvarez-maldonado-lo-que-ocurre-en-la-economia-solo-la-economia-lo-arregla\/","url":"https:\/\/informelitoral.com.ar\/gonzalo-alvarez-maldonado-lo-que-ocurre-en-la-economia-solo-la-economia-lo-arregla\/","name":"Gonzalo \u00c1lvarez Maldonado: \u201cLo que ocurre en la econom\u00eda solo la econom\u00eda lo arregla\u201d - Informe Litoral","isPartOf":{"@id":"https:\/\/informelitoral.com.ar\/#website"},"primaryImageOfPage":{"@id":"https:\/\/informelitoral.com.ar\/gonzalo-alvarez-maldonado-lo-que-ocurre-en-la-economia-solo-la-economia-lo-arregla\/#primaryimage"},"image":{"@id":"https:\/\/informelitoral.com.ar\/gonzalo-alvarez-maldonado-lo-que-ocurre-en-la-economia-solo-la-economia-lo-arregla\/#primaryimage"},"thumbnailUrl":"https:\/\/informelitoral.com.ar\/%77%70%2d%63%6f%6e%74%65%6e%74\/uploads\/2021\/06\/alvarez-maldonado.jpg","datePublished":"2021-06-22T17:42:16+00:00","dateModified":"2021-06-22T17:46:43+00:00","breadcrumb":{"@id":"https:\/\/informelitoral.com.ar\/gonzalo-alvarez-maldonado-lo-que-ocurre-en-la-economia-solo-la-economia-lo-arregla\/#breadcrumb"},"inLanguage":"es","potentialAction":[{"@type":"ReadAction","target":["https:\/\/informelitoral.com.ar\/gonzalo-alvarez-maldonado-lo-que-ocurre-en-la-economia-solo-la-economia-lo-arregla\/"]}]},{"@type":"ImageObject","inLanguage":"es","@id":"https:\/\/informelitoral.com.ar\/gonzalo-alvarez-maldonado-lo-que-ocurre-en-la-economia-solo-la-economia-lo-arregla\/#primaryimage","url":"https:\/\/informelitoral.com.ar\/%77%70%2d%63%6f%6e%74%65%6e%74\/uploads\/2021\/06\/alvarez-maldonado.jpg","contentUrl":"https:\/\/informelitoral.com.ar\/%77%70%2d%63%6f%6e%74%65%6e%74\/uploads\/2021\/06\/alvarez-maldonado.jpg","width":711,"height":500},{"@type":"BreadcrumbList","@id":"https:\/\/informelitoral.com.ar\/gonzalo-alvarez-maldonado-lo-que-ocurre-en-la-economia-solo-la-economia-lo-arregla\/#breadcrumb","itemListElement":[{"@type":"ListItem","position":1,"name":"Portada","item":"https:\/\/informelitoral.com.ar\/"},{"@type":"ListItem","position":2,"name":"Gonzalo \u00c1lvarez Maldonado: \u201cLo que ocurre en la econom\u00eda solo la econom\u00eda lo arregla\u201d"}]},{"@type":"WebSite","@id":"https:\/\/informelitoral.com.ar\/#website","url":"https:\/\/informelitoral.com.ar\/","name":"Informe Litoral","description":"&quot;Nos informamos&quot; ","publisher":{"@id":"https:\/\/informelitoral.com.ar\/#organization"},"potentialAction":[{"@type":"SearchAction","target":{"@type":"EntryPoint","urlTemplate":"https:\/\/informelitoral.com.ar\/?s={search_term_string}"},"query-input":{"@type":"PropertyValueSpecification","valueRequired":true,"valueName":"search_term_string"}}],"inLanguage":"es"},{"@type":"Organization","@id":"https:\/\/informelitoral.com.ar\/#organization","name":"Informe Litoral","url":"https:\/\/informelitoral.com.ar\/","logo":{"@type":"ImageObject","inLanguage":"es","@id":"https:\/\/informelitoral.com.ar\/#\/schema\/logo\/image\/","url":"https:\/\/informelitoral.com.ar\/%77%70%2d%63%6f%6e%74%65%6e%74\/uploads\/2021\/01\/circulo.png","contentUrl":"https:\/\/informelitoral.com.ar\/%77%70%2d%63%6f%6e%74%65%6e%74\/uploads\/2021\/01\/circulo.png","width":723,"height":731,"caption":"Informe Litoral"},"image":{"@id":"https:\/\/informelitoral.com.ar\/#\/schema\/logo\/image\/"},"sameAs":["https:\/\/www.facebook.com\/informelitoral\/","https:\/\/x.com\/InformeLitoral","https:\/\/www.instagram.com\/informelitoral\/","https:\/\/www.youtube.com\/channel\/UCua4Qvz8Icb6MYqhoq9xLXw"]},{"@type":"Person","@id":"https:\/\/informelitoral.com.ar\/#\/schema\/person\/b9d00407c836482871ef1d57bf8e3180","name":"Gonzalo Schmidt","image":{"@type":"ImageObject","inLanguage":"es","@id":"https:\/\/secure.gravatar.com\/avatar\/31a1a7b66ff2de83bd0e9fd79d026630d2d99e55e8bfe501287647b4fd9743de?s=96&d=mm&r=g","url":"https:\/\/secure.gravatar.com\/avatar\/31a1a7b66ff2de83bd0e9fd79d026630d2d99e55e8bfe501287647b4fd9743de?s=96&d=mm&r=g","contentUrl":"https:\/\/secure.gravatar.com\/avatar\/31a1a7b66ff2de83bd0e9fd79d026630d2d99e55e8bfe501287647b4fd9743de?s=96&d=mm&r=g","caption":"Gonzalo Schmidt"},"description":"Sitio web de noticias de la provincia de Entre R\u00edos, Argentina. Informaci\u00f3n y entretenimiento. Informe Litoral, nos informamos.","sameAs":["http:\/\/www.isletasnoticias.com.ar"],"url":"https:\/\/informelitoral.com.ar\/author\/gonzalo\/"}]}},"_links":{"self":[{"href":"https:\/\/informelitoral.com.ar\/%77%70%2d%6a%73%6f%6e\/wp\/v2\/posts\/61395","targetHints":{"allow":["GET"]}}],"collection":[{"href":"https:\/\/informelitoral.com.ar\/%77%70%2d%6a%73%6f%6e\/wp\/v2\/posts"}],"about":[{"href":"https:\/\/informelitoral.com.ar\/%77%70%2d%6a%73%6f%6e\/wp\/v2\/types\/post"}],"author":[{"embeddable":true,"href":"https:\/\/informelitoral.com.ar\/%77%70%2d%6a%73%6f%6e\/wp\/v2\/users\/2"}],"replies":[{"embeddable":true,"href":"https:\/\/informelitoral.com.ar\/%77%70%2d%6a%73%6f%6e\/wp\/v2\/comments?post=61395"}],"version-history":[{"count":0,"href":"https:\/\/informelitoral.com.ar\/%77%70%2d%6a%73%6f%6e\/wp\/v2\/posts\/61395\/revisions"}],"wp:featuredmedia":[{"embeddable":true,"href":"https:\/\/informelitoral.com.ar\/%77%70%2d%6a%73%6f%6e\/wp\/v2\/media\/61396"}],"wp:attachment":[{"href":"https:\/\/informelitoral.com.ar\/%77%70%2d%6a%73%6f%6e\/wp\/v2\/media?parent=61395"}],"wp:term":[{"taxonomy":"category","embeddable":true,"href":"https:\/\/informelitoral.com.ar\/%77%70%2d%6a%73%6f%6e\/wp\/v2\/categories?post=61395"},{"taxonomy":"post_tag","embeddable":true,"href":"https:\/\/informelitoral.com.ar\/%77%70%2d%6a%73%6f%6e\/wp\/v2\/tags?post=61395"}],"curies":[{"name":"wp","href":"https:\/\/api.w.org\/{rel}","templated":true}]}}