{"id":61375,"date":"2021-06-22T07:24:04","date_gmt":"2021-06-22T10:24:04","guid":{"rendered":"https:\/\/www.informelitoral.com.ar\/?p=61375"},"modified":"2021-06-22T08:28:03","modified_gmt":"2021-06-22T11:28:03","slug":"construir-reafirmo-que-las-paso-mejoran-la-competitividad-electoral-de-cambiemos","status":"publish","type":"post","link":"https:\/\/informelitoral.com.ar\/construir-reafirmo-que-las-paso-mejoran-la-competitividad-electoral-de-cambiemos\/","title":{"rendered":"Construir reafirm\u00f3 que las PASO mejoran la competitividad electoral de Cambiemos"},"content":{"rendered":"<p>Este lunes 21 de junio en Las Tunas tuvo lugar un encuentro de la Mesa de Coordinaci\u00f3n del espacio Construir en Cambiemos, que encabezan los intendentes de Chajar\u00ed, Pedro Galimberti; y Crespo, Dar\u00edo Schneider, con el objetivo de evaluar el escenario y la coyuntura electoral actual.<\/p>\n<p>As\u00ed, desde el espacio pol\u00edtico. se reafirm\u00f3 que \u201clas PASO mejoran la competitividad electoral de Cambiemos\u201d y que Construir tiene para mostrar, a partir de sus referentes, gobiernos \u00abordenados y pr\u00f3speros, siendo Chajar\u00ed y Crespo claros ejemplos de esto\u00bb, se indic\u00f3 en un comunicado enviado a <em><strong>Informe Litoral.<\/strong><\/em><\/p>\n<p>En esta oportunidad la reuni\u00f3n tuvo car\u00e1cter ampliado, ya que estuvieron referentes de cada departamento entrerriano. Luego del an\u00e1lisis, con el apoyo mayoritario de los concurrentes, se resolvi\u00f3 \u201creafirmar la necesidad de competir en las Elecciones Primarias, Abiertas, Simult\u00e1neas y Obligatorias que se avecinan, con una propuesta que lidere un representante de la Uni\u00f3n C\u00edvica Radical, pero lo suficientemente inclusiva para contener a otros sectores y espacios pol\u00edticos que son parte del espacio m\u00e1s amplio de Juntos por el Cambio\u201d.<\/p>\n<p>Pedro Galimberti consider\u00f3 que la elecci\u00f3n de mediano t\u00e9rmino de septiembre \u201ces una estaci\u00f3n intermedia para el objetivo mayor que perseguimos, que es ofrecer a los entrerrianos una alternativa de gobierno y provincia diferente de cara a las generales que tendr\u00e1n lugar en 2023\u201d.<\/p>\n<p>Dar\u00edo Schneider afirm\u00f3 la necesidad de ampliar la base de sustentaci\u00f3n pol\u00edtica, social y electoral \u201cconvocando a todos los entrerrianos que tengan vocaci\u00f3n de transformaci\u00f3n de la provincia, de cambio, para as\u00ed salir de esta situaci\u00f3n de estancamiento en la que est\u00e1 sumergida Entre R\u00edos a partir de las \u00faltimas gestiones del partido justicialista\u201d.<\/p>\n","protected":false},"excerpt":{"rendered":"<p>Fue durante un nuevo encuentro de la Mesa de Coordinaci\u00f3n de este espacio pol\u00edtico dentro de la UCR. Participaron referentes de todos los departamentos. <\/p>\n","protected":false},"author":2,"featured_media":61376,"comment_status":"open","ping_status":"open","sticky":false,"template":"","format":"standard","meta":{"fifu_image_url":"","fifu_image_alt":"","footnotes":""},"categories":[16],"tags":[29,2287,2254,169],"class_list":{"0":"post-61375","1":"post","2":"type-post","3":"status-publish","4":"format-standard","5":"has-post-thumbnail","7":"category-politi","8":"tag-cambiemos","9":"tag-construir-ucr","10":"tag-elecciones-2021","11":"tag-ucr"},"yoast_head":"<title>Construir reafirm\u00f3 que las PASO mejoran la competitividad electoral de Cambiemos - Informe Litoral<\/title>\n<meta name=\"robots\" content=\"index, follow, max-snippet:-1, max-image-preview:large, max-video-preview:-1\" \/>\n<link rel=\"canonical\" href=\"https:\/\/informelitoral.com.ar\/construir-reafirmo-que-las-paso-mejoran-la-competitividad-electoral-de-cambiemos\/\" \/>\n<meta property=\"og:locale\" content=\"es_ES\" \/>\n<meta property=\"og:type\" content=\"article\" \/>\n<meta property=\"og:title\" content=\"Construir reafirm\u00f3 que las PASO mejoran la competitividad electoral de Cambiemos - Informe Litoral\" \/>\n<meta property=\"og:description\" content=\"Fue durante un nuevo encuentro de la Mesa de Coordinaci\u00f3n de este espacio pol\u00edtico dentro de la UCR. Participaron referentes de todos los departamentos.\" \/>\n<meta property=\"og:url\" content=\"https:\/\/informelitoral.com.ar\/construir-reafirmo-que-las-paso-mejoran-la-competitividad-electoral-de-cambiemos\/\" \/>\n<meta property=\"og:site_name\" content=\"Informe Litoral\" \/>\n<meta property=\"article:publisher\" content=\"https:\/\/www.facebook.com\/informelitoral\/\" \/>\n<meta property=\"article:published_time\" content=\"2021-06-22T10:24:04+00:00\" \/>\n<meta property=\"article:modified_time\" content=\"2021-06-22T11:28:03+00:00\" \/>\n<meta property=\"og:image\" content=\"https:\/\/informelitoral.com.ar\/%77%70%2d%63%6f%6e%74%65%6e%74\/uploads\/2021\/06\/Construir-Las-Tunas.jpg\" \/>\n\t<meta property=\"og:image:width\" content=\"1280\" \/>\n\t<meta property=\"og:image:height\" content=\"673\" \/>\n\t<meta property=\"og:image:type\" content=\"image\/jpeg\" \/>\n<meta name=\"author\" content=\"Gonzalo Schmidt\" \/>\n<meta name=\"twitter:card\" content=\"summary_large_image\" \/>\n<meta name=\"twitter:creator\" content=\"@InformeLitoral\" \/>\n<meta name=\"twitter:site\" content=\"@InformeLitoral\" \/>\n<meta name=\"twitter:label1\" content=\"Escrito por\" \/>\n\t<meta name=\"twitter:data1\" content=\"Gonzalo Schmidt\" \/>\n\t<meta name=\"twitter:label2\" content=\"Tiempo de lectura\" \/>\n\t<meta name=\"twitter:data2\" content=\"1 minuto\" \/>\n<script type=\"application\/ld+json\" class=\"yoast-schema-graph\">{\"@context\":\"https:\\\/\\\/schema.org\",\"@graph\":[{\"@type\":\"Article\",\"@id\":\"https:\\\/\\\/informelitoral.com.ar\\\/construir-reafirmo-que-las-paso-mejoran-la-competitividad-electoral-de-cambiemos\\\/#article\",\"isPartOf\":{\"@id\":\"https:\\\/\\\/informelitoral.com.ar\\\/construir-reafirmo-que-las-paso-mejoran-la-competitividad-electoral-de-cambiemos\\\/\"},\"author\":{\"name\":\"Gonzalo Schmidt\",\"@id\":\"https:\\\/\\\/informelitoral.com.ar\\\/#\\\/schema\\\/person\\\/b9d00407c836482871ef1d57bf8e3180\"},\"headline\":\"Construir reafirm\u00f3 que las PASO mejoran la competitividad electoral de Cambiemos\",\"datePublished\":\"2021-06-22T10:24:04+00:00\",\"dateModified\":\"2021-06-22T11:28:03+00:00\",\"mainEntityOfPage\":{\"@id\":\"https:\\\/\\\/informelitoral.com.ar\\\/construir-reafirmo-que-las-paso-mejoran-la-competitividad-electoral-de-cambiemos\\\/\"},\"wordCount\":304,\"commentCount\":0,\"publisher\":{\"@id\":\"https:\\\/\\\/informelitoral.com.ar\\\/#organization\"},\"image\":{\"@id\":\"https:\\\/\\\/informelitoral.com.ar\\\/construir-reafirmo-que-las-paso-mejoran-la-competitividad-electoral-de-cambiemos\\\/#primaryimage\"},\"thumbnailUrl\":\"https:\\\/\\\/informelitoral.com.ar\\\/%77%70%2d%63%6f%6e%74%65%6e%74\\\/uploads\\\/2021\\\/06\\\/Construir-Las-Tunas.jpg\",\"keywords\":[\"Cambiemos\",\"Construir UCR\",\"Elecciones 2021\",\"UCR\"],\"articleSection\":[\"Politica\"],\"inLanguage\":\"es\",\"potentialAction\":[{\"@type\":\"CommentAction\",\"name\":\"Comment\",\"target\":[\"https:\\\/\\\/informelitoral.com.ar\\\/construir-reafirmo-que-las-paso-mejoran-la-competitividad-electoral-de-cambiemos\\\/#respond\"]}]},{\"@type\":\"WebPage\",\"@id\":\"https:\\\/\\\/informelitoral.com.ar\\\/construir-reafirmo-que-las-paso-mejoran-la-competitividad-electoral-de-cambiemos\\\/\",\"url\":\"https:\\\/\\\/informelitoral.com.ar\\\/construir-reafirmo-que-las-paso-mejoran-la-competitividad-electoral-de-cambiemos\\\/\",\"name\":\"Construir reafirm\u00f3 que las PASO mejoran la competitividad electoral de Cambiemos - Informe Litoral\",\"isPartOf\":{\"@id\":\"https:\\\/\\\/informelitoral.com.ar\\\/#website\"},\"primaryImageOfPage\":{\"@id\":\"https:\\\/\\\/informelitoral.com.ar\\\/construir-reafirmo-que-las-paso-mejoran-la-competitividad-electoral-de-cambiemos\\\/#primaryimage\"},\"image\":{\"@id\":\"https:\\\/\\\/informelitoral.com.ar\\\/construir-reafirmo-que-las-paso-mejoran-la-competitividad-electoral-de-cambiemos\\\/#primaryimage\"},\"thumbnailUrl\":\"https:\\\/\\\/informelitoral.com.ar\\\/%77%70%2d%63%6f%6e%74%65%6e%74\\\/uploads\\\/2021\\\/06\\\/Construir-Las-Tunas.jpg\",\"datePublished\":\"2021-06-22T10:24:04+00:00\",\"dateModified\":\"2021-06-22T11:28:03+00:00\",\"breadcrumb\":{\"@id\":\"https:\\\/\\\/informelitoral.com.ar\\\/construir-reafirmo-que-las-paso-mejoran-la-competitividad-electoral-de-cambiemos\\\/#breadcrumb\"},\"inLanguage\":\"es\",\"potentialAction\":[{\"@type\":\"ReadAction\",\"target\":[\"https:\\\/\\\/informelitoral.com.ar\\\/construir-reafirmo-que-las-paso-mejoran-la-competitividad-electoral-de-cambiemos\\\/\"]}]},{\"@type\":\"ImageObject\",\"inLanguage\":\"es\",\"@id\":\"https:\\\/\\\/informelitoral.com.ar\\\/construir-reafirmo-que-las-paso-mejoran-la-competitividad-electoral-de-cambiemos\\\/#primaryimage\",\"url\":\"https:\\\/\\\/informelitoral.com.ar\\\/%77%70%2d%63%6f%6e%74%65%6e%74\\\/uploads\\\/2021\\\/06\\\/Construir-Las-Tunas.jpg\",\"contentUrl\":\"https:\\\/\\\/informelitoral.com.ar\\\/%77%70%2d%63%6f%6e%74%65%6e%74\\\/uploads\\\/2021\\\/06\\\/Construir-Las-Tunas.jpg\",\"width\":1280,\"height\":673},{\"@type\":\"BreadcrumbList\",\"@id\":\"https:\\\/\\\/informelitoral.com.ar\\\/construir-reafirmo-que-las-paso-mejoran-la-competitividad-electoral-de-cambiemos\\\/#breadcrumb\",\"itemListElement\":[{\"@type\":\"ListItem\",\"position\":1,\"name\":\"Portada\",\"item\":\"https:\\\/\\\/informelitoral.com.ar\\\/\"},{\"@type\":\"ListItem\",\"position\":2,\"name\":\"Construir reafirm\u00f3 que las PASO mejoran la competitividad electoral de Cambiemos\"}]},{\"@type\":\"WebSite\",\"@id\":\"https:\\\/\\\/informelitoral.com.ar\\\/#website\",\"url\":\"https:\\\/\\\/informelitoral.com.ar\\\/\",\"name\":\"Informe Litoral\",\"description\":\"&quot;Nos informamos&quot; \",\"publisher\":{\"@id\":\"https:\\\/\\\/informelitoral.com.ar\\\/#organization\"},\"potentialAction\":[{\"@type\":\"SearchAction\",\"target\":{\"@type\":\"EntryPoint\",\"urlTemplate\":\"https:\\\/\\\/informelitoral.com.ar\\\/?s={search_term_string}\"},\"query-input\":{\"@type\":\"PropertyValueSpecification\",\"valueRequired\":true,\"valueName\":\"search_term_string\"}}],\"inLanguage\":\"es\"},{\"@type\":\"Organization\",\"@id\":\"https:\\\/\\\/informelitoral.com.ar\\\/#organization\",\"name\":\"Informe Litoral\",\"url\":\"https:\\\/\\\/informelitoral.com.ar\\\/\",\"logo\":{\"@type\":\"ImageObject\",\"inLanguage\":\"es\",\"@id\":\"https:\\\/\\\/informelitoral.com.ar\\\/#\\\/schema\\\/logo\\\/image\\\/\",\"url\":\"https:\\\/\\\/informelitoral.com.ar\\\/%77%70%2d%63%6f%6e%74%65%6e%74\\\/uploads\\\/2021\\\/01\\\/circulo.png\",\"contentUrl\":\"https:\\\/\\\/informelitoral.com.ar\\\/%77%70%2d%63%6f%6e%74%65%6e%74\\\/uploads\\\/2021\\\/01\\\/circulo.png\",\"width\":723,\"height\":731,\"caption\":\"Informe Litoral\"},\"image\":{\"@id\":\"https:\\\/\\\/informelitoral.com.ar\\\/#\\\/schema\\\/logo\\\/image\\\/\"},\"sameAs\":[\"https:\\\/\\\/www.facebook.com\\\/informelitoral\\\/\",\"https:\\\/\\\/x.com\\\/InformeLitoral\",\"https:\\\/\\\/www.instagram.com\\\/informelitoral\\\/\",\"https:\\\/\\\/www.youtube.com\\\/channel\\\/UCua4Qvz8Icb6MYqhoq9xLXw\"]},{\"@type\":\"Person\",\"@id\":\"https:\\\/\\\/informelitoral.com.ar\\\/#\\\/schema\\\/person\\\/b9d00407c836482871ef1d57bf8e3180\",\"name\":\"Gonzalo Schmidt\",\"image\":{\"@type\":\"ImageObject\",\"inLanguage\":\"es\",\"@id\":\"https:\\\/\\\/secure.gravatar.com\\\/avatar\\\/31a1a7b66ff2de83bd0e9fd79d026630d2d99e55e8bfe501287647b4fd9743de?s=96&d=mm&r=g\",\"url\":\"https:\\\/\\\/secure.gravatar.com\\\/avatar\\\/31a1a7b66ff2de83bd0e9fd79d026630d2d99e55e8bfe501287647b4fd9743de?s=96&d=mm&r=g\",\"contentUrl\":\"https:\\\/\\\/secure.gravatar.com\\\/avatar\\\/31a1a7b66ff2de83bd0e9fd79d026630d2d99e55e8bfe501287647b4fd9743de?s=96&d=mm&r=g\",\"caption\":\"Gonzalo Schmidt\"},\"description\":\"Sitio web de noticias de la provincia de Entre R\u00edos, Argentina. Informaci\u00f3n y entretenimiento. Informe Litoral, nos informamos.\",\"sameAs\":[\"http:\\\/\\\/www.isletasnoticias.com.ar\"],\"url\":\"https:\\\/\\\/informelitoral.com.ar\\\/author\\\/gonzalo\\\/\"}]}<\/script>","yoast_head_json":{"title":"Construir reafirm\u00f3 que las PASO mejoran la competitividad electoral de Cambiemos - Informe Litoral","robots":{"index":"index","follow":"follow","max-snippet":"max-snippet:-1","max-image-preview":"max-image-preview:large","max-video-preview":"max-video-preview:-1"},"canonical":"https:\/\/informelitoral.com.ar\/construir-reafirmo-que-las-paso-mejoran-la-competitividad-electoral-de-cambiemos\/","og_locale":"es_ES","og_type":"article","og_title":"Construir reafirm\u00f3 que las PASO mejoran la competitividad electoral de Cambiemos - Informe Litoral","og_description":"Fue durante un nuevo encuentro de la Mesa de Coordinaci\u00f3n de este espacio pol\u00edtico dentro de la UCR. Participaron referentes de todos los departamentos.","og_url":"https:\/\/informelitoral.com.ar\/construir-reafirmo-que-las-paso-mejoran-la-competitividad-electoral-de-cambiemos\/","og_site_name":"Informe Litoral","article_publisher":"https:\/\/www.facebook.com\/informelitoral\/","article_published_time":"2021-06-22T10:24:04+00:00","article_modified_time":"2021-06-22T11:28:03+00:00","og_image":[{"width":1280,"height":673,"url":"https:\/\/informelitoral.com.ar\/%77%70%2d%63%6f%6e%74%65%6e%74\/uploads\/2021\/06\/Construir-Las-Tunas.jpg","type":"image\/jpeg"}],"author":"Gonzalo Schmidt","twitter_card":"summary_large_image","twitter_creator":"@InformeLitoral","twitter_site":"@InformeLitoral","twitter_misc":{"Escrito por":"Gonzalo Schmidt","Tiempo de lectura":"1 minuto"},"schema":{"@context":"https:\/\/schema.org","@graph":[{"@type":"Article","@id":"https:\/\/informelitoral.com.ar\/construir-reafirmo-que-las-paso-mejoran-la-competitividad-electoral-de-cambiemos\/#article","isPartOf":{"@id":"https:\/\/informelitoral.com.ar\/construir-reafirmo-que-las-paso-mejoran-la-competitividad-electoral-de-cambiemos\/"},"author":{"name":"Gonzalo Schmidt","@id":"https:\/\/informelitoral.com.ar\/#\/schema\/person\/b9d00407c836482871ef1d57bf8e3180"},"headline":"Construir reafirm\u00f3 que las PASO mejoran la competitividad electoral de Cambiemos","datePublished":"2021-06-22T10:24:04+00:00","dateModified":"2021-06-22T11:28:03+00:00","mainEntityOfPage":{"@id":"https:\/\/informelitoral.com.ar\/construir-reafirmo-que-las-paso-mejoran-la-competitividad-electoral-de-cambiemos\/"},"wordCount":304,"commentCount":0,"publisher":{"@id":"https:\/\/informelitoral.com.ar\/#organization"},"image":{"@id":"https:\/\/informelitoral.com.ar\/construir-reafirmo-que-las-paso-mejoran-la-competitividad-electoral-de-cambiemos\/#primaryimage"},"thumbnailUrl":"https:\/\/informelitoral.com.ar\/%77%70%2d%63%6f%6e%74%65%6e%74\/uploads\/2021\/06\/Construir-Las-Tunas.jpg","keywords":["Cambiemos","Construir UCR","Elecciones 2021","UCR"],"articleSection":["Politica"],"inLanguage":"es","potentialAction":[{"@type":"CommentAction","name":"Comment","target":["https:\/\/informelitoral.com.ar\/construir-reafirmo-que-las-paso-mejoran-la-competitividad-electoral-de-cambiemos\/#respond"]}]},{"@type":"WebPage","@id":"https:\/\/informelitoral.com.ar\/construir-reafirmo-que-las-paso-mejoran-la-competitividad-electoral-de-cambiemos\/","url":"https:\/\/informelitoral.com.ar\/construir-reafirmo-que-las-paso-mejoran-la-competitividad-electoral-de-cambiemos\/","name":"Construir reafirm\u00f3 que las PASO mejoran la competitividad electoral de Cambiemos - Informe Litoral","isPartOf":{"@id":"https:\/\/informelitoral.com.ar\/#website"},"primaryImageOfPage":{"@id":"https:\/\/informelitoral.com.ar\/construir-reafirmo-que-las-paso-mejoran-la-competitividad-electoral-de-cambiemos\/#primaryimage"},"image":{"@id":"https:\/\/informelitoral.com.ar\/construir-reafirmo-que-las-paso-mejoran-la-competitividad-electoral-de-cambiemos\/#primaryimage"},"thumbnailUrl":"https:\/\/informelitoral.com.ar\/%77%70%2d%63%6f%6e%74%65%6e%74\/uploads\/2021\/06\/Construir-Las-Tunas.jpg","datePublished":"2021-06-22T10:24:04+00:00","dateModified":"2021-06-22T11:28:03+00:00","breadcrumb":{"@id":"https:\/\/informelitoral.com.ar\/construir-reafirmo-que-las-paso-mejoran-la-competitividad-electoral-de-cambiemos\/#breadcrumb"},"inLanguage":"es","potentialAction":[{"@type":"ReadAction","target":["https:\/\/informelitoral.com.ar\/construir-reafirmo-que-las-paso-mejoran-la-competitividad-electoral-de-cambiemos\/"]}]},{"@type":"ImageObject","inLanguage":"es","@id":"https:\/\/informelitoral.com.ar\/construir-reafirmo-que-las-paso-mejoran-la-competitividad-electoral-de-cambiemos\/#primaryimage","url":"https:\/\/informelitoral.com.ar\/%77%70%2d%63%6f%6e%74%65%6e%74\/uploads\/2021\/06\/Construir-Las-Tunas.jpg","contentUrl":"https:\/\/informelitoral.com.ar\/%77%70%2d%63%6f%6e%74%65%6e%74\/uploads\/2021\/06\/Construir-Las-Tunas.jpg","width":1280,"height":673},{"@type":"BreadcrumbList","@id":"https:\/\/informelitoral.com.ar\/construir-reafirmo-que-las-paso-mejoran-la-competitividad-electoral-de-cambiemos\/#breadcrumb","itemListElement":[{"@type":"ListItem","position":1,"name":"Portada","item":"https:\/\/informelitoral.com.ar\/"},{"@type":"ListItem","position":2,"name":"Construir reafirm\u00f3 que las PASO mejoran la competitividad electoral de Cambiemos"}]},{"@type":"WebSite","@id":"https:\/\/informelitoral.com.ar\/#website","url":"https:\/\/informelitoral.com.ar\/","name":"Informe Litoral","description":"&quot;Nos informamos&quot; ","publisher":{"@id":"https:\/\/informelitoral.com.ar\/#organization"},"potentialAction":[{"@type":"SearchAction","target":{"@type":"EntryPoint","urlTemplate":"https:\/\/informelitoral.com.ar\/?s={search_term_string}"},"query-input":{"@type":"PropertyValueSpecification","valueRequired":true,"valueName":"search_term_string"}}],"inLanguage":"es"},{"@type":"Organization","@id":"https:\/\/informelitoral.com.ar\/#organization","name":"Informe Litoral","url":"https:\/\/informelitoral.com.ar\/","logo":{"@type":"ImageObject","inLanguage":"es","@id":"https:\/\/informelitoral.com.ar\/#\/schema\/logo\/image\/","url":"https:\/\/informelitoral.com.ar\/%77%70%2d%63%6f%6e%74%65%6e%74\/uploads\/2021\/01\/circulo.png","contentUrl":"https:\/\/informelitoral.com.ar\/%77%70%2d%63%6f%6e%74%65%6e%74\/uploads\/2021\/01\/circulo.png","width":723,"height":731,"caption":"Informe Litoral"},"image":{"@id":"https:\/\/informelitoral.com.ar\/#\/schema\/logo\/image\/"},"sameAs":["https:\/\/www.facebook.com\/informelitoral\/","https:\/\/x.com\/InformeLitoral","https:\/\/www.instagram.com\/informelitoral\/","https:\/\/www.youtube.com\/channel\/UCua4Qvz8Icb6MYqhoq9xLXw"]},{"@type":"Person","@id":"https:\/\/informelitoral.com.ar\/#\/schema\/person\/b9d00407c836482871ef1d57bf8e3180","name":"Gonzalo Schmidt","image":{"@type":"ImageObject","inLanguage":"es","@id":"https:\/\/secure.gravatar.com\/avatar\/31a1a7b66ff2de83bd0e9fd79d026630d2d99e55e8bfe501287647b4fd9743de?s=96&d=mm&r=g","url":"https:\/\/secure.gravatar.com\/avatar\/31a1a7b66ff2de83bd0e9fd79d026630d2d99e55e8bfe501287647b4fd9743de?s=96&d=mm&r=g","contentUrl":"https:\/\/secure.gravatar.com\/avatar\/31a1a7b66ff2de83bd0e9fd79d026630d2d99e55e8bfe501287647b4fd9743de?s=96&d=mm&r=g","caption":"Gonzalo Schmidt"},"description":"Sitio web de noticias de la provincia de Entre R\u00edos, Argentina. Informaci\u00f3n y entretenimiento. Informe Litoral, nos informamos.","sameAs":["http:\/\/www.isletasnoticias.com.ar"],"url":"https:\/\/informelitoral.com.ar\/author\/gonzalo\/"}]}},"_links":{"self":[{"href":"https:\/\/informelitoral.com.ar\/%77%70%2d%6a%73%6f%6e\/wp\/v2\/posts\/61375","targetHints":{"allow":["GET"]}}],"collection":[{"href":"https:\/\/informelitoral.com.ar\/%77%70%2d%6a%73%6f%6e\/wp\/v2\/posts"}],"about":[{"href":"https:\/\/informelitoral.com.ar\/%77%70%2d%6a%73%6f%6e\/wp\/v2\/types\/post"}],"author":[{"embeddable":true,"href":"https:\/\/informelitoral.com.ar\/%77%70%2d%6a%73%6f%6e\/wp\/v2\/users\/2"}],"replies":[{"embeddable":true,"href":"https:\/\/informelitoral.com.ar\/%77%70%2d%6a%73%6f%6e\/wp\/v2\/comments?post=61375"}],"version-history":[{"count":0,"href":"https:\/\/informelitoral.com.ar\/%77%70%2d%6a%73%6f%6e\/wp\/v2\/posts\/61375\/revisions"}],"wp:featuredmedia":[{"embeddable":true,"href":"https:\/\/informelitoral.com.ar\/%77%70%2d%6a%73%6f%6e\/wp\/v2\/media\/61376"}],"wp:attachment":[{"href":"https:\/\/informelitoral.com.ar\/%77%70%2d%6a%73%6f%6e\/wp\/v2\/media?parent=61375"}],"wp:term":[{"taxonomy":"category","embeddable":true,"href":"https:\/\/informelitoral.com.ar\/%77%70%2d%6a%73%6f%6e\/wp\/v2\/categories?post=61375"},{"taxonomy":"post_tag","embeddable":true,"href":"https:\/\/informelitoral.com.ar\/%77%70%2d%6a%73%6f%6e\/wp\/v2\/tags?post=61375"}],"curies":[{"name":"wp","href":"https:\/\/api.w.org\/{rel}","templated":true}]}}