{"id":61318,"date":"2021-06-18T06:57:53","date_gmt":"2021-06-18T09:57:53","guid":{"rendered":"https:\/\/www.informelitoral.com.ar\/?p=61318"},"modified":"2021-06-18T06:57:53","modified_gmt":"2021-06-18T09:57:53","slug":"jubilados-con-la-minima-y-pensionados-recibiran-un-bono-para-compensar-la-inflacion","status":"publish","type":"post","link":"https:\/\/informelitoral.com.ar\/jubilados-con-la-minima-y-pensionados-recibiran-un-bono-para-compensar-la-inflacion\/","title":{"rendered":"Jubilados con la m\u00ednima y pensionados recibir\u00e1n un bono para compensar la inflaci\u00f3n"},"content":{"rendered":"<p>El Gobierno nacional anunciar\u00e1 el pago de\u00a0otro\u00a0bono especial\u00a0para los jubilados que cobran los haberes m\u00e1s bajos\u00a0y tambi\u00e9n lo percibir\u00edan los que cobran pensiones. El objetivo es contrarrestar los efectos de la inflaci\u00f3n del trimestre en el poder adquisitivo de las jubilaciones y pensiones.<\/p>\n<p>Restan definir los montos y el alcance de la medida, aunque se descarta que los haberes m\u00e1s altos perciban esta compensaci\u00f3n. Se pagar\u00eda en un solo bono en julio o en 2 bonos, repartido en julio y agosto, seg\u00fan public\u00f3 de <em>Clar\u00edn.<\/em><\/p>\n<p>En abril y mayo cobraron el suplemento extraordinario de hasta 1.500 pesos cada mes unos\u00a05 millones de jubilados, pensionados, pensiones no contributivas y PUAM que cobraban\u00a0menos de 30.856 pesos. Tras conocerse los\u00a0datos de la inflaci\u00f3n de mayo\u00a0y las proyecciones para junio, las jubilaciones y pensiones volver\u00e1n a quedar rezagadas\u00a0frente a la suba de los precios.<\/p>\n<h4><strong>Los c\u00e1lculos<\/strong><\/h4>\n<p>En estos seis primeros del a\u00f1o las jubilaciones y pensiones recibieron dos aumentos trimestrales (8,07 y 12,12 por ciento) lo que punta a punta representa un alza del 21,2 por ciento. Con una suba promedio de los precios del 3 por ciento en junio, la inflaci\u00f3n de la primera mitad de 2021 sumar\u00e1 el 25,1 por ciento. Representa una p\u00e9rdida inter-semestral del 3,1 por ciento.<\/p>\n<p>Por su parte, si se analiza la suma de los haberes mes a mes, la p\u00e9rdida var\u00eda seg\u00fan los rangos de haberes porque en abril y mayo se pagaron bonos de hasta 1.500 pesos para los que cobran los haberes m\u00e1s bajos.<\/p>\n<p>As\u00ed, la suma de lo que cobraron mes a mes con relaci\u00f3n a lo que les hubiera correspondido seg\u00fan la inflaci\u00f3n\u00a0resulta una p\u00e9rdida del 6,1 por ciento. En tanto, para los de que cobraron los bonos la p\u00e9rdida es menor del 4 por ciento. La mayor p\u00e9rdida en el c\u00e1lculo mes a mes versus el inter-semestral se debe a que las jubilaciones aumentan cada 3 meses y la inflaci\u00f3n todos los meses.<\/p>\n<p>Este es el panorama a junio, con una inflaci\u00f3n del 3% este mes.\u00a0Pero como el pr\u00f3ximo aumento de las jubilaciones reci\u00e9n es en septiembre, y suponiendo una inflaci\u00f3n mensual moderada, del 3% en julio y 3% agosto, la p\u00e9rdida real jubilatoria del 3,1% a junio\u00a0en los 8 meses ascender\u00eda al 8,7%.\u00a0Por eso, el Gobierno otorgar\u00e1 uno o dos pagos extraordinarios para intentar aminorar esta p\u00e9rdida real de los haberes, pero limitado a las jubilaciones m\u00e1s bajas.<\/p>\n","protected":false},"excerpt":{"rendered":"<p>Se pagar\u00eda en un solo bono en julio o en dos bonos, repartido en julio y agosto. Solo ser\u00e1 para los haberes m\u00e1s bajos. <\/p>\n","protected":false},"author":2,"featured_media":22733,"comment_status":"open","ping_status":"open","sticky":false,"template":"","format":"standard","meta":{"fifu_image_url":"","fifu_image_alt":"","footnotes":""},"categories":[7],"tags":[102],"class_list":{"0":"post-61318","1":"post","2":"type-post","3":"status-publish","4":"format-standard","5":"has-post-thumbnail","7":"category-nacionales","8":"tag-jubilados"},"yoast_head":"<title>Jubilados con la m\u00ednima y pensionados recibir\u00e1n un bono para compensar la inflaci\u00f3n - Informe Litoral<\/title>\n<meta name=\"robots\" content=\"index, follow, max-snippet:-1, max-image-preview:large, max-video-preview:-1\" \/>\n<link rel=\"canonical\" href=\"https:\/\/informelitoral.com.ar\/jubilados-con-la-minima-y-pensionados-recibiran-un-bono-para-compensar-la-inflacion\/\" \/>\n<meta property=\"og:locale\" content=\"es_ES\" \/>\n<meta property=\"og:type\" content=\"article\" \/>\n<meta property=\"og:title\" content=\"Jubilados con la m\u00ednima y pensionados recibir\u00e1n un bono para compensar la inflaci\u00f3n - Informe Litoral\" \/>\n<meta property=\"og:description\" content=\"Se pagar\u00eda en un solo bono en julio o en dos bonos, repartido en julio y agosto. Solo ser\u00e1 para los haberes m\u00e1s bajos.\" \/>\n<meta property=\"og:url\" content=\"https:\/\/informelitoral.com.ar\/jubilados-con-la-minima-y-pensionados-recibiran-un-bono-para-compensar-la-inflacion\/\" \/>\n<meta property=\"og:site_name\" content=\"Informe Litoral\" \/>\n<meta property=\"article:publisher\" content=\"https:\/\/www.facebook.com\/informelitoral\/\" \/>\n<meta property=\"article:published_time\" content=\"2021-06-18T09:57:53+00:00\" \/>\n<meta property=\"og:image\" content=\"https:\/\/informelitoral.com.ar\/%77%70%2d%63%6f%6e%74%65%6e%74\/uploads\/2017\/08\/aumento-jubilados-nacionales.jpg\" \/>\n\t<meta property=\"og:image:width\" content=\"1024\" \/>\n\t<meta property=\"og:image:height\" content=\"670\" \/>\n\t<meta property=\"og:image:type\" content=\"image\/jpeg\" \/>\n<meta name=\"author\" content=\"Gonzalo Schmidt\" \/>\n<meta name=\"twitter:card\" content=\"summary_large_image\" \/>\n<meta name=\"twitter:creator\" content=\"@InformeLitoral\" \/>\n<meta name=\"twitter:site\" content=\"@InformeLitoral\" \/>\n<meta name=\"twitter:label1\" content=\"Escrito por\" \/>\n\t<meta name=\"twitter:data1\" content=\"Gonzalo Schmidt\" \/>\n\t<meta name=\"twitter:label2\" content=\"Tiempo de lectura\" \/>\n\t<meta name=\"twitter:data2\" content=\"2 minutos\" \/>\n<script type=\"application\/ld+json\" class=\"yoast-schema-graph\">{\"@context\":\"https:\\\/\\\/schema.org\",\"@graph\":[{\"@type\":\"Article\",\"@id\":\"https:\\\/\\\/informelitoral.com.ar\\\/jubilados-con-la-minima-y-pensionados-recibiran-un-bono-para-compensar-la-inflacion\\\/#article\",\"isPartOf\":{\"@id\":\"https:\\\/\\\/informelitoral.com.ar\\\/jubilados-con-la-minima-y-pensionados-recibiran-un-bono-para-compensar-la-inflacion\\\/\"},\"author\":{\"name\":\"Gonzalo Schmidt\",\"@id\":\"https:\\\/\\\/informelitoral.com.ar\\\/#\\\/schema\\\/person\\\/b9d00407c836482871ef1d57bf8e3180\"},\"headline\":\"Jubilados con la m\u00ednima y pensionados recibir\u00e1n un bono para compensar la inflaci\u00f3n\",\"datePublished\":\"2021-06-18T09:57:53+00:00\",\"mainEntityOfPage\":{\"@id\":\"https:\\\/\\\/informelitoral.com.ar\\\/jubilados-con-la-minima-y-pensionados-recibiran-un-bono-para-compensar-la-inflacion\\\/\"},\"wordCount\":440,\"commentCount\":0,\"publisher\":{\"@id\":\"https:\\\/\\\/informelitoral.com.ar\\\/#organization\"},\"image\":{\"@id\":\"https:\\\/\\\/informelitoral.com.ar\\\/jubilados-con-la-minima-y-pensionados-recibiran-un-bono-para-compensar-la-inflacion\\\/#primaryimage\"},\"thumbnailUrl\":\"https:\\\/\\\/informelitoral.com.ar\\\/%77%70%2d%63%6f%6e%74%65%6e%74\\\/uploads\\\/2017\\\/08\\\/aumento-jubilados-nacionales.jpg\",\"keywords\":[\"Jubilados\"],\"articleSection\":[\"Nacionales\"],\"inLanguage\":\"es\",\"potentialAction\":[{\"@type\":\"CommentAction\",\"name\":\"Comment\",\"target\":[\"https:\\\/\\\/informelitoral.com.ar\\\/jubilados-con-la-minima-y-pensionados-recibiran-un-bono-para-compensar-la-inflacion\\\/#respond\"]}]},{\"@type\":\"WebPage\",\"@id\":\"https:\\\/\\\/informelitoral.com.ar\\\/jubilados-con-la-minima-y-pensionados-recibiran-un-bono-para-compensar-la-inflacion\\\/\",\"url\":\"https:\\\/\\\/informelitoral.com.ar\\\/jubilados-con-la-minima-y-pensionados-recibiran-un-bono-para-compensar-la-inflacion\\\/\",\"name\":\"Jubilados con la m\u00ednima y pensionados recibir\u00e1n un bono para compensar la inflaci\u00f3n - Informe Litoral\",\"isPartOf\":{\"@id\":\"https:\\\/\\\/informelitoral.com.ar\\\/#website\"},\"primaryImageOfPage\":{\"@id\":\"https:\\\/\\\/informelitoral.com.ar\\\/jubilados-con-la-minima-y-pensionados-recibiran-un-bono-para-compensar-la-inflacion\\\/#primaryimage\"},\"image\":{\"@id\":\"https:\\\/\\\/informelitoral.com.ar\\\/jubilados-con-la-minima-y-pensionados-recibiran-un-bono-para-compensar-la-inflacion\\\/#primaryimage\"},\"thumbnailUrl\":\"https:\\\/\\\/informelitoral.com.ar\\\/%77%70%2d%63%6f%6e%74%65%6e%74\\\/uploads\\\/2017\\\/08\\\/aumento-jubilados-nacionales.jpg\",\"datePublished\":\"2021-06-18T09:57:53+00:00\",\"breadcrumb\":{\"@id\":\"https:\\\/\\\/informelitoral.com.ar\\\/jubilados-con-la-minima-y-pensionados-recibiran-un-bono-para-compensar-la-inflacion\\\/#breadcrumb\"},\"inLanguage\":\"es\",\"potentialAction\":[{\"@type\":\"ReadAction\",\"target\":[\"https:\\\/\\\/informelitoral.com.ar\\\/jubilados-con-la-minima-y-pensionados-recibiran-un-bono-para-compensar-la-inflacion\\\/\"]}]},{\"@type\":\"ImageObject\",\"inLanguage\":\"es\",\"@id\":\"https:\\\/\\\/informelitoral.com.ar\\\/jubilados-con-la-minima-y-pensionados-recibiran-un-bono-para-compensar-la-inflacion\\\/#primaryimage\",\"url\":\"https:\\\/\\\/informelitoral.com.ar\\\/%77%70%2d%63%6f%6e%74%65%6e%74\\\/uploads\\\/2017\\\/08\\\/aumento-jubilados-nacionales.jpg\",\"contentUrl\":\"https:\\\/\\\/informelitoral.com.ar\\\/%77%70%2d%63%6f%6e%74%65%6e%74\\\/uploads\\\/2017\\\/08\\\/aumento-jubilados-nacionales.jpg\",\"width\":1024,\"height\":670},{\"@type\":\"BreadcrumbList\",\"@id\":\"https:\\\/\\\/informelitoral.com.ar\\\/jubilados-con-la-minima-y-pensionados-recibiran-un-bono-para-compensar-la-inflacion\\\/#breadcrumb\",\"itemListElement\":[{\"@type\":\"ListItem\",\"position\":1,\"name\":\"Portada\",\"item\":\"https:\\\/\\\/informelitoral.com.ar\\\/\"},{\"@type\":\"ListItem\",\"position\":2,\"name\":\"Jubilados con la m\u00ednima y pensionados recibir\u00e1n un bono para compensar la inflaci\u00f3n\"}]},{\"@type\":\"WebSite\",\"@id\":\"https:\\\/\\\/informelitoral.com.ar\\\/#website\",\"url\":\"https:\\\/\\\/informelitoral.com.ar\\\/\",\"name\":\"Informe Litoral\",\"description\":\"&quot;Nos informamos&quot; \",\"publisher\":{\"@id\":\"https:\\\/\\\/informelitoral.com.ar\\\/#organization\"},\"potentialAction\":[{\"@type\":\"SearchAction\",\"target\":{\"@type\":\"EntryPoint\",\"urlTemplate\":\"https:\\\/\\\/informelitoral.com.ar\\\/?s={search_term_string}\"},\"query-input\":{\"@type\":\"PropertyValueSpecification\",\"valueRequired\":true,\"valueName\":\"search_term_string\"}}],\"inLanguage\":\"es\"},{\"@type\":\"Organization\",\"@id\":\"https:\\\/\\\/informelitoral.com.ar\\\/#organization\",\"name\":\"Informe Litoral\",\"url\":\"https:\\\/\\\/informelitoral.com.ar\\\/\",\"logo\":{\"@type\":\"ImageObject\",\"inLanguage\":\"es\",\"@id\":\"https:\\\/\\\/informelitoral.com.ar\\\/#\\\/schema\\\/logo\\\/image\\\/\",\"url\":\"https:\\\/\\\/informelitoral.com.ar\\\/%77%70%2d%63%6f%6e%74%65%6e%74\\\/uploads\\\/2021\\\/01\\\/circulo.png\",\"contentUrl\":\"https:\\\/\\\/informelitoral.com.ar\\\/%77%70%2d%63%6f%6e%74%65%6e%74\\\/uploads\\\/2021\\\/01\\\/circulo.png\",\"width\":723,\"height\":731,\"caption\":\"Informe Litoral\"},\"image\":{\"@id\":\"https:\\\/\\\/informelitoral.com.ar\\\/#\\\/schema\\\/logo\\\/image\\\/\"},\"sameAs\":[\"https:\\\/\\\/www.facebook.com\\\/informelitoral\\\/\",\"https:\\\/\\\/x.com\\\/InformeLitoral\",\"https:\\\/\\\/www.instagram.com\\\/informelitoral\\\/\",\"https:\\\/\\\/www.youtube.com\\\/channel\\\/UCua4Qvz8Icb6MYqhoq9xLXw\"]},{\"@type\":\"Person\",\"@id\":\"https:\\\/\\\/informelitoral.com.ar\\\/#\\\/schema\\\/person\\\/b9d00407c836482871ef1d57bf8e3180\",\"name\":\"Gonzalo Schmidt\",\"image\":{\"@type\":\"ImageObject\",\"inLanguage\":\"es\",\"@id\":\"https:\\\/\\\/secure.gravatar.com\\\/avatar\\\/31a1a7b66ff2de83bd0e9fd79d026630d2d99e55e8bfe501287647b4fd9743de?s=96&d=mm&r=g\",\"url\":\"https:\\\/\\\/secure.gravatar.com\\\/avatar\\\/31a1a7b66ff2de83bd0e9fd79d026630d2d99e55e8bfe501287647b4fd9743de?s=96&d=mm&r=g\",\"contentUrl\":\"https:\\\/\\\/secure.gravatar.com\\\/avatar\\\/31a1a7b66ff2de83bd0e9fd79d026630d2d99e55e8bfe501287647b4fd9743de?s=96&d=mm&r=g\",\"caption\":\"Gonzalo Schmidt\"},\"description\":\"Sitio web de noticias de la provincia de Entre R\u00edos, Argentina. Informaci\u00f3n y entretenimiento. Informe Litoral, nos informamos.\",\"sameAs\":[\"http:\\\/\\\/www.isletasnoticias.com.ar\"],\"url\":\"https:\\\/\\\/informelitoral.com.ar\\\/author\\\/gonzalo\\\/\"}]}<\/script>","yoast_head_json":{"title":"Jubilados con la m\u00ednima y pensionados recibir\u00e1n un bono para compensar la inflaci\u00f3n - Informe Litoral","robots":{"index":"index","follow":"follow","max-snippet":"max-snippet:-1","max-image-preview":"max-image-preview:large","max-video-preview":"max-video-preview:-1"},"canonical":"https:\/\/informelitoral.com.ar\/jubilados-con-la-minima-y-pensionados-recibiran-un-bono-para-compensar-la-inflacion\/","og_locale":"es_ES","og_type":"article","og_title":"Jubilados con la m\u00ednima y pensionados recibir\u00e1n un bono para compensar la inflaci\u00f3n - Informe Litoral","og_description":"Se pagar\u00eda en un solo bono en julio o en dos bonos, repartido en julio y agosto. Solo ser\u00e1 para los haberes m\u00e1s bajos.","og_url":"https:\/\/informelitoral.com.ar\/jubilados-con-la-minima-y-pensionados-recibiran-un-bono-para-compensar-la-inflacion\/","og_site_name":"Informe Litoral","article_publisher":"https:\/\/www.facebook.com\/informelitoral\/","article_published_time":"2021-06-18T09:57:53+00:00","og_image":[{"width":1024,"height":670,"url":"https:\/\/informelitoral.com.ar\/%77%70%2d%63%6f%6e%74%65%6e%74\/uploads\/2017\/08\/aumento-jubilados-nacionales.jpg","type":"image\/jpeg"}],"author":"Gonzalo Schmidt","twitter_card":"summary_large_image","twitter_creator":"@InformeLitoral","twitter_site":"@InformeLitoral","twitter_misc":{"Escrito por":"Gonzalo Schmidt","Tiempo de lectura":"2 minutos"},"schema":{"@context":"https:\/\/schema.org","@graph":[{"@type":"Article","@id":"https:\/\/informelitoral.com.ar\/jubilados-con-la-minima-y-pensionados-recibiran-un-bono-para-compensar-la-inflacion\/#article","isPartOf":{"@id":"https:\/\/informelitoral.com.ar\/jubilados-con-la-minima-y-pensionados-recibiran-un-bono-para-compensar-la-inflacion\/"},"author":{"name":"Gonzalo Schmidt","@id":"https:\/\/informelitoral.com.ar\/#\/schema\/person\/b9d00407c836482871ef1d57bf8e3180"},"headline":"Jubilados con la m\u00ednima y pensionados recibir\u00e1n un bono para compensar la inflaci\u00f3n","datePublished":"2021-06-18T09:57:53+00:00","mainEntityOfPage":{"@id":"https:\/\/informelitoral.com.ar\/jubilados-con-la-minima-y-pensionados-recibiran-un-bono-para-compensar-la-inflacion\/"},"wordCount":440,"commentCount":0,"publisher":{"@id":"https:\/\/informelitoral.com.ar\/#organization"},"image":{"@id":"https:\/\/informelitoral.com.ar\/jubilados-con-la-minima-y-pensionados-recibiran-un-bono-para-compensar-la-inflacion\/#primaryimage"},"thumbnailUrl":"https:\/\/informelitoral.com.ar\/%77%70%2d%63%6f%6e%74%65%6e%74\/uploads\/2017\/08\/aumento-jubilados-nacionales.jpg","keywords":["Jubilados"],"articleSection":["Nacionales"],"inLanguage":"es","potentialAction":[{"@type":"CommentAction","name":"Comment","target":["https:\/\/informelitoral.com.ar\/jubilados-con-la-minima-y-pensionados-recibiran-un-bono-para-compensar-la-inflacion\/#respond"]}]},{"@type":"WebPage","@id":"https:\/\/informelitoral.com.ar\/jubilados-con-la-minima-y-pensionados-recibiran-un-bono-para-compensar-la-inflacion\/","url":"https:\/\/informelitoral.com.ar\/jubilados-con-la-minima-y-pensionados-recibiran-un-bono-para-compensar-la-inflacion\/","name":"Jubilados con la m\u00ednima y pensionados recibir\u00e1n un bono para compensar la inflaci\u00f3n - Informe Litoral","isPartOf":{"@id":"https:\/\/informelitoral.com.ar\/#website"},"primaryImageOfPage":{"@id":"https:\/\/informelitoral.com.ar\/jubilados-con-la-minima-y-pensionados-recibiran-un-bono-para-compensar-la-inflacion\/#primaryimage"},"image":{"@id":"https:\/\/informelitoral.com.ar\/jubilados-con-la-minima-y-pensionados-recibiran-un-bono-para-compensar-la-inflacion\/#primaryimage"},"thumbnailUrl":"https:\/\/informelitoral.com.ar\/%77%70%2d%63%6f%6e%74%65%6e%74\/uploads\/2017\/08\/aumento-jubilados-nacionales.jpg","datePublished":"2021-06-18T09:57:53+00:00","breadcrumb":{"@id":"https:\/\/informelitoral.com.ar\/jubilados-con-la-minima-y-pensionados-recibiran-un-bono-para-compensar-la-inflacion\/#breadcrumb"},"inLanguage":"es","potentialAction":[{"@type":"ReadAction","target":["https:\/\/informelitoral.com.ar\/jubilados-con-la-minima-y-pensionados-recibiran-un-bono-para-compensar-la-inflacion\/"]}]},{"@type":"ImageObject","inLanguage":"es","@id":"https:\/\/informelitoral.com.ar\/jubilados-con-la-minima-y-pensionados-recibiran-un-bono-para-compensar-la-inflacion\/#primaryimage","url":"https:\/\/informelitoral.com.ar\/%77%70%2d%63%6f%6e%74%65%6e%74\/uploads\/2017\/08\/aumento-jubilados-nacionales.jpg","contentUrl":"https:\/\/informelitoral.com.ar\/%77%70%2d%63%6f%6e%74%65%6e%74\/uploads\/2017\/08\/aumento-jubilados-nacionales.jpg","width":1024,"height":670},{"@type":"BreadcrumbList","@id":"https:\/\/informelitoral.com.ar\/jubilados-con-la-minima-y-pensionados-recibiran-un-bono-para-compensar-la-inflacion\/#breadcrumb","itemListElement":[{"@type":"ListItem","position":1,"name":"Portada","item":"https:\/\/informelitoral.com.ar\/"},{"@type":"ListItem","position":2,"name":"Jubilados con la m\u00ednima y pensionados recibir\u00e1n un bono para compensar la inflaci\u00f3n"}]},{"@type":"WebSite","@id":"https:\/\/informelitoral.com.ar\/#website","url":"https:\/\/informelitoral.com.ar\/","name":"Informe Litoral","description":"&quot;Nos informamos&quot; ","publisher":{"@id":"https:\/\/informelitoral.com.ar\/#organization"},"potentialAction":[{"@type":"SearchAction","target":{"@type":"EntryPoint","urlTemplate":"https:\/\/informelitoral.com.ar\/?s={search_term_string}"},"query-input":{"@type":"PropertyValueSpecification","valueRequired":true,"valueName":"search_term_string"}}],"inLanguage":"es"},{"@type":"Organization","@id":"https:\/\/informelitoral.com.ar\/#organization","name":"Informe Litoral","url":"https:\/\/informelitoral.com.ar\/","logo":{"@type":"ImageObject","inLanguage":"es","@id":"https:\/\/informelitoral.com.ar\/#\/schema\/logo\/image\/","url":"https:\/\/informelitoral.com.ar\/%77%70%2d%63%6f%6e%74%65%6e%74\/uploads\/2021\/01\/circulo.png","contentUrl":"https:\/\/informelitoral.com.ar\/%77%70%2d%63%6f%6e%74%65%6e%74\/uploads\/2021\/01\/circulo.png","width":723,"height":731,"caption":"Informe Litoral"},"image":{"@id":"https:\/\/informelitoral.com.ar\/#\/schema\/logo\/image\/"},"sameAs":["https:\/\/www.facebook.com\/informelitoral\/","https:\/\/x.com\/InformeLitoral","https:\/\/www.instagram.com\/informelitoral\/","https:\/\/www.youtube.com\/channel\/UCua4Qvz8Icb6MYqhoq9xLXw"]},{"@type":"Person","@id":"https:\/\/informelitoral.com.ar\/#\/schema\/person\/b9d00407c836482871ef1d57bf8e3180","name":"Gonzalo Schmidt","image":{"@type":"ImageObject","inLanguage":"es","@id":"https:\/\/secure.gravatar.com\/avatar\/31a1a7b66ff2de83bd0e9fd79d026630d2d99e55e8bfe501287647b4fd9743de?s=96&d=mm&r=g","url":"https:\/\/secure.gravatar.com\/avatar\/31a1a7b66ff2de83bd0e9fd79d026630d2d99e55e8bfe501287647b4fd9743de?s=96&d=mm&r=g","contentUrl":"https:\/\/secure.gravatar.com\/avatar\/31a1a7b66ff2de83bd0e9fd79d026630d2d99e55e8bfe501287647b4fd9743de?s=96&d=mm&r=g","caption":"Gonzalo Schmidt"},"description":"Sitio web de noticias de la provincia de Entre R\u00edos, Argentina. Informaci\u00f3n y entretenimiento. Informe Litoral, nos informamos.","sameAs":["http:\/\/www.isletasnoticias.com.ar"],"url":"https:\/\/informelitoral.com.ar\/author\/gonzalo\/"}]}},"_links":{"self":[{"href":"https:\/\/informelitoral.com.ar\/%77%70%2d%6a%73%6f%6e\/wp\/v2\/posts\/61318","targetHints":{"allow":["GET"]}}],"collection":[{"href":"https:\/\/informelitoral.com.ar\/%77%70%2d%6a%73%6f%6e\/wp\/v2\/posts"}],"about":[{"href":"https:\/\/informelitoral.com.ar\/%77%70%2d%6a%73%6f%6e\/wp\/v2\/types\/post"}],"author":[{"embeddable":true,"href":"https:\/\/informelitoral.com.ar\/%77%70%2d%6a%73%6f%6e\/wp\/v2\/users\/2"}],"replies":[{"embeddable":true,"href":"https:\/\/informelitoral.com.ar\/%77%70%2d%6a%73%6f%6e\/wp\/v2\/comments?post=61318"}],"version-history":[{"count":0,"href":"https:\/\/informelitoral.com.ar\/%77%70%2d%6a%73%6f%6e\/wp\/v2\/posts\/61318\/revisions"}],"wp:featuredmedia":[{"embeddable":true,"href":"https:\/\/informelitoral.com.ar\/%77%70%2d%6a%73%6f%6e\/wp\/v2\/media\/22733"}],"wp:attachment":[{"href":"https:\/\/informelitoral.com.ar\/%77%70%2d%6a%73%6f%6e\/wp\/v2\/media?parent=61318"}],"wp:term":[{"taxonomy":"category","embeddable":true,"href":"https:\/\/informelitoral.com.ar\/%77%70%2d%6a%73%6f%6e\/wp\/v2\/categories?post=61318"},{"taxonomy":"post_tag","embeddable":true,"href":"https:\/\/informelitoral.com.ar\/%77%70%2d%6a%73%6f%6e\/wp\/v2\/tags?post=61318"}],"curies":[{"name":"wp","href":"https:\/\/api.w.org\/{rel}","templated":true}]}}