{"id":61245,"date":"2021-06-16T17:38:50","date_gmt":"2021-06-16T20:38:50","guid":{"rendered":"https:\/\/www.informelitoral.com.ar\/?p=61245"},"modified":"2021-06-16T17:39:22","modified_gmt":"2021-06-16T20:39:22","slug":"bordet-no-prorrogara-la-ley-de-emergencia-solidaria","status":"publish","type":"post","link":"https:\/\/informelitoral.com.ar\/bordet-no-prorrogara-la-ley-de-emergencia-solidaria\/","title":{"rendered":"Bordet no prorrogar\u00e1 la Ley de Emergencia Solidaria"},"content":{"rendered":"<p>El gobernador Gustavo Bordet dijo que no prorrogar\u00e1 la Ley de Emergencia Solidaria.\u201cTener hoy la provincia en condiciones saludables financieras y poder realizar inversiones realmente fuertes para atender la pandemia y la obra p\u00fablica que genera empleo hace que tomemos la decisi\u00f3n de no prorrogar la ley de emergencia\u201d, expres\u00f3.<\/p>\n<p>En un mensaje emitido este mi\u00e9rcoles, Bordet tambi\u00e9n anunci\u00f3 la necesidad de debatir inequidades en los aportes al sistema previsional de la provincia, agradeci\u00f3 a las y los entrerrianos que colaboraron con las medidas de restricci\u00f3n para frenar la pandemia, y adelant\u00f3 que se buscar\u00e1 vacunar a la mayor cantidad de personas para inmunizar la poblaci\u00f3n y poder retomar las actividades econ\u00f3micas y sociales.<\/p>\n<p>El mandatario explic\u00f3 que el ordenamiento y los objetivos para los cuales fue creada la Ley de Emergencia Solidaria N\u00ba 10.806, \u201cse han logrado\u201d, y enmarc\u00f3 la decisi\u00f3n de no prorrogar la norma en la necesidad de continuar generando \u201ccondiciones de desarrollo y crecimiento en nuestra provincia\u201d.<\/p>\n<h4><strong>Situaci\u00f3n incierta<\/strong><\/h4>\n<p>En su mensaje, Bordet record\u00f3 que en el marco de la situaci\u00f3n generada por pandemia, y agravada por el \u201cdescalabro financiero originado en los \u00faltimos meses del gobierno nacional de Cambiemos\u201d, se decidi\u00f3 \u201cenviar a la legislatura un proyecto de ley de una emergencia econ\u00f3mica solidaria\u201d.<\/p>\n<p><span style=\"text-align: center;\">Se trataba, apunt\u00f3 Bordet, de \u201cuna situaci\u00f3n que con la pandemia se tornaba incierta y era necesario tomar medidas que permitan darle sustentabilidad a la provincia en medio de un contexto in\u00e9dito e imprevisible\u201d.<\/span><\/p>\n<p>Destac\u00f3 que en el proyecto, \u201cquienes m\u00e1s ganaban, realizaban aportes extraordinarios, se grav\u00f3 la renta financiera y donde tambi\u00e9n se gravaron sectores que ten\u00edan determinadas situaciones de privilegio frente a un momento extraordinario\u201d.<\/p>\n<p>\u201cLa Legislatura de Entre R\u00edos, con nuestros bloques del Frente de Todos, acompa\u00f1\u00f3 esas iniciativas\u201d, valor\u00f3 Bordet y dirigi\u00f3 sus \u201cpalabras de agradecimiento a todos los legisladores y legisladoras, tanto diputados como diputadas, senadores y senadoras, que estuvieron a la altura de las circunstancias de una emergencia como la pandemia requer\u00eda en ese momento\u201d.<\/p>\n<figure class=\"wp-block-image size-large\"><img loading=\"lazy\" decoding=\"async\" class=\"wp-image-99043 jetpack-lazy-image jetpack-lazy-image--handled\" src=\"https:\/\/i1.wp.com\/www.entremediosweb.com\/v2\/%77%70%2d%63%6f%6e%74%65%6e%74\/uploads\/2021\/06\/emergencia-bordet.jpeg?resize=708%2C472&amp;ssl=1\" sizes=\"auto, (max-width: 708px) 100vw, 708px\" srcset=\"https:\/\/i1.wp.com\/www.entremediosweb.com\/v2\/%77%70%2d%63%6f%6e%74%65%6e%74\/uploads\/2021\/06\/emergencia-bordet.jpeg?resize=1024%2C682&amp;ssl=1 1024w, https:\/\/i1.wp.com\/www.entremediosweb.com\/v2\/%77%70%2d%63%6f%6e%74%65%6e%74\/uploads\/2021\/06\/emergencia-bordet.jpeg?resize=300%2C200&amp;ssl=1 300w, https:\/\/i1.wp.com\/www.entremediosweb.com\/v2\/%77%70%2d%63%6f%6e%74%65%6e%74\/uploads\/2021\/06\/emergencia-bordet.jpeg?resize=768%2C511&amp;ssl=1 768w, https:\/\/i1.wp.com\/www.entremediosweb.com\/v2\/%77%70%2d%63%6f%6e%74%65%6e%74\/uploads\/2021\/06\/emergencia-bordet.jpeg?resize=1536%2C1022&amp;ssl=1 1536w, https:\/\/i1.wp.com\/www.entremediosweb.com\/v2\/%77%70%2d%63%6f%6e%74%65%6e%74\/uploads\/2021\/06\/emergencia-bordet.jpeg?w=1920&amp;ssl=1 1920w, https:\/\/i1.wp.com\/www.entremediosweb.com\/v2\/%77%70%2d%63%6f%6e%74%65%6e%74\/uploads\/2021\/06\/emergencia-bordet.jpeg?w=1416&amp;ssl=1 1416w\" alt=\"\" width=\"708\" height=\"472\" data-attachment-id=\"99043\" data-permalink=\"https:\/\/www.entremediosweb.com\/v2\/el-gobernador-bordet-dijo-que-no-prorrogara-la-ley-de-emergencia\/emergencia-bordet\/\" data-orig-file=\"https:\/\/i1.wp.com\/www.entremediosweb.com\/v2\/%77%70%2d%63%6f%6e%74%65%6e%74\/uploads\/2021\/06\/emergencia-bordet.jpeg?fit=1920%2C1278&amp;ssl=1\" data-orig-size=\"1920,1278\" data-comments-opened=\"0\" data-image-meta=\"{&quot;aperture&quot;:&quot;4&quot;,&quot;credit&quot;:&quot;&quot;,&quot;camera&quot;:&quot;NIKON Z 6_2&quot;,&quot;caption&quot;:&quot;&quot;,&quot;created_timestamp&quot;:&quot;1623837356&quot;,&quot;copyright&quot;:&quot;&quot;,&quot;focal_length&quot;:&quot;41&quot;,&quot;iso&quot;:&quot;2000&quot;,&quot;shutter_speed&quot;:&quot;0.00625&quot;,&quot;title&quot;:&quot;&quot;,&quot;orientation&quot;:&quot;1&quot;}\" data-image-title=\"emergencia-bordet\" data-image-description=\"\" data-medium-file=\"https:\/\/i1.wp.com\/www.entremediosweb.com\/v2\/%77%70%2d%63%6f%6e%74%65%6e%74\/uploads\/2021\/06\/emergencia-bordet.jpeg?fit=300%2C200&amp;ssl=1\" data-large-file=\"https:\/\/i1.wp.com\/www.entremediosweb.com\/v2\/%77%70%2d%63%6f%6e%74%65%6e%74\/uploads\/2021\/06\/emergencia-bordet.jpeg?fit=708%2C472&amp;ssl=1\" data-recalc-dims=\"1\" data-lazy-loaded=\"1\" \/><\/figure>\n<h4><strong>Decisiones de fondo<\/strong><\/h4>\n<p>Sin embargo, \u201cesta ley que comenz\u00f3 a regir no fue solamente la \u00fanica medida que aplicamos\u201d, resalt\u00f3 y cont\u00f3 que \u201cla necesit\u00e1bamos para poder realizar tambi\u00e9n decisiones de fondo que le den previsibilidad a la provincia\u201d. \u201cFue la tarea que nos ocup\u00f3 durante todo este tiempo\u201d, enfatiz\u00f3.<\/p>\n<p>En esa l\u00ednea, \u201ctrabajamos fuertemente para reforzar el sistema sanitario y aplicamos recursos, sobre todo aquellos que derivaban de los fondos obtenidos por esta ley, a mejorar integralmente el sistema de salud\u201d, indic\u00f3.<\/p>\n<p>\u201cPero tambi\u00e9n, en paralelo, pudimos establecer renegociaciones de nuestra deuda realmente exitosas que nos permiten ahorrar en inter\u00e9s y capital, y sobre todo en plazos, lo cual descomprime una situaci\u00f3n no s\u00f3lo de esta gesti\u00f3n, sino tambi\u00e9n de las que me seguir\u00e1n\u201d, a\u00f1adi\u00f3 el mandatario provincial.<\/p>\n<p>Asimismo, Bordet puso de relieve que esos avances \u201csumando a otras medidas como el control del gasto p\u00fablico y evitar nombramientos innecesarios, ha hecho que despu\u00e9s de un a\u00f1o de aplicaci\u00f3n de esta ley, la provincia se encuentre ordenada y previsible, y financieramente muy s\u00f3lida\u201d.<\/p>\n<h4><strong>Interrogantes para el futuro<\/strong><\/h4>\n<p>\u201cAhora bien, tambi\u00e9n debo decir que la aplicaci\u00f3n de esta ley nos abre varios interrogantes para el futuro de nuestra provincia\u201d, anticip\u00f3 el mandatario y augur\u00f3 que \u201cser\u00e1n fruto de un debate que tenderemos en nuestra Legislatura provincial para poner condiciones de equidad, que esta ley justamente ha desnudado\u201d.<\/p>\n<p>\u201cMuchos entendemos que no es lo mismo que se aporte igual a la Caja de Jubilaciones quien gana m\u00e1s de 200.000 pesos, que quien gana el sueldo m\u00ednimo en Entre R\u00edos, que est\u00e1 en 40.000 pesos. No es equitativo ese aporte y estas cosas hay que corregirlas\u00bb, adelant\u00f3.<\/p>\n<p>Por otra parte, resalt\u00f3 que \u201che o\u00eddo hablar mucho de la intangibilidad de las remuneraciones los magistrados y de los empleados del Poder Judicial, haciendo alusi\u00f3n a un enganche con la Corte Suprema de Justicia. Sin embargo, los contribuyentes entrerrianos pagan sus impuestos de manera tangible, constante y sonante, que son quienes contribuyen a sostener el sistema de Justicia\u201d.<\/p>\n<p>\u201cTambi\u00e9n hay que decir que quienes perciben sueldos de sistemas nacionales, como de la Corte Suprema de Justicia, se jubilan por sistemas provinciales con el 82 por ciento m\u00f3vil cuando lo mismo no ocurre con el sistema nacional. \u00bfNo deber\u00eda haber quiz\u00e1s un fondo compensador que establezca estas diferencias y ponga equidad para que quien m\u00e1s gana aporte m\u00e1s y para que quien menos gana aporte menos?\u201d, se pregunt\u00f3 Bordet.<\/p>\n<p>\u201cCreo que estas son las cuestiones que tenemos que debatir tambi\u00e9n en el futuro y que nos ha dejado la pandemia, que nos ha dejado la ley de Emergencia, pero fundamentalmente que nos ha dejado una situaci\u00f3n de equilibrio y de equidad que tiene que existir en nuestra provincia de Entre R\u00edos\u201d, precis\u00f3.<\/p>\n<h4><strong>Agradecimiento<\/strong><\/h4>\n<p>Para finalizar, dirigi\u00f3 un agradecimiento a \u201clos entrerrianos y entrerrianas por la comprensi\u00f3n de un momento tan cr\u00edtico y tan dif\u00edcil\u201d. Admiti\u00f3 que en este contexto \u201chay que tomar decisiones permanentemente y muchas de estas decisiones no agradan\u201d, pero \u201cnuestro objetivo es poder superar esta pandemia con la menor tasa de letalidad posible\u201d.<\/p>\n<p>\u201cNuestro objetivo inmediato es poder vacunar a la mayor cantidad de entrerrianos y entrerrianas en el menor tiempo posible para lograr la inmunizaci\u00f3n y poder volver cuanto antes a la normalidad tan ansiada por todos y por todas\u201d, concluy\u00f3 Bordet.<\/p>\n<h4><strong>Efectos de la Ley<\/strong><\/h4>\n<p>La aplicaci\u00f3n de la Ley de Emergencia Solidaria permiti\u00f3 contar con 2.000 millones de pesos adicionales que fueron volcados al sistema de salud, a pol\u00edticas sociales, de seguridad y al sistema previsional en el marco de la pandemia.<\/p>\n<p>Sin embargo, dadas las pol\u00edticas de austeridad y la mejora en la calidad del gasto p\u00fablico, la provincia pudo incrementar la inversi\u00f3n total en lo que va de la emergencia sanitaria en casi 4.000 millones.<\/p>\n<p>En v\u00edsperas de la finalizaci\u00f3n del plazo establecido en la Ley provincial N\u00ba 10.806, que se concretar\u00e1 el 30 de junio, el mandatario provincial decidi\u00f3 no hacer uso de la facultad de prorrogar sus efectos por 180 d\u00edas. De esta manera, los aportes personales de los trabajadores activos y pasivos de la administraci\u00f3n p\u00fablica de mayores ingresos volver\u00e1n a los porcentajes fijados por las leyes precedentes.<\/p>\n","protected":false},"excerpt":{"rendered":"<p>El gobernador tambi\u00e9n propuso debatir inequidades en los aportes al sistema previsional de la provincia.<\/p>\n","protected":false},"author":2,"featured_media":61246,"comment_status":"open","ping_status":"open","sticky":false,"template":"","format":"standard","meta":{"fifu_image_url":"","fifu_image_alt":"","footnotes":""},"categories":[16],"tags":[167],"class_list":{"0":"post-61245","1":"post","2":"type-post","3":"status-publish","4":"format-standard","5":"has-post-thumbnail","7":"category-politi","8":"tag-gustavo-bordet"},"yoast_head":"<title>Bordet no prorrogar\u00e1 la Ley de Emergencia Solidaria - Informe Litoral<\/title>\n<meta name=\"robots\" content=\"index, follow, max-snippet:-1, max-image-preview:large, max-video-preview:-1\" \/>\n<link rel=\"canonical\" href=\"https:\/\/informelitoral.com.ar\/bordet-no-prorrogara-la-ley-de-emergencia-solidaria\/\" \/>\n<meta property=\"og:locale\" content=\"es_ES\" \/>\n<meta property=\"og:type\" content=\"article\" \/>\n<meta property=\"og:title\" content=\"Bordet no prorrogar\u00e1 la Ley de Emergencia Solidaria - Informe Litoral\" \/>\n<meta property=\"og:description\" content=\"El gobernador tambi\u00e9n propuso debatir inequidades en los aportes al sistema previsional de la provincia.\" \/>\n<meta property=\"og:url\" content=\"https:\/\/informelitoral.com.ar\/bordet-no-prorrogara-la-ley-de-emergencia-solidaria\/\" \/>\n<meta property=\"og:site_name\" content=\"Informe Litoral\" \/>\n<meta property=\"article:publisher\" content=\"https:\/\/www.facebook.com\/informelitoral\/\" \/>\n<meta property=\"article:published_time\" content=\"2021-06-16T20:38:50+00:00\" \/>\n<meta property=\"article:modified_time\" content=\"2021-06-16T20:39:22+00:00\" \/>\n<meta property=\"og:image\" content=\"https:\/\/informelitoral.com.ar\/%77%70%2d%63%6f%6e%74%65%6e%74\/uploads\/2021\/06\/bordet-emergencia.jpeg\" \/>\n\t<meta property=\"og:image:width\" content=\"780\" \/>\n\t<meta property=\"og:image:height\" content=\"470\" \/>\n\t<meta property=\"og:image:type\" content=\"image\/jpeg\" \/>\n<meta name=\"author\" content=\"Gonzalo Schmidt\" \/>\n<meta name=\"twitter:card\" content=\"summary_large_image\" \/>\n<meta name=\"twitter:creator\" content=\"@InformeLitoral\" \/>\n<meta name=\"twitter:site\" content=\"@InformeLitoral\" \/>\n<meta name=\"twitter:label1\" content=\"Escrito por\" \/>\n\t<meta name=\"twitter:data1\" content=\"Gonzalo Schmidt\" \/>\n\t<meta name=\"twitter:label2\" content=\"Tiempo de lectura\" \/>\n\t<meta name=\"twitter:data2\" content=\"5 minutos\" \/>\n<script type=\"application\/ld+json\" class=\"yoast-schema-graph\">{\"@context\":\"https:\\\/\\\/schema.org\",\"@graph\":[{\"@type\":\"Article\",\"@id\":\"https:\\\/\\\/informelitoral.com.ar\\\/bordet-no-prorrogara-la-ley-de-emergencia-solidaria\\\/#article\",\"isPartOf\":{\"@id\":\"https:\\\/\\\/informelitoral.com.ar\\\/bordet-no-prorrogara-la-ley-de-emergencia-solidaria\\\/\"},\"author\":{\"name\":\"Gonzalo Schmidt\",\"@id\":\"https:\\\/\\\/informelitoral.com.ar\\\/#\\\/schema\\\/person\\\/b9d00407c836482871ef1d57bf8e3180\"},\"headline\":\"Bordet no prorrogar\u00e1 la Ley de Emergencia Solidaria\",\"datePublished\":\"2021-06-16T20:38:50+00:00\",\"dateModified\":\"2021-06-16T20:39:22+00:00\",\"mainEntityOfPage\":{\"@id\":\"https:\\\/\\\/informelitoral.com.ar\\\/bordet-no-prorrogara-la-ley-de-emergencia-solidaria\\\/\"},\"wordCount\":1090,\"commentCount\":0,\"publisher\":{\"@id\":\"https:\\\/\\\/informelitoral.com.ar\\\/#organization\"},\"image\":{\"@id\":\"https:\\\/\\\/informelitoral.com.ar\\\/bordet-no-prorrogara-la-ley-de-emergencia-solidaria\\\/#primaryimage\"},\"thumbnailUrl\":\"https:\\\/\\\/informelitoral.com.ar\\\/%77%70%2d%63%6f%6e%74%65%6e%74\\\/uploads\\\/2021\\\/06\\\/bordet-emergencia.jpeg\",\"keywords\":[\"Gustavo Bordet\"],\"articleSection\":[\"Politica\"],\"inLanguage\":\"es\",\"potentialAction\":[{\"@type\":\"CommentAction\",\"name\":\"Comment\",\"target\":[\"https:\\\/\\\/informelitoral.com.ar\\\/bordet-no-prorrogara-la-ley-de-emergencia-solidaria\\\/#respond\"]}]},{\"@type\":\"WebPage\",\"@id\":\"https:\\\/\\\/informelitoral.com.ar\\\/bordet-no-prorrogara-la-ley-de-emergencia-solidaria\\\/\",\"url\":\"https:\\\/\\\/informelitoral.com.ar\\\/bordet-no-prorrogara-la-ley-de-emergencia-solidaria\\\/\",\"name\":\"Bordet no prorrogar\u00e1 la Ley de Emergencia Solidaria - Informe Litoral\",\"isPartOf\":{\"@id\":\"https:\\\/\\\/informelitoral.com.ar\\\/#website\"},\"primaryImageOfPage\":{\"@id\":\"https:\\\/\\\/informelitoral.com.ar\\\/bordet-no-prorrogara-la-ley-de-emergencia-solidaria\\\/#primaryimage\"},\"image\":{\"@id\":\"https:\\\/\\\/informelitoral.com.ar\\\/bordet-no-prorrogara-la-ley-de-emergencia-solidaria\\\/#primaryimage\"},\"thumbnailUrl\":\"https:\\\/\\\/informelitoral.com.ar\\\/%77%70%2d%63%6f%6e%74%65%6e%74\\\/uploads\\\/2021\\\/06\\\/bordet-emergencia.jpeg\",\"datePublished\":\"2021-06-16T20:38:50+00:00\",\"dateModified\":\"2021-06-16T20:39:22+00:00\",\"breadcrumb\":{\"@id\":\"https:\\\/\\\/informelitoral.com.ar\\\/bordet-no-prorrogara-la-ley-de-emergencia-solidaria\\\/#breadcrumb\"},\"inLanguage\":\"es\",\"potentialAction\":[{\"@type\":\"ReadAction\",\"target\":[\"https:\\\/\\\/informelitoral.com.ar\\\/bordet-no-prorrogara-la-ley-de-emergencia-solidaria\\\/\"]}]},{\"@type\":\"ImageObject\",\"inLanguage\":\"es\",\"@id\":\"https:\\\/\\\/informelitoral.com.ar\\\/bordet-no-prorrogara-la-ley-de-emergencia-solidaria\\\/#primaryimage\",\"url\":\"https:\\\/\\\/informelitoral.com.ar\\\/%77%70%2d%63%6f%6e%74%65%6e%74\\\/uploads\\\/2021\\\/06\\\/bordet-emergencia.jpeg\",\"contentUrl\":\"https:\\\/\\\/informelitoral.com.ar\\\/%77%70%2d%63%6f%6e%74%65%6e%74\\\/uploads\\\/2021\\\/06\\\/bordet-emergencia.jpeg\",\"width\":780,\"height\":470},{\"@type\":\"BreadcrumbList\",\"@id\":\"https:\\\/\\\/informelitoral.com.ar\\\/bordet-no-prorrogara-la-ley-de-emergencia-solidaria\\\/#breadcrumb\",\"itemListElement\":[{\"@type\":\"ListItem\",\"position\":1,\"name\":\"Portada\",\"item\":\"https:\\\/\\\/informelitoral.com.ar\\\/\"},{\"@type\":\"ListItem\",\"position\":2,\"name\":\"Bordet no prorrogar\u00e1 la Ley de Emergencia Solidaria\"}]},{\"@type\":\"WebSite\",\"@id\":\"https:\\\/\\\/informelitoral.com.ar\\\/#website\",\"url\":\"https:\\\/\\\/informelitoral.com.ar\\\/\",\"name\":\"Informe Litoral\",\"description\":\"&quot;Nos informamos&quot; \",\"publisher\":{\"@id\":\"https:\\\/\\\/informelitoral.com.ar\\\/#organization\"},\"potentialAction\":[{\"@type\":\"SearchAction\",\"target\":{\"@type\":\"EntryPoint\",\"urlTemplate\":\"https:\\\/\\\/informelitoral.com.ar\\\/?s={search_term_string}\"},\"query-input\":{\"@type\":\"PropertyValueSpecification\",\"valueRequired\":true,\"valueName\":\"search_term_string\"}}],\"inLanguage\":\"es\"},{\"@type\":\"Organization\",\"@id\":\"https:\\\/\\\/informelitoral.com.ar\\\/#organization\",\"name\":\"Informe Litoral\",\"url\":\"https:\\\/\\\/informelitoral.com.ar\\\/\",\"logo\":{\"@type\":\"ImageObject\",\"inLanguage\":\"es\",\"@id\":\"https:\\\/\\\/informelitoral.com.ar\\\/#\\\/schema\\\/logo\\\/image\\\/\",\"url\":\"https:\\\/\\\/informelitoral.com.ar\\\/%77%70%2d%63%6f%6e%74%65%6e%74\\\/uploads\\\/2021\\\/01\\\/circulo.png\",\"contentUrl\":\"https:\\\/\\\/informelitoral.com.ar\\\/%77%70%2d%63%6f%6e%74%65%6e%74\\\/uploads\\\/2021\\\/01\\\/circulo.png\",\"width\":723,\"height\":731,\"caption\":\"Informe Litoral\"},\"image\":{\"@id\":\"https:\\\/\\\/informelitoral.com.ar\\\/#\\\/schema\\\/logo\\\/image\\\/\"},\"sameAs\":[\"https:\\\/\\\/www.facebook.com\\\/informelitoral\\\/\",\"https:\\\/\\\/x.com\\\/InformeLitoral\",\"https:\\\/\\\/www.instagram.com\\\/informelitoral\\\/\",\"https:\\\/\\\/www.youtube.com\\\/channel\\\/UCua4Qvz8Icb6MYqhoq9xLXw\"]},{\"@type\":\"Person\",\"@id\":\"https:\\\/\\\/informelitoral.com.ar\\\/#\\\/schema\\\/person\\\/b9d00407c836482871ef1d57bf8e3180\",\"name\":\"Gonzalo Schmidt\",\"image\":{\"@type\":\"ImageObject\",\"inLanguage\":\"es\",\"@id\":\"https:\\\/\\\/secure.gravatar.com\\\/avatar\\\/31a1a7b66ff2de83bd0e9fd79d026630d2d99e55e8bfe501287647b4fd9743de?s=96&d=mm&r=g\",\"url\":\"https:\\\/\\\/secure.gravatar.com\\\/avatar\\\/31a1a7b66ff2de83bd0e9fd79d026630d2d99e55e8bfe501287647b4fd9743de?s=96&d=mm&r=g\",\"contentUrl\":\"https:\\\/\\\/secure.gravatar.com\\\/avatar\\\/31a1a7b66ff2de83bd0e9fd79d026630d2d99e55e8bfe501287647b4fd9743de?s=96&d=mm&r=g\",\"caption\":\"Gonzalo Schmidt\"},\"description\":\"Sitio web de noticias de la provincia de Entre R\u00edos, Argentina. Informaci\u00f3n y entretenimiento. Informe Litoral, nos informamos.\",\"sameAs\":[\"http:\\\/\\\/www.isletasnoticias.com.ar\"],\"url\":\"https:\\\/\\\/informelitoral.com.ar\\\/author\\\/gonzalo\\\/\"}]}<\/script>","yoast_head_json":{"title":"Bordet no prorrogar\u00e1 la Ley de Emergencia Solidaria - Informe Litoral","robots":{"index":"index","follow":"follow","max-snippet":"max-snippet:-1","max-image-preview":"max-image-preview:large","max-video-preview":"max-video-preview:-1"},"canonical":"https:\/\/informelitoral.com.ar\/bordet-no-prorrogara-la-ley-de-emergencia-solidaria\/","og_locale":"es_ES","og_type":"article","og_title":"Bordet no prorrogar\u00e1 la Ley de Emergencia Solidaria - Informe Litoral","og_description":"El gobernador tambi\u00e9n propuso debatir inequidades en los aportes al sistema previsional de la provincia.","og_url":"https:\/\/informelitoral.com.ar\/bordet-no-prorrogara-la-ley-de-emergencia-solidaria\/","og_site_name":"Informe Litoral","article_publisher":"https:\/\/www.facebook.com\/informelitoral\/","article_published_time":"2021-06-16T20:38:50+00:00","article_modified_time":"2021-06-16T20:39:22+00:00","og_image":[{"width":780,"height":470,"url":"https:\/\/informelitoral.com.ar\/%77%70%2d%63%6f%6e%74%65%6e%74\/uploads\/2021\/06\/bordet-emergencia.jpeg","type":"image\/jpeg"}],"author":"Gonzalo Schmidt","twitter_card":"summary_large_image","twitter_creator":"@InformeLitoral","twitter_site":"@InformeLitoral","twitter_misc":{"Escrito por":"Gonzalo Schmidt","Tiempo de lectura":"5 minutos"},"schema":{"@context":"https:\/\/schema.org","@graph":[{"@type":"Article","@id":"https:\/\/informelitoral.com.ar\/bordet-no-prorrogara-la-ley-de-emergencia-solidaria\/#article","isPartOf":{"@id":"https:\/\/informelitoral.com.ar\/bordet-no-prorrogara-la-ley-de-emergencia-solidaria\/"},"author":{"name":"Gonzalo Schmidt","@id":"https:\/\/informelitoral.com.ar\/#\/schema\/person\/b9d00407c836482871ef1d57bf8e3180"},"headline":"Bordet no prorrogar\u00e1 la Ley de Emergencia Solidaria","datePublished":"2021-06-16T20:38:50+00:00","dateModified":"2021-06-16T20:39:22+00:00","mainEntityOfPage":{"@id":"https:\/\/informelitoral.com.ar\/bordet-no-prorrogara-la-ley-de-emergencia-solidaria\/"},"wordCount":1090,"commentCount":0,"publisher":{"@id":"https:\/\/informelitoral.com.ar\/#organization"},"image":{"@id":"https:\/\/informelitoral.com.ar\/bordet-no-prorrogara-la-ley-de-emergencia-solidaria\/#primaryimage"},"thumbnailUrl":"https:\/\/informelitoral.com.ar\/%77%70%2d%63%6f%6e%74%65%6e%74\/uploads\/2021\/06\/bordet-emergencia.jpeg","keywords":["Gustavo Bordet"],"articleSection":["Politica"],"inLanguage":"es","potentialAction":[{"@type":"CommentAction","name":"Comment","target":["https:\/\/informelitoral.com.ar\/bordet-no-prorrogara-la-ley-de-emergencia-solidaria\/#respond"]}]},{"@type":"WebPage","@id":"https:\/\/informelitoral.com.ar\/bordet-no-prorrogara-la-ley-de-emergencia-solidaria\/","url":"https:\/\/informelitoral.com.ar\/bordet-no-prorrogara-la-ley-de-emergencia-solidaria\/","name":"Bordet no prorrogar\u00e1 la Ley de Emergencia Solidaria - Informe Litoral","isPartOf":{"@id":"https:\/\/informelitoral.com.ar\/#website"},"primaryImageOfPage":{"@id":"https:\/\/informelitoral.com.ar\/bordet-no-prorrogara-la-ley-de-emergencia-solidaria\/#primaryimage"},"image":{"@id":"https:\/\/informelitoral.com.ar\/bordet-no-prorrogara-la-ley-de-emergencia-solidaria\/#primaryimage"},"thumbnailUrl":"https:\/\/informelitoral.com.ar\/%77%70%2d%63%6f%6e%74%65%6e%74\/uploads\/2021\/06\/bordet-emergencia.jpeg","datePublished":"2021-06-16T20:38:50+00:00","dateModified":"2021-06-16T20:39:22+00:00","breadcrumb":{"@id":"https:\/\/informelitoral.com.ar\/bordet-no-prorrogara-la-ley-de-emergencia-solidaria\/#breadcrumb"},"inLanguage":"es","potentialAction":[{"@type":"ReadAction","target":["https:\/\/informelitoral.com.ar\/bordet-no-prorrogara-la-ley-de-emergencia-solidaria\/"]}]},{"@type":"ImageObject","inLanguage":"es","@id":"https:\/\/informelitoral.com.ar\/bordet-no-prorrogara-la-ley-de-emergencia-solidaria\/#primaryimage","url":"https:\/\/informelitoral.com.ar\/%77%70%2d%63%6f%6e%74%65%6e%74\/uploads\/2021\/06\/bordet-emergencia.jpeg","contentUrl":"https:\/\/informelitoral.com.ar\/%77%70%2d%63%6f%6e%74%65%6e%74\/uploads\/2021\/06\/bordet-emergencia.jpeg","width":780,"height":470},{"@type":"BreadcrumbList","@id":"https:\/\/informelitoral.com.ar\/bordet-no-prorrogara-la-ley-de-emergencia-solidaria\/#breadcrumb","itemListElement":[{"@type":"ListItem","position":1,"name":"Portada","item":"https:\/\/informelitoral.com.ar\/"},{"@type":"ListItem","position":2,"name":"Bordet no prorrogar\u00e1 la Ley de Emergencia Solidaria"}]},{"@type":"WebSite","@id":"https:\/\/informelitoral.com.ar\/#website","url":"https:\/\/informelitoral.com.ar\/","name":"Informe Litoral","description":"&quot;Nos informamos&quot; ","publisher":{"@id":"https:\/\/informelitoral.com.ar\/#organization"},"potentialAction":[{"@type":"SearchAction","target":{"@type":"EntryPoint","urlTemplate":"https:\/\/informelitoral.com.ar\/?s={search_term_string}"},"query-input":{"@type":"PropertyValueSpecification","valueRequired":true,"valueName":"search_term_string"}}],"inLanguage":"es"},{"@type":"Organization","@id":"https:\/\/informelitoral.com.ar\/#organization","name":"Informe Litoral","url":"https:\/\/informelitoral.com.ar\/","logo":{"@type":"ImageObject","inLanguage":"es","@id":"https:\/\/informelitoral.com.ar\/#\/schema\/logo\/image\/","url":"https:\/\/informelitoral.com.ar\/%77%70%2d%63%6f%6e%74%65%6e%74\/uploads\/2021\/01\/circulo.png","contentUrl":"https:\/\/informelitoral.com.ar\/%77%70%2d%63%6f%6e%74%65%6e%74\/uploads\/2021\/01\/circulo.png","width":723,"height":731,"caption":"Informe Litoral"},"image":{"@id":"https:\/\/informelitoral.com.ar\/#\/schema\/logo\/image\/"},"sameAs":["https:\/\/www.facebook.com\/informelitoral\/","https:\/\/x.com\/InformeLitoral","https:\/\/www.instagram.com\/informelitoral\/","https:\/\/www.youtube.com\/channel\/UCua4Qvz8Icb6MYqhoq9xLXw"]},{"@type":"Person","@id":"https:\/\/informelitoral.com.ar\/#\/schema\/person\/b9d00407c836482871ef1d57bf8e3180","name":"Gonzalo Schmidt","image":{"@type":"ImageObject","inLanguage":"es","@id":"https:\/\/secure.gravatar.com\/avatar\/31a1a7b66ff2de83bd0e9fd79d026630d2d99e55e8bfe501287647b4fd9743de?s=96&d=mm&r=g","url":"https:\/\/secure.gravatar.com\/avatar\/31a1a7b66ff2de83bd0e9fd79d026630d2d99e55e8bfe501287647b4fd9743de?s=96&d=mm&r=g","contentUrl":"https:\/\/secure.gravatar.com\/avatar\/31a1a7b66ff2de83bd0e9fd79d026630d2d99e55e8bfe501287647b4fd9743de?s=96&d=mm&r=g","caption":"Gonzalo Schmidt"},"description":"Sitio web de noticias de la provincia de Entre R\u00edos, Argentina. Informaci\u00f3n y entretenimiento. Informe Litoral, nos informamos.","sameAs":["http:\/\/www.isletasnoticias.com.ar"],"url":"https:\/\/informelitoral.com.ar\/author\/gonzalo\/"}]}},"_links":{"self":[{"href":"https:\/\/informelitoral.com.ar\/%77%70%2d%6a%73%6f%6e\/wp\/v2\/posts\/61245","targetHints":{"allow":["GET"]}}],"collection":[{"href":"https:\/\/informelitoral.com.ar\/%77%70%2d%6a%73%6f%6e\/wp\/v2\/posts"}],"about":[{"href":"https:\/\/informelitoral.com.ar\/%77%70%2d%6a%73%6f%6e\/wp\/v2\/types\/post"}],"author":[{"embeddable":true,"href":"https:\/\/informelitoral.com.ar\/%77%70%2d%6a%73%6f%6e\/wp\/v2\/users\/2"}],"replies":[{"embeddable":true,"href":"https:\/\/informelitoral.com.ar\/%77%70%2d%6a%73%6f%6e\/wp\/v2\/comments?post=61245"}],"version-history":[{"count":0,"href":"https:\/\/informelitoral.com.ar\/%77%70%2d%6a%73%6f%6e\/wp\/v2\/posts\/61245\/revisions"}],"wp:featuredmedia":[{"embeddable":true,"href":"https:\/\/informelitoral.com.ar\/%77%70%2d%6a%73%6f%6e\/wp\/v2\/media\/61246"}],"wp:attachment":[{"href":"https:\/\/informelitoral.com.ar\/%77%70%2d%6a%73%6f%6e\/wp\/v2\/media?parent=61245"}],"wp:term":[{"taxonomy":"category","embeddable":true,"href":"https:\/\/informelitoral.com.ar\/%77%70%2d%6a%73%6f%6e\/wp\/v2\/categories?post=61245"},{"taxonomy":"post_tag","embeddable":true,"href":"https:\/\/informelitoral.com.ar\/%77%70%2d%6a%73%6f%6e\/wp\/v2\/tags?post=61245"}],"curies":[{"name":"wp","href":"https:\/\/api.w.org\/{rel}","templated":true}]}}