{"id":61177,"date":"2021-06-15T15:21:23","date_gmt":"2021-06-15T18:21:23","guid":{"rendered":"https:\/\/www.informelitoral.com.ar\/?p=61177"},"modified":"2021-06-15T15:21:23","modified_gmt":"2021-06-15T18:21:23","slug":"capacitaran-a-guias-y-promotores-turisticos-de-la-microrregion-del-pre-delta","status":"publish","type":"post","link":"https:\/\/informelitoral.com.ar\/capacitaran-a-guias-y-promotores-turisticos-de-la-microrregion-del-pre-delta\/","title":{"rendered":"Capacitar\u00e1n a gu\u00edas y promotores tur\u00edsticos de la microrregi\u00f3n del Pre Delta"},"content":{"rendered":"<p>Desde la Municipalidad de Diamante, a trav\u00e9s de la Secretaria de Turismo y Cultura, hacen extensiva la invitaci\u00f3n, para quienes est\u00e9n interesados en realizar dicha capacitaci\u00f3n. Adem\u00e1s, se otorgar\u00e1n diez vacantes para ciudadanos de Diamante\/Strobel, que consideren oportuno y provechoso, seg\u00fan lo informado por la Administraci\u00f3n del Pre Delta.<\/p>\n<p>Guardaparques y T\u00e9cnicos especializados para cada m\u00f3dulo, se encargar\u00e1n de brindar los conocimientos necesarios, ya que a trav\u00e9s de este curso se pretende que los participantes puedan adquirir conceptos generales, sobre las \u00e1reas protegidas nacionales y provinciales, como as\u00ed tambi\u00e9n incorporen t\u00e9cnicas de guiado interpretativo, las cuales pueden ser muy \u00fatiles para replicar en sitios de inter\u00e9s eco-tur\u00edsticos de la microrregi\u00f3n o de una futura habilitaci\u00f3n formal, para operar dentro de los Parques Nacionales.<\/p>\n<p>Cabe destacar que se busca nivelar conocimientos sobre esta \u00e1rea protegida y este ambiente, pero no certifica ni habilita a Gu\u00edas de Turismo o participantes del mismo, a ser Gu\u00edas Habilitados por Parques Nacionales, para poder prestar servicios en \u00e9l.<\/p>\n<p><strong>Requisitos<\/strong><\/p>\n<ul>\n<li>Fecha: 26, 27 de junio y 3 de julio<\/li>\n<li>Lugar y horarios:<br \/>\n26 y 27 de junio: De 8 a 12:30 horas en el Sal\u00f3n del Campo Mart\u00edn Fierro.<br \/>\n3 de julio: De 8 a 15 horas, en el Parque Nacional Pre Delta.<\/li>\n<li>Confirmar la participaci\u00f3n antes del 25 de junio a la direcci\u00f3n de mail: <a id=\"LPlnk856859\" href=\"mailto:mlsilva@apn.gob.ar\" target=\"_blank\" rel=\"noopener noreferrer\" data-auth=\"NotApplicable\" data-linkindex=\"0\">mlsilva@apn.gob.ar<\/a>\u00a0y adjuntar datos personales de cada participante:<br \/>\nNombre y Apellido<br \/>\nDNI<br \/>\nActividad a la que se dedica<br \/>\nLocalidad<\/li>\n<\/ul>\n","protected":false},"excerpt":{"rendered":"<p>Los pr\u00f3ximos 26, 27 de junio y 3 de julio se llevar\u00e1 adelante el curso para Gu\u00edas y Promotores Tur\u00edsticos de la Microrregi\u00f3n del Pre Delta. Ser\u00e1 en el sal\u00f3n del Campo Mart\u00edn Fierro y la pr\u00e1ctica a campo, est\u00e1 prevista para la \u00faltima jornada en el Parque Nacional. \u00a0<\/p>\n","protected":false},"author":2,"featured_media":61178,"comment_status":"open","ping_status":"open","sticky":false,"template":"","format":"standard","meta":{"fifu_image_url":"","fifu_image_alt":"","footnotes":""},"categories":[5],"tags":[34],"class_list":{"0":"post-61177","1":"post","2":"type-post","3":"status-publish","4":"format-standard","5":"has-post-thumbnail","7":"category-zonales","8":"tag-diamante"},"yoast_head":"<title>Capacitar\u00e1n a gu\u00edas y promotores tur\u00edsticos de la microrregi\u00f3n del Pre Delta - Informe Litoral<\/title>\n<meta name=\"robots\" content=\"index, follow, max-snippet:-1, max-image-preview:large, max-video-preview:-1\" \/>\n<link rel=\"canonical\" href=\"https:\/\/informelitoral.com.ar\/capacitaran-a-guias-y-promotores-turisticos-de-la-microrregion-del-pre-delta\/\" \/>\n<meta property=\"og:locale\" content=\"es_ES\" \/>\n<meta property=\"og:type\" content=\"article\" \/>\n<meta property=\"og:title\" content=\"Capacitar\u00e1n a gu\u00edas y promotores tur\u00edsticos de la microrregi\u00f3n del Pre Delta - Informe Litoral\" \/>\n<meta property=\"og:description\" content=\"Los pr\u00f3ximos 26, 27 de junio y 3 de julio se llevar\u00e1 adelante el curso para Gu\u00edas y Promotores Tur\u00edsticos de la Microrregi\u00f3n del Pre Delta. Ser\u00e1 en el sal\u00f3n del Campo Mart\u00edn Fierro y la pr\u00e1ctica a campo, est\u00e1 prevista para la \u00faltima jornada en el Parque Nacional. \u00a0\" \/>\n<meta property=\"og:url\" content=\"https:\/\/informelitoral.com.ar\/capacitaran-a-guias-y-promotores-turisticos-de-la-microrregion-del-pre-delta\/\" \/>\n<meta property=\"og:site_name\" content=\"Informe Litoral\" \/>\n<meta property=\"article:publisher\" content=\"https:\/\/www.facebook.com\/informelitoral\/\" \/>\n<meta property=\"article:published_time\" content=\"2021-06-15T18:21:23+00:00\" \/>\n<meta property=\"og:image\" content=\"https:\/\/informelitoral.com.ar\/%77%70%2d%63%6f%6e%74%65%6e%74\/uploads\/2021\/06\/000-3.jpg\" \/>\n\t<meta property=\"og:image:width\" content=\"843\" \/>\n\t<meta property=\"og:image:height\" content=\"843\" \/>\n\t<meta property=\"og:image:type\" content=\"image\/jpeg\" \/>\n<meta name=\"author\" content=\"Gonzalo Schmidt\" \/>\n<meta name=\"twitter:card\" content=\"summary_large_image\" \/>\n<meta name=\"twitter:creator\" content=\"@InformeLitoral\" \/>\n<meta name=\"twitter:site\" content=\"@InformeLitoral\" \/>\n<meta name=\"twitter:label1\" content=\"Escrito por\" \/>\n\t<meta name=\"twitter:data1\" content=\"Gonzalo Schmidt\" \/>\n\t<meta name=\"twitter:label2\" content=\"Tiempo de lectura\" \/>\n\t<meta name=\"twitter:data2\" content=\"1 minuto\" \/>\n<script type=\"application\/ld+json\" class=\"yoast-schema-graph\">{\"@context\":\"https:\\\/\\\/schema.org\",\"@graph\":[{\"@type\":\"Article\",\"@id\":\"https:\\\/\\\/informelitoral.com.ar\\\/capacitaran-a-guias-y-promotores-turisticos-de-la-microrregion-del-pre-delta\\\/#article\",\"isPartOf\":{\"@id\":\"https:\\\/\\\/informelitoral.com.ar\\\/capacitaran-a-guias-y-promotores-turisticos-de-la-microrregion-del-pre-delta\\\/\"},\"author\":{\"name\":\"Gonzalo Schmidt\",\"@id\":\"https:\\\/\\\/informelitoral.com.ar\\\/#\\\/schema\\\/person\\\/b9d00407c836482871ef1d57bf8e3180\"},\"headline\":\"Capacitar\u00e1n a gu\u00edas y promotores tur\u00edsticos de la microrregi\u00f3n del Pre Delta\",\"datePublished\":\"2021-06-15T18:21:23+00:00\",\"mainEntityOfPage\":{\"@id\":\"https:\\\/\\\/informelitoral.com.ar\\\/capacitaran-a-guias-y-promotores-turisticos-de-la-microrregion-del-pre-delta\\\/\"},\"wordCount\":272,\"commentCount\":0,\"publisher\":{\"@id\":\"https:\\\/\\\/informelitoral.com.ar\\\/#organization\"},\"image\":{\"@id\":\"https:\\\/\\\/informelitoral.com.ar\\\/capacitaran-a-guias-y-promotores-turisticos-de-la-microrregion-del-pre-delta\\\/#primaryimage\"},\"thumbnailUrl\":\"https:\\\/\\\/informelitoral.com.ar\\\/%77%70%2d%63%6f%6e%74%65%6e%74\\\/uploads\\\/2021\\\/06\\\/000-3.jpg\",\"keywords\":[\"Diamante\"],\"articleSection\":[\"Departamento Diamante\"],\"inLanguage\":\"es\",\"potentialAction\":[{\"@type\":\"CommentAction\",\"name\":\"Comment\",\"target\":[\"https:\\\/\\\/informelitoral.com.ar\\\/capacitaran-a-guias-y-promotores-turisticos-de-la-microrregion-del-pre-delta\\\/#respond\"]}]},{\"@type\":\"WebPage\",\"@id\":\"https:\\\/\\\/informelitoral.com.ar\\\/capacitaran-a-guias-y-promotores-turisticos-de-la-microrregion-del-pre-delta\\\/\",\"url\":\"https:\\\/\\\/informelitoral.com.ar\\\/capacitaran-a-guias-y-promotores-turisticos-de-la-microrregion-del-pre-delta\\\/\",\"name\":\"Capacitar\u00e1n a gu\u00edas y promotores tur\u00edsticos de la microrregi\u00f3n del Pre Delta - Informe Litoral\",\"isPartOf\":{\"@id\":\"https:\\\/\\\/informelitoral.com.ar\\\/#website\"},\"primaryImageOfPage\":{\"@id\":\"https:\\\/\\\/informelitoral.com.ar\\\/capacitaran-a-guias-y-promotores-turisticos-de-la-microrregion-del-pre-delta\\\/#primaryimage\"},\"image\":{\"@id\":\"https:\\\/\\\/informelitoral.com.ar\\\/capacitaran-a-guias-y-promotores-turisticos-de-la-microrregion-del-pre-delta\\\/#primaryimage\"},\"thumbnailUrl\":\"https:\\\/\\\/informelitoral.com.ar\\\/%77%70%2d%63%6f%6e%74%65%6e%74\\\/uploads\\\/2021\\\/06\\\/000-3.jpg\",\"datePublished\":\"2021-06-15T18:21:23+00:00\",\"breadcrumb\":{\"@id\":\"https:\\\/\\\/informelitoral.com.ar\\\/capacitaran-a-guias-y-promotores-turisticos-de-la-microrregion-del-pre-delta\\\/#breadcrumb\"},\"inLanguage\":\"es\",\"potentialAction\":[{\"@type\":\"ReadAction\",\"target\":[\"https:\\\/\\\/informelitoral.com.ar\\\/capacitaran-a-guias-y-promotores-turisticos-de-la-microrregion-del-pre-delta\\\/\"]}]},{\"@type\":\"ImageObject\",\"inLanguage\":\"es\",\"@id\":\"https:\\\/\\\/informelitoral.com.ar\\\/capacitaran-a-guias-y-promotores-turisticos-de-la-microrregion-del-pre-delta\\\/#primaryimage\",\"url\":\"https:\\\/\\\/informelitoral.com.ar\\\/%77%70%2d%63%6f%6e%74%65%6e%74\\\/uploads\\\/2021\\\/06\\\/000-3.jpg\",\"contentUrl\":\"https:\\\/\\\/informelitoral.com.ar\\\/%77%70%2d%63%6f%6e%74%65%6e%74\\\/uploads\\\/2021\\\/06\\\/000-3.jpg\",\"width\":843,\"height\":843},{\"@type\":\"BreadcrumbList\",\"@id\":\"https:\\\/\\\/informelitoral.com.ar\\\/capacitaran-a-guias-y-promotores-turisticos-de-la-microrregion-del-pre-delta\\\/#breadcrumb\",\"itemListElement\":[{\"@type\":\"ListItem\",\"position\":1,\"name\":\"Portada\",\"item\":\"https:\\\/\\\/informelitoral.com.ar\\\/\"},{\"@type\":\"ListItem\",\"position\":2,\"name\":\"Capacitar\u00e1n a gu\u00edas y promotores tur\u00edsticos de la microrregi\u00f3n del Pre Delta\"}]},{\"@type\":\"WebSite\",\"@id\":\"https:\\\/\\\/informelitoral.com.ar\\\/#website\",\"url\":\"https:\\\/\\\/informelitoral.com.ar\\\/\",\"name\":\"Informe Litoral\",\"description\":\"&quot;Nos informamos&quot; \",\"publisher\":{\"@id\":\"https:\\\/\\\/informelitoral.com.ar\\\/#organization\"},\"potentialAction\":[{\"@type\":\"SearchAction\",\"target\":{\"@type\":\"EntryPoint\",\"urlTemplate\":\"https:\\\/\\\/informelitoral.com.ar\\\/?s={search_term_string}\"},\"query-input\":{\"@type\":\"PropertyValueSpecification\",\"valueRequired\":true,\"valueName\":\"search_term_string\"}}],\"inLanguage\":\"es\"},{\"@type\":\"Organization\",\"@id\":\"https:\\\/\\\/informelitoral.com.ar\\\/#organization\",\"name\":\"Informe Litoral\",\"url\":\"https:\\\/\\\/informelitoral.com.ar\\\/\",\"logo\":{\"@type\":\"ImageObject\",\"inLanguage\":\"es\",\"@id\":\"https:\\\/\\\/informelitoral.com.ar\\\/#\\\/schema\\\/logo\\\/image\\\/\",\"url\":\"https:\\\/\\\/informelitoral.com.ar\\\/%77%70%2d%63%6f%6e%74%65%6e%74\\\/uploads\\\/2021\\\/01\\\/circulo.png\",\"contentUrl\":\"https:\\\/\\\/informelitoral.com.ar\\\/%77%70%2d%63%6f%6e%74%65%6e%74\\\/uploads\\\/2021\\\/01\\\/circulo.png\",\"width\":723,\"height\":731,\"caption\":\"Informe Litoral\"},\"image\":{\"@id\":\"https:\\\/\\\/informelitoral.com.ar\\\/#\\\/schema\\\/logo\\\/image\\\/\"},\"sameAs\":[\"https:\\\/\\\/www.facebook.com\\\/informelitoral\\\/\",\"https:\\\/\\\/x.com\\\/InformeLitoral\",\"https:\\\/\\\/www.instagram.com\\\/informelitoral\\\/\",\"https:\\\/\\\/www.youtube.com\\\/channel\\\/UCua4Qvz8Icb6MYqhoq9xLXw\"]},{\"@type\":\"Person\",\"@id\":\"https:\\\/\\\/informelitoral.com.ar\\\/#\\\/schema\\\/person\\\/b9d00407c836482871ef1d57bf8e3180\",\"name\":\"Gonzalo Schmidt\",\"image\":{\"@type\":\"ImageObject\",\"inLanguage\":\"es\",\"@id\":\"https:\\\/\\\/secure.gravatar.com\\\/avatar\\\/31a1a7b66ff2de83bd0e9fd79d026630d2d99e55e8bfe501287647b4fd9743de?s=96&d=mm&r=g\",\"url\":\"https:\\\/\\\/secure.gravatar.com\\\/avatar\\\/31a1a7b66ff2de83bd0e9fd79d026630d2d99e55e8bfe501287647b4fd9743de?s=96&d=mm&r=g\",\"contentUrl\":\"https:\\\/\\\/secure.gravatar.com\\\/avatar\\\/31a1a7b66ff2de83bd0e9fd79d026630d2d99e55e8bfe501287647b4fd9743de?s=96&d=mm&r=g\",\"caption\":\"Gonzalo Schmidt\"},\"description\":\"Sitio web de noticias de la provincia de Entre R\u00edos, Argentina. Informaci\u00f3n y entretenimiento. Informe Litoral, nos informamos.\",\"sameAs\":[\"http:\\\/\\\/www.isletasnoticias.com.ar\"],\"url\":\"https:\\\/\\\/informelitoral.com.ar\\\/author\\\/gonzalo\\\/\"}]}<\/script>","yoast_head_json":{"title":"Capacitar\u00e1n a gu\u00edas y promotores tur\u00edsticos de la microrregi\u00f3n del Pre Delta - Informe Litoral","robots":{"index":"index","follow":"follow","max-snippet":"max-snippet:-1","max-image-preview":"max-image-preview:large","max-video-preview":"max-video-preview:-1"},"canonical":"https:\/\/informelitoral.com.ar\/capacitaran-a-guias-y-promotores-turisticos-de-la-microrregion-del-pre-delta\/","og_locale":"es_ES","og_type":"article","og_title":"Capacitar\u00e1n a gu\u00edas y promotores tur\u00edsticos de la microrregi\u00f3n del Pre Delta - Informe Litoral","og_description":"Los pr\u00f3ximos 26, 27 de junio y 3 de julio se llevar\u00e1 adelante el curso para Gu\u00edas y Promotores Tur\u00edsticos de la Microrregi\u00f3n del Pre Delta. Ser\u00e1 en el sal\u00f3n del Campo Mart\u00edn Fierro y la pr\u00e1ctica a campo, est\u00e1 prevista para la \u00faltima jornada en el Parque Nacional. \u00a0","og_url":"https:\/\/informelitoral.com.ar\/capacitaran-a-guias-y-promotores-turisticos-de-la-microrregion-del-pre-delta\/","og_site_name":"Informe Litoral","article_publisher":"https:\/\/www.facebook.com\/informelitoral\/","article_published_time":"2021-06-15T18:21:23+00:00","og_image":[{"width":843,"height":843,"url":"https:\/\/informelitoral.com.ar\/%77%70%2d%63%6f%6e%74%65%6e%74\/uploads\/2021\/06\/000-3.jpg","type":"image\/jpeg"}],"author":"Gonzalo Schmidt","twitter_card":"summary_large_image","twitter_creator":"@InformeLitoral","twitter_site":"@InformeLitoral","twitter_misc":{"Escrito por":"Gonzalo Schmidt","Tiempo de lectura":"1 minuto"},"schema":{"@context":"https:\/\/schema.org","@graph":[{"@type":"Article","@id":"https:\/\/informelitoral.com.ar\/capacitaran-a-guias-y-promotores-turisticos-de-la-microrregion-del-pre-delta\/#article","isPartOf":{"@id":"https:\/\/informelitoral.com.ar\/capacitaran-a-guias-y-promotores-turisticos-de-la-microrregion-del-pre-delta\/"},"author":{"name":"Gonzalo Schmidt","@id":"https:\/\/informelitoral.com.ar\/#\/schema\/person\/b9d00407c836482871ef1d57bf8e3180"},"headline":"Capacitar\u00e1n a gu\u00edas y promotores tur\u00edsticos de la microrregi\u00f3n del Pre Delta","datePublished":"2021-06-15T18:21:23+00:00","mainEntityOfPage":{"@id":"https:\/\/informelitoral.com.ar\/capacitaran-a-guias-y-promotores-turisticos-de-la-microrregion-del-pre-delta\/"},"wordCount":272,"commentCount":0,"publisher":{"@id":"https:\/\/informelitoral.com.ar\/#organization"},"image":{"@id":"https:\/\/informelitoral.com.ar\/capacitaran-a-guias-y-promotores-turisticos-de-la-microrregion-del-pre-delta\/#primaryimage"},"thumbnailUrl":"https:\/\/informelitoral.com.ar\/%77%70%2d%63%6f%6e%74%65%6e%74\/uploads\/2021\/06\/000-3.jpg","keywords":["Diamante"],"articleSection":["Departamento Diamante"],"inLanguage":"es","potentialAction":[{"@type":"CommentAction","name":"Comment","target":["https:\/\/informelitoral.com.ar\/capacitaran-a-guias-y-promotores-turisticos-de-la-microrregion-del-pre-delta\/#respond"]}]},{"@type":"WebPage","@id":"https:\/\/informelitoral.com.ar\/capacitaran-a-guias-y-promotores-turisticos-de-la-microrregion-del-pre-delta\/","url":"https:\/\/informelitoral.com.ar\/capacitaran-a-guias-y-promotores-turisticos-de-la-microrregion-del-pre-delta\/","name":"Capacitar\u00e1n a gu\u00edas y promotores tur\u00edsticos de la microrregi\u00f3n del Pre Delta - Informe Litoral","isPartOf":{"@id":"https:\/\/informelitoral.com.ar\/#website"},"primaryImageOfPage":{"@id":"https:\/\/informelitoral.com.ar\/capacitaran-a-guias-y-promotores-turisticos-de-la-microrregion-del-pre-delta\/#primaryimage"},"image":{"@id":"https:\/\/informelitoral.com.ar\/capacitaran-a-guias-y-promotores-turisticos-de-la-microrregion-del-pre-delta\/#primaryimage"},"thumbnailUrl":"https:\/\/informelitoral.com.ar\/%77%70%2d%63%6f%6e%74%65%6e%74\/uploads\/2021\/06\/000-3.jpg","datePublished":"2021-06-15T18:21:23+00:00","breadcrumb":{"@id":"https:\/\/informelitoral.com.ar\/capacitaran-a-guias-y-promotores-turisticos-de-la-microrregion-del-pre-delta\/#breadcrumb"},"inLanguage":"es","potentialAction":[{"@type":"ReadAction","target":["https:\/\/informelitoral.com.ar\/capacitaran-a-guias-y-promotores-turisticos-de-la-microrregion-del-pre-delta\/"]}]},{"@type":"ImageObject","inLanguage":"es","@id":"https:\/\/informelitoral.com.ar\/capacitaran-a-guias-y-promotores-turisticos-de-la-microrregion-del-pre-delta\/#primaryimage","url":"https:\/\/informelitoral.com.ar\/%77%70%2d%63%6f%6e%74%65%6e%74\/uploads\/2021\/06\/000-3.jpg","contentUrl":"https:\/\/informelitoral.com.ar\/%77%70%2d%63%6f%6e%74%65%6e%74\/uploads\/2021\/06\/000-3.jpg","width":843,"height":843},{"@type":"BreadcrumbList","@id":"https:\/\/informelitoral.com.ar\/capacitaran-a-guias-y-promotores-turisticos-de-la-microrregion-del-pre-delta\/#breadcrumb","itemListElement":[{"@type":"ListItem","position":1,"name":"Portada","item":"https:\/\/informelitoral.com.ar\/"},{"@type":"ListItem","position":2,"name":"Capacitar\u00e1n a gu\u00edas y promotores tur\u00edsticos de la microrregi\u00f3n del Pre Delta"}]},{"@type":"WebSite","@id":"https:\/\/informelitoral.com.ar\/#website","url":"https:\/\/informelitoral.com.ar\/","name":"Informe Litoral","description":"&quot;Nos informamos&quot; ","publisher":{"@id":"https:\/\/informelitoral.com.ar\/#organization"},"potentialAction":[{"@type":"SearchAction","target":{"@type":"EntryPoint","urlTemplate":"https:\/\/informelitoral.com.ar\/?s={search_term_string}"},"query-input":{"@type":"PropertyValueSpecification","valueRequired":true,"valueName":"search_term_string"}}],"inLanguage":"es"},{"@type":"Organization","@id":"https:\/\/informelitoral.com.ar\/#organization","name":"Informe Litoral","url":"https:\/\/informelitoral.com.ar\/","logo":{"@type":"ImageObject","inLanguage":"es","@id":"https:\/\/informelitoral.com.ar\/#\/schema\/logo\/image\/","url":"https:\/\/informelitoral.com.ar\/%77%70%2d%63%6f%6e%74%65%6e%74\/uploads\/2021\/01\/circulo.png","contentUrl":"https:\/\/informelitoral.com.ar\/%77%70%2d%63%6f%6e%74%65%6e%74\/uploads\/2021\/01\/circulo.png","width":723,"height":731,"caption":"Informe Litoral"},"image":{"@id":"https:\/\/informelitoral.com.ar\/#\/schema\/logo\/image\/"},"sameAs":["https:\/\/www.facebook.com\/informelitoral\/","https:\/\/x.com\/InformeLitoral","https:\/\/www.instagram.com\/informelitoral\/","https:\/\/www.youtube.com\/channel\/UCua4Qvz8Icb6MYqhoq9xLXw"]},{"@type":"Person","@id":"https:\/\/informelitoral.com.ar\/#\/schema\/person\/b9d00407c836482871ef1d57bf8e3180","name":"Gonzalo Schmidt","image":{"@type":"ImageObject","inLanguage":"es","@id":"https:\/\/secure.gravatar.com\/avatar\/31a1a7b66ff2de83bd0e9fd79d026630d2d99e55e8bfe501287647b4fd9743de?s=96&d=mm&r=g","url":"https:\/\/secure.gravatar.com\/avatar\/31a1a7b66ff2de83bd0e9fd79d026630d2d99e55e8bfe501287647b4fd9743de?s=96&d=mm&r=g","contentUrl":"https:\/\/secure.gravatar.com\/avatar\/31a1a7b66ff2de83bd0e9fd79d026630d2d99e55e8bfe501287647b4fd9743de?s=96&d=mm&r=g","caption":"Gonzalo Schmidt"},"description":"Sitio web de noticias de la provincia de Entre R\u00edos, Argentina. Informaci\u00f3n y entretenimiento. Informe Litoral, nos informamos.","sameAs":["http:\/\/www.isletasnoticias.com.ar"],"url":"https:\/\/informelitoral.com.ar\/author\/gonzalo\/"}]}},"_links":{"self":[{"href":"https:\/\/informelitoral.com.ar\/%77%70%2d%6a%73%6f%6e\/wp\/v2\/posts\/61177","targetHints":{"allow":["GET"]}}],"collection":[{"href":"https:\/\/informelitoral.com.ar\/%77%70%2d%6a%73%6f%6e\/wp\/v2\/posts"}],"about":[{"href":"https:\/\/informelitoral.com.ar\/%77%70%2d%6a%73%6f%6e\/wp\/v2\/types\/post"}],"author":[{"embeddable":true,"href":"https:\/\/informelitoral.com.ar\/%77%70%2d%6a%73%6f%6e\/wp\/v2\/users\/2"}],"replies":[{"embeddable":true,"href":"https:\/\/informelitoral.com.ar\/%77%70%2d%6a%73%6f%6e\/wp\/v2\/comments?post=61177"}],"version-history":[{"count":0,"href":"https:\/\/informelitoral.com.ar\/%77%70%2d%6a%73%6f%6e\/wp\/v2\/posts\/61177\/revisions"}],"wp:featuredmedia":[{"embeddable":true,"href":"https:\/\/informelitoral.com.ar\/%77%70%2d%6a%73%6f%6e\/wp\/v2\/media\/61178"}],"wp:attachment":[{"href":"https:\/\/informelitoral.com.ar\/%77%70%2d%6a%73%6f%6e\/wp\/v2\/media?parent=61177"}],"wp:term":[{"taxonomy":"category","embeddable":true,"href":"https:\/\/informelitoral.com.ar\/%77%70%2d%6a%73%6f%6e\/wp\/v2\/categories?post=61177"},{"taxonomy":"post_tag","embeddable":true,"href":"https:\/\/informelitoral.com.ar\/%77%70%2d%6a%73%6f%6e\/wp\/v2\/tags?post=61177"}],"curies":[{"name":"wp","href":"https:\/\/api.w.org\/{rel}","templated":true}]}}