{"id":61171,"date":"2021-06-15T10:16:43","date_gmt":"2021-06-15T13:16:43","guid":{"rendered":"https:\/\/www.informelitoral.com.ar\/?p=61171"},"modified":"2021-06-15T10:16:43","modified_gmt":"2021-06-15T13:16:43","slug":"aranguren-descubrieron-que-fueron-dos-menores-quienes-danaron-la-imagen-de-san-pedro","status":"publish","type":"post","link":"https:\/\/informelitoral.com.ar\/aranguren-descubrieron-que-fueron-dos-menores-quienes-danaron-la-imagen-de-san-pedro\/","title":{"rendered":"Aranguren: descubrieron que fueron dos menores quienes da\u00f1aron la imagen de San Pedro"},"content":{"rendered":"<p>Personal de la Comisar\u00eda de Aranguren, realiz\u00f3 las investigaciones pertinentes para localizar a los v\u00e1ndalos que da\u00f1aron el monumento a San Pedro, patrono de la mencionada localidad del departamento Nogoy\u00e1.<\/p>\n<p>Los uniformados tomaron conocimiento de lo sucedido el pasado 6 de junio, donde constataron que la escultura del Santo Patrono ten\u00eda roturas en los dedos de una de sus manos.<\/p>\n<p>Tras la observaci\u00f3n y an\u00e1lisis de las c\u00e1maras de videovigilancia pertenecientes a vecinos, el viernes 11 de junio se pudo establecer que los autores de los da\u00f1os fueron dos menores, por lo que se puso en conocimiento a sus padres, as\u00ed tambi\u00e9n a la Fiscal\u00eda en Turno de Nogoy\u00e1 y dem\u00e1s autoridades del organismo de minoridad.<\/p>\n<p>Desde la dependencia policial se continuaron las diligencias de rigor, con directivas emanadas desde la magistratura actuante.\u00a0<em>(Fuente: Desde Crespo)<\/em><\/p>\n","protected":false},"excerpt":{"rendered":"<p>Fue luego de revisar c\u00e1maras de seguridad. El hecho sucedi\u00f3 el pasado 6 de junio y el viernes 11 la Polic\u00eda pudo establecer quienes fueron, comunic\u00e1rselo a sus padres y a la Fiscal\u00eda de turno.<\/p>\n","protected":false},"author":2,"featured_media":61172,"comment_status":"open","ping_status":"open","sticky":false,"template":"","format":"standard","meta":{"fifu_image_url":"","fifu_image_alt":"","footnotes":""},"categories":[14],"tags":[143],"class_list":{"0":"post-61171","1":"post","2":"type-post","3":"status-publish","4":"format-standard","5":"has-post-thumbnail","7":"category-policiales","8":"tag-aranguren"},"yoast_head":"<title>Aranguren: descubrieron que fueron dos menores quienes da\u00f1aron la imagen de San Pedro - Informe Litoral<\/title>\n<meta name=\"robots\" content=\"index, follow, max-snippet:-1, max-image-preview:large, max-video-preview:-1\" \/>\n<link rel=\"canonical\" href=\"https:\/\/informelitoral.com.ar\/aranguren-descubrieron-que-fueron-dos-menores-quienes-danaron-la-imagen-de-san-pedro\/\" \/>\n<meta property=\"og:locale\" content=\"es_ES\" \/>\n<meta property=\"og:type\" content=\"article\" \/>\n<meta property=\"og:title\" content=\"Aranguren: descubrieron que fueron dos menores quienes da\u00f1aron la imagen de San Pedro - Informe Litoral\" \/>\n<meta property=\"og:description\" content=\"Fue luego de revisar c\u00e1maras de seguridad. El hecho sucedi\u00f3 el pasado 6 de junio y el viernes 11 la Polic\u00eda pudo establecer quienes fueron, comunic\u00e1rselo a sus padres y a la Fiscal\u00eda de turno.\" \/>\n<meta property=\"og:url\" content=\"https:\/\/informelitoral.com.ar\/aranguren-descubrieron-que-fueron-dos-menores-quienes-danaron-la-imagen-de-san-pedro\/\" \/>\n<meta property=\"og:site_name\" content=\"Informe Litoral\" \/>\n<meta property=\"article:publisher\" content=\"https:\/\/www.facebook.com\/informelitoral\/\" \/>\n<meta property=\"article:published_time\" content=\"2021-06-15T13:16:43+00:00\" \/>\n<meta property=\"og:image\" content=\"https:\/\/informelitoral.com.ar\/%77%70%2d%63%6f%6e%74%65%6e%74\/uploads\/2021\/06\/ARANGUREN-475x560-1.jpg\" \/>\n\t<meta property=\"og:image:width\" content=\"475\" \/>\n\t<meta property=\"og:image:height\" content=\"560\" \/>\n\t<meta property=\"og:image:type\" content=\"image\/jpeg\" \/>\n<meta name=\"author\" content=\"Gonzalo Schmidt\" \/>\n<meta name=\"twitter:card\" content=\"summary_large_image\" \/>\n<meta name=\"twitter:creator\" content=\"@InformeLitoral\" \/>\n<meta name=\"twitter:site\" content=\"@InformeLitoral\" \/>\n<meta name=\"twitter:label1\" content=\"Escrito por\" \/>\n\t<meta name=\"twitter:data1\" content=\"Gonzalo Schmidt\" \/>\n\t<meta name=\"twitter:label2\" content=\"Tiempo de lectura\" \/>\n\t<meta name=\"twitter:data2\" content=\"1 minuto\" \/>\n<script type=\"application\/ld+json\" class=\"yoast-schema-graph\">{\"@context\":\"https:\\\/\\\/schema.org\",\"@graph\":[{\"@type\":\"Article\",\"@id\":\"https:\\\/\\\/informelitoral.com.ar\\\/aranguren-descubrieron-que-fueron-dos-menores-quienes-danaron-la-imagen-de-san-pedro\\\/#article\",\"isPartOf\":{\"@id\":\"https:\\\/\\\/informelitoral.com.ar\\\/aranguren-descubrieron-que-fueron-dos-menores-quienes-danaron-la-imagen-de-san-pedro\\\/\"},\"author\":{\"name\":\"Gonzalo Schmidt\",\"@id\":\"https:\\\/\\\/informelitoral.com.ar\\\/#\\\/schema\\\/person\\\/b9d00407c836482871ef1d57bf8e3180\"},\"headline\":\"Aranguren: descubrieron que fueron dos menores quienes da\u00f1aron la imagen de San Pedro\",\"datePublished\":\"2021-06-15T13:16:43+00:00\",\"mainEntityOfPage\":{\"@id\":\"https:\\\/\\\/informelitoral.com.ar\\\/aranguren-descubrieron-que-fueron-dos-menores-quienes-danaron-la-imagen-de-san-pedro\\\/\"},\"wordCount\":159,\"commentCount\":0,\"publisher\":{\"@id\":\"https:\\\/\\\/informelitoral.com.ar\\\/#organization\"},\"image\":{\"@id\":\"https:\\\/\\\/informelitoral.com.ar\\\/aranguren-descubrieron-que-fueron-dos-menores-quienes-danaron-la-imagen-de-san-pedro\\\/#primaryimage\"},\"thumbnailUrl\":\"https:\\\/\\\/informelitoral.com.ar\\\/%77%70%2d%63%6f%6e%74%65%6e%74\\\/uploads\\\/2021\\\/06\\\/ARANGUREN-475x560-1.jpg\",\"keywords\":[\"Aranguren\"],\"articleSection\":[\"Policiales\"],\"inLanguage\":\"es\",\"potentialAction\":[{\"@type\":\"CommentAction\",\"name\":\"Comment\",\"target\":[\"https:\\\/\\\/informelitoral.com.ar\\\/aranguren-descubrieron-que-fueron-dos-menores-quienes-danaron-la-imagen-de-san-pedro\\\/#respond\"]}]},{\"@type\":\"WebPage\",\"@id\":\"https:\\\/\\\/informelitoral.com.ar\\\/aranguren-descubrieron-que-fueron-dos-menores-quienes-danaron-la-imagen-de-san-pedro\\\/\",\"url\":\"https:\\\/\\\/informelitoral.com.ar\\\/aranguren-descubrieron-que-fueron-dos-menores-quienes-danaron-la-imagen-de-san-pedro\\\/\",\"name\":\"Aranguren: descubrieron que fueron dos menores quienes da\u00f1aron la imagen de San Pedro - Informe Litoral\",\"isPartOf\":{\"@id\":\"https:\\\/\\\/informelitoral.com.ar\\\/#website\"},\"primaryImageOfPage\":{\"@id\":\"https:\\\/\\\/informelitoral.com.ar\\\/aranguren-descubrieron-que-fueron-dos-menores-quienes-danaron-la-imagen-de-san-pedro\\\/#primaryimage\"},\"image\":{\"@id\":\"https:\\\/\\\/informelitoral.com.ar\\\/aranguren-descubrieron-que-fueron-dos-menores-quienes-danaron-la-imagen-de-san-pedro\\\/#primaryimage\"},\"thumbnailUrl\":\"https:\\\/\\\/informelitoral.com.ar\\\/%77%70%2d%63%6f%6e%74%65%6e%74\\\/uploads\\\/2021\\\/06\\\/ARANGUREN-475x560-1.jpg\",\"datePublished\":\"2021-06-15T13:16:43+00:00\",\"breadcrumb\":{\"@id\":\"https:\\\/\\\/informelitoral.com.ar\\\/aranguren-descubrieron-que-fueron-dos-menores-quienes-danaron-la-imagen-de-san-pedro\\\/#breadcrumb\"},\"inLanguage\":\"es\",\"potentialAction\":[{\"@type\":\"ReadAction\",\"target\":[\"https:\\\/\\\/informelitoral.com.ar\\\/aranguren-descubrieron-que-fueron-dos-menores-quienes-danaron-la-imagen-de-san-pedro\\\/\"]}]},{\"@type\":\"ImageObject\",\"inLanguage\":\"es\",\"@id\":\"https:\\\/\\\/informelitoral.com.ar\\\/aranguren-descubrieron-que-fueron-dos-menores-quienes-danaron-la-imagen-de-san-pedro\\\/#primaryimage\",\"url\":\"https:\\\/\\\/informelitoral.com.ar\\\/%77%70%2d%63%6f%6e%74%65%6e%74\\\/uploads\\\/2021\\\/06\\\/ARANGUREN-475x560-1.jpg\",\"contentUrl\":\"https:\\\/\\\/informelitoral.com.ar\\\/%77%70%2d%63%6f%6e%74%65%6e%74\\\/uploads\\\/2021\\\/06\\\/ARANGUREN-475x560-1.jpg\",\"width\":475,\"height\":560},{\"@type\":\"BreadcrumbList\",\"@id\":\"https:\\\/\\\/informelitoral.com.ar\\\/aranguren-descubrieron-que-fueron-dos-menores-quienes-danaron-la-imagen-de-san-pedro\\\/#breadcrumb\",\"itemListElement\":[{\"@type\":\"ListItem\",\"position\":1,\"name\":\"Portada\",\"item\":\"https:\\\/\\\/informelitoral.com.ar\\\/\"},{\"@type\":\"ListItem\",\"position\":2,\"name\":\"Aranguren: descubrieron que fueron dos menores quienes da\u00f1aron la imagen de San Pedro\"}]},{\"@type\":\"WebSite\",\"@id\":\"https:\\\/\\\/informelitoral.com.ar\\\/#website\",\"url\":\"https:\\\/\\\/informelitoral.com.ar\\\/\",\"name\":\"Informe Litoral\",\"description\":\"&quot;Nos informamos&quot; \",\"publisher\":{\"@id\":\"https:\\\/\\\/informelitoral.com.ar\\\/#organization\"},\"potentialAction\":[{\"@type\":\"SearchAction\",\"target\":{\"@type\":\"EntryPoint\",\"urlTemplate\":\"https:\\\/\\\/informelitoral.com.ar\\\/?s={search_term_string}\"},\"query-input\":{\"@type\":\"PropertyValueSpecification\",\"valueRequired\":true,\"valueName\":\"search_term_string\"}}],\"inLanguage\":\"es\"},{\"@type\":\"Organization\",\"@id\":\"https:\\\/\\\/informelitoral.com.ar\\\/#organization\",\"name\":\"Informe Litoral\",\"url\":\"https:\\\/\\\/informelitoral.com.ar\\\/\",\"logo\":{\"@type\":\"ImageObject\",\"inLanguage\":\"es\",\"@id\":\"https:\\\/\\\/informelitoral.com.ar\\\/#\\\/schema\\\/logo\\\/image\\\/\",\"url\":\"https:\\\/\\\/informelitoral.com.ar\\\/%77%70%2d%63%6f%6e%74%65%6e%74\\\/uploads\\\/2021\\\/01\\\/circulo.png\",\"contentUrl\":\"https:\\\/\\\/informelitoral.com.ar\\\/%77%70%2d%63%6f%6e%74%65%6e%74\\\/uploads\\\/2021\\\/01\\\/circulo.png\",\"width\":723,\"height\":731,\"caption\":\"Informe Litoral\"},\"image\":{\"@id\":\"https:\\\/\\\/informelitoral.com.ar\\\/#\\\/schema\\\/logo\\\/image\\\/\"},\"sameAs\":[\"https:\\\/\\\/www.facebook.com\\\/informelitoral\\\/\",\"https:\\\/\\\/x.com\\\/InformeLitoral\",\"https:\\\/\\\/www.instagram.com\\\/informelitoral\\\/\",\"https:\\\/\\\/www.youtube.com\\\/channel\\\/UCua4Qvz8Icb6MYqhoq9xLXw\"]},{\"@type\":\"Person\",\"@id\":\"https:\\\/\\\/informelitoral.com.ar\\\/#\\\/schema\\\/person\\\/b9d00407c836482871ef1d57bf8e3180\",\"name\":\"Gonzalo Schmidt\",\"image\":{\"@type\":\"ImageObject\",\"inLanguage\":\"es\",\"@id\":\"https:\\\/\\\/secure.gravatar.com\\\/avatar\\\/31a1a7b66ff2de83bd0e9fd79d026630d2d99e55e8bfe501287647b4fd9743de?s=96&d=mm&r=g\",\"url\":\"https:\\\/\\\/secure.gravatar.com\\\/avatar\\\/31a1a7b66ff2de83bd0e9fd79d026630d2d99e55e8bfe501287647b4fd9743de?s=96&d=mm&r=g\",\"contentUrl\":\"https:\\\/\\\/secure.gravatar.com\\\/avatar\\\/31a1a7b66ff2de83bd0e9fd79d026630d2d99e55e8bfe501287647b4fd9743de?s=96&d=mm&r=g\",\"caption\":\"Gonzalo Schmidt\"},\"description\":\"Sitio web de noticias de la provincia de Entre R\u00edos, Argentina. Informaci\u00f3n y entretenimiento. Informe Litoral, nos informamos.\",\"sameAs\":[\"http:\\\/\\\/www.isletasnoticias.com.ar\"],\"url\":\"https:\\\/\\\/informelitoral.com.ar\\\/author\\\/gonzalo\\\/\"}]}<\/script>","yoast_head_json":{"title":"Aranguren: descubrieron que fueron dos menores quienes da\u00f1aron la imagen de San Pedro - Informe Litoral","robots":{"index":"index","follow":"follow","max-snippet":"max-snippet:-1","max-image-preview":"max-image-preview:large","max-video-preview":"max-video-preview:-1"},"canonical":"https:\/\/informelitoral.com.ar\/aranguren-descubrieron-que-fueron-dos-menores-quienes-danaron-la-imagen-de-san-pedro\/","og_locale":"es_ES","og_type":"article","og_title":"Aranguren: descubrieron que fueron dos menores quienes da\u00f1aron la imagen de San Pedro - Informe Litoral","og_description":"Fue luego de revisar c\u00e1maras de seguridad. El hecho sucedi\u00f3 el pasado 6 de junio y el viernes 11 la Polic\u00eda pudo establecer quienes fueron, comunic\u00e1rselo a sus padres y a la Fiscal\u00eda de turno.","og_url":"https:\/\/informelitoral.com.ar\/aranguren-descubrieron-que-fueron-dos-menores-quienes-danaron-la-imagen-de-san-pedro\/","og_site_name":"Informe Litoral","article_publisher":"https:\/\/www.facebook.com\/informelitoral\/","article_published_time":"2021-06-15T13:16:43+00:00","og_image":[{"width":475,"height":560,"url":"https:\/\/informelitoral.com.ar\/%77%70%2d%63%6f%6e%74%65%6e%74\/uploads\/2021\/06\/ARANGUREN-475x560-1.jpg","type":"image\/jpeg"}],"author":"Gonzalo Schmidt","twitter_card":"summary_large_image","twitter_creator":"@InformeLitoral","twitter_site":"@InformeLitoral","twitter_misc":{"Escrito por":"Gonzalo Schmidt","Tiempo de lectura":"1 minuto"},"schema":{"@context":"https:\/\/schema.org","@graph":[{"@type":"Article","@id":"https:\/\/informelitoral.com.ar\/aranguren-descubrieron-que-fueron-dos-menores-quienes-danaron-la-imagen-de-san-pedro\/#article","isPartOf":{"@id":"https:\/\/informelitoral.com.ar\/aranguren-descubrieron-que-fueron-dos-menores-quienes-danaron-la-imagen-de-san-pedro\/"},"author":{"name":"Gonzalo Schmidt","@id":"https:\/\/informelitoral.com.ar\/#\/schema\/person\/b9d00407c836482871ef1d57bf8e3180"},"headline":"Aranguren: descubrieron que fueron dos menores quienes da\u00f1aron la imagen de San Pedro","datePublished":"2021-06-15T13:16:43+00:00","mainEntityOfPage":{"@id":"https:\/\/informelitoral.com.ar\/aranguren-descubrieron-que-fueron-dos-menores-quienes-danaron-la-imagen-de-san-pedro\/"},"wordCount":159,"commentCount":0,"publisher":{"@id":"https:\/\/informelitoral.com.ar\/#organization"},"image":{"@id":"https:\/\/informelitoral.com.ar\/aranguren-descubrieron-que-fueron-dos-menores-quienes-danaron-la-imagen-de-san-pedro\/#primaryimage"},"thumbnailUrl":"https:\/\/informelitoral.com.ar\/%77%70%2d%63%6f%6e%74%65%6e%74\/uploads\/2021\/06\/ARANGUREN-475x560-1.jpg","keywords":["Aranguren"],"articleSection":["Policiales"],"inLanguage":"es","potentialAction":[{"@type":"CommentAction","name":"Comment","target":["https:\/\/informelitoral.com.ar\/aranguren-descubrieron-que-fueron-dos-menores-quienes-danaron-la-imagen-de-san-pedro\/#respond"]}]},{"@type":"WebPage","@id":"https:\/\/informelitoral.com.ar\/aranguren-descubrieron-que-fueron-dos-menores-quienes-danaron-la-imagen-de-san-pedro\/","url":"https:\/\/informelitoral.com.ar\/aranguren-descubrieron-que-fueron-dos-menores-quienes-danaron-la-imagen-de-san-pedro\/","name":"Aranguren: descubrieron que fueron dos menores quienes da\u00f1aron la imagen de San Pedro - Informe Litoral","isPartOf":{"@id":"https:\/\/informelitoral.com.ar\/#website"},"primaryImageOfPage":{"@id":"https:\/\/informelitoral.com.ar\/aranguren-descubrieron-que-fueron-dos-menores-quienes-danaron-la-imagen-de-san-pedro\/#primaryimage"},"image":{"@id":"https:\/\/informelitoral.com.ar\/aranguren-descubrieron-que-fueron-dos-menores-quienes-danaron-la-imagen-de-san-pedro\/#primaryimage"},"thumbnailUrl":"https:\/\/informelitoral.com.ar\/%77%70%2d%63%6f%6e%74%65%6e%74\/uploads\/2021\/06\/ARANGUREN-475x560-1.jpg","datePublished":"2021-06-15T13:16:43+00:00","breadcrumb":{"@id":"https:\/\/informelitoral.com.ar\/aranguren-descubrieron-que-fueron-dos-menores-quienes-danaron-la-imagen-de-san-pedro\/#breadcrumb"},"inLanguage":"es","potentialAction":[{"@type":"ReadAction","target":["https:\/\/informelitoral.com.ar\/aranguren-descubrieron-que-fueron-dos-menores-quienes-danaron-la-imagen-de-san-pedro\/"]}]},{"@type":"ImageObject","inLanguage":"es","@id":"https:\/\/informelitoral.com.ar\/aranguren-descubrieron-que-fueron-dos-menores-quienes-danaron-la-imagen-de-san-pedro\/#primaryimage","url":"https:\/\/informelitoral.com.ar\/%77%70%2d%63%6f%6e%74%65%6e%74\/uploads\/2021\/06\/ARANGUREN-475x560-1.jpg","contentUrl":"https:\/\/informelitoral.com.ar\/%77%70%2d%63%6f%6e%74%65%6e%74\/uploads\/2021\/06\/ARANGUREN-475x560-1.jpg","width":475,"height":560},{"@type":"BreadcrumbList","@id":"https:\/\/informelitoral.com.ar\/aranguren-descubrieron-que-fueron-dos-menores-quienes-danaron-la-imagen-de-san-pedro\/#breadcrumb","itemListElement":[{"@type":"ListItem","position":1,"name":"Portada","item":"https:\/\/informelitoral.com.ar\/"},{"@type":"ListItem","position":2,"name":"Aranguren: descubrieron que fueron dos menores quienes da\u00f1aron la imagen de San Pedro"}]},{"@type":"WebSite","@id":"https:\/\/informelitoral.com.ar\/#website","url":"https:\/\/informelitoral.com.ar\/","name":"Informe Litoral","description":"&quot;Nos informamos&quot; ","publisher":{"@id":"https:\/\/informelitoral.com.ar\/#organization"},"potentialAction":[{"@type":"SearchAction","target":{"@type":"EntryPoint","urlTemplate":"https:\/\/informelitoral.com.ar\/?s={search_term_string}"},"query-input":{"@type":"PropertyValueSpecification","valueRequired":true,"valueName":"search_term_string"}}],"inLanguage":"es"},{"@type":"Organization","@id":"https:\/\/informelitoral.com.ar\/#organization","name":"Informe Litoral","url":"https:\/\/informelitoral.com.ar\/","logo":{"@type":"ImageObject","inLanguage":"es","@id":"https:\/\/informelitoral.com.ar\/#\/schema\/logo\/image\/","url":"https:\/\/informelitoral.com.ar\/%77%70%2d%63%6f%6e%74%65%6e%74\/uploads\/2021\/01\/circulo.png","contentUrl":"https:\/\/informelitoral.com.ar\/%77%70%2d%63%6f%6e%74%65%6e%74\/uploads\/2021\/01\/circulo.png","width":723,"height":731,"caption":"Informe Litoral"},"image":{"@id":"https:\/\/informelitoral.com.ar\/#\/schema\/logo\/image\/"},"sameAs":["https:\/\/www.facebook.com\/informelitoral\/","https:\/\/x.com\/InformeLitoral","https:\/\/www.instagram.com\/informelitoral\/","https:\/\/www.youtube.com\/channel\/UCua4Qvz8Icb6MYqhoq9xLXw"]},{"@type":"Person","@id":"https:\/\/informelitoral.com.ar\/#\/schema\/person\/b9d00407c836482871ef1d57bf8e3180","name":"Gonzalo Schmidt","image":{"@type":"ImageObject","inLanguage":"es","@id":"https:\/\/secure.gravatar.com\/avatar\/31a1a7b66ff2de83bd0e9fd79d026630d2d99e55e8bfe501287647b4fd9743de?s=96&d=mm&r=g","url":"https:\/\/secure.gravatar.com\/avatar\/31a1a7b66ff2de83bd0e9fd79d026630d2d99e55e8bfe501287647b4fd9743de?s=96&d=mm&r=g","contentUrl":"https:\/\/secure.gravatar.com\/avatar\/31a1a7b66ff2de83bd0e9fd79d026630d2d99e55e8bfe501287647b4fd9743de?s=96&d=mm&r=g","caption":"Gonzalo Schmidt"},"description":"Sitio web de noticias de la provincia de Entre R\u00edos, Argentina. Informaci\u00f3n y entretenimiento. Informe Litoral, nos informamos.","sameAs":["http:\/\/www.isletasnoticias.com.ar"],"url":"https:\/\/informelitoral.com.ar\/author\/gonzalo\/"}]}},"_links":{"self":[{"href":"https:\/\/informelitoral.com.ar\/%77%70%2d%6a%73%6f%6e\/wp\/v2\/posts\/61171","targetHints":{"allow":["GET"]}}],"collection":[{"href":"https:\/\/informelitoral.com.ar\/%77%70%2d%6a%73%6f%6e\/wp\/v2\/posts"}],"about":[{"href":"https:\/\/informelitoral.com.ar\/%77%70%2d%6a%73%6f%6e\/wp\/v2\/types\/post"}],"author":[{"embeddable":true,"href":"https:\/\/informelitoral.com.ar\/%77%70%2d%6a%73%6f%6e\/wp\/v2\/users\/2"}],"replies":[{"embeddable":true,"href":"https:\/\/informelitoral.com.ar\/%77%70%2d%6a%73%6f%6e\/wp\/v2\/comments?post=61171"}],"version-history":[{"count":0,"href":"https:\/\/informelitoral.com.ar\/%77%70%2d%6a%73%6f%6e\/wp\/v2\/posts\/61171\/revisions"}],"wp:featuredmedia":[{"embeddable":true,"href":"https:\/\/informelitoral.com.ar\/%77%70%2d%6a%73%6f%6e\/wp\/v2\/media\/61172"}],"wp:attachment":[{"href":"https:\/\/informelitoral.com.ar\/%77%70%2d%6a%73%6f%6e\/wp\/v2\/media?parent=61171"}],"wp:term":[{"taxonomy":"category","embeddable":true,"href":"https:\/\/informelitoral.com.ar\/%77%70%2d%6a%73%6f%6e\/wp\/v2\/categories?post=61171"},{"taxonomy":"post_tag","embeddable":true,"href":"https:\/\/informelitoral.com.ar\/%77%70%2d%6a%73%6f%6e\/wp\/v2\/tags?post=61171"}],"curies":[{"name":"wp","href":"https:\/\/api.w.org\/{rel}","templated":true}]}}