{"id":61169,"date":"2021-06-15T10:10:27","date_gmt":"2021-06-15T13:10:27","guid":{"rendered":"https:\/\/www.informelitoral.com.ar\/?p=61169"},"modified":"2021-06-15T10:10:27","modified_gmt":"2021-06-15T13:10:27","slug":"el-principal-motivo-por-el-que-el-precio-de-la-soja-acumula-varias-bajas-consecutivas","status":"publish","type":"post","link":"https:\/\/informelitoral.com.ar\/el-principal-motivo-por-el-que-el-precio-de-la-soja-acumula-varias-bajas-consecutivas\/","title":{"rendered":"El principal motivo por el que el precio de la soja acumula varias bajas consecutivas"},"content":{"rendered":"<p>Los precios de los granos iniciaron la semana con bajas en el mercado de Chicago, lideradas por la soja que marc\u00f3 un retroceso superior a los US$ 13, debido principalmente a un rotundo cambio de los pron\u00f3sticos clim\u00e1ticos para las zonas productoras de Estados Unidos.<\/p>\n<p>De esta manera, en t\u00e9rminos generales los granos continuaron a la baja en l\u00ednea con los resultados adversos del viernes pasado, en un contexto en el que la soja, en particular, acumul\u00f3 su quinta jornada consecutiva con n\u00fameros negativos.<\/p>\n<p>El contrato de julio de la oleaginosa cay\u00f3 2,40% (US$ 13,32) y finaliz\u00f3 en los US$ 540,96 la tonelada, mientras que la posici\u00f3n agosto baj\u00f3 2,78% (US$ 15,16) y se posicion\u00f3 en US$ 529,57 la tonelada.<\/p>\n<p>En tanto, el ma\u00edz retrocedi\u00f3 3,68% (US$ 9,94) y cerr\u00f3 a US$ 259,53 la tonelada, y el trigo marc\u00f3 una merma de 0,91% (US$ 2,30) y concluy\u00f3 la jornada a US$ 247,84.<\/p>\n<p>El responsable de An\u00e1lisis de Mercados de la consultora Grassi, Ariel Tejera, explic\u00f3 a<em> T\u00e9lam<\/em> que \u201cen esta \u00e9poca del a\u00f1o, el clima en Estados Unidos suele tener un rol protag\u00f3nico como driver del mercado\u201d.<\/p>\n<p>El pasado jueves comenz\u00f3 una imprevista mejora de las condiciones clim\u00e1ticas en los Estados Unidos a partir de la llegada de abundantes lluvias que desterraron las previsiones de sequ\u00eda que estaban complicando las cosechas de los granos.<\/p>\n<p>Para entender la volatilidad de los precios ocurrida en los \u00faltimos d\u00edas, a esta situaci\u00f3n en el pa\u00eds del norte deben agregarse las condiciones clim\u00e1ticas adversas que est\u00e1n ocurriendo en Brasil.<\/p>\n<p>El economista de la Bolsa de Comercio de Rosario (BCR), Guido D&#8217;Angelo, indic\u00f3 que \u201cde proseguir estas dos sequ\u00edas, los precios hubieran seguido increment\u00e1ndose porque los rindes productivos estaban a la baja\u201d.<\/p>\n<p>\u201cLo que se empez\u00f3 a ver desde el jueves es un frente lluvioso completamente inesperado en Estados Unidos y los pron\u00f3sticos de las pr\u00f3ximas semanas muestran que hay un panorama bastante m\u00e1s h\u00famedo del que se esperaba. Eso est\u00e1 llevando los precios a la baja porque se espera m\u00e1s producci\u00f3n\u201d, agreg\u00f3 D\u00b4Angelo al explicar el cambio de tendencia.<\/p>\n<p>Sin embargo, Tejera estim\u00f3 que \u201cde cara al nuevo ciclo, salvo alguna sorpresa en materia de superficie, aun con clima a favor la producci\u00f3n podr\u00eda ser insuficiente para cubrir niveles de demanda similares a los de la campa\u00f1a actual en soja\u201d.<\/p>\n<p>Teniendo en cuenta los recientes reportes del Departamento de Agricultura de los Estados Unidos (USDA), \u201caquel pa\u00eds no contar\u00eda con margen por el lado de la oferta como para enfrentar una mala campa\u00f1a\u201d, ya que \u201cfinaliza el ciclo 2020\/21 con bajas existencias de stocks en soja, y poco holgados en el caso del ma\u00edz\u201d, adicion\u00f3 el analista de Grassi.<\/p>\n<p>A pesar de los resultados negativos de las \u00faltimas jornadas, los precios de los granos prosiguen en valores elevados, con la soja por encima de los US$ 540 por tonelada y el ma\u00edz sobre los US$ 259, montos por encima de los registrados entre los a\u00f1os 2013 y 2019.<\/p>\n<p>No obstante, de cara al pr\u00f3ximo mes y medio, Tejera se\u00f1al\u00f3 que \u201cno hay que descartar la posibilidad de continuar transitando en un mercado sinuoso, con marcada volatilidad, de la mano de la evoluci\u00f3n del clima en Estados Unidos\u201d.<\/p>\n<p>Por su parte, D\u00b4Angelo apunt\u00f3 que la situaci\u00f3n actual \u201cpuede afectar un panorama de mediano plazo en tanto sea sostenida\u00bb y precis\u00f3 que en los pr\u00f3ximos meses se ver\u00e1 \u00absi este clima h\u00famedo ayud\u00f3 a mejorar los rindes o no\u00bb, pero \u00ablas condiciones clim\u00e1ticas estadounidenses por s\u00ed solas no van a modificar la curva de precios\u201d, sostuvo.<\/p>\n<p>Sobre el impacto que la novedad puede tener sobre Argentina, el analista de la BCR reflexion\u00f3 que \u201ccualquier din\u00e1mica bajista de precios internacionales le complica a nuestro pa\u00eds el ingreso de divisas y los ingresos fiscales v\u00eda cobro de retenciones\u201d.<\/p>\n<p>No obstante, el economista rese\u00f1\u00f3 que \u201cya en estos primeros 5 meses del a\u00f1o, el pa\u00eds se asegur\u00f3 US$ 10 mil millones completamente inesperados que llegaron por el rally alcista de precios que arranc\u00f3 el a\u00f1o pasado\u201d.<\/p>\n","protected":false},"excerpt":{"rendered":"<p>Los precios de los granos continuaron a la baja en el inicio de la semana, en l\u00ednea con los resultados adversos del viernes pasado, en un contexto en el que la soja acumul\u00f3 su quinta jornada consecutiva con n\u00fameros negativos.<\/p>\n","protected":false},"author":2,"featured_media":27247,"comment_status":"open","ping_status":"open","sticky":false,"template":"","format":"standard","meta":{"fifu_image_url":"","fifu_image_alt":"","footnotes":""},"categories":[10],"tags":[73],"class_list":{"0":"post-61169","1":"post","2":"type-post","3":"status-publish","4":"format-standard","5":"has-post-thumbnail","7":"category-campo","8":"tag-soja"},"yoast_head":"<title>El principal motivo por el que el precio de la soja acumula varias bajas consecutivas - Informe Litoral<\/title>\n<meta name=\"robots\" content=\"index, follow, max-snippet:-1, max-image-preview:large, max-video-preview:-1\" \/>\n<link rel=\"canonical\" href=\"https:\/\/informelitoral.com.ar\/el-principal-motivo-por-el-que-el-precio-de-la-soja-acumula-varias-bajas-consecutivas\/\" \/>\n<meta property=\"og:locale\" content=\"es_ES\" \/>\n<meta property=\"og:type\" content=\"article\" \/>\n<meta property=\"og:title\" content=\"El principal motivo por el que el precio de la soja acumula varias bajas consecutivas - Informe Litoral\" \/>\n<meta property=\"og:description\" content=\"Los precios de los granos continuaron a la baja en el inicio de la semana, en l\u00ednea con los resultados adversos del viernes pasado, en un contexto en el que la soja acumul\u00f3 su quinta jornada consecutiva con n\u00fameros negativos.\" \/>\n<meta property=\"og:url\" content=\"https:\/\/informelitoral.com.ar\/el-principal-motivo-por-el-que-el-precio-de-la-soja-acumula-varias-bajas-consecutivas\/\" \/>\n<meta property=\"og:site_name\" content=\"Informe Litoral\" \/>\n<meta property=\"article:publisher\" content=\"https:\/\/www.facebook.com\/informelitoral\/\" \/>\n<meta property=\"article:published_time\" content=\"2021-06-15T13:10:27+00:00\" \/>\n<meta property=\"og:image\" content=\"https:\/\/informelitoral.com.ar\/%77%70%2d%63%6f%6e%74%65%6e%74\/uploads\/2018\/06\/Cosecha-soja-w.jpg\" \/>\n\t<meta property=\"og:image:width\" content=\"650\" \/>\n\t<meta property=\"og:image:height\" content=\"405\" \/>\n\t<meta property=\"og:image:type\" content=\"image\/jpeg\" \/>\n<meta name=\"author\" content=\"Gonzalo Schmidt\" \/>\n<meta name=\"twitter:card\" content=\"summary_large_image\" \/>\n<meta name=\"twitter:creator\" content=\"@InformeLitoral\" \/>\n<meta name=\"twitter:site\" content=\"@InformeLitoral\" \/>\n<meta name=\"twitter:label1\" content=\"Escrito por\" \/>\n\t<meta name=\"twitter:data1\" content=\"Gonzalo Schmidt\" \/>\n\t<meta name=\"twitter:label2\" content=\"Tiempo de lectura\" \/>\n\t<meta name=\"twitter:data2\" content=\"3 minutos\" \/>\n<script type=\"application\/ld+json\" class=\"yoast-schema-graph\">{\"@context\":\"https:\\\/\\\/schema.org\",\"@graph\":[{\"@type\":\"Article\",\"@id\":\"https:\\\/\\\/informelitoral.com.ar\\\/el-principal-motivo-por-el-que-el-precio-de-la-soja-acumula-varias-bajas-consecutivas\\\/#article\",\"isPartOf\":{\"@id\":\"https:\\\/\\\/informelitoral.com.ar\\\/el-principal-motivo-por-el-que-el-precio-de-la-soja-acumula-varias-bajas-consecutivas\\\/\"},\"author\":{\"name\":\"Gonzalo Schmidt\",\"@id\":\"https:\\\/\\\/informelitoral.com.ar\\\/#\\\/schema\\\/person\\\/b9d00407c836482871ef1d57bf8e3180\"},\"headline\":\"El principal motivo por el que el precio de la soja acumula varias bajas consecutivas\",\"datePublished\":\"2021-06-15T13:10:27+00:00\",\"mainEntityOfPage\":{\"@id\":\"https:\\\/\\\/informelitoral.com.ar\\\/el-principal-motivo-por-el-que-el-precio-de-la-soja-acumula-varias-bajas-consecutivas\\\/\"},\"wordCount\":713,\"commentCount\":0,\"publisher\":{\"@id\":\"https:\\\/\\\/informelitoral.com.ar\\\/#organization\"},\"image\":{\"@id\":\"https:\\\/\\\/informelitoral.com.ar\\\/el-principal-motivo-por-el-que-el-precio-de-la-soja-acumula-varias-bajas-consecutivas\\\/#primaryimage\"},\"thumbnailUrl\":\"https:\\\/\\\/informelitoral.com.ar\\\/%77%70%2d%63%6f%6e%74%65%6e%74\\\/uploads\\\/2018\\\/06\\\/Cosecha-soja-w.jpg\",\"keywords\":[\"Soja\"],\"articleSection\":[\"Campo\"],\"inLanguage\":\"es\",\"potentialAction\":[{\"@type\":\"CommentAction\",\"name\":\"Comment\",\"target\":[\"https:\\\/\\\/informelitoral.com.ar\\\/el-principal-motivo-por-el-que-el-precio-de-la-soja-acumula-varias-bajas-consecutivas\\\/#respond\"]}]},{\"@type\":\"WebPage\",\"@id\":\"https:\\\/\\\/informelitoral.com.ar\\\/el-principal-motivo-por-el-que-el-precio-de-la-soja-acumula-varias-bajas-consecutivas\\\/\",\"url\":\"https:\\\/\\\/informelitoral.com.ar\\\/el-principal-motivo-por-el-que-el-precio-de-la-soja-acumula-varias-bajas-consecutivas\\\/\",\"name\":\"El principal motivo por el que el precio de la soja acumula varias bajas consecutivas - Informe Litoral\",\"isPartOf\":{\"@id\":\"https:\\\/\\\/informelitoral.com.ar\\\/#website\"},\"primaryImageOfPage\":{\"@id\":\"https:\\\/\\\/informelitoral.com.ar\\\/el-principal-motivo-por-el-que-el-precio-de-la-soja-acumula-varias-bajas-consecutivas\\\/#primaryimage\"},\"image\":{\"@id\":\"https:\\\/\\\/informelitoral.com.ar\\\/el-principal-motivo-por-el-que-el-precio-de-la-soja-acumula-varias-bajas-consecutivas\\\/#primaryimage\"},\"thumbnailUrl\":\"https:\\\/\\\/informelitoral.com.ar\\\/%77%70%2d%63%6f%6e%74%65%6e%74\\\/uploads\\\/2018\\\/06\\\/Cosecha-soja-w.jpg\",\"datePublished\":\"2021-06-15T13:10:27+00:00\",\"breadcrumb\":{\"@id\":\"https:\\\/\\\/informelitoral.com.ar\\\/el-principal-motivo-por-el-que-el-precio-de-la-soja-acumula-varias-bajas-consecutivas\\\/#breadcrumb\"},\"inLanguage\":\"es\",\"potentialAction\":[{\"@type\":\"ReadAction\",\"target\":[\"https:\\\/\\\/informelitoral.com.ar\\\/el-principal-motivo-por-el-que-el-precio-de-la-soja-acumula-varias-bajas-consecutivas\\\/\"]}]},{\"@type\":\"ImageObject\",\"inLanguage\":\"es\",\"@id\":\"https:\\\/\\\/informelitoral.com.ar\\\/el-principal-motivo-por-el-que-el-precio-de-la-soja-acumula-varias-bajas-consecutivas\\\/#primaryimage\",\"url\":\"https:\\\/\\\/informelitoral.com.ar\\\/%77%70%2d%63%6f%6e%74%65%6e%74\\\/uploads\\\/2018\\\/06\\\/Cosecha-soja-w.jpg\",\"contentUrl\":\"https:\\\/\\\/informelitoral.com.ar\\\/%77%70%2d%63%6f%6e%74%65%6e%74\\\/uploads\\\/2018\\\/06\\\/Cosecha-soja-w.jpg\",\"width\":650,\"height\":405},{\"@type\":\"BreadcrumbList\",\"@id\":\"https:\\\/\\\/informelitoral.com.ar\\\/el-principal-motivo-por-el-que-el-precio-de-la-soja-acumula-varias-bajas-consecutivas\\\/#breadcrumb\",\"itemListElement\":[{\"@type\":\"ListItem\",\"position\":1,\"name\":\"Portada\",\"item\":\"https:\\\/\\\/informelitoral.com.ar\\\/\"},{\"@type\":\"ListItem\",\"position\":2,\"name\":\"El principal motivo por el que el precio de la soja acumula varias bajas consecutivas\"}]},{\"@type\":\"WebSite\",\"@id\":\"https:\\\/\\\/informelitoral.com.ar\\\/#website\",\"url\":\"https:\\\/\\\/informelitoral.com.ar\\\/\",\"name\":\"Informe Litoral\",\"description\":\"&quot;Nos informamos&quot; \",\"publisher\":{\"@id\":\"https:\\\/\\\/informelitoral.com.ar\\\/#organization\"},\"potentialAction\":[{\"@type\":\"SearchAction\",\"target\":{\"@type\":\"EntryPoint\",\"urlTemplate\":\"https:\\\/\\\/informelitoral.com.ar\\\/?s={search_term_string}\"},\"query-input\":{\"@type\":\"PropertyValueSpecification\",\"valueRequired\":true,\"valueName\":\"search_term_string\"}}],\"inLanguage\":\"es\"},{\"@type\":\"Organization\",\"@id\":\"https:\\\/\\\/informelitoral.com.ar\\\/#organization\",\"name\":\"Informe Litoral\",\"url\":\"https:\\\/\\\/informelitoral.com.ar\\\/\",\"logo\":{\"@type\":\"ImageObject\",\"inLanguage\":\"es\",\"@id\":\"https:\\\/\\\/informelitoral.com.ar\\\/#\\\/schema\\\/logo\\\/image\\\/\",\"url\":\"https:\\\/\\\/informelitoral.com.ar\\\/%77%70%2d%63%6f%6e%74%65%6e%74\\\/uploads\\\/2021\\\/01\\\/circulo.png\",\"contentUrl\":\"https:\\\/\\\/informelitoral.com.ar\\\/%77%70%2d%63%6f%6e%74%65%6e%74\\\/uploads\\\/2021\\\/01\\\/circulo.png\",\"width\":723,\"height\":731,\"caption\":\"Informe Litoral\"},\"image\":{\"@id\":\"https:\\\/\\\/informelitoral.com.ar\\\/#\\\/schema\\\/logo\\\/image\\\/\"},\"sameAs\":[\"https:\\\/\\\/www.facebook.com\\\/informelitoral\\\/\",\"https:\\\/\\\/x.com\\\/InformeLitoral\",\"https:\\\/\\\/www.instagram.com\\\/informelitoral\\\/\",\"https:\\\/\\\/www.youtube.com\\\/channel\\\/UCua4Qvz8Icb6MYqhoq9xLXw\"]},{\"@type\":\"Person\",\"@id\":\"https:\\\/\\\/informelitoral.com.ar\\\/#\\\/schema\\\/person\\\/b9d00407c836482871ef1d57bf8e3180\",\"name\":\"Gonzalo Schmidt\",\"image\":{\"@type\":\"ImageObject\",\"inLanguage\":\"es\",\"@id\":\"https:\\\/\\\/secure.gravatar.com\\\/avatar\\\/31a1a7b66ff2de83bd0e9fd79d026630d2d99e55e8bfe501287647b4fd9743de?s=96&d=mm&r=g\",\"url\":\"https:\\\/\\\/secure.gravatar.com\\\/avatar\\\/31a1a7b66ff2de83bd0e9fd79d026630d2d99e55e8bfe501287647b4fd9743de?s=96&d=mm&r=g\",\"contentUrl\":\"https:\\\/\\\/secure.gravatar.com\\\/avatar\\\/31a1a7b66ff2de83bd0e9fd79d026630d2d99e55e8bfe501287647b4fd9743de?s=96&d=mm&r=g\",\"caption\":\"Gonzalo Schmidt\"},\"description\":\"Sitio web de noticias de la provincia de Entre R\u00edos, Argentina. Informaci\u00f3n y entretenimiento. Informe Litoral, nos informamos.\",\"sameAs\":[\"http:\\\/\\\/www.isletasnoticias.com.ar\"],\"url\":\"https:\\\/\\\/informelitoral.com.ar\\\/author\\\/gonzalo\\\/\"}]}<\/script>","yoast_head_json":{"title":"El principal motivo por el que el precio de la soja acumula varias bajas consecutivas - Informe Litoral","robots":{"index":"index","follow":"follow","max-snippet":"max-snippet:-1","max-image-preview":"max-image-preview:large","max-video-preview":"max-video-preview:-1"},"canonical":"https:\/\/informelitoral.com.ar\/el-principal-motivo-por-el-que-el-precio-de-la-soja-acumula-varias-bajas-consecutivas\/","og_locale":"es_ES","og_type":"article","og_title":"El principal motivo por el que el precio de la soja acumula varias bajas consecutivas - Informe Litoral","og_description":"Los precios de los granos continuaron a la baja en el inicio de la semana, en l\u00ednea con los resultados adversos del viernes pasado, en un contexto en el que la soja acumul\u00f3 su quinta jornada consecutiva con n\u00fameros negativos.","og_url":"https:\/\/informelitoral.com.ar\/el-principal-motivo-por-el-que-el-precio-de-la-soja-acumula-varias-bajas-consecutivas\/","og_site_name":"Informe Litoral","article_publisher":"https:\/\/www.facebook.com\/informelitoral\/","article_published_time":"2021-06-15T13:10:27+00:00","og_image":[{"width":650,"height":405,"url":"https:\/\/informelitoral.com.ar\/%77%70%2d%63%6f%6e%74%65%6e%74\/uploads\/2018\/06\/Cosecha-soja-w.jpg","type":"image\/jpeg"}],"author":"Gonzalo Schmidt","twitter_card":"summary_large_image","twitter_creator":"@InformeLitoral","twitter_site":"@InformeLitoral","twitter_misc":{"Escrito por":"Gonzalo Schmidt","Tiempo de lectura":"3 minutos"},"schema":{"@context":"https:\/\/schema.org","@graph":[{"@type":"Article","@id":"https:\/\/informelitoral.com.ar\/el-principal-motivo-por-el-que-el-precio-de-la-soja-acumula-varias-bajas-consecutivas\/#article","isPartOf":{"@id":"https:\/\/informelitoral.com.ar\/el-principal-motivo-por-el-que-el-precio-de-la-soja-acumula-varias-bajas-consecutivas\/"},"author":{"name":"Gonzalo Schmidt","@id":"https:\/\/informelitoral.com.ar\/#\/schema\/person\/b9d00407c836482871ef1d57bf8e3180"},"headline":"El principal motivo por el que el precio de la soja acumula varias bajas consecutivas","datePublished":"2021-06-15T13:10:27+00:00","mainEntityOfPage":{"@id":"https:\/\/informelitoral.com.ar\/el-principal-motivo-por-el-que-el-precio-de-la-soja-acumula-varias-bajas-consecutivas\/"},"wordCount":713,"commentCount":0,"publisher":{"@id":"https:\/\/informelitoral.com.ar\/#organization"},"image":{"@id":"https:\/\/informelitoral.com.ar\/el-principal-motivo-por-el-que-el-precio-de-la-soja-acumula-varias-bajas-consecutivas\/#primaryimage"},"thumbnailUrl":"https:\/\/informelitoral.com.ar\/%77%70%2d%63%6f%6e%74%65%6e%74\/uploads\/2018\/06\/Cosecha-soja-w.jpg","keywords":["Soja"],"articleSection":["Campo"],"inLanguage":"es","potentialAction":[{"@type":"CommentAction","name":"Comment","target":["https:\/\/informelitoral.com.ar\/el-principal-motivo-por-el-que-el-precio-de-la-soja-acumula-varias-bajas-consecutivas\/#respond"]}]},{"@type":"WebPage","@id":"https:\/\/informelitoral.com.ar\/el-principal-motivo-por-el-que-el-precio-de-la-soja-acumula-varias-bajas-consecutivas\/","url":"https:\/\/informelitoral.com.ar\/el-principal-motivo-por-el-que-el-precio-de-la-soja-acumula-varias-bajas-consecutivas\/","name":"El principal motivo por el que el precio de la soja acumula varias bajas consecutivas - Informe Litoral","isPartOf":{"@id":"https:\/\/informelitoral.com.ar\/#website"},"primaryImageOfPage":{"@id":"https:\/\/informelitoral.com.ar\/el-principal-motivo-por-el-que-el-precio-de-la-soja-acumula-varias-bajas-consecutivas\/#primaryimage"},"image":{"@id":"https:\/\/informelitoral.com.ar\/el-principal-motivo-por-el-que-el-precio-de-la-soja-acumula-varias-bajas-consecutivas\/#primaryimage"},"thumbnailUrl":"https:\/\/informelitoral.com.ar\/%77%70%2d%63%6f%6e%74%65%6e%74\/uploads\/2018\/06\/Cosecha-soja-w.jpg","datePublished":"2021-06-15T13:10:27+00:00","breadcrumb":{"@id":"https:\/\/informelitoral.com.ar\/el-principal-motivo-por-el-que-el-precio-de-la-soja-acumula-varias-bajas-consecutivas\/#breadcrumb"},"inLanguage":"es","potentialAction":[{"@type":"ReadAction","target":["https:\/\/informelitoral.com.ar\/el-principal-motivo-por-el-que-el-precio-de-la-soja-acumula-varias-bajas-consecutivas\/"]}]},{"@type":"ImageObject","inLanguage":"es","@id":"https:\/\/informelitoral.com.ar\/el-principal-motivo-por-el-que-el-precio-de-la-soja-acumula-varias-bajas-consecutivas\/#primaryimage","url":"https:\/\/informelitoral.com.ar\/%77%70%2d%63%6f%6e%74%65%6e%74\/uploads\/2018\/06\/Cosecha-soja-w.jpg","contentUrl":"https:\/\/informelitoral.com.ar\/%77%70%2d%63%6f%6e%74%65%6e%74\/uploads\/2018\/06\/Cosecha-soja-w.jpg","width":650,"height":405},{"@type":"BreadcrumbList","@id":"https:\/\/informelitoral.com.ar\/el-principal-motivo-por-el-que-el-precio-de-la-soja-acumula-varias-bajas-consecutivas\/#breadcrumb","itemListElement":[{"@type":"ListItem","position":1,"name":"Portada","item":"https:\/\/informelitoral.com.ar\/"},{"@type":"ListItem","position":2,"name":"El principal motivo por el que el precio de la soja acumula varias bajas consecutivas"}]},{"@type":"WebSite","@id":"https:\/\/informelitoral.com.ar\/#website","url":"https:\/\/informelitoral.com.ar\/","name":"Informe Litoral","description":"&quot;Nos informamos&quot; ","publisher":{"@id":"https:\/\/informelitoral.com.ar\/#organization"},"potentialAction":[{"@type":"SearchAction","target":{"@type":"EntryPoint","urlTemplate":"https:\/\/informelitoral.com.ar\/?s={search_term_string}"},"query-input":{"@type":"PropertyValueSpecification","valueRequired":true,"valueName":"search_term_string"}}],"inLanguage":"es"},{"@type":"Organization","@id":"https:\/\/informelitoral.com.ar\/#organization","name":"Informe Litoral","url":"https:\/\/informelitoral.com.ar\/","logo":{"@type":"ImageObject","inLanguage":"es","@id":"https:\/\/informelitoral.com.ar\/#\/schema\/logo\/image\/","url":"https:\/\/informelitoral.com.ar\/%77%70%2d%63%6f%6e%74%65%6e%74\/uploads\/2021\/01\/circulo.png","contentUrl":"https:\/\/informelitoral.com.ar\/%77%70%2d%63%6f%6e%74%65%6e%74\/uploads\/2021\/01\/circulo.png","width":723,"height":731,"caption":"Informe Litoral"},"image":{"@id":"https:\/\/informelitoral.com.ar\/#\/schema\/logo\/image\/"},"sameAs":["https:\/\/www.facebook.com\/informelitoral\/","https:\/\/x.com\/InformeLitoral","https:\/\/www.instagram.com\/informelitoral\/","https:\/\/www.youtube.com\/channel\/UCua4Qvz8Icb6MYqhoq9xLXw"]},{"@type":"Person","@id":"https:\/\/informelitoral.com.ar\/#\/schema\/person\/b9d00407c836482871ef1d57bf8e3180","name":"Gonzalo Schmidt","image":{"@type":"ImageObject","inLanguage":"es","@id":"https:\/\/secure.gravatar.com\/avatar\/31a1a7b66ff2de83bd0e9fd79d026630d2d99e55e8bfe501287647b4fd9743de?s=96&d=mm&r=g","url":"https:\/\/secure.gravatar.com\/avatar\/31a1a7b66ff2de83bd0e9fd79d026630d2d99e55e8bfe501287647b4fd9743de?s=96&d=mm&r=g","contentUrl":"https:\/\/secure.gravatar.com\/avatar\/31a1a7b66ff2de83bd0e9fd79d026630d2d99e55e8bfe501287647b4fd9743de?s=96&d=mm&r=g","caption":"Gonzalo Schmidt"},"description":"Sitio web de noticias de la provincia de Entre R\u00edos, Argentina. Informaci\u00f3n y entretenimiento. Informe Litoral, nos informamos.","sameAs":["http:\/\/www.isletasnoticias.com.ar"],"url":"https:\/\/informelitoral.com.ar\/author\/gonzalo\/"}]}},"_links":{"self":[{"href":"https:\/\/informelitoral.com.ar\/%77%70%2d%6a%73%6f%6e\/wp\/v2\/posts\/61169","targetHints":{"allow":["GET"]}}],"collection":[{"href":"https:\/\/informelitoral.com.ar\/%77%70%2d%6a%73%6f%6e\/wp\/v2\/posts"}],"about":[{"href":"https:\/\/informelitoral.com.ar\/%77%70%2d%6a%73%6f%6e\/wp\/v2\/types\/post"}],"author":[{"embeddable":true,"href":"https:\/\/informelitoral.com.ar\/%77%70%2d%6a%73%6f%6e\/wp\/v2\/users\/2"}],"replies":[{"embeddable":true,"href":"https:\/\/informelitoral.com.ar\/%77%70%2d%6a%73%6f%6e\/wp\/v2\/comments?post=61169"}],"version-history":[{"count":0,"href":"https:\/\/informelitoral.com.ar\/%77%70%2d%6a%73%6f%6e\/wp\/v2\/posts\/61169\/revisions"}],"wp:featuredmedia":[{"embeddable":true,"href":"https:\/\/informelitoral.com.ar\/%77%70%2d%6a%73%6f%6e\/wp\/v2\/media\/27247"}],"wp:attachment":[{"href":"https:\/\/informelitoral.com.ar\/%77%70%2d%6a%73%6f%6e\/wp\/v2\/media?parent=61169"}],"wp:term":[{"taxonomy":"category","embeddable":true,"href":"https:\/\/informelitoral.com.ar\/%77%70%2d%6a%73%6f%6e\/wp\/v2\/categories?post=61169"},{"taxonomy":"post_tag","embeddable":true,"href":"https:\/\/informelitoral.com.ar\/%77%70%2d%6a%73%6f%6e\/wp\/v2\/tags?post=61169"}],"curies":[{"name":"wp","href":"https:\/\/api.w.org\/{rel}","templated":true}]}}