{"id":6110,"date":"2014-03-18T08:10:27","date_gmt":"2014-03-18T11:10:27","guid":{"rendered":"http:\/\/www.isletasnoticias.com.ar\/?p=6110"},"modified":"2014-03-18T08:10:27","modified_gmt":"2014-03-18T11:10:27","slug":"murio-el-primer-cantante-del-grupo-de-cumbia-yerba-brava","status":"publish","type":"post","link":"https:\/\/informelitoral.com.ar\/murio-el-primer-cantante-del-grupo-de-cumbia-yerba-brava\/","title":{"rendered":"Muri\u00f3 el primer cantante del grupo de cumbia Yerba Brava"},"content":{"rendered":"<p><strong><em>Juan Carlos \u00abEl Mono\u00bb Ponce<\/em> falleci\u00f3 en un hospital de San Fernando, Buenos Aires. Junto con Damas Gratis y Flor de Piedra, el grupo fue pionero de ese estilo hace m\u00e1s de diez a\u00f1os.<a href=\"http:\/\/www.isletasnoticias.com.ar\/%77%70%2d%63%6f%6e%74%65%6e%74\/uploads\/2014\/03\/Carlos-Mono-Ponce-Hospital-Fernando_CLAIMA20140317_0163_4.jpg\"><img loading=\"lazy\" decoding=\"async\" class=\"aligncenter size-medium wp-image-6111\" alt=\"Carlos-Mono-Ponce-Hospital-Fernando_CLAIMA20140317_0163_4\" src=\"http:\/\/www.isletasnoticias.com.ar\/%77%70%2d%63%6f%6e%74%65%6e%74\/uploads\/2014\/03\/Carlos-Mono-Ponce-Hospital-Fernando_CLAIMA20140317_0163_4-300x168.jpg\" width=\"300\" height=\"168\" srcset=\"https:\/\/informelitoral.com.ar\/%77%70%2d%63%6f%6e%74%65%6e%74\/uploads\/2014\/03\/Carlos-Mono-Ponce-Hospital-Fernando_CLAIMA20140317_0163_4-300x168.jpg 300w, https:\/\/informelitoral.com.ar\/%77%70%2d%63%6f%6e%74%65%6e%74\/uploads\/2014\/03\/Carlos-Mono-Ponce-Hospital-Fernando_CLAIMA20140317_0163_4.jpg 526w\" sizes=\"auto, (max-width: 300px) 100vw, 300px\" \/><\/a><\/strong><\/p>\n<p>Una de las voces emblem\u00e1ticas de la cumbia villera, el g\u00e9nero que tuvo su momento de mayor masividad a comienzos de la d\u00e9cada pasada, <strong>Juan Carlos \u00abEl Mono\u00bb Ponce<\/strong>, falleci\u00f3 el lunes en un hospital de San Fernando, Buenos Aires.<\/p>\n<p>Ponce fue el primer vocalista del grupo Yerba brava, que con su primer disco,\u00a0<strong>Cumbia Villera<\/strong>, de 1999, bautiz\u00f3 la movida en la que tambi\u00e9n se destacar\u00edan Damas Gratis y Flor de Piedra. Muri\u00f3 a causa de un ACV.<\/p>\n<p>\u00abSe nos fue un grande, Juan Carlos Ponce (&#8216;el Monito&#8217;), primer cantante de Yerba Brava. Ahora descansa en paz. Nuestro m\u00e1s sentido p\u00e9same a su familia y amigos, de parte de todos los que hacemos Yerba Brava, Q.E.P.D\u00bb, fue el mensaje del grupo, seg\u00fan public\u00f3 <em>Clar\u00edn.<\/em><\/p>\n","protected":false},"excerpt":{"rendered":"<p>Juan Carlos &laquo;El Mono&raquo; Ponce falleci&oacute; en un hospital de San Fernando, Buenos Aires. Junto con Damas Gratis y Flor de Piedra, el grupo fue pionero de ese estilo hace m&aacute;s de diez a&ntilde;os. Una de las voces emblem&aacute;ticas de la cumbia villera, el g&eacute;nero que tuvo su momento de mayor masividad a comienzos de [&hellip;]<\/p>\n","protected":false},"author":2,"featured_media":0,"comment_status":"open","ping_status":"open","sticky":false,"template":"","format":"standard","meta":{"fifu_image_url":"","fifu_image_alt":"","footnotes":""},"categories":[12],"tags":[],"class_list":{"0":"post-6110","1":"post","2":"type-post","3":"status-publish","4":"format-standard","6":"category-espectaculos"},"yoast_head":"<title>Muri\u00f3 el primer cantante del grupo de cumbia Yerba Brava - Informe Litoral<\/title>\n<meta name=\"robots\" content=\"index, follow, max-snippet:-1, max-image-preview:large, max-video-preview:-1\" \/>\n<link rel=\"canonical\" href=\"https:\/\/informelitoral.com.ar\/murio-el-primer-cantante-del-grupo-de-cumbia-yerba-brava\/\" \/>\n<meta property=\"og:locale\" content=\"es_ES\" \/>\n<meta property=\"og:type\" content=\"article\" \/>\n<meta property=\"og:title\" content=\"Muri\u00f3 el primer cantante del grupo de cumbia Yerba Brava - Informe Litoral\" \/>\n<meta property=\"og:description\" content=\"Juan Carlos &laquo;El Mono&raquo; Ponce falleci&oacute; en un hospital de San Fernando, Buenos Aires. Junto con Damas Gratis y Flor de Piedra, el grupo fue pionero de ese estilo hace m&aacute;s de diez a&ntilde;os. Una de las voces emblem&aacute;ticas de la cumbia villera, el g&eacute;nero que tuvo su momento de mayor masividad a comienzos de [&hellip;]\" \/>\n<meta property=\"og:url\" content=\"https:\/\/informelitoral.com.ar\/murio-el-primer-cantante-del-grupo-de-cumbia-yerba-brava\/\" \/>\n<meta property=\"og:site_name\" content=\"Informe Litoral\" \/>\n<meta property=\"article:publisher\" content=\"https:\/\/www.facebook.com\/informelitoral\/\" \/>\n<meta property=\"article:published_time\" content=\"2014-03-18T11:10:27+00:00\" \/>\n<meta property=\"og:image\" content=\"https:\/\/informelitoral.com.ar\/%77%70%2d%63%6f%6e%74%65%6e%74\/uploads\/2014\/03\/Carlos-Mono-Ponce-Hospital-Fernando_CLAIMA20140317_0163_4.jpg\" \/>\n\t<meta property=\"og:image:width\" content=\"526\" \/>\n\t<meta property=\"og:image:height\" content=\"296\" \/>\n\t<meta property=\"og:image:type\" content=\"image\/jpeg\" \/>\n<meta name=\"author\" content=\"Gonzalo Schmidt\" \/>\n<meta name=\"twitter:card\" content=\"summary_large_image\" \/>\n<meta name=\"twitter:creator\" content=\"@InformeLitoral\" \/>\n<meta name=\"twitter:site\" content=\"@InformeLitoral\" \/>\n<meta name=\"twitter:label1\" content=\"Escrito por\" \/>\n\t<meta name=\"twitter:data1\" content=\"Gonzalo Schmidt\" \/>\n\t<meta name=\"twitter:label2\" content=\"Tiempo de lectura\" \/>\n\t<meta name=\"twitter:data2\" content=\"1 minuto\" \/>\n<script type=\"application\/ld+json\" class=\"yoast-schema-graph\">{\"@context\":\"https:\\\/\\\/schema.org\",\"@graph\":[{\"@type\":\"Article\",\"@id\":\"https:\\\/\\\/informelitoral.com.ar\\\/murio-el-primer-cantante-del-grupo-de-cumbia-yerba-brava\\\/#article\",\"isPartOf\":{\"@id\":\"https:\\\/\\\/informelitoral.com.ar\\\/murio-el-primer-cantante-del-grupo-de-cumbia-yerba-brava\\\/\"},\"author\":{\"name\":\"Gonzalo Schmidt\",\"@id\":\"https:\\\/\\\/informelitoral.com.ar\\\/#\\\/schema\\\/person\\\/b9d00407c836482871ef1d57bf8e3180\"},\"headline\":\"Muri\u00f3 el primer cantante del grupo de cumbia Yerba Brava\",\"datePublished\":\"2014-03-18T11:10:27+00:00\",\"mainEntityOfPage\":{\"@id\":\"https:\\\/\\\/informelitoral.com.ar\\\/murio-el-primer-cantante-del-grupo-de-cumbia-yerba-brava\\\/\"},\"wordCount\":182,\"commentCount\":0,\"publisher\":{\"@id\":\"https:\\\/\\\/informelitoral.com.ar\\\/#organization\"},\"image\":{\"@id\":\"https:\\\/\\\/informelitoral.com.ar\\\/murio-el-primer-cantante-del-grupo-de-cumbia-yerba-brava\\\/#primaryimage\"},\"thumbnailUrl\":\"http:\\\/\\\/www.isletasnoticias.com.ar\\\/%77%70%2d%63%6f%6e%74%65%6e%74\\\/uploads\\\/2014\\\/03\\\/Carlos-Mono-Ponce-Hospital-Fernando_CLAIMA20140317_0163_4-300x168.jpg\",\"articleSection\":[\"Espect\u00e1culos\"],\"inLanguage\":\"es\",\"potentialAction\":[{\"@type\":\"CommentAction\",\"name\":\"Comment\",\"target\":[\"https:\\\/\\\/informelitoral.com.ar\\\/murio-el-primer-cantante-del-grupo-de-cumbia-yerba-brava\\\/#respond\"]}]},{\"@type\":\"WebPage\",\"@id\":\"https:\\\/\\\/informelitoral.com.ar\\\/murio-el-primer-cantante-del-grupo-de-cumbia-yerba-brava\\\/\",\"url\":\"https:\\\/\\\/informelitoral.com.ar\\\/murio-el-primer-cantante-del-grupo-de-cumbia-yerba-brava\\\/\",\"name\":\"Muri\u00f3 el primer cantante del grupo de cumbia Yerba Brava - Informe Litoral\",\"isPartOf\":{\"@id\":\"https:\\\/\\\/informelitoral.com.ar\\\/#website\"},\"primaryImageOfPage\":{\"@id\":\"https:\\\/\\\/informelitoral.com.ar\\\/murio-el-primer-cantante-del-grupo-de-cumbia-yerba-brava\\\/#primaryimage\"},\"image\":{\"@id\":\"https:\\\/\\\/informelitoral.com.ar\\\/murio-el-primer-cantante-del-grupo-de-cumbia-yerba-brava\\\/#primaryimage\"},\"thumbnailUrl\":\"http:\\\/\\\/www.isletasnoticias.com.ar\\\/%77%70%2d%63%6f%6e%74%65%6e%74\\\/uploads\\\/2014\\\/03\\\/Carlos-Mono-Ponce-Hospital-Fernando_CLAIMA20140317_0163_4-300x168.jpg\",\"datePublished\":\"2014-03-18T11:10:27+00:00\",\"breadcrumb\":{\"@id\":\"https:\\\/\\\/informelitoral.com.ar\\\/murio-el-primer-cantante-del-grupo-de-cumbia-yerba-brava\\\/#breadcrumb\"},\"inLanguage\":\"es\",\"potentialAction\":[{\"@type\":\"ReadAction\",\"target\":[\"https:\\\/\\\/informelitoral.com.ar\\\/murio-el-primer-cantante-del-grupo-de-cumbia-yerba-brava\\\/\"]}]},{\"@type\":\"ImageObject\",\"inLanguage\":\"es\",\"@id\":\"https:\\\/\\\/informelitoral.com.ar\\\/murio-el-primer-cantante-del-grupo-de-cumbia-yerba-brava\\\/#primaryimage\",\"url\":\"http:\\\/\\\/www.isletasnoticias.com.ar\\\/%77%70%2d%63%6f%6e%74%65%6e%74\\\/uploads\\\/2014\\\/03\\\/Carlos-Mono-Ponce-Hospital-Fernando_CLAIMA20140317_0163_4-300x168.jpg\",\"contentUrl\":\"http:\\\/\\\/www.isletasnoticias.com.ar\\\/%77%70%2d%63%6f%6e%74%65%6e%74\\\/uploads\\\/2014\\\/03\\\/Carlos-Mono-Ponce-Hospital-Fernando_CLAIMA20140317_0163_4-300x168.jpg\"},{\"@type\":\"BreadcrumbList\",\"@id\":\"https:\\\/\\\/informelitoral.com.ar\\\/murio-el-primer-cantante-del-grupo-de-cumbia-yerba-brava\\\/#breadcrumb\",\"itemListElement\":[{\"@type\":\"ListItem\",\"position\":1,\"name\":\"Portada\",\"item\":\"https:\\\/\\\/informelitoral.com.ar\\\/\"},{\"@type\":\"ListItem\",\"position\":2,\"name\":\"Muri\u00f3 el primer cantante del grupo de cumbia Yerba Brava\"}]},{\"@type\":\"WebSite\",\"@id\":\"https:\\\/\\\/informelitoral.com.ar\\\/#website\",\"url\":\"https:\\\/\\\/informelitoral.com.ar\\\/\",\"name\":\"Informe Litoral\",\"description\":\"&quot;Nos informamos&quot; \",\"publisher\":{\"@id\":\"https:\\\/\\\/informelitoral.com.ar\\\/#organization\"},\"potentialAction\":[{\"@type\":\"SearchAction\",\"target\":{\"@type\":\"EntryPoint\",\"urlTemplate\":\"https:\\\/\\\/informelitoral.com.ar\\\/?s={search_term_string}\"},\"query-input\":{\"@type\":\"PropertyValueSpecification\",\"valueRequired\":true,\"valueName\":\"search_term_string\"}}],\"inLanguage\":\"es\"},{\"@type\":\"Organization\",\"@id\":\"https:\\\/\\\/informelitoral.com.ar\\\/#organization\",\"name\":\"Informe Litoral\",\"url\":\"https:\\\/\\\/informelitoral.com.ar\\\/\",\"logo\":{\"@type\":\"ImageObject\",\"inLanguage\":\"es\",\"@id\":\"https:\\\/\\\/informelitoral.com.ar\\\/#\\\/schema\\\/logo\\\/image\\\/\",\"url\":\"https:\\\/\\\/informelitoral.com.ar\\\/%77%70%2d%63%6f%6e%74%65%6e%74\\\/uploads\\\/2021\\\/01\\\/circulo.png\",\"contentUrl\":\"https:\\\/\\\/informelitoral.com.ar\\\/%77%70%2d%63%6f%6e%74%65%6e%74\\\/uploads\\\/2021\\\/01\\\/circulo.png\",\"width\":723,\"height\":731,\"caption\":\"Informe Litoral\"},\"image\":{\"@id\":\"https:\\\/\\\/informelitoral.com.ar\\\/#\\\/schema\\\/logo\\\/image\\\/\"},\"sameAs\":[\"https:\\\/\\\/www.facebook.com\\\/informelitoral\\\/\",\"https:\\\/\\\/x.com\\\/InformeLitoral\",\"https:\\\/\\\/www.instagram.com\\\/informelitoral\\\/\",\"https:\\\/\\\/www.youtube.com\\\/channel\\\/UCua4Qvz8Icb6MYqhoq9xLXw\"]},{\"@type\":\"Person\",\"@id\":\"https:\\\/\\\/informelitoral.com.ar\\\/#\\\/schema\\\/person\\\/b9d00407c836482871ef1d57bf8e3180\",\"name\":\"Gonzalo Schmidt\",\"image\":{\"@type\":\"ImageObject\",\"inLanguage\":\"es\",\"@id\":\"https:\\\/\\\/secure.gravatar.com\\\/avatar\\\/31a1a7b66ff2de83bd0e9fd79d026630d2d99e55e8bfe501287647b4fd9743de?s=96&d=mm&r=g\",\"url\":\"https:\\\/\\\/secure.gravatar.com\\\/avatar\\\/31a1a7b66ff2de83bd0e9fd79d026630d2d99e55e8bfe501287647b4fd9743de?s=96&d=mm&r=g\",\"contentUrl\":\"https:\\\/\\\/secure.gravatar.com\\\/avatar\\\/31a1a7b66ff2de83bd0e9fd79d026630d2d99e55e8bfe501287647b4fd9743de?s=96&d=mm&r=g\",\"caption\":\"Gonzalo Schmidt\"},\"description\":\"Sitio web de noticias de la provincia de Entre R\u00edos, Argentina. Informaci\u00f3n y entretenimiento. Informe Litoral, nos informamos.\",\"sameAs\":[\"http:\\\/\\\/www.isletasnoticias.com.ar\"],\"url\":\"https:\\\/\\\/informelitoral.com.ar\\\/author\\\/gonzalo\\\/\"}]}<\/script>","yoast_head_json":{"title":"Muri\u00f3 el primer cantante del grupo de cumbia Yerba Brava - Informe Litoral","robots":{"index":"index","follow":"follow","max-snippet":"max-snippet:-1","max-image-preview":"max-image-preview:large","max-video-preview":"max-video-preview:-1"},"canonical":"https:\/\/informelitoral.com.ar\/murio-el-primer-cantante-del-grupo-de-cumbia-yerba-brava\/","og_locale":"es_ES","og_type":"article","og_title":"Muri\u00f3 el primer cantante del grupo de cumbia Yerba Brava - Informe Litoral","og_description":"Juan Carlos &laquo;El Mono&raquo; Ponce falleci&oacute; en un hospital de San Fernando, Buenos Aires. Junto con Damas Gratis y Flor de Piedra, el grupo fue pionero de ese estilo hace m&aacute;s de diez a&ntilde;os. Una de las voces emblem&aacute;ticas de la cumbia villera, el g&eacute;nero que tuvo su momento de mayor masividad a comienzos de [&hellip;]","og_url":"https:\/\/informelitoral.com.ar\/murio-el-primer-cantante-del-grupo-de-cumbia-yerba-brava\/","og_site_name":"Informe Litoral","article_publisher":"https:\/\/www.facebook.com\/informelitoral\/","article_published_time":"2014-03-18T11:10:27+00:00","og_image":[{"width":526,"height":296,"url":"https:\/\/informelitoral.com.ar\/%77%70%2d%63%6f%6e%74%65%6e%74\/uploads\/2014\/03\/Carlos-Mono-Ponce-Hospital-Fernando_CLAIMA20140317_0163_4.jpg","type":"image\/jpeg"}],"author":"Gonzalo Schmidt","twitter_card":"summary_large_image","twitter_creator":"@InformeLitoral","twitter_site":"@InformeLitoral","twitter_misc":{"Escrito por":"Gonzalo Schmidt","Tiempo de lectura":"1 minuto"},"schema":{"@context":"https:\/\/schema.org","@graph":[{"@type":"Article","@id":"https:\/\/informelitoral.com.ar\/murio-el-primer-cantante-del-grupo-de-cumbia-yerba-brava\/#article","isPartOf":{"@id":"https:\/\/informelitoral.com.ar\/murio-el-primer-cantante-del-grupo-de-cumbia-yerba-brava\/"},"author":{"name":"Gonzalo Schmidt","@id":"https:\/\/informelitoral.com.ar\/#\/schema\/person\/b9d00407c836482871ef1d57bf8e3180"},"headline":"Muri\u00f3 el primer cantante del grupo de cumbia Yerba Brava","datePublished":"2014-03-18T11:10:27+00:00","mainEntityOfPage":{"@id":"https:\/\/informelitoral.com.ar\/murio-el-primer-cantante-del-grupo-de-cumbia-yerba-brava\/"},"wordCount":182,"commentCount":0,"publisher":{"@id":"https:\/\/informelitoral.com.ar\/#organization"},"image":{"@id":"https:\/\/informelitoral.com.ar\/murio-el-primer-cantante-del-grupo-de-cumbia-yerba-brava\/#primaryimage"},"thumbnailUrl":"http:\/\/www.isletasnoticias.com.ar\/%77%70%2d%63%6f%6e%74%65%6e%74\/uploads\/2014\/03\/Carlos-Mono-Ponce-Hospital-Fernando_CLAIMA20140317_0163_4-300x168.jpg","articleSection":["Espect\u00e1culos"],"inLanguage":"es","potentialAction":[{"@type":"CommentAction","name":"Comment","target":["https:\/\/informelitoral.com.ar\/murio-el-primer-cantante-del-grupo-de-cumbia-yerba-brava\/#respond"]}]},{"@type":"WebPage","@id":"https:\/\/informelitoral.com.ar\/murio-el-primer-cantante-del-grupo-de-cumbia-yerba-brava\/","url":"https:\/\/informelitoral.com.ar\/murio-el-primer-cantante-del-grupo-de-cumbia-yerba-brava\/","name":"Muri\u00f3 el primer cantante del grupo de cumbia Yerba Brava - Informe Litoral","isPartOf":{"@id":"https:\/\/informelitoral.com.ar\/#website"},"primaryImageOfPage":{"@id":"https:\/\/informelitoral.com.ar\/murio-el-primer-cantante-del-grupo-de-cumbia-yerba-brava\/#primaryimage"},"image":{"@id":"https:\/\/informelitoral.com.ar\/murio-el-primer-cantante-del-grupo-de-cumbia-yerba-brava\/#primaryimage"},"thumbnailUrl":"http:\/\/www.isletasnoticias.com.ar\/%77%70%2d%63%6f%6e%74%65%6e%74\/uploads\/2014\/03\/Carlos-Mono-Ponce-Hospital-Fernando_CLAIMA20140317_0163_4-300x168.jpg","datePublished":"2014-03-18T11:10:27+00:00","breadcrumb":{"@id":"https:\/\/informelitoral.com.ar\/murio-el-primer-cantante-del-grupo-de-cumbia-yerba-brava\/#breadcrumb"},"inLanguage":"es","potentialAction":[{"@type":"ReadAction","target":["https:\/\/informelitoral.com.ar\/murio-el-primer-cantante-del-grupo-de-cumbia-yerba-brava\/"]}]},{"@type":"ImageObject","inLanguage":"es","@id":"https:\/\/informelitoral.com.ar\/murio-el-primer-cantante-del-grupo-de-cumbia-yerba-brava\/#primaryimage","url":"http:\/\/www.isletasnoticias.com.ar\/%77%70%2d%63%6f%6e%74%65%6e%74\/uploads\/2014\/03\/Carlos-Mono-Ponce-Hospital-Fernando_CLAIMA20140317_0163_4-300x168.jpg","contentUrl":"http:\/\/www.isletasnoticias.com.ar\/%77%70%2d%63%6f%6e%74%65%6e%74\/uploads\/2014\/03\/Carlos-Mono-Ponce-Hospital-Fernando_CLAIMA20140317_0163_4-300x168.jpg"},{"@type":"BreadcrumbList","@id":"https:\/\/informelitoral.com.ar\/murio-el-primer-cantante-del-grupo-de-cumbia-yerba-brava\/#breadcrumb","itemListElement":[{"@type":"ListItem","position":1,"name":"Portada","item":"https:\/\/informelitoral.com.ar\/"},{"@type":"ListItem","position":2,"name":"Muri\u00f3 el primer cantante del grupo de cumbia Yerba Brava"}]},{"@type":"WebSite","@id":"https:\/\/informelitoral.com.ar\/#website","url":"https:\/\/informelitoral.com.ar\/","name":"Informe Litoral","description":"&quot;Nos informamos&quot; ","publisher":{"@id":"https:\/\/informelitoral.com.ar\/#organization"},"potentialAction":[{"@type":"SearchAction","target":{"@type":"EntryPoint","urlTemplate":"https:\/\/informelitoral.com.ar\/?s={search_term_string}"},"query-input":{"@type":"PropertyValueSpecification","valueRequired":true,"valueName":"search_term_string"}}],"inLanguage":"es"},{"@type":"Organization","@id":"https:\/\/informelitoral.com.ar\/#organization","name":"Informe Litoral","url":"https:\/\/informelitoral.com.ar\/","logo":{"@type":"ImageObject","inLanguage":"es","@id":"https:\/\/informelitoral.com.ar\/#\/schema\/logo\/image\/","url":"https:\/\/informelitoral.com.ar\/%77%70%2d%63%6f%6e%74%65%6e%74\/uploads\/2021\/01\/circulo.png","contentUrl":"https:\/\/informelitoral.com.ar\/%77%70%2d%63%6f%6e%74%65%6e%74\/uploads\/2021\/01\/circulo.png","width":723,"height":731,"caption":"Informe Litoral"},"image":{"@id":"https:\/\/informelitoral.com.ar\/#\/schema\/logo\/image\/"},"sameAs":["https:\/\/www.facebook.com\/informelitoral\/","https:\/\/x.com\/InformeLitoral","https:\/\/www.instagram.com\/informelitoral\/","https:\/\/www.youtube.com\/channel\/UCua4Qvz8Icb6MYqhoq9xLXw"]},{"@type":"Person","@id":"https:\/\/informelitoral.com.ar\/#\/schema\/person\/b9d00407c836482871ef1d57bf8e3180","name":"Gonzalo Schmidt","image":{"@type":"ImageObject","inLanguage":"es","@id":"https:\/\/secure.gravatar.com\/avatar\/31a1a7b66ff2de83bd0e9fd79d026630d2d99e55e8bfe501287647b4fd9743de?s=96&d=mm&r=g","url":"https:\/\/secure.gravatar.com\/avatar\/31a1a7b66ff2de83bd0e9fd79d026630d2d99e55e8bfe501287647b4fd9743de?s=96&d=mm&r=g","contentUrl":"https:\/\/secure.gravatar.com\/avatar\/31a1a7b66ff2de83bd0e9fd79d026630d2d99e55e8bfe501287647b4fd9743de?s=96&d=mm&r=g","caption":"Gonzalo Schmidt"},"description":"Sitio web de noticias de la provincia de Entre R\u00edos, Argentina. Informaci\u00f3n y entretenimiento. Informe Litoral, nos informamos.","sameAs":["http:\/\/www.isletasnoticias.com.ar"],"url":"https:\/\/informelitoral.com.ar\/author\/gonzalo\/"}]}},"_links":{"self":[{"href":"https:\/\/informelitoral.com.ar\/%77%70%2d%6a%73%6f%6e\/wp\/v2\/posts\/6110","targetHints":{"allow":["GET"]}}],"collection":[{"href":"https:\/\/informelitoral.com.ar\/%77%70%2d%6a%73%6f%6e\/wp\/v2\/posts"}],"about":[{"href":"https:\/\/informelitoral.com.ar\/%77%70%2d%6a%73%6f%6e\/wp\/v2\/types\/post"}],"author":[{"embeddable":true,"href":"https:\/\/informelitoral.com.ar\/%77%70%2d%6a%73%6f%6e\/wp\/v2\/users\/2"}],"replies":[{"embeddable":true,"href":"https:\/\/informelitoral.com.ar\/%77%70%2d%6a%73%6f%6e\/wp\/v2\/comments?post=6110"}],"version-history":[{"count":0,"href":"https:\/\/informelitoral.com.ar\/%77%70%2d%6a%73%6f%6e\/wp\/v2\/posts\/6110\/revisions"}],"wp:attachment":[{"href":"https:\/\/informelitoral.com.ar\/%77%70%2d%6a%73%6f%6e\/wp\/v2\/media?parent=6110"}],"wp:term":[{"taxonomy":"category","embeddable":true,"href":"https:\/\/informelitoral.com.ar\/%77%70%2d%6a%73%6f%6e\/wp\/v2\/categories?post=6110"},{"taxonomy":"post_tag","embeddable":true,"href":"https:\/\/informelitoral.com.ar\/%77%70%2d%6a%73%6f%6e\/wp\/v2\/tags?post=6110"}],"curies":[{"name":"wp","href":"https:\/\/api.w.org\/{rel}","templated":true}]}}