{"id":6107,"date":"2014-03-17T22:45:03","date_gmt":"2014-03-18T01:45:03","guid":{"rendered":"http:\/\/www.isletasnoticias.com.ar\/?p=6107"},"modified":"2014-03-17T22:45:03","modified_gmt":"2014-03-18T01:45:03","slug":"evaluan-positivamente-la-marcha-del-progresar-en-diamante%e2%80%8f","status":"publish","type":"post","link":"https:\/\/informelitoral.com.ar\/evaluan-positivamente-la-marcha-del-progresar-en-diamante%e2%80%8f\/","title":{"rendered":"Eval\u00faan positivamente la marcha del Progresar en Diamante\u200f"},"content":{"rendered":"<p><strong>La Municipalidad de Diamante comenz\u00f3 en febrero con la inscripci\u00f3n de postulantes, y ya hay j\u00f3venes percibiendo el beneficio. Desde la Oficina de Empleo confirmaron que existen \u201cmuchos inscriptos\u201d.\u00a0Todav\u00eda est\u00e1 abierta la inscripci\u00f3n.<\/strong><\/p>\n<p><a href=\"http:\/\/www.isletasnoticias.com.ar\/%77%70%2d%63%6f%6e%74%65%6e%74\/uploads\/2014\/03\/20140203Progresar1.jpg\"><img loading=\"lazy\" decoding=\"async\" class=\"aligncenter size-medium wp-image-6108\" alt=\"20140203Progresar1\" src=\"http:\/\/www.isletasnoticias.com.ar\/%77%70%2d%63%6f%6e%74%65%6e%74\/uploads\/2014\/03\/20140203Progresar1-300x225.jpg\" width=\"300\" height=\"225\" srcset=\"https:\/\/informelitoral.com.ar\/%77%70%2d%63%6f%6e%74%65%6e%74\/uploads\/2014\/03\/20140203Progresar1-300x225.jpg 300w, https:\/\/informelitoral.com.ar\/%77%70%2d%63%6f%6e%74%65%6e%74\/uploads\/2014\/03\/20140203Progresar1.jpg 600w\" sizes=\"auto, (max-width: 300px) 100vw, 300px\" \/><\/a><\/p>\n<p>\u201cLa inscripci\u00f3n sigue. Recibimos los formularios con la documentaci\u00f3n y se env\u00edan a Desarrollo Social de la Provincia, que colabora con la Anses con la carga de datos\u201d, informaron.<\/p>\n<p>Seg\u00fan consign\u00f3 <em>Neo Net Music<\/em>, desde la comuna ratificaron que algunos j\u00f3venes que hicieron las tramitaciones en febrero ya est\u00e1n percibiendo el beneficio. \u201cLos primeros en inscribirse y presentar la documentaci\u00f3n ya est\u00e1n cobrando, y les avisaron a trav\u00e9s de mensaje de texto\u201d, dijeron desde Empleo.<\/p>\n<p><strong>Inscripciones<\/strong><\/p>\n<p>Las inscripciones contin\u00faan de lunes a viernes, de 8.00 a 13.00 en la Oficina de Empleo, Belgrano 607 de esa ciudad.<\/p>\n<p>Si es soltero, debe presentar fotocopia DNI suyo y de sus padres; si es casado, debe presentar el suyo y el de su c\u00f3nyuge.<\/p>\n<p>Si es conviviente, debe acercarse a la oficina con la fotocopia de su documento y de su c\u00f3nyuge, pero adem\u00e1s debe anexarle la informaci\u00f3n sumaria de convivencia, que se gestiona en Juzgado de Paz o en la Polic\u00eda.<\/p>\n<p>El Programa cuenta con su Unidad Operativa Provincial, que est\u00e1 constituida por todos los \u00f3rganos del gobierno entrerriano y es coordinada por el Ministerio de Desarrollo Social, con el objetivo de llegar a cada entrerriano en condiciones de sumarse al programa.<\/p>\n<p><strong>El programa<\/strong><\/p>\n<p>Progresar es un nuevo derecho que tienen los j\u00f3venes entre los 18 y 24 a\u00f1os para iniciar o completar sus estudios en cualquier nivel educativo. El requisito es que su trabajo sea informal o tenga un salario menor al m\u00ednimo vital y m\u00f3vil y su grupo familiar posea iguales condiciones. Se trata de una prestaci\u00f3n econ\u00f3mica universal de 600 pesos por mes para los j\u00f3venes.<\/p>\n<p><strong>Red de tutores<\/strong><\/p>\n<p>Desde la Provincia informaron que m\u00e1s de 4.600 j\u00f3venes comenzaron a cobrar el aporte del Progresar en Entre R\u00edos y otros 2.600 tienen luz verde para incorporarse al programa. Se estima que ser\u00e1n m\u00e1s de 20.000 los incluidos en el plan en los pr\u00f3ximos meses. Con estas proyecciones, la provincia proyecta una red de tutores solidarios que acompa\u00f1e a los j\u00f3venes en este proceso de capacitaci\u00f3n.<\/p>\n","protected":false},"excerpt":{"rendered":"<p>La Municipalidad de Diamante comenz&oacute; en febrero con la inscripci&oacute;n de postulantes, y ya hay j&oacute;venes percibiendo el beneficio. Desde la Oficina de Empleo confirmaron que existen &ldquo;muchos inscriptos&rdquo;.&nbsp;Todav&iacute;a est&aacute; abierta la inscripci&oacute;n. &ldquo;La inscripci&oacute;n sigue. Recibimos los formularios con la documentaci&oacute;n y se env&iacute;an a Desarrollo Social de la Provincia, que colabora con la [&hellip;]<\/p>\n","protected":false},"author":2,"featured_media":0,"comment_status":"open","ping_status":"open","sticky":false,"template":"","format":"standard","meta":{"fifu_image_url":"","fifu_image_alt":"","footnotes":""},"categories":[5,9],"tags":[],"class_list":{"0":"post-6107","1":"post","2":"type-post","3":"status-publish","4":"format-standard","6":"category-zonales","7":"category-sociedad"},"yoast_head":"<title>Eval\u00faan positivamente la marcha del Progresar en Diamante\u200f - Informe Litoral<\/title>\n<meta name=\"robots\" content=\"index, follow, max-snippet:-1, max-image-preview:large, max-video-preview:-1\" \/>\n<link rel=\"canonical\" href=\"https:\/\/informelitoral.com.ar\/evaluan-positivamente-la-marcha-del-progresar-en-diamante\u200f\/\" \/>\n<meta property=\"og:locale\" content=\"es_ES\" \/>\n<meta property=\"og:type\" content=\"article\" \/>\n<meta property=\"og:title\" content=\"Eval\u00faan positivamente la marcha del Progresar en Diamante\u200f - Informe Litoral\" \/>\n<meta property=\"og:description\" content=\"La Municipalidad de Diamante comenz&oacute; en febrero con la inscripci&oacute;n de postulantes, y ya hay j&oacute;venes percibiendo el beneficio. Desde la Oficina de Empleo confirmaron que existen &ldquo;muchos inscriptos&rdquo;.&nbsp;Todav&iacute;a est&aacute; abierta la inscripci&oacute;n. &ldquo;La inscripci&oacute;n sigue. Recibimos los formularios con la documentaci&oacute;n y se env&iacute;an a Desarrollo Social de la Provincia, que colabora con la [&hellip;]\" \/>\n<meta property=\"og:url\" content=\"https:\/\/informelitoral.com.ar\/evaluan-positivamente-la-marcha-del-progresar-en-diamante\u200f\/\" \/>\n<meta property=\"og:site_name\" content=\"Informe Litoral\" \/>\n<meta property=\"article:publisher\" content=\"https:\/\/www.facebook.com\/informelitoral\/\" \/>\n<meta property=\"article:published_time\" content=\"2014-03-18T01:45:03+00:00\" \/>\n<meta property=\"og:image\" content=\"https:\/\/informelitoral.com.ar\/%77%70%2d%63%6f%6e%74%65%6e%74\/uploads\/2014\/03\/20140203Progresar1.jpg\" \/>\n\t<meta property=\"og:image:width\" content=\"600\" \/>\n\t<meta property=\"og:image:height\" content=\"451\" \/>\n\t<meta property=\"og:image:type\" content=\"image\/jpeg\" \/>\n<meta name=\"author\" content=\"Gonzalo Schmidt\" \/>\n<meta name=\"twitter:card\" content=\"summary_large_image\" \/>\n<meta name=\"twitter:creator\" content=\"@InformeLitoral\" \/>\n<meta name=\"twitter:site\" content=\"@InformeLitoral\" \/>\n<meta name=\"twitter:label1\" content=\"Escrito por\" \/>\n\t<meta name=\"twitter:data1\" content=\"Gonzalo Schmidt\" \/>\n\t<meta name=\"twitter:label2\" content=\"Tiempo de lectura\" \/>\n\t<meta name=\"twitter:data2\" content=\"2 minutos\" \/>\n<script type=\"application\/ld+json\" class=\"yoast-schema-graph\">{\"@context\":\"https:\\\/\\\/schema.org\",\"@graph\":[{\"@type\":\"Article\",\"@id\":\"https:\\\/\\\/informelitoral.com.ar\\\/evaluan-positivamente-la-marcha-del-progresar-en-diamante%e2%80%8f\\\/#article\",\"isPartOf\":{\"@id\":\"https:\\\/\\\/informelitoral.com.ar\\\/evaluan-positivamente-la-marcha-del-progresar-en-diamante%e2%80%8f\\\/\"},\"author\":{\"name\":\"Gonzalo Schmidt\",\"@id\":\"https:\\\/\\\/informelitoral.com.ar\\\/#\\\/schema\\\/person\\\/b9d00407c836482871ef1d57bf8e3180\"},\"headline\":\"Eval\u00faan positivamente la marcha del Progresar en Diamante\u200f\",\"datePublished\":\"2014-03-18T01:45:03+00:00\",\"mainEntityOfPage\":{\"@id\":\"https:\\\/\\\/informelitoral.com.ar\\\/evaluan-positivamente-la-marcha-del-progresar-en-diamante%e2%80%8f\\\/\"},\"wordCount\":405,\"commentCount\":0,\"publisher\":{\"@id\":\"https:\\\/\\\/informelitoral.com.ar\\\/#organization\"},\"image\":{\"@id\":\"https:\\\/\\\/informelitoral.com.ar\\\/evaluan-positivamente-la-marcha-del-progresar-en-diamante%e2%80%8f\\\/#primaryimage\"},\"thumbnailUrl\":\"http:\\\/\\\/www.isletasnoticias.com.ar\\\/%77%70%2d%63%6f%6e%74%65%6e%74\\\/uploads\\\/2014\\\/03\\\/20140203Progresar1-300x225.jpg\",\"articleSection\":[\"Departamento Diamante\",\"Sociedad\"],\"inLanguage\":\"es\",\"potentialAction\":[{\"@type\":\"CommentAction\",\"name\":\"Comment\",\"target\":[\"https:\\\/\\\/informelitoral.com.ar\\\/evaluan-positivamente-la-marcha-del-progresar-en-diamante%e2%80%8f\\\/#respond\"]}]},{\"@type\":\"WebPage\",\"@id\":\"https:\\\/\\\/informelitoral.com.ar\\\/evaluan-positivamente-la-marcha-del-progresar-en-diamante%e2%80%8f\\\/\",\"url\":\"https:\\\/\\\/informelitoral.com.ar\\\/evaluan-positivamente-la-marcha-del-progresar-en-diamante%e2%80%8f\\\/\",\"name\":\"Eval\u00faan positivamente la marcha del Progresar en Diamante\u200f - Informe Litoral\",\"isPartOf\":{\"@id\":\"https:\\\/\\\/informelitoral.com.ar\\\/#website\"},\"primaryImageOfPage\":{\"@id\":\"https:\\\/\\\/informelitoral.com.ar\\\/evaluan-positivamente-la-marcha-del-progresar-en-diamante%e2%80%8f\\\/#primaryimage\"},\"image\":{\"@id\":\"https:\\\/\\\/informelitoral.com.ar\\\/evaluan-positivamente-la-marcha-del-progresar-en-diamante%e2%80%8f\\\/#primaryimage\"},\"thumbnailUrl\":\"http:\\\/\\\/www.isletasnoticias.com.ar\\\/%77%70%2d%63%6f%6e%74%65%6e%74\\\/uploads\\\/2014\\\/03\\\/20140203Progresar1-300x225.jpg\",\"datePublished\":\"2014-03-18T01:45:03+00:00\",\"breadcrumb\":{\"@id\":\"https:\\\/\\\/informelitoral.com.ar\\\/evaluan-positivamente-la-marcha-del-progresar-en-diamante%e2%80%8f\\\/#breadcrumb\"},\"inLanguage\":\"es\",\"potentialAction\":[{\"@type\":\"ReadAction\",\"target\":[\"https:\\\/\\\/informelitoral.com.ar\\\/evaluan-positivamente-la-marcha-del-progresar-en-diamante%e2%80%8f\\\/\"]}]},{\"@type\":\"ImageObject\",\"inLanguage\":\"es\",\"@id\":\"https:\\\/\\\/informelitoral.com.ar\\\/evaluan-positivamente-la-marcha-del-progresar-en-diamante%e2%80%8f\\\/#primaryimage\",\"url\":\"http:\\\/\\\/www.isletasnoticias.com.ar\\\/%77%70%2d%63%6f%6e%74%65%6e%74\\\/uploads\\\/2014\\\/03\\\/20140203Progresar1-300x225.jpg\",\"contentUrl\":\"http:\\\/\\\/www.isletasnoticias.com.ar\\\/%77%70%2d%63%6f%6e%74%65%6e%74\\\/uploads\\\/2014\\\/03\\\/20140203Progresar1-300x225.jpg\"},{\"@type\":\"BreadcrumbList\",\"@id\":\"https:\\\/\\\/informelitoral.com.ar\\\/evaluan-positivamente-la-marcha-del-progresar-en-diamante%e2%80%8f\\\/#breadcrumb\",\"itemListElement\":[{\"@type\":\"ListItem\",\"position\":1,\"name\":\"Portada\",\"item\":\"https:\\\/\\\/informelitoral.com.ar\\\/\"},{\"@type\":\"ListItem\",\"position\":2,\"name\":\"Eval\u00faan positivamente la marcha del Progresar en Diamante\u200f\"}]},{\"@type\":\"WebSite\",\"@id\":\"https:\\\/\\\/informelitoral.com.ar\\\/#website\",\"url\":\"https:\\\/\\\/informelitoral.com.ar\\\/\",\"name\":\"Informe Litoral\",\"description\":\"&quot;Nos informamos&quot; \",\"publisher\":{\"@id\":\"https:\\\/\\\/informelitoral.com.ar\\\/#organization\"},\"potentialAction\":[{\"@type\":\"SearchAction\",\"target\":{\"@type\":\"EntryPoint\",\"urlTemplate\":\"https:\\\/\\\/informelitoral.com.ar\\\/?s={search_term_string}\"},\"query-input\":{\"@type\":\"PropertyValueSpecification\",\"valueRequired\":true,\"valueName\":\"search_term_string\"}}],\"inLanguage\":\"es\"},{\"@type\":\"Organization\",\"@id\":\"https:\\\/\\\/informelitoral.com.ar\\\/#organization\",\"name\":\"Informe Litoral\",\"url\":\"https:\\\/\\\/informelitoral.com.ar\\\/\",\"logo\":{\"@type\":\"ImageObject\",\"inLanguage\":\"es\",\"@id\":\"https:\\\/\\\/informelitoral.com.ar\\\/#\\\/schema\\\/logo\\\/image\\\/\",\"url\":\"https:\\\/\\\/informelitoral.com.ar\\\/%77%70%2d%63%6f%6e%74%65%6e%74\\\/uploads\\\/2021\\\/01\\\/circulo.png\",\"contentUrl\":\"https:\\\/\\\/informelitoral.com.ar\\\/%77%70%2d%63%6f%6e%74%65%6e%74\\\/uploads\\\/2021\\\/01\\\/circulo.png\",\"width\":723,\"height\":731,\"caption\":\"Informe Litoral\"},\"image\":{\"@id\":\"https:\\\/\\\/informelitoral.com.ar\\\/#\\\/schema\\\/logo\\\/image\\\/\"},\"sameAs\":[\"https:\\\/\\\/www.facebook.com\\\/informelitoral\\\/\",\"https:\\\/\\\/x.com\\\/InformeLitoral\",\"https:\\\/\\\/www.instagram.com\\\/informelitoral\\\/\",\"https:\\\/\\\/www.youtube.com\\\/channel\\\/UCua4Qvz8Icb6MYqhoq9xLXw\"]},{\"@type\":\"Person\",\"@id\":\"https:\\\/\\\/informelitoral.com.ar\\\/#\\\/schema\\\/person\\\/b9d00407c836482871ef1d57bf8e3180\",\"name\":\"Gonzalo Schmidt\",\"image\":{\"@type\":\"ImageObject\",\"inLanguage\":\"es\",\"@id\":\"https:\\\/\\\/secure.gravatar.com\\\/avatar\\\/31a1a7b66ff2de83bd0e9fd79d026630d2d99e55e8bfe501287647b4fd9743de?s=96&d=mm&r=g\",\"url\":\"https:\\\/\\\/secure.gravatar.com\\\/avatar\\\/31a1a7b66ff2de83bd0e9fd79d026630d2d99e55e8bfe501287647b4fd9743de?s=96&d=mm&r=g\",\"contentUrl\":\"https:\\\/\\\/secure.gravatar.com\\\/avatar\\\/31a1a7b66ff2de83bd0e9fd79d026630d2d99e55e8bfe501287647b4fd9743de?s=96&d=mm&r=g\",\"caption\":\"Gonzalo Schmidt\"},\"description\":\"Sitio web de noticias de la provincia de Entre R\u00edos, Argentina. Informaci\u00f3n y entretenimiento. Informe Litoral, nos informamos.\",\"sameAs\":[\"http:\\\/\\\/www.isletasnoticias.com.ar\"],\"url\":\"https:\\\/\\\/informelitoral.com.ar\\\/author\\\/gonzalo\\\/\"}]}<\/script>","yoast_head_json":{"title":"Eval\u00faan positivamente la marcha del Progresar en Diamante\u200f - Informe Litoral","robots":{"index":"index","follow":"follow","max-snippet":"max-snippet:-1","max-image-preview":"max-image-preview:large","max-video-preview":"max-video-preview:-1"},"canonical":"https:\/\/informelitoral.com.ar\/evaluan-positivamente-la-marcha-del-progresar-en-diamante\u200f\/","og_locale":"es_ES","og_type":"article","og_title":"Eval\u00faan positivamente la marcha del Progresar en Diamante\u200f - Informe Litoral","og_description":"La Municipalidad de Diamante comenz&oacute; en febrero con la inscripci&oacute;n de postulantes, y ya hay j&oacute;venes percibiendo el beneficio. Desde la Oficina de Empleo confirmaron que existen &ldquo;muchos inscriptos&rdquo;.&nbsp;Todav&iacute;a est&aacute; abierta la inscripci&oacute;n. &ldquo;La inscripci&oacute;n sigue. Recibimos los formularios con la documentaci&oacute;n y se env&iacute;an a Desarrollo Social de la Provincia, que colabora con la [&hellip;]","og_url":"https:\/\/informelitoral.com.ar\/evaluan-positivamente-la-marcha-del-progresar-en-diamante\u200f\/","og_site_name":"Informe Litoral","article_publisher":"https:\/\/www.facebook.com\/informelitoral\/","article_published_time":"2014-03-18T01:45:03+00:00","og_image":[{"width":600,"height":451,"url":"https:\/\/informelitoral.com.ar\/%77%70%2d%63%6f%6e%74%65%6e%74\/uploads\/2014\/03\/20140203Progresar1.jpg","type":"image\/jpeg"}],"author":"Gonzalo Schmidt","twitter_card":"summary_large_image","twitter_creator":"@InformeLitoral","twitter_site":"@InformeLitoral","twitter_misc":{"Escrito por":"Gonzalo Schmidt","Tiempo de lectura":"2 minutos"},"schema":{"@context":"https:\/\/schema.org","@graph":[{"@type":"Article","@id":"https:\/\/informelitoral.com.ar\/evaluan-positivamente-la-marcha-del-progresar-en-diamante%e2%80%8f\/#article","isPartOf":{"@id":"https:\/\/informelitoral.com.ar\/evaluan-positivamente-la-marcha-del-progresar-en-diamante%e2%80%8f\/"},"author":{"name":"Gonzalo Schmidt","@id":"https:\/\/informelitoral.com.ar\/#\/schema\/person\/b9d00407c836482871ef1d57bf8e3180"},"headline":"Eval\u00faan positivamente la marcha del Progresar en Diamante\u200f","datePublished":"2014-03-18T01:45:03+00:00","mainEntityOfPage":{"@id":"https:\/\/informelitoral.com.ar\/evaluan-positivamente-la-marcha-del-progresar-en-diamante%e2%80%8f\/"},"wordCount":405,"commentCount":0,"publisher":{"@id":"https:\/\/informelitoral.com.ar\/#organization"},"image":{"@id":"https:\/\/informelitoral.com.ar\/evaluan-positivamente-la-marcha-del-progresar-en-diamante%e2%80%8f\/#primaryimage"},"thumbnailUrl":"http:\/\/www.isletasnoticias.com.ar\/%77%70%2d%63%6f%6e%74%65%6e%74\/uploads\/2014\/03\/20140203Progresar1-300x225.jpg","articleSection":["Departamento Diamante","Sociedad"],"inLanguage":"es","potentialAction":[{"@type":"CommentAction","name":"Comment","target":["https:\/\/informelitoral.com.ar\/evaluan-positivamente-la-marcha-del-progresar-en-diamante%e2%80%8f\/#respond"]}]},{"@type":"WebPage","@id":"https:\/\/informelitoral.com.ar\/evaluan-positivamente-la-marcha-del-progresar-en-diamante%e2%80%8f\/","url":"https:\/\/informelitoral.com.ar\/evaluan-positivamente-la-marcha-del-progresar-en-diamante%e2%80%8f\/","name":"Eval\u00faan positivamente la marcha del Progresar en Diamante\u200f - Informe Litoral","isPartOf":{"@id":"https:\/\/informelitoral.com.ar\/#website"},"primaryImageOfPage":{"@id":"https:\/\/informelitoral.com.ar\/evaluan-positivamente-la-marcha-del-progresar-en-diamante%e2%80%8f\/#primaryimage"},"image":{"@id":"https:\/\/informelitoral.com.ar\/evaluan-positivamente-la-marcha-del-progresar-en-diamante%e2%80%8f\/#primaryimage"},"thumbnailUrl":"http:\/\/www.isletasnoticias.com.ar\/%77%70%2d%63%6f%6e%74%65%6e%74\/uploads\/2014\/03\/20140203Progresar1-300x225.jpg","datePublished":"2014-03-18T01:45:03+00:00","breadcrumb":{"@id":"https:\/\/informelitoral.com.ar\/evaluan-positivamente-la-marcha-del-progresar-en-diamante%e2%80%8f\/#breadcrumb"},"inLanguage":"es","potentialAction":[{"@type":"ReadAction","target":["https:\/\/informelitoral.com.ar\/evaluan-positivamente-la-marcha-del-progresar-en-diamante%e2%80%8f\/"]}]},{"@type":"ImageObject","inLanguage":"es","@id":"https:\/\/informelitoral.com.ar\/evaluan-positivamente-la-marcha-del-progresar-en-diamante%e2%80%8f\/#primaryimage","url":"http:\/\/www.isletasnoticias.com.ar\/%77%70%2d%63%6f%6e%74%65%6e%74\/uploads\/2014\/03\/20140203Progresar1-300x225.jpg","contentUrl":"http:\/\/www.isletasnoticias.com.ar\/%77%70%2d%63%6f%6e%74%65%6e%74\/uploads\/2014\/03\/20140203Progresar1-300x225.jpg"},{"@type":"BreadcrumbList","@id":"https:\/\/informelitoral.com.ar\/evaluan-positivamente-la-marcha-del-progresar-en-diamante%e2%80%8f\/#breadcrumb","itemListElement":[{"@type":"ListItem","position":1,"name":"Portada","item":"https:\/\/informelitoral.com.ar\/"},{"@type":"ListItem","position":2,"name":"Eval\u00faan positivamente la marcha del Progresar en Diamante\u200f"}]},{"@type":"WebSite","@id":"https:\/\/informelitoral.com.ar\/#website","url":"https:\/\/informelitoral.com.ar\/","name":"Informe Litoral","description":"&quot;Nos informamos&quot; ","publisher":{"@id":"https:\/\/informelitoral.com.ar\/#organization"},"potentialAction":[{"@type":"SearchAction","target":{"@type":"EntryPoint","urlTemplate":"https:\/\/informelitoral.com.ar\/?s={search_term_string}"},"query-input":{"@type":"PropertyValueSpecification","valueRequired":true,"valueName":"search_term_string"}}],"inLanguage":"es"},{"@type":"Organization","@id":"https:\/\/informelitoral.com.ar\/#organization","name":"Informe Litoral","url":"https:\/\/informelitoral.com.ar\/","logo":{"@type":"ImageObject","inLanguage":"es","@id":"https:\/\/informelitoral.com.ar\/#\/schema\/logo\/image\/","url":"https:\/\/informelitoral.com.ar\/%77%70%2d%63%6f%6e%74%65%6e%74\/uploads\/2021\/01\/circulo.png","contentUrl":"https:\/\/informelitoral.com.ar\/%77%70%2d%63%6f%6e%74%65%6e%74\/uploads\/2021\/01\/circulo.png","width":723,"height":731,"caption":"Informe Litoral"},"image":{"@id":"https:\/\/informelitoral.com.ar\/#\/schema\/logo\/image\/"},"sameAs":["https:\/\/www.facebook.com\/informelitoral\/","https:\/\/x.com\/InformeLitoral","https:\/\/www.instagram.com\/informelitoral\/","https:\/\/www.youtube.com\/channel\/UCua4Qvz8Icb6MYqhoq9xLXw"]},{"@type":"Person","@id":"https:\/\/informelitoral.com.ar\/#\/schema\/person\/b9d00407c836482871ef1d57bf8e3180","name":"Gonzalo Schmidt","image":{"@type":"ImageObject","inLanguage":"es","@id":"https:\/\/secure.gravatar.com\/avatar\/31a1a7b66ff2de83bd0e9fd79d026630d2d99e55e8bfe501287647b4fd9743de?s=96&d=mm&r=g","url":"https:\/\/secure.gravatar.com\/avatar\/31a1a7b66ff2de83bd0e9fd79d026630d2d99e55e8bfe501287647b4fd9743de?s=96&d=mm&r=g","contentUrl":"https:\/\/secure.gravatar.com\/avatar\/31a1a7b66ff2de83bd0e9fd79d026630d2d99e55e8bfe501287647b4fd9743de?s=96&d=mm&r=g","caption":"Gonzalo Schmidt"},"description":"Sitio web de noticias de la provincia de Entre R\u00edos, Argentina. Informaci\u00f3n y entretenimiento. Informe Litoral, nos informamos.","sameAs":["http:\/\/www.isletasnoticias.com.ar"],"url":"https:\/\/informelitoral.com.ar\/author\/gonzalo\/"}]}},"_links":{"self":[{"href":"https:\/\/informelitoral.com.ar\/%77%70%2d%6a%73%6f%6e\/wp\/v2\/posts\/6107","targetHints":{"allow":["GET"]}}],"collection":[{"href":"https:\/\/informelitoral.com.ar\/%77%70%2d%6a%73%6f%6e\/wp\/v2\/posts"}],"about":[{"href":"https:\/\/informelitoral.com.ar\/%77%70%2d%6a%73%6f%6e\/wp\/v2\/types\/post"}],"author":[{"embeddable":true,"href":"https:\/\/informelitoral.com.ar\/%77%70%2d%6a%73%6f%6e\/wp\/v2\/users\/2"}],"replies":[{"embeddable":true,"href":"https:\/\/informelitoral.com.ar\/%77%70%2d%6a%73%6f%6e\/wp\/v2\/comments?post=6107"}],"version-history":[{"count":0,"href":"https:\/\/informelitoral.com.ar\/%77%70%2d%6a%73%6f%6e\/wp\/v2\/posts\/6107\/revisions"}],"wp:attachment":[{"href":"https:\/\/informelitoral.com.ar\/%77%70%2d%6a%73%6f%6e\/wp\/v2\/media?parent=6107"}],"wp:term":[{"taxonomy":"category","embeddable":true,"href":"https:\/\/informelitoral.com.ar\/%77%70%2d%6a%73%6f%6e\/wp\/v2\/categories?post=6107"},{"taxonomy":"post_tag","embeddable":true,"href":"https:\/\/informelitoral.com.ar\/%77%70%2d%6a%73%6f%6e\/wp\/v2\/tags?post=6107"}],"curies":[{"name":"wp","href":"https:\/\/api.w.org\/{rel}","templated":true}]}}