{"id":6104,"date":"2014-03-17T22:29:21","date_gmt":"2014-03-18T01:29:21","guid":{"rendered":"http:\/\/www.isletasnoticias.com.ar\/?p=6104"},"modified":"2014-03-17T22:29:40","modified_gmt":"2014-03-18T01:29:40","slug":"cristina-dio-detalles-de-su-encuentro-con-el-papa-francisco","status":"publish","type":"post","link":"https:\/\/informelitoral.com.ar\/cristina-dio-detalles-de-su-encuentro-con-el-papa-francisco\/","title":{"rendered":"Cristina Kirchner dio detalles de su encuentro con el Papa Francisco"},"content":{"rendered":"<div><strong>La presidente se refiri\u00f3 al encuentro de dos horas y media con Francisco. \u00abFue una charla muy buena\u00bb, destac\u00f3 y advirti\u00f3 que el Sumo Pont\u00edfice \u00abse mostr\u00f3 preocupado por la desocupaci\u00f3n juvenil en el mundo\u00bb.<\/strong><\/div>\n<div>\n<div>\n<div><\/div>\n<div><a><img loading=\"lazy\" decoding=\"async\" title=\"Cristina dio detalles de su encuentro con el Papa Francisco | Minutouno.com\" alt=\"Cristina dio detalles de su encuentro con el Papa Francisco\" src=\"http:\/\/www.minutouno.com\/adjuntos\/150\/imagenes\/003\/919\/0003919694.jpg\" width=\"602\" height=\"339\" \/><\/a><\/div>\n<div><\/div>\n<div><\/div>\n<div>\n<p>La presidente <strong>Cristina Kirchner<\/strong> destac\u00f3 que con el papa Francisco \u00abhubo un lenguaje com\u00fan\u00bb, al tiempo que se\u00f1al\u00f3 que el Sumo Pont\u00edfice \u00abse mostr\u00f3 preocupado por la desocupaci\u00f3n juvenil en el mundo\u00bb.<\/p>\n<p>En ese marco, la presidente dijo que con el Papa dialogaron sobre \u00abla paz en el mundo y un tema que lo preocupa y lo desvela, que es la falta de trabajo en el sector de la juventud\u00bb.<\/p>\n<p>\u00abEn el encuentro que tuvimos le cont\u00e9 como implementamos el Plan Progresar en el pa\u00eds y me dijo las cifras incre\u00edbles de la desocupaci\u00f3n en Europa. Ambos coincidimos en que la exclusi\u00f3n mata\u00bb, agreg\u00f3 la mandataria.<\/p>\n<p>Ante la consulta sobre si analizaron la problem\u00e1tica del narcotr\u00e1fico, Cristina respondi\u00f3: \u00abNo hablamos de ese tema. Francisco dijo que la exclusi\u00f3n es uno de los motivos principales de la inseguridad\u00bb.<\/p>\n<p>Adem\u00e1s, calific\u00f3 de \u00abmuy buena\u00bb a la segunda audiencia que mantuvo con el Sumo Pont\u00edfice en la Residencia de Santa Marta. \u00abMe remarc\u00f3 la necesidad de que los pa\u00edses de Latinoam\u00e9rica se mantengan unidos\u00bb, cont\u00f3 la jefa de Estado.<\/p>\n<p>En ese contexto, evit\u00f3 hablar de la pol\u00edtica dom\u00e9stica y cont\u00f3 que en las pr\u00f3ximas horas viajar\u00e1 a Francia para participar de la inauguraci\u00f3n del Sal\u00f3n del Libro.<\/p>\n<p>Previamente, la santa sede hab\u00eda informado sobre el encuentro a trav\u00e9s de un comunicado, en el que indic\u00f3 que \u00abel objetivo de la visita ha sido saludar al Santo Padre, y ofrecerle los mejores deseos y sentimientos de afecto del pueblo argentino en ocasi\u00f3n del primer a\u00f1o de su pontificado\u00bb.<\/p>\n<p>El informe sosten\u00eda adem\u00e1s que Francisco recibi\u00f3 a la presidente y a la delegaci\u00f3n en la puerta de la Casa de Santa Marta en torno a las 13.10 y que cerca de las 13.30 almorzaron juntos en privado.<\/p>\n<p>Previo al encuentro entre Cristina y Francisco, el canciller <strong>H\u00e9ctor Timerman<\/strong> mantuvo una reuni\u00f3n con el secretario de Estado del Vaticano, cardenal <strong>Pietro Parolin<\/strong>, acompa\u00f1ado por el secretario de Culto, <strong>Guillermo Oliveri.<\/strong><\/p>\n<p>Esta fue la tercera reuni\u00f3n entre ambos: el primer encuentro aconteci\u00f3 el 18 de marzo del a\u00f1o pasado en el Vaticano, cinco d\u00edas despu\u00e9s de la sorpresiva elecci\u00f3n como papa del ex arzobispo de Buenos Aires, y un d\u00eda antes de la misa de entronizaci\u00f3n como obispo de Roma y jefe del Estado vaticano, a la que acudieron numerosos l\u00edderes del mundo.<\/p>\n<p>En aquella reuni\u00f3n, que consisti\u00f3 en un almuerzo a solas que se extendi\u00f3 durante m\u00e1s de dos horas, la mandataria le pidi\u00f3 su \u00abintermediaci\u00f3n\u00bb en el pedido de di\u00e1logo a Gran Breta\u00f1a por la soberan\u00eda argentina sobre las Islas Malvinas.<\/p>\n<p>Cuatro meses m\u00e1s tarde, el 28 de julio, Cristina y Francisco coincidieron en R\u00edo de Janeiro (Brasil), en el marco de la XXVIII Jornada Mundial de la Juventud.<\/p>\n<p>Posteriormente, en octubre de 2013, el Papa le envi\u00f3 un telegrama a la Presidenta -reci\u00e9n operada de un hematoma subdural- para desearle el \u00abtotal restablecimiento de su salud\u00bb y pidi\u00e9ndole a la Virgen \u00abque la fortalezca para que pueda volver a sus responsabilidades cotidianas\u00bb.<\/p>\n<p>Cristina fue la primera mandataria recibida por Francisco durante su papado y ahora tambi\u00e9n es la primera jefa de Estado en reunirse con \u00e9l tras cumplirse el primer a\u00f1o de pontificado.<\/p>\n<p>Fuente: <em>MinutoUno<\/em><\/p>\n<\/div>\n<\/div>\n<\/div>\n<div><\/div>\n","protected":false},"excerpt":{"rendered":"<p>La presidente se refiri&oacute; al encuentro de dos horas y media con Francisco. &laquo;Fue una charla muy buena&raquo;, destac&oacute; y advirti&oacute; que el Sumo Pont&iacute;fice &laquo;se mostr&oacute; preocupado por la desocupaci&oacute;n juvenil en el mundo&raquo;. La presidente Cristina Kirchner destac&oacute; que con el papa Francisco &laquo;hubo un lenguaje com&uacute;n&raquo;, al tiempo que se&ntilde;al&oacute; que el [&hellip;]<\/p>\n","protected":false},"author":2,"featured_media":0,"comment_status":"open","ping_status":"open","sticky":false,"template":"","format":"standard","meta":{"fifu_image_url":"","fifu_image_alt":"","footnotes":""},"categories":[8],"tags":[],"class_list":{"0":"post-6104","1":"post","2":"type-post","3":"status-publish","4":"format-standard","6":"category-internacionales"},"yoast_head":"<title>Cristina Kirchner dio detalles de su encuentro con el Papa Francisco - Informe Litoral<\/title>\n<meta name=\"robots\" content=\"index, follow, max-snippet:-1, max-image-preview:large, max-video-preview:-1\" \/>\n<link rel=\"canonical\" href=\"https:\/\/informelitoral.com.ar\/cristina-dio-detalles-de-su-encuentro-con-el-papa-francisco\/\" \/>\n<meta property=\"og:locale\" content=\"es_ES\" \/>\n<meta property=\"og:type\" content=\"article\" \/>\n<meta property=\"og:title\" content=\"Cristina Kirchner dio detalles de su encuentro con el Papa Francisco - Informe Litoral\" \/>\n<meta property=\"og:description\" content=\"La presidente se refiri&oacute; al encuentro de dos horas y media con Francisco. &laquo;Fue una charla muy buena&raquo;, destac&oacute; y advirti&oacute; que el Sumo Pont&iacute;fice &laquo;se mostr&oacute; preocupado por la desocupaci&oacute;n juvenil en el mundo&raquo;. La presidente Cristina Kirchner destac&oacute; que con el papa Francisco &laquo;hubo un lenguaje com&uacute;n&raquo;, al tiempo que se&ntilde;al&oacute; que el [&hellip;]\" \/>\n<meta property=\"og:url\" content=\"https:\/\/informelitoral.com.ar\/cristina-dio-detalles-de-su-encuentro-con-el-papa-francisco\/\" \/>\n<meta property=\"og:site_name\" content=\"Informe Litoral\" \/>\n<meta property=\"article:publisher\" content=\"https:\/\/www.facebook.com\/informelitoral\/\" \/>\n<meta property=\"article:published_time\" content=\"2014-03-18T01:29:21+00:00\" \/>\n<meta property=\"article:modified_time\" content=\"2014-03-18T01:29:40+00:00\" \/>\n<meta property=\"og:image\" content=\"http:\/\/www.minutouno.com\/adjuntos\/150\/imagenes\/003\/919\/0003919694.jpg\" \/>\n<meta name=\"author\" content=\"Gonzalo Schmidt\" \/>\n<meta name=\"twitter:card\" content=\"summary_large_image\" \/>\n<meta name=\"twitter:creator\" content=\"@InformeLitoral\" \/>\n<meta name=\"twitter:site\" content=\"@InformeLitoral\" \/>\n<meta name=\"twitter:label1\" content=\"Escrito por\" \/>\n\t<meta name=\"twitter:data1\" content=\"Gonzalo Schmidt\" \/>\n\t<meta name=\"twitter:label2\" content=\"Tiempo de lectura\" \/>\n\t<meta name=\"twitter:data2\" content=\"3 minutos\" \/>\n<script type=\"application\/ld+json\" class=\"yoast-schema-graph\">{\"@context\":\"https:\\\/\\\/schema.org\",\"@graph\":[{\"@type\":\"Article\",\"@id\":\"https:\\\/\\\/informelitoral.com.ar\\\/cristina-dio-detalles-de-su-encuentro-con-el-papa-francisco\\\/#article\",\"isPartOf\":{\"@id\":\"https:\\\/\\\/informelitoral.com.ar\\\/cristina-dio-detalles-de-su-encuentro-con-el-papa-francisco\\\/\"},\"author\":{\"name\":\"Gonzalo Schmidt\",\"@id\":\"https:\\\/\\\/informelitoral.com.ar\\\/#\\\/schema\\\/person\\\/b9d00407c836482871ef1d57bf8e3180\"},\"headline\":\"Cristina Kirchner dio detalles de su encuentro con el Papa Francisco\",\"datePublished\":\"2014-03-18T01:29:21+00:00\",\"dateModified\":\"2014-03-18T01:29:40+00:00\",\"mainEntityOfPage\":{\"@id\":\"https:\\\/\\\/informelitoral.com.ar\\\/cristina-dio-detalles-de-su-encuentro-con-el-papa-francisco\\\/\"},\"wordCount\":624,\"commentCount\":0,\"publisher\":{\"@id\":\"https:\\\/\\\/informelitoral.com.ar\\\/#organization\"},\"image\":{\"@id\":\"https:\\\/\\\/informelitoral.com.ar\\\/cristina-dio-detalles-de-su-encuentro-con-el-papa-francisco\\\/#primaryimage\"},\"thumbnailUrl\":\"http:\\\/\\\/www.minutouno.com\\\/adjuntos\\\/150\\\/imagenes\\\/003\\\/919\\\/0003919694.jpg\",\"articleSection\":[\"Internacionales\"],\"inLanguage\":\"es\",\"potentialAction\":[{\"@type\":\"CommentAction\",\"name\":\"Comment\",\"target\":[\"https:\\\/\\\/informelitoral.com.ar\\\/cristina-dio-detalles-de-su-encuentro-con-el-papa-francisco\\\/#respond\"]}]},{\"@type\":\"WebPage\",\"@id\":\"https:\\\/\\\/informelitoral.com.ar\\\/cristina-dio-detalles-de-su-encuentro-con-el-papa-francisco\\\/\",\"url\":\"https:\\\/\\\/informelitoral.com.ar\\\/cristina-dio-detalles-de-su-encuentro-con-el-papa-francisco\\\/\",\"name\":\"Cristina Kirchner dio detalles de su encuentro con el Papa Francisco - Informe Litoral\",\"isPartOf\":{\"@id\":\"https:\\\/\\\/informelitoral.com.ar\\\/#website\"},\"primaryImageOfPage\":{\"@id\":\"https:\\\/\\\/informelitoral.com.ar\\\/cristina-dio-detalles-de-su-encuentro-con-el-papa-francisco\\\/#primaryimage\"},\"image\":{\"@id\":\"https:\\\/\\\/informelitoral.com.ar\\\/cristina-dio-detalles-de-su-encuentro-con-el-papa-francisco\\\/#primaryimage\"},\"thumbnailUrl\":\"http:\\\/\\\/www.minutouno.com\\\/adjuntos\\\/150\\\/imagenes\\\/003\\\/919\\\/0003919694.jpg\",\"datePublished\":\"2014-03-18T01:29:21+00:00\",\"dateModified\":\"2014-03-18T01:29:40+00:00\",\"breadcrumb\":{\"@id\":\"https:\\\/\\\/informelitoral.com.ar\\\/cristina-dio-detalles-de-su-encuentro-con-el-papa-francisco\\\/#breadcrumb\"},\"inLanguage\":\"es\",\"potentialAction\":[{\"@type\":\"ReadAction\",\"target\":[\"https:\\\/\\\/informelitoral.com.ar\\\/cristina-dio-detalles-de-su-encuentro-con-el-papa-francisco\\\/\"]}]},{\"@type\":\"ImageObject\",\"inLanguage\":\"es\",\"@id\":\"https:\\\/\\\/informelitoral.com.ar\\\/cristina-dio-detalles-de-su-encuentro-con-el-papa-francisco\\\/#primaryimage\",\"url\":\"http:\\\/\\\/www.minutouno.com\\\/adjuntos\\\/150\\\/imagenes\\\/003\\\/919\\\/0003919694.jpg\",\"contentUrl\":\"http:\\\/\\\/www.minutouno.com\\\/adjuntos\\\/150\\\/imagenes\\\/003\\\/919\\\/0003919694.jpg\"},{\"@type\":\"BreadcrumbList\",\"@id\":\"https:\\\/\\\/informelitoral.com.ar\\\/cristina-dio-detalles-de-su-encuentro-con-el-papa-francisco\\\/#breadcrumb\",\"itemListElement\":[{\"@type\":\"ListItem\",\"position\":1,\"name\":\"Portada\",\"item\":\"https:\\\/\\\/informelitoral.com.ar\\\/\"},{\"@type\":\"ListItem\",\"position\":2,\"name\":\"Cristina Kirchner dio detalles de su encuentro con el Papa Francisco\"}]},{\"@type\":\"WebSite\",\"@id\":\"https:\\\/\\\/informelitoral.com.ar\\\/#website\",\"url\":\"https:\\\/\\\/informelitoral.com.ar\\\/\",\"name\":\"Informe Litoral\",\"description\":\"&quot;Nos informamos&quot; \",\"publisher\":{\"@id\":\"https:\\\/\\\/informelitoral.com.ar\\\/#organization\"},\"potentialAction\":[{\"@type\":\"SearchAction\",\"target\":{\"@type\":\"EntryPoint\",\"urlTemplate\":\"https:\\\/\\\/informelitoral.com.ar\\\/?s={search_term_string}\"},\"query-input\":{\"@type\":\"PropertyValueSpecification\",\"valueRequired\":true,\"valueName\":\"search_term_string\"}}],\"inLanguage\":\"es\"},{\"@type\":\"Organization\",\"@id\":\"https:\\\/\\\/informelitoral.com.ar\\\/#organization\",\"name\":\"Informe Litoral\",\"url\":\"https:\\\/\\\/informelitoral.com.ar\\\/\",\"logo\":{\"@type\":\"ImageObject\",\"inLanguage\":\"es\",\"@id\":\"https:\\\/\\\/informelitoral.com.ar\\\/#\\\/schema\\\/logo\\\/image\\\/\",\"url\":\"https:\\\/\\\/informelitoral.com.ar\\\/%77%70%2d%63%6f%6e%74%65%6e%74\\\/uploads\\\/2021\\\/01\\\/circulo.png\",\"contentUrl\":\"https:\\\/\\\/informelitoral.com.ar\\\/%77%70%2d%63%6f%6e%74%65%6e%74\\\/uploads\\\/2021\\\/01\\\/circulo.png\",\"width\":723,\"height\":731,\"caption\":\"Informe Litoral\"},\"image\":{\"@id\":\"https:\\\/\\\/informelitoral.com.ar\\\/#\\\/schema\\\/logo\\\/image\\\/\"},\"sameAs\":[\"https:\\\/\\\/www.facebook.com\\\/informelitoral\\\/\",\"https:\\\/\\\/x.com\\\/InformeLitoral\",\"https:\\\/\\\/www.instagram.com\\\/informelitoral\\\/\",\"https:\\\/\\\/www.youtube.com\\\/channel\\\/UCua4Qvz8Icb6MYqhoq9xLXw\"]},{\"@type\":\"Person\",\"@id\":\"https:\\\/\\\/informelitoral.com.ar\\\/#\\\/schema\\\/person\\\/b9d00407c836482871ef1d57bf8e3180\",\"name\":\"Gonzalo Schmidt\",\"image\":{\"@type\":\"ImageObject\",\"inLanguage\":\"es\",\"@id\":\"https:\\\/\\\/secure.gravatar.com\\\/avatar\\\/31a1a7b66ff2de83bd0e9fd79d026630d2d99e55e8bfe501287647b4fd9743de?s=96&d=mm&r=g\",\"url\":\"https:\\\/\\\/secure.gravatar.com\\\/avatar\\\/31a1a7b66ff2de83bd0e9fd79d026630d2d99e55e8bfe501287647b4fd9743de?s=96&d=mm&r=g\",\"contentUrl\":\"https:\\\/\\\/secure.gravatar.com\\\/avatar\\\/31a1a7b66ff2de83bd0e9fd79d026630d2d99e55e8bfe501287647b4fd9743de?s=96&d=mm&r=g\",\"caption\":\"Gonzalo Schmidt\"},\"description\":\"Sitio web de noticias de la provincia de Entre R\u00edos, Argentina. Informaci\u00f3n y entretenimiento. Informe Litoral, nos informamos.\",\"sameAs\":[\"http:\\\/\\\/www.isletasnoticias.com.ar\"],\"url\":\"https:\\\/\\\/informelitoral.com.ar\\\/author\\\/gonzalo\\\/\"}]}<\/script>","yoast_head_json":{"title":"Cristina Kirchner dio detalles de su encuentro con el Papa Francisco - Informe Litoral","robots":{"index":"index","follow":"follow","max-snippet":"max-snippet:-1","max-image-preview":"max-image-preview:large","max-video-preview":"max-video-preview:-1"},"canonical":"https:\/\/informelitoral.com.ar\/cristina-dio-detalles-de-su-encuentro-con-el-papa-francisco\/","og_locale":"es_ES","og_type":"article","og_title":"Cristina Kirchner dio detalles de su encuentro con el Papa Francisco - Informe Litoral","og_description":"La presidente se refiri&oacute; al encuentro de dos horas y media con Francisco. &laquo;Fue una charla muy buena&raquo;, destac&oacute; y advirti&oacute; que el Sumo Pont&iacute;fice &laquo;se mostr&oacute; preocupado por la desocupaci&oacute;n juvenil en el mundo&raquo;. La presidente Cristina Kirchner destac&oacute; que con el papa Francisco &laquo;hubo un lenguaje com&uacute;n&raquo;, al tiempo que se&ntilde;al&oacute; que el [&hellip;]","og_url":"https:\/\/informelitoral.com.ar\/cristina-dio-detalles-de-su-encuentro-con-el-papa-francisco\/","og_site_name":"Informe Litoral","article_publisher":"https:\/\/www.facebook.com\/informelitoral\/","article_published_time":"2014-03-18T01:29:21+00:00","article_modified_time":"2014-03-18T01:29:40+00:00","og_image":[{"url":"http:\/\/www.minutouno.com\/adjuntos\/150\/imagenes\/003\/919\/0003919694.jpg","type":"","width":"","height":""}],"author":"Gonzalo Schmidt","twitter_card":"summary_large_image","twitter_creator":"@InformeLitoral","twitter_site":"@InformeLitoral","twitter_misc":{"Escrito por":"Gonzalo Schmidt","Tiempo de lectura":"3 minutos"},"schema":{"@context":"https:\/\/schema.org","@graph":[{"@type":"Article","@id":"https:\/\/informelitoral.com.ar\/cristina-dio-detalles-de-su-encuentro-con-el-papa-francisco\/#article","isPartOf":{"@id":"https:\/\/informelitoral.com.ar\/cristina-dio-detalles-de-su-encuentro-con-el-papa-francisco\/"},"author":{"name":"Gonzalo Schmidt","@id":"https:\/\/informelitoral.com.ar\/#\/schema\/person\/b9d00407c836482871ef1d57bf8e3180"},"headline":"Cristina Kirchner dio detalles de su encuentro con el Papa Francisco","datePublished":"2014-03-18T01:29:21+00:00","dateModified":"2014-03-18T01:29:40+00:00","mainEntityOfPage":{"@id":"https:\/\/informelitoral.com.ar\/cristina-dio-detalles-de-su-encuentro-con-el-papa-francisco\/"},"wordCount":624,"commentCount":0,"publisher":{"@id":"https:\/\/informelitoral.com.ar\/#organization"},"image":{"@id":"https:\/\/informelitoral.com.ar\/cristina-dio-detalles-de-su-encuentro-con-el-papa-francisco\/#primaryimage"},"thumbnailUrl":"http:\/\/www.minutouno.com\/adjuntos\/150\/imagenes\/003\/919\/0003919694.jpg","articleSection":["Internacionales"],"inLanguage":"es","potentialAction":[{"@type":"CommentAction","name":"Comment","target":["https:\/\/informelitoral.com.ar\/cristina-dio-detalles-de-su-encuentro-con-el-papa-francisco\/#respond"]}]},{"@type":"WebPage","@id":"https:\/\/informelitoral.com.ar\/cristina-dio-detalles-de-su-encuentro-con-el-papa-francisco\/","url":"https:\/\/informelitoral.com.ar\/cristina-dio-detalles-de-su-encuentro-con-el-papa-francisco\/","name":"Cristina Kirchner dio detalles de su encuentro con el Papa Francisco - Informe Litoral","isPartOf":{"@id":"https:\/\/informelitoral.com.ar\/#website"},"primaryImageOfPage":{"@id":"https:\/\/informelitoral.com.ar\/cristina-dio-detalles-de-su-encuentro-con-el-papa-francisco\/#primaryimage"},"image":{"@id":"https:\/\/informelitoral.com.ar\/cristina-dio-detalles-de-su-encuentro-con-el-papa-francisco\/#primaryimage"},"thumbnailUrl":"http:\/\/www.minutouno.com\/adjuntos\/150\/imagenes\/003\/919\/0003919694.jpg","datePublished":"2014-03-18T01:29:21+00:00","dateModified":"2014-03-18T01:29:40+00:00","breadcrumb":{"@id":"https:\/\/informelitoral.com.ar\/cristina-dio-detalles-de-su-encuentro-con-el-papa-francisco\/#breadcrumb"},"inLanguage":"es","potentialAction":[{"@type":"ReadAction","target":["https:\/\/informelitoral.com.ar\/cristina-dio-detalles-de-su-encuentro-con-el-papa-francisco\/"]}]},{"@type":"ImageObject","inLanguage":"es","@id":"https:\/\/informelitoral.com.ar\/cristina-dio-detalles-de-su-encuentro-con-el-papa-francisco\/#primaryimage","url":"http:\/\/www.minutouno.com\/adjuntos\/150\/imagenes\/003\/919\/0003919694.jpg","contentUrl":"http:\/\/www.minutouno.com\/adjuntos\/150\/imagenes\/003\/919\/0003919694.jpg"},{"@type":"BreadcrumbList","@id":"https:\/\/informelitoral.com.ar\/cristina-dio-detalles-de-su-encuentro-con-el-papa-francisco\/#breadcrumb","itemListElement":[{"@type":"ListItem","position":1,"name":"Portada","item":"https:\/\/informelitoral.com.ar\/"},{"@type":"ListItem","position":2,"name":"Cristina Kirchner dio detalles de su encuentro con el Papa Francisco"}]},{"@type":"WebSite","@id":"https:\/\/informelitoral.com.ar\/#website","url":"https:\/\/informelitoral.com.ar\/","name":"Informe Litoral","description":"&quot;Nos informamos&quot; ","publisher":{"@id":"https:\/\/informelitoral.com.ar\/#organization"},"potentialAction":[{"@type":"SearchAction","target":{"@type":"EntryPoint","urlTemplate":"https:\/\/informelitoral.com.ar\/?s={search_term_string}"},"query-input":{"@type":"PropertyValueSpecification","valueRequired":true,"valueName":"search_term_string"}}],"inLanguage":"es"},{"@type":"Organization","@id":"https:\/\/informelitoral.com.ar\/#organization","name":"Informe Litoral","url":"https:\/\/informelitoral.com.ar\/","logo":{"@type":"ImageObject","inLanguage":"es","@id":"https:\/\/informelitoral.com.ar\/#\/schema\/logo\/image\/","url":"https:\/\/informelitoral.com.ar\/%77%70%2d%63%6f%6e%74%65%6e%74\/uploads\/2021\/01\/circulo.png","contentUrl":"https:\/\/informelitoral.com.ar\/%77%70%2d%63%6f%6e%74%65%6e%74\/uploads\/2021\/01\/circulo.png","width":723,"height":731,"caption":"Informe Litoral"},"image":{"@id":"https:\/\/informelitoral.com.ar\/#\/schema\/logo\/image\/"},"sameAs":["https:\/\/www.facebook.com\/informelitoral\/","https:\/\/x.com\/InformeLitoral","https:\/\/www.instagram.com\/informelitoral\/","https:\/\/www.youtube.com\/channel\/UCua4Qvz8Icb6MYqhoq9xLXw"]},{"@type":"Person","@id":"https:\/\/informelitoral.com.ar\/#\/schema\/person\/b9d00407c836482871ef1d57bf8e3180","name":"Gonzalo Schmidt","image":{"@type":"ImageObject","inLanguage":"es","@id":"https:\/\/secure.gravatar.com\/avatar\/31a1a7b66ff2de83bd0e9fd79d026630d2d99e55e8bfe501287647b4fd9743de?s=96&d=mm&r=g","url":"https:\/\/secure.gravatar.com\/avatar\/31a1a7b66ff2de83bd0e9fd79d026630d2d99e55e8bfe501287647b4fd9743de?s=96&d=mm&r=g","contentUrl":"https:\/\/secure.gravatar.com\/avatar\/31a1a7b66ff2de83bd0e9fd79d026630d2d99e55e8bfe501287647b4fd9743de?s=96&d=mm&r=g","caption":"Gonzalo Schmidt"},"description":"Sitio web de noticias de la provincia de Entre R\u00edos, Argentina. Informaci\u00f3n y entretenimiento. Informe Litoral, nos informamos.","sameAs":["http:\/\/www.isletasnoticias.com.ar"],"url":"https:\/\/informelitoral.com.ar\/author\/gonzalo\/"}]}},"_links":{"self":[{"href":"https:\/\/informelitoral.com.ar\/%77%70%2d%6a%73%6f%6e\/wp\/v2\/posts\/6104","targetHints":{"allow":["GET"]}}],"collection":[{"href":"https:\/\/informelitoral.com.ar\/%77%70%2d%6a%73%6f%6e\/wp\/v2\/posts"}],"about":[{"href":"https:\/\/informelitoral.com.ar\/%77%70%2d%6a%73%6f%6e\/wp\/v2\/types\/post"}],"author":[{"embeddable":true,"href":"https:\/\/informelitoral.com.ar\/%77%70%2d%6a%73%6f%6e\/wp\/v2\/users\/2"}],"replies":[{"embeddable":true,"href":"https:\/\/informelitoral.com.ar\/%77%70%2d%6a%73%6f%6e\/wp\/v2\/comments?post=6104"}],"version-history":[{"count":0,"href":"https:\/\/informelitoral.com.ar\/%77%70%2d%6a%73%6f%6e\/wp\/v2\/posts\/6104\/revisions"}],"wp:attachment":[{"href":"https:\/\/informelitoral.com.ar\/%77%70%2d%6a%73%6f%6e\/wp\/v2\/media?parent=6104"}],"wp:term":[{"taxonomy":"category","embeddable":true,"href":"https:\/\/informelitoral.com.ar\/%77%70%2d%6a%73%6f%6e\/wp\/v2\/categories?post=6104"},{"taxonomy":"post_tag","embeddable":true,"href":"https:\/\/informelitoral.com.ar\/%77%70%2d%6a%73%6f%6e\/wp\/v2\/tags?post=6104"}],"curies":[{"name":"wp","href":"https:\/\/api.w.org\/{rel}","templated":true}]}}